{"id":427279,"date":"2026-09-03T06:14:45","date_gmt":"2026-09-03T10:14:45","guid":{"rendered":"https:\/\/www.eldiario.net\/portal\/?p=427279"},"modified":"2026-09-03T06:14:45","modified_gmt":"2026-09-03T10:14:45","slug":"sinfonica-chuquiago-vuelve-a-la-tierra-media","status":"publish","type":"post","link":"https:\/\/www.eldiario.net\/portal\/2026\/09\/03\/sinfonica-chuquiago-vuelve-a-la-tierra-media\/","title":{"rendered":"Sinf\u00f3nica Chuquiago  vuelve a la Tierra Media"},"content":{"rendered":"<p>La Sinf\u00f3nica Chuquiago presentar\u00e1 este s\u00e1bado el concierto \u201cEl Hobbit y El Se\u00f1or de los Anillos: Regreso a la Tierra Media\u201d, como parte de su ciclo \u201cSinf\u00f3nica Chuquiago de Pel\u00edcula\u201d. El espect\u00e1culo tendr\u00e1 dos funciones, a las 15:00 y 19:30, en el Campo Ferial Chuquiago Marka.<\/p>\n<p>La presentaci\u00f3n estar\u00e1 dirigida por el maestro Christian Asturizaga y tendr\u00e1 como eje la m\u00fasica compuesta por Howard Shore para las adaptaciones cinematogr\u00e1ficas de las obras de J. R. R. Tolkien, dirigidas por Peter Jackson.<\/p>\n<p>El programa propone un recorrido musical por las trilog\u00edas de \u201cEl Hobbit\u201d y \u201cEl Se\u00f1or de los Anillos\u201d, mediante la interpretaci\u00f3n de algunas de las piezas m\u00e1s reconocidas de ambas sagas, entre ellas \u201cI See Fire\u201d, \u201cMay It Be\u201d, \u201cMisty Mountains\u201d, \u201cConcerning Hobbits\u201d, \u201cThe Fellowship Theme\u201d, \u201cInto the West\u201d y \u201cThe Last Goodbye\u201d.<\/p>\n<p>La puesta en escena reunir\u00e1 a m\u00e1s de 120 artistas e incluir\u00e1 orquesta y coro en vivo, proyecciones en pantalla gigante, iluminaci\u00f3n, narraci\u00f3n, performances, vestuario y coreograf\u00edas de acci\u00f3n.<\/p>\n<p>Las intervenciones esc\u00e9nicas estar\u00e1n encabezadas por Jedi Academy Bolivia junto con elencos invitados. Tambi\u00e9n participar\u00e1n como solistas Claudia Barr\u00f3n, Ismael Cabrera, Rayza Ortiz, Gisela Rodr\u00edguez y Bladimir Morales.<\/p>\n<p>El Coro Orffe\u00f3n \u201cVoces Nuevas\u201d formar\u00e1 parte del concierto, mientras que la artista Genoveva Duarte estar\u00e1 a cargo de la narraci\u00f3n en el papel de Galadriel.<\/p>\n<p>La m\u00fasica de Howard Shore constituye uno de los elementos centrales de las producciones cinematogr\u00e1ficas ambientadas en la Tierra Media y se caracteriza por el uso de temas asociados a personajes, lugares y acontecimientos, adem\u00e1s de una amplia construcci\u00f3n orquestal.<\/p>\n","protected":false},"excerpt":{"rendered":"<p>La Sinf\u00f3nica Chuquiago presentar\u00e1 este s\u00e1bado el concierto \u201cEl Hobbit y El Se\u00f1or de los Anillos: Regreso a la Tierra Media\u201d, como parte de su ciclo \u201cSinf\u00f3nica Chuquiago de Pel\u00edcula\u201d. El espect\u00e1culo tendr\u00e1 dos funciones, a las 15:00 y 19:30, en el Campo Ferial Chuquiago Marka. La presentaci\u00f3n estar\u00e1 dirigida por el maestro Christian Asturizaga [&hellip;]<\/p>\n","protected":false},"author":1,"featured_media":427280,"comment_status":"closed","ping_status":"open","sticky":false,"template":"","format":"standard","meta":{"_acf_changed":false,"footnotes":""},"categories":[8],"tags":[],"class_list":["post-427279","post","type-post","status-publish","format-standard","has-post-thumbnail","category-cultural"],"acf":{"antetitulo":""},"yoast_head":"<!-- This site is optimized with the Yoast SEO plugin v28.4 - https:\/\/yoast.com\/product\/yoast-seo-wordpress\/ -->\n<title>Sinf\u00f3nica Chuquiago vuelve a la Tierra Media - El Diario - Bolivia<\/title>\n<meta name=\"robots\" content=\"index, follow, max-snippet:-1, max-image-preview:large, max-video-preview:-1\" \/>\n<link rel=\"canonical\" href=\"https:\/\/www.eldiario.net\/portal\/2026\/09\/03\/sinfonica-chuquiago-vuelve-a-la-tierra-media\/\" \/>\n<meta property=\"og:locale\" content=\"es_ES\" \/>\n<meta property=\"og:type\" content=\"article\" \/>\n<meta property=\"og:title\" content=\"Sinf\u00f3nica Chuquiago vuelve a la Tierra Media - El Diario - Bolivia\" \/>\n<meta property=\"og:description\" content=\"La Sinf\u00f3nica Chuquiago presentar\u00e1 este s\u00e1bado el concierto \u201cEl Hobbit y El Se\u00f1or de los Anillos: Regreso a la Tierra Media\u201d, como parte de su ciclo \u201cSinf\u00f3nica Chuquiago de Pel\u00edcula\u201d. El espect\u00e1culo tendr\u00e1 dos funciones, a las 15:00 y 19:30, en el Campo Ferial Chuquiago Marka. La presentaci\u00f3n estar\u00e1 dirigida por el maestro Christian Asturizaga [&hellip;]\" \/>\n<meta property=\"og:url\" content=\"https:\/\/www.eldiario.net\/portal\/2026\/09\/03\/sinfonica-chuquiago-vuelve-a-la-tierra-media\/\" \/>\n<meta property=\"og:site_name\" content=\"El Diario - Bolivia\" \/>\n<meta property=\"article:publisher\" content=\"https:\/\/www.facebook.com\/eldiario.bolivia\/\" \/>\n<meta property=\"article:published_time\" content=\"2026-09-03T10:14:45+00:00\" \/>\n<meta property=\"og:image\" content=\"https:\/\/www.eldiario.net\/portal\/wp-content\/uploads\/2026\/09\/SINFONICA-FOTO.webp\" \/>\n\t<meta property=\"og:image:width\" content=\"1336\" \/>\n\t<meta property=\"og:image:height\" content=\"602\" \/>\n\t<meta property=\"og:image:type\" content=\"image\/webp\" \/>\n<meta name=\"author\" content=\"Jeanette\" \/>\n<meta name=\"twitter:card\" content=\"summary_large_image\" \/>\n<meta name=\"twitter:creator\" content=\"@eldiario_net\" \/>\n<meta name=\"twitter:site\" content=\"@eldiario_net\" \/>\n<meta name=\"twitter:label1\" content=\"Escrito por\" \/>\n\t<meta name=\"twitter:data1\" content=\"Jeanette\" \/>\n\t<meta name=\"twitter:label2\" content=\"Tiempo de lectura\" \/>\n\t<meta name=\"twitter:data2\" content=\"2 minutos\" \/>\n<script type=\"application\/ld+json\" class=\"yoast-schema-graph\">{\"@context\":\"https:\\\/\\\/schema.org\",\"@graph\":[{\"@type\":\"Article\",\"@id\":\"https:\\\/\\\/www.eldiario.net\\\/portal\\\/2026\\\/09\\\/03\\\/sinfonica-chuquiago-vuelve-a-la-tierra-media\\\/#article\",\"isPartOf\":{\"@id\":\"https:\\\/\\\/www.eldiario.net\\\/portal\\\/2026\\\/09\\\/03\\\/sinfonica-chuquiago-vuelve-a-la-tierra-media\\\/\"},\"author\":{\"name\":\"Jeanette\",\"@id\":\"https:\\\/\\\/www.eldiario.net\\\/portal\\\/#\\\/schema\\\/person\\\/f46445640444750d7d753ccd04ae01b7\"},\"headline\":\"Sinf\u00f3nica Chuquiago vuelve a la Tierra Media\",\"datePublished\":\"2026-09-03T10:14:45+00:00\",\"mainEntityOfPage\":{\"@id\":\"https:\\\/\\\/www.eldiario.net\\\/portal\\\/2026\\\/09\\\/03\\\/sinfonica-chuquiago-vuelve-a-la-tierra-media\\\/\"},\"wordCount\":292,\"publisher\":{\"@id\":\"https:\\\/\\\/www.eldiario.net\\\/portal\\\/#organization\"},\"image\":{\"@id\":\"https:\\\/\\\/www.eldiario.net\\\/portal\\\/2026\\\/09\\\/03\\\/sinfonica-chuquiago-vuelve-a-la-tierra-media\\\/#primaryimage\"},\"thumbnailUrl\":\"https:\\\/\\\/www.eldiario.net\\\/portal\\\/wp-content\\\/uploads\\\/2026\\\/09\\\/SINFONICA-FOTO.webp\",\"articleSection\":[\"Cultural\"],\"inLanguage\":\"es\"},{\"@type\":\"WebPage\",\"@id\":\"https:\\\/\\\/www.eldiario.net\\\/portal\\\/2026\\\/09\\\/03\\\/sinfonica-chuquiago-vuelve-a-la-tierra-media\\\/\",\"url\":\"https:\\\/\\\/www.eldiario.net\\\/portal\\\/2026\\\/09\\\/03\\\/sinfonica-chuquiago-vuelve-a-la-tierra-media\\\/\",\"name\":\"Sinf\u00f3nica Chuquiago vuelve a la Tierra Media - El Diario - Bolivia\",\"isPartOf\":{\"@id\":\"https:\\\/\\\/www.eldiario.net\\\/portal\\\/#website\"},\"primaryImageOfPage\":{\"@id\":\"https:\\\/\\\/www.eldiario.net\\\/portal\\\/2026\\\/09\\\/03\\\/sinfonica-chuquiago-vuelve-a-la-tierra-media\\\/#primaryimage\"},\"image\":{\"@id\":\"https:\\\/\\\/www.eldiario.net\\\/portal\\\/2026\\\/09\\\/03\\\/sinfonica-chuquiago-vuelve-a-la-tierra-media\\\/#primaryimage\"},\"thumbnailUrl\":\"https:\\\/\\\/www.eldiario.net\\\/portal\\\/wp-content\\\/uploads\\\/2026\\\/09\\\/SINFONICA-FOTO.webp\",\"datePublished\":\"2026-09-03T10:14:45+00:00\",\"breadcrumb\":{\"@id\":\"https:\\\/\\\/www.eldiario.net\\\/portal\\\/2026\\\/09\\\/03\\\/sinfonica-chuquiago-vuelve-a-la-tierra-media\\\/#breadcrumb\"},\"inLanguage\":\"es\",\"potentialAction\":[{\"@type\":\"ReadAction\",\"target\":[\"https:\\\/\\\/www.eldiario.net\\\/portal\\\/2026\\\/09\\\/03\\\/sinfonica-chuquiago-vuelve-a-la-tierra-media\\\/\"]}]},{\"@type\":\"ImageObject\",\"inLanguage\":\"es\",\"@id\":\"https:\\\/\\\/www.eldiario.net\\\/portal\\\/2026\\\/09\\\/03\\\/sinfonica-chuquiago-vuelve-a-la-tierra-media\\\/#primaryimage\",\"url\":\"https:\\\/\\\/www.eldiario.net\\\/portal\\\/wp-content\\\/uploads\\\/2026\\\/09\\\/SINFONICA-FOTO.webp\",\"contentUrl\":\"https:\\\/\\\/www.eldiario.net\\\/portal\\\/wp-content\\\/uploads\\\/2026\\\/09\\\/SINFONICA-FOTO.webp\",\"width\":1336,\"height\":602,\"caption\":\"Una escena de lo que el p\u00fablico podr\u00e1 apreciar este s\u00e1bado. Foto: OSCHM\"},{\"@type\":\"BreadcrumbList\",\"@id\":\"https:\\\/\\\/www.eldiario.net\\\/portal\\\/2026\\\/09\\\/03\\\/sinfonica-chuquiago-vuelve-a-la-tierra-media\\\/#breadcrumb\",\"itemListElement\":[{\"@type\":\"ListItem\",\"position\":1,\"name\":\"Portada\",\"item\":\"https:\\\/\\\/www.eldiario.net\\\/portal\\\/\"},{\"@type\":\"ListItem\",\"position\":2,\"name\":\"Sinf\u00f3nica Chuquiago vuelve a la Tierra Media\"}]},{\"@type\":\"WebSite\",\"@id\":\"https:\\\/\\\/www.eldiario.net\\\/portal\\\/#website\",\"url\":\"https:\\\/\\\/www.eldiario.net\\\/portal\\\/\",\"name\":\"El Diario - Decano de la prensa nacional\",\"description\":\"El Diario - Decano de la prensa nacional\",\"publisher\":{\"@id\":\"https:\\\/\\\/www.eldiario.net\\\/portal\\\/#organization\"},\"potentialAction\":[{\"@type\":\"SearchAction\",\"target\":{\"@type\":\"EntryPoint\",\"urlTemplate\":\"https:\\\/\\\/www.eldiario.net\\\/portal\\\/?s={search_term_string}\"},\"query-input\":{\"@type\":\"PropertyValueSpecification\",\"valueRequired\":true,\"valueName\":\"search_term_string\"}}],\"inLanguage\":\"es\"},{\"@type\":\"Organization\",\"@id\":\"https:\\\/\\\/www.eldiario.net\\\/portal\\\/#organization\",\"name\":\"El Diario - Decano de la prensa nacional\",\"url\":\"https:\\\/\\\/www.eldiario.net\\\/portal\\\/\",\"logo\":{\"@type\":\"ImageObject\",\"inLanguage\":\"es\",\"@id\":\"https:\\\/\\\/www.eldiario.net\\\/portal\\\/#\\\/schema\\\/logo\\\/image\\\/\",\"url\":\"https:\\\/\\\/www.eldiario.net\\\/portal\\\/wp-content\\\/uploads\\\/2023\\\/07\\\/logo_ED.jpg\",\"contentUrl\":\"https:\\\/\\\/www.eldiario.net\\\/portal\\\/wp-content\\\/uploads\\\/2023\\\/07\\\/logo_ED.jpg\",\"width\":272,\"height\":52,\"caption\":\"El Diario - Decano de la prensa nacional\"},\"image\":{\"@id\":\"https:\\\/\\\/www.eldiario.net\\\/portal\\\/#\\\/schema\\\/logo\\\/image\\\/\"},\"sameAs\":[\"https:\\\/\\\/www.facebook.com\\\/eldiario.bolivia\\\/\",\"https:\\\/\\\/x.com\\\/eldiario_net\"]},{\"@type\":\"Person\",\"@id\":\"https:\\\/\\\/www.eldiario.net\\\/portal\\\/#\\\/schema\\\/person\\\/f46445640444750d7d753ccd04ae01b7\",\"name\":\"Jeanette\",\"image\":{\"@type\":\"ImageObject\",\"inLanguage\":\"es\",\"@id\":\"https:\\\/\\\/secure.gravatar.com\\\/avatar\\\/3ea2118a5f7dad2b7138b1187a6b7ee55f160b9968b66013c3a3ef39dd7e5798?s=96&d=mm&r=g\",\"url\":\"https:\\\/\\\/secure.gravatar.com\\\/avatar\\\/3ea2118a5f7dad2b7138b1187a6b7ee55f160b9968b66013c3a3ef39dd7e5798?s=96&d=mm&r=g\",\"contentUrl\":\"https:\\\/\\\/secure.gravatar.com\\\/avatar\\\/3ea2118a5f7dad2b7138b1187a6b7ee55f160b9968b66013c3a3ef39dd7e5798?s=96&d=mm&r=g\",\"caption\":\"Jeanette\"},\"sameAs\":[\"https:\\\/\\\/www.eldiario.net\\\/portal\"],\"url\":\"https:\\\/\\\/www.eldiario.net\\\/portal\\\/author\\\/jeanette\\\/\"}]}<\/script>\n<!-- \/ Yoast SEO plugin. -->","yoast_head_json":{"title":"Sinf\u00f3nica Chuquiago vuelve a la Tierra Media - El Diario - Bolivia","robots":{"index":"index","follow":"follow","max-snippet":"max-snippet:-1","max-image-preview":"max-image-preview:large","max-video-preview":"max-video-preview:-1"},"canonical":"https:\/\/www.eldiario.net\/portal\/2026\/09\/03\/sinfonica-chuquiago-vuelve-a-la-tierra-media\/","og_locale":"es_ES","og_type":"article","og_title":"Sinf\u00f3nica Chuquiago vuelve a la Tierra Media - El Diario - Bolivia","og_description":"La Sinf\u00f3nica Chuquiago presentar\u00e1 este s\u00e1bado el concierto \u201cEl Hobbit y El Se\u00f1or de los Anillos: Regreso a la Tierra Media\u201d, como parte de su ciclo \u201cSinf\u00f3nica Chuquiago de Pel\u00edcula\u201d. El espect\u00e1culo tendr\u00e1 dos funciones, a las 15:00 y 19:30, en el Campo Ferial Chuquiago Marka. La presentaci\u00f3n estar\u00e1 dirigida por el maestro Christian Asturizaga [&hellip;]","og_url":"https:\/\/www.eldiario.net\/portal\/2026\/09\/03\/sinfonica-chuquiago-vuelve-a-la-tierra-media\/","og_site_name":"El Diario - Bolivia","article_publisher":"https:\/\/www.facebook.com\/eldiario.bolivia\/","article_published_time":"2026-09-03T10:14:45+00:00","og_image":[{"width":1336,"height":602,"url":"https:\/\/www.eldiario.net\/portal\/wp-content\/uploads\/2026\/09\/SINFONICA-FOTO.webp","type":"image\/webp"}],"author":"Jeanette","twitter_card":"summary_large_image","twitter_creator":"@eldiario_net","twitter_site":"@eldiario_net","twitter_misc":{"Escrito por":"Jeanette","Tiempo de lectura":"2 minutos"},"schema":{"@context":"https:\/\/schema.org","@graph":[{"@type":"Article","@id":"https:\/\/www.eldiario.net\/portal\/2026\/09\/03\/sinfonica-chuquiago-vuelve-a-la-tierra-media\/#article","isPartOf":{"@id":"https:\/\/www.eldiario.net\/portal\/2026\/09\/03\/sinfonica-chuquiago-vuelve-a-la-tierra-media\/"},"author":{"name":"Jeanette","@id":"https:\/\/www.eldiario.net\/portal\/#\/schema\/person\/f46445640444750d7d753ccd04ae01b7"},"headline":"Sinf\u00f3nica Chuquiago vuelve a la Tierra Media","datePublished":"2026-09-03T10:14:45+00:00","mainEntityOfPage":{"@id":"https:\/\/www.eldiario.net\/portal\/2026\/09\/03\/sinfonica-chuquiago-vuelve-a-la-tierra-media\/"},"wordCount":292,"publisher":{"@id":"https:\/\/www.eldiario.net\/portal\/#organization"},"image":{"@id":"https:\/\/www.eldiario.net\/portal\/2026\/09\/03\/sinfonica-chuquiago-vuelve-a-la-tierra-media\/#primaryimage"},"thumbnailUrl":"https:\/\/www.eldiario.net\/portal\/wp-content\/uploads\/2026\/09\/SINFONICA-FOTO.webp","articleSection":["Cultural"],"inLanguage":"es"},{"@type":"WebPage","@id":"https:\/\/www.eldiario.net\/portal\/2026\/09\/03\/sinfonica-chuquiago-vuelve-a-la-tierra-media\/","url":"https:\/\/www.eldiario.net\/portal\/2026\/09\/03\/sinfonica-chuquiago-vuelve-a-la-tierra-media\/","name":"Sinf\u00f3nica Chuquiago vuelve a la Tierra Media - El Diario - Bolivia","isPartOf":{"@id":"https:\/\/www.eldiario.net\/portal\/#website"},"primaryImageOfPage":{"@id":"https:\/\/www.eldiario.net\/portal\/2026\/09\/03\/sinfonica-chuquiago-vuelve-a-la-tierra-media\/#primaryimage"},"image":{"@id":"https:\/\/www.eldiario.net\/portal\/2026\/09\/03\/sinfonica-chuquiago-vuelve-a-la-tierra-media\/#primaryimage"},"thumbnailUrl":"https:\/\/www.eldiario.net\/portal\/wp-content\/uploads\/2026\/09\/SINFONICA-FOTO.webp","datePublished":"2026-09-03T10:14:45+00:00","breadcrumb":{"@id":"https:\/\/www.eldiario.net\/portal\/2026\/09\/03\/sinfonica-chuquiago-vuelve-a-la-tierra-media\/#breadcrumb"},"inLanguage":"es","potentialAction":[{"@type":"ReadAction","target":["https:\/\/www.eldiario.net\/portal\/2026\/09\/03\/sinfonica-chuquiago-vuelve-a-la-tierra-media\/"]}]},{"@type":"ImageObject","inLanguage":"es","@id":"https:\/\/www.eldiario.net\/portal\/2026\/09\/03\/sinfonica-chuquiago-vuelve-a-la-tierra-media\/#primaryimage","url":"https:\/\/www.eldiario.net\/portal\/wp-content\/uploads\/2026\/09\/SINFONICA-FOTO.webp","contentUrl":"https:\/\/www.eldiario.net\/portal\/wp-content\/uploads\/2026\/09\/SINFONICA-FOTO.webp","width":1336,"height":602,"caption":"Una escena de lo que el p\u00fablico podr\u00e1 apreciar este s\u00e1bado. Foto: OSCHM"},{"@type":"BreadcrumbList","@id":"https:\/\/www.eldiario.net\/portal\/2026\/09\/03\/sinfonica-chuquiago-vuelve-a-la-tierra-media\/#breadcrumb","itemListElement":[{"@type":"ListItem","position":1,"name":"Portada","item":"https:\/\/www.eldiario.net\/portal\/"},{"@type":"ListItem","position":2,"name":"Sinf\u00f3nica Chuquiago vuelve a la Tierra Media"}]},{"@type":"WebSite","@id":"https:\/\/www.eldiario.net\/portal\/#website","url":"https:\/\/www.eldiario.net\/portal\/","name":"El Diario - Decano de la prensa nacional","description":"El Diario - Decano de la prensa nacional","publisher":{"@id":"https:\/\/www.eldiario.net\/portal\/#organization"},"potentialAction":[{"@type":"SearchAction","target":{"@type":"EntryPoint","urlTemplate":"https:\/\/www.eldiario.net\/portal\/?s={search_term_string}"},"query-input":{"@type":"PropertyValueSpecification","valueRequired":true,"valueName":"search_term_string"}}],"inLanguage":"es"},{"@type":"Organization","@id":"https:\/\/www.eldiario.net\/portal\/#organization","name":"El Diario - Decano de la prensa nacional","url":"https:\/\/www.eldiario.net\/portal\/","logo":{"@type":"ImageObject","inLanguage":"es","@id":"https:\/\/www.eldiario.net\/portal\/#\/schema\/logo\/image\/","url":"https:\/\/www.eldiario.net\/portal\/wp-content\/uploads\/2023\/07\/logo_ED.jpg","contentUrl":"https:\/\/www.eldiario.net\/portal\/wp-content\/uploads\/2023\/07\/logo_ED.jpg","width":272,"height":52,"caption":"El Diario - Decano de la prensa nacional"},"image":{"@id":"https:\/\/www.eldiario.net\/portal\/#\/schema\/logo\/image\/"},"sameAs":["https:\/\/www.facebook.com\/eldiario.bolivia\/","https:\/\/x.com\/eldiario_net"]},{"@type":"Person","@id":"https:\/\/www.eldiario.net\/portal\/#\/schema\/person\/f46445640444750d7d753ccd04ae01b7","name":"Jeanette","image":{"@type":"ImageObject","inLanguage":"es","@id":"https:\/\/secure.gravatar.com\/avatar\/3ea2118a5f7dad2b7138b1187a6b7ee55f160b9968b66013c3a3ef39dd7e5798?s=96&d=mm&r=g","url":"https:\/\/secure.gravatar.com\/avatar\/3ea2118a5f7dad2b7138b1187a6b7ee55f160b9968b66013c3a3ef39dd7e5798?s=96&d=mm&r=g","contentUrl":"https:\/\/secure.gravatar.com\/avatar\/3ea2118a5f7dad2b7138b1187a6b7ee55f160b9968b66013c3a3ef39dd7e5798?s=96&d=mm&r=g","caption":"Jeanette"},"sameAs":["https:\/\/www.eldiario.net\/portal"],"url":"https:\/\/www.eldiario.net\/portal\/author\/jeanette\/"}]}},"_links":{"self":[{"href":"https:\/\/www.eldiario.net\/portal\/wp-json\/wp\/v2\/posts\/427279","targetHints":{"allow":["GET"]}}],"collection":[{"href":"https:\/\/www.eldiario.net\/portal\/wp-json\/wp\/v2\/posts"}],"about":[{"href":"https:\/\/www.eldiario.net\/portal\/wp-json\/wp\/v2\/types\/post"}],"author":[{"embeddable":true,"href":"https:\/\/www.eldiario.net\/portal\/wp-json\/wp\/v2\/users\/1"}],"replies":[{"embeddable":true,"href":"https:\/\/www.eldiario.net\/portal\/wp-json\/wp\/v2\/comments?post=427279"}],"version-history":[{"count":1,"href":"https:\/\/www.eldiario.net\/portal\/wp-json\/wp\/v2\/posts\/427279\/revisions"}],"predecessor-version":[{"id":427281,"href":"https:\/\/www.eldiario.net\/portal\/wp-json\/wp\/v2\/posts\/427279\/revisions\/427281"}],"wp:featuredmedia":[{"embeddable":true,"href":"https:\/\/www.eldiario.net\/portal\/wp-json\/wp\/v2\/media\/427280"}],"wp:attachment":[{"href":"https:\/\/www.eldiario.net\/portal\/wp-json\/wp\/v2\/media?parent=427279"}],"wp:term":[{"taxonomy":"category","embeddable":true,"href":"https:\/\/www.eldiario.net\/portal\/wp-json\/wp\/v2\/categories?post=427279"},{"taxonomy":"post_tag","embeddable":true,"href":"https:\/\/www.eldiario.net\/portal\/wp-json\/wp\/v2\/tags?post=427279"}],"curies":[{"name":"wp","href":"https:\/\/api.w.org\/{rel}","templated":true}]}}