{"id":427276,"date":"2026-09-03T06:13:25","date_gmt":"2026-09-03T10:13:25","guid":{"rendered":"https:\/\/www.eldiario.net\/portal\/?p=427276"},"modified":"2026-09-03T06:13:25","modified_gmt":"2026-09-03T10:13:25","slug":"asamblea-aprueba-ley-para-atender-bloqueos-en-santa-cruz","status":"publish","type":"post","link":"https:\/\/www.eldiario.net\/portal\/2026\/09\/03\/asamblea-aprueba-ley-para-atender-bloqueos-en-santa-cruz\/","title":{"rendered":"Asamblea aprueba ley para  atender bloqueos en Santa Cruz"},"content":{"rendered":"<p>La Asamblea Legislativa Departamental de Santa Cruz aprob\u00f3 ayer por mayor\u00eda el Proyecto de Ley Departamental de Prevenci\u00f3n, Coordinaci\u00f3n Interinstitucional y Atenci\u00f3n de Contingencias ante Bloqueos de V\u00edas, durante la Sesi\u00f3n Ordinaria N.\u00ba 31.<\/p>\n<p>La norma establece mecanismos de prevenci\u00f3n y respuesta institucional frente a las consecuencias derivadas de los bloqueos de carreteras y otras v\u00edas, principalmente cuando estas medidas afectan la circulaci\u00f3n, el abastecimiento de alimentos, el traslado de pacientes, el suministro de medicamentos, la producci\u00f3n y otros servicios esenciales.<\/p>\n<p>El proyecto fue impulsado por la presidenta de la Asamblea Legislativa Departamental, Maria Rene Alvarez, y plantea la implementaci\u00f3n de sistemas de alerta temprana, la identificaci\u00f3n de zonas cr\u00edticas, el monitoreo de contingencias y la coordinaci\u00f3n entre instituciones p\u00fablicas y sectores involucrados, de acuerdo con sus respectivas competencias.<\/p>\n<p>Durante el tratamiento de la propuesta, los legisladores se\u00f1alaron que los bloqueos pueden ocasionar efectos que trascienden las p\u00e9rdidas econ\u00f3micas, debido a las dificultades que generan para la atenci\u00f3n de emergencias m\u00e9dicas, el transporte de productos, el abastecimiento de mercados y el normal funcionamiento de actividades laborales.<\/p>\n<p>La norma busca establecer procedimientos para que las instituciones act\u00faen de manera coordinada ante este tipo de contingencias y reduzcan el impacto prolongado sobre derechos como la salud, la alimentaci\u00f3n, el trabajo y la libre circulaci\u00f3n.<\/p>\n<p>Durante su intervenci\u00f3n ante el pleno, Alvarez afirm\u00f3 que la iniciativa no pretende restringir ni criminalizar las protestas sociales, sino establecer mecanismos institucionales de respuesta cuando los bloqueos generan afectaciones generalizadas.<\/p>\n<p>\u201cEl ciudadano tiene derecho a protestar, pero tambi\u00e9n tiene derecho a circular\u201d, manifest\u00f3 la presidenta de la Asamblea.<\/p>\n<p>\u00c1lvarez sostuvo adem\u00e1s que el departamento requiere protocolos que permitan anticipar las consecuencias de estas medidas de presi\u00f3n y mejorar la coordinaci\u00f3n entre las instituciones encargadas de responder ante situaciones que puedan comprometer a la poblaci\u00f3n, la producci\u00f3n y los servicios esenciales. (Santa Cruz, agencias)<\/p>\n","protected":false},"excerpt":{"rendered":"<p>La Asamblea Legislativa Departamental de Santa Cruz aprob\u00f3 ayer por mayor\u00eda el Proyecto de Ley Departamental de Prevenci\u00f3n, Coordinaci\u00f3n Interinstitucional y Atenci\u00f3n de Contingencias ante Bloqueos de V\u00edas, durante la Sesi\u00f3n Ordinaria N.\u00ba 31. La norma establece mecanismos de prevenci\u00f3n y respuesta institucional frente a las consecuencias derivadas de los bloqueos de carreteras y otras [&hellip;]<\/p>\n","protected":false},"author":1,"featured_media":427277,"comment_status":"closed","ping_status":"open","sticky":false,"template":"","format":"standard","meta":{"_acf_changed":false,"footnotes":""},"categories":[12],"tags":[],"class_list":["post-427276","post","type-post","status-publish","format-standard","has-post-thumbnail","category-nacional"],"acf":{"antetitulo":""},"yoast_head":"<!-- This site is optimized with the Yoast SEO plugin v28.4 - https:\/\/yoast.com\/product\/yoast-seo-wordpress\/ -->\n<title>Asamblea aprueba ley para atender bloqueos en Santa Cruz - El Diario - Bolivia<\/title>\n<meta name=\"robots\" content=\"index, follow, max-snippet:-1, max-image-preview:large, max-video-preview:-1\" \/>\n<link rel=\"canonical\" href=\"https:\/\/www.eldiario.net\/portal\/2026\/09\/03\/asamblea-aprueba-ley-para-atender-bloqueos-en-santa-cruz\/\" \/>\n<meta property=\"og:locale\" content=\"es_ES\" \/>\n<meta property=\"og:type\" content=\"article\" \/>\n<meta property=\"og:title\" content=\"Asamblea aprueba ley para atender bloqueos en Santa Cruz - El Diario - Bolivia\" \/>\n<meta property=\"og:description\" content=\"La Asamblea Legislativa Departamental de Santa Cruz aprob\u00f3 ayer por mayor\u00eda el Proyecto de Ley Departamental de Prevenci\u00f3n, Coordinaci\u00f3n Interinstitucional y Atenci\u00f3n de Contingencias ante Bloqueos de V\u00edas, durante la Sesi\u00f3n Ordinaria N.\u00ba 31. La norma establece mecanismos de prevenci\u00f3n y respuesta institucional frente a las consecuencias derivadas de los bloqueos de carreteras y otras [&hellip;]\" \/>\n<meta property=\"og:url\" content=\"https:\/\/www.eldiario.net\/portal\/2026\/09\/03\/asamblea-aprueba-ley-para-atender-bloqueos-en-santa-cruz\/\" \/>\n<meta property=\"og:site_name\" content=\"El Diario - Bolivia\" \/>\n<meta property=\"article:publisher\" content=\"https:\/\/www.facebook.com\/eldiario.bolivia\/\" \/>\n<meta property=\"article:published_time\" content=\"2026-09-03T10:13:25+00:00\" \/>\n<meta property=\"og:image\" content=\"https:\/\/www.eldiario.net\/portal\/wp-content\/uploads\/2026\/09\/ALD-FOTO.webp\" \/>\n\t<meta property=\"og:image:width\" content=\"1878\" \/>\n\t<meta property=\"og:image:height\" content=\"1150\" \/>\n\t<meta property=\"og:image:type\" content=\"image\/webp\" \/>\n<meta name=\"author\" content=\"Jeanette\" \/>\n<meta name=\"twitter:card\" content=\"summary_large_image\" \/>\n<meta name=\"twitter:creator\" content=\"@eldiario_net\" \/>\n<meta name=\"twitter:site\" content=\"@eldiario_net\" \/>\n<meta name=\"twitter:label1\" content=\"Escrito por\" \/>\n\t<meta name=\"twitter:data1\" content=\"Jeanette\" \/>\n\t<meta name=\"twitter:label2\" content=\"Tiempo de lectura\" \/>\n\t<meta name=\"twitter:data2\" content=\"2 minutos\" \/>\n<script type=\"application\/ld+json\" class=\"yoast-schema-graph\">{\"@context\":\"https:\\\/\\\/schema.org\",\"@graph\":[{\"@type\":\"Article\",\"@id\":\"https:\\\/\\\/www.eldiario.net\\\/portal\\\/2026\\\/09\\\/03\\\/asamblea-aprueba-ley-para-atender-bloqueos-en-santa-cruz\\\/#article\",\"isPartOf\":{\"@id\":\"https:\\\/\\\/www.eldiario.net\\\/portal\\\/2026\\\/09\\\/03\\\/asamblea-aprueba-ley-para-atender-bloqueos-en-santa-cruz\\\/\"},\"author\":{\"name\":\"Jeanette\",\"@id\":\"https:\\\/\\\/www.eldiario.net\\\/portal\\\/#\\\/schema\\\/person\\\/f46445640444750d7d753ccd04ae01b7\"},\"headline\":\"Asamblea aprueba ley para atender bloqueos en Santa Cruz\",\"datePublished\":\"2026-09-03T10:13:25+00:00\",\"mainEntityOfPage\":{\"@id\":\"https:\\\/\\\/www.eldiario.net\\\/portal\\\/2026\\\/09\\\/03\\\/asamblea-aprueba-ley-para-atender-bloqueos-en-santa-cruz\\\/\"},\"wordCount\":344,\"publisher\":{\"@id\":\"https:\\\/\\\/www.eldiario.net\\\/portal\\\/#organization\"},\"image\":{\"@id\":\"https:\\\/\\\/www.eldiario.net\\\/portal\\\/2026\\\/09\\\/03\\\/asamblea-aprueba-ley-para-atender-bloqueos-en-santa-cruz\\\/#primaryimage\"},\"thumbnailUrl\":\"https:\\\/\\\/www.eldiario.net\\\/portal\\\/wp-content\\\/uploads\\\/2026\\\/09\\\/ALD-FOTO.webp\",\"articleSection\":[\"Nacional\"],\"inLanguage\":\"es\"},{\"@type\":\"WebPage\",\"@id\":\"https:\\\/\\\/www.eldiario.net\\\/portal\\\/2026\\\/09\\\/03\\\/asamblea-aprueba-ley-para-atender-bloqueos-en-santa-cruz\\\/\",\"url\":\"https:\\\/\\\/www.eldiario.net\\\/portal\\\/2026\\\/09\\\/03\\\/asamblea-aprueba-ley-para-atender-bloqueos-en-santa-cruz\\\/\",\"name\":\"Asamblea aprueba ley para atender bloqueos en Santa Cruz - El Diario - Bolivia\",\"isPartOf\":{\"@id\":\"https:\\\/\\\/www.eldiario.net\\\/portal\\\/#website\"},\"primaryImageOfPage\":{\"@id\":\"https:\\\/\\\/www.eldiario.net\\\/portal\\\/2026\\\/09\\\/03\\\/asamblea-aprueba-ley-para-atender-bloqueos-en-santa-cruz\\\/#primaryimage\"},\"image\":{\"@id\":\"https:\\\/\\\/www.eldiario.net\\\/portal\\\/2026\\\/09\\\/03\\\/asamblea-aprueba-ley-para-atender-bloqueos-en-santa-cruz\\\/#primaryimage\"},\"thumbnailUrl\":\"https:\\\/\\\/www.eldiario.net\\\/portal\\\/wp-content\\\/uploads\\\/2026\\\/09\\\/ALD-FOTO.webp\",\"datePublished\":\"2026-09-03T10:13:25+00:00\",\"breadcrumb\":{\"@id\":\"https:\\\/\\\/www.eldiario.net\\\/portal\\\/2026\\\/09\\\/03\\\/asamblea-aprueba-ley-para-atender-bloqueos-en-santa-cruz\\\/#breadcrumb\"},\"inLanguage\":\"es\",\"potentialAction\":[{\"@type\":\"ReadAction\",\"target\":[\"https:\\\/\\\/www.eldiario.net\\\/portal\\\/2026\\\/09\\\/03\\\/asamblea-aprueba-ley-para-atender-bloqueos-en-santa-cruz\\\/\"]}]},{\"@type\":\"ImageObject\",\"inLanguage\":\"es\",\"@id\":\"https:\\\/\\\/www.eldiario.net\\\/portal\\\/2026\\\/09\\\/03\\\/asamblea-aprueba-ley-para-atender-bloqueos-en-santa-cruz\\\/#primaryimage\",\"url\":\"https:\\\/\\\/www.eldiario.net\\\/portal\\\/wp-content\\\/uploads\\\/2026\\\/09\\\/ALD-FOTO.webp\",\"contentUrl\":\"https:\\\/\\\/www.eldiario.net\\\/portal\\\/wp-content\\\/uploads\\\/2026\\\/09\\\/ALD-FOTO.webp\",\"width\":1878,\"height\":1150,\"caption\":\"Instante en que el pleno de la ALD aprueba la norma. Foto: ALD\"},{\"@type\":\"BreadcrumbList\",\"@id\":\"https:\\\/\\\/www.eldiario.net\\\/portal\\\/2026\\\/09\\\/03\\\/asamblea-aprueba-ley-para-atender-bloqueos-en-santa-cruz\\\/#breadcrumb\",\"itemListElement\":[{\"@type\":\"ListItem\",\"position\":1,\"name\":\"Portada\",\"item\":\"https:\\\/\\\/www.eldiario.net\\\/portal\\\/\"},{\"@type\":\"ListItem\",\"position\":2,\"name\":\"Asamblea aprueba ley para atender bloqueos en Santa Cruz\"}]},{\"@type\":\"WebSite\",\"@id\":\"https:\\\/\\\/www.eldiario.net\\\/portal\\\/#website\",\"url\":\"https:\\\/\\\/www.eldiario.net\\\/portal\\\/\",\"name\":\"El Diario - Decano de la prensa nacional\",\"description\":\"El Diario - Decano de la prensa nacional\",\"publisher\":{\"@id\":\"https:\\\/\\\/www.eldiario.net\\\/portal\\\/#organization\"},\"potentialAction\":[{\"@type\":\"SearchAction\",\"target\":{\"@type\":\"EntryPoint\",\"urlTemplate\":\"https:\\\/\\\/www.eldiario.net\\\/portal\\\/?s={search_term_string}\"},\"query-input\":{\"@type\":\"PropertyValueSpecification\",\"valueRequired\":true,\"valueName\":\"search_term_string\"}}],\"inLanguage\":\"es\"},{\"@type\":\"Organization\",\"@id\":\"https:\\\/\\\/www.eldiario.net\\\/portal\\\/#organization\",\"name\":\"El Diario - Decano de la prensa nacional\",\"url\":\"https:\\\/\\\/www.eldiario.net\\\/portal\\\/\",\"logo\":{\"@type\":\"ImageObject\",\"inLanguage\":\"es\",\"@id\":\"https:\\\/\\\/www.eldiario.net\\\/portal\\\/#\\\/schema\\\/logo\\\/image\\\/\",\"url\":\"https:\\\/\\\/www.eldiario.net\\\/portal\\\/wp-content\\\/uploads\\\/2023\\\/07\\\/logo_ED.jpg\",\"contentUrl\":\"https:\\\/\\\/www.eldiario.net\\\/portal\\\/wp-content\\\/uploads\\\/2023\\\/07\\\/logo_ED.jpg\",\"width\":272,\"height\":52,\"caption\":\"El Diario - Decano de la prensa nacional\"},\"image\":{\"@id\":\"https:\\\/\\\/www.eldiario.net\\\/portal\\\/#\\\/schema\\\/logo\\\/image\\\/\"},\"sameAs\":[\"https:\\\/\\\/www.facebook.com\\\/eldiario.bolivia\\\/\",\"https:\\\/\\\/x.com\\\/eldiario_net\"]},{\"@type\":\"Person\",\"@id\":\"https:\\\/\\\/www.eldiario.net\\\/portal\\\/#\\\/schema\\\/person\\\/f46445640444750d7d753ccd04ae01b7\",\"name\":\"Jeanette\",\"image\":{\"@type\":\"ImageObject\",\"inLanguage\":\"es\",\"@id\":\"https:\\\/\\\/secure.gravatar.com\\\/avatar\\\/3ea2118a5f7dad2b7138b1187a6b7ee55f160b9968b66013c3a3ef39dd7e5798?s=96&d=mm&r=g\",\"url\":\"https:\\\/\\\/secure.gravatar.com\\\/avatar\\\/3ea2118a5f7dad2b7138b1187a6b7ee55f160b9968b66013c3a3ef39dd7e5798?s=96&d=mm&r=g\",\"contentUrl\":\"https:\\\/\\\/secure.gravatar.com\\\/avatar\\\/3ea2118a5f7dad2b7138b1187a6b7ee55f160b9968b66013c3a3ef39dd7e5798?s=96&d=mm&r=g\",\"caption\":\"Jeanette\"},\"sameAs\":[\"https:\\\/\\\/www.eldiario.net\\\/portal\"],\"url\":\"https:\\\/\\\/www.eldiario.net\\\/portal\\\/author\\\/jeanette\\\/\"}]}<\/script>\n<!-- \/ Yoast SEO plugin. -->","yoast_head_json":{"title":"Asamblea aprueba ley para atender bloqueos en Santa Cruz - El Diario - Bolivia","robots":{"index":"index","follow":"follow","max-snippet":"max-snippet:-1","max-image-preview":"max-image-preview:large","max-video-preview":"max-video-preview:-1"},"canonical":"https:\/\/www.eldiario.net\/portal\/2026\/09\/03\/asamblea-aprueba-ley-para-atender-bloqueos-en-santa-cruz\/","og_locale":"es_ES","og_type":"article","og_title":"Asamblea aprueba ley para atender bloqueos en Santa Cruz - El Diario - Bolivia","og_description":"La Asamblea Legislativa Departamental de Santa Cruz aprob\u00f3 ayer por mayor\u00eda el Proyecto de Ley Departamental de Prevenci\u00f3n, Coordinaci\u00f3n Interinstitucional y Atenci\u00f3n de Contingencias ante Bloqueos de V\u00edas, durante la Sesi\u00f3n Ordinaria N.\u00ba 31. La norma establece mecanismos de prevenci\u00f3n y respuesta institucional frente a las consecuencias derivadas de los bloqueos de carreteras y otras [&hellip;]","og_url":"https:\/\/www.eldiario.net\/portal\/2026\/09\/03\/asamblea-aprueba-ley-para-atender-bloqueos-en-santa-cruz\/","og_site_name":"El Diario - Bolivia","article_publisher":"https:\/\/www.facebook.com\/eldiario.bolivia\/","article_published_time":"2026-09-03T10:13:25+00:00","og_image":[{"width":1878,"height":1150,"url":"https:\/\/www.eldiario.net\/portal\/wp-content\/uploads\/2026\/09\/ALD-FOTO.webp","type":"image\/webp"}],"author":"Jeanette","twitter_card":"summary_large_image","twitter_creator":"@eldiario_net","twitter_site":"@eldiario_net","twitter_misc":{"Escrito por":"Jeanette","Tiempo de lectura":"2 minutos"},"schema":{"@context":"https:\/\/schema.org","@graph":[{"@type":"Article","@id":"https:\/\/www.eldiario.net\/portal\/2026\/09\/03\/asamblea-aprueba-ley-para-atender-bloqueos-en-santa-cruz\/#article","isPartOf":{"@id":"https:\/\/www.eldiario.net\/portal\/2026\/09\/03\/asamblea-aprueba-ley-para-atender-bloqueos-en-santa-cruz\/"},"author":{"name":"Jeanette","@id":"https:\/\/www.eldiario.net\/portal\/#\/schema\/person\/f46445640444750d7d753ccd04ae01b7"},"headline":"Asamblea aprueba ley para atender bloqueos en Santa Cruz","datePublished":"2026-09-03T10:13:25+00:00","mainEntityOfPage":{"@id":"https:\/\/www.eldiario.net\/portal\/2026\/09\/03\/asamblea-aprueba-ley-para-atender-bloqueos-en-santa-cruz\/"},"wordCount":344,"publisher":{"@id":"https:\/\/www.eldiario.net\/portal\/#organization"},"image":{"@id":"https:\/\/www.eldiario.net\/portal\/2026\/09\/03\/asamblea-aprueba-ley-para-atender-bloqueos-en-santa-cruz\/#primaryimage"},"thumbnailUrl":"https:\/\/www.eldiario.net\/portal\/wp-content\/uploads\/2026\/09\/ALD-FOTO.webp","articleSection":["Nacional"],"inLanguage":"es"},{"@type":"WebPage","@id":"https:\/\/www.eldiario.net\/portal\/2026\/09\/03\/asamblea-aprueba-ley-para-atender-bloqueos-en-santa-cruz\/","url":"https:\/\/www.eldiario.net\/portal\/2026\/09\/03\/asamblea-aprueba-ley-para-atender-bloqueos-en-santa-cruz\/","name":"Asamblea aprueba ley para atender bloqueos en Santa Cruz - El Diario - Bolivia","isPartOf":{"@id":"https:\/\/www.eldiario.net\/portal\/#website"},"primaryImageOfPage":{"@id":"https:\/\/www.eldiario.net\/portal\/2026\/09\/03\/asamblea-aprueba-ley-para-atender-bloqueos-en-santa-cruz\/#primaryimage"},"image":{"@id":"https:\/\/www.eldiario.net\/portal\/2026\/09\/03\/asamblea-aprueba-ley-para-atender-bloqueos-en-santa-cruz\/#primaryimage"},"thumbnailUrl":"https:\/\/www.eldiario.net\/portal\/wp-content\/uploads\/2026\/09\/ALD-FOTO.webp","datePublished":"2026-09-03T10:13:25+00:00","breadcrumb":{"@id":"https:\/\/www.eldiario.net\/portal\/2026\/09\/03\/asamblea-aprueba-ley-para-atender-bloqueos-en-santa-cruz\/#breadcrumb"},"inLanguage":"es","potentialAction":[{"@type":"ReadAction","target":["https:\/\/www.eldiario.net\/portal\/2026\/09\/03\/asamblea-aprueba-ley-para-atender-bloqueos-en-santa-cruz\/"]}]},{"@type":"ImageObject","inLanguage":"es","@id":"https:\/\/www.eldiario.net\/portal\/2026\/09\/03\/asamblea-aprueba-ley-para-atender-bloqueos-en-santa-cruz\/#primaryimage","url":"https:\/\/www.eldiario.net\/portal\/wp-content\/uploads\/2026\/09\/ALD-FOTO.webp","contentUrl":"https:\/\/www.eldiario.net\/portal\/wp-content\/uploads\/2026\/09\/ALD-FOTO.webp","width":1878,"height":1150,"caption":"Instante en que el pleno de la ALD aprueba la norma. Foto: ALD"},{"@type":"BreadcrumbList","@id":"https:\/\/www.eldiario.net\/portal\/2026\/09\/03\/asamblea-aprueba-ley-para-atender-bloqueos-en-santa-cruz\/#breadcrumb","itemListElement":[{"@type":"ListItem","position":1,"name":"Portada","item":"https:\/\/www.eldiario.net\/portal\/"},{"@type":"ListItem","position":2,"name":"Asamblea aprueba ley para atender bloqueos en Santa Cruz"}]},{"@type":"WebSite","@id":"https:\/\/www.eldiario.net\/portal\/#website","url":"https:\/\/www.eldiario.net\/portal\/","name":"El Diario - Decano de la prensa nacional","description":"El Diario - Decano de la prensa nacional","publisher":{"@id":"https:\/\/www.eldiario.net\/portal\/#organization"},"potentialAction":[{"@type":"SearchAction","target":{"@type":"EntryPoint","urlTemplate":"https:\/\/www.eldiario.net\/portal\/?s={search_term_string}"},"query-input":{"@type":"PropertyValueSpecification","valueRequired":true,"valueName":"search_term_string"}}],"inLanguage":"es"},{"@type":"Organization","@id":"https:\/\/www.eldiario.net\/portal\/#organization","name":"El Diario - Decano de la prensa nacional","url":"https:\/\/www.eldiario.net\/portal\/","logo":{"@type":"ImageObject","inLanguage":"es","@id":"https:\/\/www.eldiario.net\/portal\/#\/schema\/logo\/image\/","url":"https:\/\/www.eldiario.net\/portal\/wp-content\/uploads\/2023\/07\/logo_ED.jpg","contentUrl":"https:\/\/www.eldiario.net\/portal\/wp-content\/uploads\/2023\/07\/logo_ED.jpg","width":272,"height":52,"caption":"El Diario - Decano de la prensa nacional"},"image":{"@id":"https:\/\/www.eldiario.net\/portal\/#\/schema\/logo\/image\/"},"sameAs":["https:\/\/www.facebook.com\/eldiario.bolivia\/","https:\/\/x.com\/eldiario_net"]},{"@type":"Person","@id":"https:\/\/www.eldiario.net\/portal\/#\/schema\/person\/f46445640444750d7d753ccd04ae01b7","name":"Jeanette","image":{"@type":"ImageObject","inLanguage":"es","@id":"https:\/\/secure.gravatar.com\/avatar\/3ea2118a5f7dad2b7138b1187a6b7ee55f160b9968b66013c3a3ef39dd7e5798?s=96&d=mm&r=g","url":"https:\/\/secure.gravatar.com\/avatar\/3ea2118a5f7dad2b7138b1187a6b7ee55f160b9968b66013c3a3ef39dd7e5798?s=96&d=mm&r=g","contentUrl":"https:\/\/secure.gravatar.com\/avatar\/3ea2118a5f7dad2b7138b1187a6b7ee55f160b9968b66013c3a3ef39dd7e5798?s=96&d=mm&r=g","caption":"Jeanette"},"sameAs":["https:\/\/www.eldiario.net\/portal"],"url":"https:\/\/www.eldiario.net\/portal\/author\/jeanette\/"}]}},"_links":{"self":[{"href":"https:\/\/www.eldiario.net\/portal\/wp-json\/wp\/v2\/posts\/427276","targetHints":{"allow":["GET"]}}],"collection":[{"href":"https:\/\/www.eldiario.net\/portal\/wp-json\/wp\/v2\/posts"}],"about":[{"href":"https:\/\/www.eldiario.net\/portal\/wp-json\/wp\/v2\/types\/post"}],"author":[{"embeddable":true,"href":"https:\/\/www.eldiario.net\/portal\/wp-json\/wp\/v2\/users\/1"}],"replies":[{"embeddable":true,"href":"https:\/\/www.eldiario.net\/portal\/wp-json\/wp\/v2\/comments?post=427276"}],"version-history":[{"count":1,"href":"https:\/\/www.eldiario.net\/portal\/wp-json\/wp\/v2\/posts\/427276\/revisions"}],"predecessor-version":[{"id":427278,"href":"https:\/\/www.eldiario.net\/portal\/wp-json\/wp\/v2\/posts\/427276\/revisions\/427278"}],"wp:featuredmedia":[{"embeddable":true,"href":"https:\/\/www.eldiario.net\/portal\/wp-json\/wp\/v2\/media\/427277"}],"wp:attachment":[{"href":"https:\/\/www.eldiario.net\/portal\/wp-json\/wp\/v2\/media?parent=427276"}],"wp:term":[{"taxonomy":"category","embeddable":true,"href":"https:\/\/www.eldiario.net\/portal\/wp-json\/wp\/v2\/categories?post=427276"},{"taxonomy":"post_tag","embeddable":true,"href":"https:\/\/www.eldiario.net\/portal\/wp-json\/wp\/v2\/tags?post=427276"}],"curies":[{"name":"wp","href":"https:\/\/api.w.org\/{rel}","templated":true}]}}