{"id":427273,"date":"2026-09-03T06:12:49","date_gmt":"2026-09-03T10:12:49","guid":{"rendered":"https:\/\/www.eldiario.net\/portal\/?p=427273"},"modified":"2026-09-03T06:12:49","modified_gmt":"2026-09-03T10:12:49","slug":"comerciantes-de-barrio-lindo-ocupan-calles-mientras-refaccionan-casetas-2","status":"publish","type":"post","link":"https:\/\/www.eldiario.net\/portal\/2026\/09\/03\/comerciantes-de-barrio-lindo-ocupan-calles-mientras-refaccionan-casetas-2\/","title":{"rendered":"Comerciantes de Barrio Lindo ocupan  calles mientras refaccionan casetas"},"content":{"rendered":"<p>A 26 d\u00edas del incendio que afect\u00f3 a la Feria Barrio Lindo, los comerciantes damnificados instalaron temporalmente sus puestos en calles aleda\u00f1as al centro comercial para retomar sus actividades econ\u00f3micas mientras contin\u00faan los trabajos de refacci\u00f3n de las casetas da\u00f1adas por el fuego.<\/p>\n<p>Los vendedores se\u00f1alaron que necesitan volver a generar ingresos despu\u00e9s de perder mercader\u00eda y espacios de venta durante el siniestro.<\/p>\n<p>\u201cTenemos familias por mantener, somos los m\u00e1s afectados. No pudimos recuperar nada y estamos con las ganas y fuerza, gracias a Dios\u201d, manifest\u00f3 una de las comerciantes.<\/p>\n<p>Seg\u00fan explicaron, inicialmente se les inform\u00f3 que pod\u00edan ocupar \u00fanicamente las aceras. Sin embargo, ante la cantidad de vendedores afectados, algunos extendieron sus puestos hacia la calzada para comercializar sus productos los mi\u00e9rcoles y s\u00e1bados, jornadas habituales de feria.<\/p>\n<p>En tanto, los comerciantes cuyas casetas no fueron alcanzadas por el incendio reabrieron sus puestos y retomaron la venta de sus productos.<\/p>\n<p>Los afectados solicitaron a las autoridades municipales tolerancia para continuar trabajando de manera provisional en los alrededores hasta que concluyan las refacciones y puedan retornar a sus espacios.<\/p>\n<p>\u201cQue la Alcald\u00eda nos tenga un poco de paciencia para que despu\u00e9s volvamos a nuestros puestos\u201d, expres\u00f3 otra comerciante.<\/p>\n<p>Los vendedores aseguraron que la ocupaci\u00f3n de las calles ser\u00e1 temporal y que permanecer\u00e1n en esos sectores mientras se rehabilitan las casetas afectadas por el incendio. (Santa Cruz, agencias)<\/p>\n","protected":false},"excerpt":{"rendered":"<p>A 26 d\u00edas del incendio que afect\u00f3 a la Feria Barrio Lindo, los comerciantes damnificados instalaron temporalmente sus puestos en calles aleda\u00f1as al centro comercial para retomar sus actividades econ\u00f3micas mientras contin\u00faan los trabajos de refacci\u00f3n de las casetas da\u00f1adas por el fuego. Los vendedores se\u00f1alaron que necesitan volver a generar ingresos despu\u00e9s de perder [&hellip;]<\/p>\n","protected":false},"author":1,"featured_media":427274,"comment_status":"closed","ping_status":"open","sticky":false,"template":"","format":"standard","meta":{"_acf_changed":false,"footnotes":""},"categories":[12],"tags":[],"class_list":["post-427273","post","type-post","status-publish","format-standard","has-post-thumbnail","category-nacional"],"acf":{"antetitulo":"Santa Cruz"},"yoast_head":"<!-- This site is optimized with the Yoast SEO plugin v28.4 - https:\/\/yoast.com\/product\/yoast-seo-wordpress\/ -->\n<title>Comerciantes de Barrio Lindo ocupan calles mientras refaccionan casetas - El Diario - Bolivia<\/title>\n<meta name=\"robots\" content=\"index, follow, max-snippet:-1, max-image-preview:large, max-video-preview:-1\" \/>\n<link rel=\"canonical\" href=\"https:\/\/www.eldiario.net\/portal\/2026\/09\/03\/comerciantes-de-barrio-lindo-ocupan-calles-mientras-refaccionan-casetas-2\/\" \/>\n<meta property=\"og:locale\" content=\"es_ES\" \/>\n<meta property=\"og:type\" content=\"article\" \/>\n<meta property=\"og:title\" content=\"Comerciantes de Barrio Lindo ocupan calles mientras refaccionan casetas - El Diario - Bolivia\" \/>\n<meta property=\"og:description\" content=\"A 26 d\u00edas del incendio que afect\u00f3 a la Feria Barrio Lindo, los comerciantes damnificados instalaron temporalmente sus puestos en calles aleda\u00f1as al centro comercial para retomar sus actividades econ\u00f3micas mientras contin\u00faan los trabajos de refacci\u00f3n de las casetas da\u00f1adas por el fuego. Los vendedores se\u00f1alaron que necesitan volver a generar ingresos despu\u00e9s de perder [&hellip;]\" \/>\n<meta property=\"og:url\" content=\"https:\/\/www.eldiario.net\/portal\/2026\/09\/03\/comerciantes-de-barrio-lindo-ocupan-calles-mientras-refaccionan-casetas-2\/\" \/>\n<meta property=\"og:site_name\" content=\"El Diario - Bolivia\" \/>\n<meta property=\"article:publisher\" content=\"https:\/\/www.facebook.com\/eldiario.bolivia\/\" \/>\n<meta property=\"article:published_time\" content=\"2026-09-03T10:12:49+00:00\" \/>\n<meta property=\"og:image\" content=\"https:\/\/www.eldiario.net\/portal\/wp-content\/uploads\/2026\/09\/BARRIO-FOTO.webp\" \/>\n\t<meta property=\"og:image:width\" content=\"800\" \/>\n\t<meta property=\"og:image:height\" content=\"450\" \/>\n\t<meta property=\"og:image:type\" content=\"image\/webp\" \/>\n<meta name=\"author\" content=\"Jeanette\" \/>\n<meta name=\"twitter:card\" content=\"summary_large_image\" \/>\n<meta name=\"twitter:creator\" content=\"@eldiario_net\" \/>\n<meta name=\"twitter:site\" content=\"@eldiario_net\" \/>\n<meta name=\"twitter:label1\" content=\"Escrito por\" \/>\n\t<meta name=\"twitter:data1\" content=\"Jeanette\" \/>\n\t<meta name=\"twitter:label2\" content=\"Tiempo de lectura\" \/>\n\t<meta name=\"twitter:data2\" content=\"2 minutos\" \/>\n<script type=\"application\/ld+json\" class=\"yoast-schema-graph\">{\"@context\":\"https:\\\/\\\/schema.org\",\"@graph\":[{\"@type\":\"Article\",\"@id\":\"https:\\\/\\\/www.eldiario.net\\\/portal\\\/2026\\\/09\\\/03\\\/comerciantes-de-barrio-lindo-ocupan-calles-mientras-refaccionan-casetas-2\\\/#article\",\"isPartOf\":{\"@id\":\"https:\\\/\\\/www.eldiario.net\\\/portal\\\/2026\\\/09\\\/03\\\/comerciantes-de-barrio-lindo-ocupan-calles-mientras-refaccionan-casetas-2\\\/\"},\"author\":{\"name\":\"Jeanette\",\"@id\":\"https:\\\/\\\/www.eldiario.net\\\/portal\\\/#\\\/schema\\\/person\\\/f46445640444750d7d753ccd04ae01b7\"},\"headline\":\"Comerciantes de Barrio Lindo ocupan calles mientras refaccionan casetas\",\"datePublished\":\"2026-09-03T10:12:49+00:00\",\"mainEntityOfPage\":{\"@id\":\"https:\\\/\\\/www.eldiario.net\\\/portal\\\/2026\\\/09\\\/03\\\/comerciantes-de-barrio-lindo-ocupan-calles-mientras-refaccionan-casetas-2\\\/\"},\"wordCount\":253,\"publisher\":{\"@id\":\"https:\\\/\\\/www.eldiario.net\\\/portal\\\/#organization\"},\"image\":{\"@id\":\"https:\\\/\\\/www.eldiario.net\\\/portal\\\/2026\\\/09\\\/03\\\/comerciantes-de-barrio-lindo-ocupan-calles-mientras-refaccionan-casetas-2\\\/#primaryimage\"},\"thumbnailUrl\":\"https:\\\/\\\/www.eldiario.net\\\/portal\\\/wp-content\\\/uploads\\\/2026\\\/09\\\/BARRIO-FOTO.webp\",\"articleSection\":[\"Nacional\"],\"inLanguage\":\"es\"},{\"@type\":\"WebPage\",\"@id\":\"https:\\\/\\\/www.eldiario.net\\\/portal\\\/2026\\\/09\\\/03\\\/comerciantes-de-barrio-lindo-ocupan-calles-mientras-refaccionan-casetas-2\\\/\",\"url\":\"https:\\\/\\\/www.eldiario.net\\\/portal\\\/2026\\\/09\\\/03\\\/comerciantes-de-barrio-lindo-ocupan-calles-mientras-refaccionan-casetas-2\\\/\",\"name\":\"Comerciantes de Barrio Lindo ocupan calles mientras refaccionan casetas - El Diario - Bolivia\",\"isPartOf\":{\"@id\":\"https:\\\/\\\/www.eldiario.net\\\/portal\\\/#website\"},\"primaryImageOfPage\":{\"@id\":\"https:\\\/\\\/www.eldiario.net\\\/portal\\\/2026\\\/09\\\/03\\\/comerciantes-de-barrio-lindo-ocupan-calles-mientras-refaccionan-casetas-2\\\/#primaryimage\"},\"image\":{\"@id\":\"https:\\\/\\\/www.eldiario.net\\\/portal\\\/2026\\\/09\\\/03\\\/comerciantes-de-barrio-lindo-ocupan-calles-mientras-refaccionan-casetas-2\\\/#primaryimage\"},\"thumbnailUrl\":\"https:\\\/\\\/www.eldiario.net\\\/portal\\\/wp-content\\\/uploads\\\/2026\\\/09\\\/BARRIO-FOTO.webp\",\"datePublished\":\"2026-09-03T10:12:49+00:00\",\"breadcrumb\":{\"@id\":\"https:\\\/\\\/www.eldiario.net\\\/portal\\\/2026\\\/09\\\/03\\\/comerciantes-de-barrio-lindo-ocupan-calles-mientras-refaccionan-casetas-2\\\/#breadcrumb\"},\"inLanguage\":\"es\",\"potentialAction\":[{\"@type\":\"ReadAction\",\"target\":[\"https:\\\/\\\/www.eldiario.net\\\/portal\\\/2026\\\/09\\\/03\\\/comerciantes-de-barrio-lindo-ocupan-calles-mientras-refaccionan-casetas-2\\\/\"]}]},{\"@type\":\"ImageObject\",\"inLanguage\":\"es\",\"@id\":\"https:\\\/\\\/www.eldiario.net\\\/portal\\\/2026\\\/09\\\/03\\\/comerciantes-de-barrio-lindo-ocupan-calles-mientras-refaccionan-casetas-2\\\/#primaryimage\",\"url\":\"https:\\\/\\\/www.eldiario.net\\\/portal\\\/wp-content\\\/uploads\\\/2026\\\/09\\\/BARRIO-FOTO.webp\",\"contentUrl\":\"https:\\\/\\\/www.eldiario.net\\\/portal\\\/wp-content\\\/uploads\\\/2026\\\/09\\\/BARRIO-FOTO.webp\",\"width\":800,\"height\":450,\"caption\":\"Comerciantes venden sus productos en plena v\u00eda p\u00fablica. Foto: RRSS\"},{\"@type\":\"BreadcrumbList\",\"@id\":\"https:\\\/\\\/www.eldiario.net\\\/portal\\\/2026\\\/09\\\/03\\\/comerciantes-de-barrio-lindo-ocupan-calles-mientras-refaccionan-casetas-2\\\/#breadcrumb\",\"itemListElement\":[{\"@type\":\"ListItem\",\"position\":1,\"name\":\"Portada\",\"item\":\"https:\\\/\\\/www.eldiario.net\\\/portal\\\/\"},{\"@type\":\"ListItem\",\"position\":2,\"name\":\"Comerciantes de Barrio Lindo ocupan calles mientras refaccionan casetas\"}]},{\"@type\":\"WebSite\",\"@id\":\"https:\\\/\\\/www.eldiario.net\\\/portal\\\/#website\",\"url\":\"https:\\\/\\\/www.eldiario.net\\\/portal\\\/\",\"name\":\"El Diario - Decano de la prensa nacional\",\"description\":\"El Diario - Decano de la prensa nacional\",\"publisher\":{\"@id\":\"https:\\\/\\\/www.eldiario.net\\\/portal\\\/#organization\"},\"potentialAction\":[{\"@type\":\"SearchAction\",\"target\":{\"@type\":\"EntryPoint\",\"urlTemplate\":\"https:\\\/\\\/www.eldiario.net\\\/portal\\\/?s={search_term_string}\"},\"query-input\":{\"@type\":\"PropertyValueSpecification\",\"valueRequired\":true,\"valueName\":\"search_term_string\"}}],\"inLanguage\":\"es\"},{\"@type\":\"Organization\",\"@id\":\"https:\\\/\\\/www.eldiario.net\\\/portal\\\/#organization\",\"name\":\"El Diario - Decano de la prensa nacional\",\"url\":\"https:\\\/\\\/www.eldiario.net\\\/portal\\\/\",\"logo\":{\"@type\":\"ImageObject\",\"inLanguage\":\"es\",\"@id\":\"https:\\\/\\\/www.eldiario.net\\\/portal\\\/#\\\/schema\\\/logo\\\/image\\\/\",\"url\":\"https:\\\/\\\/www.eldiario.net\\\/portal\\\/wp-content\\\/uploads\\\/2023\\\/07\\\/logo_ED.jpg\",\"contentUrl\":\"https:\\\/\\\/www.eldiario.net\\\/portal\\\/wp-content\\\/uploads\\\/2023\\\/07\\\/logo_ED.jpg\",\"width\":272,\"height\":52,\"caption\":\"El Diario - Decano de la prensa nacional\"},\"image\":{\"@id\":\"https:\\\/\\\/www.eldiario.net\\\/portal\\\/#\\\/schema\\\/logo\\\/image\\\/\"},\"sameAs\":[\"https:\\\/\\\/www.facebook.com\\\/eldiario.bolivia\\\/\",\"https:\\\/\\\/x.com\\\/eldiario_net\"]},{\"@type\":\"Person\",\"@id\":\"https:\\\/\\\/www.eldiario.net\\\/portal\\\/#\\\/schema\\\/person\\\/f46445640444750d7d753ccd04ae01b7\",\"name\":\"Jeanette\",\"image\":{\"@type\":\"ImageObject\",\"inLanguage\":\"es\",\"@id\":\"https:\\\/\\\/secure.gravatar.com\\\/avatar\\\/3ea2118a5f7dad2b7138b1187a6b7ee55f160b9968b66013c3a3ef39dd7e5798?s=96&d=mm&r=g\",\"url\":\"https:\\\/\\\/secure.gravatar.com\\\/avatar\\\/3ea2118a5f7dad2b7138b1187a6b7ee55f160b9968b66013c3a3ef39dd7e5798?s=96&d=mm&r=g\",\"contentUrl\":\"https:\\\/\\\/secure.gravatar.com\\\/avatar\\\/3ea2118a5f7dad2b7138b1187a6b7ee55f160b9968b66013c3a3ef39dd7e5798?s=96&d=mm&r=g\",\"caption\":\"Jeanette\"},\"sameAs\":[\"https:\\\/\\\/www.eldiario.net\\\/portal\"],\"url\":\"https:\\\/\\\/www.eldiario.net\\\/portal\\\/author\\\/jeanette\\\/\"}]}<\/script>\n<!-- \/ Yoast SEO plugin. -->","yoast_head_json":{"title":"Comerciantes de Barrio Lindo ocupan calles mientras refaccionan casetas - El Diario - Bolivia","robots":{"index":"index","follow":"follow","max-snippet":"max-snippet:-1","max-image-preview":"max-image-preview:large","max-video-preview":"max-video-preview:-1"},"canonical":"https:\/\/www.eldiario.net\/portal\/2026\/09\/03\/comerciantes-de-barrio-lindo-ocupan-calles-mientras-refaccionan-casetas-2\/","og_locale":"es_ES","og_type":"article","og_title":"Comerciantes de Barrio Lindo ocupan calles mientras refaccionan casetas - El Diario - Bolivia","og_description":"A 26 d\u00edas del incendio que afect\u00f3 a la Feria Barrio Lindo, los comerciantes damnificados instalaron temporalmente sus puestos en calles aleda\u00f1as al centro comercial para retomar sus actividades econ\u00f3micas mientras contin\u00faan los trabajos de refacci\u00f3n de las casetas da\u00f1adas por el fuego. Los vendedores se\u00f1alaron que necesitan volver a generar ingresos despu\u00e9s de perder [&hellip;]","og_url":"https:\/\/www.eldiario.net\/portal\/2026\/09\/03\/comerciantes-de-barrio-lindo-ocupan-calles-mientras-refaccionan-casetas-2\/","og_site_name":"El Diario - Bolivia","article_publisher":"https:\/\/www.facebook.com\/eldiario.bolivia\/","article_published_time":"2026-09-03T10:12:49+00:00","og_image":[{"width":800,"height":450,"url":"https:\/\/www.eldiario.net\/portal\/wp-content\/uploads\/2026\/09\/BARRIO-FOTO.webp","type":"image\/webp"}],"author":"Jeanette","twitter_card":"summary_large_image","twitter_creator":"@eldiario_net","twitter_site":"@eldiario_net","twitter_misc":{"Escrito por":"Jeanette","Tiempo de lectura":"2 minutos"},"schema":{"@context":"https:\/\/schema.org","@graph":[{"@type":"Article","@id":"https:\/\/www.eldiario.net\/portal\/2026\/09\/03\/comerciantes-de-barrio-lindo-ocupan-calles-mientras-refaccionan-casetas-2\/#article","isPartOf":{"@id":"https:\/\/www.eldiario.net\/portal\/2026\/09\/03\/comerciantes-de-barrio-lindo-ocupan-calles-mientras-refaccionan-casetas-2\/"},"author":{"name":"Jeanette","@id":"https:\/\/www.eldiario.net\/portal\/#\/schema\/person\/f46445640444750d7d753ccd04ae01b7"},"headline":"Comerciantes de Barrio Lindo ocupan calles mientras refaccionan casetas","datePublished":"2026-09-03T10:12:49+00:00","mainEntityOfPage":{"@id":"https:\/\/www.eldiario.net\/portal\/2026\/09\/03\/comerciantes-de-barrio-lindo-ocupan-calles-mientras-refaccionan-casetas-2\/"},"wordCount":253,"publisher":{"@id":"https:\/\/www.eldiario.net\/portal\/#organization"},"image":{"@id":"https:\/\/www.eldiario.net\/portal\/2026\/09\/03\/comerciantes-de-barrio-lindo-ocupan-calles-mientras-refaccionan-casetas-2\/#primaryimage"},"thumbnailUrl":"https:\/\/www.eldiario.net\/portal\/wp-content\/uploads\/2026\/09\/BARRIO-FOTO.webp","articleSection":["Nacional"],"inLanguage":"es"},{"@type":"WebPage","@id":"https:\/\/www.eldiario.net\/portal\/2026\/09\/03\/comerciantes-de-barrio-lindo-ocupan-calles-mientras-refaccionan-casetas-2\/","url":"https:\/\/www.eldiario.net\/portal\/2026\/09\/03\/comerciantes-de-barrio-lindo-ocupan-calles-mientras-refaccionan-casetas-2\/","name":"Comerciantes de Barrio Lindo ocupan calles mientras refaccionan casetas - El Diario - Bolivia","isPartOf":{"@id":"https:\/\/www.eldiario.net\/portal\/#website"},"primaryImageOfPage":{"@id":"https:\/\/www.eldiario.net\/portal\/2026\/09\/03\/comerciantes-de-barrio-lindo-ocupan-calles-mientras-refaccionan-casetas-2\/#primaryimage"},"image":{"@id":"https:\/\/www.eldiario.net\/portal\/2026\/09\/03\/comerciantes-de-barrio-lindo-ocupan-calles-mientras-refaccionan-casetas-2\/#primaryimage"},"thumbnailUrl":"https:\/\/www.eldiario.net\/portal\/wp-content\/uploads\/2026\/09\/BARRIO-FOTO.webp","datePublished":"2026-09-03T10:12:49+00:00","breadcrumb":{"@id":"https:\/\/www.eldiario.net\/portal\/2026\/09\/03\/comerciantes-de-barrio-lindo-ocupan-calles-mientras-refaccionan-casetas-2\/#breadcrumb"},"inLanguage":"es","potentialAction":[{"@type":"ReadAction","target":["https:\/\/www.eldiario.net\/portal\/2026\/09\/03\/comerciantes-de-barrio-lindo-ocupan-calles-mientras-refaccionan-casetas-2\/"]}]},{"@type":"ImageObject","inLanguage":"es","@id":"https:\/\/www.eldiario.net\/portal\/2026\/09\/03\/comerciantes-de-barrio-lindo-ocupan-calles-mientras-refaccionan-casetas-2\/#primaryimage","url":"https:\/\/www.eldiario.net\/portal\/wp-content\/uploads\/2026\/09\/BARRIO-FOTO.webp","contentUrl":"https:\/\/www.eldiario.net\/portal\/wp-content\/uploads\/2026\/09\/BARRIO-FOTO.webp","width":800,"height":450,"caption":"Comerciantes venden sus productos en plena v\u00eda p\u00fablica. Foto: RRSS"},{"@type":"BreadcrumbList","@id":"https:\/\/www.eldiario.net\/portal\/2026\/09\/03\/comerciantes-de-barrio-lindo-ocupan-calles-mientras-refaccionan-casetas-2\/#breadcrumb","itemListElement":[{"@type":"ListItem","position":1,"name":"Portada","item":"https:\/\/www.eldiario.net\/portal\/"},{"@type":"ListItem","position":2,"name":"Comerciantes de Barrio Lindo ocupan calles mientras refaccionan casetas"}]},{"@type":"WebSite","@id":"https:\/\/www.eldiario.net\/portal\/#website","url":"https:\/\/www.eldiario.net\/portal\/","name":"El Diario - Decano de la prensa nacional","description":"El Diario - Decano de la prensa nacional","publisher":{"@id":"https:\/\/www.eldiario.net\/portal\/#organization"},"potentialAction":[{"@type":"SearchAction","target":{"@type":"EntryPoint","urlTemplate":"https:\/\/www.eldiario.net\/portal\/?s={search_term_string}"},"query-input":{"@type":"PropertyValueSpecification","valueRequired":true,"valueName":"search_term_string"}}],"inLanguage":"es"},{"@type":"Organization","@id":"https:\/\/www.eldiario.net\/portal\/#organization","name":"El Diario - Decano de la prensa nacional","url":"https:\/\/www.eldiario.net\/portal\/","logo":{"@type":"ImageObject","inLanguage":"es","@id":"https:\/\/www.eldiario.net\/portal\/#\/schema\/logo\/image\/","url":"https:\/\/www.eldiario.net\/portal\/wp-content\/uploads\/2023\/07\/logo_ED.jpg","contentUrl":"https:\/\/www.eldiario.net\/portal\/wp-content\/uploads\/2023\/07\/logo_ED.jpg","width":272,"height":52,"caption":"El Diario - Decano de la prensa nacional"},"image":{"@id":"https:\/\/www.eldiario.net\/portal\/#\/schema\/logo\/image\/"},"sameAs":["https:\/\/www.facebook.com\/eldiario.bolivia\/","https:\/\/x.com\/eldiario_net"]},{"@type":"Person","@id":"https:\/\/www.eldiario.net\/portal\/#\/schema\/person\/f46445640444750d7d753ccd04ae01b7","name":"Jeanette","image":{"@type":"ImageObject","inLanguage":"es","@id":"https:\/\/secure.gravatar.com\/avatar\/3ea2118a5f7dad2b7138b1187a6b7ee55f160b9968b66013c3a3ef39dd7e5798?s=96&d=mm&r=g","url":"https:\/\/secure.gravatar.com\/avatar\/3ea2118a5f7dad2b7138b1187a6b7ee55f160b9968b66013c3a3ef39dd7e5798?s=96&d=mm&r=g","contentUrl":"https:\/\/secure.gravatar.com\/avatar\/3ea2118a5f7dad2b7138b1187a6b7ee55f160b9968b66013c3a3ef39dd7e5798?s=96&d=mm&r=g","caption":"Jeanette"},"sameAs":["https:\/\/www.eldiario.net\/portal"],"url":"https:\/\/www.eldiario.net\/portal\/author\/jeanette\/"}]}},"_links":{"self":[{"href":"https:\/\/www.eldiario.net\/portal\/wp-json\/wp\/v2\/posts\/427273","targetHints":{"allow":["GET"]}}],"collection":[{"href":"https:\/\/www.eldiario.net\/portal\/wp-json\/wp\/v2\/posts"}],"about":[{"href":"https:\/\/www.eldiario.net\/portal\/wp-json\/wp\/v2\/types\/post"}],"author":[{"embeddable":true,"href":"https:\/\/www.eldiario.net\/portal\/wp-json\/wp\/v2\/users\/1"}],"replies":[{"embeddable":true,"href":"https:\/\/www.eldiario.net\/portal\/wp-json\/wp\/v2\/comments?post=427273"}],"version-history":[{"count":1,"href":"https:\/\/www.eldiario.net\/portal\/wp-json\/wp\/v2\/posts\/427273\/revisions"}],"predecessor-version":[{"id":427275,"href":"https:\/\/www.eldiario.net\/portal\/wp-json\/wp\/v2\/posts\/427273\/revisions\/427275"}],"wp:featuredmedia":[{"embeddable":true,"href":"https:\/\/www.eldiario.net\/portal\/wp-json\/wp\/v2\/media\/427274"}],"wp:attachment":[{"href":"https:\/\/www.eldiario.net\/portal\/wp-json\/wp\/v2\/media?parent=427273"}],"wp:term":[{"taxonomy":"category","embeddable":true,"href":"https:\/\/www.eldiario.net\/portal\/wp-json\/wp\/v2\/categories?post=427273"},{"taxonomy":"post_tag","embeddable":true,"href":"https:\/\/www.eldiario.net\/portal\/wp-json\/wp\/v2\/tags?post=427273"}],"curies":[{"name":"wp","href":"https:\/\/api.w.org\/{rel}","templated":true}]}}