{"id":427270,"date":"2026-09-03T06:12:15","date_gmt":"2026-09-03T10:12:15","guid":{"rendered":"https:\/\/www.eldiario.net\/portal\/?p=427270"},"modified":"2026-09-03T06:12:15","modified_gmt":"2026-09-03T10:12:15","slug":"bloqueos-de-vias-por-diesel-afectan-a-santa-cruz","status":"publish","type":"post","link":"https:\/\/www.eldiario.net\/portal\/2026\/09\/03\/bloqueos-de-vias-por-diesel-afectan-a-santa-cruz\/","title":{"rendered":"Bloqueos de v\u00edas por di\u00e9sel  afectan a Santa Cruz"},"content":{"rendered":"<p>Los productores agr\u00edcolas e interculturales instalaron ayer bloqueos en diferentes puntos del departamento de Santa Cruz, en rechazo al Decreto Supremo 5676, con cortes en la carretera hacia Beni y en la ruta nueva que conecta con Cochabamba.<\/p>\n<p>Las medidas de presi\u00f3n fueron asumidas por organizaciones de San Juli\u00e1n, Cuatro Ca\u00f1adas y Yapacan\u00ed, que exigen la abrogaci\u00f3n de la norma al considerar que el nuevo esquema de comercializaci\u00f3n del di\u00e9sel afecta principalmente a los peque\u00f1os y medianos productores.<\/p>\n<p>En la carretera hacia Beni hubo bloqueos en los sectores de San Juli\u00e1n, Cuatro Ca\u00f1adas y Los Troncos. Entretanto, en Yapacan\u00ed fue interrumpida la circulaci\u00f3n por la ruta nueva Santa Cruz-Cochabamba.<\/p>\n<p>La Federaci\u00f3n Sindical de Comunidades de Productores Interculturales de Cuatro Ca\u00f1adas determin\u00f3 inicialmente cumplir un bloqueo de 24 horas. Los dirigentes advirtieron, sin embargo, que la medida podr\u00eda prolongarse si el Gobierno no atiende su demanda.<\/p>\n<p>\u201cEl productor est\u00e1 siendo muy golpeado con este decreto, el Gobierno hace o\u00eddos sordos a nuestro pedido de la anulaci\u00f3n del Decreto Supremo 5676\u201d, afirm\u00f3 uno de los representantes del sector.<\/p>\n<p>En Cuatro Ca\u00f1adas, los movilizados se concentraron en inmediaciones del ingreso a la comunidad 4 de Marzo, donde colocaron promontorios de tierra, llantas y troncos para impedir el paso de veh\u00edculos y permanecen en vigilia.<\/p>\n<p>En San Juli\u00e1n, organizaciones sociales y productivas tambi\u00e9n determinaron una medida de presi\u00f3n de 24 horas. Los productores cuestionan particularmente las nuevas condiciones para acceder al combustible destinado a las labores agr\u00edcolas, en plena campa\u00f1a de invierno de girasol y sorgo.<\/p>\n<p>El alcalde de San Juli\u00e1n, Carlos Vaca, respald\u00f3 la movilizaci\u00f3n. \u201cComo autoridad tambi\u00e9n nos ponemos al lado del pueblo\u201d, se\u00f1al\u00f3.<\/p>\n<p>En Yapacan\u00ed, los interculturales retomaron sus medidas de presi\u00f3n despu\u00e9s de otorgar al Gobierno un plazo de 48 horas para abrogar el DS 5676. Ante la falta de una respuesta favorable, instalaron el bloqueo sobre la ruta nueva que vincula Santa Cruz con Cochabamba.<\/p>\n<p>El Decreto Supremo 5676, promulgado el 16 de agosto, establece inicialmente un precio referencial de Bs 18 por litro de di\u00e9sel para usuarios directos, clientes directos y grandes consumidores. Para los dem\u00e1s consumidores mantiene el precio regulado de Bs 9,80 por litro.<\/p>\n<p>El Gobierno sostiene que la medida busca disminuir la carga fiscal asociada a la importaci\u00f3n de combustibles y regularizar el abastecimiento. Los sectores productivos, en cambio, advierten que el nuevo esquema incrementar\u00e1 sus costos de producci\u00f3n.<\/p>\n<p>El Ejecutivo descart\u00f3 la abrogaci\u00f3n del decreto, aunque manifest\u00f3 su disposici\u00f3n a realizar ajustes a la norma.<\/p>\n<p>Los bloqueos provocaron restricciones en la circulaci\u00f3n y la suspensi\u00f3n de algunas salidas de buses hacia Beni y por la ruta nueva a Cochabamba. (Santa Cruz, agencias)<\/p>\n","protected":false},"excerpt":{"rendered":"<p>Los productores agr\u00edcolas e interculturales instalaron ayer bloqueos en diferentes puntos del departamento de Santa Cruz, en rechazo al Decreto Supremo 5676, con cortes en la carretera hacia Beni y en la ruta nueva que conecta con Cochabamba. Las medidas de presi\u00f3n fueron asumidas por organizaciones de San Juli\u00e1n, Cuatro Ca\u00f1adas y Yapacan\u00ed, que exigen [&hellip;]<\/p>\n","protected":false},"author":1,"featured_media":427271,"comment_status":"closed","ping_status":"open","sticky":false,"template":"","format":"standard","meta":{"_acf_changed":false,"footnotes":""},"categories":[12],"tags":[],"class_list":["post-427270","post","type-post","status-publish","format-standard","has-post-thumbnail","category-nacional"],"acf":{"antetitulo":""},"yoast_head":"<!-- This site is optimized with the Yoast SEO plugin v28.4 - https:\/\/yoast.com\/product\/yoast-seo-wordpress\/ -->\n<title>Bloqueos de v\u00edas por di\u00e9sel afectan a Santa Cruz - El Diario - Bolivia<\/title>\n<meta name=\"robots\" content=\"index, follow, max-snippet:-1, max-image-preview:large, max-video-preview:-1\" \/>\n<link rel=\"canonical\" href=\"https:\/\/www.eldiario.net\/portal\/2026\/09\/03\/bloqueos-de-vias-por-diesel-afectan-a-santa-cruz\/\" \/>\n<meta property=\"og:locale\" content=\"es_ES\" \/>\n<meta property=\"og:type\" content=\"article\" \/>\n<meta property=\"og:title\" content=\"Bloqueos de v\u00edas por di\u00e9sel afectan a Santa Cruz - El Diario - Bolivia\" \/>\n<meta property=\"og:description\" content=\"Los productores agr\u00edcolas e interculturales instalaron ayer bloqueos en diferentes puntos del departamento de Santa Cruz, en rechazo al Decreto Supremo 5676, con cortes en la carretera hacia Beni y en la ruta nueva que conecta con Cochabamba. Las medidas de presi\u00f3n fueron asumidas por organizaciones de San Juli\u00e1n, Cuatro Ca\u00f1adas y Yapacan\u00ed, que exigen [&hellip;]\" \/>\n<meta property=\"og:url\" content=\"https:\/\/www.eldiario.net\/portal\/2026\/09\/03\/bloqueos-de-vias-por-diesel-afectan-a-santa-cruz\/\" \/>\n<meta property=\"og:site_name\" content=\"El Diario - Bolivia\" \/>\n<meta property=\"article:publisher\" content=\"https:\/\/www.facebook.com\/eldiario.bolivia\/\" \/>\n<meta property=\"article:published_time\" content=\"2026-09-03T10:12:15+00:00\" \/>\n<meta property=\"og:image\" content=\"https:\/\/www.eldiario.net\/portal\/wp-content\/uploads\/2026\/09\/BLOQUEO-FOTO.webp\" \/>\n\t<meta property=\"og:image:width\" content=\"1024\" \/>\n\t<meta property=\"og:image:height\" content=\"436\" \/>\n\t<meta property=\"og:image:type\" content=\"image\/webp\" \/>\n<meta name=\"author\" content=\"Jeanette\" \/>\n<meta name=\"twitter:card\" content=\"summary_large_image\" \/>\n<meta name=\"twitter:creator\" content=\"@eldiario_net\" \/>\n<meta name=\"twitter:site\" content=\"@eldiario_net\" \/>\n<meta name=\"twitter:label1\" content=\"Escrito por\" \/>\n\t<meta name=\"twitter:data1\" content=\"Jeanette\" \/>\n\t<meta name=\"twitter:label2\" content=\"Tiempo de lectura\" \/>\n\t<meta name=\"twitter:data2\" content=\"3 minutos\" \/>\n<script type=\"application\/ld+json\" class=\"yoast-schema-graph\">{\"@context\":\"https:\\\/\\\/schema.org\",\"@graph\":[{\"@type\":\"Article\",\"@id\":\"https:\\\/\\\/www.eldiario.net\\\/portal\\\/2026\\\/09\\\/03\\\/bloqueos-de-vias-por-diesel-afectan-a-santa-cruz\\\/#article\",\"isPartOf\":{\"@id\":\"https:\\\/\\\/www.eldiario.net\\\/portal\\\/2026\\\/09\\\/03\\\/bloqueos-de-vias-por-diesel-afectan-a-santa-cruz\\\/\"},\"author\":{\"name\":\"Jeanette\",\"@id\":\"https:\\\/\\\/www.eldiario.net\\\/portal\\\/#\\\/schema\\\/person\\\/f46445640444750d7d753ccd04ae01b7\"},\"headline\":\"Bloqueos de v\u00edas por di\u00e9sel afectan a Santa Cruz\",\"datePublished\":\"2026-09-03T10:12:15+00:00\",\"mainEntityOfPage\":{\"@id\":\"https:\\\/\\\/www.eldiario.net\\\/portal\\\/2026\\\/09\\\/03\\\/bloqueos-de-vias-por-diesel-afectan-a-santa-cruz\\\/\"},\"wordCount\":475,\"publisher\":{\"@id\":\"https:\\\/\\\/www.eldiario.net\\\/portal\\\/#organization\"},\"image\":{\"@id\":\"https:\\\/\\\/www.eldiario.net\\\/portal\\\/2026\\\/09\\\/03\\\/bloqueos-de-vias-por-diesel-afectan-a-santa-cruz\\\/#primaryimage\"},\"thumbnailUrl\":\"https:\\\/\\\/www.eldiario.net\\\/portal\\\/wp-content\\\/uploads\\\/2026\\\/09\\\/BLOQUEO-FOTO.webp\",\"articleSection\":[\"Nacional\"],\"inLanguage\":\"es\"},{\"@type\":\"WebPage\",\"@id\":\"https:\\\/\\\/www.eldiario.net\\\/portal\\\/2026\\\/09\\\/03\\\/bloqueos-de-vias-por-diesel-afectan-a-santa-cruz\\\/\",\"url\":\"https:\\\/\\\/www.eldiario.net\\\/portal\\\/2026\\\/09\\\/03\\\/bloqueos-de-vias-por-diesel-afectan-a-santa-cruz\\\/\",\"name\":\"Bloqueos de v\u00edas por di\u00e9sel afectan a Santa Cruz - El Diario - Bolivia\",\"isPartOf\":{\"@id\":\"https:\\\/\\\/www.eldiario.net\\\/portal\\\/#website\"},\"primaryImageOfPage\":{\"@id\":\"https:\\\/\\\/www.eldiario.net\\\/portal\\\/2026\\\/09\\\/03\\\/bloqueos-de-vias-por-diesel-afectan-a-santa-cruz\\\/#primaryimage\"},\"image\":{\"@id\":\"https:\\\/\\\/www.eldiario.net\\\/portal\\\/2026\\\/09\\\/03\\\/bloqueos-de-vias-por-diesel-afectan-a-santa-cruz\\\/#primaryimage\"},\"thumbnailUrl\":\"https:\\\/\\\/www.eldiario.net\\\/portal\\\/wp-content\\\/uploads\\\/2026\\\/09\\\/BLOQUEO-FOTO.webp\",\"datePublished\":\"2026-09-03T10:12:15+00:00\",\"breadcrumb\":{\"@id\":\"https:\\\/\\\/www.eldiario.net\\\/portal\\\/2026\\\/09\\\/03\\\/bloqueos-de-vias-por-diesel-afectan-a-santa-cruz\\\/#breadcrumb\"},\"inLanguage\":\"es\",\"potentialAction\":[{\"@type\":\"ReadAction\",\"target\":[\"https:\\\/\\\/www.eldiario.net\\\/portal\\\/2026\\\/09\\\/03\\\/bloqueos-de-vias-por-diesel-afectan-a-santa-cruz\\\/\"]}]},{\"@type\":\"ImageObject\",\"inLanguage\":\"es\",\"@id\":\"https:\\\/\\\/www.eldiario.net\\\/portal\\\/2026\\\/09\\\/03\\\/bloqueos-de-vias-por-diesel-afectan-a-santa-cruz\\\/#primaryimage\",\"url\":\"https:\\\/\\\/www.eldiario.net\\\/portal\\\/wp-content\\\/uploads\\\/2026\\\/09\\\/BLOQUEO-FOTO.webp\",\"contentUrl\":\"https:\\\/\\\/www.eldiario.net\\\/portal\\\/wp-content\\\/uploads\\\/2026\\\/09\\\/BLOQUEO-FOTO.webp\",\"width\":1024,\"height\":436,\"caption\":\"Bloqueo en San Juli\u00e1n. Foto: RRSS\"},{\"@type\":\"BreadcrumbList\",\"@id\":\"https:\\\/\\\/www.eldiario.net\\\/portal\\\/2026\\\/09\\\/03\\\/bloqueos-de-vias-por-diesel-afectan-a-santa-cruz\\\/#breadcrumb\",\"itemListElement\":[{\"@type\":\"ListItem\",\"position\":1,\"name\":\"Portada\",\"item\":\"https:\\\/\\\/www.eldiario.net\\\/portal\\\/\"},{\"@type\":\"ListItem\",\"position\":2,\"name\":\"Bloqueos de v\u00edas por di\u00e9sel afectan a Santa Cruz\"}]},{\"@type\":\"WebSite\",\"@id\":\"https:\\\/\\\/www.eldiario.net\\\/portal\\\/#website\",\"url\":\"https:\\\/\\\/www.eldiario.net\\\/portal\\\/\",\"name\":\"El Diario - Decano de la prensa nacional\",\"description\":\"El Diario - Decano de la prensa nacional\",\"publisher\":{\"@id\":\"https:\\\/\\\/www.eldiario.net\\\/portal\\\/#organization\"},\"potentialAction\":[{\"@type\":\"SearchAction\",\"target\":{\"@type\":\"EntryPoint\",\"urlTemplate\":\"https:\\\/\\\/www.eldiario.net\\\/portal\\\/?s={search_term_string}\"},\"query-input\":{\"@type\":\"PropertyValueSpecification\",\"valueRequired\":true,\"valueName\":\"search_term_string\"}}],\"inLanguage\":\"es\"},{\"@type\":\"Organization\",\"@id\":\"https:\\\/\\\/www.eldiario.net\\\/portal\\\/#organization\",\"name\":\"El Diario - Decano de la prensa nacional\",\"url\":\"https:\\\/\\\/www.eldiario.net\\\/portal\\\/\",\"logo\":{\"@type\":\"ImageObject\",\"inLanguage\":\"es\",\"@id\":\"https:\\\/\\\/www.eldiario.net\\\/portal\\\/#\\\/schema\\\/logo\\\/image\\\/\",\"url\":\"https:\\\/\\\/www.eldiario.net\\\/portal\\\/wp-content\\\/uploads\\\/2023\\\/07\\\/logo_ED.jpg\",\"contentUrl\":\"https:\\\/\\\/www.eldiario.net\\\/portal\\\/wp-content\\\/uploads\\\/2023\\\/07\\\/logo_ED.jpg\",\"width\":272,\"height\":52,\"caption\":\"El Diario - Decano de la prensa nacional\"},\"image\":{\"@id\":\"https:\\\/\\\/www.eldiario.net\\\/portal\\\/#\\\/schema\\\/logo\\\/image\\\/\"},\"sameAs\":[\"https:\\\/\\\/www.facebook.com\\\/eldiario.bolivia\\\/\",\"https:\\\/\\\/x.com\\\/eldiario_net\"]},{\"@type\":\"Person\",\"@id\":\"https:\\\/\\\/www.eldiario.net\\\/portal\\\/#\\\/schema\\\/person\\\/f46445640444750d7d753ccd04ae01b7\",\"name\":\"Jeanette\",\"image\":{\"@type\":\"ImageObject\",\"inLanguage\":\"es\",\"@id\":\"https:\\\/\\\/secure.gravatar.com\\\/avatar\\\/3ea2118a5f7dad2b7138b1187a6b7ee55f160b9968b66013c3a3ef39dd7e5798?s=96&d=mm&r=g\",\"url\":\"https:\\\/\\\/secure.gravatar.com\\\/avatar\\\/3ea2118a5f7dad2b7138b1187a6b7ee55f160b9968b66013c3a3ef39dd7e5798?s=96&d=mm&r=g\",\"contentUrl\":\"https:\\\/\\\/secure.gravatar.com\\\/avatar\\\/3ea2118a5f7dad2b7138b1187a6b7ee55f160b9968b66013c3a3ef39dd7e5798?s=96&d=mm&r=g\",\"caption\":\"Jeanette\"},\"sameAs\":[\"https:\\\/\\\/www.eldiario.net\\\/portal\"],\"url\":\"https:\\\/\\\/www.eldiario.net\\\/portal\\\/author\\\/jeanette\\\/\"}]}<\/script>\n<!-- \/ Yoast SEO plugin. -->","yoast_head_json":{"title":"Bloqueos de v\u00edas por di\u00e9sel afectan a Santa Cruz - El Diario - Bolivia","robots":{"index":"index","follow":"follow","max-snippet":"max-snippet:-1","max-image-preview":"max-image-preview:large","max-video-preview":"max-video-preview:-1"},"canonical":"https:\/\/www.eldiario.net\/portal\/2026\/09\/03\/bloqueos-de-vias-por-diesel-afectan-a-santa-cruz\/","og_locale":"es_ES","og_type":"article","og_title":"Bloqueos de v\u00edas por di\u00e9sel afectan a Santa Cruz - El Diario - Bolivia","og_description":"Los productores agr\u00edcolas e interculturales instalaron ayer bloqueos en diferentes puntos del departamento de Santa Cruz, en rechazo al Decreto Supremo 5676, con cortes en la carretera hacia Beni y en la ruta nueva que conecta con Cochabamba. Las medidas de presi\u00f3n fueron asumidas por organizaciones de San Juli\u00e1n, Cuatro Ca\u00f1adas y Yapacan\u00ed, que exigen [&hellip;]","og_url":"https:\/\/www.eldiario.net\/portal\/2026\/09\/03\/bloqueos-de-vias-por-diesel-afectan-a-santa-cruz\/","og_site_name":"El Diario - Bolivia","article_publisher":"https:\/\/www.facebook.com\/eldiario.bolivia\/","article_published_time":"2026-09-03T10:12:15+00:00","og_image":[{"width":1024,"height":436,"url":"https:\/\/www.eldiario.net\/portal\/wp-content\/uploads\/2026\/09\/BLOQUEO-FOTO.webp","type":"image\/webp"}],"author":"Jeanette","twitter_card":"summary_large_image","twitter_creator":"@eldiario_net","twitter_site":"@eldiario_net","twitter_misc":{"Escrito por":"Jeanette","Tiempo de lectura":"3 minutos"},"schema":{"@context":"https:\/\/schema.org","@graph":[{"@type":"Article","@id":"https:\/\/www.eldiario.net\/portal\/2026\/09\/03\/bloqueos-de-vias-por-diesel-afectan-a-santa-cruz\/#article","isPartOf":{"@id":"https:\/\/www.eldiario.net\/portal\/2026\/09\/03\/bloqueos-de-vias-por-diesel-afectan-a-santa-cruz\/"},"author":{"name":"Jeanette","@id":"https:\/\/www.eldiario.net\/portal\/#\/schema\/person\/f46445640444750d7d753ccd04ae01b7"},"headline":"Bloqueos de v\u00edas por di\u00e9sel afectan a Santa Cruz","datePublished":"2026-09-03T10:12:15+00:00","mainEntityOfPage":{"@id":"https:\/\/www.eldiario.net\/portal\/2026\/09\/03\/bloqueos-de-vias-por-diesel-afectan-a-santa-cruz\/"},"wordCount":475,"publisher":{"@id":"https:\/\/www.eldiario.net\/portal\/#organization"},"image":{"@id":"https:\/\/www.eldiario.net\/portal\/2026\/09\/03\/bloqueos-de-vias-por-diesel-afectan-a-santa-cruz\/#primaryimage"},"thumbnailUrl":"https:\/\/www.eldiario.net\/portal\/wp-content\/uploads\/2026\/09\/BLOQUEO-FOTO.webp","articleSection":["Nacional"],"inLanguage":"es"},{"@type":"WebPage","@id":"https:\/\/www.eldiario.net\/portal\/2026\/09\/03\/bloqueos-de-vias-por-diesel-afectan-a-santa-cruz\/","url":"https:\/\/www.eldiario.net\/portal\/2026\/09\/03\/bloqueos-de-vias-por-diesel-afectan-a-santa-cruz\/","name":"Bloqueos de v\u00edas por di\u00e9sel afectan a Santa Cruz - El Diario - Bolivia","isPartOf":{"@id":"https:\/\/www.eldiario.net\/portal\/#website"},"primaryImageOfPage":{"@id":"https:\/\/www.eldiario.net\/portal\/2026\/09\/03\/bloqueos-de-vias-por-diesel-afectan-a-santa-cruz\/#primaryimage"},"image":{"@id":"https:\/\/www.eldiario.net\/portal\/2026\/09\/03\/bloqueos-de-vias-por-diesel-afectan-a-santa-cruz\/#primaryimage"},"thumbnailUrl":"https:\/\/www.eldiario.net\/portal\/wp-content\/uploads\/2026\/09\/BLOQUEO-FOTO.webp","datePublished":"2026-09-03T10:12:15+00:00","breadcrumb":{"@id":"https:\/\/www.eldiario.net\/portal\/2026\/09\/03\/bloqueos-de-vias-por-diesel-afectan-a-santa-cruz\/#breadcrumb"},"inLanguage":"es","potentialAction":[{"@type":"ReadAction","target":["https:\/\/www.eldiario.net\/portal\/2026\/09\/03\/bloqueos-de-vias-por-diesel-afectan-a-santa-cruz\/"]}]},{"@type":"ImageObject","inLanguage":"es","@id":"https:\/\/www.eldiario.net\/portal\/2026\/09\/03\/bloqueos-de-vias-por-diesel-afectan-a-santa-cruz\/#primaryimage","url":"https:\/\/www.eldiario.net\/portal\/wp-content\/uploads\/2026\/09\/BLOQUEO-FOTO.webp","contentUrl":"https:\/\/www.eldiario.net\/portal\/wp-content\/uploads\/2026\/09\/BLOQUEO-FOTO.webp","width":1024,"height":436,"caption":"Bloqueo en San Juli\u00e1n. Foto: RRSS"},{"@type":"BreadcrumbList","@id":"https:\/\/www.eldiario.net\/portal\/2026\/09\/03\/bloqueos-de-vias-por-diesel-afectan-a-santa-cruz\/#breadcrumb","itemListElement":[{"@type":"ListItem","position":1,"name":"Portada","item":"https:\/\/www.eldiario.net\/portal\/"},{"@type":"ListItem","position":2,"name":"Bloqueos de v\u00edas por di\u00e9sel afectan a Santa Cruz"}]},{"@type":"WebSite","@id":"https:\/\/www.eldiario.net\/portal\/#website","url":"https:\/\/www.eldiario.net\/portal\/","name":"El Diario - Decano de la prensa nacional","description":"El Diario - Decano de la prensa nacional","publisher":{"@id":"https:\/\/www.eldiario.net\/portal\/#organization"},"potentialAction":[{"@type":"SearchAction","target":{"@type":"EntryPoint","urlTemplate":"https:\/\/www.eldiario.net\/portal\/?s={search_term_string}"},"query-input":{"@type":"PropertyValueSpecification","valueRequired":true,"valueName":"search_term_string"}}],"inLanguage":"es"},{"@type":"Organization","@id":"https:\/\/www.eldiario.net\/portal\/#organization","name":"El Diario - Decano de la prensa nacional","url":"https:\/\/www.eldiario.net\/portal\/","logo":{"@type":"ImageObject","inLanguage":"es","@id":"https:\/\/www.eldiario.net\/portal\/#\/schema\/logo\/image\/","url":"https:\/\/www.eldiario.net\/portal\/wp-content\/uploads\/2023\/07\/logo_ED.jpg","contentUrl":"https:\/\/www.eldiario.net\/portal\/wp-content\/uploads\/2023\/07\/logo_ED.jpg","width":272,"height":52,"caption":"El Diario - Decano de la prensa nacional"},"image":{"@id":"https:\/\/www.eldiario.net\/portal\/#\/schema\/logo\/image\/"},"sameAs":["https:\/\/www.facebook.com\/eldiario.bolivia\/","https:\/\/x.com\/eldiario_net"]},{"@type":"Person","@id":"https:\/\/www.eldiario.net\/portal\/#\/schema\/person\/f46445640444750d7d753ccd04ae01b7","name":"Jeanette","image":{"@type":"ImageObject","inLanguage":"es","@id":"https:\/\/secure.gravatar.com\/avatar\/3ea2118a5f7dad2b7138b1187a6b7ee55f160b9968b66013c3a3ef39dd7e5798?s=96&d=mm&r=g","url":"https:\/\/secure.gravatar.com\/avatar\/3ea2118a5f7dad2b7138b1187a6b7ee55f160b9968b66013c3a3ef39dd7e5798?s=96&d=mm&r=g","contentUrl":"https:\/\/secure.gravatar.com\/avatar\/3ea2118a5f7dad2b7138b1187a6b7ee55f160b9968b66013c3a3ef39dd7e5798?s=96&d=mm&r=g","caption":"Jeanette"},"sameAs":["https:\/\/www.eldiario.net\/portal"],"url":"https:\/\/www.eldiario.net\/portal\/author\/jeanette\/"}]}},"_links":{"self":[{"href":"https:\/\/www.eldiario.net\/portal\/wp-json\/wp\/v2\/posts\/427270","targetHints":{"allow":["GET"]}}],"collection":[{"href":"https:\/\/www.eldiario.net\/portal\/wp-json\/wp\/v2\/posts"}],"about":[{"href":"https:\/\/www.eldiario.net\/portal\/wp-json\/wp\/v2\/types\/post"}],"author":[{"embeddable":true,"href":"https:\/\/www.eldiario.net\/portal\/wp-json\/wp\/v2\/users\/1"}],"replies":[{"embeddable":true,"href":"https:\/\/www.eldiario.net\/portal\/wp-json\/wp\/v2\/comments?post=427270"}],"version-history":[{"count":1,"href":"https:\/\/www.eldiario.net\/portal\/wp-json\/wp\/v2\/posts\/427270\/revisions"}],"predecessor-version":[{"id":427272,"href":"https:\/\/www.eldiario.net\/portal\/wp-json\/wp\/v2\/posts\/427270\/revisions\/427272"}],"wp:featuredmedia":[{"embeddable":true,"href":"https:\/\/www.eldiario.net\/portal\/wp-json\/wp\/v2\/media\/427271"}],"wp:attachment":[{"href":"https:\/\/www.eldiario.net\/portal\/wp-json\/wp\/v2\/media?parent=427270"}],"wp:term":[{"taxonomy":"category","embeddable":true,"href":"https:\/\/www.eldiario.net\/portal\/wp-json\/wp\/v2\/categories?post=427270"},{"taxonomy":"post_tag","embeddable":true,"href":"https:\/\/www.eldiario.net\/portal\/wp-json\/wp\/v2\/tags?post=427270"}],"curies":[{"name":"wp","href":"https:\/\/api.w.org\/{rel}","templated":true}]}}