{"id":427267,"date":"2026-09-03T06:11:40","date_gmt":"2026-09-03T10:11:40","guid":{"rendered":"https:\/\/www.eldiario.net\/portal\/?p=427267"},"modified":"2026-09-03T06:11:40","modified_gmt":"2026-09-03T10:11:40","slug":"dia-del-peaton-sera-hasta-las-1800-horas-de-este-domingo","status":"publish","type":"post","link":"https:\/\/www.eldiario.net\/portal\/2026\/09\/03\/dia-del-peaton-sera-hasta-las-1800-horas-de-este-domingo\/","title":{"rendered":"D\u00eda del Peat\u00f3n ser\u00e1 hasta las 18:00 horas de este domingo"},"content":{"rendered":"<p>El D\u00eda Nacional del Peat\u00f3n y del Ciclista se desarrollar\u00e1 este domingo 6 de septiembre, desde las 00:00 hasta las 18:00, con actividades deportivas y recreativas, adem\u00e1s de controles en distintos sectores de Cochabamba.<\/p>\n<p>Los organizadores informaron que una de las principales actividades ser\u00e1 la tradicional caravana, que tendr\u00e1 un recorrido de 7,24 kil\u00f3metros. La concentraci\u00f3n comenzar\u00e1 en el Parque Bicentenario y concluir\u00e1 en la Plaza de las Banderas.<\/p>\n<p>El director de Medio Ambiente, Elvis Guti\u00e9rrez, se\u00f1al\u00f3 que durante la jornada se habilitar\u00e1n diferentes espacios destinados a promover la actividad f\u00edsica y el cuidado del medioambiente.<\/p>\n<p>Por su parte, la directora de Deportes, Carola Loma, indic\u00f3 que en la Plaza de las Banderas se desarrollar\u00e1n diversas actividades deportivas y recreativas, adem\u00e1s de la entrega de premios, entre ellos becas para escuelas deportivas y campos deportivos.<\/p>\n<p>A partir de la medianoche estar\u00e1 prohibida la venta y el consumo de bebidas alcoh\u00f3licas. Como parte de las medidas preventivas, se notific\u00f3 previamente a establecimientos y actividades nocturnas sobre las restricciones previstas para la jornada.<\/p>\n<p>El director de la Intendencia, Enrique Navia, record\u00f3 a los comerciantes la obligaci\u00f3n de disponer de recipientes para residuos con el objetivo de evitar la acumulaci\u00f3n de basura en calles y espacios p\u00fablicos.<\/p>\n<p>En tanto, el director de Seguridad Ciudadana, Bryan L\u00f3pez, inform\u00f3 que se desplegar\u00e1 personal en diferentes puntos de la ciudad para realizar tareas de control y patrullaje. Tambi\u00e9n exhort\u00f3 a la poblaci\u00f3n a participar de actividades saludables y respetar las disposiciones establecidas.<\/p>\n<p>El gerente de la Empresa Municipal de Servicio y Aseo (EMSA), Ren\u00e9 Quiroga, inform\u00f3 que se ejecutar\u00e1 un plan especial de limpieza durante y despu\u00e9s del D\u00eda del Peat\u00f3n.<\/p>\n<p>Para este prop\u00f3sito se instalar\u00e1n contenedores en diferentes sectores de Cochabamba y se reforzar\u00e1n las tareas de recolecci\u00f3n de residuos.<\/p>\n<p>Quiroga pidi\u00f3 a la poblaci\u00f3n utilizar los basureros habilitados y contribuir a mantener limpios los espacios p\u00fablicos durante toda la jornada. (Cochabamba, agencias)<\/p>\n","protected":false},"excerpt":{"rendered":"<p>El D\u00eda Nacional del Peat\u00f3n y del Ciclista se desarrollar\u00e1 este domingo 6 de septiembre, desde las 00:00 hasta las 18:00, con actividades deportivas y recreativas, adem\u00e1s de controles en distintos sectores de Cochabamba. Los organizadores informaron que una de las principales actividades ser\u00e1 la tradicional caravana, que tendr\u00e1 un recorrido de 7,24 kil\u00f3metros. La [&hellip;]<\/p>\n","protected":false},"author":1,"featured_media":427268,"comment_status":"closed","ping_status":"open","sticky":false,"template":"","format":"standard","meta":{"_acf_changed":false,"footnotes":""},"categories":[12],"tags":[],"class_list":["post-427267","post","type-post","status-publish","format-standard","has-post-thumbnail","category-nacional"],"acf":{"antetitulo":"Cochabamba"},"yoast_head":"<!-- This site is optimized with the Yoast SEO plugin v28.4 - https:\/\/yoast.com\/product\/yoast-seo-wordpress\/ -->\n<title>D\u00eda del Peat\u00f3n ser\u00e1 hasta las 18:00 horas de este domingo - El Diario - Bolivia<\/title>\n<meta name=\"robots\" content=\"index, follow, max-snippet:-1, max-image-preview:large, max-video-preview:-1\" \/>\n<link rel=\"canonical\" href=\"https:\/\/www.eldiario.net\/portal\/2026\/09\/03\/dia-del-peaton-sera-hasta-las-1800-horas-de-este-domingo\/\" \/>\n<meta property=\"og:locale\" content=\"es_ES\" \/>\n<meta property=\"og:type\" content=\"article\" \/>\n<meta property=\"og:title\" content=\"D\u00eda del Peat\u00f3n ser\u00e1 hasta las 18:00 horas de este domingo - El Diario - Bolivia\" \/>\n<meta property=\"og:description\" content=\"El D\u00eda Nacional del Peat\u00f3n y del Ciclista se desarrollar\u00e1 este domingo 6 de septiembre, desde las 00:00 hasta las 18:00, con actividades deportivas y recreativas, adem\u00e1s de controles en distintos sectores de Cochabamba. Los organizadores informaron que una de las principales actividades ser\u00e1 la tradicional caravana, que tendr\u00e1 un recorrido de 7,24 kil\u00f3metros. La [&hellip;]\" \/>\n<meta property=\"og:url\" content=\"https:\/\/www.eldiario.net\/portal\/2026\/09\/03\/dia-del-peaton-sera-hasta-las-1800-horas-de-este-domingo\/\" \/>\n<meta property=\"og:site_name\" content=\"El Diario - Bolivia\" \/>\n<meta property=\"article:publisher\" content=\"https:\/\/www.facebook.com\/eldiario.bolivia\/\" \/>\n<meta property=\"article:published_time\" content=\"2026-09-03T10:11:40+00:00\" \/>\n<meta property=\"og:image\" content=\"https:\/\/www.eldiario.net\/portal\/wp-content\/uploads\/2026\/09\/DIA-FOTO-1.webp\" \/>\n\t<meta property=\"og:image:width\" content=\"1280\" \/>\n\t<meta property=\"og:image:height\" content=\"720\" \/>\n\t<meta property=\"og:image:type\" content=\"image\/webp\" \/>\n<meta name=\"author\" content=\"Jeanette\" \/>\n<meta name=\"twitter:card\" content=\"summary_large_image\" \/>\n<meta name=\"twitter:creator\" content=\"@eldiario_net\" \/>\n<meta name=\"twitter:site\" content=\"@eldiario_net\" \/>\n<meta name=\"twitter:label1\" content=\"Escrito por\" \/>\n\t<meta name=\"twitter:data1\" content=\"Jeanette\" \/>\n\t<meta name=\"twitter:label2\" content=\"Tiempo de lectura\" \/>\n\t<meta name=\"twitter:data2\" content=\"2 minutos\" \/>\n<script type=\"application\/ld+json\" class=\"yoast-schema-graph\">{\"@context\":\"https:\\\/\\\/schema.org\",\"@graph\":[{\"@type\":\"Article\",\"@id\":\"https:\\\/\\\/www.eldiario.net\\\/portal\\\/2026\\\/09\\\/03\\\/dia-del-peaton-sera-hasta-las-1800-horas-de-este-domingo\\\/#article\",\"isPartOf\":{\"@id\":\"https:\\\/\\\/www.eldiario.net\\\/portal\\\/2026\\\/09\\\/03\\\/dia-del-peaton-sera-hasta-las-1800-horas-de-este-domingo\\\/\"},\"author\":{\"name\":\"Jeanette\",\"@id\":\"https:\\\/\\\/www.eldiario.net\\\/portal\\\/#\\\/schema\\\/person\\\/f46445640444750d7d753ccd04ae01b7\"},\"headline\":\"D\u00eda del Peat\u00f3n ser\u00e1 hasta las 18:00 horas de este domingo\",\"datePublished\":\"2026-09-03T10:11:40+00:00\",\"mainEntityOfPage\":{\"@id\":\"https:\\\/\\\/www.eldiario.net\\\/portal\\\/2026\\\/09\\\/03\\\/dia-del-peaton-sera-hasta-las-1800-horas-de-este-domingo\\\/\"},\"wordCount\":353,\"publisher\":{\"@id\":\"https:\\\/\\\/www.eldiario.net\\\/portal\\\/#organization\"},\"image\":{\"@id\":\"https:\\\/\\\/www.eldiario.net\\\/portal\\\/2026\\\/09\\\/03\\\/dia-del-peaton-sera-hasta-las-1800-horas-de-este-domingo\\\/#primaryimage\"},\"thumbnailUrl\":\"https:\\\/\\\/www.eldiario.net\\\/portal\\\/wp-content\\\/uploads\\\/2026\\\/09\\\/DIA-FOTO-1.webp\",\"articleSection\":[\"Nacional\"],\"inLanguage\":\"es\"},{\"@type\":\"WebPage\",\"@id\":\"https:\\\/\\\/www.eldiario.net\\\/portal\\\/2026\\\/09\\\/03\\\/dia-del-peaton-sera-hasta-las-1800-horas-de-este-domingo\\\/\",\"url\":\"https:\\\/\\\/www.eldiario.net\\\/portal\\\/2026\\\/09\\\/03\\\/dia-del-peaton-sera-hasta-las-1800-horas-de-este-domingo\\\/\",\"name\":\"D\u00eda del Peat\u00f3n ser\u00e1 hasta las 18:00 horas de este domingo - El Diario - Bolivia\",\"isPartOf\":{\"@id\":\"https:\\\/\\\/www.eldiario.net\\\/portal\\\/#website\"},\"primaryImageOfPage\":{\"@id\":\"https:\\\/\\\/www.eldiario.net\\\/portal\\\/2026\\\/09\\\/03\\\/dia-del-peaton-sera-hasta-las-1800-horas-de-este-domingo\\\/#primaryimage\"},\"image\":{\"@id\":\"https:\\\/\\\/www.eldiario.net\\\/portal\\\/2026\\\/09\\\/03\\\/dia-del-peaton-sera-hasta-las-1800-horas-de-este-domingo\\\/#primaryimage\"},\"thumbnailUrl\":\"https:\\\/\\\/www.eldiario.net\\\/portal\\\/wp-content\\\/uploads\\\/2026\\\/09\\\/DIA-FOTO-1.webp\",\"datePublished\":\"2026-09-03T10:11:40+00:00\",\"breadcrumb\":{\"@id\":\"https:\\\/\\\/www.eldiario.net\\\/portal\\\/2026\\\/09\\\/03\\\/dia-del-peaton-sera-hasta-las-1800-horas-de-este-domingo\\\/#breadcrumb\"},\"inLanguage\":\"es\",\"potentialAction\":[{\"@type\":\"ReadAction\",\"target\":[\"https:\\\/\\\/www.eldiario.net\\\/portal\\\/2026\\\/09\\\/03\\\/dia-del-peaton-sera-hasta-las-1800-horas-de-este-domingo\\\/\"]}]},{\"@type\":\"ImageObject\",\"inLanguage\":\"es\",\"@id\":\"https:\\\/\\\/www.eldiario.net\\\/portal\\\/2026\\\/09\\\/03\\\/dia-del-peaton-sera-hasta-las-1800-horas-de-este-domingo\\\/#primaryimage\",\"url\":\"https:\\\/\\\/www.eldiario.net\\\/portal\\\/wp-content\\\/uploads\\\/2026\\\/09\\\/DIA-FOTO-1.webp\",\"contentUrl\":\"https:\\\/\\\/www.eldiario.net\\\/portal\\\/wp-content\\\/uploads\\\/2026\\\/09\\\/DIA-FOTO-1.webp\",\"width\":1280,\"height\":720,\"caption\":\"Responsables de la organizaci\u00f3n del D\u00eda del Peat\u00f3n. Foto: RRSS\"},{\"@type\":\"BreadcrumbList\",\"@id\":\"https:\\\/\\\/www.eldiario.net\\\/portal\\\/2026\\\/09\\\/03\\\/dia-del-peaton-sera-hasta-las-1800-horas-de-este-domingo\\\/#breadcrumb\",\"itemListElement\":[{\"@type\":\"ListItem\",\"position\":1,\"name\":\"Portada\",\"item\":\"https:\\\/\\\/www.eldiario.net\\\/portal\\\/\"},{\"@type\":\"ListItem\",\"position\":2,\"name\":\"D\u00eda del Peat\u00f3n ser\u00e1 hasta las 18:00 horas de este domingo\"}]},{\"@type\":\"WebSite\",\"@id\":\"https:\\\/\\\/www.eldiario.net\\\/portal\\\/#website\",\"url\":\"https:\\\/\\\/www.eldiario.net\\\/portal\\\/\",\"name\":\"El Diario - Decano de la prensa nacional\",\"description\":\"El Diario - Decano de la prensa nacional\",\"publisher\":{\"@id\":\"https:\\\/\\\/www.eldiario.net\\\/portal\\\/#organization\"},\"potentialAction\":[{\"@type\":\"SearchAction\",\"target\":{\"@type\":\"EntryPoint\",\"urlTemplate\":\"https:\\\/\\\/www.eldiario.net\\\/portal\\\/?s={search_term_string}\"},\"query-input\":{\"@type\":\"PropertyValueSpecification\",\"valueRequired\":true,\"valueName\":\"search_term_string\"}}],\"inLanguage\":\"es\"},{\"@type\":\"Organization\",\"@id\":\"https:\\\/\\\/www.eldiario.net\\\/portal\\\/#organization\",\"name\":\"El Diario - Decano de la prensa nacional\",\"url\":\"https:\\\/\\\/www.eldiario.net\\\/portal\\\/\",\"logo\":{\"@type\":\"ImageObject\",\"inLanguage\":\"es\",\"@id\":\"https:\\\/\\\/www.eldiario.net\\\/portal\\\/#\\\/schema\\\/logo\\\/image\\\/\",\"url\":\"https:\\\/\\\/www.eldiario.net\\\/portal\\\/wp-content\\\/uploads\\\/2023\\\/07\\\/logo_ED.jpg\",\"contentUrl\":\"https:\\\/\\\/www.eldiario.net\\\/portal\\\/wp-content\\\/uploads\\\/2023\\\/07\\\/logo_ED.jpg\",\"width\":272,\"height\":52,\"caption\":\"El Diario - Decano de la prensa nacional\"},\"image\":{\"@id\":\"https:\\\/\\\/www.eldiario.net\\\/portal\\\/#\\\/schema\\\/logo\\\/image\\\/\"},\"sameAs\":[\"https:\\\/\\\/www.facebook.com\\\/eldiario.bolivia\\\/\",\"https:\\\/\\\/x.com\\\/eldiario_net\"]},{\"@type\":\"Person\",\"@id\":\"https:\\\/\\\/www.eldiario.net\\\/portal\\\/#\\\/schema\\\/person\\\/f46445640444750d7d753ccd04ae01b7\",\"name\":\"Jeanette\",\"image\":{\"@type\":\"ImageObject\",\"inLanguage\":\"es\",\"@id\":\"https:\\\/\\\/secure.gravatar.com\\\/avatar\\\/3ea2118a5f7dad2b7138b1187a6b7ee55f160b9968b66013c3a3ef39dd7e5798?s=96&d=mm&r=g\",\"url\":\"https:\\\/\\\/secure.gravatar.com\\\/avatar\\\/3ea2118a5f7dad2b7138b1187a6b7ee55f160b9968b66013c3a3ef39dd7e5798?s=96&d=mm&r=g\",\"contentUrl\":\"https:\\\/\\\/secure.gravatar.com\\\/avatar\\\/3ea2118a5f7dad2b7138b1187a6b7ee55f160b9968b66013c3a3ef39dd7e5798?s=96&d=mm&r=g\",\"caption\":\"Jeanette\"},\"sameAs\":[\"https:\\\/\\\/www.eldiario.net\\\/portal\"],\"url\":\"https:\\\/\\\/www.eldiario.net\\\/portal\\\/author\\\/jeanette\\\/\"}]}<\/script>\n<!-- \/ Yoast SEO plugin. -->","yoast_head_json":{"title":"D\u00eda del Peat\u00f3n ser\u00e1 hasta las 18:00 horas de este domingo - El Diario - Bolivia","robots":{"index":"index","follow":"follow","max-snippet":"max-snippet:-1","max-image-preview":"max-image-preview:large","max-video-preview":"max-video-preview:-1"},"canonical":"https:\/\/www.eldiario.net\/portal\/2026\/09\/03\/dia-del-peaton-sera-hasta-las-1800-horas-de-este-domingo\/","og_locale":"es_ES","og_type":"article","og_title":"D\u00eda del Peat\u00f3n ser\u00e1 hasta las 18:00 horas de este domingo - El Diario - Bolivia","og_description":"El D\u00eda Nacional del Peat\u00f3n y del Ciclista se desarrollar\u00e1 este domingo 6 de septiembre, desde las 00:00 hasta las 18:00, con actividades deportivas y recreativas, adem\u00e1s de controles en distintos sectores de Cochabamba. Los organizadores informaron que una de las principales actividades ser\u00e1 la tradicional caravana, que tendr\u00e1 un recorrido de 7,24 kil\u00f3metros. La [&hellip;]","og_url":"https:\/\/www.eldiario.net\/portal\/2026\/09\/03\/dia-del-peaton-sera-hasta-las-1800-horas-de-este-domingo\/","og_site_name":"El Diario - Bolivia","article_publisher":"https:\/\/www.facebook.com\/eldiario.bolivia\/","article_published_time":"2026-09-03T10:11:40+00:00","og_image":[{"width":1280,"height":720,"url":"https:\/\/www.eldiario.net\/portal\/wp-content\/uploads\/2026\/09\/DIA-FOTO-1.webp","type":"image\/webp"}],"author":"Jeanette","twitter_card":"summary_large_image","twitter_creator":"@eldiario_net","twitter_site":"@eldiario_net","twitter_misc":{"Escrito por":"Jeanette","Tiempo de lectura":"2 minutos"},"schema":{"@context":"https:\/\/schema.org","@graph":[{"@type":"Article","@id":"https:\/\/www.eldiario.net\/portal\/2026\/09\/03\/dia-del-peaton-sera-hasta-las-1800-horas-de-este-domingo\/#article","isPartOf":{"@id":"https:\/\/www.eldiario.net\/portal\/2026\/09\/03\/dia-del-peaton-sera-hasta-las-1800-horas-de-este-domingo\/"},"author":{"name":"Jeanette","@id":"https:\/\/www.eldiario.net\/portal\/#\/schema\/person\/f46445640444750d7d753ccd04ae01b7"},"headline":"D\u00eda del Peat\u00f3n ser\u00e1 hasta las 18:00 horas de este domingo","datePublished":"2026-09-03T10:11:40+00:00","mainEntityOfPage":{"@id":"https:\/\/www.eldiario.net\/portal\/2026\/09\/03\/dia-del-peaton-sera-hasta-las-1800-horas-de-este-domingo\/"},"wordCount":353,"publisher":{"@id":"https:\/\/www.eldiario.net\/portal\/#organization"},"image":{"@id":"https:\/\/www.eldiario.net\/portal\/2026\/09\/03\/dia-del-peaton-sera-hasta-las-1800-horas-de-este-domingo\/#primaryimage"},"thumbnailUrl":"https:\/\/www.eldiario.net\/portal\/wp-content\/uploads\/2026\/09\/DIA-FOTO-1.webp","articleSection":["Nacional"],"inLanguage":"es"},{"@type":"WebPage","@id":"https:\/\/www.eldiario.net\/portal\/2026\/09\/03\/dia-del-peaton-sera-hasta-las-1800-horas-de-este-domingo\/","url":"https:\/\/www.eldiario.net\/portal\/2026\/09\/03\/dia-del-peaton-sera-hasta-las-1800-horas-de-este-domingo\/","name":"D\u00eda del Peat\u00f3n ser\u00e1 hasta las 18:00 horas de este domingo - El Diario - Bolivia","isPartOf":{"@id":"https:\/\/www.eldiario.net\/portal\/#website"},"primaryImageOfPage":{"@id":"https:\/\/www.eldiario.net\/portal\/2026\/09\/03\/dia-del-peaton-sera-hasta-las-1800-horas-de-este-domingo\/#primaryimage"},"image":{"@id":"https:\/\/www.eldiario.net\/portal\/2026\/09\/03\/dia-del-peaton-sera-hasta-las-1800-horas-de-este-domingo\/#primaryimage"},"thumbnailUrl":"https:\/\/www.eldiario.net\/portal\/wp-content\/uploads\/2026\/09\/DIA-FOTO-1.webp","datePublished":"2026-09-03T10:11:40+00:00","breadcrumb":{"@id":"https:\/\/www.eldiario.net\/portal\/2026\/09\/03\/dia-del-peaton-sera-hasta-las-1800-horas-de-este-domingo\/#breadcrumb"},"inLanguage":"es","potentialAction":[{"@type":"ReadAction","target":["https:\/\/www.eldiario.net\/portal\/2026\/09\/03\/dia-del-peaton-sera-hasta-las-1800-horas-de-este-domingo\/"]}]},{"@type":"ImageObject","inLanguage":"es","@id":"https:\/\/www.eldiario.net\/portal\/2026\/09\/03\/dia-del-peaton-sera-hasta-las-1800-horas-de-este-domingo\/#primaryimage","url":"https:\/\/www.eldiario.net\/portal\/wp-content\/uploads\/2026\/09\/DIA-FOTO-1.webp","contentUrl":"https:\/\/www.eldiario.net\/portal\/wp-content\/uploads\/2026\/09\/DIA-FOTO-1.webp","width":1280,"height":720,"caption":"Responsables de la organizaci\u00f3n del D\u00eda del Peat\u00f3n. Foto: RRSS"},{"@type":"BreadcrumbList","@id":"https:\/\/www.eldiario.net\/portal\/2026\/09\/03\/dia-del-peaton-sera-hasta-las-1800-horas-de-este-domingo\/#breadcrumb","itemListElement":[{"@type":"ListItem","position":1,"name":"Portada","item":"https:\/\/www.eldiario.net\/portal\/"},{"@type":"ListItem","position":2,"name":"D\u00eda del Peat\u00f3n ser\u00e1 hasta las 18:00 horas de este domingo"}]},{"@type":"WebSite","@id":"https:\/\/www.eldiario.net\/portal\/#website","url":"https:\/\/www.eldiario.net\/portal\/","name":"El Diario - Decano de la prensa nacional","description":"El Diario - Decano de la prensa nacional","publisher":{"@id":"https:\/\/www.eldiario.net\/portal\/#organization"},"potentialAction":[{"@type":"SearchAction","target":{"@type":"EntryPoint","urlTemplate":"https:\/\/www.eldiario.net\/portal\/?s={search_term_string}"},"query-input":{"@type":"PropertyValueSpecification","valueRequired":true,"valueName":"search_term_string"}}],"inLanguage":"es"},{"@type":"Organization","@id":"https:\/\/www.eldiario.net\/portal\/#organization","name":"El Diario - Decano de la prensa nacional","url":"https:\/\/www.eldiario.net\/portal\/","logo":{"@type":"ImageObject","inLanguage":"es","@id":"https:\/\/www.eldiario.net\/portal\/#\/schema\/logo\/image\/","url":"https:\/\/www.eldiario.net\/portal\/wp-content\/uploads\/2023\/07\/logo_ED.jpg","contentUrl":"https:\/\/www.eldiario.net\/portal\/wp-content\/uploads\/2023\/07\/logo_ED.jpg","width":272,"height":52,"caption":"El Diario - Decano de la prensa nacional"},"image":{"@id":"https:\/\/www.eldiario.net\/portal\/#\/schema\/logo\/image\/"},"sameAs":["https:\/\/www.facebook.com\/eldiario.bolivia\/","https:\/\/x.com\/eldiario_net"]},{"@type":"Person","@id":"https:\/\/www.eldiario.net\/portal\/#\/schema\/person\/f46445640444750d7d753ccd04ae01b7","name":"Jeanette","image":{"@type":"ImageObject","inLanguage":"es","@id":"https:\/\/secure.gravatar.com\/avatar\/3ea2118a5f7dad2b7138b1187a6b7ee55f160b9968b66013c3a3ef39dd7e5798?s=96&d=mm&r=g","url":"https:\/\/secure.gravatar.com\/avatar\/3ea2118a5f7dad2b7138b1187a6b7ee55f160b9968b66013c3a3ef39dd7e5798?s=96&d=mm&r=g","contentUrl":"https:\/\/secure.gravatar.com\/avatar\/3ea2118a5f7dad2b7138b1187a6b7ee55f160b9968b66013c3a3ef39dd7e5798?s=96&d=mm&r=g","caption":"Jeanette"},"sameAs":["https:\/\/www.eldiario.net\/portal"],"url":"https:\/\/www.eldiario.net\/portal\/author\/jeanette\/"}]}},"_links":{"self":[{"href":"https:\/\/www.eldiario.net\/portal\/wp-json\/wp\/v2\/posts\/427267","targetHints":{"allow":["GET"]}}],"collection":[{"href":"https:\/\/www.eldiario.net\/portal\/wp-json\/wp\/v2\/posts"}],"about":[{"href":"https:\/\/www.eldiario.net\/portal\/wp-json\/wp\/v2\/types\/post"}],"author":[{"embeddable":true,"href":"https:\/\/www.eldiario.net\/portal\/wp-json\/wp\/v2\/users\/1"}],"replies":[{"embeddable":true,"href":"https:\/\/www.eldiario.net\/portal\/wp-json\/wp\/v2\/comments?post=427267"}],"version-history":[{"count":1,"href":"https:\/\/www.eldiario.net\/portal\/wp-json\/wp\/v2\/posts\/427267\/revisions"}],"predecessor-version":[{"id":427269,"href":"https:\/\/www.eldiario.net\/portal\/wp-json\/wp\/v2\/posts\/427267\/revisions\/427269"}],"wp:featuredmedia":[{"embeddable":true,"href":"https:\/\/www.eldiario.net\/portal\/wp-json\/wp\/v2\/media\/427268"}],"wp:attachment":[{"href":"https:\/\/www.eldiario.net\/portal\/wp-json\/wp\/v2\/media?parent=427267"}],"wp:term":[{"taxonomy":"category","embeddable":true,"href":"https:\/\/www.eldiario.net\/portal\/wp-json\/wp\/v2\/categories?post=427267"},{"taxonomy":"post_tag","embeddable":true,"href":"https:\/\/www.eldiario.net\/portal\/wp-json\/wp\/v2\/tags?post=427267"}],"curies":[{"name":"wp","href":"https:\/\/api.w.org\/{rel}","templated":true}]}}