{"id":427261,"date":"2026-09-03T06:10:02","date_gmt":"2026-09-03T10:10:02","guid":{"rendered":"https:\/\/www.eldiario.net\/portal\/?p=427261"},"modified":"2026-09-03T06:10:02","modified_gmt":"2026-09-03T10:10:02","slug":"reprograman-para-el-10-de-septiembre-declaracion-de-exalcalde-fernandez","status":"publish","type":"post","link":"https:\/\/www.eldiario.net\/portal\/2026\/09\/03\/reprograman-para-el-10-de-septiembre-declaracion-de-exalcalde-fernandez\/","title":{"rendered":"Reprograman para el 10 de septiembre declaraci\u00f3n de exalcalde Fern\u00e1ndez"},"content":{"rendered":"<p>La declaraci\u00f3n del exalcalde de Santa Cruz de la Sierra, Jhonny Fern\u00e1ndez, fue reprogramada para el 10 de septiembre, dentro de la investigaci\u00f3n por un presunto sobreprecio en la adquisici\u00f3n de cuatro unidades m\u00f3viles durante su gesti\u00f3n.<\/p>\n<p>El abogado de la exautoridad, Samuel Dur\u00e1n, inform\u00f3 que present\u00f3 documentaci\u00f3n para justificar la inasistencia de su defendido a la convocatoria prevista para este martes, debido a problemas de salud.<\/p>\n<p>La investigaci\u00f3n se origin\u00f3 a partir de una denuncia presentada por la presidenta del Concejo Municipal, Luisa Nayar, quien observ\u00f3 el monto pagado por la Alcald\u00eda para la compra de cuatro unidades.<\/p>\n<p>Seg\u00fan la denuncia, el municipio desembols\u00f3 Bs 1,2 millones por cada veh\u00edculo, mientras que Nayar sostiene que el precio real ser\u00eda de aproximadamente Bs 433.000. De confirmarse esos datos, la diferencia se acercar\u00eda a Bs 700.000 por unidad.<\/p>\n<p>Dur\u00e1n se\u00f1al\u00f3 que la documentaci\u00f3n m\u00e9dica presentada respalda la ausencia de Fern\u00e1ndez y que, tras la reprogramaci\u00f3n, su declaraci\u00f3n deber\u00e1 realizarse el 10 de septiembre.<\/p>\n<p>Por su parte, Nayar cuestion\u00f3 la inasistencia del exalcalde y anunci\u00f3 que solicitar\u00e1 su aprehensi\u00f3n.<\/p>\n<p>\u201cLamentablemente por la inasistencia de Jhonny Fern\u00e1ndez se suspendi\u00f3 la audiencia. Vamos a exigir su aprehensi\u00f3n, que este individuo termine tras las rejas y devuelva el dinero que se llev\u00f3 del municipio\u201d, se\u00f1al\u00f3 la concejal.<\/p>\n<p>Las acusaciones contra Fern\u00e1ndez deber\u00e1n ser esclarecidas dentro del proceso investigativo correspondiente. (Santa Cruz, agencias)<\/p>\n","protected":false},"excerpt":{"rendered":"<p>La declaraci\u00f3n del exalcalde de Santa Cruz de la Sierra, Jhonny Fern\u00e1ndez, fue reprogramada para el 10 de septiembre, dentro de la investigaci\u00f3n por un presunto sobreprecio en la adquisici\u00f3n de cuatro unidades m\u00f3viles durante su gesti\u00f3n. El abogado de la exautoridad, Samuel Dur\u00e1n, inform\u00f3 que present\u00f3 documentaci\u00f3n para justificar la inasistencia de su defendido [&hellip;]<\/p>\n","protected":false},"author":1,"featured_media":427262,"comment_status":"closed","ping_status":"open","sticky":false,"template":"","format":"standard","meta":{"_acf_changed":false,"footnotes":""},"categories":[12],"tags":[],"class_list":["post-427261","post","type-post","status-publish","format-standard","has-post-thumbnail","category-nacional"],"acf":{"antetitulo":"Santa Cruz"},"yoast_head":"<!-- This site is optimized with the Yoast SEO plugin v28.4 - https:\/\/yoast.com\/product\/yoast-seo-wordpress\/ -->\n<title>Reprograman para el 10 de septiembre declaraci\u00f3n de exalcalde Fern\u00e1ndez - El Diario - Bolivia<\/title>\n<meta name=\"robots\" content=\"index, follow, max-snippet:-1, max-image-preview:large, max-video-preview:-1\" \/>\n<link rel=\"canonical\" href=\"https:\/\/www.eldiario.net\/portal\/2026\/09\/03\/reprograman-para-el-10-de-septiembre-declaracion-de-exalcalde-fernandez\/\" \/>\n<meta property=\"og:locale\" content=\"es_ES\" \/>\n<meta property=\"og:type\" content=\"article\" \/>\n<meta property=\"og:title\" content=\"Reprograman para el 10 de septiembre declaraci\u00f3n de exalcalde Fern\u00e1ndez - El Diario - Bolivia\" \/>\n<meta property=\"og:description\" content=\"La declaraci\u00f3n del exalcalde de Santa Cruz de la Sierra, Jhonny Fern\u00e1ndez, fue reprogramada para el 10 de septiembre, dentro de la investigaci\u00f3n por un presunto sobreprecio en la adquisici\u00f3n de cuatro unidades m\u00f3viles durante su gesti\u00f3n. El abogado de la exautoridad, Samuel Dur\u00e1n, inform\u00f3 que present\u00f3 documentaci\u00f3n para justificar la inasistencia de su defendido [&hellip;]\" \/>\n<meta property=\"og:url\" content=\"https:\/\/www.eldiario.net\/portal\/2026\/09\/03\/reprograman-para-el-10-de-septiembre-declaracion-de-exalcalde-fernandez\/\" \/>\n<meta property=\"og:site_name\" content=\"El Diario - Bolivia\" \/>\n<meta property=\"article:publisher\" content=\"https:\/\/www.facebook.com\/eldiario.bolivia\/\" \/>\n<meta property=\"article:published_time\" content=\"2026-09-03T10:10:02+00:00\" \/>\n<meta property=\"og:image\" content=\"https:\/\/www.eldiario.net\/portal\/wp-content\/uploads\/2026\/09\/REPROGRAMAN-FOTO.webp\" \/>\n\t<meta property=\"og:image:width\" content=\"908\" \/>\n\t<meta property=\"og:image:height\" content=\"545\" \/>\n\t<meta property=\"og:image:type\" content=\"image\/webp\" \/>\n<meta name=\"author\" content=\"Jeanette\" \/>\n<meta name=\"twitter:card\" content=\"summary_large_image\" \/>\n<meta name=\"twitter:creator\" content=\"@eldiario_net\" \/>\n<meta name=\"twitter:site\" content=\"@eldiario_net\" \/>\n<meta name=\"twitter:label1\" content=\"Escrito por\" \/>\n\t<meta name=\"twitter:data1\" content=\"Jeanette\" \/>\n\t<meta name=\"twitter:label2\" content=\"Tiempo de lectura\" \/>\n\t<meta name=\"twitter:data2\" content=\"2 minutos\" \/>\n<script type=\"application\/ld+json\" class=\"yoast-schema-graph\">{\"@context\":\"https:\\\/\\\/schema.org\",\"@graph\":[{\"@type\":\"Article\",\"@id\":\"https:\\\/\\\/www.eldiario.net\\\/portal\\\/2026\\\/09\\\/03\\\/reprograman-para-el-10-de-septiembre-declaracion-de-exalcalde-fernandez\\\/#article\",\"isPartOf\":{\"@id\":\"https:\\\/\\\/www.eldiario.net\\\/portal\\\/2026\\\/09\\\/03\\\/reprograman-para-el-10-de-septiembre-declaracion-de-exalcalde-fernandez\\\/\"},\"author\":{\"name\":\"Jeanette\",\"@id\":\"https:\\\/\\\/www.eldiario.net\\\/portal\\\/#\\\/schema\\\/person\\\/2c57cf2b7a7ae032e449e4c9b1019eac\"},\"headline\":\"Reprograman para el 10 de septiembre declaraci\u00f3n de exalcalde Fern\u00e1ndez\",\"datePublished\":\"2026-09-03T10:10:02+00:00\",\"mainEntityOfPage\":{\"@id\":\"https:\\\/\\\/www.eldiario.net\\\/portal\\\/2026\\\/09\\\/03\\\/reprograman-para-el-10-de-septiembre-declaracion-de-exalcalde-fernandez\\\/\"},\"wordCount\":260,\"publisher\":{\"@id\":\"https:\\\/\\\/www.eldiario.net\\\/portal\\\/#organization\"},\"image\":{\"@id\":\"https:\\\/\\\/www.eldiario.net\\\/portal\\\/2026\\\/09\\\/03\\\/reprograman-para-el-10-de-septiembre-declaracion-de-exalcalde-fernandez\\\/#primaryimage\"},\"thumbnailUrl\":\"https:\\\/\\\/www.eldiario.net\\\/portal\\\/wp-content\\\/uploads\\\/2026\\\/09\\\/REPROGRAMAN-FOTO.webp\",\"articleSection\":[\"Nacional\"],\"inLanguage\":\"es\"},{\"@type\":\"WebPage\",\"@id\":\"https:\\\/\\\/www.eldiario.net\\\/portal\\\/2026\\\/09\\\/03\\\/reprograman-para-el-10-de-septiembre-declaracion-de-exalcalde-fernandez\\\/\",\"url\":\"https:\\\/\\\/www.eldiario.net\\\/portal\\\/2026\\\/09\\\/03\\\/reprograman-para-el-10-de-septiembre-declaracion-de-exalcalde-fernandez\\\/\",\"name\":\"Reprograman para el 10 de septiembre declaraci\u00f3n de exalcalde Fern\u00e1ndez - El Diario - Bolivia\",\"isPartOf\":{\"@id\":\"https:\\\/\\\/www.eldiario.net\\\/portal\\\/#website\"},\"primaryImageOfPage\":{\"@id\":\"https:\\\/\\\/www.eldiario.net\\\/portal\\\/2026\\\/09\\\/03\\\/reprograman-para-el-10-de-septiembre-declaracion-de-exalcalde-fernandez\\\/#primaryimage\"},\"image\":{\"@id\":\"https:\\\/\\\/www.eldiario.net\\\/portal\\\/2026\\\/09\\\/03\\\/reprograman-para-el-10-de-septiembre-declaracion-de-exalcalde-fernandez\\\/#primaryimage\"},\"thumbnailUrl\":\"https:\\\/\\\/www.eldiario.net\\\/portal\\\/wp-content\\\/uploads\\\/2026\\\/09\\\/REPROGRAMAN-FOTO.webp\",\"datePublished\":\"2026-09-03T10:10:02+00:00\",\"breadcrumb\":{\"@id\":\"https:\\\/\\\/www.eldiario.net\\\/portal\\\/2026\\\/09\\\/03\\\/reprograman-para-el-10-de-septiembre-declaracion-de-exalcalde-fernandez\\\/#breadcrumb\"},\"inLanguage\":\"es\",\"potentialAction\":[{\"@type\":\"ReadAction\",\"target\":[\"https:\\\/\\\/www.eldiario.net\\\/portal\\\/2026\\\/09\\\/03\\\/reprograman-para-el-10-de-septiembre-declaracion-de-exalcalde-fernandez\\\/\"]}]},{\"@type\":\"ImageObject\",\"inLanguage\":\"es\",\"@id\":\"https:\\\/\\\/www.eldiario.net\\\/portal\\\/2026\\\/09\\\/03\\\/reprograman-para-el-10-de-septiembre-declaracion-de-exalcalde-fernandez\\\/#primaryimage\",\"url\":\"https:\\\/\\\/www.eldiario.net\\\/portal\\\/wp-content\\\/uploads\\\/2026\\\/09\\\/REPROGRAMAN-FOTO.webp\",\"contentUrl\":\"https:\\\/\\\/www.eldiario.net\\\/portal\\\/wp-content\\\/uploads\\\/2026\\\/09\\\/REPROGRAMAN-FOTO.webp\",\"width\":908,\"height\":545,\"caption\":\"Jhonny Fern\u00e1ndez. Foto: RRSS\"},{\"@type\":\"BreadcrumbList\",\"@id\":\"https:\\\/\\\/www.eldiario.net\\\/portal\\\/2026\\\/09\\\/03\\\/reprograman-para-el-10-de-septiembre-declaracion-de-exalcalde-fernandez\\\/#breadcrumb\",\"itemListElement\":[{\"@type\":\"ListItem\",\"position\":1,\"name\":\"Portada\",\"item\":\"https:\\\/\\\/www.eldiario.net\\\/portal\\\/\"},{\"@type\":\"ListItem\",\"position\":2,\"name\":\"Reprograman para el 10 de septiembre declaraci\u00f3n de exalcalde Fern\u00e1ndez\"}]},{\"@type\":\"WebSite\",\"@id\":\"https:\\\/\\\/www.eldiario.net\\\/portal\\\/#website\",\"url\":\"https:\\\/\\\/www.eldiario.net\\\/portal\\\/\",\"name\":\"El Diario - Decano de la prensa nacional\",\"description\":\"El Diario - Decano de la prensa nacional\",\"publisher\":{\"@id\":\"https:\\\/\\\/www.eldiario.net\\\/portal\\\/#organization\"},\"potentialAction\":[{\"@type\":\"SearchAction\",\"target\":{\"@type\":\"EntryPoint\",\"urlTemplate\":\"https:\\\/\\\/www.eldiario.net\\\/portal\\\/?s={search_term_string}\"},\"query-input\":{\"@type\":\"PropertyValueSpecification\",\"valueRequired\":true,\"valueName\":\"search_term_string\"}}],\"inLanguage\":\"es\"},{\"@type\":\"Organization\",\"@id\":\"https:\\\/\\\/www.eldiario.net\\\/portal\\\/#organization\",\"name\":\"El Diario - Decano de la prensa nacional\",\"url\":\"https:\\\/\\\/www.eldiario.net\\\/portal\\\/\",\"logo\":{\"@type\":\"ImageObject\",\"inLanguage\":\"es\",\"@id\":\"https:\\\/\\\/www.eldiario.net\\\/portal\\\/#\\\/schema\\\/logo\\\/image\\\/\",\"url\":\"https:\\\/\\\/www.eldiario.net\\\/portal\\\/wp-content\\\/uploads\\\/2023\\\/07\\\/logo_ED.jpg\",\"contentUrl\":\"https:\\\/\\\/www.eldiario.net\\\/portal\\\/wp-content\\\/uploads\\\/2023\\\/07\\\/logo_ED.jpg\",\"width\":272,\"height\":52,\"caption\":\"El Diario - Decano de la prensa nacional\"},\"image\":{\"@id\":\"https:\\\/\\\/www.eldiario.net\\\/portal\\\/#\\\/schema\\\/logo\\\/image\\\/\"},\"sameAs\":[\"https:\\\/\\\/www.facebook.com\\\/eldiario.bolivia\\\/\",\"https:\\\/\\\/x.com\\\/eldiario_net\"]},{\"@type\":\"Person\",\"@id\":\"https:\\\/\\\/www.eldiario.net\\\/portal\\\/#\\\/schema\\\/person\\\/2c57cf2b7a7ae032e449e4c9b1019eac\",\"name\":\"Jeanette\",\"image\":{\"@type\":\"ImageObject\",\"inLanguage\":\"es\",\"@id\":\"https:\\\/\\\/secure.gravatar.com\\\/avatar\\\/3ea2118a5f7dad2b7138b1187a6b7ee55f160b9968b66013c3a3ef39dd7e5798?s=96&d=mm&r=g\",\"url\":\"https:\\\/\\\/secure.gravatar.com\\\/avatar\\\/3ea2118a5f7dad2b7138b1187a6b7ee55f160b9968b66013c3a3ef39dd7e5798?s=96&d=mm&r=g\",\"contentUrl\":\"https:\\\/\\\/secure.gravatar.com\\\/avatar\\\/3ea2118a5f7dad2b7138b1187a6b7ee55f160b9968b66013c3a3ef39dd7e5798?s=96&d=mm&r=g\",\"caption\":\"Jeanette\"},\"sameAs\":[\"https:\\\/\\\/www.eldiario.net\\\/portal\"],\"url\":\"https:\\\/\\\/www.eldiario.net\\\/portal\\\/author\\\/jeanette\\\/\"}]}<\/script>\n<!-- \/ Yoast SEO plugin. -->","yoast_head_json":{"title":"Reprograman para el 10 de septiembre declaraci\u00f3n de exalcalde Fern\u00e1ndez - El Diario - Bolivia","robots":{"index":"index","follow":"follow","max-snippet":"max-snippet:-1","max-image-preview":"max-image-preview:large","max-video-preview":"max-video-preview:-1"},"canonical":"https:\/\/www.eldiario.net\/portal\/2026\/09\/03\/reprograman-para-el-10-de-septiembre-declaracion-de-exalcalde-fernandez\/","og_locale":"es_ES","og_type":"article","og_title":"Reprograman para el 10 de septiembre declaraci\u00f3n de exalcalde Fern\u00e1ndez - El Diario - Bolivia","og_description":"La declaraci\u00f3n del exalcalde de Santa Cruz de la Sierra, Jhonny Fern\u00e1ndez, fue reprogramada para el 10 de septiembre, dentro de la investigaci\u00f3n por un presunto sobreprecio en la adquisici\u00f3n de cuatro unidades m\u00f3viles durante su gesti\u00f3n. El abogado de la exautoridad, Samuel Dur\u00e1n, inform\u00f3 que present\u00f3 documentaci\u00f3n para justificar la inasistencia de su defendido [&hellip;]","og_url":"https:\/\/www.eldiario.net\/portal\/2026\/09\/03\/reprograman-para-el-10-de-septiembre-declaracion-de-exalcalde-fernandez\/","og_site_name":"El Diario - Bolivia","article_publisher":"https:\/\/www.facebook.com\/eldiario.bolivia\/","article_published_time":"2026-09-03T10:10:02+00:00","og_image":[{"width":908,"height":545,"url":"https:\/\/www.eldiario.net\/portal\/wp-content\/uploads\/2026\/09\/REPROGRAMAN-FOTO.webp","type":"image\/webp"}],"author":"Jeanette","twitter_card":"summary_large_image","twitter_creator":"@eldiario_net","twitter_site":"@eldiario_net","twitter_misc":{"Escrito por":"Jeanette","Tiempo de lectura":"2 minutos"},"schema":{"@context":"https:\/\/schema.org","@graph":[{"@type":"Article","@id":"https:\/\/www.eldiario.net\/portal\/2026\/09\/03\/reprograman-para-el-10-de-septiembre-declaracion-de-exalcalde-fernandez\/#article","isPartOf":{"@id":"https:\/\/www.eldiario.net\/portal\/2026\/09\/03\/reprograman-para-el-10-de-septiembre-declaracion-de-exalcalde-fernandez\/"},"author":{"name":"Jeanette","@id":"https:\/\/www.eldiario.net\/portal\/#\/schema\/person\/2c57cf2b7a7ae032e449e4c9b1019eac"},"headline":"Reprograman para el 10 de septiembre declaraci\u00f3n de exalcalde Fern\u00e1ndez","datePublished":"2026-09-03T10:10:02+00:00","mainEntityOfPage":{"@id":"https:\/\/www.eldiario.net\/portal\/2026\/09\/03\/reprograman-para-el-10-de-septiembre-declaracion-de-exalcalde-fernandez\/"},"wordCount":260,"publisher":{"@id":"https:\/\/www.eldiario.net\/portal\/#organization"},"image":{"@id":"https:\/\/www.eldiario.net\/portal\/2026\/09\/03\/reprograman-para-el-10-de-septiembre-declaracion-de-exalcalde-fernandez\/#primaryimage"},"thumbnailUrl":"https:\/\/www.eldiario.net\/portal\/wp-content\/uploads\/2026\/09\/REPROGRAMAN-FOTO.webp","articleSection":["Nacional"],"inLanguage":"es"},{"@type":"WebPage","@id":"https:\/\/www.eldiario.net\/portal\/2026\/09\/03\/reprograman-para-el-10-de-septiembre-declaracion-de-exalcalde-fernandez\/","url":"https:\/\/www.eldiario.net\/portal\/2026\/09\/03\/reprograman-para-el-10-de-septiembre-declaracion-de-exalcalde-fernandez\/","name":"Reprograman para el 10 de septiembre declaraci\u00f3n de exalcalde Fern\u00e1ndez - El Diario - Bolivia","isPartOf":{"@id":"https:\/\/www.eldiario.net\/portal\/#website"},"primaryImageOfPage":{"@id":"https:\/\/www.eldiario.net\/portal\/2026\/09\/03\/reprograman-para-el-10-de-septiembre-declaracion-de-exalcalde-fernandez\/#primaryimage"},"image":{"@id":"https:\/\/www.eldiario.net\/portal\/2026\/09\/03\/reprograman-para-el-10-de-septiembre-declaracion-de-exalcalde-fernandez\/#primaryimage"},"thumbnailUrl":"https:\/\/www.eldiario.net\/portal\/wp-content\/uploads\/2026\/09\/REPROGRAMAN-FOTO.webp","datePublished":"2026-09-03T10:10:02+00:00","breadcrumb":{"@id":"https:\/\/www.eldiario.net\/portal\/2026\/09\/03\/reprograman-para-el-10-de-septiembre-declaracion-de-exalcalde-fernandez\/#breadcrumb"},"inLanguage":"es","potentialAction":[{"@type":"ReadAction","target":["https:\/\/www.eldiario.net\/portal\/2026\/09\/03\/reprograman-para-el-10-de-septiembre-declaracion-de-exalcalde-fernandez\/"]}]},{"@type":"ImageObject","inLanguage":"es","@id":"https:\/\/www.eldiario.net\/portal\/2026\/09\/03\/reprograman-para-el-10-de-septiembre-declaracion-de-exalcalde-fernandez\/#primaryimage","url":"https:\/\/www.eldiario.net\/portal\/wp-content\/uploads\/2026\/09\/REPROGRAMAN-FOTO.webp","contentUrl":"https:\/\/www.eldiario.net\/portal\/wp-content\/uploads\/2026\/09\/REPROGRAMAN-FOTO.webp","width":908,"height":545,"caption":"Jhonny Fern\u00e1ndez. Foto: RRSS"},{"@type":"BreadcrumbList","@id":"https:\/\/www.eldiario.net\/portal\/2026\/09\/03\/reprograman-para-el-10-de-septiembre-declaracion-de-exalcalde-fernandez\/#breadcrumb","itemListElement":[{"@type":"ListItem","position":1,"name":"Portada","item":"https:\/\/www.eldiario.net\/portal\/"},{"@type":"ListItem","position":2,"name":"Reprograman para el 10 de septiembre declaraci\u00f3n de exalcalde Fern\u00e1ndez"}]},{"@type":"WebSite","@id":"https:\/\/www.eldiario.net\/portal\/#website","url":"https:\/\/www.eldiario.net\/portal\/","name":"El Diario - Decano de la prensa nacional","description":"El Diario - Decano de la prensa nacional","publisher":{"@id":"https:\/\/www.eldiario.net\/portal\/#organization"},"potentialAction":[{"@type":"SearchAction","target":{"@type":"EntryPoint","urlTemplate":"https:\/\/www.eldiario.net\/portal\/?s={search_term_string}"},"query-input":{"@type":"PropertyValueSpecification","valueRequired":true,"valueName":"search_term_string"}}],"inLanguage":"es"},{"@type":"Organization","@id":"https:\/\/www.eldiario.net\/portal\/#organization","name":"El Diario - Decano de la prensa nacional","url":"https:\/\/www.eldiario.net\/portal\/","logo":{"@type":"ImageObject","inLanguage":"es","@id":"https:\/\/www.eldiario.net\/portal\/#\/schema\/logo\/image\/","url":"https:\/\/www.eldiario.net\/portal\/wp-content\/uploads\/2023\/07\/logo_ED.jpg","contentUrl":"https:\/\/www.eldiario.net\/portal\/wp-content\/uploads\/2023\/07\/logo_ED.jpg","width":272,"height":52,"caption":"El Diario - Decano de la prensa nacional"},"image":{"@id":"https:\/\/www.eldiario.net\/portal\/#\/schema\/logo\/image\/"},"sameAs":["https:\/\/www.facebook.com\/eldiario.bolivia\/","https:\/\/x.com\/eldiario_net"]},{"@type":"Person","@id":"https:\/\/www.eldiario.net\/portal\/#\/schema\/person\/2c57cf2b7a7ae032e449e4c9b1019eac","name":"Jeanette","image":{"@type":"ImageObject","inLanguage":"es","@id":"https:\/\/secure.gravatar.com\/avatar\/3ea2118a5f7dad2b7138b1187a6b7ee55f160b9968b66013c3a3ef39dd7e5798?s=96&d=mm&r=g","url":"https:\/\/secure.gravatar.com\/avatar\/3ea2118a5f7dad2b7138b1187a6b7ee55f160b9968b66013c3a3ef39dd7e5798?s=96&d=mm&r=g","contentUrl":"https:\/\/secure.gravatar.com\/avatar\/3ea2118a5f7dad2b7138b1187a6b7ee55f160b9968b66013c3a3ef39dd7e5798?s=96&d=mm&r=g","caption":"Jeanette"},"sameAs":["https:\/\/www.eldiario.net\/portal"],"url":"https:\/\/www.eldiario.net\/portal\/author\/jeanette\/"}]}},"_links":{"self":[{"href":"https:\/\/www.eldiario.net\/portal\/wp-json\/wp\/v2\/posts\/427261","targetHints":{"allow":["GET"]}}],"collection":[{"href":"https:\/\/www.eldiario.net\/portal\/wp-json\/wp\/v2\/posts"}],"about":[{"href":"https:\/\/www.eldiario.net\/portal\/wp-json\/wp\/v2\/types\/post"}],"author":[{"embeddable":true,"href":"https:\/\/www.eldiario.net\/portal\/wp-json\/wp\/v2\/users\/1"}],"replies":[{"embeddable":true,"href":"https:\/\/www.eldiario.net\/portal\/wp-json\/wp\/v2\/comments?post=427261"}],"version-history":[{"count":1,"href":"https:\/\/www.eldiario.net\/portal\/wp-json\/wp\/v2\/posts\/427261\/revisions"}],"predecessor-version":[{"id":427263,"href":"https:\/\/www.eldiario.net\/portal\/wp-json\/wp\/v2\/posts\/427261\/revisions\/427263"}],"wp:featuredmedia":[{"embeddable":true,"href":"https:\/\/www.eldiario.net\/portal\/wp-json\/wp\/v2\/media\/427262"}],"wp:attachment":[{"href":"https:\/\/www.eldiario.net\/portal\/wp-json\/wp\/v2\/media?parent=427261"}],"wp:term":[{"taxonomy":"category","embeddable":true,"href":"https:\/\/www.eldiario.net\/portal\/wp-json\/wp\/v2\/categories?post=427261"},{"taxonomy":"post_tag","embeddable":true,"href":"https:\/\/www.eldiario.net\/portal\/wp-json\/wp\/v2\/tags?post=427261"}],"curies":[{"name":"wp","href":"https:\/\/api.w.org\/{rel}","templated":true}]}}