{"id":427255,"date":"2026-09-03T05:59:57","date_gmt":"2026-09-03T09:59:57","guid":{"rendered":"https:\/\/www.eldiario.net\/portal\/?p=427255"},"modified":"2026-09-03T05:59:57","modified_gmt":"2026-09-03T09:59:57","slug":"nuevo-comandante-prioriza-la-aprehension-de-morales-2","status":"publish","type":"post","link":"https:\/\/www.eldiario.net\/portal\/2026\/09\/03\/nuevo-comandante-prioriza-la-aprehension-de-morales-2\/","title":{"rendered":"Nuevo comandante prioriza  la aprehensi\u00f3n de Morales"},"content":{"rendered":"<p class=\"v1MsoNormal\">El comandante general de la Polic\u00eda Boliviana, Adri\u00e1n Javier \u00c1lvarez, afirm\u00f3 que la aprehensi\u00f3n de Evo Morales constituye una prioridad para la instituci\u00f3n. La autoridad se pronunci\u00f3 sobre las \u00f3rdenes de captura vigentes contra el exmandatario durante una conferencia de prensa.<\/p>\n<p class=\"v1MsoNormal\">Morales enfrenta dos \u00f3rdenes de aprehensi\u00f3n vigentes. Una fue emitida dentro de un proceso por trata de personas, relacionado con su presunta relaci\u00f3n con una menor de edad durante su gesti\u00f3n como presidente, con quien posteriormente tuvo una hija.<\/p>\n<p class=\"v1MsoNormal\">La segunda orden est\u00e1 vinculada al proceso por los bloqueos de caminos registrados entre mayo y junio de este a\u00f1o, que se prolongaron por m\u00e1s de 50 d\u00edas y generaron p\u00e9rdidas econ\u00f3micas, adem\u00e1s de dificultades para el traslado de personas hacia centros de salud.<\/p>\n<p class=\"v1MsoNormal\">\u00c1lvarez se\u00f1al\u00f3 que la Polic\u00eda Boliviana cumplir\u00e1 las disposiciones emitidas por las autoridades competentes y anunci\u00f3 que se realizar\u00e1n reuniones de coordinaci\u00f3n para definir las acciones necesarias para ejecutar las \u00f3rdenes.<\/p>\n<p class=\"v1MsoNormal\">El comandante asumi\u00f3 el cargo tras la salida de Mirko Sokol, quien hab\u00eda afirmado que la captura de Morales no se consideraba una prioridad de su gesti\u00f3n.<\/p>\n<p class=\"v1MsoNormal\">Esas declaraciones fueron respondidas por el ministro de Gobierno, Marco Antonio Oviedo, quien sostuvo que la captura de Morales era una prioridad para el Gobierno.<\/p>\n<p class=\"v1MsoNormal\">Ahora, \u00c1lvarez ratific\u00f3 esa posici\u00f3n desde la Polic\u00eda y se\u00f1al\u00f3 que las acciones para ejecutar las \u00f3rdenes ser\u00e1n planificadas mediante la coordinaci\u00f3n correspondiente.<\/p>\n<p class=\"v1MsoNormal\">\n","protected":false},"excerpt":{"rendered":"<p>El comandante general de la Polic\u00eda Boliviana, Adri\u00e1n Javier \u00c1lvarez, afirm\u00f3 que la aprehensi\u00f3n de Evo Morales constituye una prioridad para la instituci\u00f3n. La autoridad se pronunci\u00f3 sobre las \u00f3rdenes de captura vigentes contra el exmandatario durante una conferencia de prensa. Morales enfrenta dos \u00f3rdenes de aprehensi\u00f3n vigentes. Una fue emitida dentro de un proceso [&hellip;]<\/p>\n","protected":false},"author":1,"featured_media":427256,"comment_status":"closed","ping_status":"open","sticky":false,"template":"","format":"standard","meta":{"_acf_changed":false,"footnotes":""},"categories":[39],"tags":[],"class_list":["post-427255","post","type-post","status-publish","format-standard","has-post-thumbnail","category-sociedad"],"acf":{"antetitulo":"Ante \u00f3rdenes de captura"},"yoast_head":"<!-- This site is optimized with the Yoast SEO plugin v28.4 - https:\/\/yoast.com\/product\/yoast-seo-wordpress\/ -->\n<title>Nuevo comandante prioriza la aprehensi\u00f3n de Morales - El Diario - Bolivia<\/title>\n<meta name=\"robots\" content=\"index, follow, max-snippet:-1, max-image-preview:large, max-video-preview:-1\" \/>\n<link rel=\"canonical\" href=\"https:\/\/www.eldiario.net\/portal\/2026\/09\/03\/nuevo-comandante-prioriza-la-aprehension-de-morales-2\/\" \/>\n<meta property=\"og:locale\" content=\"es_ES\" \/>\n<meta property=\"og:type\" content=\"article\" \/>\n<meta property=\"og:title\" content=\"Nuevo comandante prioriza la aprehensi\u00f3n de Morales - El Diario - Bolivia\" \/>\n<meta property=\"og:description\" content=\"El comandante general de la Polic\u00eda Boliviana, Adri\u00e1n Javier \u00c1lvarez, afirm\u00f3 que la aprehensi\u00f3n de Evo Morales constituye una prioridad para la instituci\u00f3n. La autoridad se pronunci\u00f3 sobre las \u00f3rdenes de captura vigentes contra el exmandatario durante una conferencia de prensa. Morales enfrenta dos \u00f3rdenes de aprehensi\u00f3n vigentes. Una fue emitida dentro de un proceso [&hellip;]\" \/>\n<meta property=\"og:url\" content=\"https:\/\/www.eldiario.net\/portal\/2026\/09\/03\/nuevo-comandante-prioriza-la-aprehension-de-morales-2\/\" \/>\n<meta property=\"og:site_name\" content=\"El Diario - Bolivia\" \/>\n<meta property=\"article:publisher\" content=\"https:\/\/www.facebook.com\/eldiario.bolivia\/\" \/>\n<meta property=\"article:published_time\" content=\"2026-09-03T09:59:57+00:00\" \/>\n<meta property=\"og:image\" content=\"https:\/\/www.eldiario.net\/portal\/wp-content\/uploads\/2026\/09\/EVO-FOTO.webp\" \/>\n\t<meta property=\"og:image:width\" content=\"580\" \/>\n\t<meta property=\"og:image:height\" content=\"386\" \/>\n\t<meta property=\"og:image:type\" content=\"image\/webp\" \/>\n<meta name=\"author\" content=\"Jeanette\" \/>\n<meta name=\"twitter:card\" content=\"summary_large_image\" \/>\n<meta name=\"twitter:creator\" content=\"@eldiario_net\" \/>\n<meta name=\"twitter:site\" content=\"@eldiario_net\" \/>\n<meta name=\"twitter:label1\" content=\"Escrito por\" \/>\n\t<meta name=\"twitter:data1\" content=\"Jeanette\" \/>\n\t<meta name=\"twitter:label2\" content=\"Tiempo de lectura\" \/>\n\t<meta name=\"twitter:data2\" content=\"2 minutos\" \/>\n<script type=\"application\/ld+json\" class=\"yoast-schema-graph\">{\"@context\":\"https:\\\/\\\/schema.org\",\"@graph\":[{\"@type\":\"Article\",\"@id\":\"https:\\\/\\\/www.eldiario.net\\\/portal\\\/2026\\\/09\\\/03\\\/nuevo-comandante-prioriza-la-aprehension-de-morales-2\\\/#article\",\"isPartOf\":{\"@id\":\"https:\\\/\\\/www.eldiario.net\\\/portal\\\/2026\\\/09\\\/03\\\/nuevo-comandante-prioriza-la-aprehension-de-morales-2\\\/\"},\"author\":{\"name\":\"Jeanette\",\"@id\":\"https:\\\/\\\/www.eldiario.net\\\/portal\\\/#\\\/schema\\\/person\\\/f46445640444750d7d753ccd04ae01b7\"},\"headline\":\"Nuevo comandante prioriza la aprehensi\u00f3n de Morales\",\"datePublished\":\"2026-09-03T09:59:57+00:00\",\"mainEntityOfPage\":{\"@id\":\"https:\\\/\\\/www.eldiario.net\\\/portal\\\/2026\\\/09\\\/03\\\/nuevo-comandante-prioriza-la-aprehension-de-morales-2\\\/\"},\"wordCount\":261,\"publisher\":{\"@id\":\"https:\\\/\\\/www.eldiario.net\\\/portal\\\/#organization\"},\"image\":{\"@id\":\"https:\\\/\\\/www.eldiario.net\\\/portal\\\/2026\\\/09\\\/03\\\/nuevo-comandante-prioriza-la-aprehension-de-morales-2\\\/#primaryimage\"},\"thumbnailUrl\":\"https:\\\/\\\/www.eldiario.net\\\/portal\\\/wp-content\\\/uploads\\\/2026\\\/09\\\/EVO-FOTO.webp\",\"articleSection\":[\"Sociedad - Seguridad\"],\"inLanguage\":\"es\"},{\"@type\":\"WebPage\",\"@id\":\"https:\\\/\\\/www.eldiario.net\\\/portal\\\/2026\\\/09\\\/03\\\/nuevo-comandante-prioriza-la-aprehension-de-morales-2\\\/\",\"url\":\"https:\\\/\\\/www.eldiario.net\\\/portal\\\/2026\\\/09\\\/03\\\/nuevo-comandante-prioriza-la-aprehension-de-morales-2\\\/\",\"name\":\"Nuevo comandante prioriza la aprehensi\u00f3n de Morales - El Diario - Bolivia\",\"isPartOf\":{\"@id\":\"https:\\\/\\\/www.eldiario.net\\\/portal\\\/#website\"},\"primaryImageOfPage\":{\"@id\":\"https:\\\/\\\/www.eldiario.net\\\/portal\\\/2026\\\/09\\\/03\\\/nuevo-comandante-prioriza-la-aprehension-de-morales-2\\\/#primaryimage\"},\"image\":{\"@id\":\"https:\\\/\\\/www.eldiario.net\\\/portal\\\/2026\\\/09\\\/03\\\/nuevo-comandante-prioriza-la-aprehension-de-morales-2\\\/#primaryimage\"},\"thumbnailUrl\":\"https:\\\/\\\/www.eldiario.net\\\/portal\\\/wp-content\\\/uploads\\\/2026\\\/09\\\/EVO-FOTO.webp\",\"datePublished\":\"2026-09-03T09:59:57+00:00\",\"breadcrumb\":{\"@id\":\"https:\\\/\\\/www.eldiario.net\\\/portal\\\/2026\\\/09\\\/03\\\/nuevo-comandante-prioriza-la-aprehension-de-morales-2\\\/#breadcrumb\"},\"inLanguage\":\"es\",\"potentialAction\":[{\"@type\":\"ReadAction\",\"target\":[\"https:\\\/\\\/www.eldiario.net\\\/portal\\\/2026\\\/09\\\/03\\\/nuevo-comandante-prioriza-la-aprehension-de-morales-2\\\/\"]}]},{\"@type\":\"ImageObject\",\"inLanguage\":\"es\",\"@id\":\"https:\\\/\\\/www.eldiario.net\\\/portal\\\/2026\\\/09\\\/03\\\/nuevo-comandante-prioriza-la-aprehension-de-morales-2\\\/#primaryimage\",\"url\":\"https:\\\/\\\/www.eldiario.net\\\/portal\\\/wp-content\\\/uploads\\\/2026\\\/09\\\/EVO-FOTO.webp\",\"contentUrl\":\"https:\\\/\\\/www.eldiario.net\\\/portal\\\/wp-content\\\/uploads\\\/2026\\\/09\\\/EVO-FOTO.webp\",\"width\":580,\"height\":386,\"caption\":\"Evo Morales enfrenta dos \u00f3rdenes de aprehensi\u00f3n, una por trata de personas y otra por los 53 d\u00edas de bloqueos. Cr\u00e9dito de foto: RRSS\"},{\"@type\":\"BreadcrumbList\",\"@id\":\"https:\\\/\\\/www.eldiario.net\\\/portal\\\/2026\\\/09\\\/03\\\/nuevo-comandante-prioriza-la-aprehension-de-morales-2\\\/#breadcrumb\",\"itemListElement\":[{\"@type\":\"ListItem\",\"position\":1,\"name\":\"Portada\",\"item\":\"https:\\\/\\\/www.eldiario.net\\\/portal\\\/\"},{\"@type\":\"ListItem\",\"position\":2,\"name\":\"Nuevo comandante prioriza la aprehensi\u00f3n de Morales\"}]},{\"@type\":\"WebSite\",\"@id\":\"https:\\\/\\\/www.eldiario.net\\\/portal\\\/#website\",\"url\":\"https:\\\/\\\/www.eldiario.net\\\/portal\\\/\",\"name\":\"El Diario - Decano de la prensa nacional\",\"description\":\"El Diario - Decano de la prensa nacional\",\"publisher\":{\"@id\":\"https:\\\/\\\/www.eldiario.net\\\/portal\\\/#organization\"},\"potentialAction\":[{\"@type\":\"SearchAction\",\"target\":{\"@type\":\"EntryPoint\",\"urlTemplate\":\"https:\\\/\\\/www.eldiario.net\\\/portal\\\/?s={search_term_string}\"},\"query-input\":{\"@type\":\"PropertyValueSpecification\",\"valueRequired\":true,\"valueName\":\"search_term_string\"}}],\"inLanguage\":\"es\"},{\"@type\":\"Organization\",\"@id\":\"https:\\\/\\\/www.eldiario.net\\\/portal\\\/#organization\",\"name\":\"El Diario - Decano de la prensa nacional\",\"url\":\"https:\\\/\\\/www.eldiario.net\\\/portal\\\/\",\"logo\":{\"@type\":\"ImageObject\",\"inLanguage\":\"es\",\"@id\":\"https:\\\/\\\/www.eldiario.net\\\/portal\\\/#\\\/schema\\\/logo\\\/image\\\/\",\"url\":\"https:\\\/\\\/www.eldiario.net\\\/portal\\\/wp-content\\\/uploads\\\/2023\\\/07\\\/logo_ED.jpg\",\"contentUrl\":\"https:\\\/\\\/www.eldiario.net\\\/portal\\\/wp-content\\\/uploads\\\/2023\\\/07\\\/logo_ED.jpg\",\"width\":272,\"height\":52,\"caption\":\"El Diario - Decano de la prensa nacional\"},\"image\":{\"@id\":\"https:\\\/\\\/www.eldiario.net\\\/portal\\\/#\\\/schema\\\/logo\\\/image\\\/\"},\"sameAs\":[\"https:\\\/\\\/www.facebook.com\\\/eldiario.bolivia\\\/\",\"https:\\\/\\\/x.com\\\/eldiario_net\"]},{\"@type\":\"Person\",\"@id\":\"https:\\\/\\\/www.eldiario.net\\\/portal\\\/#\\\/schema\\\/person\\\/f46445640444750d7d753ccd04ae01b7\",\"name\":\"Jeanette\",\"image\":{\"@type\":\"ImageObject\",\"inLanguage\":\"es\",\"@id\":\"https:\\\/\\\/secure.gravatar.com\\\/avatar\\\/3ea2118a5f7dad2b7138b1187a6b7ee55f160b9968b66013c3a3ef39dd7e5798?s=96&d=mm&r=g\",\"url\":\"https:\\\/\\\/secure.gravatar.com\\\/avatar\\\/3ea2118a5f7dad2b7138b1187a6b7ee55f160b9968b66013c3a3ef39dd7e5798?s=96&d=mm&r=g\",\"contentUrl\":\"https:\\\/\\\/secure.gravatar.com\\\/avatar\\\/3ea2118a5f7dad2b7138b1187a6b7ee55f160b9968b66013c3a3ef39dd7e5798?s=96&d=mm&r=g\",\"caption\":\"Jeanette\"},\"sameAs\":[\"https:\\\/\\\/www.eldiario.net\\\/portal\"],\"url\":\"https:\\\/\\\/www.eldiario.net\\\/portal\\\/author\\\/jeanette\\\/\"}]}<\/script>\n<!-- \/ Yoast SEO plugin. -->","yoast_head_json":{"title":"Nuevo comandante prioriza la aprehensi\u00f3n de Morales - El Diario - Bolivia","robots":{"index":"index","follow":"follow","max-snippet":"max-snippet:-1","max-image-preview":"max-image-preview:large","max-video-preview":"max-video-preview:-1"},"canonical":"https:\/\/www.eldiario.net\/portal\/2026\/09\/03\/nuevo-comandante-prioriza-la-aprehension-de-morales-2\/","og_locale":"es_ES","og_type":"article","og_title":"Nuevo comandante prioriza la aprehensi\u00f3n de Morales - El Diario - Bolivia","og_description":"El comandante general de la Polic\u00eda Boliviana, Adri\u00e1n Javier \u00c1lvarez, afirm\u00f3 que la aprehensi\u00f3n de Evo Morales constituye una prioridad para la instituci\u00f3n. La autoridad se pronunci\u00f3 sobre las \u00f3rdenes de captura vigentes contra el exmandatario durante una conferencia de prensa. Morales enfrenta dos \u00f3rdenes de aprehensi\u00f3n vigentes. Una fue emitida dentro de un proceso [&hellip;]","og_url":"https:\/\/www.eldiario.net\/portal\/2026\/09\/03\/nuevo-comandante-prioriza-la-aprehension-de-morales-2\/","og_site_name":"El Diario - Bolivia","article_publisher":"https:\/\/www.facebook.com\/eldiario.bolivia\/","article_published_time":"2026-09-03T09:59:57+00:00","og_image":[{"width":580,"height":386,"url":"https:\/\/www.eldiario.net\/portal\/wp-content\/uploads\/2026\/09\/EVO-FOTO.webp","type":"image\/webp"}],"author":"Jeanette","twitter_card":"summary_large_image","twitter_creator":"@eldiario_net","twitter_site":"@eldiario_net","twitter_misc":{"Escrito por":"Jeanette","Tiempo de lectura":"2 minutos"},"schema":{"@context":"https:\/\/schema.org","@graph":[{"@type":"Article","@id":"https:\/\/www.eldiario.net\/portal\/2026\/09\/03\/nuevo-comandante-prioriza-la-aprehension-de-morales-2\/#article","isPartOf":{"@id":"https:\/\/www.eldiario.net\/portal\/2026\/09\/03\/nuevo-comandante-prioriza-la-aprehension-de-morales-2\/"},"author":{"name":"Jeanette","@id":"https:\/\/www.eldiario.net\/portal\/#\/schema\/person\/f46445640444750d7d753ccd04ae01b7"},"headline":"Nuevo comandante prioriza la aprehensi\u00f3n de Morales","datePublished":"2026-09-03T09:59:57+00:00","mainEntityOfPage":{"@id":"https:\/\/www.eldiario.net\/portal\/2026\/09\/03\/nuevo-comandante-prioriza-la-aprehension-de-morales-2\/"},"wordCount":261,"publisher":{"@id":"https:\/\/www.eldiario.net\/portal\/#organization"},"image":{"@id":"https:\/\/www.eldiario.net\/portal\/2026\/09\/03\/nuevo-comandante-prioriza-la-aprehension-de-morales-2\/#primaryimage"},"thumbnailUrl":"https:\/\/www.eldiario.net\/portal\/wp-content\/uploads\/2026\/09\/EVO-FOTO.webp","articleSection":["Sociedad - Seguridad"],"inLanguage":"es"},{"@type":"WebPage","@id":"https:\/\/www.eldiario.net\/portal\/2026\/09\/03\/nuevo-comandante-prioriza-la-aprehension-de-morales-2\/","url":"https:\/\/www.eldiario.net\/portal\/2026\/09\/03\/nuevo-comandante-prioriza-la-aprehension-de-morales-2\/","name":"Nuevo comandante prioriza la aprehensi\u00f3n de Morales - El Diario - Bolivia","isPartOf":{"@id":"https:\/\/www.eldiario.net\/portal\/#website"},"primaryImageOfPage":{"@id":"https:\/\/www.eldiario.net\/portal\/2026\/09\/03\/nuevo-comandante-prioriza-la-aprehension-de-morales-2\/#primaryimage"},"image":{"@id":"https:\/\/www.eldiario.net\/portal\/2026\/09\/03\/nuevo-comandante-prioriza-la-aprehension-de-morales-2\/#primaryimage"},"thumbnailUrl":"https:\/\/www.eldiario.net\/portal\/wp-content\/uploads\/2026\/09\/EVO-FOTO.webp","datePublished":"2026-09-03T09:59:57+00:00","breadcrumb":{"@id":"https:\/\/www.eldiario.net\/portal\/2026\/09\/03\/nuevo-comandante-prioriza-la-aprehension-de-morales-2\/#breadcrumb"},"inLanguage":"es","potentialAction":[{"@type":"ReadAction","target":["https:\/\/www.eldiario.net\/portal\/2026\/09\/03\/nuevo-comandante-prioriza-la-aprehension-de-morales-2\/"]}]},{"@type":"ImageObject","inLanguage":"es","@id":"https:\/\/www.eldiario.net\/portal\/2026\/09\/03\/nuevo-comandante-prioriza-la-aprehension-de-morales-2\/#primaryimage","url":"https:\/\/www.eldiario.net\/portal\/wp-content\/uploads\/2026\/09\/EVO-FOTO.webp","contentUrl":"https:\/\/www.eldiario.net\/portal\/wp-content\/uploads\/2026\/09\/EVO-FOTO.webp","width":580,"height":386,"caption":"Evo Morales enfrenta dos \u00f3rdenes de aprehensi\u00f3n, una por trata de personas y otra por los 53 d\u00edas de bloqueos. Cr\u00e9dito de foto: RRSS"},{"@type":"BreadcrumbList","@id":"https:\/\/www.eldiario.net\/portal\/2026\/09\/03\/nuevo-comandante-prioriza-la-aprehension-de-morales-2\/#breadcrumb","itemListElement":[{"@type":"ListItem","position":1,"name":"Portada","item":"https:\/\/www.eldiario.net\/portal\/"},{"@type":"ListItem","position":2,"name":"Nuevo comandante prioriza la aprehensi\u00f3n de Morales"}]},{"@type":"WebSite","@id":"https:\/\/www.eldiario.net\/portal\/#website","url":"https:\/\/www.eldiario.net\/portal\/","name":"El Diario - Decano de la prensa nacional","description":"El Diario - Decano de la prensa nacional","publisher":{"@id":"https:\/\/www.eldiario.net\/portal\/#organization"},"potentialAction":[{"@type":"SearchAction","target":{"@type":"EntryPoint","urlTemplate":"https:\/\/www.eldiario.net\/portal\/?s={search_term_string}"},"query-input":{"@type":"PropertyValueSpecification","valueRequired":true,"valueName":"search_term_string"}}],"inLanguage":"es"},{"@type":"Organization","@id":"https:\/\/www.eldiario.net\/portal\/#organization","name":"El Diario - Decano de la prensa nacional","url":"https:\/\/www.eldiario.net\/portal\/","logo":{"@type":"ImageObject","inLanguage":"es","@id":"https:\/\/www.eldiario.net\/portal\/#\/schema\/logo\/image\/","url":"https:\/\/www.eldiario.net\/portal\/wp-content\/uploads\/2023\/07\/logo_ED.jpg","contentUrl":"https:\/\/www.eldiario.net\/portal\/wp-content\/uploads\/2023\/07\/logo_ED.jpg","width":272,"height":52,"caption":"El Diario - Decano de la prensa nacional"},"image":{"@id":"https:\/\/www.eldiario.net\/portal\/#\/schema\/logo\/image\/"},"sameAs":["https:\/\/www.facebook.com\/eldiario.bolivia\/","https:\/\/x.com\/eldiario_net"]},{"@type":"Person","@id":"https:\/\/www.eldiario.net\/portal\/#\/schema\/person\/f46445640444750d7d753ccd04ae01b7","name":"Jeanette","image":{"@type":"ImageObject","inLanguage":"es","@id":"https:\/\/secure.gravatar.com\/avatar\/3ea2118a5f7dad2b7138b1187a6b7ee55f160b9968b66013c3a3ef39dd7e5798?s=96&d=mm&r=g","url":"https:\/\/secure.gravatar.com\/avatar\/3ea2118a5f7dad2b7138b1187a6b7ee55f160b9968b66013c3a3ef39dd7e5798?s=96&d=mm&r=g","contentUrl":"https:\/\/secure.gravatar.com\/avatar\/3ea2118a5f7dad2b7138b1187a6b7ee55f160b9968b66013c3a3ef39dd7e5798?s=96&d=mm&r=g","caption":"Jeanette"},"sameAs":["https:\/\/www.eldiario.net\/portal"],"url":"https:\/\/www.eldiario.net\/portal\/author\/jeanette\/"}]}},"_links":{"self":[{"href":"https:\/\/www.eldiario.net\/portal\/wp-json\/wp\/v2\/posts\/427255","targetHints":{"allow":["GET"]}}],"collection":[{"href":"https:\/\/www.eldiario.net\/portal\/wp-json\/wp\/v2\/posts"}],"about":[{"href":"https:\/\/www.eldiario.net\/portal\/wp-json\/wp\/v2\/types\/post"}],"author":[{"embeddable":true,"href":"https:\/\/www.eldiario.net\/portal\/wp-json\/wp\/v2\/users\/1"}],"replies":[{"embeddable":true,"href":"https:\/\/www.eldiario.net\/portal\/wp-json\/wp\/v2\/comments?post=427255"}],"version-history":[{"count":1,"href":"https:\/\/www.eldiario.net\/portal\/wp-json\/wp\/v2\/posts\/427255\/revisions"}],"predecessor-version":[{"id":427257,"href":"https:\/\/www.eldiario.net\/portal\/wp-json\/wp\/v2\/posts\/427255\/revisions\/427257"}],"wp:featuredmedia":[{"embeddable":true,"href":"https:\/\/www.eldiario.net\/portal\/wp-json\/wp\/v2\/media\/427256"}],"wp:attachment":[{"href":"https:\/\/www.eldiario.net\/portal\/wp-json\/wp\/v2\/media?parent=427255"}],"wp:term":[{"taxonomy":"category","embeddable":true,"href":"https:\/\/www.eldiario.net\/portal\/wp-json\/wp\/v2\/categories?post=427255"},{"taxonomy":"post_tag","embeddable":true,"href":"https:\/\/www.eldiario.net\/portal\/wp-json\/wp\/v2\/tags?post=427255"}],"curies":[{"name":"wp","href":"https:\/\/api.w.org\/{rel}","templated":true}]}}