{"id":427252,"date":"2026-09-03T05:58:59","date_gmt":"2026-09-03T09:58:59","guid":{"rendered":"https:\/\/www.eldiario.net\/portal\/?p=427252"},"modified":"2026-09-03T05:58:59","modified_gmt":"2026-09-03T09:58:59","slug":"justicia-ratifica-traslado-de-cerimedo-a-chonchocoro","status":"publish","type":"post","link":"https:\/\/www.eldiario.net\/portal\/2026\/09\/03\/justicia-ratifica-traslado-de-cerimedo-a-chonchocoro\/","title":{"rendered":"Justicia ratifica traslado de  Cerimedo a Chonchocoro"},"content":{"rendered":"<p class=\"v1MsoNormal\">La defensa de Fernando Cerimedo no logr\u00f3 frenar su traslado a La Paz. La Sala Penal Segunda confirm\u00f3 este mi\u00e9rcoles que el estratega pol\u00edtico deber\u00e1 cumplir 180 d\u00edas de detenci\u00f3n preventiva en el penal de Chonchocoro, dentro del proceso por presunto enriquecimiento il\u00edcito de particulares con afectaci\u00f3n al Estado.<\/p>\n<p class=\"v1MsoNormal\">El tribunal revis\u00f3 la apelaci\u00f3n presentada por los abogados de Cerimedo, quienes pretend\u00edan dejar sin efecto la orden de reclusi\u00f3n en La Paz y mantenerlo en Palmasola, donde actualmente permanece detenido por otra causa. Aunque el recurso fue admitido, los argumentos planteados por la defensa fueron rechazados.<\/p>\n<p class=\"v1MsoNormal\">Con esta determinaci\u00f3n, contin\u00faa vigente la orden de trasladar a Cerimedo desde Santa Cruz hasta el recinto penitenciario pace\u00f1o. Sin embargo, la medida todav\u00eda no puede ejecutarse porque no se estableci\u00f3 cu\u00e1ndo se realizar\u00e1 el traslado.<\/p>\n<p class=\"v1MsoNormal\">El abogado Ernesto Giraldes confirm\u00f3 que la defensa a\u00fan desconoce la fecha y hora en que su cliente ser\u00e1 llevado a La Paz. Tambi\u00e9n explic\u00f3 que existen dos disposiciones de detenci\u00f3n preventiva relacionadas con Cerimedo, una emitida en Santa Cruz y otra en La Paz, situaci\u00f3n que debe ser considerada para definir la ejecuci\u00f3n de las medidas.<\/p>\n<p class=\"v1MsoNormal\">Cerimedo permanece actualmente en Palmasola, donde cumple una detenci\u00f3n preventiva por una investigaci\u00f3n diferente. La nueva disposici\u00f3n judicial establece que, una vez ejecutado el traslado, deber\u00e1 permanecer 180 d\u00edas en Chonchocoro mientras contin\u00faa el proceso por presunto enriquecimiento il\u00edcito. (Con informaci\u00f3n de Unitel)<\/p>\n<p class=\"v1MsoNormal\">\n","protected":false},"excerpt":{"rendered":"<p>La defensa de Fernando Cerimedo no logr\u00f3 frenar su traslado a La Paz. La Sala Penal Segunda confirm\u00f3 este mi\u00e9rcoles que el estratega pol\u00edtico deber\u00e1 cumplir 180 d\u00edas de detenci\u00f3n preventiva en el penal de Chonchocoro, dentro del proceso por presunto enriquecimiento il\u00edcito de particulares con afectaci\u00f3n al Estado. El tribunal revis\u00f3 la apelaci\u00f3n presentada [&hellip;]<\/p>\n","protected":false},"author":1,"featured_media":427253,"comment_status":"closed","ping_status":"open","sticky":false,"template":"","format":"standard","meta":{"_acf_changed":false,"footnotes":""},"categories":[39],"tags":[],"class_list":["post-427252","post","type-post","status-publish","format-standard","has-post-thumbnail","category-sociedad"],"acf":{"antetitulo":"Investigaci\u00f3n por presunto enriquecimiento il\u00edcito"},"yoast_head":"<!-- This site is optimized with the Yoast SEO plugin v28.4 - https:\/\/yoast.com\/product\/yoast-seo-wordpress\/ -->\n<title>Justicia ratifica traslado de Cerimedo a Chonchocoro - El Diario - Bolivia<\/title>\n<meta name=\"robots\" content=\"index, follow, max-snippet:-1, max-image-preview:large, max-video-preview:-1\" \/>\n<link rel=\"canonical\" href=\"https:\/\/www.eldiario.net\/portal\/2026\/09\/03\/justicia-ratifica-traslado-de-cerimedo-a-chonchocoro\/\" \/>\n<meta property=\"og:locale\" content=\"es_ES\" \/>\n<meta property=\"og:type\" content=\"article\" \/>\n<meta property=\"og:title\" content=\"Justicia ratifica traslado de Cerimedo a Chonchocoro - El Diario - Bolivia\" \/>\n<meta property=\"og:description\" content=\"La defensa de Fernando Cerimedo no logr\u00f3 frenar su traslado a La Paz. La Sala Penal Segunda confirm\u00f3 este mi\u00e9rcoles que el estratega pol\u00edtico deber\u00e1 cumplir 180 d\u00edas de detenci\u00f3n preventiva en el penal de Chonchocoro, dentro del proceso por presunto enriquecimiento il\u00edcito de particulares con afectaci\u00f3n al Estado. El tribunal revis\u00f3 la apelaci\u00f3n presentada [&hellip;]\" \/>\n<meta property=\"og:url\" content=\"https:\/\/www.eldiario.net\/portal\/2026\/09\/03\/justicia-ratifica-traslado-de-cerimedo-a-chonchocoro\/\" \/>\n<meta property=\"og:site_name\" content=\"El Diario - Bolivia\" \/>\n<meta property=\"article:publisher\" content=\"https:\/\/www.facebook.com\/eldiario.bolivia\/\" \/>\n<meta property=\"article:published_time\" content=\"2026-09-03T09:58:59+00:00\" \/>\n<meta property=\"og:image\" content=\"https:\/\/www.eldiario.net\/portal\/wp-content\/uploads\/2026\/09\/CERIMEDO-FOTO.webp\" \/>\n\t<meta property=\"og:image:width\" content=\"1135\" \/>\n\t<meta property=\"og:image:height\" content=\"705\" \/>\n\t<meta property=\"og:image:type\" content=\"image\/webp\" \/>\n<meta name=\"author\" content=\"Jeanette\" \/>\n<meta name=\"twitter:card\" content=\"summary_large_image\" \/>\n<meta name=\"twitter:creator\" content=\"@eldiario_net\" \/>\n<meta name=\"twitter:site\" content=\"@eldiario_net\" \/>\n<meta name=\"twitter:label1\" content=\"Escrito por\" \/>\n\t<meta name=\"twitter:data1\" content=\"Jeanette\" \/>\n\t<meta name=\"twitter:label2\" content=\"Tiempo de lectura\" \/>\n\t<meta name=\"twitter:data2\" content=\"2 minutos\" \/>\n<script type=\"application\/ld+json\" class=\"yoast-schema-graph\">{\"@context\":\"https:\\\/\\\/schema.org\",\"@graph\":[{\"@type\":\"Article\",\"@id\":\"https:\\\/\\\/www.eldiario.net\\\/portal\\\/2026\\\/09\\\/03\\\/justicia-ratifica-traslado-de-cerimedo-a-chonchocoro\\\/#article\",\"isPartOf\":{\"@id\":\"https:\\\/\\\/www.eldiario.net\\\/portal\\\/2026\\\/09\\\/03\\\/justicia-ratifica-traslado-de-cerimedo-a-chonchocoro\\\/\"},\"author\":{\"name\":\"Jeanette\",\"@id\":\"https:\\\/\\\/www.eldiario.net\\\/portal\\\/#\\\/schema\\\/person\\\/f46445640444750d7d753ccd04ae01b7\"},\"headline\":\"Justicia ratifica traslado de Cerimedo a Chonchocoro\",\"datePublished\":\"2026-09-03T09:58:59+00:00\",\"mainEntityOfPage\":{\"@id\":\"https:\\\/\\\/www.eldiario.net\\\/portal\\\/2026\\\/09\\\/03\\\/justicia-ratifica-traslado-de-cerimedo-a-chonchocoro\\\/\"},\"wordCount\":263,\"publisher\":{\"@id\":\"https:\\\/\\\/www.eldiario.net\\\/portal\\\/#organization\"},\"image\":{\"@id\":\"https:\\\/\\\/www.eldiario.net\\\/portal\\\/2026\\\/09\\\/03\\\/justicia-ratifica-traslado-de-cerimedo-a-chonchocoro\\\/#primaryimage\"},\"thumbnailUrl\":\"https:\\\/\\\/www.eldiario.net\\\/portal\\\/wp-content\\\/uploads\\\/2026\\\/09\\\/CERIMEDO-FOTO.webp\",\"articleSection\":[\"Sociedad - Seguridad\"],\"inLanguage\":\"es\"},{\"@type\":\"WebPage\",\"@id\":\"https:\\\/\\\/www.eldiario.net\\\/portal\\\/2026\\\/09\\\/03\\\/justicia-ratifica-traslado-de-cerimedo-a-chonchocoro\\\/\",\"url\":\"https:\\\/\\\/www.eldiario.net\\\/portal\\\/2026\\\/09\\\/03\\\/justicia-ratifica-traslado-de-cerimedo-a-chonchocoro\\\/\",\"name\":\"Justicia ratifica traslado de Cerimedo a Chonchocoro - El Diario - Bolivia\",\"isPartOf\":{\"@id\":\"https:\\\/\\\/www.eldiario.net\\\/portal\\\/#website\"},\"primaryImageOfPage\":{\"@id\":\"https:\\\/\\\/www.eldiario.net\\\/portal\\\/2026\\\/09\\\/03\\\/justicia-ratifica-traslado-de-cerimedo-a-chonchocoro\\\/#primaryimage\"},\"image\":{\"@id\":\"https:\\\/\\\/www.eldiario.net\\\/portal\\\/2026\\\/09\\\/03\\\/justicia-ratifica-traslado-de-cerimedo-a-chonchocoro\\\/#primaryimage\"},\"thumbnailUrl\":\"https:\\\/\\\/www.eldiario.net\\\/portal\\\/wp-content\\\/uploads\\\/2026\\\/09\\\/CERIMEDO-FOTO.webp\",\"datePublished\":\"2026-09-03T09:58:59+00:00\",\"breadcrumb\":{\"@id\":\"https:\\\/\\\/www.eldiario.net\\\/portal\\\/2026\\\/09\\\/03\\\/justicia-ratifica-traslado-de-cerimedo-a-chonchocoro\\\/#breadcrumb\"},\"inLanguage\":\"es\",\"potentialAction\":[{\"@type\":\"ReadAction\",\"target\":[\"https:\\\/\\\/www.eldiario.net\\\/portal\\\/2026\\\/09\\\/03\\\/justicia-ratifica-traslado-de-cerimedo-a-chonchocoro\\\/\"]}]},{\"@type\":\"ImageObject\",\"inLanguage\":\"es\",\"@id\":\"https:\\\/\\\/www.eldiario.net\\\/portal\\\/2026\\\/09\\\/03\\\/justicia-ratifica-traslado-de-cerimedo-a-chonchocoro\\\/#primaryimage\",\"url\":\"https:\\\/\\\/www.eldiario.net\\\/portal\\\/wp-content\\\/uploads\\\/2026\\\/09\\\/CERIMEDO-FOTO.webp\",\"contentUrl\":\"https:\\\/\\\/www.eldiario.net\\\/portal\\\/wp-content\\\/uploads\\\/2026\\\/09\\\/CERIMEDO-FOTO.webp\",\"width\":1135,\"height\":705,\"caption\":\"Cerimedo ser\u00e1 trasladado al penal de Chonchocoro en La Paz. CR\u00c9DITO DE FOTO: Captura\"},{\"@type\":\"BreadcrumbList\",\"@id\":\"https:\\\/\\\/www.eldiario.net\\\/portal\\\/2026\\\/09\\\/03\\\/justicia-ratifica-traslado-de-cerimedo-a-chonchocoro\\\/#breadcrumb\",\"itemListElement\":[{\"@type\":\"ListItem\",\"position\":1,\"name\":\"Portada\",\"item\":\"https:\\\/\\\/www.eldiario.net\\\/portal\\\/\"},{\"@type\":\"ListItem\",\"position\":2,\"name\":\"Justicia ratifica traslado de Cerimedo a Chonchocoro\"}]},{\"@type\":\"WebSite\",\"@id\":\"https:\\\/\\\/www.eldiario.net\\\/portal\\\/#website\",\"url\":\"https:\\\/\\\/www.eldiario.net\\\/portal\\\/\",\"name\":\"El Diario - Decano de la prensa nacional\",\"description\":\"El Diario - Decano de la prensa nacional\",\"publisher\":{\"@id\":\"https:\\\/\\\/www.eldiario.net\\\/portal\\\/#organization\"},\"potentialAction\":[{\"@type\":\"SearchAction\",\"target\":{\"@type\":\"EntryPoint\",\"urlTemplate\":\"https:\\\/\\\/www.eldiario.net\\\/portal\\\/?s={search_term_string}\"},\"query-input\":{\"@type\":\"PropertyValueSpecification\",\"valueRequired\":true,\"valueName\":\"search_term_string\"}}],\"inLanguage\":\"es\"},{\"@type\":\"Organization\",\"@id\":\"https:\\\/\\\/www.eldiario.net\\\/portal\\\/#organization\",\"name\":\"El Diario - Decano de la prensa nacional\",\"url\":\"https:\\\/\\\/www.eldiario.net\\\/portal\\\/\",\"logo\":{\"@type\":\"ImageObject\",\"inLanguage\":\"es\",\"@id\":\"https:\\\/\\\/www.eldiario.net\\\/portal\\\/#\\\/schema\\\/logo\\\/image\\\/\",\"url\":\"https:\\\/\\\/www.eldiario.net\\\/portal\\\/wp-content\\\/uploads\\\/2023\\\/07\\\/logo_ED.jpg\",\"contentUrl\":\"https:\\\/\\\/www.eldiario.net\\\/portal\\\/wp-content\\\/uploads\\\/2023\\\/07\\\/logo_ED.jpg\",\"width\":272,\"height\":52,\"caption\":\"El Diario - Decano de la prensa nacional\"},\"image\":{\"@id\":\"https:\\\/\\\/www.eldiario.net\\\/portal\\\/#\\\/schema\\\/logo\\\/image\\\/\"},\"sameAs\":[\"https:\\\/\\\/www.facebook.com\\\/eldiario.bolivia\\\/\",\"https:\\\/\\\/x.com\\\/eldiario_net\"]},{\"@type\":\"Person\",\"@id\":\"https:\\\/\\\/www.eldiario.net\\\/portal\\\/#\\\/schema\\\/person\\\/f46445640444750d7d753ccd04ae01b7\",\"name\":\"Jeanette\",\"image\":{\"@type\":\"ImageObject\",\"inLanguage\":\"es\",\"@id\":\"https:\\\/\\\/secure.gravatar.com\\\/avatar\\\/3ea2118a5f7dad2b7138b1187a6b7ee55f160b9968b66013c3a3ef39dd7e5798?s=96&d=mm&r=g\",\"url\":\"https:\\\/\\\/secure.gravatar.com\\\/avatar\\\/3ea2118a5f7dad2b7138b1187a6b7ee55f160b9968b66013c3a3ef39dd7e5798?s=96&d=mm&r=g\",\"contentUrl\":\"https:\\\/\\\/secure.gravatar.com\\\/avatar\\\/3ea2118a5f7dad2b7138b1187a6b7ee55f160b9968b66013c3a3ef39dd7e5798?s=96&d=mm&r=g\",\"caption\":\"Jeanette\"},\"sameAs\":[\"https:\\\/\\\/www.eldiario.net\\\/portal\"],\"url\":\"https:\\\/\\\/www.eldiario.net\\\/portal\\\/author\\\/jeanette\\\/\"}]}<\/script>\n<!-- \/ Yoast SEO plugin. -->","yoast_head_json":{"title":"Justicia ratifica traslado de Cerimedo a Chonchocoro - El Diario - Bolivia","robots":{"index":"index","follow":"follow","max-snippet":"max-snippet:-1","max-image-preview":"max-image-preview:large","max-video-preview":"max-video-preview:-1"},"canonical":"https:\/\/www.eldiario.net\/portal\/2026\/09\/03\/justicia-ratifica-traslado-de-cerimedo-a-chonchocoro\/","og_locale":"es_ES","og_type":"article","og_title":"Justicia ratifica traslado de Cerimedo a Chonchocoro - El Diario - Bolivia","og_description":"La defensa de Fernando Cerimedo no logr\u00f3 frenar su traslado a La Paz. La Sala Penal Segunda confirm\u00f3 este mi\u00e9rcoles que el estratega pol\u00edtico deber\u00e1 cumplir 180 d\u00edas de detenci\u00f3n preventiva en el penal de Chonchocoro, dentro del proceso por presunto enriquecimiento il\u00edcito de particulares con afectaci\u00f3n al Estado. El tribunal revis\u00f3 la apelaci\u00f3n presentada [&hellip;]","og_url":"https:\/\/www.eldiario.net\/portal\/2026\/09\/03\/justicia-ratifica-traslado-de-cerimedo-a-chonchocoro\/","og_site_name":"El Diario - Bolivia","article_publisher":"https:\/\/www.facebook.com\/eldiario.bolivia\/","article_published_time":"2026-09-03T09:58:59+00:00","og_image":[{"width":1135,"height":705,"url":"https:\/\/www.eldiario.net\/portal\/wp-content\/uploads\/2026\/09\/CERIMEDO-FOTO.webp","type":"image\/webp"}],"author":"Jeanette","twitter_card":"summary_large_image","twitter_creator":"@eldiario_net","twitter_site":"@eldiario_net","twitter_misc":{"Escrito por":"Jeanette","Tiempo de lectura":"2 minutos"},"schema":{"@context":"https:\/\/schema.org","@graph":[{"@type":"Article","@id":"https:\/\/www.eldiario.net\/portal\/2026\/09\/03\/justicia-ratifica-traslado-de-cerimedo-a-chonchocoro\/#article","isPartOf":{"@id":"https:\/\/www.eldiario.net\/portal\/2026\/09\/03\/justicia-ratifica-traslado-de-cerimedo-a-chonchocoro\/"},"author":{"name":"Jeanette","@id":"https:\/\/www.eldiario.net\/portal\/#\/schema\/person\/f46445640444750d7d753ccd04ae01b7"},"headline":"Justicia ratifica traslado de Cerimedo a Chonchocoro","datePublished":"2026-09-03T09:58:59+00:00","mainEntityOfPage":{"@id":"https:\/\/www.eldiario.net\/portal\/2026\/09\/03\/justicia-ratifica-traslado-de-cerimedo-a-chonchocoro\/"},"wordCount":263,"publisher":{"@id":"https:\/\/www.eldiario.net\/portal\/#organization"},"image":{"@id":"https:\/\/www.eldiario.net\/portal\/2026\/09\/03\/justicia-ratifica-traslado-de-cerimedo-a-chonchocoro\/#primaryimage"},"thumbnailUrl":"https:\/\/www.eldiario.net\/portal\/wp-content\/uploads\/2026\/09\/CERIMEDO-FOTO.webp","articleSection":["Sociedad - Seguridad"],"inLanguage":"es"},{"@type":"WebPage","@id":"https:\/\/www.eldiario.net\/portal\/2026\/09\/03\/justicia-ratifica-traslado-de-cerimedo-a-chonchocoro\/","url":"https:\/\/www.eldiario.net\/portal\/2026\/09\/03\/justicia-ratifica-traslado-de-cerimedo-a-chonchocoro\/","name":"Justicia ratifica traslado de Cerimedo a Chonchocoro - El Diario - Bolivia","isPartOf":{"@id":"https:\/\/www.eldiario.net\/portal\/#website"},"primaryImageOfPage":{"@id":"https:\/\/www.eldiario.net\/portal\/2026\/09\/03\/justicia-ratifica-traslado-de-cerimedo-a-chonchocoro\/#primaryimage"},"image":{"@id":"https:\/\/www.eldiario.net\/portal\/2026\/09\/03\/justicia-ratifica-traslado-de-cerimedo-a-chonchocoro\/#primaryimage"},"thumbnailUrl":"https:\/\/www.eldiario.net\/portal\/wp-content\/uploads\/2026\/09\/CERIMEDO-FOTO.webp","datePublished":"2026-09-03T09:58:59+00:00","breadcrumb":{"@id":"https:\/\/www.eldiario.net\/portal\/2026\/09\/03\/justicia-ratifica-traslado-de-cerimedo-a-chonchocoro\/#breadcrumb"},"inLanguage":"es","potentialAction":[{"@type":"ReadAction","target":["https:\/\/www.eldiario.net\/portal\/2026\/09\/03\/justicia-ratifica-traslado-de-cerimedo-a-chonchocoro\/"]}]},{"@type":"ImageObject","inLanguage":"es","@id":"https:\/\/www.eldiario.net\/portal\/2026\/09\/03\/justicia-ratifica-traslado-de-cerimedo-a-chonchocoro\/#primaryimage","url":"https:\/\/www.eldiario.net\/portal\/wp-content\/uploads\/2026\/09\/CERIMEDO-FOTO.webp","contentUrl":"https:\/\/www.eldiario.net\/portal\/wp-content\/uploads\/2026\/09\/CERIMEDO-FOTO.webp","width":1135,"height":705,"caption":"Cerimedo ser\u00e1 trasladado al penal de Chonchocoro en La Paz. CR\u00c9DITO DE FOTO: Captura"},{"@type":"BreadcrumbList","@id":"https:\/\/www.eldiario.net\/portal\/2026\/09\/03\/justicia-ratifica-traslado-de-cerimedo-a-chonchocoro\/#breadcrumb","itemListElement":[{"@type":"ListItem","position":1,"name":"Portada","item":"https:\/\/www.eldiario.net\/portal\/"},{"@type":"ListItem","position":2,"name":"Justicia ratifica traslado de Cerimedo a Chonchocoro"}]},{"@type":"WebSite","@id":"https:\/\/www.eldiario.net\/portal\/#website","url":"https:\/\/www.eldiario.net\/portal\/","name":"El Diario - Decano de la prensa nacional","description":"El Diario - Decano de la prensa nacional","publisher":{"@id":"https:\/\/www.eldiario.net\/portal\/#organization"},"potentialAction":[{"@type":"SearchAction","target":{"@type":"EntryPoint","urlTemplate":"https:\/\/www.eldiario.net\/portal\/?s={search_term_string}"},"query-input":{"@type":"PropertyValueSpecification","valueRequired":true,"valueName":"search_term_string"}}],"inLanguage":"es"},{"@type":"Organization","@id":"https:\/\/www.eldiario.net\/portal\/#organization","name":"El Diario - Decano de la prensa nacional","url":"https:\/\/www.eldiario.net\/portal\/","logo":{"@type":"ImageObject","inLanguage":"es","@id":"https:\/\/www.eldiario.net\/portal\/#\/schema\/logo\/image\/","url":"https:\/\/www.eldiario.net\/portal\/wp-content\/uploads\/2023\/07\/logo_ED.jpg","contentUrl":"https:\/\/www.eldiario.net\/portal\/wp-content\/uploads\/2023\/07\/logo_ED.jpg","width":272,"height":52,"caption":"El Diario - Decano de la prensa nacional"},"image":{"@id":"https:\/\/www.eldiario.net\/portal\/#\/schema\/logo\/image\/"},"sameAs":["https:\/\/www.facebook.com\/eldiario.bolivia\/","https:\/\/x.com\/eldiario_net"]},{"@type":"Person","@id":"https:\/\/www.eldiario.net\/portal\/#\/schema\/person\/f46445640444750d7d753ccd04ae01b7","name":"Jeanette","image":{"@type":"ImageObject","inLanguage":"es","@id":"https:\/\/secure.gravatar.com\/avatar\/3ea2118a5f7dad2b7138b1187a6b7ee55f160b9968b66013c3a3ef39dd7e5798?s=96&d=mm&r=g","url":"https:\/\/secure.gravatar.com\/avatar\/3ea2118a5f7dad2b7138b1187a6b7ee55f160b9968b66013c3a3ef39dd7e5798?s=96&d=mm&r=g","contentUrl":"https:\/\/secure.gravatar.com\/avatar\/3ea2118a5f7dad2b7138b1187a6b7ee55f160b9968b66013c3a3ef39dd7e5798?s=96&d=mm&r=g","caption":"Jeanette"},"sameAs":["https:\/\/www.eldiario.net\/portal"],"url":"https:\/\/www.eldiario.net\/portal\/author\/jeanette\/"}]}},"_links":{"self":[{"href":"https:\/\/www.eldiario.net\/portal\/wp-json\/wp\/v2\/posts\/427252","targetHints":{"allow":["GET"]}}],"collection":[{"href":"https:\/\/www.eldiario.net\/portal\/wp-json\/wp\/v2\/posts"}],"about":[{"href":"https:\/\/www.eldiario.net\/portal\/wp-json\/wp\/v2\/types\/post"}],"author":[{"embeddable":true,"href":"https:\/\/www.eldiario.net\/portal\/wp-json\/wp\/v2\/users\/1"}],"replies":[{"embeddable":true,"href":"https:\/\/www.eldiario.net\/portal\/wp-json\/wp\/v2\/comments?post=427252"}],"version-history":[{"count":1,"href":"https:\/\/www.eldiario.net\/portal\/wp-json\/wp\/v2\/posts\/427252\/revisions"}],"predecessor-version":[{"id":427254,"href":"https:\/\/www.eldiario.net\/portal\/wp-json\/wp\/v2\/posts\/427252\/revisions\/427254"}],"wp:featuredmedia":[{"embeddable":true,"href":"https:\/\/www.eldiario.net\/portal\/wp-json\/wp\/v2\/media\/427253"}],"wp:attachment":[{"href":"https:\/\/www.eldiario.net\/portal\/wp-json\/wp\/v2\/media?parent=427252"}],"wp:term":[{"taxonomy":"category","embeddable":true,"href":"https:\/\/www.eldiario.net\/portal\/wp-json\/wp\/v2\/categories?post=427252"},{"taxonomy":"post_tag","embeddable":true,"href":"https:\/\/www.eldiario.net\/portal\/wp-json\/wp\/v2\/tags?post=427252"}],"curies":[{"name":"wp","href":"https:\/\/api.w.org\/{rel}","templated":true}]}}