{"id":427240,"date":"2026-09-03T05:54:58","date_gmt":"2026-09-03T09:54:58","guid":{"rendered":"https:\/\/www.eldiario.net\/portal\/?p=427240"},"modified":"2026-09-03T05:54:58","modified_gmt":"2026-09-03T09:54:58","slug":"fiscalia-descarta-investigar-a-maria-elena-urquidi","status":"publish","type":"post","link":"https:\/\/www.eldiario.net\/portal\/2026\/09\/03\/fiscalia-descarta-investigar-a-maria-elena-urquidi\/","title":{"rendered":"Fiscal\u00eda descarta investigar  a Mar\u00eda Elena Urquidi"},"content":{"rendered":"<p class=\"v1MsoNormal\">El Ministerio P\u00fablico determin\u00f3 no ampliar la investigaci\u00f3n contra Mar\u00eda Elena Urquidi Barbery, esposa del presidente Rodrigo Paz, dentro del proceso iniciado por una denuncia que la vinculaba con presuntos delitos de corrupci\u00f3n.<\/p>\n<p class=\"v1MsoNormal\">La comisi\u00f3n de fiscales concluy\u00f3 que no existen elementos de convicci\u00f3n suficientes para establecer la participaci\u00f3n de Urquidi en los hechos denunciados. La denuncia hac\u00eda referencia a supuestas irregularidades relacionadas con la comercializaci\u00f3n y asignaci\u00f3n de cupos de combustible, operaciones con oro, contrataci\u00f3n de seguros y otros negocios vinculados al Estado.<\/p>\n<p class=\"v1MsoNormal\">Seg\u00fan la resoluci\u00f3n fiscal, tampoco se pudo precisar la participaci\u00f3n de la esposa del mandatario en los hechos en cuanto a las circunstancias de modo, tiempo y lugar. Por ese motivo, se rechaz\u00f3 la solicitud para ampliar las pesquisas en su contra por los delitos denunciados, entre ellos cohecho, uso indebido de influencias, negociaciones incompatibles, enriquecimiento il\u00edcito y legitimaci\u00f3n de ganancias il\u00edcitas.<\/p>\n<p class=\"v1MsoNormal\">La determinaci\u00f3n, sin embargo, no implica el cierre del proceso. La Fiscal\u00eda dispuso ampliar la investigaci\u00f3n contra Fernando Cerimedo por legitimaci\u00f3n de ganancias il\u00edcitas, usurpaci\u00f3n de funciones, falsedad material y uso de instrumento falsificado.<\/p>\n<p class=\"v1MsoNormal\">Dentro de las nuevas l\u00edneas de investigaci\u00f3n se encuentran movimientos econ\u00f3micos que, seg\u00fan la resoluci\u00f3n, no guardar\u00eda correspondencia con los ingresos esperados de su actividad como consultor o asesor. Tambi\u00e9n se orden\u00f3 profundizar las pesquisas sobre el origen y destino de recursos relacionados con la casa de cambio Exchange South America, una de las propiedades presuntamente vinculadas a Cerimedo que fueron allanadas.<\/p>\n<p class=\"v1MsoNormal\">Otro elemento observado por los fiscales son las tarjetas personales halladas en poder del consultor argentino, en las que figuraba como asesor del presidente constitucional de Bolivia. La Fiscal\u00eda considera que este material debe ser investigado para determinar si se utiliz\u00f3 documentaci\u00f3n para aparentar el ejercicio de un cargo p\u00fablico.<\/p>\n<p class=\"v1MsoNormal\">Cerimedo deber\u00e1 ser notificado sobre la ampliaci\u00f3n de la investigaci\u00f3n y citado a declarar dentro del proceso. Actualmente cumple detenci\u00f3n preventiva en Palmasola por un proceso por presunto intento de feminicidio contra su expareja Nadia Beller y tambi\u00e9n tiene una medida cautelar similar dentro de la investigaci\u00f3n por enriquecimiento il\u00edcito. (Con informaci\u00f3n de agencias)<\/p>\n<p class=\"v1MsoNormal\">\n","protected":false},"excerpt":{"rendered":"<p>El Ministerio P\u00fablico determin\u00f3 no ampliar la investigaci\u00f3n contra Mar\u00eda Elena Urquidi Barbery, esposa del presidente Rodrigo Paz, dentro del proceso iniciado por una denuncia que la vinculaba con presuntos delitos de corrupci\u00f3n. La comisi\u00f3n de fiscales concluy\u00f3 que no existen elementos de convicci\u00f3n suficientes para establecer la participaci\u00f3n de Urquidi en los hechos denunciados. [&hellip;]<\/p>\n","protected":false},"author":1,"featured_media":427241,"comment_status":"closed","ping_status":"open","sticky":false,"template":"","format":"standard","meta":{"_acf_changed":false,"footnotes":""},"categories":[39],"tags":[],"class_list":["post-427240","post","type-post","status-publish","format-standard","has-post-thumbnail","category-sociedad"],"acf":{"antetitulo":"Cerimedo afronta nuevas pesquisas por cuatro delitos"},"yoast_head":"<!-- This site is optimized with the Yoast SEO plugin v28.4 - https:\/\/yoast.com\/product\/yoast-seo-wordpress\/ -->\n<title>Fiscal\u00eda descarta investigar a Mar\u00eda Elena Urquidi - El Diario - Bolivia<\/title>\n<meta name=\"robots\" content=\"index, follow, max-snippet:-1, max-image-preview:large, max-video-preview:-1\" \/>\n<link rel=\"canonical\" href=\"https:\/\/www.eldiario.net\/portal\/2026\/09\/03\/fiscalia-descarta-investigar-a-maria-elena-urquidi\/\" \/>\n<meta property=\"og:locale\" content=\"es_ES\" \/>\n<meta property=\"og:type\" content=\"article\" \/>\n<meta property=\"og:title\" content=\"Fiscal\u00eda descarta investigar a Mar\u00eda Elena Urquidi - El Diario - Bolivia\" \/>\n<meta property=\"og:description\" content=\"El Ministerio P\u00fablico determin\u00f3 no ampliar la investigaci\u00f3n contra Mar\u00eda Elena Urquidi Barbery, esposa del presidente Rodrigo Paz, dentro del proceso iniciado por una denuncia que la vinculaba con presuntos delitos de corrupci\u00f3n. La comisi\u00f3n de fiscales concluy\u00f3 que no existen elementos de convicci\u00f3n suficientes para establecer la participaci\u00f3n de Urquidi en los hechos denunciados. [&hellip;]\" \/>\n<meta property=\"og:url\" content=\"https:\/\/www.eldiario.net\/portal\/2026\/09\/03\/fiscalia-descarta-investigar-a-maria-elena-urquidi\/\" \/>\n<meta property=\"og:site_name\" content=\"El Diario - Bolivia\" \/>\n<meta property=\"article:publisher\" content=\"https:\/\/www.facebook.com\/eldiario.bolivia\/\" \/>\n<meta property=\"article:published_time\" content=\"2026-09-03T09:54:58+00:00\" \/>\n<meta property=\"og:image\" content=\"https:\/\/www.eldiario.net\/portal\/wp-content\/uploads\/2026\/09\/URQUIDI-FOTO.webp\" \/>\n\t<meta property=\"og:image:width\" content=\"399\" \/>\n\t<meta property=\"og:image:height\" content=\"389\" \/>\n\t<meta property=\"og:image:type\" content=\"image\/webp\" \/>\n<meta name=\"author\" content=\"Jeanette\" \/>\n<meta name=\"twitter:card\" content=\"summary_large_image\" \/>\n<meta name=\"twitter:creator\" content=\"@eldiario_net\" \/>\n<meta name=\"twitter:site\" content=\"@eldiario_net\" \/>\n<meta name=\"twitter:label1\" content=\"Escrito por\" \/>\n\t<meta name=\"twitter:data1\" content=\"Jeanette\" \/>\n\t<meta name=\"twitter:label2\" content=\"Tiempo de lectura\" \/>\n\t<meta name=\"twitter:data2\" content=\"2 minutos\" \/>\n<script type=\"application\/ld+json\" class=\"yoast-schema-graph\">{\"@context\":\"https:\\\/\\\/schema.org\",\"@graph\":[{\"@type\":\"Article\",\"@id\":\"https:\\\/\\\/www.eldiario.net\\\/portal\\\/2026\\\/09\\\/03\\\/fiscalia-descarta-investigar-a-maria-elena-urquidi\\\/#article\",\"isPartOf\":{\"@id\":\"https:\\\/\\\/www.eldiario.net\\\/portal\\\/2026\\\/09\\\/03\\\/fiscalia-descarta-investigar-a-maria-elena-urquidi\\\/\"},\"author\":{\"name\":\"Jeanette\",\"@id\":\"https:\\\/\\\/www.eldiario.net\\\/portal\\\/#\\\/schema\\\/person\\\/f46445640444750d7d753ccd04ae01b7\"},\"headline\":\"Fiscal\u00eda descarta investigar a Mar\u00eda Elena Urquidi\",\"datePublished\":\"2026-09-03T09:54:58+00:00\",\"mainEntityOfPage\":{\"@id\":\"https:\\\/\\\/www.eldiario.net\\\/portal\\\/2026\\\/09\\\/03\\\/fiscalia-descarta-investigar-a-maria-elena-urquidi\\\/\"},\"wordCount\":395,\"publisher\":{\"@id\":\"https:\\\/\\\/www.eldiario.net\\\/portal\\\/#organization\"},\"image\":{\"@id\":\"https:\\\/\\\/www.eldiario.net\\\/portal\\\/2026\\\/09\\\/03\\\/fiscalia-descarta-investigar-a-maria-elena-urquidi\\\/#primaryimage\"},\"thumbnailUrl\":\"https:\\\/\\\/www.eldiario.net\\\/portal\\\/wp-content\\\/uploads\\\/2026\\\/09\\\/URQUIDI-FOTO.webp\",\"articleSection\":[\"Sociedad - Seguridad\"],\"inLanguage\":\"es\"},{\"@type\":\"WebPage\",\"@id\":\"https:\\\/\\\/www.eldiario.net\\\/portal\\\/2026\\\/09\\\/03\\\/fiscalia-descarta-investigar-a-maria-elena-urquidi\\\/\",\"url\":\"https:\\\/\\\/www.eldiario.net\\\/portal\\\/2026\\\/09\\\/03\\\/fiscalia-descarta-investigar-a-maria-elena-urquidi\\\/\",\"name\":\"Fiscal\u00eda descarta investigar a Mar\u00eda Elena Urquidi - El Diario - Bolivia\",\"isPartOf\":{\"@id\":\"https:\\\/\\\/www.eldiario.net\\\/portal\\\/#website\"},\"primaryImageOfPage\":{\"@id\":\"https:\\\/\\\/www.eldiario.net\\\/portal\\\/2026\\\/09\\\/03\\\/fiscalia-descarta-investigar-a-maria-elena-urquidi\\\/#primaryimage\"},\"image\":{\"@id\":\"https:\\\/\\\/www.eldiario.net\\\/portal\\\/2026\\\/09\\\/03\\\/fiscalia-descarta-investigar-a-maria-elena-urquidi\\\/#primaryimage\"},\"thumbnailUrl\":\"https:\\\/\\\/www.eldiario.net\\\/portal\\\/wp-content\\\/uploads\\\/2026\\\/09\\\/URQUIDI-FOTO.webp\",\"datePublished\":\"2026-09-03T09:54:58+00:00\",\"breadcrumb\":{\"@id\":\"https:\\\/\\\/www.eldiario.net\\\/portal\\\/2026\\\/09\\\/03\\\/fiscalia-descarta-investigar-a-maria-elena-urquidi\\\/#breadcrumb\"},\"inLanguage\":\"es\",\"potentialAction\":[{\"@type\":\"ReadAction\",\"target\":[\"https:\\\/\\\/www.eldiario.net\\\/portal\\\/2026\\\/09\\\/03\\\/fiscalia-descarta-investigar-a-maria-elena-urquidi\\\/\"]}]},{\"@type\":\"ImageObject\",\"inLanguage\":\"es\",\"@id\":\"https:\\\/\\\/www.eldiario.net\\\/portal\\\/2026\\\/09\\\/03\\\/fiscalia-descarta-investigar-a-maria-elena-urquidi\\\/#primaryimage\",\"url\":\"https:\\\/\\\/www.eldiario.net\\\/portal\\\/wp-content\\\/uploads\\\/2026\\\/09\\\/URQUIDI-FOTO.webp\",\"contentUrl\":\"https:\\\/\\\/www.eldiario.net\\\/portal\\\/wp-content\\\/uploads\\\/2026\\\/09\\\/URQUIDI-FOTO.webp\",\"width\":399,\"height\":389,\"caption\":\"La primera dama del Estado, Mar\u00eda Elena Urquidi Barbery. CR\u00c9DITO: RRSS\"},{\"@type\":\"BreadcrumbList\",\"@id\":\"https:\\\/\\\/www.eldiario.net\\\/portal\\\/2026\\\/09\\\/03\\\/fiscalia-descarta-investigar-a-maria-elena-urquidi\\\/#breadcrumb\",\"itemListElement\":[{\"@type\":\"ListItem\",\"position\":1,\"name\":\"Portada\",\"item\":\"https:\\\/\\\/www.eldiario.net\\\/portal\\\/\"},{\"@type\":\"ListItem\",\"position\":2,\"name\":\"Fiscal\u00eda descarta investigar a Mar\u00eda Elena Urquidi\"}]},{\"@type\":\"WebSite\",\"@id\":\"https:\\\/\\\/www.eldiario.net\\\/portal\\\/#website\",\"url\":\"https:\\\/\\\/www.eldiario.net\\\/portal\\\/\",\"name\":\"El Diario - Decano de la prensa nacional\",\"description\":\"El Diario - Decano de la prensa nacional\",\"publisher\":{\"@id\":\"https:\\\/\\\/www.eldiario.net\\\/portal\\\/#organization\"},\"potentialAction\":[{\"@type\":\"SearchAction\",\"target\":{\"@type\":\"EntryPoint\",\"urlTemplate\":\"https:\\\/\\\/www.eldiario.net\\\/portal\\\/?s={search_term_string}\"},\"query-input\":{\"@type\":\"PropertyValueSpecification\",\"valueRequired\":true,\"valueName\":\"search_term_string\"}}],\"inLanguage\":\"es\"},{\"@type\":\"Organization\",\"@id\":\"https:\\\/\\\/www.eldiario.net\\\/portal\\\/#organization\",\"name\":\"El Diario - Decano de la prensa nacional\",\"url\":\"https:\\\/\\\/www.eldiario.net\\\/portal\\\/\",\"logo\":{\"@type\":\"ImageObject\",\"inLanguage\":\"es\",\"@id\":\"https:\\\/\\\/www.eldiario.net\\\/portal\\\/#\\\/schema\\\/logo\\\/image\\\/\",\"url\":\"https:\\\/\\\/www.eldiario.net\\\/portal\\\/wp-content\\\/uploads\\\/2023\\\/07\\\/logo_ED.jpg\",\"contentUrl\":\"https:\\\/\\\/www.eldiario.net\\\/portal\\\/wp-content\\\/uploads\\\/2023\\\/07\\\/logo_ED.jpg\",\"width\":272,\"height\":52,\"caption\":\"El Diario - Decano de la prensa nacional\"},\"image\":{\"@id\":\"https:\\\/\\\/www.eldiario.net\\\/portal\\\/#\\\/schema\\\/logo\\\/image\\\/\"},\"sameAs\":[\"https:\\\/\\\/www.facebook.com\\\/eldiario.bolivia\\\/\",\"https:\\\/\\\/x.com\\\/eldiario_net\"]},{\"@type\":\"Person\",\"@id\":\"https:\\\/\\\/www.eldiario.net\\\/portal\\\/#\\\/schema\\\/person\\\/f46445640444750d7d753ccd04ae01b7\",\"name\":\"Jeanette\",\"image\":{\"@type\":\"ImageObject\",\"inLanguage\":\"es\",\"@id\":\"https:\\\/\\\/secure.gravatar.com\\\/avatar\\\/3ea2118a5f7dad2b7138b1187a6b7ee55f160b9968b66013c3a3ef39dd7e5798?s=96&d=mm&r=g\",\"url\":\"https:\\\/\\\/secure.gravatar.com\\\/avatar\\\/3ea2118a5f7dad2b7138b1187a6b7ee55f160b9968b66013c3a3ef39dd7e5798?s=96&d=mm&r=g\",\"contentUrl\":\"https:\\\/\\\/secure.gravatar.com\\\/avatar\\\/3ea2118a5f7dad2b7138b1187a6b7ee55f160b9968b66013c3a3ef39dd7e5798?s=96&d=mm&r=g\",\"caption\":\"Jeanette\"},\"sameAs\":[\"https:\\\/\\\/www.eldiario.net\\\/portal\"],\"url\":\"https:\\\/\\\/www.eldiario.net\\\/portal\\\/author\\\/jeanette\\\/\"}]}<\/script>\n<!-- \/ Yoast SEO plugin. -->","yoast_head_json":{"title":"Fiscal\u00eda descarta investigar a Mar\u00eda Elena Urquidi - El Diario - Bolivia","robots":{"index":"index","follow":"follow","max-snippet":"max-snippet:-1","max-image-preview":"max-image-preview:large","max-video-preview":"max-video-preview:-1"},"canonical":"https:\/\/www.eldiario.net\/portal\/2026\/09\/03\/fiscalia-descarta-investigar-a-maria-elena-urquidi\/","og_locale":"es_ES","og_type":"article","og_title":"Fiscal\u00eda descarta investigar a Mar\u00eda Elena Urquidi - El Diario - Bolivia","og_description":"El Ministerio P\u00fablico determin\u00f3 no ampliar la investigaci\u00f3n contra Mar\u00eda Elena Urquidi Barbery, esposa del presidente Rodrigo Paz, dentro del proceso iniciado por una denuncia que la vinculaba con presuntos delitos de corrupci\u00f3n. La comisi\u00f3n de fiscales concluy\u00f3 que no existen elementos de convicci\u00f3n suficientes para establecer la participaci\u00f3n de Urquidi en los hechos denunciados. [&hellip;]","og_url":"https:\/\/www.eldiario.net\/portal\/2026\/09\/03\/fiscalia-descarta-investigar-a-maria-elena-urquidi\/","og_site_name":"El Diario - Bolivia","article_publisher":"https:\/\/www.facebook.com\/eldiario.bolivia\/","article_published_time":"2026-09-03T09:54:58+00:00","og_image":[{"width":399,"height":389,"url":"https:\/\/www.eldiario.net\/portal\/wp-content\/uploads\/2026\/09\/URQUIDI-FOTO.webp","type":"image\/webp"}],"author":"Jeanette","twitter_card":"summary_large_image","twitter_creator":"@eldiario_net","twitter_site":"@eldiario_net","twitter_misc":{"Escrito por":"Jeanette","Tiempo de lectura":"2 minutos"},"schema":{"@context":"https:\/\/schema.org","@graph":[{"@type":"Article","@id":"https:\/\/www.eldiario.net\/portal\/2026\/09\/03\/fiscalia-descarta-investigar-a-maria-elena-urquidi\/#article","isPartOf":{"@id":"https:\/\/www.eldiario.net\/portal\/2026\/09\/03\/fiscalia-descarta-investigar-a-maria-elena-urquidi\/"},"author":{"name":"Jeanette","@id":"https:\/\/www.eldiario.net\/portal\/#\/schema\/person\/f46445640444750d7d753ccd04ae01b7"},"headline":"Fiscal\u00eda descarta investigar a Mar\u00eda Elena Urquidi","datePublished":"2026-09-03T09:54:58+00:00","mainEntityOfPage":{"@id":"https:\/\/www.eldiario.net\/portal\/2026\/09\/03\/fiscalia-descarta-investigar-a-maria-elena-urquidi\/"},"wordCount":395,"publisher":{"@id":"https:\/\/www.eldiario.net\/portal\/#organization"},"image":{"@id":"https:\/\/www.eldiario.net\/portal\/2026\/09\/03\/fiscalia-descarta-investigar-a-maria-elena-urquidi\/#primaryimage"},"thumbnailUrl":"https:\/\/www.eldiario.net\/portal\/wp-content\/uploads\/2026\/09\/URQUIDI-FOTO.webp","articleSection":["Sociedad - Seguridad"],"inLanguage":"es"},{"@type":"WebPage","@id":"https:\/\/www.eldiario.net\/portal\/2026\/09\/03\/fiscalia-descarta-investigar-a-maria-elena-urquidi\/","url":"https:\/\/www.eldiario.net\/portal\/2026\/09\/03\/fiscalia-descarta-investigar-a-maria-elena-urquidi\/","name":"Fiscal\u00eda descarta investigar a Mar\u00eda Elena Urquidi - El Diario - Bolivia","isPartOf":{"@id":"https:\/\/www.eldiario.net\/portal\/#website"},"primaryImageOfPage":{"@id":"https:\/\/www.eldiario.net\/portal\/2026\/09\/03\/fiscalia-descarta-investigar-a-maria-elena-urquidi\/#primaryimage"},"image":{"@id":"https:\/\/www.eldiario.net\/portal\/2026\/09\/03\/fiscalia-descarta-investigar-a-maria-elena-urquidi\/#primaryimage"},"thumbnailUrl":"https:\/\/www.eldiario.net\/portal\/wp-content\/uploads\/2026\/09\/URQUIDI-FOTO.webp","datePublished":"2026-09-03T09:54:58+00:00","breadcrumb":{"@id":"https:\/\/www.eldiario.net\/portal\/2026\/09\/03\/fiscalia-descarta-investigar-a-maria-elena-urquidi\/#breadcrumb"},"inLanguage":"es","potentialAction":[{"@type":"ReadAction","target":["https:\/\/www.eldiario.net\/portal\/2026\/09\/03\/fiscalia-descarta-investigar-a-maria-elena-urquidi\/"]}]},{"@type":"ImageObject","inLanguage":"es","@id":"https:\/\/www.eldiario.net\/portal\/2026\/09\/03\/fiscalia-descarta-investigar-a-maria-elena-urquidi\/#primaryimage","url":"https:\/\/www.eldiario.net\/portal\/wp-content\/uploads\/2026\/09\/URQUIDI-FOTO.webp","contentUrl":"https:\/\/www.eldiario.net\/portal\/wp-content\/uploads\/2026\/09\/URQUIDI-FOTO.webp","width":399,"height":389,"caption":"La primera dama del Estado, Mar\u00eda Elena Urquidi Barbery. CR\u00c9DITO: RRSS"},{"@type":"BreadcrumbList","@id":"https:\/\/www.eldiario.net\/portal\/2026\/09\/03\/fiscalia-descarta-investigar-a-maria-elena-urquidi\/#breadcrumb","itemListElement":[{"@type":"ListItem","position":1,"name":"Portada","item":"https:\/\/www.eldiario.net\/portal\/"},{"@type":"ListItem","position":2,"name":"Fiscal\u00eda descarta investigar a Mar\u00eda Elena Urquidi"}]},{"@type":"WebSite","@id":"https:\/\/www.eldiario.net\/portal\/#website","url":"https:\/\/www.eldiario.net\/portal\/","name":"El Diario - Decano de la prensa nacional","description":"El Diario - Decano de la prensa nacional","publisher":{"@id":"https:\/\/www.eldiario.net\/portal\/#organization"},"potentialAction":[{"@type":"SearchAction","target":{"@type":"EntryPoint","urlTemplate":"https:\/\/www.eldiario.net\/portal\/?s={search_term_string}"},"query-input":{"@type":"PropertyValueSpecification","valueRequired":true,"valueName":"search_term_string"}}],"inLanguage":"es"},{"@type":"Organization","@id":"https:\/\/www.eldiario.net\/portal\/#organization","name":"El Diario - Decano de la prensa nacional","url":"https:\/\/www.eldiario.net\/portal\/","logo":{"@type":"ImageObject","inLanguage":"es","@id":"https:\/\/www.eldiario.net\/portal\/#\/schema\/logo\/image\/","url":"https:\/\/www.eldiario.net\/portal\/wp-content\/uploads\/2023\/07\/logo_ED.jpg","contentUrl":"https:\/\/www.eldiario.net\/portal\/wp-content\/uploads\/2023\/07\/logo_ED.jpg","width":272,"height":52,"caption":"El Diario - Decano de la prensa nacional"},"image":{"@id":"https:\/\/www.eldiario.net\/portal\/#\/schema\/logo\/image\/"},"sameAs":["https:\/\/www.facebook.com\/eldiario.bolivia\/","https:\/\/x.com\/eldiario_net"]},{"@type":"Person","@id":"https:\/\/www.eldiario.net\/portal\/#\/schema\/person\/f46445640444750d7d753ccd04ae01b7","name":"Jeanette","image":{"@type":"ImageObject","inLanguage":"es","@id":"https:\/\/secure.gravatar.com\/avatar\/3ea2118a5f7dad2b7138b1187a6b7ee55f160b9968b66013c3a3ef39dd7e5798?s=96&d=mm&r=g","url":"https:\/\/secure.gravatar.com\/avatar\/3ea2118a5f7dad2b7138b1187a6b7ee55f160b9968b66013c3a3ef39dd7e5798?s=96&d=mm&r=g","contentUrl":"https:\/\/secure.gravatar.com\/avatar\/3ea2118a5f7dad2b7138b1187a6b7ee55f160b9968b66013c3a3ef39dd7e5798?s=96&d=mm&r=g","caption":"Jeanette"},"sameAs":["https:\/\/www.eldiario.net\/portal"],"url":"https:\/\/www.eldiario.net\/portal\/author\/jeanette\/"}]}},"_links":{"self":[{"href":"https:\/\/www.eldiario.net\/portal\/wp-json\/wp\/v2\/posts\/427240","targetHints":{"allow":["GET"]}}],"collection":[{"href":"https:\/\/www.eldiario.net\/portal\/wp-json\/wp\/v2\/posts"}],"about":[{"href":"https:\/\/www.eldiario.net\/portal\/wp-json\/wp\/v2\/types\/post"}],"author":[{"embeddable":true,"href":"https:\/\/www.eldiario.net\/portal\/wp-json\/wp\/v2\/users\/1"}],"replies":[{"embeddable":true,"href":"https:\/\/www.eldiario.net\/portal\/wp-json\/wp\/v2\/comments?post=427240"}],"version-history":[{"count":1,"href":"https:\/\/www.eldiario.net\/portal\/wp-json\/wp\/v2\/posts\/427240\/revisions"}],"predecessor-version":[{"id":427242,"href":"https:\/\/www.eldiario.net\/portal\/wp-json\/wp\/v2\/posts\/427240\/revisions\/427242"}],"wp:featuredmedia":[{"embeddable":true,"href":"https:\/\/www.eldiario.net\/portal\/wp-json\/wp\/v2\/media\/427241"}],"wp:attachment":[{"href":"https:\/\/www.eldiario.net\/portal\/wp-json\/wp\/v2\/media?parent=427240"}],"wp:term":[{"taxonomy":"category","embeddable":true,"href":"https:\/\/www.eldiario.net\/portal\/wp-json\/wp\/v2\/categories?post=427240"},{"taxonomy":"post_tag","embeddable":true,"href":"https:\/\/www.eldiario.net\/portal\/wp-json\/wp\/v2\/tags?post=427240"}],"curies":[{"name":"wp","href":"https:\/\/api.w.org\/{rel}","templated":true}]}}