{"id":427237,"date":"2026-09-03T05:53:45","date_gmt":"2026-09-03T09:53:45","guid":{"rendered":"https:\/\/www.eldiario.net\/portal\/?p=427237"},"modified":"2026-09-03T05:53:45","modified_gmt":"2026-09-03T09:53:45","slug":"eligen-a-adhemar-guzman-como-nuevo-secretario-general-de-aladi","status":"publish","type":"post","link":"https:\/\/www.eldiario.net\/portal\/2026\/09\/03\/eligen-a-adhemar-guzman-como-nuevo-secretario-general-de-aladi\/","title":{"rendered":"Eligen a Adhemar Guzm\u00e1n como  nuevo secretario general de Aladi"},"content":{"rendered":"<p class=\"v1MsoNormal\">El exministro y viceministro Adhemar Guzm\u00e1n asumi\u00f3 la secretar\u00eda general de la Asociaci\u00f3n Latinoamericana de Integraci\u00f3n (Aladi) para el per\u00edodo 2026 \u2013 2029, con lo que \u00abBolivia asume un liderazgo integrador en la regi\u00f3n\u00bb, sostuvo el Ministerio de Relaciones Exteriores, H\u00e9ctor Huanca.<\/p>\n<p class=\"v1MsoNormal\">\u00abLa elecci\u00f3n del boliviano Adhemar Guzm\u00e1n Ballivi\u00e1n como secretario general de la Aladi para el per\u00edodo 2026\u20132029 refleja la confianza de los pa\u00edses miembros y marca un hito de especial relevancia para Bolivia en los espacios de integraci\u00f3n regional\u00bb, explic\u00f3.<\/p>\n<p class=\"v1MsoNormal\">El Ministerio de Relaciones Exteriores indic\u00f3 que su designaci\u00f3n por unanimidad, llega en un momento clave para la pol\u00edtica exterior boliviana, que hoy asume un rol activo como articulador regional: generar oportunidades, facilitar el comercio, acercar posiciones y construir resultados concretos para nuestros pa\u00edses y sus ciudadanos.<\/p>\n<p class=\"v1MsoNormal\">\u00abSu origen es boliviano; su responsabilidad, desde hoy, es latinoamericana, es una frase que condensa el orgullo de Bolivia por esta elecci\u00f3n y el compromiso de trabajar con equilibrio, di\u00e1logo y vocaci\u00f3n de consenso al servicio de toda la Aladi\u00bb, resalt\u00f3.<\/p>\n<p class=\"v1MsoNormal\">Record\u00f3 que esa asociaci\u00f3n es el principal marco institucional de integraci\u00f3n econ\u00f3mica de Am\u00e9rica Latina y enfatiz\u00f3 que, para Bolivia, dirigir este organismo es asumir una posici\u00f3n estrat\u00e9gica de articulador regional con la capacidad de concretar las oportunidades en beneficios concretos.<\/p>\n<p class=\"v1MsoNormal\">Guzm\u00e1n Ballivi\u00e1n es licenciado en Administraci\u00f3n de Empresas y mag\u00edster en Administraci\u00f3n P\u00fablica. Fue ministro de Desarrollo Productivo y Econom\u00eda Plural en el a\u00f1o 2020, adem\u00e1s de viceministro de Comercio y Log\u00edstica Interna entre 2019 y 2020.<\/p>\n<p class=\"v1MsoNormal\">Tambi\u00e9n fungi\u00f3 como viceministro de Exportaciones entre 1997 y 2002, presidente del Directorio de la Empresa Nacional de Electricidad entre 1989 y 1993, presidente de la C\u00e1mara Nacional de Exportadores de Bolivia entre 1996 y 1997, entre otros cargos de instituciones privada.<\/p>\n<p class=\"v1MsoNormal\">\n<p class=\"v1MsoNormal\">INTEGRACI\u00d3N<\/p>\n<p class=\"v1MsoNormal\">En el evento, el canciller H\u00e9ctor Huanca plante\u00f3 una integraci\u00f3n orientada a facilitar el comercio, conectar mercados y generar resultados concretos para la regi\u00f3n y sus ciudadanos.<\/p>\n<p class=\"v1MsoNormal\">Asimismo, agradeci\u00f3 el respaldo de los pa\u00edses miembros y destac\u00f3 que la designaci\u00f3n debe entenderse como una responsabilidad al servicio de toda la regi\u00f3n.<\/p>\n<p class=\"v1MsoNormal\">Durante el consejo de ministros, Huanca plante\u00f3 avanzar hacia una integraci\u00f3n m\u00e1s efectiva, con facilitaci\u00f3n del comercio intrarregional, simplificaci\u00f3n y digitalizaci\u00f3n de procedimientos, mejores condiciones para los Pa\u00edses de Menor Desarrollo Econ\u00f3mico Relativo y una mayor articulaci\u00f3n entre integraci\u00f3n comercial y conectividad f\u00edsica. \u00abEl objetivo debe ser tener una mejor integraci\u00f3n: una integraci\u00f3n que funcione\u00bb, sintetiz\u00f3.<\/p>\n<p class=\"v1MsoNormal\">Para Bolivia, su ubicaci\u00f3n en el coraz\u00f3n de Sudam\u00e9rica, constituye un activo estrat\u00e9gico. La pol\u00edtica exterior boliviana busca aprovechar esta condici\u00f3n para articular mercados, corredores, sistemas log\u00edsticos y capacidades productivas, contribuyendo a una mayor conexi\u00f3n entre el Atl\u00e1ntico y el Pac\u00edfico que contempla mecanismos preferenciales orientados a favorecer una participaci\u00f3n m\u00e1s equitativa en el proceso de integraci\u00f3n.<\/p>\n","protected":false},"excerpt":{"rendered":"<p>El exministro y viceministro Adhemar Guzm\u00e1n asumi\u00f3 la secretar\u00eda general de la Asociaci\u00f3n Latinoamericana de Integraci\u00f3n (Aladi) para el per\u00edodo 2026 \u2013 2029, con lo que \u00abBolivia asume un liderazgo integrador en la regi\u00f3n\u00bb, sostuvo el Ministerio de Relaciones Exteriores, H\u00e9ctor Huanca. \u00abLa elecci\u00f3n del boliviano Adhemar Guzm\u00e1n Ballivi\u00e1n como secretario general de la Aladi [&hellip;]<\/p>\n","protected":false},"author":1,"featured_media":427238,"comment_status":"closed","ping_status":"open","sticky":false,"template":"","format":"standard","meta":{"_acf_changed":false,"footnotes":""},"categories":[7],"tags":[],"class_list":["post-427237","post","type-post","status-publish","format-standard","has-post-thumbnail","category-economia"],"acf":{"antetitulo":"Per\u00edodo 2026 \u2013 2029"},"yoast_head":"<!-- This site is optimized with the Yoast SEO plugin v28.4 - https:\/\/yoast.com\/product\/yoast-seo-wordpress\/ -->\n<title>Eligen a Adhemar Guzm\u00e1n como nuevo secretario general de Aladi - El Diario - Bolivia<\/title>\n<meta name=\"robots\" content=\"index, follow, max-snippet:-1, max-image-preview:large, max-video-preview:-1\" \/>\n<link rel=\"canonical\" href=\"https:\/\/www.eldiario.net\/portal\/2026\/09\/03\/eligen-a-adhemar-guzman-como-nuevo-secretario-general-de-aladi\/\" \/>\n<meta property=\"og:locale\" content=\"es_ES\" \/>\n<meta property=\"og:type\" content=\"article\" \/>\n<meta property=\"og:title\" content=\"Eligen a Adhemar Guzm\u00e1n como nuevo secretario general de Aladi - El Diario - Bolivia\" \/>\n<meta property=\"og:description\" content=\"El exministro y viceministro Adhemar Guzm\u00e1n asumi\u00f3 la secretar\u00eda general de la Asociaci\u00f3n Latinoamericana de Integraci\u00f3n (Aladi) para el per\u00edodo 2026 \u2013 2029, con lo que \u00abBolivia asume un liderazgo integrador en la regi\u00f3n\u00bb, sostuvo el Ministerio de Relaciones Exteriores, H\u00e9ctor Huanca. \u00abLa elecci\u00f3n del boliviano Adhemar Guzm\u00e1n Ballivi\u00e1n como secretario general de la Aladi [&hellip;]\" \/>\n<meta property=\"og:url\" content=\"https:\/\/www.eldiario.net\/portal\/2026\/09\/03\/eligen-a-adhemar-guzman-como-nuevo-secretario-general-de-aladi\/\" \/>\n<meta property=\"og:site_name\" content=\"El Diario - Bolivia\" \/>\n<meta property=\"article:publisher\" content=\"https:\/\/www.facebook.com\/eldiario.bolivia\/\" \/>\n<meta property=\"article:published_time\" content=\"2026-09-03T09:53:45+00:00\" \/>\n<meta property=\"og:image\" content=\"https:\/\/www.eldiario.net\/portal\/wp-content\/uploads\/2026\/09\/aladi-2.webp\" \/>\n\t<meta property=\"og:image:width\" content=\"2560\" \/>\n\t<meta property=\"og:image:height\" content=\"1706\" \/>\n\t<meta property=\"og:image:type\" content=\"image\/webp\" \/>\n<meta name=\"author\" content=\"Jeanette\" \/>\n<meta name=\"twitter:card\" content=\"summary_large_image\" \/>\n<meta name=\"twitter:creator\" content=\"@eldiario_net\" \/>\n<meta name=\"twitter:site\" content=\"@eldiario_net\" \/>\n<meta name=\"twitter:label1\" content=\"Escrito por\" \/>\n\t<meta name=\"twitter:data1\" content=\"Jeanette\" \/>\n\t<meta name=\"twitter:label2\" content=\"Tiempo de lectura\" \/>\n\t<meta name=\"twitter:data2\" content=\"3 minutos\" \/>\n<script type=\"application\/ld+json\" class=\"yoast-schema-graph\">{\"@context\":\"https:\\\/\\\/schema.org\",\"@graph\":[{\"@type\":\"Article\",\"@id\":\"https:\\\/\\\/www.eldiario.net\\\/portal\\\/2026\\\/09\\\/03\\\/eligen-a-adhemar-guzman-como-nuevo-secretario-general-de-aladi\\\/#article\",\"isPartOf\":{\"@id\":\"https:\\\/\\\/www.eldiario.net\\\/portal\\\/2026\\\/09\\\/03\\\/eligen-a-adhemar-guzman-como-nuevo-secretario-general-de-aladi\\\/\"},\"author\":{\"name\":\"Jeanette\",\"@id\":\"https:\\\/\\\/www.eldiario.net\\\/portal\\\/#\\\/schema\\\/person\\\/f46445640444750d7d753ccd04ae01b7\"},\"headline\":\"Eligen a Adhemar Guzm\u00e1n como nuevo secretario general de Aladi\",\"datePublished\":\"2026-09-03T09:53:45+00:00\",\"mainEntityOfPage\":{\"@id\":\"https:\\\/\\\/www.eldiario.net\\\/portal\\\/2026\\\/09\\\/03\\\/eligen-a-adhemar-guzman-como-nuevo-secretario-general-de-aladi\\\/\"},\"wordCount\":522,\"publisher\":{\"@id\":\"https:\\\/\\\/www.eldiario.net\\\/portal\\\/#organization\"},\"image\":{\"@id\":\"https:\\\/\\\/www.eldiario.net\\\/portal\\\/2026\\\/09\\\/03\\\/eligen-a-adhemar-guzman-como-nuevo-secretario-general-de-aladi\\\/#primaryimage\"},\"thumbnailUrl\":\"https:\\\/\\\/www.eldiario.net\\\/portal\\\/wp-content\\\/uploads\\\/2026\\\/09\\\/aladi-2.webp\",\"articleSection\":[\"Econom\u00eda\"],\"inLanguage\":\"es\"},{\"@type\":\"WebPage\",\"@id\":\"https:\\\/\\\/www.eldiario.net\\\/portal\\\/2026\\\/09\\\/03\\\/eligen-a-adhemar-guzman-como-nuevo-secretario-general-de-aladi\\\/\",\"url\":\"https:\\\/\\\/www.eldiario.net\\\/portal\\\/2026\\\/09\\\/03\\\/eligen-a-adhemar-guzman-como-nuevo-secretario-general-de-aladi\\\/\",\"name\":\"Eligen a Adhemar Guzm\u00e1n como nuevo secretario general de Aladi - El Diario - Bolivia\",\"isPartOf\":{\"@id\":\"https:\\\/\\\/www.eldiario.net\\\/portal\\\/#website\"},\"primaryImageOfPage\":{\"@id\":\"https:\\\/\\\/www.eldiario.net\\\/portal\\\/2026\\\/09\\\/03\\\/eligen-a-adhemar-guzman-como-nuevo-secretario-general-de-aladi\\\/#primaryimage\"},\"image\":{\"@id\":\"https:\\\/\\\/www.eldiario.net\\\/portal\\\/2026\\\/09\\\/03\\\/eligen-a-adhemar-guzman-como-nuevo-secretario-general-de-aladi\\\/#primaryimage\"},\"thumbnailUrl\":\"https:\\\/\\\/www.eldiario.net\\\/portal\\\/wp-content\\\/uploads\\\/2026\\\/09\\\/aladi-2.webp\",\"datePublished\":\"2026-09-03T09:53:45+00:00\",\"breadcrumb\":{\"@id\":\"https:\\\/\\\/www.eldiario.net\\\/portal\\\/2026\\\/09\\\/03\\\/eligen-a-adhemar-guzman-como-nuevo-secretario-general-de-aladi\\\/#breadcrumb\"},\"inLanguage\":\"es\",\"potentialAction\":[{\"@type\":\"ReadAction\",\"target\":[\"https:\\\/\\\/www.eldiario.net\\\/portal\\\/2026\\\/09\\\/03\\\/eligen-a-adhemar-guzman-como-nuevo-secretario-general-de-aladi\\\/\"]}]},{\"@type\":\"ImageObject\",\"inLanguage\":\"es\",\"@id\":\"https:\\\/\\\/www.eldiario.net\\\/portal\\\/2026\\\/09\\\/03\\\/eligen-a-adhemar-guzman-como-nuevo-secretario-general-de-aladi\\\/#primaryimage\",\"url\":\"https:\\\/\\\/www.eldiario.net\\\/portal\\\/wp-content\\\/uploads\\\/2026\\\/09\\\/aladi-2.webp\",\"contentUrl\":\"https:\\\/\\\/www.eldiario.net\\\/portal\\\/wp-content\\\/uploads\\\/2026\\\/09\\\/aladi-2.webp\",\"width\":2560,\"height\":1706,\"caption\":\"El Canciller boliviano felicita al nuevo secretario de Aladi. CR\u00c9DITO: Foto oficial\"},{\"@type\":\"BreadcrumbList\",\"@id\":\"https:\\\/\\\/www.eldiario.net\\\/portal\\\/2026\\\/09\\\/03\\\/eligen-a-adhemar-guzman-como-nuevo-secretario-general-de-aladi\\\/#breadcrumb\",\"itemListElement\":[{\"@type\":\"ListItem\",\"position\":1,\"name\":\"Portada\",\"item\":\"https:\\\/\\\/www.eldiario.net\\\/portal\\\/\"},{\"@type\":\"ListItem\",\"position\":2,\"name\":\"Eligen a Adhemar Guzm\u00e1n como nuevo secretario general de Aladi\"}]},{\"@type\":\"WebSite\",\"@id\":\"https:\\\/\\\/www.eldiario.net\\\/portal\\\/#website\",\"url\":\"https:\\\/\\\/www.eldiario.net\\\/portal\\\/\",\"name\":\"El Diario - Decano de la prensa nacional\",\"description\":\"El Diario - Decano de la prensa nacional\",\"publisher\":{\"@id\":\"https:\\\/\\\/www.eldiario.net\\\/portal\\\/#organization\"},\"potentialAction\":[{\"@type\":\"SearchAction\",\"target\":{\"@type\":\"EntryPoint\",\"urlTemplate\":\"https:\\\/\\\/www.eldiario.net\\\/portal\\\/?s={search_term_string}\"},\"query-input\":{\"@type\":\"PropertyValueSpecification\",\"valueRequired\":true,\"valueName\":\"search_term_string\"}}],\"inLanguage\":\"es\"},{\"@type\":\"Organization\",\"@id\":\"https:\\\/\\\/www.eldiario.net\\\/portal\\\/#organization\",\"name\":\"El Diario - Decano de la prensa nacional\",\"url\":\"https:\\\/\\\/www.eldiario.net\\\/portal\\\/\",\"logo\":{\"@type\":\"ImageObject\",\"inLanguage\":\"es\",\"@id\":\"https:\\\/\\\/www.eldiario.net\\\/portal\\\/#\\\/schema\\\/logo\\\/image\\\/\",\"url\":\"https:\\\/\\\/www.eldiario.net\\\/portal\\\/wp-content\\\/uploads\\\/2023\\\/07\\\/logo_ED.jpg\",\"contentUrl\":\"https:\\\/\\\/www.eldiario.net\\\/portal\\\/wp-content\\\/uploads\\\/2023\\\/07\\\/logo_ED.jpg\",\"width\":272,\"height\":52,\"caption\":\"El Diario - Decano de la prensa nacional\"},\"image\":{\"@id\":\"https:\\\/\\\/www.eldiario.net\\\/portal\\\/#\\\/schema\\\/logo\\\/image\\\/\"},\"sameAs\":[\"https:\\\/\\\/www.facebook.com\\\/eldiario.bolivia\\\/\",\"https:\\\/\\\/x.com\\\/eldiario_net\"]},{\"@type\":\"Person\",\"@id\":\"https:\\\/\\\/www.eldiario.net\\\/portal\\\/#\\\/schema\\\/person\\\/f46445640444750d7d753ccd04ae01b7\",\"name\":\"Jeanette\",\"image\":{\"@type\":\"ImageObject\",\"inLanguage\":\"es\",\"@id\":\"https:\\\/\\\/secure.gravatar.com\\\/avatar\\\/3ea2118a5f7dad2b7138b1187a6b7ee55f160b9968b66013c3a3ef39dd7e5798?s=96&d=mm&r=g\",\"url\":\"https:\\\/\\\/secure.gravatar.com\\\/avatar\\\/3ea2118a5f7dad2b7138b1187a6b7ee55f160b9968b66013c3a3ef39dd7e5798?s=96&d=mm&r=g\",\"contentUrl\":\"https:\\\/\\\/secure.gravatar.com\\\/avatar\\\/3ea2118a5f7dad2b7138b1187a6b7ee55f160b9968b66013c3a3ef39dd7e5798?s=96&d=mm&r=g\",\"caption\":\"Jeanette\"},\"sameAs\":[\"https:\\\/\\\/www.eldiario.net\\\/portal\"],\"url\":\"https:\\\/\\\/www.eldiario.net\\\/portal\\\/author\\\/jeanette\\\/\"}]}<\/script>\n<!-- \/ Yoast SEO plugin. -->","yoast_head_json":{"title":"Eligen a Adhemar Guzm\u00e1n como nuevo secretario general de Aladi - El Diario - Bolivia","robots":{"index":"index","follow":"follow","max-snippet":"max-snippet:-1","max-image-preview":"max-image-preview:large","max-video-preview":"max-video-preview:-1"},"canonical":"https:\/\/www.eldiario.net\/portal\/2026\/09\/03\/eligen-a-adhemar-guzman-como-nuevo-secretario-general-de-aladi\/","og_locale":"es_ES","og_type":"article","og_title":"Eligen a Adhemar Guzm\u00e1n como nuevo secretario general de Aladi - El Diario - Bolivia","og_description":"El exministro y viceministro Adhemar Guzm\u00e1n asumi\u00f3 la secretar\u00eda general de la Asociaci\u00f3n Latinoamericana de Integraci\u00f3n (Aladi) para el per\u00edodo 2026 \u2013 2029, con lo que \u00abBolivia asume un liderazgo integrador en la regi\u00f3n\u00bb, sostuvo el Ministerio de Relaciones Exteriores, H\u00e9ctor Huanca. \u00abLa elecci\u00f3n del boliviano Adhemar Guzm\u00e1n Ballivi\u00e1n como secretario general de la Aladi [&hellip;]","og_url":"https:\/\/www.eldiario.net\/portal\/2026\/09\/03\/eligen-a-adhemar-guzman-como-nuevo-secretario-general-de-aladi\/","og_site_name":"El Diario - Bolivia","article_publisher":"https:\/\/www.facebook.com\/eldiario.bolivia\/","article_published_time":"2026-09-03T09:53:45+00:00","og_image":[{"width":2560,"height":1706,"url":"https:\/\/www.eldiario.net\/portal\/wp-content\/uploads\/2026\/09\/aladi-2.webp","type":"image\/webp"}],"author":"Jeanette","twitter_card":"summary_large_image","twitter_creator":"@eldiario_net","twitter_site":"@eldiario_net","twitter_misc":{"Escrito por":"Jeanette","Tiempo de lectura":"3 minutos"},"schema":{"@context":"https:\/\/schema.org","@graph":[{"@type":"Article","@id":"https:\/\/www.eldiario.net\/portal\/2026\/09\/03\/eligen-a-adhemar-guzman-como-nuevo-secretario-general-de-aladi\/#article","isPartOf":{"@id":"https:\/\/www.eldiario.net\/portal\/2026\/09\/03\/eligen-a-adhemar-guzman-como-nuevo-secretario-general-de-aladi\/"},"author":{"name":"Jeanette","@id":"https:\/\/www.eldiario.net\/portal\/#\/schema\/person\/f46445640444750d7d753ccd04ae01b7"},"headline":"Eligen a Adhemar Guzm\u00e1n como nuevo secretario general de Aladi","datePublished":"2026-09-03T09:53:45+00:00","mainEntityOfPage":{"@id":"https:\/\/www.eldiario.net\/portal\/2026\/09\/03\/eligen-a-adhemar-guzman-como-nuevo-secretario-general-de-aladi\/"},"wordCount":522,"publisher":{"@id":"https:\/\/www.eldiario.net\/portal\/#organization"},"image":{"@id":"https:\/\/www.eldiario.net\/portal\/2026\/09\/03\/eligen-a-adhemar-guzman-como-nuevo-secretario-general-de-aladi\/#primaryimage"},"thumbnailUrl":"https:\/\/www.eldiario.net\/portal\/wp-content\/uploads\/2026\/09\/aladi-2.webp","articleSection":["Econom\u00eda"],"inLanguage":"es"},{"@type":"WebPage","@id":"https:\/\/www.eldiario.net\/portal\/2026\/09\/03\/eligen-a-adhemar-guzman-como-nuevo-secretario-general-de-aladi\/","url":"https:\/\/www.eldiario.net\/portal\/2026\/09\/03\/eligen-a-adhemar-guzman-como-nuevo-secretario-general-de-aladi\/","name":"Eligen a Adhemar Guzm\u00e1n como nuevo secretario general de Aladi - El Diario - Bolivia","isPartOf":{"@id":"https:\/\/www.eldiario.net\/portal\/#website"},"primaryImageOfPage":{"@id":"https:\/\/www.eldiario.net\/portal\/2026\/09\/03\/eligen-a-adhemar-guzman-como-nuevo-secretario-general-de-aladi\/#primaryimage"},"image":{"@id":"https:\/\/www.eldiario.net\/portal\/2026\/09\/03\/eligen-a-adhemar-guzman-como-nuevo-secretario-general-de-aladi\/#primaryimage"},"thumbnailUrl":"https:\/\/www.eldiario.net\/portal\/wp-content\/uploads\/2026\/09\/aladi-2.webp","datePublished":"2026-09-03T09:53:45+00:00","breadcrumb":{"@id":"https:\/\/www.eldiario.net\/portal\/2026\/09\/03\/eligen-a-adhemar-guzman-como-nuevo-secretario-general-de-aladi\/#breadcrumb"},"inLanguage":"es","potentialAction":[{"@type":"ReadAction","target":["https:\/\/www.eldiario.net\/portal\/2026\/09\/03\/eligen-a-adhemar-guzman-como-nuevo-secretario-general-de-aladi\/"]}]},{"@type":"ImageObject","inLanguage":"es","@id":"https:\/\/www.eldiario.net\/portal\/2026\/09\/03\/eligen-a-adhemar-guzman-como-nuevo-secretario-general-de-aladi\/#primaryimage","url":"https:\/\/www.eldiario.net\/portal\/wp-content\/uploads\/2026\/09\/aladi-2.webp","contentUrl":"https:\/\/www.eldiario.net\/portal\/wp-content\/uploads\/2026\/09\/aladi-2.webp","width":2560,"height":1706,"caption":"El Canciller boliviano felicita al nuevo secretario de Aladi. CR\u00c9DITO: Foto oficial"},{"@type":"BreadcrumbList","@id":"https:\/\/www.eldiario.net\/portal\/2026\/09\/03\/eligen-a-adhemar-guzman-como-nuevo-secretario-general-de-aladi\/#breadcrumb","itemListElement":[{"@type":"ListItem","position":1,"name":"Portada","item":"https:\/\/www.eldiario.net\/portal\/"},{"@type":"ListItem","position":2,"name":"Eligen a Adhemar Guzm\u00e1n como nuevo secretario general de Aladi"}]},{"@type":"WebSite","@id":"https:\/\/www.eldiario.net\/portal\/#website","url":"https:\/\/www.eldiario.net\/portal\/","name":"El Diario - Decano de la prensa nacional","description":"El Diario - Decano de la prensa nacional","publisher":{"@id":"https:\/\/www.eldiario.net\/portal\/#organization"},"potentialAction":[{"@type":"SearchAction","target":{"@type":"EntryPoint","urlTemplate":"https:\/\/www.eldiario.net\/portal\/?s={search_term_string}"},"query-input":{"@type":"PropertyValueSpecification","valueRequired":true,"valueName":"search_term_string"}}],"inLanguage":"es"},{"@type":"Organization","@id":"https:\/\/www.eldiario.net\/portal\/#organization","name":"El Diario - Decano de la prensa nacional","url":"https:\/\/www.eldiario.net\/portal\/","logo":{"@type":"ImageObject","inLanguage":"es","@id":"https:\/\/www.eldiario.net\/portal\/#\/schema\/logo\/image\/","url":"https:\/\/www.eldiario.net\/portal\/wp-content\/uploads\/2023\/07\/logo_ED.jpg","contentUrl":"https:\/\/www.eldiario.net\/portal\/wp-content\/uploads\/2023\/07\/logo_ED.jpg","width":272,"height":52,"caption":"El Diario - Decano de la prensa nacional"},"image":{"@id":"https:\/\/www.eldiario.net\/portal\/#\/schema\/logo\/image\/"},"sameAs":["https:\/\/www.facebook.com\/eldiario.bolivia\/","https:\/\/x.com\/eldiario_net"]},{"@type":"Person","@id":"https:\/\/www.eldiario.net\/portal\/#\/schema\/person\/f46445640444750d7d753ccd04ae01b7","name":"Jeanette","image":{"@type":"ImageObject","inLanguage":"es","@id":"https:\/\/secure.gravatar.com\/avatar\/3ea2118a5f7dad2b7138b1187a6b7ee55f160b9968b66013c3a3ef39dd7e5798?s=96&d=mm&r=g","url":"https:\/\/secure.gravatar.com\/avatar\/3ea2118a5f7dad2b7138b1187a6b7ee55f160b9968b66013c3a3ef39dd7e5798?s=96&d=mm&r=g","contentUrl":"https:\/\/secure.gravatar.com\/avatar\/3ea2118a5f7dad2b7138b1187a6b7ee55f160b9968b66013c3a3ef39dd7e5798?s=96&d=mm&r=g","caption":"Jeanette"},"sameAs":["https:\/\/www.eldiario.net\/portal"],"url":"https:\/\/www.eldiario.net\/portal\/author\/jeanette\/"}]}},"_links":{"self":[{"href":"https:\/\/www.eldiario.net\/portal\/wp-json\/wp\/v2\/posts\/427237","targetHints":{"allow":["GET"]}}],"collection":[{"href":"https:\/\/www.eldiario.net\/portal\/wp-json\/wp\/v2\/posts"}],"about":[{"href":"https:\/\/www.eldiario.net\/portal\/wp-json\/wp\/v2\/types\/post"}],"author":[{"embeddable":true,"href":"https:\/\/www.eldiario.net\/portal\/wp-json\/wp\/v2\/users\/1"}],"replies":[{"embeddable":true,"href":"https:\/\/www.eldiario.net\/portal\/wp-json\/wp\/v2\/comments?post=427237"}],"version-history":[{"count":1,"href":"https:\/\/www.eldiario.net\/portal\/wp-json\/wp\/v2\/posts\/427237\/revisions"}],"predecessor-version":[{"id":427239,"href":"https:\/\/www.eldiario.net\/portal\/wp-json\/wp\/v2\/posts\/427237\/revisions\/427239"}],"wp:featuredmedia":[{"embeddable":true,"href":"https:\/\/www.eldiario.net\/portal\/wp-json\/wp\/v2\/media\/427238"}],"wp:attachment":[{"href":"https:\/\/www.eldiario.net\/portal\/wp-json\/wp\/v2\/media?parent=427237"}],"wp:term":[{"taxonomy":"category","embeddable":true,"href":"https:\/\/www.eldiario.net\/portal\/wp-json\/wp\/v2\/categories?post=427237"},{"taxonomy":"post_tag","embeddable":true,"href":"https:\/\/www.eldiario.net\/portal\/wp-json\/wp\/v2\/tags?post=427237"}],"curies":[{"name":"wp","href":"https:\/\/api.w.org\/{rel}","templated":true}]}}