{"id":427227,"date":"2026-09-03T05:51:13","date_gmt":"2026-09-03T09:51:13","guid":{"rendered":"https:\/\/www.eldiario.net\/portal\/?p=427227"},"modified":"2026-09-03T05:51:13","modified_gmt":"2026-09-03T09:51:13","slug":"amplian-arancel-cero-y-rebaja-de-impuestos-para-vehiculos-flex-fuel","status":"publish","type":"post","link":"https:\/\/www.eldiario.net\/portal\/2026\/09\/03\/amplian-arancel-cero-y-rebaja-de-impuestos-para-vehiculos-flex-fuel\/","title":{"rendered":"Ampl\u00edan arancel cero y rebaja de  impuestos para veh\u00edculos Flex Fuel"},"content":{"rendered":"<p class=\"v1MsoNormal\">El Gobierno nacional ampli\u00f3 hasta el 30 de abril del a\u00f1o 2030 la vigencia del arancel cero y la rebaja de impuestos (ICE reducido) para la importaci\u00f3n de veh\u00edculos con tecnolog\u00eda Flex Fuel, de acuerdo con el Decreto Supremo 5698, promulgado el pasado martes.<\/p>\n<p class=\"v1MsoNormal\">Con la determinaci\u00f3n se puso en vigencia el decreto de ampliaci\u00f3n, y el mismo busca acelerar el proceso de transici\u00f3n energ\u00e9tica e incentivar el uso de biocombustibles en el parque automotor nacional.<\/p>\n<p class=\"v1MsoNormal\">La norma abre la posibilidad de que un combustible con variaciones de etanol ingrese al mercado, y de esta manera el mercado ofrece diferentes tipos de carburantes.<\/p>\n<p class=\"v1MsoNormal\">Recordemos que, en la administraci\u00f3n de Luis Arce Catacora, se aprob\u00f3 una norma para subir el porcentaje de mezcla de etanol con gasolina de 12% a 18%, de acuerdo con denuncias de legisladores, lo que provoc\u00f3 fallas en los veh\u00edculos y protestas.<\/p>\n<p class=\"v1MsoNormal\">Por lo que la decisi\u00f3n fue postergada, y en ese entonces los especialistas en el tema de hidrocarburos indicaron que los autos del pa\u00eds no est\u00e1n adaptados a funcionar con mezclas superiores al 12%. Por ello sugirieron la aprobaci\u00f3n de una ley para incentivar la importaci\u00f3n de veh\u00edculos flex.<\/p>\n<p class=\"v1MsoNormal\">\n<p class=\"v1MsoNormal\">AMPLIACI\u00d3N<\/p>\n<p class=\"v1MsoNormal\">El Ejecutivo ampli\u00f3 a tres a\u00f1os y ocho meses la vigencia de dichas preferencias arancelarias e incentivos tributarios, modificando un anterior decreto (el 5142, del 10 de abril de 2024) de la gesti\u00f3n del expresidente Luis Arce, mismo que establec\u00eda como fecha de conclusi\u00f3n de esas preferencias a abril de 2027, es decir, la vigencia de los al\u00edcuotas preferenciales e incentivos tributarios estaban a punto de concluir en los pr\u00f3ximos ocho meses.<\/p>\n<p class=\"v1MsoNormal\">El nuevo decreto establece tambi\u00e9n que el Ministerio de Hidrocarburos y Energ\u00edas y la Agencia Nacional de Hidrocarburos (ANH), seg\u00fan corresponda y en el marco de sus atribuciones establecidas en normativa vigente, emitir\u00e1n los lineamientos y la normativa t\u00e9cnica espec\u00edfica para las estaciones de servicio para la venta de combustible a veh\u00edculos con tecnolog\u00eda Flex Fuel o de combustible flexible, dise\u00f1ados para operar con alcohol hidratado, en el plazo no mayor a 60 d\u00edas calendario.<\/p>\n<p class=\"v1MsoNormal\">\n<p class=\"v1MsoNormal\"><b>\u00bfQu\u00e9 es la tecnolog\u00eda Flex Fuel?<\/b><\/p>\n<p class=\"v1MsoNormal\">Tambi\u00e9n denominada de combustible flexible, es la tecnolog\u00eda que consiste en veh\u00edculos dise\u00f1ados con un motor de combusti\u00f3n interna que tiene la capacidad de funcionar con gasolina, etanol, alcohol hidratado o cualquier mezcla de ambos combustibles en un solo dep\u00f3sito.<\/p>\n<p class=\"v1MsoNormal\">Por eso, con la puesta en vigencia del DS 5698, el Gobierno nacional favorece la transici\u00f3n energ\u00e9tica, dado que el Estado en este momento no cuenta con reservas de hidrocarburos que le permitan producir gasolina y di\u00e9sel, por lo que tiene que importarlos a un costo de 1.128 millones de d\u00f3lares (datos del Ministerio de Econom\u00eda y Finanzas P\u00fablicas a junio de 2026), lo que agrava la crisis econ\u00f3mica del pa\u00eds.<\/p>\n","protected":false},"excerpt":{"rendered":"<p>El Gobierno nacional ampli\u00f3 hasta el 30 de abril del a\u00f1o 2030 la vigencia del arancel cero y la rebaja de impuestos (ICE reducido) para la importaci\u00f3n de veh\u00edculos con tecnolog\u00eda Flex Fuel, de acuerdo con el Decreto Supremo 5698, promulgado el pasado martes. Con la determinaci\u00f3n se puso en vigencia el decreto de ampliaci\u00f3n, [&hellip;]<\/p>\n","protected":false},"author":1,"featured_media":427228,"comment_status":"closed","ping_status":"open","sticky":false,"template":"","format":"standard","meta":{"_acf_changed":false,"footnotes":""},"categories":[7],"tags":[],"class_list":["post-427227","post","type-post","status-publish","format-standard","has-post-thumbnail","category-economia"],"acf":{"antetitulo":"Hasta abril de 2030"},"yoast_head":"<!-- This site is optimized with the Yoast SEO plugin v28.4 - https:\/\/yoast.com\/product\/yoast-seo-wordpress\/ -->\n<title>Ampl\u00edan arancel cero y rebaja de impuestos para veh\u00edculos Flex Fuel - El Diario - Bolivia<\/title>\n<meta name=\"robots\" content=\"index, follow, max-snippet:-1, max-image-preview:large, max-video-preview:-1\" \/>\n<link rel=\"canonical\" href=\"https:\/\/www.eldiario.net\/portal\/2026\/09\/03\/amplian-arancel-cero-y-rebaja-de-impuestos-para-vehiculos-flex-fuel\/\" \/>\n<meta property=\"og:locale\" content=\"es_ES\" \/>\n<meta property=\"og:type\" content=\"article\" \/>\n<meta property=\"og:title\" content=\"Ampl\u00edan arancel cero y rebaja de impuestos para veh\u00edculos Flex Fuel - El Diario - Bolivia\" \/>\n<meta property=\"og:description\" content=\"El Gobierno nacional ampli\u00f3 hasta el 30 de abril del a\u00f1o 2030 la vigencia del arancel cero y la rebaja de impuestos (ICE reducido) para la importaci\u00f3n de veh\u00edculos con tecnolog\u00eda Flex Fuel, de acuerdo con el Decreto Supremo 5698, promulgado el pasado martes. Con la determinaci\u00f3n se puso en vigencia el decreto de ampliaci\u00f3n, [&hellip;]\" \/>\n<meta property=\"og:url\" content=\"https:\/\/www.eldiario.net\/portal\/2026\/09\/03\/amplian-arancel-cero-y-rebaja-de-impuestos-para-vehiculos-flex-fuel\/\" \/>\n<meta property=\"og:site_name\" content=\"El Diario - Bolivia\" \/>\n<meta property=\"article:publisher\" content=\"https:\/\/www.facebook.com\/eldiario.bolivia\/\" \/>\n<meta property=\"article:published_time\" content=\"2026-09-03T09:51:13+00:00\" \/>\n<meta property=\"og:image\" content=\"https:\/\/www.eldiario.net\/portal\/wp-content\/uploads\/2026\/09\/flex.webp\" \/>\n\t<meta property=\"og:image:width\" content=\"1200\" \/>\n\t<meta property=\"og:image:height\" content=\"650\" \/>\n\t<meta property=\"og:image:type\" content=\"image\/webp\" \/>\n<meta name=\"author\" content=\"Jeanette\" \/>\n<meta name=\"twitter:card\" content=\"summary_large_image\" \/>\n<meta name=\"twitter:creator\" content=\"@eldiario_net\" \/>\n<meta name=\"twitter:site\" content=\"@eldiario_net\" \/>\n<meta name=\"twitter:label1\" content=\"Escrito por\" \/>\n\t<meta name=\"twitter:data1\" content=\"Jeanette\" \/>\n\t<meta name=\"twitter:label2\" content=\"Tiempo de lectura\" \/>\n\t<meta name=\"twitter:data2\" content=\"3 minutos\" \/>\n<script type=\"application\/ld+json\" class=\"yoast-schema-graph\">{\"@context\":\"https:\\\/\\\/schema.org\",\"@graph\":[{\"@type\":\"Article\",\"@id\":\"https:\\\/\\\/www.eldiario.net\\\/portal\\\/2026\\\/09\\\/03\\\/amplian-arancel-cero-y-rebaja-de-impuestos-para-vehiculos-flex-fuel\\\/#article\",\"isPartOf\":{\"@id\":\"https:\\\/\\\/www.eldiario.net\\\/portal\\\/2026\\\/09\\\/03\\\/amplian-arancel-cero-y-rebaja-de-impuestos-para-vehiculos-flex-fuel\\\/\"},\"author\":{\"name\":\"Jeanette\",\"@id\":\"https:\\\/\\\/www.eldiario.net\\\/portal\\\/#\\\/schema\\\/person\\\/2c57cf2b7a7ae032e449e4c9b1019eac\"},\"headline\":\"Ampl\u00edan arancel cero y rebaja de impuestos para veh\u00edculos Flex Fuel\",\"datePublished\":\"2026-09-03T09:51:13+00:00\",\"mainEntityOfPage\":{\"@id\":\"https:\\\/\\\/www.eldiario.net\\\/portal\\\/2026\\\/09\\\/03\\\/amplian-arancel-cero-y-rebaja-de-impuestos-para-vehiculos-flex-fuel\\\/\"},\"wordCount\":506,\"publisher\":{\"@id\":\"https:\\\/\\\/www.eldiario.net\\\/portal\\\/#organization\"},\"image\":{\"@id\":\"https:\\\/\\\/www.eldiario.net\\\/portal\\\/2026\\\/09\\\/03\\\/amplian-arancel-cero-y-rebaja-de-impuestos-para-vehiculos-flex-fuel\\\/#primaryimage\"},\"thumbnailUrl\":\"https:\\\/\\\/www.eldiario.net\\\/portal\\\/wp-content\\\/uploads\\\/2026\\\/09\\\/flex.webp\",\"articleSection\":[\"Econom\u00eda\"],\"inLanguage\":\"es\"},{\"@type\":\"WebPage\",\"@id\":\"https:\\\/\\\/www.eldiario.net\\\/portal\\\/2026\\\/09\\\/03\\\/amplian-arancel-cero-y-rebaja-de-impuestos-para-vehiculos-flex-fuel\\\/\",\"url\":\"https:\\\/\\\/www.eldiario.net\\\/portal\\\/2026\\\/09\\\/03\\\/amplian-arancel-cero-y-rebaja-de-impuestos-para-vehiculos-flex-fuel\\\/\",\"name\":\"Ampl\u00edan arancel cero y rebaja de impuestos para veh\u00edculos Flex Fuel - El Diario - Bolivia\",\"isPartOf\":{\"@id\":\"https:\\\/\\\/www.eldiario.net\\\/portal\\\/#website\"},\"primaryImageOfPage\":{\"@id\":\"https:\\\/\\\/www.eldiario.net\\\/portal\\\/2026\\\/09\\\/03\\\/amplian-arancel-cero-y-rebaja-de-impuestos-para-vehiculos-flex-fuel\\\/#primaryimage\"},\"image\":{\"@id\":\"https:\\\/\\\/www.eldiario.net\\\/portal\\\/2026\\\/09\\\/03\\\/amplian-arancel-cero-y-rebaja-de-impuestos-para-vehiculos-flex-fuel\\\/#primaryimage\"},\"thumbnailUrl\":\"https:\\\/\\\/www.eldiario.net\\\/portal\\\/wp-content\\\/uploads\\\/2026\\\/09\\\/flex.webp\",\"datePublished\":\"2026-09-03T09:51:13+00:00\",\"breadcrumb\":{\"@id\":\"https:\\\/\\\/www.eldiario.net\\\/portal\\\/2026\\\/09\\\/03\\\/amplian-arancel-cero-y-rebaja-de-impuestos-para-vehiculos-flex-fuel\\\/#breadcrumb\"},\"inLanguage\":\"es\",\"potentialAction\":[{\"@type\":\"ReadAction\",\"target\":[\"https:\\\/\\\/www.eldiario.net\\\/portal\\\/2026\\\/09\\\/03\\\/amplian-arancel-cero-y-rebaja-de-impuestos-para-vehiculos-flex-fuel\\\/\"]}]},{\"@type\":\"ImageObject\",\"inLanguage\":\"es\",\"@id\":\"https:\\\/\\\/www.eldiario.net\\\/portal\\\/2026\\\/09\\\/03\\\/amplian-arancel-cero-y-rebaja-de-impuestos-para-vehiculos-flex-fuel\\\/#primaryimage\",\"url\":\"https:\\\/\\\/www.eldiario.net\\\/portal\\\/wp-content\\\/uploads\\\/2026\\\/09\\\/flex.webp\",\"contentUrl\":\"https:\\\/\\\/www.eldiario.net\\\/portal\\\/wp-content\\\/uploads\\\/2026\\\/09\\\/flex.webp\",\"width\":1200,\"height\":650,\"caption\":\"Un veh\u00edculo Flex. Foto oficial\"},{\"@type\":\"BreadcrumbList\",\"@id\":\"https:\\\/\\\/www.eldiario.net\\\/portal\\\/2026\\\/09\\\/03\\\/amplian-arancel-cero-y-rebaja-de-impuestos-para-vehiculos-flex-fuel\\\/#breadcrumb\",\"itemListElement\":[{\"@type\":\"ListItem\",\"position\":1,\"name\":\"Portada\",\"item\":\"https:\\\/\\\/www.eldiario.net\\\/portal\\\/\"},{\"@type\":\"ListItem\",\"position\":2,\"name\":\"Ampl\u00edan arancel cero y rebaja de impuestos para veh\u00edculos Flex Fuel\"}]},{\"@type\":\"WebSite\",\"@id\":\"https:\\\/\\\/www.eldiario.net\\\/portal\\\/#website\",\"url\":\"https:\\\/\\\/www.eldiario.net\\\/portal\\\/\",\"name\":\"El Diario - Decano de la prensa nacional\",\"description\":\"El Diario - Decano de la prensa nacional\",\"publisher\":{\"@id\":\"https:\\\/\\\/www.eldiario.net\\\/portal\\\/#organization\"},\"potentialAction\":[{\"@type\":\"SearchAction\",\"target\":{\"@type\":\"EntryPoint\",\"urlTemplate\":\"https:\\\/\\\/www.eldiario.net\\\/portal\\\/?s={search_term_string}\"},\"query-input\":{\"@type\":\"PropertyValueSpecification\",\"valueRequired\":true,\"valueName\":\"search_term_string\"}}],\"inLanguage\":\"es\"},{\"@type\":\"Organization\",\"@id\":\"https:\\\/\\\/www.eldiario.net\\\/portal\\\/#organization\",\"name\":\"El Diario - Decano de la prensa nacional\",\"url\":\"https:\\\/\\\/www.eldiario.net\\\/portal\\\/\",\"logo\":{\"@type\":\"ImageObject\",\"inLanguage\":\"es\",\"@id\":\"https:\\\/\\\/www.eldiario.net\\\/portal\\\/#\\\/schema\\\/logo\\\/image\\\/\",\"url\":\"https:\\\/\\\/www.eldiario.net\\\/portal\\\/wp-content\\\/uploads\\\/2023\\\/07\\\/logo_ED.jpg\",\"contentUrl\":\"https:\\\/\\\/www.eldiario.net\\\/portal\\\/wp-content\\\/uploads\\\/2023\\\/07\\\/logo_ED.jpg\",\"width\":272,\"height\":52,\"caption\":\"El Diario - Decano de la prensa nacional\"},\"image\":{\"@id\":\"https:\\\/\\\/www.eldiario.net\\\/portal\\\/#\\\/schema\\\/logo\\\/image\\\/\"},\"sameAs\":[\"https:\\\/\\\/www.facebook.com\\\/eldiario.bolivia\\\/\",\"https:\\\/\\\/x.com\\\/eldiario_net\"]},{\"@type\":\"Person\",\"@id\":\"https:\\\/\\\/www.eldiario.net\\\/portal\\\/#\\\/schema\\\/person\\\/2c57cf2b7a7ae032e449e4c9b1019eac\",\"name\":\"Jeanette\",\"image\":{\"@type\":\"ImageObject\",\"inLanguage\":\"es\",\"@id\":\"https:\\\/\\\/secure.gravatar.com\\\/avatar\\\/3ea2118a5f7dad2b7138b1187a6b7ee55f160b9968b66013c3a3ef39dd7e5798?s=96&d=mm&r=g\",\"url\":\"https:\\\/\\\/secure.gravatar.com\\\/avatar\\\/3ea2118a5f7dad2b7138b1187a6b7ee55f160b9968b66013c3a3ef39dd7e5798?s=96&d=mm&r=g\",\"contentUrl\":\"https:\\\/\\\/secure.gravatar.com\\\/avatar\\\/3ea2118a5f7dad2b7138b1187a6b7ee55f160b9968b66013c3a3ef39dd7e5798?s=96&d=mm&r=g\",\"caption\":\"Jeanette\"},\"sameAs\":[\"https:\\\/\\\/www.eldiario.net\\\/portal\"],\"url\":\"https:\\\/\\\/www.eldiario.net\\\/portal\\\/author\\\/jeanette\\\/\"}]}<\/script>\n<!-- \/ Yoast SEO plugin. -->","yoast_head_json":{"title":"Ampl\u00edan arancel cero y rebaja de impuestos para veh\u00edculos Flex Fuel - El Diario - Bolivia","robots":{"index":"index","follow":"follow","max-snippet":"max-snippet:-1","max-image-preview":"max-image-preview:large","max-video-preview":"max-video-preview:-1"},"canonical":"https:\/\/www.eldiario.net\/portal\/2026\/09\/03\/amplian-arancel-cero-y-rebaja-de-impuestos-para-vehiculos-flex-fuel\/","og_locale":"es_ES","og_type":"article","og_title":"Ampl\u00edan arancel cero y rebaja de impuestos para veh\u00edculos Flex Fuel - El Diario - Bolivia","og_description":"El Gobierno nacional ampli\u00f3 hasta el 30 de abril del a\u00f1o 2030 la vigencia del arancel cero y la rebaja de impuestos (ICE reducido) para la importaci\u00f3n de veh\u00edculos con tecnolog\u00eda Flex Fuel, de acuerdo con el Decreto Supremo 5698, promulgado el pasado martes. Con la determinaci\u00f3n se puso en vigencia el decreto de ampliaci\u00f3n, [&hellip;]","og_url":"https:\/\/www.eldiario.net\/portal\/2026\/09\/03\/amplian-arancel-cero-y-rebaja-de-impuestos-para-vehiculos-flex-fuel\/","og_site_name":"El Diario - Bolivia","article_publisher":"https:\/\/www.facebook.com\/eldiario.bolivia\/","article_published_time":"2026-09-03T09:51:13+00:00","og_image":[{"width":1200,"height":650,"url":"https:\/\/www.eldiario.net\/portal\/wp-content\/uploads\/2026\/09\/flex.webp","type":"image\/webp"}],"author":"Jeanette","twitter_card":"summary_large_image","twitter_creator":"@eldiario_net","twitter_site":"@eldiario_net","twitter_misc":{"Escrito por":"Jeanette","Tiempo de lectura":"3 minutos"},"schema":{"@context":"https:\/\/schema.org","@graph":[{"@type":"Article","@id":"https:\/\/www.eldiario.net\/portal\/2026\/09\/03\/amplian-arancel-cero-y-rebaja-de-impuestos-para-vehiculos-flex-fuel\/#article","isPartOf":{"@id":"https:\/\/www.eldiario.net\/portal\/2026\/09\/03\/amplian-arancel-cero-y-rebaja-de-impuestos-para-vehiculos-flex-fuel\/"},"author":{"name":"Jeanette","@id":"https:\/\/www.eldiario.net\/portal\/#\/schema\/person\/2c57cf2b7a7ae032e449e4c9b1019eac"},"headline":"Ampl\u00edan arancel cero y rebaja de impuestos para veh\u00edculos Flex Fuel","datePublished":"2026-09-03T09:51:13+00:00","mainEntityOfPage":{"@id":"https:\/\/www.eldiario.net\/portal\/2026\/09\/03\/amplian-arancel-cero-y-rebaja-de-impuestos-para-vehiculos-flex-fuel\/"},"wordCount":506,"publisher":{"@id":"https:\/\/www.eldiario.net\/portal\/#organization"},"image":{"@id":"https:\/\/www.eldiario.net\/portal\/2026\/09\/03\/amplian-arancel-cero-y-rebaja-de-impuestos-para-vehiculos-flex-fuel\/#primaryimage"},"thumbnailUrl":"https:\/\/www.eldiario.net\/portal\/wp-content\/uploads\/2026\/09\/flex.webp","articleSection":["Econom\u00eda"],"inLanguage":"es"},{"@type":"WebPage","@id":"https:\/\/www.eldiario.net\/portal\/2026\/09\/03\/amplian-arancel-cero-y-rebaja-de-impuestos-para-vehiculos-flex-fuel\/","url":"https:\/\/www.eldiario.net\/portal\/2026\/09\/03\/amplian-arancel-cero-y-rebaja-de-impuestos-para-vehiculos-flex-fuel\/","name":"Ampl\u00edan arancel cero y rebaja de impuestos para veh\u00edculos Flex Fuel - El Diario - Bolivia","isPartOf":{"@id":"https:\/\/www.eldiario.net\/portal\/#website"},"primaryImageOfPage":{"@id":"https:\/\/www.eldiario.net\/portal\/2026\/09\/03\/amplian-arancel-cero-y-rebaja-de-impuestos-para-vehiculos-flex-fuel\/#primaryimage"},"image":{"@id":"https:\/\/www.eldiario.net\/portal\/2026\/09\/03\/amplian-arancel-cero-y-rebaja-de-impuestos-para-vehiculos-flex-fuel\/#primaryimage"},"thumbnailUrl":"https:\/\/www.eldiario.net\/portal\/wp-content\/uploads\/2026\/09\/flex.webp","datePublished":"2026-09-03T09:51:13+00:00","breadcrumb":{"@id":"https:\/\/www.eldiario.net\/portal\/2026\/09\/03\/amplian-arancel-cero-y-rebaja-de-impuestos-para-vehiculos-flex-fuel\/#breadcrumb"},"inLanguage":"es","potentialAction":[{"@type":"ReadAction","target":["https:\/\/www.eldiario.net\/portal\/2026\/09\/03\/amplian-arancel-cero-y-rebaja-de-impuestos-para-vehiculos-flex-fuel\/"]}]},{"@type":"ImageObject","inLanguage":"es","@id":"https:\/\/www.eldiario.net\/portal\/2026\/09\/03\/amplian-arancel-cero-y-rebaja-de-impuestos-para-vehiculos-flex-fuel\/#primaryimage","url":"https:\/\/www.eldiario.net\/portal\/wp-content\/uploads\/2026\/09\/flex.webp","contentUrl":"https:\/\/www.eldiario.net\/portal\/wp-content\/uploads\/2026\/09\/flex.webp","width":1200,"height":650,"caption":"Un veh\u00edculo Flex. Foto oficial"},{"@type":"BreadcrumbList","@id":"https:\/\/www.eldiario.net\/portal\/2026\/09\/03\/amplian-arancel-cero-y-rebaja-de-impuestos-para-vehiculos-flex-fuel\/#breadcrumb","itemListElement":[{"@type":"ListItem","position":1,"name":"Portada","item":"https:\/\/www.eldiario.net\/portal\/"},{"@type":"ListItem","position":2,"name":"Ampl\u00edan arancel cero y rebaja de impuestos para veh\u00edculos Flex Fuel"}]},{"@type":"WebSite","@id":"https:\/\/www.eldiario.net\/portal\/#website","url":"https:\/\/www.eldiario.net\/portal\/","name":"El Diario - Decano de la prensa nacional","description":"El Diario - Decano de la prensa nacional","publisher":{"@id":"https:\/\/www.eldiario.net\/portal\/#organization"},"potentialAction":[{"@type":"SearchAction","target":{"@type":"EntryPoint","urlTemplate":"https:\/\/www.eldiario.net\/portal\/?s={search_term_string}"},"query-input":{"@type":"PropertyValueSpecification","valueRequired":true,"valueName":"search_term_string"}}],"inLanguage":"es"},{"@type":"Organization","@id":"https:\/\/www.eldiario.net\/portal\/#organization","name":"El Diario - Decano de la prensa nacional","url":"https:\/\/www.eldiario.net\/portal\/","logo":{"@type":"ImageObject","inLanguage":"es","@id":"https:\/\/www.eldiario.net\/portal\/#\/schema\/logo\/image\/","url":"https:\/\/www.eldiario.net\/portal\/wp-content\/uploads\/2023\/07\/logo_ED.jpg","contentUrl":"https:\/\/www.eldiario.net\/portal\/wp-content\/uploads\/2023\/07\/logo_ED.jpg","width":272,"height":52,"caption":"El Diario - Decano de la prensa nacional"},"image":{"@id":"https:\/\/www.eldiario.net\/portal\/#\/schema\/logo\/image\/"},"sameAs":["https:\/\/www.facebook.com\/eldiario.bolivia\/","https:\/\/x.com\/eldiario_net"]},{"@type":"Person","@id":"https:\/\/www.eldiario.net\/portal\/#\/schema\/person\/2c57cf2b7a7ae032e449e4c9b1019eac","name":"Jeanette","image":{"@type":"ImageObject","inLanguage":"es","@id":"https:\/\/secure.gravatar.com\/avatar\/3ea2118a5f7dad2b7138b1187a6b7ee55f160b9968b66013c3a3ef39dd7e5798?s=96&d=mm&r=g","url":"https:\/\/secure.gravatar.com\/avatar\/3ea2118a5f7dad2b7138b1187a6b7ee55f160b9968b66013c3a3ef39dd7e5798?s=96&d=mm&r=g","contentUrl":"https:\/\/secure.gravatar.com\/avatar\/3ea2118a5f7dad2b7138b1187a6b7ee55f160b9968b66013c3a3ef39dd7e5798?s=96&d=mm&r=g","caption":"Jeanette"},"sameAs":["https:\/\/www.eldiario.net\/portal"],"url":"https:\/\/www.eldiario.net\/portal\/author\/jeanette\/"}]}},"_links":{"self":[{"href":"https:\/\/www.eldiario.net\/portal\/wp-json\/wp\/v2\/posts\/427227","targetHints":{"allow":["GET"]}}],"collection":[{"href":"https:\/\/www.eldiario.net\/portal\/wp-json\/wp\/v2\/posts"}],"about":[{"href":"https:\/\/www.eldiario.net\/portal\/wp-json\/wp\/v2\/types\/post"}],"author":[{"embeddable":true,"href":"https:\/\/www.eldiario.net\/portal\/wp-json\/wp\/v2\/users\/1"}],"replies":[{"embeddable":true,"href":"https:\/\/www.eldiario.net\/portal\/wp-json\/wp\/v2\/comments?post=427227"}],"version-history":[{"count":1,"href":"https:\/\/www.eldiario.net\/portal\/wp-json\/wp\/v2\/posts\/427227\/revisions"}],"predecessor-version":[{"id":427229,"href":"https:\/\/www.eldiario.net\/portal\/wp-json\/wp\/v2\/posts\/427227\/revisions\/427229"}],"wp:featuredmedia":[{"embeddable":true,"href":"https:\/\/www.eldiario.net\/portal\/wp-json\/wp\/v2\/media\/427228"}],"wp:attachment":[{"href":"https:\/\/www.eldiario.net\/portal\/wp-json\/wp\/v2\/media?parent=427227"}],"wp:term":[{"taxonomy":"category","embeddable":true,"href":"https:\/\/www.eldiario.net\/portal\/wp-json\/wp\/v2\/categories?post=427227"},{"taxonomy":"post_tag","embeddable":true,"href":"https:\/\/www.eldiario.net\/portal\/wp-json\/wp\/v2\/tags?post=427227"}],"curies":[{"name":"wp","href":"https:\/\/api.w.org\/{rel}","templated":true}]}}