{"id":427224,"date":"2026-09-03T05:50:21","date_gmt":"2026-09-03T09:50:21","guid":{"rendered":"https:\/\/www.eldiario.net\/portal\/?p=427224"},"modified":"2026-09-03T05:50:21","modified_gmt":"2026-09-03T09:50:21","slug":"capriles-pide-nuevo-gobierno-en-venezuela-ante-devaluacion","status":"publish","type":"post","link":"https:\/\/www.eldiario.net\/portal\/2026\/09\/03\/capriles-pide-nuevo-gobierno-en-venezuela-ante-devaluacion\/","title":{"rendered":"Capriles pide nuevo Gobierno  en Venezuela ante devaluaci\u00f3n"},"content":{"rendered":"<p class=\"v1MsoNormal\">El l\u00edder opositor venezolano Henrique Capriles pidi\u00f3 ayer un \u00abnuevo Gobierno\u00bb en Venezuela tras denunciar que la presidenta interina, Delcy Rodr\u00edguez, no est\u00e1 estabilizando la econom\u00eda y \u00absigue la devaluaci\u00f3n y la inflaci\u00f3n sin freno\u00bb.<\/p>\n<p class=\"v1MsoNormal\">\u00abEs claro que Venezuela necesita un nuevo Gobierno que deje de administrar la crisis y empiece a mejorar la calidad de vida de los venezolanos\u00bb, se\u00f1al\u00f3 Capriles en una nota en redes sociales en la que critica que las medidas de Delcy Rodr\u00edguez no tienen efecto para paliar la crisis econ\u00f3mica en el pa\u00eds.<\/p>\n<p class=\"v1MsoNormal\">\n<p class=\"v1MsoNormal\">\u00abGOLPE\u00bb ECON\u00d3MICO<\/p>\n<p class=\"v1MsoNormal\">\u00abNo hay una sola medida econ\u00f3mica para estabilizar el tipo de cambio y defender el ingreso de la familia venezolana. Pura propaganda en medios hablando de un renacer que nadie percibe\u00bb, se\u00f1al\u00f3 el pol\u00edtico, excandidato presidencial que se midi\u00f3 a Hugo Chavez, en 2012, y a Nicol\u00e1s Maduro, en 2013.<\/p>\n<p class=\"v1MsoNormal\">As\u00ed pidi\u00f3 medidas inmediatas para aliviar \u00abel golpe\u00bb econ\u00f3mico que sufre la poblaci\u00f3n de a pie en Venezuela como eliminar impuestos y revisar la carga tributaria adem\u00e1s de \u00abvolver a hablar de salarios, jubilaciones y pensiones\u00bb.<\/p>\n<p class=\"v1MsoNormal\">Actualmente Caracas y la oposici\u00f3n est\u00e1n inmersos en un proceso de di\u00e1logo para la \u00abreconstrucci\u00f3n institucional\u00bb del pa\u00eds, con la vista puesta en renovar las entidades para proceder a unas eventuales elecciones que completen la transici\u00f3n abierta en el pa\u00eds tras la salida de Nicol\u00e1s Maduro, detenido en una operaci\u00f3n militar de Estados Unidos en el Palacio de Miraflores a principios de a\u00f1o.<\/p>\n<p class=\"v1MsoNormal\">\n<p class=\"v1MsoNormal\">FUE CANDIDATO PRESIDENCIAL<\/p>\n<p class=\"v1MsoNormal\">Henrique Capriles Radonski es un pol\u00edtico y abogado venezolano, actualmente diputado de la Asamblea Nacional, reconocido hist\u00f3ricamente por haber sido el principal l\u00edder unitario de la oposici\u00f3n y candidato presidencial frente a Hugo Ch\u00e1vez en 2012 y Nicol\u00e1s Maduro en 2013.<\/p>\n<p class=\"v1MsoNormal\">Fue gobernador de Miranda (2008-2017), alcalde de Baruta (2000-2008) y presidente de la C\u00e1mara de Diputados (1999). Origen partidista: Fue cofundador y l\u00edder clave del partido Primero Justicia, aunque en la actualidad se desempe\u00f1a desde la fracci\u00f3n legislativa Libertad y el partido Uni\u00f3n y Cambio.(El Diario Ecuador)<\/p>\n","protected":false},"excerpt":{"rendered":"<p>El l\u00edder opositor venezolano Henrique Capriles pidi\u00f3 ayer un \u00abnuevo Gobierno\u00bb en Venezuela tras denunciar que la presidenta interina, Delcy Rodr\u00edguez, no est\u00e1 estabilizando la econom\u00eda y \u00absigue la devaluaci\u00f3n y la inflaci\u00f3n sin freno\u00bb. \u00abEs claro que Venezuela necesita un nuevo Gobierno que deje de administrar la crisis y empiece a mejorar la calidad [&hellip;]<\/p>\n","protected":false},"author":1,"featured_media":427225,"comment_status":"closed","ping_status":"open","sticky":false,"template":"","format":"standard","meta":{"_acf_changed":false,"footnotes":""},"categories":[3],"tags":[],"class_list":["post-427224","post","type-post","status-publish","format-standard","has-post-thumbnail","category-internacional"],"acf":{"antetitulo":"Inflaci\u00f3n sin freno"},"yoast_head":"<!-- This site is optimized with the Yoast SEO plugin v28.4 - https:\/\/yoast.com\/product\/yoast-seo-wordpress\/ -->\n<title>Capriles pide nuevo Gobierno en Venezuela ante devaluaci\u00f3n - El Diario - Bolivia<\/title>\n<meta name=\"robots\" content=\"index, follow, max-snippet:-1, max-image-preview:large, max-video-preview:-1\" \/>\n<link rel=\"canonical\" href=\"https:\/\/www.eldiario.net\/portal\/2026\/09\/03\/capriles-pide-nuevo-gobierno-en-venezuela-ante-devaluacion\/\" \/>\n<meta property=\"og:locale\" content=\"es_ES\" \/>\n<meta property=\"og:type\" content=\"article\" \/>\n<meta property=\"og:title\" content=\"Capriles pide nuevo Gobierno en Venezuela ante devaluaci\u00f3n - El Diario - Bolivia\" \/>\n<meta property=\"og:description\" content=\"El l\u00edder opositor venezolano Henrique Capriles pidi\u00f3 ayer un \u00abnuevo Gobierno\u00bb en Venezuela tras denunciar que la presidenta interina, Delcy Rodr\u00edguez, no est\u00e1 estabilizando la econom\u00eda y \u00absigue la devaluaci\u00f3n y la inflaci\u00f3n sin freno\u00bb. \u00abEs claro que Venezuela necesita un nuevo Gobierno que deje de administrar la crisis y empiece a mejorar la calidad [&hellip;]\" \/>\n<meta property=\"og:url\" content=\"https:\/\/www.eldiario.net\/portal\/2026\/09\/03\/capriles-pide-nuevo-gobierno-en-venezuela-ante-devaluacion\/\" \/>\n<meta property=\"og:site_name\" content=\"El Diario - Bolivia\" \/>\n<meta property=\"article:publisher\" content=\"https:\/\/www.facebook.com\/eldiario.bolivia\/\" \/>\n<meta property=\"article:published_time\" content=\"2026-09-03T09:50:21+00:00\" \/>\n<meta property=\"og:image\" content=\"https:\/\/www.eldiario.net\/portal\/wp-content\/uploads\/2026\/09\/CAPRILES-El-Diario-Ecuador.webp\" \/>\n\t<meta property=\"og:image:width\" content=\"1200\" \/>\n\t<meta property=\"og:image:height\" content=\"800\" \/>\n\t<meta property=\"og:image:type\" content=\"image\/webp\" \/>\n<meta name=\"author\" content=\"Jeanette\" \/>\n<meta name=\"twitter:card\" content=\"summary_large_image\" \/>\n<meta name=\"twitter:creator\" content=\"@eldiario_net\" \/>\n<meta name=\"twitter:site\" content=\"@eldiario_net\" \/>\n<meta name=\"twitter:label1\" content=\"Escrito por\" \/>\n\t<meta name=\"twitter:data1\" content=\"Jeanette\" \/>\n\t<meta name=\"twitter:label2\" content=\"Tiempo de lectura\" \/>\n\t<meta name=\"twitter:data2\" content=\"2 minutos\" \/>\n<script type=\"application\/ld+json\" class=\"yoast-schema-graph\">{\"@context\":\"https:\\\/\\\/schema.org\",\"@graph\":[{\"@type\":\"Article\",\"@id\":\"https:\\\/\\\/www.eldiario.net\\\/portal\\\/2026\\\/09\\\/03\\\/capriles-pide-nuevo-gobierno-en-venezuela-ante-devaluacion\\\/#article\",\"isPartOf\":{\"@id\":\"https:\\\/\\\/www.eldiario.net\\\/portal\\\/2026\\\/09\\\/03\\\/capriles-pide-nuevo-gobierno-en-venezuela-ante-devaluacion\\\/\"},\"author\":{\"name\":\"Jeanette\",\"@id\":\"https:\\\/\\\/www.eldiario.net\\\/portal\\\/#\\\/schema\\\/person\\\/f46445640444750d7d753ccd04ae01b7\"},\"headline\":\"Capriles pide nuevo Gobierno en Venezuela ante devaluaci\u00f3n\",\"datePublished\":\"2026-09-03T09:50:21+00:00\",\"mainEntityOfPage\":{\"@id\":\"https:\\\/\\\/www.eldiario.net\\\/portal\\\/2026\\\/09\\\/03\\\/capriles-pide-nuevo-gobierno-en-venezuela-ante-devaluacion\\\/\"},\"wordCount\":374,\"publisher\":{\"@id\":\"https:\\\/\\\/www.eldiario.net\\\/portal\\\/#organization\"},\"image\":{\"@id\":\"https:\\\/\\\/www.eldiario.net\\\/portal\\\/2026\\\/09\\\/03\\\/capriles-pide-nuevo-gobierno-en-venezuela-ante-devaluacion\\\/#primaryimage\"},\"thumbnailUrl\":\"https:\\\/\\\/www.eldiario.net\\\/portal\\\/wp-content\\\/uploads\\\/2026\\\/09\\\/CAPRILES-El-Diario-Ecuador.webp\",\"articleSection\":[\"Internacional\"],\"inLanguage\":\"es\"},{\"@type\":\"WebPage\",\"@id\":\"https:\\\/\\\/www.eldiario.net\\\/portal\\\/2026\\\/09\\\/03\\\/capriles-pide-nuevo-gobierno-en-venezuela-ante-devaluacion\\\/\",\"url\":\"https:\\\/\\\/www.eldiario.net\\\/portal\\\/2026\\\/09\\\/03\\\/capriles-pide-nuevo-gobierno-en-venezuela-ante-devaluacion\\\/\",\"name\":\"Capriles pide nuevo Gobierno en Venezuela ante devaluaci\u00f3n - El Diario - Bolivia\",\"isPartOf\":{\"@id\":\"https:\\\/\\\/www.eldiario.net\\\/portal\\\/#website\"},\"primaryImageOfPage\":{\"@id\":\"https:\\\/\\\/www.eldiario.net\\\/portal\\\/2026\\\/09\\\/03\\\/capriles-pide-nuevo-gobierno-en-venezuela-ante-devaluacion\\\/#primaryimage\"},\"image\":{\"@id\":\"https:\\\/\\\/www.eldiario.net\\\/portal\\\/2026\\\/09\\\/03\\\/capriles-pide-nuevo-gobierno-en-venezuela-ante-devaluacion\\\/#primaryimage\"},\"thumbnailUrl\":\"https:\\\/\\\/www.eldiario.net\\\/portal\\\/wp-content\\\/uploads\\\/2026\\\/09\\\/CAPRILES-El-Diario-Ecuador.webp\",\"datePublished\":\"2026-09-03T09:50:21+00:00\",\"breadcrumb\":{\"@id\":\"https:\\\/\\\/www.eldiario.net\\\/portal\\\/2026\\\/09\\\/03\\\/capriles-pide-nuevo-gobierno-en-venezuela-ante-devaluacion\\\/#breadcrumb\"},\"inLanguage\":\"es\",\"potentialAction\":[{\"@type\":\"ReadAction\",\"target\":[\"https:\\\/\\\/www.eldiario.net\\\/portal\\\/2026\\\/09\\\/03\\\/capriles-pide-nuevo-gobierno-en-venezuela-ante-devaluacion\\\/\"]}]},{\"@type\":\"ImageObject\",\"inLanguage\":\"es\",\"@id\":\"https:\\\/\\\/www.eldiario.net\\\/portal\\\/2026\\\/09\\\/03\\\/capriles-pide-nuevo-gobierno-en-venezuela-ante-devaluacion\\\/#primaryimage\",\"url\":\"https:\\\/\\\/www.eldiario.net\\\/portal\\\/wp-content\\\/uploads\\\/2026\\\/09\\\/CAPRILES-El-Diario-Ecuador.webp\",\"contentUrl\":\"https:\\\/\\\/www.eldiario.net\\\/portal\\\/wp-content\\\/uploads\\\/2026\\\/09\\\/CAPRILES-El-Diario-Ecuador.webp\",\"width\":1200,\"height\":800,\"caption\":\"El legislador de la Asamblea Nacional de Venezuela, Henrique Capriles. CR\u00c9DITO: El Diario Ecuador\"},{\"@type\":\"BreadcrumbList\",\"@id\":\"https:\\\/\\\/www.eldiario.net\\\/portal\\\/2026\\\/09\\\/03\\\/capriles-pide-nuevo-gobierno-en-venezuela-ante-devaluacion\\\/#breadcrumb\",\"itemListElement\":[{\"@type\":\"ListItem\",\"position\":1,\"name\":\"Portada\",\"item\":\"https:\\\/\\\/www.eldiario.net\\\/portal\\\/\"},{\"@type\":\"ListItem\",\"position\":2,\"name\":\"Capriles pide nuevo Gobierno en Venezuela ante devaluaci\u00f3n\"}]},{\"@type\":\"WebSite\",\"@id\":\"https:\\\/\\\/www.eldiario.net\\\/portal\\\/#website\",\"url\":\"https:\\\/\\\/www.eldiario.net\\\/portal\\\/\",\"name\":\"El Diario - Decano de la prensa nacional\",\"description\":\"El Diario - Decano de la prensa nacional\",\"publisher\":{\"@id\":\"https:\\\/\\\/www.eldiario.net\\\/portal\\\/#organization\"},\"potentialAction\":[{\"@type\":\"SearchAction\",\"target\":{\"@type\":\"EntryPoint\",\"urlTemplate\":\"https:\\\/\\\/www.eldiario.net\\\/portal\\\/?s={search_term_string}\"},\"query-input\":{\"@type\":\"PropertyValueSpecification\",\"valueRequired\":true,\"valueName\":\"search_term_string\"}}],\"inLanguage\":\"es\"},{\"@type\":\"Organization\",\"@id\":\"https:\\\/\\\/www.eldiario.net\\\/portal\\\/#organization\",\"name\":\"El Diario - Decano de la prensa nacional\",\"url\":\"https:\\\/\\\/www.eldiario.net\\\/portal\\\/\",\"logo\":{\"@type\":\"ImageObject\",\"inLanguage\":\"es\",\"@id\":\"https:\\\/\\\/www.eldiario.net\\\/portal\\\/#\\\/schema\\\/logo\\\/image\\\/\",\"url\":\"https:\\\/\\\/www.eldiario.net\\\/portal\\\/wp-content\\\/uploads\\\/2023\\\/07\\\/logo_ED.jpg\",\"contentUrl\":\"https:\\\/\\\/www.eldiario.net\\\/portal\\\/wp-content\\\/uploads\\\/2023\\\/07\\\/logo_ED.jpg\",\"width\":272,\"height\":52,\"caption\":\"El Diario - Decano de la prensa nacional\"},\"image\":{\"@id\":\"https:\\\/\\\/www.eldiario.net\\\/portal\\\/#\\\/schema\\\/logo\\\/image\\\/\"},\"sameAs\":[\"https:\\\/\\\/www.facebook.com\\\/eldiario.bolivia\\\/\",\"https:\\\/\\\/x.com\\\/eldiario_net\"]},{\"@type\":\"Person\",\"@id\":\"https:\\\/\\\/www.eldiario.net\\\/portal\\\/#\\\/schema\\\/person\\\/f46445640444750d7d753ccd04ae01b7\",\"name\":\"Jeanette\",\"image\":{\"@type\":\"ImageObject\",\"inLanguage\":\"es\",\"@id\":\"https:\\\/\\\/secure.gravatar.com\\\/avatar\\\/3ea2118a5f7dad2b7138b1187a6b7ee55f160b9968b66013c3a3ef39dd7e5798?s=96&d=mm&r=g\",\"url\":\"https:\\\/\\\/secure.gravatar.com\\\/avatar\\\/3ea2118a5f7dad2b7138b1187a6b7ee55f160b9968b66013c3a3ef39dd7e5798?s=96&d=mm&r=g\",\"contentUrl\":\"https:\\\/\\\/secure.gravatar.com\\\/avatar\\\/3ea2118a5f7dad2b7138b1187a6b7ee55f160b9968b66013c3a3ef39dd7e5798?s=96&d=mm&r=g\",\"caption\":\"Jeanette\"},\"sameAs\":[\"https:\\\/\\\/www.eldiario.net\\\/portal\"],\"url\":\"https:\\\/\\\/www.eldiario.net\\\/portal\\\/author\\\/jeanette\\\/\"}]}<\/script>\n<!-- \/ Yoast SEO plugin. -->","yoast_head_json":{"title":"Capriles pide nuevo Gobierno en Venezuela ante devaluaci\u00f3n - El Diario - Bolivia","robots":{"index":"index","follow":"follow","max-snippet":"max-snippet:-1","max-image-preview":"max-image-preview:large","max-video-preview":"max-video-preview:-1"},"canonical":"https:\/\/www.eldiario.net\/portal\/2026\/09\/03\/capriles-pide-nuevo-gobierno-en-venezuela-ante-devaluacion\/","og_locale":"es_ES","og_type":"article","og_title":"Capriles pide nuevo Gobierno en Venezuela ante devaluaci\u00f3n - El Diario - Bolivia","og_description":"El l\u00edder opositor venezolano Henrique Capriles pidi\u00f3 ayer un \u00abnuevo Gobierno\u00bb en Venezuela tras denunciar que la presidenta interina, Delcy Rodr\u00edguez, no est\u00e1 estabilizando la econom\u00eda y \u00absigue la devaluaci\u00f3n y la inflaci\u00f3n sin freno\u00bb. \u00abEs claro que Venezuela necesita un nuevo Gobierno que deje de administrar la crisis y empiece a mejorar la calidad [&hellip;]","og_url":"https:\/\/www.eldiario.net\/portal\/2026\/09\/03\/capriles-pide-nuevo-gobierno-en-venezuela-ante-devaluacion\/","og_site_name":"El Diario - Bolivia","article_publisher":"https:\/\/www.facebook.com\/eldiario.bolivia\/","article_published_time":"2026-09-03T09:50:21+00:00","og_image":[{"width":1200,"height":800,"url":"https:\/\/www.eldiario.net\/portal\/wp-content\/uploads\/2026\/09\/CAPRILES-El-Diario-Ecuador.webp","type":"image\/webp"}],"author":"Jeanette","twitter_card":"summary_large_image","twitter_creator":"@eldiario_net","twitter_site":"@eldiario_net","twitter_misc":{"Escrito por":"Jeanette","Tiempo de lectura":"2 minutos"},"schema":{"@context":"https:\/\/schema.org","@graph":[{"@type":"Article","@id":"https:\/\/www.eldiario.net\/portal\/2026\/09\/03\/capriles-pide-nuevo-gobierno-en-venezuela-ante-devaluacion\/#article","isPartOf":{"@id":"https:\/\/www.eldiario.net\/portal\/2026\/09\/03\/capriles-pide-nuevo-gobierno-en-venezuela-ante-devaluacion\/"},"author":{"name":"Jeanette","@id":"https:\/\/www.eldiario.net\/portal\/#\/schema\/person\/f46445640444750d7d753ccd04ae01b7"},"headline":"Capriles pide nuevo Gobierno en Venezuela ante devaluaci\u00f3n","datePublished":"2026-09-03T09:50:21+00:00","mainEntityOfPage":{"@id":"https:\/\/www.eldiario.net\/portal\/2026\/09\/03\/capriles-pide-nuevo-gobierno-en-venezuela-ante-devaluacion\/"},"wordCount":374,"publisher":{"@id":"https:\/\/www.eldiario.net\/portal\/#organization"},"image":{"@id":"https:\/\/www.eldiario.net\/portal\/2026\/09\/03\/capriles-pide-nuevo-gobierno-en-venezuela-ante-devaluacion\/#primaryimage"},"thumbnailUrl":"https:\/\/www.eldiario.net\/portal\/wp-content\/uploads\/2026\/09\/CAPRILES-El-Diario-Ecuador.webp","articleSection":["Internacional"],"inLanguage":"es"},{"@type":"WebPage","@id":"https:\/\/www.eldiario.net\/portal\/2026\/09\/03\/capriles-pide-nuevo-gobierno-en-venezuela-ante-devaluacion\/","url":"https:\/\/www.eldiario.net\/portal\/2026\/09\/03\/capriles-pide-nuevo-gobierno-en-venezuela-ante-devaluacion\/","name":"Capriles pide nuevo Gobierno en Venezuela ante devaluaci\u00f3n - El Diario - Bolivia","isPartOf":{"@id":"https:\/\/www.eldiario.net\/portal\/#website"},"primaryImageOfPage":{"@id":"https:\/\/www.eldiario.net\/portal\/2026\/09\/03\/capriles-pide-nuevo-gobierno-en-venezuela-ante-devaluacion\/#primaryimage"},"image":{"@id":"https:\/\/www.eldiario.net\/portal\/2026\/09\/03\/capriles-pide-nuevo-gobierno-en-venezuela-ante-devaluacion\/#primaryimage"},"thumbnailUrl":"https:\/\/www.eldiario.net\/portal\/wp-content\/uploads\/2026\/09\/CAPRILES-El-Diario-Ecuador.webp","datePublished":"2026-09-03T09:50:21+00:00","breadcrumb":{"@id":"https:\/\/www.eldiario.net\/portal\/2026\/09\/03\/capriles-pide-nuevo-gobierno-en-venezuela-ante-devaluacion\/#breadcrumb"},"inLanguage":"es","potentialAction":[{"@type":"ReadAction","target":["https:\/\/www.eldiario.net\/portal\/2026\/09\/03\/capriles-pide-nuevo-gobierno-en-venezuela-ante-devaluacion\/"]}]},{"@type":"ImageObject","inLanguage":"es","@id":"https:\/\/www.eldiario.net\/portal\/2026\/09\/03\/capriles-pide-nuevo-gobierno-en-venezuela-ante-devaluacion\/#primaryimage","url":"https:\/\/www.eldiario.net\/portal\/wp-content\/uploads\/2026\/09\/CAPRILES-El-Diario-Ecuador.webp","contentUrl":"https:\/\/www.eldiario.net\/portal\/wp-content\/uploads\/2026\/09\/CAPRILES-El-Diario-Ecuador.webp","width":1200,"height":800,"caption":"El legislador de la Asamblea Nacional de Venezuela, Henrique Capriles. CR\u00c9DITO: El Diario Ecuador"},{"@type":"BreadcrumbList","@id":"https:\/\/www.eldiario.net\/portal\/2026\/09\/03\/capriles-pide-nuevo-gobierno-en-venezuela-ante-devaluacion\/#breadcrumb","itemListElement":[{"@type":"ListItem","position":1,"name":"Portada","item":"https:\/\/www.eldiario.net\/portal\/"},{"@type":"ListItem","position":2,"name":"Capriles pide nuevo Gobierno en Venezuela ante devaluaci\u00f3n"}]},{"@type":"WebSite","@id":"https:\/\/www.eldiario.net\/portal\/#website","url":"https:\/\/www.eldiario.net\/portal\/","name":"El Diario - Decano de la prensa nacional","description":"El Diario - Decano de la prensa nacional","publisher":{"@id":"https:\/\/www.eldiario.net\/portal\/#organization"},"potentialAction":[{"@type":"SearchAction","target":{"@type":"EntryPoint","urlTemplate":"https:\/\/www.eldiario.net\/portal\/?s={search_term_string}"},"query-input":{"@type":"PropertyValueSpecification","valueRequired":true,"valueName":"search_term_string"}}],"inLanguage":"es"},{"@type":"Organization","@id":"https:\/\/www.eldiario.net\/portal\/#organization","name":"El Diario - Decano de la prensa nacional","url":"https:\/\/www.eldiario.net\/portal\/","logo":{"@type":"ImageObject","inLanguage":"es","@id":"https:\/\/www.eldiario.net\/portal\/#\/schema\/logo\/image\/","url":"https:\/\/www.eldiario.net\/portal\/wp-content\/uploads\/2023\/07\/logo_ED.jpg","contentUrl":"https:\/\/www.eldiario.net\/portal\/wp-content\/uploads\/2023\/07\/logo_ED.jpg","width":272,"height":52,"caption":"El Diario - Decano de la prensa nacional"},"image":{"@id":"https:\/\/www.eldiario.net\/portal\/#\/schema\/logo\/image\/"},"sameAs":["https:\/\/www.facebook.com\/eldiario.bolivia\/","https:\/\/x.com\/eldiario_net"]},{"@type":"Person","@id":"https:\/\/www.eldiario.net\/portal\/#\/schema\/person\/f46445640444750d7d753ccd04ae01b7","name":"Jeanette","image":{"@type":"ImageObject","inLanguage":"es","@id":"https:\/\/secure.gravatar.com\/avatar\/3ea2118a5f7dad2b7138b1187a6b7ee55f160b9968b66013c3a3ef39dd7e5798?s=96&d=mm&r=g","url":"https:\/\/secure.gravatar.com\/avatar\/3ea2118a5f7dad2b7138b1187a6b7ee55f160b9968b66013c3a3ef39dd7e5798?s=96&d=mm&r=g","contentUrl":"https:\/\/secure.gravatar.com\/avatar\/3ea2118a5f7dad2b7138b1187a6b7ee55f160b9968b66013c3a3ef39dd7e5798?s=96&d=mm&r=g","caption":"Jeanette"},"sameAs":["https:\/\/www.eldiario.net\/portal"],"url":"https:\/\/www.eldiario.net\/portal\/author\/jeanette\/"}]}},"_links":{"self":[{"href":"https:\/\/www.eldiario.net\/portal\/wp-json\/wp\/v2\/posts\/427224","targetHints":{"allow":["GET"]}}],"collection":[{"href":"https:\/\/www.eldiario.net\/portal\/wp-json\/wp\/v2\/posts"}],"about":[{"href":"https:\/\/www.eldiario.net\/portal\/wp-json\/wp\/v2\/types\/post"}],"author":[{"embeddable":true,"href":"https:\/\/www.eldiario.net\/portal\/wp-json\/wp\/v2\/users\/1"}],"replies":[{"embeddable":true,"href":"https:\/\/www.eldiario.net\/portal\/wp-json\/wp\/v2\/comments?post=427224"}],"version-history":[{"count":1,"href":"https:\/\/www.eldiario.net\/portal\/wp-json\/wp\/v2\/posts\/427224\/revisions"}],"predecessor-version":[{"id":427226,"href":"https:\/\/www.eldiario.net\/portal\/wp-json\/wp\/v2\/posts\/427224\/revisions\/427226"}],"wp:featuredmedia":[{"embeddable":true,"href":"https:\/\/www.eldiario.net\/portal\/wp-json\/wp\/v2\/media\/427225"}],"wp:attachment":[{"href":"https:\/\/www.eldiario.net\/portal\/wp-json\/wp\/v2\/media?parent=427224"}],"wp:term":[{"taxonomy":"category","embeddable":true,"href":"https:\/\/www.eldiario.net\/portal\/wp-json\/wp\/v2\/categories?post=427224"},{"taxonomy":"post_tag","embeddable":true,"href":"https:\/\/www.eldiario.net\/portal\/wp-json\/wp\/v2\/tags?post=427224"}],"curies":[{"name":"wp","href":"https:\/\/api.w.org\/{rel}","templated":true}]}}