{"id":427221,"date":"2026-09-03T05:49:34","date_gmt":"2026-09-03T09:49:34","guid":{"rendered":"https:\/\/www.eldiario.net\/portal\/?p=427221"},"modified":"2026-09-03T05:49:34","modified_gmt":"2026-09-03T09:49:34","slug":"nueva-york-prohibira-de-forma-temporal-uso-de-ia-para-alumnos","status":"publish","type":"post","link":"https:\/\/www.eldiario.net\/portal\/2026\/09\/03\/nueva-york-prohibira-de-forma-temporal-uso-de-ia-para-alumnos\/","title":{"rendered":"Nueva York prohibir\u00e1 de forma  temporal uso de IA para alumnos"},"content":{"rendered":"<p class=\"v1MsoNormal\">Las escuelas p\u00fablicas de la ciudad de Nueva York prohibir\u00e1n temporalmente que los estudiantes de primaria y secundaria usen herramientas de inteligencia artificial durante el pr\u00f3ximo a\u00f1o escolar.<\/p>\n<p class=\"v1MsoNormal\">La moratoria de un a\u00f1o, parte de una evaluaci\u00f3n m\u00e1s amplia sobre c\u00f3mo los ni\u00f1os del mayor sistema escolar del pa\u00eds interact\u00faan con la tecnolog\u00eda, se aplicar\u00e1 a \u00abtodo software que utilice IA generativa orientada a los estudiantes\u00bb para alumnos hasta octavo grado, inform\u00f3 la alcald\u00eda. Describi\u00f3 la pol\u00edtica como la prohibici\u00f3n m\u00e1s amplia del pa\u00eds.<\/p>\n<p class=\"v1MsoNormal\">Al mismo tiempo, la ciudad ofrecer\u00e1 entrenamiento en IA dos veces al a\u00f1o para todos los estudiantes de preparatoria de las escuelas p\u00fablicas. Tambi\u00e9n pondr\u00e1 en marcha programas piloto que permitir\u00e1n a algunos alumnos de preparatoria usar un pu\u00f1ado de plataformas de IA bajo la supervisi\u00f3n de un educador. Los chatbots de compa\u00f1\u00eda estar\u00e1n prohibidos en todos los grados, se\u00f1alaron las autoridades.<\/p>\n<p class=\"v1MsoNormal\">El enfoque surge mientras estudiantes, padres y escuelas de todo el pa\u00eds intentan orientarse sobre el uso de herramientas de IA en el aula y en otros \u00e1mbitos. Las escuelas trabajan para ense\u00f1ar a los ni\u00f1os a incorporar la tecnolog\u00eda sin que dependan demasiado de ella o la utilicen para hacer trampa.<\/p>\n<p class=\"v1MsoNormal\">\u00abCada d\u00eda, cuando nuestros ni\u00f1os vienen a la escuela, les ense\u00f1amos a hacer preguntas, a cuestionar suposiciones, a examinar la premisa, a preguntar por qu\u00e9. Cuando se trata de la IA en nuestras escuelas, tenemos la obligaci\u00f3n de hacer lo mismo\u00bb, declar\u00f3 en conferencia de prensa el alcalde, Zohran Mamdani.<\/p>\n<p class=\"v1MsoNormal\">La ciudad tambi\u00e9n recomendar\u00e1 l\u00edmites de tiempo de pantalla para los estudiantes, al sugerir un tope de 30 minutos al d\u00eda para alumnos de tercero a quinto grado y de 45 minutos para estudiantes de sexto a octavo. Se permitir\u00e1 que los maestros usen IA para la planificaci\u00f3n de la ense\u00f1anza y tareas operativas.<\/p>\n<p class=\"v1MsoNormal\">Al menos 37 estados cuentan con orientaciones oficiales sobre IA que las escuelas pueden usar como modelo, aunque no existe una definici\u00f3n \u00fanica de alfabetizaci\u00f3n en IA ni consenso sobre c\u00f3mo deber\u00eda ense\u00f1arse. El estado de Nueva York aprob\u00f3 el a\u00f1o pasado una prohibici\u00f3n del uso de tel\u00e9fonos celulares por parte de los estudiantes en las escuelas.<\/p>\n<p class=\"v1MsoNormal\">Las autoridades educativas de la ciudad tambi\u00e9n realizar\u00e1n una revisi\u00f3n amplia de todas las herramientas tecnol\u00f3gicas utilizadas en el sistema escolar y eliminar\u00e1n aquellas que se consideren no esenciales para el aprendizaje.<\/p>\n<p class=\"v1MsoNormal\">Michael Mulgrew, presidente de la United Federation of Teachers en Nueva York, elogi\u00f3 los l\u00edmites de tiempo de pantalla, pero afirm\u00f3 que la pol\u00edtica de IA \u00abdeja muchas preguntas sin responder\u00bb, incluida la forma en que el Departamento de Educaci\u00f3n \u00abser\u00e1 m\u00e1s agresivo al exigir que los productos que compra tengan salvaguardas de IA\u00bb.<\/p>\n<p class=\"v1MsoNormal\">Josh Golin, director ejecutivo del grupo de defensa de la ni\u00f1ez Fairplay, coment\u00f3 que habr\u00eda preferido una moratoria m\u00e1s larga y m\u00e1s tiempo entre el anuncio y el inicio del a\u00f1o escolar.<\/p>\n<p class=\"v1MsoNormal\">\u00abUn a\u00f1o para evaluar no es ni de lejos suficiente\u00bb, expres\u00f3, y agreg\u00f3 que la carga deber\u00eda recaer en las plataformas de IA \u00abpara demostrar que sus productos son eficaces para ense\u00f1ar a los ni\u00f1os, que son seguros, que no est\u00e1n desplazando la interacci\u00f3n cara a cara y que no est\u00e1n conduciendo a trampas generalizadas\u00bb.<\/p>\n<p class=\"v1MsoNormal\">Los estudiantes de las escuelas p\u00fablicas de la ciudad de Nueva York tienen previsto regresar al aula la pr\u00f3xima semana.(Independent)<\/p>\n","protected":false},"excerpt":{"rendered":"<p>Las escuelas p\u00fablicas de la ciudad de Nueva York prohibir\u00e1n temporalmente que los estudiantes de primaria y secundaria usen herramientas de inteligencia artificial durante el pr\u00f3ximo a\u00f1o escolar. La moratoria de un a\u00f1o, parte de una evaluaci\u00f3n m\u00e1s amplia sobre c\u00f3mo los ni\u00f1os del mayor sistema escolar del pa\u00eds interact\u00faan con la tecnolog\u00eda, se aplicar\u00e1 [&hellip;]<\/p>\n","protected":false},"author":1,"featured_media":427222,"comment_status":"closed","ping_status":"open","sticky":false,"template":"","format":"standard","meta":{"_acf_changed":false,"footnotes":""},"categories":[3],"tags":[],"class_list":["post-427221","post","type-post","status-publish","format-standard","has-post-thumbnail","category-internacional"],"acf":{"antetitulo":"En escuelas p\u00fablicas"},"yoast_head":"<!-- This site is optimized with the Yoast SEO plugin v28.4 - https:\/\/yoast.com\/product\/yoast-seo-wordpress\/ -->\n<title>Nueva York prohibir\u00e1 de forma temporal uso de IA para alumnos - El Diario - Bolivia<\/title>\n<meta name=\"robots\" content=\"index, follow, max-snippet:-1, max-image-preview:large, max-video-preview:-1\" \/>\n<link rel=\"canonical\" href=\"https:\/\/www.eldiario.net\/portal\/2026\/09\/03\/nueva-york-prohibira-de-forma-temporal-uso-de-ia-para-alumnos\/\" \/>\n<meta property=\"og:locale\" content=\"es_ES\" \/>\n<meta property=\"og:type\" content=\"article\" \/>\n<meta property=\"og:title\" content=\"Nueva York prohibir\u00e1 de forma temporal uso de IA para alumnos - El Diario - Bolivia\" \/>\n<meta property=\"og:description\" content=\"Las escuelas p\u00fablicas de la ciudad de Nueva York prohibir\u00e1n temporalmente que los estudiantes de primaria y secundaria usen herramientas de inteligencia artificial durante el pr\u00f3ximo a\u00f1o escolar. La moratoria de un a\u00f1o, parte de una evaluaci\u00f3n m\u00e1s amplia sobre c\u00f3mo los ni\u00f1os del mayor sistema escolar del pa\u00eds interact\u00faan con la tecnolog\u00eda, se aplicar\u00e1 [&hellip;]\" \/>\n<meta property=\"og:url\" content=\"https:\/\/www.eldiario.net\/portal\/2026\/09\/03\/nueva-york-prohibira-de-forma-temporal-uso-de-ia-para-alumnos\/\" \/>\n<meta property=\"og:site_name\" content=\"El Diario - Bolivia\" \/>\n<meta property=\"article:publisher\" content=\"https:\/\/www.facebook.com\/eldiario.bolivia\/\" \/>\n<meta property=\"article:published_time\" content=\"2026-09-03T09:49:34+00:00\" \/>\n<meta property=\"og:image\" content=\"https:\/\/www.eldiario.net\/portal\/wp-content\/uploads\/2026\/09\/INTELIGENCIA-AP.webp\" \/>\n\t<meta property=\"og:image:width\" content=\"1250\" \/>\n\t<meta property=\"og:image:height\" content=\"833\" \/>\n\t<meta property=\"og:image:type\" content=\"image\/webp\" \/>\n<meta name=\"author\" content=\"Jeanette\" \/>\n<meta name=\"twitter:card\" content=\"summary_large_image\" \/>\n<meta name=\"twitter:creator\" content=\"@eldiario_net\" \/>\n<meta name=\"twitter:site\" content=\"@eldiario_net\" \/>\n<meta name=\"twitter:label1\" content=\"Escrito por\" \/>\n\t<meta name=\"twitter:data1\" content=\"Jeanette\" \/>\n\t<meta name=\"twitter:label2\" content=\"Tiempo de lectura\" \/>\n\t<meta name=\"twitter:data2\" content=\"3 minutos\" \/>\n<script type=\"application\/ld+json\" class=\"yoast-schema-graph\">{\"@context\":\"https:\\\/\\\/schema.org\",\"@graph\":[{\"@type\":\"Article\",\"@id\":\"https:\\\/\\\/www.eldiario.net\\\/portal\\\/2026\\\/09\\\/03\\\/nueva-york-prohibira-de-forma-temporal-uso-de-ia-para-alumnos\\\/#article\",\"isPartOf\":{\"@id\":\"https:\\\/\\\/www.eldiario.net\\\/portal\\\/2026\\\/09\\\/03\\\/nueva-york-prohibira-de-forma-temporal-uso-de-ia-para-alumnos\\\/\"},\"author\":{\"name\":\"Jeanette\",\"@id\":\"https:\\\/\\\/www.eldiario.net\\\/portal\\\/#\\\/schema\\\/person\\\/f46445640444750d7d753ccd04ae01b7\"},\"headline\":\"Nueva York prohibir\u00e1 de forma temporal uso de IA para alumnos\",\"datePublished\":\"2026-09-03T09:49:34+00:00\",\"mainEntityOfPage\":{\"@id\":\"https:\\\/\\\/www.eldiario.net\\\/portal\\\/2026\\\/09\\\/03\\\/nueva-york-prohibira-de-forma-temporal-uso-de-ia-para-alumnos\\\/\"},\"wordCount\":631,\"publisher\":{\"@id\":\"https:\\\/\\\/www.eldiario.net\\\/portal\\\/#organization\"},\"image\":{\"@id\":\"https:\\\/\\\/www.eldiario.net\\\/portal\\\/2026\\\/09\\\/03\\\/nueva-york-prohibira-de-forma-temporal-uso-de-ia-para-alumnos\\\/#primaryimage\"},\"thumbnailUrl\":\"https:\\\/\\\/www.eldiario.net\\\/portal\\\/wp-content\\\/uploads\\\/2026\\\/09\\\/INTELIGENCIA-AP.webp\",\"articleSection\":[\"Internacional\"],\"inLanguage\":\"es\"},{\"@type\":\"WebPage\",\"@id\":\"https:\\\/\\\/www.eldiario.net\\\/portal\\\/2026\\\/09\\\/03\\\/nueva-york-prohibira-de-forma-temporal-uso-de-ia-para-alumnos\\\/\",\"url\":\"https:\\\/\\\/www.eldiario.net\\\/portal\\\/2026\\\/09\\\/03\\\/nueva-york-prohibira-de-forma-temporal-uso-de-ia-para-alumnos\\\/\",\"name\":\"Nueva York prohibir\u00e1 de forma temporal uso de IA para alumnos - El Diario - Bolivia\",\"isPartOf\":{\"@id\":\"https:\\\/\\\/www.eldiario.net\\\/portal\\\/#website\"},\"primaryImageOfPage\":{\"@id\":\"https:\\\/\\\/www.eldiario.net\\\/portal\\\/2026\\\/09\\\/03\\\/nueva-york-prohibira-de-forma-temporal-uso-de-ia-para-alumnos\\\/#primaryimage\"},\"image\":{\"@id\":\"https:\\\/\\\/www.eldiario.net\\\/portal\\\/2026\\\/09\\\/03\\\/nueva-york-prohibira-de-forma-temporal-uso-de-ia-para-alumnos\\\/#primaryimage\"},\"thumbnailUrl\":\"https:\\\/\\\/www.eldiario.net\\\/portal\\\/wp-content\\\/uploads\\\/2026\\\/09\\\/INTELIGENCIA-AP.webp\",\"datePublished\":\"2026-09-03T09:49:34+00:00\",\"breadcrumb\":{\"@id\":\"https:\\\/\\\/www.eldiario.net\\\/portal\\\/2026\\\/09\\\/03\\\/nueva-york-prohibira-de-forma-temporal-uso-de-ia-para-alumnos\\\/#breadcrumb\"},\"inLanguage\":\"es\",\"potentialAction\":[{\"@type\":\"ReadAction\",\"target\":[\"https:\\\/\\\/www.eldiario.net\\\/portal\\\/2026\\\/09\\\/03\\\/nueva-york-prohibira-de-forma-temporal-uso-de-ia-para-alumnos\\\/\"]}]},{\"@type\":\"ImageObject\",\"inLanguage\":\"es\",\"@id\":\"https:\\\/\\\/www.eldiario.net\\\/portal\\\/2026\\\/09\\\/03\\\/nueva-york-prohibira-de-forma-temporal-uso-de-ia-para-alumnos\\\/#primaryimage\",\"url\":\"https:\\\/\\\/www.eldiario.net\\\/portal\\\/wp-content\\\/uploads\\\/2026\\\/09\\\/INTELIGENCIA-AP.webp\",\"contentUrl\":\"https:\\\/\\\/www.eldiario.net\\\/portal\\\/wp-content\\\/uploads\\\/2026\\\/09\\\/INTELIGENCIA-AP.webp\",\"width\":1250,\"height\":833,\"caption\":\"El alcalde de Nueva York, Zohran Mamdani. CREDITO: AP\"},{\"@type\":\"BreadcrumbList\",\"@id\":\"https:\\\/\\\/www.eldiario.net\\\/portal\\\/2026\\\/09\\\/03\\\/nueva-york-prohibira-de-forma-temporal-uso-de-ia-para-alumnos\\\/#breadcrumb\",\"itemListElement\":[{\"@type\":\"ListItem\",\"position\":1,\"name\":\"Portada\",\"item\":\"https:\\\/\\\/www.eldiario.net\\\/portal\\\/\"},{\"@type\":\"ListItem\",\"position\":2,\"name\":\"Nueva York prohibir\u00e1 de forma temporal uso de IA para alumnos\"}]},{\"@type\":\"WebSite\",\"@id\":\"https:\\\/\\\/www.eldiario.net\\\/portal\\\/#website\",\"url\":\"https:\\\/\\\/www.eldiario.net\\\/portal\\\/\",\"name\":\"El Diario - Decano de la prensa nacional\",\"description\":\"El Diario - Decano de la prensa nacional\",\"publisher\":{\"@id\":\"https:\\\/\\\/www.eldiario.net\\\/portal\\\/#organization\"},\"potentialAction\":[{\"@type\":\"SearchAction\",\"target\":{\"@type\":\"EntryPoint\",\"urlTemplate\":\"https:\\\/\\\/www.eldiario.net\\\/portal\\\/?s={search_term_string}\"},\"query-input\":{\"@type\":\"PropertyValueSpecification\",\"valueRequired\":true,\"valueName\":\"search_term_string\"}}],\"inLanguage\":\"es\"},{\"@type\":\"Organization\",\"@id\":\"https:\\\/\\\/www.eldiario.net\\\/portal\\\/#organization\",\"name\":\"El Diario - Decano de la prensa nacional\",\"url\":\"https:\\\/\\\/www.eldiario.net\\\/portal\\\/\",\"logo\":{\"@type\":\"ImageObject\",\"inLanguage\":\"es\",\"@id\":\"https:\\\/\\\/www.eldiario.net\\\/portal\\\/#\\\/schema\\\/logo\\\/image\\\/\",\"url\":\"https:\\\/\\\/www.eldiario.net\\\/portal\\\/wp-content\\\/uploads\\\/2023\\\/07\\\/logo_ED.jpg\",\"contentUrl\":\"https:\\\/\\\/www.eldiario.net\\\/portal\\\/wp-content\\\/uploads\\\/2023\\\/07\\\/logo_ED.jpg\",\"width\":272,\"height\":52,\"caption\":\"El Diario - Decano de la prensa nacional\"},\"image\":{\"@id\":\"https:\\\/\\\/www.eldiario.net\\\/portal\\\/#\\\/schema\\\/logo\\\/image\\\/\"},\"sameAs\":[\"https:\\\/\\\/www.facebook.com\\\/eldiario.bolivia\\\/\",\"https:\\\/\\\/x.com\\\/eldiario_net\"]},{\"@type\":\"Person\",\"@id\":\"https:\\\/\\\/www.eldiario.net\\\/portal\\\/#\\\/schema\\\/person\\\/f46445640444750d7d753ccd04ae01b7\",\"name\":\"Jeanette\",\"image\":{\"@type\":\"ImageObject\",\"inLanguage\":\"es\",\"@id\":\"https:\\\/\\\/secure.gravatar.com\\\/avatar\\\/3ea2118a5f7dad2b7138b1187a6b7ee55f160b9968b66013c3a3ef39dd7e5798?s=96&d=mm&r=g\",\"url\":\"https:\\\/\\\/secure.gravatar.com\\\/avatar\\\/3ea2118a5f7dad2b7138b1187a6b7ee55f160b9968b66013c3a3ef39dd7e5798?s=96&d=mm&r=g\",\"contentUrl\":\"https:\\\/\\\/secure.gravatar.com\\\/avatar\\\/3ea2118a5f7dad2b7138b1187a6b7ee55f160b9968b66013c3a3ef39dd7e5798?s=96&d=mm&r=g\",\"caption\":\"Jeanette\"},\"sameAs\":[\"https:\\\/\\\/www.eldiario.net\\\/portal\"],\"url\":\"https:\\\/\\\/www.eldiario.net\\\/portal\\\/author\\\/jeanette\\\/\"}]}<\/script>\n<!-- \/ Yoast SEO plugin. -->","yoast_head_json":{"title":"Nueva York prohibir\u00e1 de forma temporal uso de IA para alumnos - El Diario - Bolivia","robots":{"index":"index","follow":"follow","max-snippet":"max-snippet:-1","max-image-preview":"max-image-preview:large","max-video-preview":"max-video-preview:-1"},"canonical":"https:\/\/www.eldiario.net\/portal\/2026\/09\/03\/nueva-york-prohibira-de-forma-temporal-uso-de-ia-para-alumnos\/","og_locale":"es_ES","og_type":"article","og_title":"Nueva York prohibir\u00e1 de forma temporal uso de IA para alumnos - El Diario - Bolivia","og_description":"Las escuelas p\u00fablicas de la ciudad de Nueva York prohibir\u00e1n temporalmente que los estudiantes de primaria y secundaria usen herramientas de inteligencia artificial durante el pr\u00f3ximo a\u00f1o escolar. La moratoria de un a\u00f1o, parte de una evaluaci\u00f3n m\u00e1s amplia sobre c\u00f3mo los ni\u00f1os del mayor sistema escolar del pa\u00eds interact\u00faan con la tecnolog\u00eda, se aplicar\u00e1 [&hellip;]","og_url":"https:\/\/www.eldiario.net\/portal\/2026\/09\/03\/nueva-york-prohibira-de-forma-temporal-uso-de-ia-para-alumnos\/","og_site_name":"El Diario - Bolivia","article_publisher":"https:\/\/www.facebook.com\/eldiario.bolivia\/","article_published_time":"2026-09-03T09:49:34+00:00","og_image":[{"width":1250,"height":833,"url":"https:\/\/www.eldiario.net\/portal\/wp-content\/uploads\/2026\/09\/INTELIGENCIA-AP.webp","type":"image\/webp"}],"author":"Jeanette","twitter_card":"summary_large_image","twitter_creator":"@eldiario_net","twitter_site":"@eldiario_net","twitter_misc":{"Escrito por":"Jeanette","Tiempo de lectura":"3 minutos"},"schema":{"@context":"https:\/\/schema.org","@graph":[{"@type":"Article","@id":"https:\/\/www.eldiario.net\/portal\/2026\/09\/03\/nueva-york-prohibira-de-forma-temporal-uso-de-ia-para-alumnos\/#article","isPartOf":{"@id":"https:\/\/www.eldiario.net\/portal\/2026\/09\/03\/nueva-york-prohibira-de-forma-temporal-uso-de-ia-para-alumnos\/"},"author":{"name":"Jeanette","@id":"https:\/\/www.eldiario.net\/portal\/#\/schema\/person\/f46445640444750d7d753ccd04ae01b7"},"headline":"Nueva York prohibir\u00e1 de forma temporal uso de IA para alumnos","datePublished":"2026-09-03T09:49:34+00:00","mainEntityOfPage":{"@id":"https:\/\/www.eldiario.net\/portal\/2026\/09\/03\/nueva-york-prohibira-de-forma-temporal-uso-de-ia-para-alumnos\/"},"wordCount":631,"publisher":{"@id":"https:\/\/www.eldiario.net\/portal\/#organization"},"image":{"@id":"https:\/\/www.eldiario.net\/portal\/2026\/09\/03\/nueva-york-prohibira-de-forma-temporal-uso-de-ia-para-alumnos\/#primaryimage"},"thumbnailUrl":"https:\/\/www.eldiario.net\/portal\/wp-content\/uploads\/2026\/09\/INTELIGENCIA-AP.webp","articleSection":["Internacional"],"inLanguage":"es"},{"@type":"WebPage","@id":"https:\/\/www.eldiario.net\/portal\/2026\/09\/03\/nueva-york-prohibira-de-forma-temporal-uso-de-ia-para-alumnos\/","url":"https:\/\/www.eldiario.net\/portal\/2026\/09\/03\/nueva-york-prohibira-de-forma-temporal-uso-de-ia-para-alumnos\/","name":"Nueva York prohibir\u00e1 de forma temporal uso de IA para alumnos - El Diario - Bolivia","isPartOf":{"@id":"https:\/\/www.eldiario.net\/portal\/#website"},"primaryImageOfPage":{"@id":"https:\/\/www.eldiario.net\/portal\/2026\/09\/03\/nueva-york-prohibira-de-forma-temporal-uso-de-ia-para-alumnos\/#primaryimage"},"image":{"@id":"https:\/\/www.eldiario.net\/portal\/2026\/09\/03\/nueva-york-prohibira-de-forma-temporal-uso-de-ia-para-alumnos\/#primaryimage"},"thumbnailUrl":"https:\/\/www.eldiario.net\/portal\/wp-content\/uploads\/2026\/09\/INTELIGENCIA-AP.webp","datePublished":"2026-09-03T09:49:34+00:00","breadcrumb":{"@id":"https:\/\/www.eldiario.net\/portal\/2026\/09\/03\/nueva-york-prohibira-de-forma-temporal-uso-de-ia-para-alumnos\/#breadcrumb"},"inLanguage":"es","potentialAction":[{"@type":"ReadAction","target":["https:\/\/www.eldiario.net\/portal\/2026\/09\/03\/nueva-york-prohibira-de-forma-temporal-uso-de-ia-para-alumnos\/"]}]},{"@type":"ImageObject","inLanguage":"es","@id":"https:\/\/www.eldiario.net\/portal\/2026\/09\/03\/nueva-york-prohibira-de-forma-temporal-uso-de-ia-para-alumnos\/#primaryimage","url":"https:\/\/www.eldiario.net\/portal\/wp-content\/uploads\/2026\/09\/INTELIGENCIA-AP.webp","contentUrl":"https:\/\/www.eldiario.net\/portal\/wp-content\/uploads\/2026\/09\/INTELIGENCIA-AP.webp","width":1250,"height":833,"caption":"El alcalde de Nueva York, Zohran Mamdani. CREDITO: AP"},{"@type":"BreadcrumbList","@id":"https:\/\/www.eldiario.net\/portal\/2026\/09\/03\/nueva-york-prohibira-de-forma-temporal-uso-de-ia-para-alumnos\/#breadcrumb","itemListElement":[{"@type":"ListItem","position":1,"name":"Portada","item":"https:\/\/www.eldiario.net\/portal\/"},{"@type":"ListItem","position":2,"name":"Nueva York prohibir\u00e1 de forma temporal uso de IA para alumnos"}]},{"@type":"WebSite","@id":"https:\/\/www.eldiario.net\/portal\/#website","url":"https:\/\/www.eldiario.net\/portal\/","name":"El Diario - Decano de la prensa nacional","description":"El Diario - Decano de la prensa nacional","publisher":{"@id":"https:\/\/www.eldiario.net\/portal\/#organization"},"potentialAction":[{"@type":"SearchAction","target":{"@type":"EntryPoint","urlTemplate":"https:\/\/www.eldiario.net\/portal\/?s={search_term_string}"},"query-input":{"@type":"PropertyValueSpecification","valueRequired":true,"valueName":"search_term_string"}}],"inLanguage":"es"},{"@type":"Organization","@id":"https:\/\/www.eldiario.net\/portal\/#organization","name":"El Diario - Decano de la prensa nacional","url":"https:\/\/www.eldiario.net\/portal\/","logo":{"@type":"ImageObject","inLanguage":"es","@id":"https:\/\/www.eldiario.net\/portal\/#\/schema\/logo\/image\/","url":"https:\/\/www.eldiario.net\/portal\/wp-content\/uploads\/2023\/07\/logo_ED.jpg","contentUrl":"https:\/\/www.eldiario.net\/portal\/wp-content\/uploads\/2023\/07\/logo_ED.jpg","width":272,"height":52,"caption":"El Diario - Decano de la prensa nacional"},"image":{"@id":"https:\/\/www.eldiario.net\/portal\/#\/schema\/logo\/image\/"},"sameAs":["https:\/\/www.facebook.com\/eldiario.bolivia\/","https:\/\/x.com\/eldiario_net"]},{"@type":"Person","@id":"https:\/\/www.eldiario.net\/portal\/#\/schema\/person\/f46445640444750d7d753ccd04ae01b7","name":"Jeanette","image":{"@type":"ImageObject","inLanguage":"es","@id":"https:\/\/secure.gravatar.com\/avatar\/3ea2118a5f7dad2b7138b1187a6b7ee55f160b9968b66013c3a3ef39dd7e5798?s=96&d=mm&r=g","url":"https:\/\/secure.gravatar.com\/avatar\/3ea2118a5f7dad2b7138b1187a6b7ee55f160b9968b66013c3a3ef39dd7e5798?s=96&d=mm&r=g","contentUrl":"https:\/\/secure.gravatar.com\/avatar\/3ea2118a5f7dad2b7138b1187a6b7ee55f160b9968b66013c3a3ef39dd7e5798?s=96&d=mm&r=g","caption":"Jeanette"},"sameAs":["https:\/\/www.eldiario.net\/portal"],"url":"https:\/\/www.eldiario.net\/portal\/author\/jeanette\/"}]}},"_links":{"self":[{"href":"https:\/\/www.eldiario.net\/portal\/wp-json\/wp\/v2\/posts\/427221","targetHints":{"allow":["GET"]}}],"collection":[{"href":"https:\/\/www.eldiario.net\/portal\/wp-json\/wp\/v2\/posts"}],"about":[{"href":"https:\/\/www.eldiario.net\/portal\/wp-json\/wp\/v2\/types\/post"}],"author":[{"embeddable":true,"href":"https:\/\/www.eldiario.net\/portal\/wp-json\/wp\/v2\/users\/1"}],"replies":[{"embeddable":true,"href":"https:\/\/www.eldiario.net\/portal\/wp-json\/wp\/v2\/comments?post=427221"}],"version-history":[{"count":1,"href":"https:\/\/www.eldiario.net\/portal\/wp-json\/wp\/v2\/posts\/427221\/revisions"}],"predecessor-version":[{"id":427223,"href":"https:\/\/www.eldiario.net\/portal\/wp-json\/wp\/v2\/posts\/427221\/revisions\/427223"}],"wp:featuredmedia":[{"embeddable":true,"href":"https:\/\/www.eldiario.net\/portal\/wp-json\/wp\/v2\/media\/427222"}],"wp:attachment":[{"href":"https:\/\/www.eldiario.net\/portal\/wp-json\/wp\/v2\/media?parent=427221"}],"wp:term":[{"taxonomy":"category","embeddable":true,"href":"https:\/\/www.eldiario.net\/portal\/wp-json\/wp\/v2\/categories?post=427221"},{"taxonomy":"post_tag","embeddable":true,"href":"https:\/\/www.eldiario.net\/portal\/wp-json\/wp\/v2\/tags?post=427221"}],"curies":[{"name":"wp","href":"https:\/\/api.w.org\/{rel}","templated":true}]}}