{"id":427215,"date":"2026-09-03T05:47:53","date_gmt":"2026-09-03T09:47:53","guid":{"rendered":"https:\/\/www.eldiario.net\/portal\/?p=427215"},"modified":"2026-09-03T05:47:53","modified_gmt":"2026-09-03T09:47:53","slug":"reforman-constitucion-para-impedir-que-oposicion-participe-en-elecciones","status":"publish","type":"post","link":"https:\/\/www.eldiario.net\/portal\/2026\/09\/03\/reforman-constitucion-para-impedir-que-oposicion-participe-en-elecciones\/","title":{"rendered":"Reforman Constituci\u00f3n para impedir  que oposici\u00f3n participe en elecciones"},"content":{"rendered":"<p class=\"v1MsoNormal\">El Parlamento nicarag\u00fcense volvi\u00f3 a reformar la Constituci\u00f3n para impedir que los opositores se presenten a elecciones, un movimiento que supone una vuelta de tuerca m\u00e1s al control pr\u00e1cticamente absoluto que ejerce el gobierno de Daniel Ortega.<\/p>\n<p class=\"v1MsoNormal\">La reforma, sin embargo, no anula los comicios, como hab\u00eda pedido recientemente Ortega en unas declaraciones que alarmaron al mundo.<\/p>\n<p class=\"v1MsoNormal\">Seg\u00fan explic\u00f3 el diario oficialista \u00abEl 19 Digital\u00bb, la reforma a la carta magna aprobada por la Asamblea a \u00faltima hora del martes establece que no podr\u00e1n ser candidatos a cargos de elecci\u00f3n popular ni ocupar cargos p\u00fablicos los \u00abgolpistas\u00bb y \u00abtraidores a la patria\u00bb. Adem\u00e1s, alarga el mandato presidencial y de otros cargos populares de seis a siete a\u00f1os.<\/p>\n<p class=\"v1MsoNormal\">Tambi\u00e9n contempla que las leyes extranjeras no tendr\u00e1n efecto jur\u00eddico en Nicaragua.<\/p>\n<p class=\"v1MsoNormal\">Los cambios tienen lugar poco despu\u00e9s de que la Organizaci\u00f3n de los Estados Americanos (OEA) aprobara en agosto la celebraci\u00f3n de una reuni\u00f3n extraordinaria de cancilleres ante los llamamientos de Estados Unidos a actuar con firmeza despu\u00e9s de las declaraciones de Ortega de querer eliminar las elecciones.<\/p>\n<p class=\"v1MsoNormal\">Ayer, el secretario de Estado estadounidense Marco Rubio se\u00f1al\u00f3 en un comunicado que la reforma \u00absocav\u00f3 la farsa de la democracia en Nicaragua al modificar una vez m\u00e1s la Constituci\u00f3n del pa\u00eds para afianzar su dinast\u00eda ileg\u00edtima y privar indefinidamente a los nicarag\u00fcenses de unas elecciones libres y justas\u00bb.<\/p>\n<p class=\"v1MsoNormal\">Rubio inst\u00f3 a sus socios internacionales a romper las relaciones econ\u00f3micas con el pa\u00eds centroamericano porque \u00ablas dictaduras que niegan los derechos inalienables de sus ciudadanos no deber\u00edan disfrutar de los mismos beneficios econ\u00f3micos ni pol\u00edticos\u00bb que el resto de los Estados.<\/p>\n<p class=\"v1MsoNormal\">Desde la violenta represi\u00f3n gubernamental de las protestas de 2018 el gobierno nicarag\u00fcense ha reescrito la Constituci\u00f3n restringiendo cada vez m\u00e1s las libertades hasta anular la divisi\u00f3n de poderes y oficializar el paramilitarismo y la represi\u00f3n, seg\u00fan denunci\u00f3 en varias ocasiones la Organizaci\u00f3n de las Naciones Unidas (ONU).<\/p>\n<p class=\"v1MsoNormal\">Las autoridades encarcelaron a pol\u00edticos contrarios a sus ideas y l\u00edderes religiosos y clausuraron organizaciones de la sociedad civil mientras miles de personas huyeron del pa\u00eds en busca de asilo, algunos incluso despojados de su nacionalidad.<\/p>\n<p class=\"v1MsoNormal\">En julio el octogenario mandatario, que cogobierna junto a su esposa Rosario Murillo, caus\u00f3 un esc\u00e1ndalo cuando habl\u00f3 sin tapujos sobre la supresi\u00f3n de los comicios en el pa\u00eds.<\/p>\n<p class=\"v1MsoNormal\">\u00abAqu\u00ed no volver\u00e1 a haber elecciones&#8230; Jam\u00e1s, jam\u00e1s, jam\u00e1s\u00bb, sostuvo durante el aniversario de la Revoluci\u00f3n Sandinista que derroc\u00f3 a la dictadura de Anastasio Somoza en 1979 y lo llev\u00f3 por primera vez al poder. Ortega regres\u00f3 a la presidencia en 2007.<\/p>\n<p class=\"v1MsoNormal\">Durante ese evento agreg\u00f3 que \u00abaqu\u00ed se acab\u00f3 la historia de que los partidos puestos por los yanquis, puestos por los somocistas, volver\u00e1n a llegar al gobierno\u00bb.(Independent)<\/p>\n<p class=\"v1MsoNormal\">\n","protected":false},"excerpt":{"rendered":"<p>El Parlamento nicarag\u00fcense volvi\u00f3 a reformar la Constituci\u00f3n para impedir que los opositores se presenten a elecciones, un movimiento que supone una vuelta de tuerca m\u00e1s al control pr\u00e1cticamente absoluto que ejerce el gobierno de Daniel Ortega. La reforma, sin embargo, no anula los comicios, como hab\u00eda pedido recientemente Ortega en unas declaraciones que alarmaron [&hellip;]<\/p>\n","protected":false},"author":1,"featured_media":427216,"comment_status":"closed","ping_status":"open","sticky":false,"template":"","format":"standard","meta":{"_acf_changed":false,"footnotes":""},"categories":[3],"tags":[],"class_list":["post-427215","post","type-post","status-publish","format-standard","has-post-thumbnail","category-internacional"],"acf":{"antetitulo":"Nicaragua"},"yoast_head":"<!-- This site is optimized with the Yoast SEO plugin v28.4 - https:\/\/yoast.com\/product\/yoast-seo-wordpress\/ -->\n<title>Reforman Constituci\u00f3n para impedir que oposici\u00f3n participe en elecciones - El Diario - Bolivia<\/title>\n<meta name=\"robots\" content=\"index, follow, max-snippet:-1, max-image-preview:large, max-video-preview:-1\" \/>\n<link rel=\"canonical\" href=\"https:\/\/www.eldiario.net\/portal\/2026\/09\/03\/reforman-constitucion-para-impedir-que-oposicion-participe-en-elecciones\/\" \/>\n<meta property=\"og:locale\" content=\"es_ES\" \/>\n<meta property=\"og:type\" content=\"article\" \/>\n<meta property=\"og:title\" content=\"Reforman Constituci\u00f3n para impedir que oposici\u00f3n participe en elecciones - El Diario - Bolivia\" \/>\n<meta property=\"og:description\" content=\"El Parlamento nicarag\u00fcense volvi\u00f3 a reformar la Constituci\u00f3n para impedir que los opositores se presenten a elecciones, un movimiento que supone una vuelta de tuerca m\u00e1s al control pr\u00e1cticamente absoluto que ejerce el gobierno de Daniel Ortega. La reforma, sin embargo, no anula los comicios, como hab\u00eda pedido recientemente Ortega en unas declaraciones que alarmaron [&hellip;]\" \/>\n<meta property=\"og:url\" content=\"https:\/\/www.eldiario.net\/portal\/2026\/09\/03\/reforman-constitucion-para-impedir-que-oposicion-participe-en-elecciones\/\" \/>\n<meta property=\"og:site_name\" content=\"El Diario - Bolivia\" \/>\n<meta property=\"article:publisher\" content=\"https:\/\/www.facebook.com\/eldiario.bolivia\/\" \/>\n<meta property=\"article:published_time\" content=\"2026-09-03T09:47:53+00:00\" \/>\n<meta property=\"og:image\" content=\"https:\/\/www.eldiario.net\/portal\/wp-content\/uploads\/2026\/09\/NICARAGUA-AP1.webp\" \/>\n\t<meta property=\"og:image:width\" content=\"1250\" \/>\n\t<meta property=\"og:image:height\" content=\"833\" \/>\n\t<meta property=\"og:image:type\" content=\"image\/webp\" \/>\n<meta name=\"author\" content=\"Jeanette\" \/>\n<meta name=\"twitter:card\" content=\"summary_large_image\" \/>\n<meta name=\"twitter:creator\" content=\"@eldiario_net\" \/>\n<meta name=\"twitter:site\" content=\"@eldiario_net\" \/>\n<meta name=\"twitter:label1\" content=\"Escrito por\" \/>\n\t<meta name=\"twitter:data1\" content=\"Jeanette\" \/>\n\t<meta name=\"twitter:label2\" content=\"Tiempo de lectura\" \/>\n\t<meta name=\"twitter:data2\" content=\"3 minutos\" \/>\n<script type=\"application\/ld+json\" class=\"yoast-schema-graph\">{\"@context\":\"https:\\\/\\\/schema.org\",\"@graph\":[{\"@type\":\"Article\",\"@id\":\"https:\\\/\\\/www.eldiario.net\\\/portal\\\/2026\\\/09\\\/03\\\/reforman-constitucion-para-impedir-que-oposicion-participe-en-elecciones\\\/#article\",\"isPartOf\":{\"@id\":\"https:\\\/\\\/www.eldiario.net\\\/portal\\\/2026\\\/09\\\/03\\\/reforman-constitucion-para-impedir-que-oposicion-participe-en-elecciones\\\/\"},\"author\":{\"name\":\"Jeanette\",\"@id\":\"https:\\\/\\\/www.eldiario.net\\\/portal\\\/#\\\/schema\\\/person\\\/f46445640444750d7d753ccd04ae01b7\"},\"headline\":\"Reforman Constituci\u00f3n para impedir que oposici\u00f3n participe en elecciones\",\"datePublished\":\"2026-09-03T09:47:53+00:00\",\"mainEntityOfPage\":{\"@id\":\"https:\\\/\\\/www.eldiario.net\\\/portal\\\/2026\\\/09\\\/03\\\/reforman-constitucion-para-impedir-que-oposicion-participe-en-elecciones\\\/\"},\"wordCount\":507,\"publisher\":{\"@id\":\"https:\\\/\\\/www.eldiario.net\\\/portal\\\/#organization\"},\"image\":{\"@id\":\"https:\\\/\\\/www.eldiario.net\\\/portal\\\/2026\\\/09\\\/03\\\/reforman-constitucion-para-impedir-que-oposicion-participe-en-elecciones\\\/#primaryimage\"},\"thumbnailUrl\":\"https:\\\/\\\/www.eldiario.net\\\/portal\\\/wp-content\\\/uploads\\\/2026\\\/09\\\/NICARAGUA-AP1.webp\",\"articleSection\":[\"Internacional\"],\"inLanguage\":\"es\"},{\"@type\":\"WebPage\",\"@id\":\"https:\\\/\\\/www.eldiario.net\\\/portal\\\/2026\\\/09\\\/03\\\/reforman-constitucion-para-impedir-que-oposicion-participe-en-elecciones\\\/\",\"url\":\"https:\\\/\\\/www.eldiario.net\\\/portal\\\/2026\\\/09\\\/03\\\/reforman-constitucion-para-impedir-que-oposicion-participe-en-elecciones\\\/\",\"name\":\"Reforman Constituci\u00f3n para impedir que oposici\u00f3n participe en elecciones - El Diario - Bolivia\",\"isPartOf\":{\"@id\":\"https:\\\/\\\/www.eldiario.net\\\/portal\\\/#website\"},\"primaryImageOfPage\":{\"@id\":\"https:\\\/\\\/www.eldiario.net\\\/portal\\\/2026\\\/09\\\/03\\\/reforman-constitucion-para-impedir-que-oposicion-participe-en-elecciones\\\/#primaryimage\"},\"image\":{\"@id\":\"https:\\\/\\\/www.eldiario.net\\\/portal\\\/2026\\\/09\\\/03\\\/reforman-constitucion-para-impedir-que-oposicion-participe-en-elecciones\\\/#primaryimage\"},\"thumbnailUrl\":\"https:\\\/\\\/www.eldiario.net\\\/portal\\\/wp-content\\\/uploads\\\/2026\\\/09\\\/NICARAGUA-AP1.webp\",\"datePublished\":\"2026-09-03T09:47:53+00:00\",\"breadcrumb\":{\"@id\":\"https:\\\/\\\/www.eldiario.net\\\/portal\\\/2026\\\/09\\\/03\\\/reforman-constitucion-para-impedir-que-oposicion-participe-en-elecciones\\\/#breadcrumb\"},\"inLanguage\":\"es\",\"potentialAction\":[{\"@type\":\"ReadAction\",\"target\":[\"https:\\\/\\\/www.eldiario.net\\\/portal\\\/2026\\\/09\\\/03\\\/reforman-constitucion-para-impedir-que-oposicion-participe-en-elecciones\\\/\"]}]},{\"@type\":\"ImageObject\",\"inLanguage\":\"es\",\"@id\":\"https:\\\/\\\/www.eldiario.net\\\/portal\\\/2026\\\/09\\\/03\\\/reforman-constitucion-para-impedir-que-oposicion-participe-en-elecciones\\\/#primaryimage\",\"url\":\"https:\\\/\\\/www.eldiario.net\\\/portal\\\/wp-content\\\/uploads\\\/2026\\\/09\\\/NICARAGUA-AP1.webp\",\"contentUrl\":\"https:\\\/\\\/www.eldiario.net\\\/portal\\\/wp-content\\\/uploads\\\/2026\\\/09\\\/NICARAGUA-AP1.webp\",\"width\":1250,\"height\":833,\"caption\":\"Los copresidentes de Nicaragua, Rosario Murillo y Daniel Ortega. CREDITO: AP\"},{\"@type\":\"BreadcrumbList\",\"@id\":\"https:\\\/\\\/www.eldiario.net\\\/portal\\\/2026\\\/09\\\/03\\\/reforman-constitucion-para-impedir-que-oposicion-participe-en-elecciones\\\/#breadcrumb\",\"itemListElement\":[{\"@type\":\"ListItem\",\"position\":1,\"name\":\"Portada\",\"item\":\"https:\\\/\\\/www.eldiario.net\\\/portal\\\/\"},{\"@type\":\"ListItem\",\"position\":2,\"name\":\"Reforman Constituci\u00f3n para impedir que oposici\u00f3n participe en elecciones\"}]},{\"@type\":\"WebSite\",\"@id\":\"https:\\\/\\\/www.eldiario.net\\\/portal\\\/#website\",\"url\":\"https:\\\/\\\/www.eldiario.net\\\/portal\\\/\",\"name\":\"El Diario - Decano de la prensa nacional\",\"description\":\"El Diario - Decano de la prensa nacional\",\"publisher\":{\"@id\":\"https:\\\/\\\/www.eldiario.net\\\/portal\\\/#organization\"},\"potentialAction\":[{\"@type\":\"SearchAction\",\"target\":{\"@type\":\"EntryPoint\",\"urlTemplate\":\"https:\\\/\\\/www.eldiario.net\\\/portal\\\/?s={search_term_string}\"},\"query-input\":{\"@type\":\"PropertyValueSpecification\",\"valueRequired\":true,\"valueName\":\"search_term_string\"}}],\"inLanguage\":\"es\"},{\"@type\":\"Organization\",\"@id\":\"https:\\\/\\\/www.eldiario.net\\\/portal\\\/#organization\",\"name\":\"El Diario - Decano de la prensa nacional\",\"url\":\"https:\\\/\\\/www.eldiario.net\\\/portal\\\/\",\"logo\":{\"@type\":\"ImageObject\",\"inLanguage\":\"es\",\"@id\":\"https:\\\/\\\/www.eldiario.net\\\/portal\\\/#\\\/schema\\\/logo\\\/image\\\/\",\"url\":\"https:\\\/\\\/www.eldiario.net\\\/portal\\\/wp-content\\\/uploads\\\/2023\\\/07\\\/logo_ED.jpg\",\"contentUrl\":\"https:\\\/\\\/www.eldiario.net\\\/portal\\\/wp-content\\\/uploads\\\/2023\\\/07\\\/logo_ED.jpg\",\"width\":272,\"height\":52,\"caption\":\"El Diario - Decano de la prensa nacional\"},\"image\":{\"@id\":\"https:\\\/\\\/www.eldiario.net\\\/portal\\\/#\\\/schema\\\/logo\\\/image\\\/\"},\"sameAs\":[\"https:\\\/\\\/www.facebook.com\\\/eldiario.bolivia\\\/\",\"https:\\\/\\\/x.com\\\/eldiario_net\"]},{\"@type\":\"Person\",\"@id\":\"https:\\\/\\\/www.eldiario.net\\\/portal\\\/#\\\/schema\\\/person\\\/f46445640444750d7d753ccd04ae01b7\",\"name\":\"Jeanette\",\"image\":{\"@type\":\"ImageObject\",\"inLanguage\":\"es\",\"@id\":\"https:\\\/\\\/secure.gravatar.com\\\/avatar\\\/3ea2118a5f7dad2b7138b1187a6b7ee55f160b9968b66013c3a3ef39dd7e5798?s=96&d=mm&r=g\",\"url\":\"https:\\\/\\\/secure.gravatar.com\\\/avatar\\\/3ea2118a5f7dad2b7138b1187a6b7ee55f160b9968b66013c3a3ef39dd7e5798?s=96&d=mm&r=g\",\"contentUrl\":\"https:\\\/\\\/secure.gravatar.com\\\/avatar\\\/3ea2118a5f7dad2b7138b1187a6b7ee55f160b9968b66013c3a3ef39dd7e5798?s=96&d=mm&r=g\",\"caption\":\"Jeanette\"},\"sameAs\":[\"https:\\\/\\\/www.eldiario.net\\\/portal\"],\"url\":\"https:\\\/\\\/www.eldiario.net\\\/portal\\\/author\\\/jeanette\\\/\"}]}<\/script>\n<!-- \/ Yoast SEO plugin. -->","yoast_head_json":{"title":"Reforman Constituci\u00f3n para impedir que oposici\u00f3n participe en elecciones - El Diario - Bolivia","robots":{"index":"index","follow":"follow","max-snippet":"max-snippet:-1","max-image-preview":"max-image-preview:large","max-video-preview":"max-video-preview:-1"},"canonical":"https:\/\/www.eldiario.net\/portal\/2026\/09\/03\/reforman-constitucion-para-impedir-que-oposicion-participe-en-elecciones\/","og_locale":"es_ES","og_type":"article","og_title":"Reforman Constituci\u00f3n para impedir que oposici\u00f3n participe en elecciones - El Diario - Bolivia","og_description":"El Parlamento nicarag\u00fcense volvi\u00f3 a reformar la Constituci\u00f3n para impedir que los opositores se presenten a elecciones, un movimiento que supone una vuelta de tuerca m\u00e1s al control pr\u00e1cticamente absoluto que ejerce el gobierno de Daniel Ortega. La reforma, sin embargo, no anula los comicios, como hab\u00eda pedido recientemente Ortega en unas declaraciones que alarmaron [&hellip;]","og_url":"https:\/\/www.eldiario.net\/portal\/2026\/09\/03\/reforman-constitucion-para-impedir-que-oposicion-participe-en-elecciones\/","og_site_name":"El Diario - Bolivia","article_publisher":"https:\/\/www.facebook.com\/eldiario.bolivia\/","article_published_time":"2026-09-03T09:47:53+00:00","og_image":[{"width":1250,"height":833,"url":"https:\/\/www.eldiario.net\/portal\/wp-content\/uploads\/2026\/09\/NICARAGUA-AP1.webp","type":"image\/webp"}],"author":"Jeanette","twitter_card":"summary_large_image","twitter_creator":"@eldiario_net","twitter_site":"@eldiario_net","twitter_misc":{"Escrito por":"Jeanette","Tiempo de lectura":"3 minutos"},"schema":{"@context":"https:\/\/schema.org","@graph":[{"@type":"Article","@id":"https:\/\/www.eldiario.net\/portal\/2026\/09\/03\/reforman-constitucion-para-impedir-que-oposicion-participe-en-elecciones\/#article","isPartOf":{"@id":"https:\/\/www.eldiario.net\/portal\/2026\/09\/03\/reforman-constitucion-para-impedir-que-oposicion-participe-en-elecciones\/"},"author":{"name":"Jeanette","@id":"https:\/\/www.eldiario.net\/portal\/#\/schema\/person\/f46445640444750d7d753ccd04ae01b7"},"headline":"Reforman Constituci\u00f3n para impedir que oposici\u00f3n participe en elecciones","datePublished":"2026-09-03T09:47:53+00:00","mainEntityOfPage":{"@id":"https:\/\/www.eldiario.net\/portal\/2026\/09\/03\/reforman-constitucion-para-impedir-que-oposicion-participe-en-elecciones\/"},"wordCount":507,"publisher":{"@id":"https:\/\/www.eldiario.net\/portal\/#organization"},"image":{"@id":"https:\/\/www.eldiario.net\/portal\/2026\/09\/03\/reforman-constitucion-para-impedir-que-oposicion-participe-en-elecciones\/#primaryimage"},"thumbnailUrl":"https:\/\/www.eldiario.net\/portal\/wp-content\/uploads\/2026\/09\/NICARAGUA-AP1.webp","articleSection":["Internacional"],"inLanguage":"es"},{"@type":"WebPage","@id":"https:\/\/www.eldiario.net\/portal\/2026\/09\/03\/reforman-constitucion-para-impedir-que-oposicion-participe-en-elecciones\/","url":"https:\/\/www.eldiario.net\/portal\/2026\/09\/03\/reforman-constitucion-para-impedir-que-oposicion-participe-en-elecciones\/","name":"Reforman Constituci\u00f3n para impedir que oposici\u00f3n participe en elecciones - El Diario - Bolivia","isPartOf":{"@id":"https:\/\/www.eldiario.net\/portal\/#website"},"primaryImageOfPage":{"@id":"https:\/\/www.eldiario.net\/portal\/2026\/09\/03\/reforman-constitucion-para-impedir-que-oposicion-participe-en-elecciones\/#primaryimage"},"image":{"@id":"https:\/\/www.eldiario.net\/portal\/2026\/09\/03\/reforman-constitucion-para-impedir-que-oposicion-participe-en-elecciones\/#primaryimage"},"thumbnailUrl":"https:\/\/www.eldiario.net\/portal\/wp-content\/uploads\/2026\/09\/NICARAGUA-AP1.webp","datePublished":"2026-09-03T09:47:53+00:00","breadcrumb":{"@id":"https:\/\/www.eldiario.net\/portal\/2026\/09\/03\/reforman-constitucion-para-impedir-que-oposicion-participe-en-elecciones\/#breadcrumb"},"inLanguage":"es","potentialAction":[{"@type":"ReadAction","target":["https:\/\/www.eldiario.net\/portal\/2026\/09\/03\/reforman-constitucion-para-impedir-que-oposicion-participe-en-elecciones\/"]}]},{"@type":"ImageObject","inLanguage":"es","@id":"https:\/\/www.eldiario.net\/portal\/2026\/09\/03\/reforman-constitucion-para-impedir-que-oposicion-participe-en-elecciones\/#primaryimage","url":"https:\/\/www.eldiario.net\/portal\/wp-content\/uploads\/2026\/09\/NICARAGUA-AP1.webp","contentUrl":"https:\/\/www.eldiario.net\/portal\/wp-content\/uploads\/2026\/09\/NICARAGUA-AP1.webp","width":1250,"height":833,"caption":"Los copresidentes de Nicaragua, Rosario Murillo y Daniel Ortega. CREDITO: AP"},{"@type":"BreadcrumbList","@id":"https:\/\/www.eldiario.net\/portal\/2026\/09\/03\/reforman-constitucion-para-impedir-que-oposicion-participe-en-elecciones\/#breadcrumb","itemListElement":[{"@type":"ListItem","position":1,"name":"Portada","item":"https:\/\/www.eldiario.net\/portal\/"},{"@type":"ListItem","position":2,"name":"Reforman Constituci\u00f3n para impedir que oposici\u00f3n participe en elecciones"}]},{"@type":"WebSite","@id":"https:\/\/www.eldiario.net\/portal\/#website","url":"https:\/\/www.eldiario.net\/portal\/","name":"El Diario - Decano de la prensa nacional","description":"El Diario - Decano de la prensa nacional","publisher":{"@id":"https:\/\/www.eldiario.net\/portal\/#organization"},"potentialAction":[{"@type":"SearchAction","target":{"@type":"EntryPoint","urlTemplate":"https:\/\/www.eldiario.net\/portal\/?s={search_term_string}"},"query-input":{"@type":"PropertyValueSpecification","valueRequired":true,"valueName":"search_term_string"}}],"inLanguage":"es"},{"@type":"Organization","@id":"https:\/\/www.eldiario.net\/portal\/#organization","name":"El Diario - Decano de la prensa nacional","url":"https:\/\/www.eldiario.net\/portal\/","logo":{"@type":"ImageObject","inLanguage":"es","@id":"https:\/\/www.eldiario.net\/portal\/#\/schema\/logo\/image\/","url":"https:\/\/www.eldiario.net\/portal\/wp-content\/uploads\/2023\/07\/logo_ED.jpg","contentUrl":"https:\/\/www.eldiario.net\/portal\/wp-content\/uploads\/2023\/07\/logo_ED.jpg","width":272,"height":52,"caption":"El Diario - Decano de la prensa nacional"},"image":{"@id":"https:\/\/www.eldiario.net\/portal\/#\/schema\/logo\/image\/"},"sameAs":["https:\/\/www.facebook.com\/eldiario.bolivia\/","https:\/\/x.com\/eldiario_net"]},{"@type":"Person","@id":"https:\/\/www.eldiario.net\/portal\/#\/schema\/person\/f46445640444750d7d753ccd04ae01b7","name":"Jeanette","image":{"@type":"ImageObject","inLanguage":"es","@id":"https:\/\/secure.gravatar.com\/avatar\/3ea2118a5f7dad2b7138b1187a6b7ee55f160b9968b66013c3a3ef39dd7e5798?s=96&d=mm&r=g","url":"https:\/\/secure.gravatar.com\/avatar\/3ea2118a5f7dad2b7138b1187a6b7ee55f160b9968b66013c3a3ef39dd7e5798?s=96&d=mm&r=g","contentUrl":"https:\/\/secure.gravatar.com\/avatar\/3ea2118a5f7dad2b7138b1187a6b7ee55f160b9968b66013c3a3ef39dd7e5798?s=96&d=mm&r=g","caption":"Jeanette"},"sameAs":["https:\/\/www.eldiario.net\/portal"],"url":"https:\/\/www.eldiario.net\/portal\/author\/jeanette\/"}]}},"_links":{"self":[{"href":"https:\/\/www.eldiario.net\/portal\/wp-json\/wp\/v2\/posts\/427215","targetHints":{"allow":["GET"]}}],"collection":[{"href":"https:\/\/www.eldiario.net\/portal\/wp-json\/wp\/v2\/posts"}],"about":[{"href":"https:\/\/www.eldiario.net\/portal\/wp-json\/wp\/v2\/types\/post"}],"author":[{"embeddable":true,"href":"https:\/\/www.eldiario.net\/portal\/wp-json\/wp\/v2\/users\/1"}],"replies":[{"embeddable":true,"href":"https:\/\/www.eldiario.net\/portal\/wp-json\/wp\/v2\/comments?post=427215"}],"version-history":[{"count":1,"href":"https:\/\/www.eldiario.net\/portal\/wp-json\/wp\/v2\/posts\/427215\/revisions"}],"predecessor-version":[{"id":427217,"href":"https:\/\/www.eldiario.net\/portal\/wp-json\/wp\/v2\/posts\/427215\/revisions\/427217"}],"wp:featuredmedia":[{"embeddable":true,"href":"https:\/\/www.eldiario.net\/portal\/wp-json\/wp\/v2\/media\/427216"}],"wp:attachment":[{"href":"https:\/\/www.eldiario.net\/portal\/wp-json\/wp\/v2\/media?parent=427215"}],"wp:term":[{"taxonomy":"category","embeddable":true,"href":"https:\/\/www.eldiario.net\/portal\/wp-json\/wp\/v2\/categories?post=427215"},{"taxonomy":"post_tag","embeddable":true,"href":"https:\/\/www.eldiario.net\/portal\/wp-json\/wp\/v2\/tags?post=427215"}],"curies":[{"name":"wp","href":"https:\/\/api.w.org\/{rel}","templated":true}]}}