{"id":427206,"date":"2026-09-03T05:45:13","date_gmt":"2026-09-03T09:45:13","guid":{"rendered":"https:\/\/www.eldiario.net\/portal\/?p=427206"},"modified":"2026-09-03T05:45:13","modified_gmt":"2026-09-03T09:45:13","slug":"restos-de-michele-sensi-contugi-y-su-esposa-llegan-a-guayaquil","status":"publish","type":"post","link":"https:\/\/www.eldiario.net\/portal\/2026\/09\/03\/restos-de-michele-sensi-contugi-y-su-esposa-llegan-a-guayaquil\/","title":{"rendered":"Restos de Michele Sensi-Contugi  y su esposa llegan a Guayaquil"},"content":{"rendered":"<p class=\"v1MsoNormal\">Los restos mortales del ex director del Centro Nacional de Inteligencia (CNI), Michele Sensi-Contugi, y de su esposa, Stephany Hollihan, llegaron a la ciudad de Guayaquil ayer por pedido expreso de sus familiares para su sepultura.<\/p>\n<p class=\"v1MsoNormal\">El arribo al pa\u00eds antecede a las honras f\u00fanebres programadas para hoy, las cuales contar\u00e1n con honores de Estado por disposici\u00f3n directa del Presidente de la Rep\u00fablica, Daniel Noboa, tras el tr\u00e1gico accidente a\u00e9reo registrado el pasado 19 de agosto en Nairobi, Kenia.<\/p>\n<p class=\"v1MsoNormal\">\n<p class=\"v1MsoNormal\">FUNCIONARIO<\/p>\n<p class=\"v1MsoNormal\">La recepci\u00f3n de los cuerpos y la posterior sepultura se desarrollar\u00e1n bajo estrictas medidas de privacidad por decisi\u00f3n expresa de los familiares. Pese al car\u00e1cter reservado de la despedida, el Gobierno Nacional decret\u00f3 la realizaci\u00f3n de un funeral de Estado para rendir tributo a la trayectoria del ex funcionario.<\/p>\n<p class=\"v1MsoNormal\">Mediante decreto oficial, el primer mandatario orden\u00f3 al Ministerio de Relaciones Exteriores y Movilidad Humana, al Ministerio de Defensa Nacional y al Ministerio del Interior articular la log\u00edstica de los actos protocolares junto a los deudos, en cumplimiento con el Reglamento de Ceremonial P\u00fablico.<\/p>\n<p class=\"v1MsoNormal\">El siniestro en el que pereci\u00f3 la pareja ocurri\u00f3 durante la ma\u00f1ana del mi\u00e9rcoles 19 de agosto, aproximadamente a 250 kil\u00f3metros de la capital keniana.<\/p>\n<p class=\"v1MsoNormal\">\n<p class=\"v1MsoNormal\">EL ACCIDENTE<\/p>\n<p class=\"v1MsoNormal\">El helic\u00f3ptero en el que viajaban Sensi-Contugi, su c\u00f3nyuge y otras cinco personas se precipit\u00f3 a tierra mientras realizaban un recorrido de car\u00e1cter privado durante sus vacaciones, resultando en el deceso de todos los ocupantes de la aeronave.<\/p>\n<p class=\"v1MsoNormal\">Michele Sensi-Contugi fue una figura clave en la gesti\u00f3n gubernamental del presidente Daniel Noboa, formando parte de su c\u00edrculo de colaboradores m\u00e1s cercanos.<\/p>\n<p class=\"v1MsoNormal\">Su transici\u00f3n del sector empresarial al \u00e1mbito p\u00fablico se concret\u00f3 en enero de 2024, cuando asumi\u00f3 la conducci\u00f3n del antiguo Centro de Inteligencia Estrat\u00e9gica (CIES), instituci\u00f3n reestructurada posteriormente como Centro Nacional de Inteligencia.<\/p>\n<p class=\"v1MsoNormal\">\n<p class=\"v1MsoNormal\">LEALTAD Y VOCACI\u00d3N<\/p>\n<p class=\"v1MsoNormal\">Durante su paso por la administraci\u00f3n p\u00fablica ecuatoriana, desempe\u00f1\u00f3 roles estrat\u00e9gicos de alta responsabilidad. Represent\u00f3 al Ejecutivo como delegado presidencial ante los directorios de destacadas empresas p\u00fablicas, entre ellas la Flota Petrolera Ecuatoriana (Flopec), la Corporaci\u00f3n El\u00e9ctrica del Ecuador (Celec) y Petroecuador.<\/p>\n<p class=\"v1MsoNormal\">Adicionalmente, asumi\u00f3 de forma temporal la titularidad del Ministerio de Gobierno. A trav\u00e9s de comunicados oficiales, el Gobierno de Ecuador ratific\u00f3 su gratitud institucional hacia el exministro, destacando su lealtad, vocaci\u00f3n de servicio y aportes al fortalecimiento de la seguridad nacional y la gesti\u00f3n p\u00fablica durante su periodo de servicio.(El Diario Ecuador)<\/p>\n<p class=\"v1MsoNormal\">\n","protected":false},"excerpt":{"rendered":"<p>Los restos mortales del ex director del Centro Nacional de Inteligencia (CNI), Michele Sensi-Contugi, y de su esposa, Stephany Hollihan, llegaron a la ciudad de Guayaquil ayer por pedido expreso de sus familiares para su sepultura. El arribo al pa\u00eds antecede a las honras f\u00fanebres programadas para hoy, las cuales contar\u00e1n con honores de Estado [&hellip;]<\/p>\n","protected":false},"author":1,"featured_media":427207,"comment_status":"closed","ping_status":"open","sticky":false,"template":"","format":"standard","meta":{"_acf_changed":false,"footnotes":""},"categories":[3],"tags":[],"class_list":["post-427206","post","type-post","status-publish","format-standard","has-post-thumbnail","category-internacional"],"acf":{"antetitulo":"Ecuador"},"yoast_head":"<!-- This site is optimized with the Yoast SEO plugin v28.4 - https:\/\/yoast.com\/product\/yoast-seo-wordpress\/ -->\n<title>Restos de Michele Sensi-Contugi y su esposa llegan a Guayaquil - El Diario - Bolivia<\/title>\n<meta name=\"robots\" content=\"index, follow, max-snippet:-1, max-image-preview:large, max-video-preview:-1\" \/>\n<link rel=\"canonical\" href=\"https:\/\/www.eldiario.net\/portal\/2026\/09\/03\/restos-de-michele-sensi-contugi-y-su-esposa-llegan-a-guayaquil\/\" \/>\n<meta property=\"og:locale\" content=\"es_ES\" \/>\n<meta property=\"og:type\" content=\"article\" \/>\n<meta property=\"og:title\" content=\"Restos de Michele Sensi-Contugi y su esposa llegan a Guayaquil - El Diario - Bolivia\" \/>\n<meta property=\"og:description\" content=\"Los restos mortales del ex director del Centro Nacional de Inteligencia (CNI), Michele Sensi-Contugi, y de su esposa, Stephany Hollihan, llegaron a la ciudad de Guayaquil ayer por pedido expreso de sus familiares para su sepultura. El arribo al pa\u00eds antecede a las honras f\u00fanebres programadas para hoy, las cuales contar\u00e1n con honores de Estado [&hellip;]\" \/>\n<meta property=\"og:url\" content=\"https:\/\/www.eldiario.net\/portal\/2026\/09\/03\/restos-de-michele-sensi-contugi-y-su-esposa-llegan-a-guayaquil\/\" \/>\n<meta property=\"og:site_name\" content=\"El Diario - Bolivia\" \/>\n<meta property=\"article:publisher\" content=\"https:\/\/www.facebook.com\/eldiario.bolivia\/\" \/>\n<meta property=\"article:published_time\" content=\"2026-09-03T09:45:13+00:00\" \/>\n<meta property=\"og:image\" content=\"https:\/\/www.eldiario.net\/portal\/wp-content\/uploads\/2026\/09\/RESTOS-RRSS.webp\" \/>\n\t<meta property=\"og:image:width\" content=\"1200\" \/>\n\t<meta property=\"og:image:height\" content=\"800\" \/>\n\t<meta property=\"og:image:type\" content=\"image\/webp\" \/>\n<meta name=\"author\" content=\"Jeanette\" \/>\n<meta name=\"twitter:card\" content=\"summary_large_image\" \/>\n<meta name=\"twitter:creator\" content=\"@eldiario_net\" \/>\n<meta name=\"twitter:site\" content=\"@eldiario_net\" \/>\n<meta name=\"twitter:label1\" content=\"Escrito por\" \/>\n\t<meta name=\"twitter:data1\" content=\"Jeanette\" \/>\n\t<meta name=\"twitter:label2\" content=\"Tiempo de lectura\" \/>\n\t<meta name=\"twitter:data2\" content=\"2 minutos\" \/>\n<script type=\"application\/ld+json\" class=\"yoast-schema-graph\">{\"@context\":\"https:\\\/\\\/schema.org\",\"@graph\":[{\"@type\":\"Article\",\"@id\":\"https:\\\/\\\/www.eldiario.net\\\/portal\\\/2026\\\/09\\\/03\\\/restos-de-michele-sensi-contugi-y-su-esposa-llegan-a-guayaquil\\\/#article\",\"isPartOf\":{\"@id\":\"https:\\\/\\\/www.eldiario.net\\\/portal\\\/2026\\\/09\\\/03\\\/restos-de-michele-sensi-contugi-y-su-esposa-llegan-a-guayaquil\\\/\"},\"author\":{\"name\":\"Jeanette\",\"@id\":\"https:\\\/\\\/www.eldiario.net\\\/portal\\\/#\\\/schema\\\/person\\\/f46445640444750d7d753ccd04ae01b7\"},\"headline\":\"Restos de Michele Sensi-Contugi y su esposa llegan a Guayaquil\",\"datePublished\":\"2026-09-03T09:45:13+00:00\",\"mainEntityOfPage\":{\"@id\":\"https:\\\/\\\/www.eldiario.net\\\/portal\\\/2026\\\/09\\\/03\\\/restos-de-michele-sensi-contugi-y-su-esposa-llegan-a-guayaquil\\\/\"},\"wordCount\":437,\"publisher\":{\"@id\":\"https:\\\/\\\/www.eldiario.net\\\/portal\\\/#organization\"},\"image\":{\"@id\":\"https:\\\/\\\/www.eldiario.net\\\/portal\\\/2026\\\/09\\\/03\\\/restos-de-michele-sensi-contugi-y-su-esposa-llegan-a-guayaquil\\\/#primaryimage\"},\"thumbnailUrl\":\"https:\\\/\\\/www.eldiario.net\\\/portal\\\/wp-content\\\/uploads\\\/2026\\\/09\\\/RESTOS-RRSS.webp\",\"articleSection\":[\"Internacional\"],\"inLanguage\":\"es\"},{\"@type\":\"WebPage\",\"@id\":\"https:\\\/\\\/www.eldiario.net\\\/portal\\\/2026\\\/09\\\/03\\\/restos-de-michele-sensi-contugi-y-su-esposa-llegan-a-guayaquil\\\/\",\"url\":\"https:\\\/\\\/www.eldiario.net\\\/portal\\\/2026\\\/09\\\/03\\\/restos-de-michele-sensi-contugi-y-su-esposa-llegan-a-guayaquil\\\/\",\"name\":\"Restos de Michele Sensi-Contugi y su esposa llegan a Guayaquil - El Diario - Bolivia\",\"isPartOf\":{\"@id\":\"https:\\\/\\\/www.eldiario.net\\\/portal\\\/#website\"},\"primaryImageOfPage\":{\"@id\":\"https:\\\/\\\/www.eldiario.net\\\/portal\\\/2026\\\/09\\\/03\\\/restos-de-michele-sensi-contugi-y-su-esposa-llegan-a-guayaquil\\\/#primaryimage\"},\"image\":{\"@id\":\"https:\\\/\\\/www.eldiario.net\\\/portal\\\/2026\\\/09\\\/03\\\/restos-de-michele-sensi-contugi-y-su-esposa-llegan-a-guayaquil\\\/#primaryimage\"},\"thumbnailUrl\":\"https:\\\/\\\/www.eldiario.net\\\/portal\\\/wp-content\\\/uploads\\\/2026\\\/09\\\/RESTOS-RRSS.webp\",\"datePublished\":\"2026-09-03T09:45:13+00:00\",\"breadcrumb\":{\"@id\":\"https:\\\/\\\/www.eldiario.net\\\/portal\\\/2026\\\/09\\\/03\\\/restos-de-michele-sensi-contugi-y-su-esposa-llegan-a-guayaquil\\\/#breadcrumb\"},\"inLanguage\":\"es\",\"potentialAction\":[{\"@type\":\"ReadAction\",\"target\":[\"https:\\\/\\\/www.eldiario.net\\\/portal\\\/2026\\\/09\\\/03\\\/restos-de-michele-sensi-contugi-y-su-esposa-llegan-a-guayaquil\\\/\"]}]},{\"@type\":\"ImageObject\",\"inLanguage\":\"es\",\"@id\":\"https:\\\/\\\/www.eldiario.net\\\/portal\\\/2026\\\/09\\\/03\\\/restos-de-michele-sensi-contugi-y-su-esposa-llegan-a-guayaquil\\\/#primaryimage\",\"url\":\"https:\\\/\\\/www.eldiario.net\\\/portal\\\/wp-content\\\/uploads\\\/2026\\\/09\\\/RESTOS-RRSS.webp\",\"contentUrl\":\"https:\\\/\\\/www.eldiario.net\\\/portal\\\/wp-content\\\/uploads\\\/2026\\\/09\\\/RESTOS-RRSS.webp\",\"width\":1200,\"height\":800,\"caption\":\"Michele Sensi-Contugi, quien fue funcionario del Gobierno de Noboa junto a su esposa, Stephany Hollihan. CR\u00c9DITO: RRSS\"},{\"@type\":\"BreadcrumbList\",\"@id\":\"https:\\\/\\\/www.eldiario.net\\\/portal\\\/2026\\\/09\\\/03\\\/restos-de-michele-sensi-contugi-y-su-esposa-llegan-a-guayaquil\\\/#breadcrumb\",\"itemListElement\":[{\"@type\":\"ListItem\",\"position\":1,\"name\":\"Portada\",\"item\":\"https:\\\/\\\/www.eldiario.net\\\/portal\\\/\"},{\"@type\":\"ListItem\",\"position\":2,\"name\":\"Restos de Michele Sensi-Contugi y su esposa llegan a Guayaquil\"}]},{\"@type\":\"WebSite\",\"@id\":\"https:\\\/\\\/www.eldiario.net\\\/portal\\\/#website\",\"url\":\"https:\\\/\\\/www.eldiario.net\\\/portal\\\/\",\"name\":\"El Diario - Decano de la prensa nacional\",\"description\":\"El Diario - Decano de la prensa nacional\",\"publisher\":{\"@id\":\"https:\\\/\\\/www.eldiario.net\\\/portal\\\/#organization\"},\"potentialAction\":[{\"@type\":\"SearchAction\",\"target\":{\"@type\":\"EntryPoint\",\"urlTemplate\":\"https:\\\/\\\/www.eldiario.net\\\/portal\\\/?s={search_term_string}\"},\"query-input\":{\"@type\":\"PropertyValueSpecification\",\"valueRequired\":true,\"valueName\":\"search_term_string\"}}],\"inLanguage\":\"es\"},{\"@type\":\"Organization\",\"@id\":\"https:\\\/\\\/www.eldiario.net\\\/portal\\\/#organization\",\"name\":\"El Diario - Decano de la prensa nacional\",\"url\":\"https:\\\/\\\/www.eldiario.net\\\/portal\\\/\",\"logo\":{\"@type\":\"ImageObject\",\"inLanguage\":\"es\",\"@id\":\"https:\\\/\\\/www.eldiario.net\\\/portal\\\/#\\\/schema\\\/logo\\\/image\\\/\",\"url\":\"https:\\\/\\\/www.eldiario.net\\\/portal\\\/wp-content\\\/uploads\\\/2023\\\/07\\\/logo_ED.jpg\",\"contentUrl\":\"https:\\\/\\\/www.eldiario.net\\\/portal\\\/wp-content\\\/uploads\\\/2023\\\/07\\\/logo_ED.jpg\",\"width\":272,\"height\":52,\"caption\":\"El Diario - Decano de la prensa nacional\"},\"image\":{\"@id\":\"https:\\\/\\\/www.eldiario.net\\\/portal\\\/#\\\/schema\\\/logo\\\/image\\\/\"},\"sameAs\":[\"https:\\\/\\\/www.facebook.com\\\/eldiario.bolivia\\\/\",\"https:\\\/\\\/x.com\\\/eldiario_net\"]},{\"@type\":\"Person\",\"@id\":\"https:\\\/\\\/www.eldiario.net\\\/portal\\\/#\\\/schema\\\/person\\\/f46445640444750d7d753ccd04ae01b7\",\"name\":\"Jeanette\",\"image\":{\"@type\":\"ImageObject\",\"inLanguage\":\"es\",\"@id\":\"https:\\\/\\\/secure.gravatar.com\\\/avatar\\\/3ea2118a5f7dad2b7138b1187a6b7ee55f160b9968b66013c3a3ef39dd7e5798?s=96&d=mm&r=g\",\"url\":\"https:\\\/\\\/secure.gravatar.com\\\/avatar\\\/3ea2118a5f7dad2b7138b1187a6b7ee55f160b9968b66013c3a3ef39dd7e5798?s=96&d=mm&r=g\",\"contentUrl\":\"https:\\\/\\\/secure.gravatar.com\\\/avatar\\\/3ea2118a5f7dad2b7138b1187a6b7ee55f160b9968b66013c3a3ef39dd7e5798?s=96&d=mm&r=g\",\"caption\":\"Jeanette\"},\"sameAs\":[\"https:\\\/\\\/www.eldiario.net\\\/portal\"],\"url\":\"https:\\\/\\\/www.eldiario.net\\\/portal\\\/author\\\/jeanette\\\/\"}]}<\/script>\n<!-- \/ Yoast SEO plugin. -->","yoast_head_json":{"title":"Restos de Michele Sensi-Contugi y su esposa llegan a Guayaquil - El Diario - Bolivia","robots":{"index":"index","follow":"follow","max-snippet":"max-snippet:-1","max-image-preview":"max-image-preview:large","max-video-preview":"max-video-preview:-1"},"canonical":"https:\/\/www.eldiario.net\/portal\/2026\/09\/03\/restos-de-michele-sensi-contugi-y-su-esposa-llegan-a-guayaquil\/","og_locale":"es_ES","og_type":"article","og_title":"Restos de Michele Sensi-Contugi y su esposa llegan a Guayaquil - El Diario - Bolivia","og_description":"Los restos mortales del ex director del Centro Nacional de Inteligencia (CNI), Michele Sensi-Contugi, y de su esposa, Stephany Hollihan, llegaron a la ciudad de Guayaquil ayer por pedido expreso de sus familiares para su sepultura. El arribo al pa\u00eds antecede a las honras f\u00fanebres programadas para hoy, las cuales contar\u00e1n con honores de Estado [&hellip;]","og_url":"https:\/\/www.eldiario.net\/portal\/2026\/09\/03\/restos-de-michele-sensi-contugi-y-su-esposa-llegan-a-guayaquil\/","og_site_name":"El Diario - Bolivia","article_publisher":"https:\/\/www.facebook.com\/eldiario.bolivia\/","article_published_time":"2026-09-03T09:45:13+00:00","og_image":[{"width":1200,"height":800,"url":"https:\/\/www.eldiario.net\/portal\/wp-content\/uploads\/2026\/09\/RESTOS-RRSS.webp","type":"image\/webp"}],"author":"Jeanette","twitter_card":"summary_large_image","twitter_creator":"@eldiario_net","twitter_site":"@eldiario_net","twitter_misc":{"Escrito por":"Jeanette","Tiempo de lectura":"2 minutos"},"schema":{"@context":"https:\/\/schema.org","@graph":[{"@type":"Article","@id":"https:\/\/www.eldiario.net\/portal\/2026\/09\/03\/restos-de-michele-sensi-contugi-y-su-esposa-llegan-a-guayaquil\/#article","isPartOf":{"@id":"https:\/\/www.eldiario.net\/portal\/2026\/09\/03\/restos-de-michele-sensi-contugi-y-su-esposa-llegan-a-guayaquil\/"},"author":{"name":"Jeanette","@id":"https:\/\/www.eldiario.net\/portal\/#\/schema\/person\/f46445640444750d7d753ccd04ae01b7"},"headline":"Restos de Michele Sensi-Contugi y su esposa llegan a Guayaquil","datePublished":"2026-09-03T09:45:13+00:00","mainEntityOfPage":{"@id":"https:\/\/www.eldiario.net\/portal\/2026\/09\/03\/restos-de-michele-sensi-contugi-y-su-esposa-llegan-a-guayaquil\/"},"wordCount":437,"publisher":{"@id":"https:\/\/www.eldiario.net\/portal\/#organization"},"image":{"@id":"https:\/\/www.eldiario.net\/portal\/2026\/09\/03\/restos-de-michele-sensi-contugi-y-su-esposa-llegan-a-guayaquil\/#primaryimage"},"thumbnailUrl":"https:\/\/www.eldiario.net\/portal\/wp-content\/uploads\/2026\/09\/RESTOS-RRSS.webp","articleSection":["Internacional"],"inLanguage":"es"},{"@type":"WebPage","@id":"https:\/\/www.eldiario.net\/portal\/2026\/09\/03\/restos-de-michele-sensi-contugi-y-su-esposa-llegan-a-guayaquil\/","url":"https:\/\/www.eldiario.net\/portal\/2026\/09\/03\/restos-de-michele-sensi-contugi-y-su-esposa-llegan-a-guayaquil\/","name":"Restos de Michele Sensi-Contugi y su esposa llegan a Guayaquil - El Diario - Bolivia","isPartOf":{"@id":"https:\/\/www.eldiario.net\/portal\/#website"},"primaryImageOfPage":{"@id":"https:\/\/www.eldiario.net\/portal\/2026\/09\/03\/restos-de-michele-sensi-contugi-y-su-esposa-llegan-a-guayaquil\/#primaryimage"},"image":{"@id":"https:\/\/www.eldiario.net\/portal\/2026\/09\/03\/restos-de-michele-sensi-contugi-y-su-esposa-llegan-a-guayaquil\/#primaryimage"},"thumbnailUrl":"https:\/\/www.eldiario.net\/portal\/wp-content\/uploads\/2026\/09\/RESTOS-RRSS.webp","datePublished":"2026-09-03T09:45:13+00:00","breadcrumb":{"@id":"https:\/\/www.eldiario.net\/portal\/2026\/09\/03\/restos-de-michele-sensi-contugi-y-su-esposa-llegan-a-guayaquil\/#breadcrumb"},"inLanguage":"es","potentialAction":[{"@type":"ReadAction","target":["https:\/\/www.eldiario.net\/portal\/2026\/09\/03\/restos-de-michele-sensi-contugi-y-su-esposa-llegan-a-guayaquil\/"]}]},{"@type":"ImageObject","inLanguage":"es","@id":"https:\/\/www.eldiario.net\/portal\/2026\/09\/03\/restos-de-michele-sensi-contugi-y-su-esposa-llegan-a-guayaquil\/#primaryimage","url":"https:\/\/www.eldiario.net\/portal\/wp-content\/uploads\/2026\/09\/RESTOS-RRSS.webp","contentUrl":"https:\/\/www.eldiario.net\/portal\/wp-content\/uploads\/2026\/09\/RESTOS-RRSS.webp","width":1200,"height":800,"caption":"Michele Sensi-Contugi, quien fue funcionario del Gobierno de Noboa junto a su esposa, Stephany Hollihan. CR\u00c9DITO: RRSS"},{"@type":"BreadcrumbList","@id":"https:\/\/www.eldiario.net\/portal\/2026\/09\/03\/restos-de-michele-sensi-contugi-y-su-esposa-llegan-a-guayaquil\/#breadcrumb","itemListElement":[{"@type":"ListItem","position":1,"name":"Portada","item":"https:\/\/www.eldiario.net\/portal\/"},{"@type":"ListItem","position":2,"name":"Restos de Michele Sensi-Contugi y su esposa llegan a Guayaquil"}]},{"@type":"WebSite","@id":"https:\/\/www.eldiario.net\/portal\/#website","url":"https:\/\/www.eldiario.net\/portal\/","name":"El Diario - Decano de la prensa nacional","description":"El Diario - Decano de la prensa nacional","publisher":{"@id":"https:\/\/www.eldiario.net\/portal\/#organization"},"potentialAction":[{"@type":"SearchAction","target":{"@type":"EntryPoint","urlTemplate":"https:\/\/www.eldiario.net\/portal\/?s={search_term_string}"},"query-input":{"@type":"PropertyValueSpecification","valueRequired":true,"valueName":"search_term_string"}}],"inLanguage":"es"},{"@type":"Organization","@id":"https:\/\/www.eldiario.net\/portal\/#organization","name":"El Diario - Decano de la prensa nacional","url":"https:\/\/www.eldiario.net\/portal\/","logo":{"@type":"ImageObject","inLanguage":"es","@id":"https:\/\/www.eldiario.net\/portal\/#\/schema\/logo\/image\/","url":"https:\/\/www.eldiario.net\/portal\/wp-content\/uploads\/2023\/07\/logo_ED.jpg","contentUrl":"https:\/\/www.eldiario.net\/portal\/wp-content\/uploads\/2023\/07\/logo_ED.jpg","width":272,"height":52,"caption":"El Diario - Decano de la prensa nacional"},"image":{"@id":"https:\/\/www.eldiario.net\/portal\/#\/schema\/logo\/image\/"},"sameAs":["https:\/\/www.facebook.com\/eldiario.bolivia\/","https:\/\/x.com\/eldiario_net"]},{"@type":"Person","@id":"https:\/\/www.eldiario.net\/portal\/#\/schema\/person\/f46445640444750d7d753ccd04ae01b7","name":"Jeanette","image":{"@type":"ImageObject","inLanguage":"es","@id":"https:\/\/secure.gravatar.com\/avatar\/3ea2118a5f7dad2b7138b1187a6b7ee55f160b9968b66013c3a3ef39dd7e5798?s=96&d=mm&r=g","url":"https:\/\/secure.gravatar.com\/avatar\/3ea2118a5f7dad2b7138b1187a6b7ee55f160b9968b66013c3a3ef39dd7e5798?s=96&d=mm&r=g","contentUrl":"https:\/\/secure.gravatar.com\/avatar\/3ea2118a5f7dad2b7138b1187a6b7ee55f160b9968b66013c3a3ef39dd7e5798?s=96&d=mm&r=g","caption":"Jeanette"},"sameAs":["https:\/\/www.eldiario.net\/portal"],"url":"https:\/\/www.eldiario.net\/portal\/author\/jeanette\/"}]}},"_links":{"self":[{"href":"https:\/\/www.eldiario.net\/portal\/wp-json\/wp\/v2\/posts\/427206","targetHints":{"allow":["GET"]}}],"collection":[{"href":"https:\/\/www.eldiario.net\/portal\/wp-json\/wp\/v2\/posts"}],"about":[{"href":"https:\/\/www.eldiario.net\/portal\/wp-json\/wp\/v2\/types\/post"}],"author":[{"embeddable":true,"href":"https:\/\/www.eldiario.net\/portal\/wp-json\/wp\/v2\/users\/1"}],"replies":[{"embeddable":true,"href":"https:\/\/www.eldiario.net\/portal\/wp-json\/wp\/v2\/comments?post=427206"}],"version-history":[{"count":1,"href":"https:\/\/www.eldiario.net\/portal\/wp-json\/wp\/v2\/posts\/427206\/revisions"}],"predecessor-version":[{"id":427208,"href":"https:\/\/www.eldiario.net\/portal\/wp-json\/wp\/v2\/posts\/427206\/revisions\/427208"}],"wp:featuredmedia":[{"embeddable":true,"href":"https:\/\/www.eldiario.net\/portal\/wp-json\/wp\/v2\/media\/427207"}],"wp:attachment":[{"href":"https:\/\/www.eldiario.net\/portal\/wp-json\/wp\/v2\/media?parent=427206"}],"wp:term":[{"taxonomy":"category","embeddable":true,"href":"https:\/\/www.eldiario.net\/portal\/wp-json\/wp\/v2\/categories?post=427206"},{"taxonomy":"post_tag","embeddable":true,"href":"https:\/\/www.eldiario.net\/portal\/wp-json\/wp\/v2\/tags?post=427206"}],"curies":[{"name":"wp","href":"https:\/\/api.w.org\/{rel}","templated":true}]}}