{"id":427203,"date":"2026-09-03T05:44:30","date_gmt":"2026-09-03T09:44:30","guid":{"rendered":"https:\/\/www.eldiario.net\/portal\/?p=427203"},"modified":"2026-09-03T05:44:30","modified_gmt":"2026-09-03T09:44:30","slug":"ministro-defiende-expulsiones-de-los-britanicos-tras-brexit","status":"publish","type":"post","link":"https:\/\/www.eldiario.net\/portal\/2026\/09\/03\/ministro-defiende-expulsiones-de-los-britanicos-tras-brexit\/","title":{"rendered":"Ministro defiende expulsiones  de los brit\u00e1nicos tras Brexit"},"content":{"rendered":"<p class=\"v1MsoNormal\">El gobierno sueco reafirm\u00f3 su postura de expulsar y deportar a ciudadanos brit\u00e1nicos, alegando que no solicitaron a tiempo el permiso para permanecer en el pa\u00eds tras el Brexit.<\/p>\n<p class=\"v1MsoNormal\">El ministro de Migraci\u00f3n, Johan Forssell, defendi\u00f3 en\u00e9rgicamente ayer la aplicaci\u00f3n del acuerdo de retirada del Brexit por parte de la agencia de migraci\u00f3n sueca, en respuesta a una pregunta de un diputado sobre el caso de Joyce Thomas, una viuda brit\u00e1nica de 78 a\u00f1os a la que se le orden\u00f3 abandonar el pa\u00eds tras 21 a\u00f1os.<\/p>\n<p class=\"v1MsoNormal\">Forssell afirm\u00f3 que la Comisi\u00f3n Europea, que tiene el mandato legal de garantizar que los Estados miembros de la UE implementen correctamente el acuerdo de retirada, respaldaba el enfoque de Suecia.<\/p>\n<p class=\"v1MsoNormal\">\u00abLa Junta de Migraci\u00f3n ha dado seguimiento a la aplicaci\u00f3n del acuerdo de retirada y la evaluaci\u00f3n es que Suecia ha cumplido sus compromisos. Esta evaluaci\u00f3n es compartida por la Comisi\u00f3n\u00bb, sostuvo.<\/p>\n<p class=\"v1MsoNormal\">Hubo una creciente controversia en torno a las \u00f3rdenes de expulsi\u00f3n emitidas a ciudadanos brit\u00e1nicos que desconoc\u00edan que Suecia era uno de los 13 pa\u00edses de la UE que exig\u00edan solicitudes formales para permanecer en el pa\u00eds despu\u00e9s del Brexit.<\/p>\n<p class=\"v1MsoNormal\">En otro caso, un brit\u00e1nico de 34 a\u00f1os, John Sellers, fue deportado a pesar de haber vivido en Suecia desde que ten\u00eda 10 a\u00f1os.<\/p>\n<p class=\"v1MsoNormal\">El diputado local de Thomas, H\u00e4kan Svenneling, del partido de izquierda, declar\u00f3 a The Guardian: \u00abMe parece que el gobierno sueco cree que todo est\u00e1 bien, a pesar de que actualmente se est\u00e1 deportando a ciudadanos brit\u00e1nicos de Suecia. En esta situaci\u00f3n, la inacci\u00f3n tambi\u00e9n es una forma de actuar. Lo que Suecia necesita es un nuevo gobierno y un nuevo ministro de migraci\u00f3n que deje de deportar a personas con fuertes v\u00ednculos con Suecia\u00bb.<\/p>\n<p class=\"v1MsoNormal\">En su respuesta escrita a Svenneling, Forssell ofreci\u00f3 a los ciudadanos brit\u00e1nicos que se enfrentaban a la deportaci\u00f3n un rayo de esperanza. Declar\u00f3: \u00abLa relaci\u00f3n con el Reino Unido es muy importante para Suecia y el gobierno seguir\u00e1 velando por la correcta aplicaci\u00f3n del acuerdo de retirada. En este sentido, el gobierno est\u00e1 estudiando si se pueden adoptar medidas adicionales para facilitar el proceso en el futuro\u00bb.<\/p>\n<p class=\"v1MsoNormal\">A Thomas se le comunic\u00f3 que debe abandonar Suecia antes del martes 8 de septiembre o se enfrentar\u00e1 a la deportaci\u00f3n y a una posible prohibici\u00f3n de entrada en el espacio Schengen.<\/p>\n<p class=\"v1MsoNormal\">Ella es una de las varias ciudadanas brit\u00e1nicas que se enfrentaron a \u00f3rdenes de expulsi\u00f3n despu\u00e9s de que la agencia de migraci\u00f3n rechazara sus solicitudes de residencia presentadas fuera de plazo.<\/p>\n<p class=\"v1MsoNormal\">El Ministerio de Asuntos Exteriores del Reino Unido plante\u00f3 en varias ocasiones la cuesti\u00f3n de la postura de Suecia respecto a las solicitudes tard\u00edas de residencia posteriores al Brexit en el comit\u00e9 especializado en derechos de los ciudadanos, una estructura creada para garantizar que el acuerdo de retirada se aplique correctamente.<\/p>\n<p class=\"v1MsoNormal\">David Milstead, director de la organizaci\u00f3n ciudadana Brits in Sweden, afirm\u00f3 que la respuesta sueca no fue una sorpresa. \u00abEl gobierno dif\u00edcilmente iba a desautorizar las decisiones de la agencia de migraci\u00f3n o de los tribunales suecos. La verdadera cuesti\u00f3n es si el enfoque de Suecia es coherente con el derecho de la UE y el acuerdo de retirada\u00bb, declar\u00f3.<\/p>\n<p class=\"v1MsoNormal\">Se\u00f1al\u00f3 que, seg\u00fan el acuerdo, el Reino Unido estaba obligado a crear un organismo legal, la Autoridad de Supervisi\u00f3n Independiente (IMA, por sus siglas en ingl\u00e9s), para garantizar de forma independiente que el Ministerio del Interior implementara correctamente el acuerdo del Brexit, mientras que la Comisi\u00f3n Europea desempe\u00f1aba el papel correspondiente para los Estados miembros de la UE.<\/p>\n<p class=\"v1MsoNormal\">\u00abLa IMA ha adoptado un enfoque mucho m\u00e1s firme. Es dif\u00edcil imaginar que no hubiera cuestionado al Reino Unido si este hubiera aplicado una pol\u00edtica como la de Suecia, lo que habr\u00eda puesto en riesgo los derechos de alrededor de un cuarto de mill\u00f3n de solicitantes tard\u00edos que obtuvieron su aprobaci\u00f3n (en el Reino Unido)\u00bb, sostuvo Milstead.<\/p>\n<p class=\"v1MsoNormal\">\u00abEl enfoque de Suecia ahora debe ser sometido a prueba ante el Tribunal de Justicia de la Uni\u00f3n Europea o bien abordarse mediante medidas que remedien el problema. La respuesta del gobierno deja abierta la posibilidad de un cambio, y este debe incluir la correcci\u00f3n de las decisiones de deportaci\u00f3n injustas\u00bb.<\/p>\n<p class=\"v1MsoNormal\">Se contact\u00f3 con la Comisi\u00f3n Europea para recabar su opini\u00f3n.<\/p>\n<p class=\"v1MsoNormal\">Seg\u00fan datos de Eurostat, entre 2021 y 2025, un total de 2.490 ciudadanos brit\u00e1nicos recibieron la orden de abandonar Suecia. Un an\u00e1lisis del Ministerio de Asuntos Exteriores revel\u00f3 que esta cifra representa el 32,9% de los 7.565 ciudadanos brit\u00e1nicos a quienes se les orden\u00f3 abandonar los 27 Estados miembros de la UE durante ese per\u00edodo. Si bien no es posible determinar con exactitud cu\u00e1ntos se encontraban en Suecia antes de que finalizara el per\u00edodo de transici\u00f3n entre el Reino Unido y la UE, es probable que la mayor\u00eda estuviera all\u00ed.<\/p>\n<p class=\"v1MsoNormal\">Thomas lleva 21 a\u00f1os en Suecia y afirma que su difunto esposo pregunt\u00f3 sobre el impacto del Brexit y que las autoridades le se\u00f1alaron que no ten\u00edan que hacer nada para permanecer legalmente en el pa\u00eds.<\/p>\n<p class=\"v1MsoNormal\">La pareja se mud\u00f3 al campo para estar cerca de su hijo y sus nietos, y Thomas sostuvo que se sinti\u00f3 muy preocupada tras recibir la orden de desalojo.(The Guardian)<\/p>\n<p class=\"v1MsoNormal\">\n","protected":false},"excerpt":{"rendered":"<p>El gobierno sueco reafirm\u00f3 su postura de expulsar y deportar a ciudadanos brit\u00e1nicos, alegando que no solicitaron a tiempo el permiso para permanecer en el pa\u00eds tras el Brexit. El ministro de Migraci\u00f3n, Johan Forssell, defendi\u00f3 en\u00e9rgicamente ayer la aplicaci\u00f3n del acuerdo de retirada del Brexit por parte de la agencia de migraci\u00f3n sueca, en [&hellip;]<\/p>\n","protected":false},"author":1,"featured_media":427204,"comment_status":"closed","ping_status":"open","sticky":false,"template":"","format":"standard","meta":{"_acf_changed":false,"footnotes":""},"categories":[3],"tags":[],"class_list":["post-427203","post","type-post","status-publish","format-standard","has-post-thumbnail","category-internacional"],"acf":{"antetitulo":"Suecia"},"yoast_head":"<!-- This site is optimized with the Yoast SEO plugin v28.4 - https:\/\/yoast.com\/product\/yoast-seo-wordpress\/ -->\n<title>Ministro defiende expulsiones de los brit\u00e1nicos tras Brexit - El Diario - Bolivia<\/title>\n<meta name=\"robots\" content=\"index, follow, max-snippet:-1, max-image-preview:large, max-video-preview:-1\" \/>\n<link rel=\"canonical\" href=\"https:\/\/www.eldiario.net\/portal\/2026\/09\/03\/ministro-defiende-expulsiones-de-los-britanicos-tras-brexit\/\" \/>\n<meta property=\"og:locale\" content=\"es_ES\" \/>\n<meta property=\"og:type\" content=\"article\" \/>\n<meta property=\"og:title\" content=\"Ministro defiende expulsiones de los brit\u00e1nicos tras Brexit - El Diario - Bolivia\" \/>\n<meta property=\"og:description\" content=\"El gobierno sueco reafirm\u00f3 su postura de expulsar y deportar a ciudadanos brit\u00e1nicos, alegando que no solicitaron a tiempo el permiso para permanecer en el pa\u00eds tras el Brexit. El ministro de Migraci\u00f3n, Johan Forssell, defendi\u00f3 en\u00e9rgicamente ayer la aplicaci\u00f3n del acuerdo de retirada del Brexit por parte de la agencia de migraci\u00f3n sueca, en [&hellip;]\" \/>\n<meta property=\"og:url\" content=\"https:\/\/www.eldiario.net\/portal\/2026\/09\/03\/ministro-defiende-expulsiones-de-los-britanicos-tras-brexit\/\" \/>\n<meta property=\"og:site_name\" content=\"El Diario - Bolivia\" \/>\n<meta property=\"article:publisher\" content=\"https:\/\/www.facebook.com\/eldiario.bolivia\/\" \/>\n<meta property=\"article:published_time\" content=\"2026-09-03T09:44:30+00:00\" \/>\n<meta property=\"og:image\" content=\"https:\/\/www.eldiario.net\/portal\/wp-content\/uploads\/2026\/09\/SUECIA-The-Guardian.webp\" \/>\n\t<meta property=\"og:image:width\" content=\"620\" \/>\n\t<meta property=\"og:image:height\" content=\"496\" \/>\n\t<meta property=\"og:image:type\" content=\"image\/webp\" \/>\n<meta name=\"author\" content=\"Jeanette\" \/>\n<meta name=\"twitter:card\" content=\"summary_large_image\" \/>\n<meta name=\"twitter:creator\" content=\"@eldiario_net\" \/>\n<meta name=\"twitter:site\" content=\"@eldiario_net\" \/>\n<meta name=\"twitter:label1\" content=\"Escrito por\" \/>\n\t<meta name=\"twitter:data1\" content=\"Jeanette\" \/>\n\t<meta name=\"twitter:label2\" content=\"Tiempo de lectura\" \/>\n\t<meta name=\"twitter:data2\" content=\"5 minutos\" \/>\n<script type=\"application\/ld+json\" class=\"yoast-schema-graph\">{\"@context\":\"https:\\\/\\\/schema.org\",\"@graph\":[{\"@type\":\"Article\",\"@id\":\"https:\\\/\\\/www.eldiario.net\\\/portal\\\/2026\\\/09\\\/03\\\/ministro-defiende-expulsiones-de-los-britanicos-tras-brexit\\\/#article\",\"isPartOf\":{\"@id\":\"https:\\\/\\\/www.eldiario.net\\\/portal\\\/2026\\\/09\\\/03\\\/ministro-defiende-expulsiones-de-los-britanicos-tras-brexit\\\/\"},\"author\":{\"name\":\"Jeanette\",\"@id\":\"https:\\\/\\\/www.eldiario.net\\\/portal\\\/#\\\/schema\\\/person\\\/f46445640444750d7d753ccd04ae01b7\"},\"headline\":\"Ministro defiende expulsiones de los brit\u00e1nicos tras Brexit\",\"datePublished\":\"2026-09-03T09:44:30+00:00\",\"mainEntityOfPage\":{\"@id\":\"https:\\\/\\\/www.eldiario.net\\\/portal\\\/2026\\\/09\\\/03\\\/ministro-defiende-expulsiones-de-los-britanicos-tras-brexit\\\/\"},\"wordCount\":939,\"publisher\":{\"@id\":\"https:\\\/\\\/www.eldiario.net\\\/portal\\\/#organization\"},\"image\":{\"@id\":\"https:\\\/\\\/www.eldiario.net\\\/portal\\\/2026\\\/09\\\/03\\\/ministro-defiende-expulsiones-de-los-britanicos-tras-brexit\\\/#primaryimage\"},\"thumbnailUrl\":\"https:\\\/\\\/www.eldiario.net\\\/portal\\\/wp-content\\\/uploads\\\/2026\\\/09\\\/SUECIA-The-Guardian.webp\",\"articleSection\":[\"Internacional\"],\"inLanguage\":\"es\"},{\"@type\":\"WebPage\",\"@id\":\"https:\\\/\\\/www.eldiario.net\\\/portal\\\/2026\\\/09\\\/03\\\/ministro-defiende-expulsiones-de-los-britanicos-tras-brexit\\\/\",\"url\":\"https:\\\/\\\/www.eldiario.net\\\/portal\\\/2026\\\/09\\\/03\\\/ministro-defiende-expulsiones-de-los-britanicos-tras-brexit\\\/\",\"name\":\"Ministro defiende expulsiones de los brit\u00e1nicos tras Brexit - El Diario - Bolivia\",\"isPartOf\":{\"@id\":\"https:\\\/\\\/www.eldiario.net\\\/portal\\\/#website\"},\"primaryImageOfPage\":{\"@id\":\"https:\\\/\\\/www.eldiario.net\\\/portal\\\/2026\\\/09\\\/03\\\/ministro-defiende-expulsiones-de-los-britanicos-tras-brexit\\\/#primaryimage\"},\"image\":{\"@id\":\"https:\\\/\\\/www.eldiario.net\\\/portal\\\/2026\\\/09\\\/03\\\/ministro-defiende-expulsiones-de-los-britanicos-tras-brexit\\\/#primaryimage\"},\"thumbnailUrl\":\"https:\\\/\\\/www.eldiario.net\\\/portal\\\/wp-content\\\/uploads\\\/2026\\\/09\\\/SUECIA-The-Guardian.webp\",\"datePublished\":\"2026-09-03T09:44:30+00:00\",\"breadcrumb\":{\"@id\":\"https:\\\/\\\/www.eldiario.net\\\/portal\\\/2026\\\/09\\\/03\\\/ministro-defiende-expulsiones-de-los-britanicos-tras-brexit\\\/#breadcrumb\"},\"inLanguage\":\"es\",\"potentialAction\":[{\"@type\":\"ReadAction\",\"target\":[\"https:\\\/\\\/www.eldiario.net\\\/portal\\\/2026\\\/09\\\/03\\\/ministro-defiende-expulsiones-de-los-britanicos-tras-brexit\\\/\"]}]},{\"@type\":\"ImageObject\",\"inLanguage\":\"es\",\"@id\":\"https:\\\/\\\/www.eldiario.net\\\/portal\\\/2026\\\/09\\\/03\\\/ministro-defiende-expulsiones-de-los-britanicos-tras-brexit\\\/#primaryimage\",\"url\":\"https:\\\/\\\/www.eldiario.net\\\/portal\\\/wp-content\\\/uploads\\\/2026\\\/09\\\/SUECIA-The-Guardian.webp\",\"contentUrl\":\"https:\\\/\\\/www.eldiario.net\\\/portal\\\/wp-content\\\/uploads\\\/2026\\\/09\\\/SUECIA-The-Guardian.webp\",\"width\":620,\"height\":496,\"caption\":\"El ministro de Migraci\u00f3n, Johan Forssell. CR\u00c9DITO: The Guardian\"},{\"@type\":\"BreadcrumbList\",\"@id\":\"https:\\\/\\\/www.eldiario.net\\\/portal\\\/2026\\\/09\\\/03\\\/ministro-defiende-expulsiones-de-los-britanicos-tras-brexit\\\/#breadcrumb\",\"itemListElement\":[{\"@type\":\"ListItem\",\"position\":1,\"name\":\"Portada\",\"item\":\"https:\\\/\\\/www.eldiario.net\\\/portal\\\/\"},{\"@type\":\"ListItem\",\"position\":2,\"name\":\"Ministro defiende expulsiones de los brit\u00e1nicos tras Brexit\"}]},{\"@type\":\"WebSite\",\"@id\":\"https:\\\/\\\/www.eldiario.net\\\/portal\\\/#website\",\"url\":\"https:\\\/\\\/www.eldiario.net\\\/portal\\\/\",\"name\":\"El Diario - Decano de la prensa nacional\",\"description\":\"El Diario - Decano de la prensa nacional\",\"publisher\":{\"@id\":\"https:\\\/\\\/www.eldiario.net\\\/portal\\\/#organization\"},\"potentialAction\":[{\"@type\":\"SearchAction\",\"target\":{\"@type\":\"EntryPoint\",\"urlTemplate\":\"https:\\\/\\\/www.eldiario.net\\\/portal\\\/?s={search_term_string}\"},\"query-input\":{\"@type\":\"PropertyValueSpecification\",\"valueRequired\":true,\"valueName\":\"search_term_string\"}}],\"inLanguage\":\"es\"},{\"@type\":\"Organization\",\"@id\":\"https:\\\/\\\/www.eldiario.net\\\/portal\\\/#organization\",\"name\":\"El Diario - Decano de la prensa nacional\",\"url\":\"https:\\\/\\\/www.eldiario.net\\\/portal\\\/\",\"logo\":{\"@type\":\"ImageObject\",\"inLanguage\":\"es\",\"@id\":\"https:\\\/\\\/www.eldiario.net\\\/portal\\\/#\\\/schema\\\/logo\\\/image\\\/\",\"url\":\"https:\\\/\\\/www.eldiario.net\\\/portal\\\/wp-content\\\/uploads\\\/2023\\\/07\\\/logo_ED.jpg\",\"contentUrl\":\"https:\\\/\\\/www.eldiario.net\\\/portal\\\/wp-content\\\/uploads\\\/2023\\\/07\\\/logo_ED.jpg\",\"width\":272,\"height\":52,\"caption\":\"El Diario - Decano de la prensa nacional\"},\"image\":{\"@id\":\"https:\\\/\\\/www.eldiario.net\\\/portal\\\/#\\\/schema\\\/logo\\\/image\\\/\"},\"sameAs\":[\"https:\\\/\\\/www.facebook.com\\\/eldiario.bolivia\\\/\",\"https:\\\/\\\/x.com\\\/eldiario_net\"]},{\"@type\":\"Person\",\"@id\":\"https:\\\/\\\/www.eldiario.net\\\/portal\\\/#\\\/schema\\\/person\\\/f46445640444750d7d753ccd04ae01b7\",\"name\":\"Jeanette\",\"image\":{\"@type\":\"ImageObject\",\"inLanguage\":\"es\",\"@id\":\"https:\\\/\\\/secure.gravatar.com\\\/avatar\\\/3ea2118a5f7dad2b7138b1187a6b7ee55f160b9968b66013c3a3ef39dd7e5798?s=96&d=mm&r=g\",\"url\":\"https:\\\/\\\/secure.gravatar.com\\\/avatar\\\/3ea2118a5f7dad2b7138b1187a6b7ee55f160b9968b66013c3a3ef39dd7e5798?s=96&d=mm&r=g\",\"contentUrl\":\"https:\\\/\\\/secure.gravatar.com\\\/avatar\\\/3ea2118a5f7dad2b7138b1187a6b7ee55f160b9968b66013c3a3ef39dd7e5798?s=96&d=mm&r=g\",\"caption\":\"Jeanette\"},\"sameAs\":[\"https:\\\/\\\/www.eldiario.net\\\/portal\"],\"url\":\"https:\\\/\\\/www.eldiario.net\\\/portal\\\/author\\\/jeanette\\\/\"}]}<\/script>\n<!-- \/ Yoast SEO plugin. -->","yoast_head_json":{"title":"Ministro defiende expulsiones de los brit\u00e1nicos tras Brexit - El Diario - Bolivia","robots":{"index":"index","follow":"follow","max-snippet":"max-snippet:-1","max-image-preview":"max-image-preview:large","max-video-preview":"max-video-preview:-1"},"canonical":"https:\/\/www.eldiario.net\/portal\/2026\/09\/03\/ministro-defiende-expulsiones-de-los-britanicos-tras-brexit\/","og_locale":"es_ES","og_type":"article","og_title":"Ministro defiende expulsiones de los brit\u00e1nicos tras Brexit - El Diario - Bolivia","og_description":"El gobierno sueco reafirm\u00f3 su postura de expulsar y deportar a ciudadanos brit\u00e1nicos, alegando que no solicitaron a tiempo el permiso para permanecer en el pa\u00eds tras el Brexit. El ministro de Migraci\u00f3n, Johan Forssell, defendi\u00f3 en\u00e9rgicamente ayer la aplicaci\u00f3n del acuerdo de retirada del Brexit por parte de la agencia de migraci\u00f3n sueca, en [&hellip;]","og_url":"https:\/\/www.eldiario.net\/portal\/2026\/09\/03\/ministro-defiende-expulsiones-de-los-britanicos-tras-brexit\/","og_site_name":"El Diario - Bolivia","article_publisher":"https:\/\/www.facebook.com\/eldiario.bolivia\/","article_published_time":"2026-09-03T09:44:30+00:00","og_image":[{"width":620,"height":496,"url":"https:\/\/www.eldiario.net\/portal\/wp-content\/uploads\/2026\/09\/SUECIA-The-Guardian.webp","type":"image\/webp"}],"author":"Jeanette","twitter_card":"summary_large_image","twitter_creator":"@eldiario_net","twitter_site":"@eldiario_net","twitter_misc":{"Escrito por":"Jeanette","Tiempo de lectura":"5 minutos"},"schema":{"@context":"https:\/\/schema.org","@graph":[{"@type":"Article","@id":"https:\/\/www.eldiario.net\/portal\/2026\/09\/03\/ministro-defiende-expulsiones-de-los-britanicos-tras-brexit\/#article","isPartOf":{"@id":"https:\/\/www.eldiario.net\/portal\/2026\/09\/03\/ministro-defiende-expulsiones-de-los-britanicos-tras-brexit\/"},"author":{"name":"Jeanette","@id":"https:\/\/www.eldiario.net\/portal\/#\/schema\/person\/f46445640444750d7d753ccd04ae01b7"},"headline":"Ministro defiende expulsiones de los brit\u00e1nicos tras Brexit","datePublished":"2026-09-03T09:44:30+00:00","mainEntityOfPage":{"@id":"https:\/\/www.eldiario.net\/portal\/2026\/09\/03\/ministro-defiende-expulsiones-de-los-britanicos-tras-brexit\/"},"wordCount":939,"publisher":{"@id":"https:\/\/www.eldiario.net\/portal\/#organization"},"image":{"@id":"https:\/\/www.eldiario.net\/portal\/2026\/09\/03\/ministro-defiende-expulsiones-de-los-britanicos-tras-brexit\/#primaryimage"},"thumbnailUrl":"https:\/\/www.eldiario.net\/portal\/wp-content\/uploads\/2026\/09\/SUECIA-The-Guardian.webp","articleSection":["Internacional"],"inLanguage":"es"},{"@type":"WebPage","@id":"https:\/\/www.eldiario.net\/portal\/2026\/09\/03\/ministro-defiende-expulsiones-de-los-britanicos-tras-brexit\/","url":"https:\/\/www.eldiario.net\/portal\/2026\/09\/03\/ministro-defiende-expulsiones-de-los-britanicos-tras-brexit\/","name":"Ministro defiende expulsiones de los brit\u00e1nicos tras Brexit - El Diario - Bolivia","isPartOf":{"@id":"https:\/\/www.eldiario.net\/portal\/#website"},"primaryImageOfPage":{"@id":"https:\/\/www.eldiario.net\/portal\/2026\/09\/03\/ministro-defiende-expulsiones-de-los-britanicos-tras-brexit\/#primaryimage"},"image":{"@id":"https:\/\/www.eldiario.net\/portal\/2026\/09\/03\/ministro-defiende-expulsiones-de-los-britanicos-tras-brexit\/#primaryimage"},"thumbnailUrl":"https:\/\/www.eldiario.net\/portal\/wp-content\/uploads\/2026\/09\/SUECIA-The-Guardian.webp","datePublished":"2026-09-03T09:44:30+00:00","breadcrumb":{"@id":"https:\/\/www.eldiario.net\/portal\/2026\/09\/03\/ministro-defiende-expulsiones-de-los-britanicos-tras-brexit\/#breadcrumb"},"inLanguage":"es","potentialAction":[{"@type":"ReadAction","target":["https:\/\/www.eldiario.net\/portal\/2026\/09\/03\/ministro-defiende-expulsiones-de-los-britanicos-tras-brexit\/"]}]},{"@type":"ImageObject","inLanguage":"es","@id":"https:\/\/www.eldiario.net\/portal\/2026\/09\/03\/ministro-defiende-expulsiones-de-los-britanicos-tras-brexit\/#primaryimage","url":"https:\/\/www.eldiario.net\/portal\/wp-content\/uploads\/2026\/09\/SUECIA-The-Guardian.webp","contentUrl":"https:\/\/www.eldiario.net\/portal\/wp-content\/uploads\/2026\/09\/SUECIA-The-Guardian.webp","width":620,"height":496,"caption":"El ministro de Migraci\u00f3n, Johan Forssell. CR\u00c9DITO: The Guardian"},{"@type":"BreadcrumbList","@id":"https:\/\/www.eldiario.net\/portal\/2026\/09\/03\/ministro-defiende-expulsiones-de-los-britanicos-tras-brexit\/#breadcrumb","itemListElement":[{"@type":"ListItem","position":1,"name":"Portada","item":"https:\/\/www.eldiario.net\/portal\/"},{"@type":"ListItem","position":2,"name":"Ministro defiende expulsiones de los brit\u00e1nicos tras Brexit"}]},{"@type":"WebSite","@id":"https:\/\/www.eldiario.net\/portal\/#website","url":"https:\/\/www.eldiario.net\/portal\/","name":"El Diario - Decano de la prensa nacional","description":"El Diario - Decano de la prensa nacional","publisher":{"@id":"https:\/\/www.eldiario.net\/portal\/#organization"},"potentialAction":[{"@type":"SearchAction","target":{"@type":"EntryPoint","urlTemplate":"https:\/\/www.eldiario.net\/portal\/?s={search_term_string}"},"query-input":{"@type":"PropertyValueSpecification","valueRequired":true,"valueName":"search_term_string"}}],"inLanguage":"es"},{"@type":"Organization","@id":"https:\/\/www.eldiario.net\/portal\/#organization","name":"El Diario - Decano de la prensa nacional","url":"https:\/\/www.eldiario.net\/portal\/","logo":{"@type":"ImageObject","inLanguage":"es","@id":"https:\/\/www.eldiario.net\/portal\/#\/schema\/logo\/image\/","url":"https:\/\/www.eldiario.net\/portal\/wp-content\/uploads\/2023\/07\/logo_ED.jpg","contentUrl":"https:\/\/www.eldiario.net\/portal\/wp-content\/uploads\/2023\/07\/logo_ED.jpg","width":272,"height":52,"caption":"El Diario - Decano de la prensa nacional"},"image":{"@id":"https:\/\/www.eldiario.net\/portal\/#\/schema\/logo\/image\/"},"sameAs":["https:\/\/www.facebook.com\/eldiario.bolivia\/","https:\/\/x.com\/eldiario_net"]},{"@type":"Person","@id":"https:\/\/www.eldiario.net\/portal\/#\/schema\/person\/f46445640444750d7d753ccd04ae01b7","name":"Jeanette","image":{"@type":"ImageObject","inLanguage":"es","@id":"https:\/\/secure.gravatar.com\/avatar\/3ea2118a5f7dad2b7138b1187a6b7ee55f160b9968b66013c3a3ef39dd7e5798?s=96&d=mm&r=g","url":"https:\/\/secure.gravatar.com\/avatar\/3ea2118a5f7dad2b7138b1187a6b7ee55f160b9968b66013c3a3ef39dd7e5798?s=96&d=mm&r=g","contentUrl":"https:\/\/secure.gravatar.com\/avatar\/3ea2118a5f7dad2b7138b1187a6b7ee55f160b9968b66013c3a3ef39dd7e5798?s=96&d=mm&r=g","caption":"Jeanette"},"sameAs":["https:\/\/www.eldiario.net\/portal"],"url":"https:\/\/www.eldiario.net\/portal\/author\/jeanette\/"}]}},"_links":{"self":[{"href":"https:\/\/www.eldiario.net\/portal\/wp-json\/wp\/v2\/posts\/427203","targetHints":{"allow":["GET"]}}],"collection":[{"href":"https:\/\/www.eldiario.net\/portal\/wp-json\/wp\/v2\/posts"}],"about":[{"href":"https:\/\/www.eldiario.net\/portal\/wp-json\/wp\/v2\/types\/post"}],"author":[{"embeddable":true,"href":"https:\/\/www.eldiario.net\/portal\/wp-json\/wp\/v2\/users\/1"}],"replies":[{"embeddable":true,"href":"https:\/\/www.eldiario.net\/portal\/wp-json\/wp\/v2\/comments?post=427203"}],"version-history":[{"count":1,"href":"https:\/\/www.eldiario.net\/portal\/wp-json\/wp\/v2\/posts\/427203\/revisions"}],"predecessor-version":[{"id":427205,"href":"https:\/\/www.eldiario.net\/portal\/wp-json\/wp\/v2\/posts\/427203\/revisions\/427205"}],"wp:featuredmedia":[{"embeddable":true,"href":"https:\/\/www.eldiario.net\/portal\/wp-json\/wp\/v2\/media\/427204"}],"wp:attachment":[{"href":"https:\/\/www.eldiario.net\/portal\/wp-json\/wp\/v2\/media?parent=427203"}],"wp:term":[{"taxonomy":"category","embeddable":true,"href":"https:\/\/www.eldiario.net\/portal\/wp-json\/wp\/v2\/categories?post=427203"},{"taxonomy":"post_tag","embeddable":true,"href":"https:\/\/www.eldiario.net\/portal\/wp-json\/wp\/v2\/tags?post=427203"}],"curies":[{"name":"wp","href":"https:\/\/api.w.org\/{rel}","templated":true}]}}