{"id":427200,"date":"2026-09-03T05:43:42","date_gmt":"2026-09-03T09:43:42","guid":{"rendered":"https:\/\/www.eldiario.net\/portal\/?p=427200"},"modified":"2026-09-03T05:43:42","modified_gmt":"2026-09-03T09:43:42","slug":"chevron-anuncia-acuerdo-para-produccion-petrolera","status":"publish","type":"post","link":"https:\/\/www.eldiario.net\/portal\/2026\/09\/03\/chevron-anuncia-acuerdo-para-produccion-petrolera\/","title":{"rendered":"Chevron anuncia acuerdo  para producci\u00f3n petrolera"},"content":{"rendered":"<p class=\"v1MsoNormal\">El gigante petrolero estadounidense Chevron confirm\u00f3 ayer una expansi\u00f3n de sus operaciones en Venezuela, apenas unos d\u00edas despu\u00e9s de que el presidente Donald Trump anunciara un acuerdo petrolero con el pa\u00eds caribe\u00f1o.<\/p>\n<p class=\"v1MsoNormal\">Los acuerdos contemplan nuevas concesiones en la Faja del Orinoco y t\u00e9rminos legales, fiscales y comerciales actualizados, se\u00f1al\u00f3 la empresa en un comunicado.<\/p>\n<p class=\"v1MsoNormal\">\n<p class=\"v1MsoNormal\">NUEVOS YACIMIENTOS<\/p>\n<p class=\"v1MsoNormal\">Gracias a ello, ser\u00e1 posible \u00abinvertir m\u00e1s de 7.000 millones de d\u00f3lares en los pr\u00f3ximos cinco a\u00f1os y multiplicar por m\u00e1s de dos la producci\u00f3n a unos 600.000 barriles diarios, en comparaci\u00f3n con 2026\u00bb.<\/p>\n<p class=\"v1MsoNormal\">Chevron cuenta con tres empresas conjuntas con la estatal Petr\u00f3leos de Venezuela (Pdvsa). En virtud de los acuerdos, una de ellas, Petroindependencia, en la que tiene una participaci\u00f3n de 49%, explotar\u00e1 otros dos campos petrol\u00edferos, Carabobo 1 y Carabobo 2 Sur-A.<\/p>\n<p class=\"v1MsoNormal\">Estos dos yacimientos \u00abfortalecen a\u00fan m\u00e1s la creciente cartera de Chevron en Venezuela\u00bb, destac\u00f3 la petrolera, que hab\u00eda seguido operando en Venezuela bajo el r\u00e9gimen de Nicol\u00e1s Maduro, capturado en Caracas en una operaci\u00f3n militar estadounidense el 3 de enero.<\/p>\n<p class=\"v1MsoNormal\">\n<p class=\"v1MsoNormal\">AMPLIAR CONTROL<\/p>\n<p class=\"v1MsoNormal\">El secretario de Energ\u00eda, Chris Wright, cerr\u00f3 ayer con el r\u00e9gimen encargado de Delcy Rodr\u00edguez un acuerdo en Caracas que cede a Washington la explotaci\u00f3n de 65.000 millones de barriles de petr\u00f3leo, equivalente a una quinta parte de las reservas petroleras venezolanas, un arreglo \u00abhist\u00f3rico\u00bb, seg\u00fan Trump.<\/p>\n<p class=\"v1MsoNormal\">Venezuela tiene las mayores reservas certificadas de hidrocarburos del mundo, con m\u00e1s de 300.000 millones de barriles. Pero su producci\u00f3n sigue siendo muy limitada tras d\u00e9cadas de inversi\u00f3n insuficiente, sanciones y corrupci\u00f3n.<\/p>\n<p class=\"v1MsoNormal\">Desde la operaci\u00f3n que permiti\u00f3 la captura de Maduro en enero, el gobierno Trump se concentr\u00f3 en reactivar la explotaci\u00f3n de los recursos petroleros y gas\u00edferos venezolanos, dentro de un mercado energ\u00e9tico tensionado en los \u00faltimos seis meses por la guerra contra Ir\u00e1n.(Dw)<\/p>\n<p class=\"v1MsoNormal\">\n","protected":false},"excerpt":{"rendered":"<p>El gigante petrolero estadounidense Chevron confirm\u00f3 ayer una expansi\u00f3n de sus operaciones en Venezuela, apenas unos d\u00edas despu\u00e9s de que el presidente Donald Trump anunciara un acuerdo petrolero con el pa\u00eds caribe\u00f1o. Los acuerdos contemplan nuevas concesiones en la Faja del Orinoco y t\u00e9rminos legales, fiscales y comerciales actualizados, se\u00f1al\u00f3 la empresa en un comunicado. [&hellip;]<\/p>\n","protected":false},"author":1,"featured_media":427201,"comment_status":"closed","ping_status":"open","sticky":false,"template":"","format":"standard","meta":{"_acf_changed":false,"footnotes":""},"categories":[3],"tags":[],"class_list":["post-427200","post","type-post","status-publish","format-standard","has-post-thumbnail","category-internacional"],"acf":{"antetitulo":"Venezuela"},"yoast_head":"<!-- This site is optimized with the Yoast SEO plugin v28.4 - https:\/\/yoast.com\/product\/yoast-seo-wordpress\/ -->\n<title>Chevron anuncia acuerdo para producci\u00f3n petrolera - El Diario - Bolivia<\/title>\n<meta name=\"robots\" content=\"index, follow, max-snippet:-1, max-image-preview:large, max-video-preview:-1\" \/>\n<link rel=\"canonical\" href=\"https:\/\/www.eldiario.net\/portal\/2026\/09\/03\/chevron-anuncia-acuerdo-para-produccion-petrolera\/\" \/>\n<meta property=\"og:locale\" content=\"es_ES\" \/>\n<meta property=\"og:type\" content=\"article\" \/>\n<meta property=\"og:title\" content=\"Chevron anuncia acuerdo para producci\u00f3n petrolera - El Diario - Bolivia\" \/>\n<meta property=\"og:description\" content=\"El gigante petrolero estadounidense Chevron confirm\u00f3 ayer una expansi\u00f3n de sus operaciones en Venezuela, apenas unos d\u00edas despu\u00e9s de que el presidente Donald Trump anunciara un acuerdo petrolero con el pa\u00eds caribe\u00f1o. Los acuerdos contemplan nuevas concesiones en la Faja del Orinoco y t\u00e9rminos legales, fiscales y comerciales actualizados, se\u00f1al\u00f3 la empresa en un comunicado. [&hellip;]\" \/>\n<meta property=\"og:url\" content=\"https:\/\/www.eldiario.net\/portal\/2026\/09\/03\/chevron-anuncia-acuerdo-para-produccion-petrolera\/\" \/>\n<meta property=\"og:site_name\" content=\"El Diario - Bolivia\" \/>\n<meta property=\"article:publisher\" content=\"https:\/\/www.facebook.com\/eldiario.bolivia\/\" \/>\n<meta property=\"article:published_time\" content=\"2026-09-03T09:43:42+00:00\" \/>\n<meta property=\"og:image\" content=\"https:\/\/www.eldiario.net\/portal\/wp-content\/uploads\/2026\/09\/VENEZUELA-Getty-Images1.webp\" \/>\n\t<meta property=\"og:image:width\" content=\"620\" \/>\n\t<meta property=\"og:image:height\" content=\"496\" \/>\n\t<meta property=\"og:image:type\" content=\"image\/webp\" \/>\n<meta name=\"author\" content=\"Jeanette\" \/>\n<meta name=\"twitter:card\" content=\"summary_large_image\" \/>\n<meta name=\"twitter:creator\" content=\"@eldiario_net\" \/>\n<meta name=\"twitter:site\" content=\"@eldiario_net\" \/>\n<meta name=\"twitter:label1\" content=\"Escrito por\" \/>\n\t<meta name=\"twitter:data1\" content=\"Jeanette\" \/>\n\t<meta name=\"twitter:label2\" content=\"Tiempo de lectura\" \/>\n\t<meta name=\"twitter:data2\" content=\"2 minutos\" \/>\n<script type=\"application\/ld+json\" class=\"yoast-schema-graph\">{\"@context\":\"https:\\\/\\\/schema.org\",\"@graph\":[{\"@type\":\"Article\",\"@id\":\"https:\\\/\\\/www.eldiario.net\\\/portal\\\/2026\\\/09\\\/03\\\/chevron-anuncia-acuerdo-para-produccion-petrolera\\\/#article\",\"isPartOf\":{\"@id\":\"https:\\\/\\\/www.eldiario.net\\\/portal\\\/2026\\\/09\\\/03\\\/chevron-anuncia-acuerdo-para-produccion-petrolera\\\/\"},\"author\":{\"name\":\"Jeanette\",\"@id\":\"https:\\\/\\\/www.eldiario.net\\\/portal\\\/#\\\/schema\\\/person\\\/f46445640444750d7d753ccd04ae01b7\"},\"headline\":\"Chevron anuncia acuerdo para producci\u00f3n petrolera\",\"datePublished\":\"2026-09-03T09:43:42+00:00\",\"mainEntityOfPage\":{\"@id\":\"https:\\\/\\\/www.eldiario.net\\\/portal\\\/2026\\\/09\\\/03\\\/chevron-anuncia-acuerdo-para-produccion-petrolera\\\/\"},\"wordCount\":335,\"publisher\":{\"@id\":\"https:\\\/\\\/www.eldiario.net\\\/portal\\\/#organization\"},\"image\":{\"@id\":\"https:\\\/\\\/www.eldiario.net\\\/portal\\\/2026\\\/09\\\/03\\\/chevron-anuncia-acuerdo-para-produccion-petrolera\\\/#primaryimage\"},\"thumbnailUrl\":\"https:\\\/\\\/www.eldiario.net\\\/portal\\\/wp-content\\\/uploads\\\/2026\\\/09\\\/VENEZUELA-Getty-Images1.webp\",\"articleSection\":[\"Internacional\"],\"inLanguage\":\"es\"},{\"@type\":\"WebPage\",\"@id\":\"https:\\\/\\\/www.eldiario.net\\\/portal\\\/2026\\\/09\\\/03\\\/chevron-anuncia-acuerdo-para-produccion-petrolera\\\/\",\"url\":\"https:\\\/\\\/www.eldiario.net\\\/portal\\\/2026\\\/09\\\/03\\\/chevron-anuncia-acuerdo-para-produccion-petrolera\\\/\",\"name\":\"Chevron anuncia acuerdo para producci\u00f3n petrolera - El Diario - Bolivia\",\"isPartOf\":{\"@id\":\"https:\\\/\\\/www.eldiario.net\\\/portal\\\/#website\"},\"primaryImageOfPage\":{\"@id\":\"https:\\\/\\\/www.eldiario.net\\\/portal\\\/2026\\\/09\\\/03\\\/chevron-anuncia-acuerdo-para-produccion-petrolera\\\/#primaryimage\"},\"image\":{\"@id\":\"https:\\\/\\\/www.eldiario.net\\\/portal\\\/2026\\\/09\\\/03\\\/chevron-anuncia-acuerdo-para-produccion-petrolera\\\/#primaryimage\"},\"thumbnailUrl\":\"https:\\\/\\\/www.eldiario.net\\\/portal\\\/wp-content\\\/uploads\\\/2026\\\/09\\\/VENEZUELA-Getty-Images1.webp\",\"datePublished\":\"2026-09-03T09:43:42+00:00\",\"breadcrumb\":{\"@id\":\"https:\\\/\\\/www.eldiario.net\\\/portal\\\/2026\\\/09\\\/03\\\/chevron-anuncia-acuerdo-para-produccion-petrolera\\\/#breadcrumb\"},\"inLanguage\":\"es\",\"potentialAction\":[{\"@type\":\"ReadAction\",\"target\":[\"https:\\\/\\\/www.eldiario.net\\\/portal\\\/2026\\\/09\\\/03\\\/chevron-anuncia-acuerdo-para-produccion-petrolera\\\/\"]}]},{\"@type\":\"ImageObject\",\"inLanguage\":\"es\",\"@id\":\"https:\\\/\\\/www.eldiario.net\\\/portal\\\/2026\\\/09\\\/03\\\/chevron-anuncia-acuerdo-para-produccion-petrolera\\\/#primaryimage\",\"url\":\"https:\\\/\\\/www.eldiario.net\\\/portal\\\/wp-content\\\/uploads\\\/2026\\\/09\\\/VENEZUELA-Getty-Images1.webp\",\"contentUrl\":\"https:\\\/\\\/www.eldiario.net\\\/portal\\\/wp-content\\\/uploads\\\/2026\\\/09\\\/VENEZUELA-Getty-Images1.webp\",\"width\":620,\"height\":496,\"caption\":\"El secretario de Energ\u00eda de Estados Unidos, Chris Wright y la presidenta interina de Venezuela, Delcy Rodr\u00edguez. CR\u00c9DITO: Getty Images\"},{\"@type\":\"BreadcrumbList\",\"@id\":\"https:\\\/\\\/www.eldiario.net\\\/portal\\\/2026\\\/09\\\/03\\\/chevron-anuncia-acuerdo-para-produccion-petrolera\\\/#breadcrumb\",\"itemListElement\":[{\"@type\":\"ListItem\",\"position\":1,\"name\":\"Portada\",\"item\":\"https:\\\/\\\/www.eldiario.net\\\/portal\\\/\"},{\"@type\":\"ListItem\",\"position\":2,\"name\":\"Chevron anuncia acuerdo para producci\u00f3n petrolera\"}]},{\"@type\":\"WebSite\",\"@id\":\"https:\\\/\\\/www.eldiario.net\\\/portal\\\/#website\",\"url\":\"https:\\\/\\\/www.eldiario.net\\\/portal\\\/\",\"name\":\"El Diario - Decano de la prensa nacional\",\"description\":\"El Diario - Decano de la prensa nacional\",\"publisher\":{\"@id\":\"https:\\\/\\\/www.eldiario.net\\\/portal\\\/#organization\"},\"potentialAction\":[{\"@type\":\"SearchAction\",\"target\":{\"@type\":\"EntryPoint\",\"urlTemplate\":\"https:\\\/\\\/www.eldiario.net\\\/portal\\\/?s={search_term_string}\"},\"query-input\":{\"@type\":\"PropertyValueSpecification\",\"valueRequired\":true,\"valueName\":\"search_term_string\"}}],\"inLanguage\":\"es\"},{\"@type\":\"Organization\",\"@id\":\"https:\\\/\\\/www.eldiario.net\\\/portal\\\/#organization\",\"name\":\"El Diario - Decano de la prensa nacional\",\"url\":\"https:\\\/\\\/www.eldiario.net\\\/portal\\\/\",\"logo\":{\"@type\":\"ImageObject\",\"inLanguage\":\"es\",\"@id\":\"https:\\\/\\\/www.eldiario.net\\\/portal\\\/#\\\/schema\\\/logo\\\/image\\\/\",\"url\":\"https:\\\/\\\/www.eldiario.net\\\/portal\\\/wp-content\\\/uploads\\\/2023\\\/07\\\/logo_ED.jpg\",\"contentUrl\":\"https:\\\/\\\/www.eldiario.net\\\/portal\\\/wp-content\\\/uploads\\\/2023\\\/07\\\/logo_ED.jpg\",\"width\":272,\"height\":52,\"caption\":\"El Diario - Decano de la prensa nacional\"},\"image\":{\"@id\":\"https:\\\/\\\/www.eldiario.net\\\/portal\\\/#\\\/schema\\\/logo\\\/image\\\/\"},\"sameAs\":[\"https:\\\/\\\/www.facebook.com\\\/eldiario.bolivia\\\/\",\"https:\\\/\\\/x.com\\\/eldiario_net\"]},{\"@type\":\"Person\",\"@id\":\"https:\\\/\\\/www.eldiario.net\\\/portal\\\/#\\\/schema\\\/person\\\/f46445640444750d7d753ccd04ae01b7\",\"name\":\"Jeanette\",\"image\":{\"@type\":\"ImageObject\",\"inLanguage\":\"es\",\"@id\":\"https:\\\/\\\/secure.gravatar.com\\\/avatar\\\/3ea2118a5f7dad2b7138b1187a6b7ee55f160b9968b66013c3a3ef39dd7e5798?s=96&d=mm&r=g\",\"url\":\"https:\\\/\\\/secure.gravatar.com\\\/avatar\\\/3ea2118a5f7dad2b7138b1187a6b7ee55f160b9968b66013c3a3ef39dd7e5798?s=96&d=mm&r=g\",\"contentUrl\":\"https:\\\/\\\/secure.gravatar.com\\\/avatar\\\/3ea2118a5f7dad2b7138b1187a6b7ee55f160b9968b66013c3a3ef39dd7e5798?s=96&d=mm&r=g\",\"caption\":\"Jeanette\"},\"sameAs\":[\"https:\\\/\\\/www.eldiario.net\\\/portal\"],\"url\":\"https:\\\/\\\/www.eldiario.net\\\/portal\\\/author\\\/jeanette\\\/\"}]}<\/script>\n<!-- \/ Yoast SEO plugin. -->","yoast_head_json":{"title":"Chevron anuncia acuerdo para producci\u00f3n petrolera - El Diario - Bolivia","robots":{"index":"index","follow":"follow","max-snippet":"max-snippet:-1","max-image-preview":"max-image-preview:large","max-video-preview":"max-video-preview:-1"},"canonical":"https:\/\/www.eldiario.net\/portal\/2026\/09\/03\/chevron-anuncia-acuerdo-para-produccion-petrolera\/","og_locale":"es_ES","og_type":"article","og_title":"Chevron anuncia acuerdo para producci\u00f3n petrolera - El Diario - Bolivia","og_description":"El gigante petrolero estadounidense Chevron confirm\u00f3 ayer una expansi\u00f3n de sus operaciones en Venezuela, apenas unos d\u00edas despu\u00e9s de que el presidente Donald Trump anunciara un acuerdo petrolero con el pa\u00eds caribe\u00f1o. Los acuerdos contemplan nuevas concesiones en la Faja del Orinoco y t\u00e9rminos legales, fiscales y comerciales actualizados, se\u00f1al\u00f3 la empresa en un comunicado. [&hellip;]","og_url":"https:\/\/www.eldiario.net\/portal\/2026\/09\/03\/chevron-anuncia-acuerdo-para-produccion-petrolera\/","og_site_name":"El Diario - Bolivia","article_publisher":"https:\/\/www.facebook.com\/eldiario.bolivia\/","article_published_time":"2026-09-03T09:43:42+00:00","og_image":[{"width":620,"height":496,"url":"https:\/\/www.eldiario.net\/portal\/wp-content\/uploads\/2026\/09\/VENEZUELA-Getty-Images1.webp","type":"image\/webp"}],"author":"Jeanette","twitter_card":"summary_large_image","twitter_creator":"@eldiario_net","twitter_site":"@eldiario_net","twitter_misc":{"Escrito por":"Jeanette","Tiempo de lectura":"2 minutos"},"schema":{"@context":"https:\/\/schema.org","@graph":[{"@type":"Article","@id":"https:\/\/www.eldiario.net\/portal\/2026\/09\/03\/chevron-anuncia-acuerdo-para-produccion-petrolera\/#article","isPartOf":{"@id":"https:\/\/www.eldiario.net\/portal\/2026\/09\/03\/chevron-anuncia-acuerdo-para-produccion-petrolera\/"},"author":{"name":"Jeanette","@id":"https:\/\/www.eldiario.net\/portal\/#\/schema\/person\/f46445640444750d7d753ccd04ae01b7"},"headline":"Chevron anuncia acuerdo para producci\u00f3n petrolera","datePublished":"2026-09-03T09:43:42+00:00","mainEntityOfPage":{"@id":"https:\/\/www.eldiario.net\/portal\/2026\/09\/03\/chevron-anuncia-acuerdo-para-produccion-petrolera\/"},"wordCount":335,"publisher":{"@id":"https:\/\/www.eldiario.net\/portal\/#organization"},"image":{"@id":"https:\/\/www.eldiario.net\/portal\/2026\/09\/03\/chevron-anuncia-acuerdo-para-produccion-petrolera\/#primaryimage"},"thumbnailUrl":"https:\/\/www.eldiario.net\/portal\/wp-content\/uploads\/2026\/09\/VENEZUELA-Getty-Images1.webp","articleSection":["Internacional"],"inLanguage":"es"},{"@type":"WebPage","@id":"https:\/\/www.eldiario.net\/portal\/2026\/09\/03\/chevron-anuncia-acuerdo-para-produccion-petrolera\/","url":"https:\/\/www.eldiario.net\/portal\/2026\/09\/03\/chevron-anuncia-acuerdo-para-produccion-petrolera\/","name":"Chevron anuncia acuerdo para producci\u00f3n petrolera - El Diario - Bolivia","isPartOf":{"@id":"https:\/\/www.eldiario.net\/portal\/#website"},"primaryImageOfPage":{"@id":"https:\/\/www.eldiario.net\/portal\/2026\/09\/03\/chevron-anuncia-acuerdo-para-produccion-petrolera\/#primaryimage"},"image":{"@id":"https:\/\/www.eldiario.net\/portal\/2026\/09\/03\/chevron-anuncia-acuerdo-para-produccion-petrolera\/#primaryimage"},"thumbnailUrl":"https:\/\/www.eldiario.net\/portal\/wp-content\/uploads\/2026\/09\/VENEZUELA-Getty-Images1.webp","datePublished":"2026-09-03T09:43:42+00:00","breadcrumb":{"@id":"https:\/\/www.eldiario.net\/portal\/2026\/09\/03\/chevron-anuncia-acuerdo-para-produccion-petrolera\/#breadcrumb"},"inLanguage":"es","potentialAction":[{"@type":"ReadAction","target":["https:\/\/www.eldiario.net\/portal\/2026\/09\/03\/chevron-anuncia-acuerdo-para-produccion-petrolera\/"]}]},{"@type":"ImageObject","inLanguage":"es","@id":"https:\/\/www.eldiario.net\/portal\/2026\/09\/03\/chevron-anuncia-acuerdo-para-produccion-petrolera\/#primaryimage","url":"https:\/\/www.eldiario.net\/portal\/wp-content\/uploads\/2026\/09\/VENEZUELA-Getty-Images1.webp","contentUrl":"https:\/\/www.eldiario.net\/portal\/wp-content\/uploads\/2026\/09\/VENEZUELA-Getty-Images1.webp","width":620,"height":496,"caption":"El secretario de Energ\u00eda de Estados Unidos, Chris Wright y la presidenta interina de Venezuela, Delcy Rodr\u00edguez. CR\u00c9DITO: Getty Images"},{"@type":"BreadcrumbList","@id":"https:\/\/www.eldiario.net\/portal\/2026\/09\/03\/chevron-anuncia-acuerdo-para-produccion-petrolera\/#breadcrumb","itemListElement":[{"@type":"ListItem","position":1,"name":"Portada","item":"https:\/\/www.eldiario.net\/portal\/"},{"@type":"ListItem","position":2,"name":"Chevron anuncia acuerdo para producci\u00f3n petrolera"}]},{"@type":"WebSite","@id":"https:\/\/www.eldiario.net\/portal\/#website","url":"https:\/\/www.eldiario.net\/portal\/","name":"El Diario - Decano de la prensa nacional","description":"El Diario - Decano de la prensa nacional","publisher":{"@id":"https:\/\/www.eldiario.net\/portal\/#organization"},"potentialAction":[{"@type":"SearchAction","target":{"@type":"EntryPoint","urlTemplate":"https:\/\/www.eldiario.net\/portal\/?s={search_term_string}"},"query-input":{"@type":"PropertyValueSpecification","valueRequired":true,"valueName":"search_term_string"}}],"inLanguage":"es"},{"@type":"Organization","@id":"https:\/\/www.eldiario.net\/portal\/#organization","name":"El Diario - Decano de la prensa nacional","url":"https:\/\/www.eldiario.net\/portal\/","logo":{"@type":"ImageObject","inLanguage":"es","@id":"https:\/\/www.eldiario.net\/portal\/#\/schema\/logo\/image\/","url":"https:\/\/www.eldiario.net\/portal\/wp-content\/uploads\/2023\/07\/logo_ED.jpg","contentUrl":"https:\/\/www.eldiario.net\/portal\/wp-content\/uploads\/2023\/07\/logo_ED.jpg","width":272,"height":52,"caption":"El Diario - Decano de la prensa nacional"},"image":{"@id":"https:\/\/www.eldiario.net\/portal\/#\/schema\/logo\/image\/"},"sameAs":["https:\/\/www.facebook.com\/eldiario.bolivia\/","https:\/\/x.com\/eldiario_net"]},{"@type":"Person","@id":"https:\/\/www.eldiario.net\/portal\/#\/schema\/person\/f46445640444750d7d753ccd04ae01b7","name":"Jeanette","image":{"@type":"ImageObject","inLanguage":"es","@id":"https:\/\/secure.gravatar.com\/avatar\/3ea2118a5f7dad2b7138b1187a6b7ee55f160b9968b66013c3a3ef39dd7e5798?s=96&d=mm&r=g","url":"https:\/\/secure.gravatar.com\/avatar\/3ea2118a5f7dad2b7138b1187a6b7ee55f160b9968b66013c3a3ef39dd7e5798?s=96&d=mm&r=g","contentUrl":"https:\/\/secure.gravatar.com\/avatar\/3ea2118a5f7dad2b7138b1187a6b7ee55f160b9968b66013c3a3ef39dd7e5798?s=96&d=mm&r=g","caption":"Jeanette"},"sameAs":["https:\/\/www.eldiario.net\/portal"],"url":"https:\/\/www.eldiario.net\/portal\/author\/jeanette\/"}]}},"_links":{"self":[{"href":"https:\/\/www.eldiario.net\/portal\/wp-json\/wp\/v2\/posts\/427200","targetHints":{"allow":["GET"]}}],"collection":[{"href":"https:\/\/www.eldiario.net\/portal\/wp-json\/wp\/v2\/posts"}],"about":[{"href":"https:\/\/www.eldiario.net\/portal\/wp-json\/wp\/v2\/types\/post"}],"author":[{"embeddable":true,"href":"https:\/\/www.eldiario.net\/portal\/wp-json\/wp\/v2\/users\/1"}],"replies":[{"embeddable":true,"href":"https:\/\/www.eldiario.net\/portal\/wp-json\/wp\/v2\/comments?post=427200"}],"version-history":[{"count":1,"href":"https:\/\/www.eldiario.net\/portal\/wp-json\/wp\/v2\/posts\/427200\/revisions"}],"predecessor-version":[{"id":427202,"href":"https:\/\/www.eldiario.net\/portal\/wp-json\/wp\/v2\/posts\/427200\/revisions\/427202"}],"wp:featuredmedia":[{"embeddable":true,"href":"https:\/\/www.eldiario.net\/portal\/wp-json\/wp\/v2\/media\/427201"}],"wp:attachment":[{"href":"https:\/\/www.eldiario.net\/portal\/wp-json\/wp\/v2\/media?parent=427200"}],"wp:term":[{"taxonomy":"category","embeddable":true,"href":"https:\/\/www.eldiario.net\/portal\/wp-json\/wp\/v2\/categories?post=427200"},{"taxonomy":"post_tag","embeddable":true,"href":"https:\/\/www.eldiario.net\/portal\/wp-json\/wp\/v2\/tags?post=427200"}],"curies":[{"name":"wp","href":"https:\/\/api.w.org\/{rel}","templated":true}]}}