{"id":427197,"date":"2026-09-03T05:42:47","date_gmt":"2026-09-03T09:42:47","guid":{"rendered":"https:\/\/www.eldiario.net\/portal\/?p=427197"},"modified":"2026-09-03T05:42:47","modified_gmt":"2026-09-03T09:42:47","slug":"intervendran-ypfb-y-ya-no-comercializara-combustibles","status":"publish","type":"post","link":"https:\/\/www.eldiario.net\/portal\/2026\/09\/03\/intervendran-ypfb-y-ya-no-comercializara-combustibles\/","title":{"rendered":"Intervendr\u00e1n YPFB y ya no  comercializar\u00e1 combustibles"},"content":{"rendered":"<p class=\"v1MsoNormal\">Con la intervenci\u00f3n iniciada ayer, el Gobierno busca que Yacimientos Petrol\u00edferos Fiscales Bolivianos (YPFB) deje de comercializar carburantes y se encargue de las actividades de explotaci\u00f3n y exploraci\u00f3n de campos petroleros, sostuvo el ministro de Hidrocarburos y Energ\u00edas, Marcelo Blanco, quien justific\u00f3 que la medida asumida responde a las deficiencias log\u00edsticas en la importaci\u00f3n y distribuci\u00f3n de carburantes, que generan escasez y largas filas en las estaciones de servicio.<\/p>\n<p class=\"v1MsoNormal\">\u00abLa intenci\u00f3n del Gobierno nacional es que Yacimientos vuelva a su rol natural y no se dedique a comercializar hidrocarburos. Yacimientos no fue creada con ese fin, cumpliendo la Constituci\u00f3n\u00bb, enfatiz\u00f3.<\/p>\n<p class=\"v1MsoNormal\">Blanco precis\u00f3 que el objetivo final es que YPFB \u00absalga de ese rol\u00bb de encargarse de la comercializaci\u00f3n de carburantes, para que esa tarea sea asumida progresivamente por el sector privado.<\/p>\n<p class=\"v1MsoNormal\">Enfatiz\u00f3 que, en toda la cadena, Yacimientos va a seguir participando, pero paulatinamente se tendr\u00e1 que retirar y empezar a dedicarse a las actividades de explotaci\u00f3n, exploraci\u00f3n y trabajar con la refiner\u00eda.<\/p>\n<p class=\"v1MsoNormal\">\n<p class=\"v1MsoNormal\"><b>DECRETO SUPREMO 5697<\/b><\/p>\n<p class=\"v1MsoNormal\">El Decreto Supremo 5697, aprobado el 1 de septiembre, establece la intervenci\u00f3n de Yacimientos Petrol\u00edferos Fiscales Bolivianos (YPFB) y crea una Comisi\u00f3n de Intervenci\u00f3n Estatal Extraordinaria encargada del seguimiento de la gesti\u00f3n de la petrolera estatal durante la vigencia de la medida. Tambi\u00e9n busca excluir a la entidad estatal de la comercializaci\u00f3n de combustibles. Empresarios se\u00f1alan que la decisi\u00f3n demor\u00f3.<\/p>\n<p class=\"v1MsoNormal\">El ministro de Hidrocarburos y Energ\u00eda, Marcelo Blanco, inform\u00f3 que el Gobierno dispuso la intervenci\u00f3n temporal de Yacimientos Petrol\u00edferos Fiscales Bolivianos (YPFB) por un per\u00edodo de hasta 180 d\u00edas calendario, ante las deficiencias en sus operaciones y con el objetivo de fortalecer la cadena log\u00edstica de importaci\u00f3n y distribuci\u00f3n de carburantes.<\/p>\n<p class=\"v1MsoNormal\">Blanco tambi\u00e9n anunci\u00f3 que la pr\u00f3xima en ser intervenida es la Agencia Nacional de Hidrocarburos (ANH), debido a la situaci\u00f3n complicada en la que se encuentra la entidad estatal, y tambi\u00e9n ser\u00e1 anunciada en su momento.<\/p>\n<p class=\"v1MsoNormal\">\n<p class=\"v1MsoNormal\"><b>COMERCIALIZACI\u00d3N<\/b><\/p>\n<p class=\"v1MsoNormal\">Asimismo, otro de los objetivos de la norma apunta a que deje el negocio de la comercializaci\u00f3n y concentre sus operaciones en la exploraci\u00f3n y explotaci\u00f3n de hidrocarburos, dijo el ministro de Obras P\u00fablicas, Servicios y Vivienda, Mauricio Zamora.<\/p>\n<p class=\"v1MsoNormal\">Al respecto, Blanco dijo que el proceso de abrir la comercializaci\u00f3n a los privados ser\u00e1 paulatinamente, pero tambi\u00e9n -agreg\u00f3- que esperan un acuerdo con el sector para garantizar el suministro al mercado nacional.<\/p>\n<p class=\"v1MsoNormal\">Mientras tanto, el ex presidente de la Confederaci\u00f3n de Empresarios Privados de Bolivia (CEPB), Ronald Nostas, escribi\u00f3 en su cuenta @Ronaldnostas que \u00abla intervenci\u00f3n de YPFB es una medida adecuada, pero extempor\u00e1nea e insuficiente. Su corrupci\u00f3n, ineficiencia y desorden se deben al modelo corporativo, injerencia sindical y politizaci\u00f3n. Para recuperarla es necesario su cierre, refundaci\u00f3n y auditor\u00eda de los \u00faltimos 20 a\u00f1os\u00bb.<\/p>\n<p class=\"v1MsoNormal\">\n<p class=\"v1MsoNormal\"><b>PLAN<\/b><\/p>\n<p class=\"v1MsoNormal\">\u00abEsto es parte de un plan que tenemos para que (&#8230;) YPFB haga lo que tiene que hacer: dedicarse a la exploraci\u00f3n y explotaci\u00f3n de hidrocarburos y que salga de la comercializaci\u00f3n, porque ah\u00ed est\u00e1 el problema\u00bb, expres\u00f3 la autoridad a prop\u00f3sito del Decreto Supremo 5697, que dispone la \u00abintervenci\u00f3n\u00bb estatal extraordinaria, transparente y temporal de YPFB.<\/p>\n<p class=\"v1MsoNormal\">El art\u00edculo 5 del DS 5697 indica que la comisi\u00f3n estar\u00e1 conformada por los ministros de Econom\u00eda y Finanzas P\u00fablicas; de Producci\u00f3n Sostenible, Medio Ambiente y Agua; y de Hidrocarburos y Energ\u00edas. Tambi\u00e9n participa el viceministro de Transparencia, Seguridad Jur\u00eddica e Integridad P\u00fablica, dependiente del Ministerio de la Presidencia.<\/p>\n<p class=\"v1MsoNormal\">El decreto se\u00f1ala que la comisi\u00f3n \u00abpriorizar\u00e1 sus tareas en comercializaci\u00f3n, log\u00edstica y trazabilidad de combustibles, recomendando auditor\u00edas t\u00e9cnicas a la cadena log\u00edstica de importaci\u00f3n y distribuci\u00f3n de carburantes, orientadas a identificar la red de contrabando, desv\u00edo, acopio y otros, e individualizar las responsabilidades del personal involucrado\u00bb.<\/p>\n<p class=\"v1MsoNormal\">Igualmente, la comisi\u00f3n \u00abpodr\u00e1 recomendar la incorporaci\u00f3n de profesionales especializados, consultores, peritos t\u00e9cnicos y personal de auxilio, as\u00ed como recomendar apoyo a entidades de control o fiscalizaci\u00f3n del Estado, con la finalidad de asesorar los procesos de auditor\u00eda y redise\u00f1o de procesos\u00bb.<\/p>\n<p class=\"v1MsoNormal\">\n","protected":false},"excerpt":{"rendered":"<p>Con la intervenci\u00f3n iniciada ayer, el Gobierno busca que Yacimientos Petrol\u00edferos Fiscales Bolivianos (YPFB) deje de comercializar carburantes y se encargue de las actividades de explotaci\u00f3n y exploraci\u00f3n de campos petroleros, sostuvo el ministro de Hidrocarburos y Energ\u00edas, Marcelo Blanco, quien justific\u00f3 que la medida asumida responde a las deficiencias log\u00edsticas en la importaci\u00f3n y [&hellip;]<\/p>\n","protected":false},"author":1,"featured_media":427198,"comment_status":"closed","ping_status":"open","sticky":false,"template":"","format":"standard","meta":{"_acf_changed":false,"footnotes":""},"categories":[17],"tags":[],"class_list":["post-427197","post","type-post","status-publish","format-standard","has-post-thumbnail","category-principal"],"acf":{"antetitulo":"Mediante Decreto Supremo 5697"},"yoast_head":"<!-- This site is optimized with the Yoast SEO plugin v28.4 - https:\/\/yoast.com\/product\/yoast-seo-wordpress\/ -->\n<title>Intervendr\u00e1n YPFB y ya no comercializar\u00e1 combustibles - El Diario - Bolivia<\/title>\n<meta name=\"robots\" content=\"index, follow, max-snippet:-1, max-image-preview:large, max-video-preview:-1\" \/>\n<link rel=\"canonical\" href=\"https:\/\/www.eldiario.net\/portal\/2026\/09\/03\/intervendran-ypfb-y-ya-no-comercializara-combustibles\/\" \/>\n<meta property=\"og:locale\" content=\"es_ES\" \/>\n<meta property=\"og:type\" content=\"article\" \/>\n<meta property=\"og:title\" content=\"Intervendr\u00e1n YPFB y ya no comercializar\u00e1 combustibles - El Diario - Bolivia\" \/>\n<meta property=\"og:description\" content=\"Con la intervenci\u00f3n iniciada ayer, el Gobierno busca que Yacimientos Petrol\u00edferos Fiscales Bolivianos (YPFB) deje de comercializar carburantes y se encargue de las actividades de explotaci\u00f3n y exploraci\u00f3n de campos petroleros, sostuvo el ministro de Hidrocarburos y Energ\u00edas, Marcelo Blanco, quien justific\u00f3 que la medida asumida responde a las deficiencias log\u00edsticas en la importaci\u00f3n y [&hellip;]\" \/>\n<meta property=\"og:url\" content=\"https:\/\/www.eldiario.net\/portal\/2026\/09\/03\/intervendran-ypfb-y-ya-no-comercializara-combustibles\/\" \/>\n<meta property=\"og:site_name\" content=\"El Diario - Bolivia\" \/>\n<meta property=\"article:publisher\" content=\"https:\/\/www.facebook.com\/eldiario.bolivia\/\" \/>\n<meta property=\"article:published_time\" content=\"2026-09-03T09:42:47+00:00\" \/>\n<meta property=\"og:image\" content=\"https:\/\/www.eldiario.net\/portal\/wp-content\/uploads\/2026\/09\/ypfb-2.webp\" \/>\n\t<meta property=\"og:image:width\" content=\"1280\" \/>\n\t<meta property=\"og:image:height\" content=\"853\" \/>\n\t<meta property=\"og:image:type\" content=\"image\/webp\" \/>\n<meta name=\"author\" content=\"Jeanette\" \/>\n<meta name=\"twitter:card\" content=\"summary_large_image\" \/>\n<meta name=\"twitter:creator\" content=\"@eldiario_net\" \/>\n<meta name=\"twitter:site\" content=\"@eldiario_net\" \/>\n<meta name=\"twitter:label1\" content=\"Escrito por\" \/>\n\t<meta name=\"twitter:data1\" content=\"Jeanette\" \/>\n\t<meta name=\"twitter:label2\" content=\"Tiempo de lectura\" \/>\n\t<meta name=\"twitter:data2\" content=\"4 minutos\" \/>\n<script type=\"application\/ld+json\" class=\"yoast-schema-graph\">{\"@context\":\"https:\\\/\\\/schema.org\",\"@graph\":[{\"@type\":\"Article\",\"@id\":\"https:\\\/\\\/www.eldiario.net\\\/portal\\\/2026\\\/09\\\/03\\\/intervendran-ypfb-y-ya-no-comercializara-combustibles\\\/#article\",\"isPartOf\":{\"@id\":\"https:\\\/\\\/www.eldiario.net\\\/portal\\\/2026\\\/09\\\/03\\\/intervendran-ypfb-y-ya-no-comercializara-combustibles\\\/\"},\"author\":{\"name\":\"Jeanette\",\"@id\":\"https:\\\/\\\/www.eldiario.net\\\/portal\\\/#\\\/schema\\\/person\\\/f46445640444750d7d753ccd04ae01b7\"},\"headline\":\"Intervendr\u00e1n YPFB y ya no comercializar\u00e1 combustibles\",\"datePublished\":\"2026-09-03T09:42:47+00:00\",\"mainEntityOfPage\":{\"@id\":\"https:\\\/\\\/www.eldiario.net\\\/portal\\\/2026\\\/09\\\/03\\\/intervendran-ypfb-y-ya-no-comercializara-combustibles\\\/\"},\"wordCount\":724,\"publisher\":{\"@id\":\"https:\\\/\\\/www.eldiario.net\\\/portal\\\/#organization\"},\"image\":{\"@id\":\"https:\\\/\\\/www.eldiario.net\\\/portal\\\/2026\\\/09\\\/03\\\/intervendran-ypfb-y-ya-no-comercializara-combustibles\\\/#primaryimage\"},\"thumbnailUrl\":\"https:\\\/\\\/www.eldiario.net\\\/portal\\\/wp-content\\\/uploads\\\/2026\\\/09\\\/ypfb-2.webp\",\"articleSection\":[\"Principal\"],\"inLanguage\":\"es\"},{\"@type\":\"WebPage\",\"@id\":\"https:\\\/\\\/www.eldiario.net\\\/portal\\\/2026\\\/09\\\/03\\\/intervendran-ypfb-y-ya-no-comercializara-combustibles\\\/\",\"url\":\"https:\\\/\\\/www.eldiario.net\\\/portal\\\/2026\\\/09\\\/03\\\/intervendran-ypfb-y-ya-no-comercializara-combustibles\\\/\",\"name\":\"Intervendr\u00e1n YPFB y ya no comercializar\u00e1 combustibles - El Diario - Bolivia\",\"isPartOf\":{\"@id\":\"https:\\\/\\\/www.eldiario.net\\\/portal\\\/#website\"},\"primaryImageOfPage\":{\"@id\":\"https:\\\/\\\/www.eldiario.net\\\/portal\\\/2026\\\/09\\\/03\\\/intervendran-ypfb-y-ya-no-comercializara-combustibles\\\/#primaryimage\"},\"image\":{\"@id\":\"https:\\\/\\\/www.eldiario.net\\\/portal\\\/2026\\\/09\\\/03\\\/intervendran-ypfb-y-ya-no-comercializara-combustibles\\\/#primaryimage\"},\"thumbnailUrl\":\"https:\\\/\\\/www.eldiario.net\\\/portal\\\/wp-content\\\/uploads\\\/2026\\\/09\\\/ypfb-2.webp\",\"datePublished\":\"2026-09-03T09:42:47+00:00\",\"breadcrumb\":{\"@id\":\"https:\\\/\\\/www.eldiario.net\\\/portal\\\/2026\\\/09\\\/03\\\/intervendran-ypfb-y-ya-no-comercializara-combustibles\\\/#breadcrumb\"},\"inLanguage\":\"es\",\"potentialAction\":[{\"@type\":\"ReadAction\",\"target\":[\"https:\\\/\\\/www.eldiario.net\\\/portal\\\/2026\\\/09\\\/03\\\/intervendran-ypfb-y-ya-no-comercializara-combustibles\\\/\"]}]},{\"@type\":\"ImageObject\",\"inLanguage\":\"es\",\"@id\":\"https:\\\/\\\/www.eldiario.net\\\/portal\\\/2026\\\/09\\\/03\\\/intervendran-ypfb-y-ya-no-comercializara-combustibles\\\/#primaryimage\",\"url\":\"https:\\\/\\\/www.eldiario.net\\\/portal\\\/wp-content\\\/uploads\\\/2026\\\/09\\\/ypfb-2.webp\",\"contentUrl\":\"https:\\\/\\\/www.eldiario.net\\\/portal\\\/wp-content\\\/uploads\\\/2026\\\/09\\\/ypfb-2.webp\",\"width\":1280,\"height\":853,\"caption\":\"Ministro de Hidrocarburos, Marcelo Blanco. CR\u00c9DITO: APG\"},{\"@type\":\"BreadcrumbList\",\"@id\":\"https:\\\/\\\/www.eldiario.net\\\/portal\\\/2026\\\/09\\\/03\\\/intervendran-ypfb-y-ya-no-comercializara-combustibles\\\/#breadcrumb\",\"itemListElement\":[{\"@type\":\"ListItem\",\"position\":1,\"name\":\"Portada\",\"item\":\"https:\\\/\\\/www.eldiario.net\\\/portal\\\/\"},{\"@type\":\"ListItem\",\"position\":2,\"name\":\"Intervendr\u00e1n YPFB y ya no comercializar\u00e1 combustibles\"}]},{\"@type\":\"WebSite\",\"@id\":\"https:\\\/\\\/www.eldiario.net\\\/portal\\\/#website\",\"url\":\"https:\\\/\\\/www.eldiario.net\\\/portal\\\/\",\"name\":\"El Diario - Decano de la prensa nacional\",\"description\":\"El Diario - Decano de la prensa nacional\",\"publisher\":{\"@id\":\"https:\\\/\\\/www.eldiario.net\\\/portal\\\/#organization\"},\"potentialAction\":[{\"@type\":\"SearchAction\",\"target\":{\"@type\":\"EntryPoint\",\"urlTemplate\":\"https:\\\/\\\/www.eldiario.net\\\/portal\\\/?s={search_term_string}\"},\"query-input\":{\"@type\":\"PropertyValueSpecification\",\"valueRequired\":true,\"valueName\":\"search_term_string\"}}],\"inLanguage\":\"es\"},{\"@type\":\"Organization\",\"@id\":\"https:\\\/\\\/www.eldiario.net\\\/portal\\\/#organization\",\"name\":\"El Diario - Decano de la prensa nacional\",\"url\":\"https:\\\/\\\/www.eldiario.net\\\/portal\\\/\",\"logo\":{\"@type\":\"ImageObject\",\"inLanguage\":\"es\",\"@id\":\"https:\\\/\\\/www.eldiario.net\\\/portal\\\/#\\\/schema\\\/logo\\\/image\\\/\",\"url\":\"https:\\\/\\\/www.eldiario.net\\\/portal\\\/wp-content\\\/uploads\\\/2023\\\/07\\\/logo_ED.jpg\",\"contentUrl\":\"https:\\\/\\\/www.eldiario.net\\\/portal\\\/wp-content\\\/uploads\\\/2023\\\/07\\\/logo_ED.jpg\",\"width\":272,\"height\":52,\"caption\":\"El Diario - Decano de la prensa nacional\"},\"image\":{\"@id\":\"https:\\\/\\\/www.eldiario.net\\\/portal\\\/#\\\/schema\\\/logo\\\/image\\\/\"},\"sameAs\":[\"https:\\\/\\\/www.facebook.com\\\/eldiario.bolivia\\\/\",\"https:\\\/\\\/x.com\\\/eldiario_net\"]},{\"@type\":\"Person\",\"@id\":\"https:\\\/\\\/www.eldiario.net\\\/portal\\\/#\\\/schema\\\/person\\\/f46445640444750d7d753ccd04ae01b7\",\"name\":\"Jeanette\",\"image\":{\"@type\":\"ImageObject\",\"inLanguage\":\"es\",\"@id\":\"https:\\\/\\\/secure.gravatar.com\\\/avatar\\\/3ea2118a5f7dad2b7138b1187a6b7ee55f160b9968b66013c3a3ef39dd7e5798?s=96&d=mm&r=g\",\"url\":\"https:\\\/\\\/secure.gravatar.com\\\/avatar\\\/3ea2118a5f7dad2b7138b1187a6b7ee55f160b9968b66013c3a3ef39dd7e5798?s=96&d=mm&r=g\",\"contentUrl\":\"https:\\\/\\\/secure.gravatar.com\\\/avatar\\\/3ea2118a5f7dad2b7138b1187a6b7ee55f160b9968b66013c3a3ef39dd7e5798?s=96&d=mm&r=g\",\"caption\":\"Jeanette\"},\"sameAs\":[\"https:\\\/\\\/www.eldiario.net\\\/portal\"],\"url\":\"https:\\\/\\\/www.eldiario.net\\\/portal\\\/author\\\/jeanette\\\/\"}]}<\/script>\n<!-- \/ Yoast SEO plugin. -->","yoast_head_json":{"title":"Intervendr\u00e1n YPFB y ya no comercializar\u00e1 combustibles - El Diario - Bolivia","robots":{"index":"index","follow":"follow","max-snippet":"max-snippet:-1","max-image-preview":"max-image-preview:large","max-video-preview":"max-video-preview:-1"},"canonical":"https:\/\/www.eldiario.net\/portal\/2026\/09\/03\/intervendran-ypfb-y-ya-no-comercializara-combustibles\/","og_locale":"es_ES","og_type":"article","og_title":"Intervendr\u00e1n YPFB y ya no comercializar\u00e1 combustibles - El Diario - Bolivia","og_description":"Con la intervenci\u00f3n iniciada ayer, el Gobierno busca que Yacimientos Petrol\u00edferos Fiscales Bolivianos (YPFB) deje de comercializar carburantes y se encargue de las actividades de explotaci\u00f3n y exploraci\u00f3n de campos petroleros, sostuvo el ministro de Hidrocarburos y Energ\u00edas, Marcelo Blanco, quien justific\u00f3 que la medida asumida responde a las deficiencias log\u00edsticas en la importaci\u00f3n y [&hellip;]","og_url":"https:\/\/www.eldiario.net\/portal\/2026\/09\/03\/intervendran-ypfb-y-ya-no-comercializara-combustibles\/","og_site_name":"El Diario - Bolivia","article_publisher":"https:\/\/www.facebook.com\/eldiario.bolivia\/","article_published_time":"2026-09-03T09:42:47+00:00","og_image":[{"width":1280,"height":853,"url":"https:\/\/www.eldiario.net\/portal\/wp-content\/uploads\/2026\/09\/ypfb-2.webp","type":"image\/webp"}],"author":"Jeanette","twitter_card":"summary_large_image","twitter_creator":"@eldiario_net","twitter_site":"@eldiario_net","twitter_misc":{"Escrito por":"Jeanette","Tiempo de lectura":"4 minutos"},"schema":{"@context":"https:\/\/schema.org","@graph":[{"@type":"Article","@id":"https:\/\/www.eldiario.net\/portal\/2026\/09\/03\/intervendran-ypfb-y-ya-no-comercializara-combustibles\/#article","isPartOf":{"@id":"https:\/\/www.eldiario.net\/portal\/2026\/09\/03\/intervendran-ypfb-y-ya-no-comercializara-combustibles\/"},"author":{"name":"Jeanette","@id":"https:\/\/www.eldiario.net\/portal\/#\/schema\/person\/f46445640444750d7d753ccd04ae01b7"},"headline":"Intervendr\u00e1n YPFB y ya no comercializar\u00e1 combustibles","datePublished":"2026-09-03T09:42:47+00:00","mainEntityOfPage":{"@id":"https:\/\/www.eldiario.net\/portal\/2026\/09\/03\/intervendran-ypfb-y-ya-no-comercializara-combustibles\/"},"wordCount":724,"publisher":{"@id":"https:\/\/www.eldiario.net\/portal\/#organization"},"image":{"@id":"https:\/\/www.eldiario.net\/portal\/2026\/09\/03\/intervendran-ypfb-y-ya-no-comercializara-combustibles\/#primaryimage"},"thumbnailUrl":"https:\/\/www.eldiario.net\/portal\/wp-content\/uploads\/2026\/09\/ypfb-2.webp","articleSection":["Principal"],"inLanguage":"es"},{"@type":"WebPage","@id":"https:\/\/www.eldiario.net\/portal\/2026\/09\/03\/intervendran-ypfb-y-ya-no-comercializara-combustibles\/","url":"https:\/\/www.eldiario.net\/portal\/2026\/09\/03\/intervendran-ypfb-y-ya-no-comercializara-combustibles\/","name":"Intervendr\u00e1n YPFB y ya no comercializar\u00e1 combustibles - El Diario - Bolivia","isPartOf":{"@id":"https:\/\/www.eldiario.net\/portal\/#website"},"primaryImageOfPage":{"@id":"https:\/\/www.eldiario.net\/portal\/2026\/09\/03\/intervendran-ypfb-y-ya-no-comercializara-combustibles\/#primaryimage"},"image":{"@id":"https:\/\/www.eldiario.net\/portal\/2026\/09\/03\/intervendran-ypfb-y-ya-no-comercializara-combustibles\/#primaryimage"},"thumbnailUrl":"https:\/\/www.eldiario.net\/portal\/wp-content\/uploads\/2026\/09\/ypfb-2.webp","datePublished":"2026-09-03T09:42:47+00:00","breadcrumb":{"@id":"https:\/\/www.eldiario.net\/portal\/2026\/09\/03\/intervendran-ypfb-y-ya-no-comercializara-combustibles\/#breadcrumb"},"inLanguage":"es","potentialAction":[{"@type":"ReadAction","target":["https:\/\/www.eldiario.net\/portal\/2026\/09\/03\/intervendran-ypfb-y-ya-no-comercializara-combustibles\/"]}]},{"@type":"ImageObject","inLanguage":"es","@id":"https:\/\/www.eldiario.net\/portal\/2026\/09\/03\/intervendran-ypfb-y-ya-no-comercializara-combustibles\/#primaryimage","url":"https:\/\/www.eldiario.net\/portal\/wp-content\/uploads\/2026\/09\/ypfb-2.webp","contentUrl":"https:\/\/www.eldiario.net\/portal\/wp-content\/uploads\/2026\/09\/ypfb-2.webp","width":1280,"height":853,"caption":"Ministro de Hidrocarburos, Marcelo Blanco. CR\u00c9DITO: APG"},{"@type":"BreadcrumbList","@id":"https:\/\/www.eldiario.net\/portal\/2026\/09\/03\/intervendran-ypfb-y-ya-no-comercializara-combustibles\/#breadcrumb","itemListElement":[{"@type":"ListItem","position":1,"name":"Portada","item":"https:\/\/www.eldiario.net\/portal\/"},{"@type":"ListItem","position":2,"name":"Intervendr\u00e1n YPFB y ya no comercializar\u00e1 combustibles"}]},{"@type":"WebSite","@id":"https:\/\/www.eldiario.net\/portal\/#website","url":"https:\/\/www.eldiario.net\/portal\/","name":"El Diario - Decano de la prensa nacional","description":"El Diario - Decano de la prensa nacional","publisher":{"@id":"https:\/\/www.eldiario.net\/portal\/#organization"},"potentialAction":[{"@type":"SearchAction","target":{"@type":"EntryPoint","urlTemplate":"https:\/\/www.eldiario.net\/portal\/?s={search_term_string}"},"query-input":{"@type":"PropertyValueSpecification","valueRequired":true,"valueName":"search_term_string"}}],"inLanguage":"es"},{"@type":"Organization","@id":"https:\/\/www.eldiario.net\/portal\/#organization","name":"El Diario - Decano de la prensa nacional","url":"https:\/\/www.eldiario.net\/portal\/","logo":{"@type":"ImageObject","inLanguage":"es","@id":"https:\/\/www.eldiario.net\/portal\/#\/schema\/logo\/image\/","url":"https:\/\/www.eldiario.net\/portal\/wp-content\/uploads\/2023\/07\/logo_ED.jpg","contentUrl":"https:\/\/www.eldiario.net\/portal\/wp-content\/uploads\/2023\/07\/logo_ED.jpg","width":272,"height":52,"caption":"El Diario - Decano de la prensa nacional"},"image":{"@id":"https:\/\/www.eldiario.net\/portal\/#\/schema\/logo\/image\/"},"sameAs":["https:\/\/www.facebook.com\/eldiario.bolivia\/","https:\/\/x.com\/eldiario_net"]},{"@type":"Person","@id":"https:\/\/www.eldiario.net\/portal\/#\/schema\/person\/f46445640444750d7d753ccd04ae01b7","name":"Jeanette","image":{"@type":"ImageObject","inLanguage":"es","@id":"https:\/\/secure.gravatar.com\/avatar\/3ea2118a5f7dad2b7138b1187a6b7ee55f160b9968b66013c3a3ef39dd7e5798?s=96&d=mm&r=g","url":"https:\/\/secure.gravatar.com\/avatar\/3ea2118a5f7dad2b7138b1187a6b7ee55f160b9968b66013c3a3ef39dd7e5798?s=96&d=mm&r=g","contentUrl":"https:\/\/secure.gravatar.com\/avatar\/3ea2118a5f7dad2b7138b1187a6b7ee55f160b9968b66013c3a3ef39dd7e5798?s=96&d=mm&r=g","caption":"Jeanette"},"sameAs":["https:\/\/www.eldiario.net\/portal"],"url":"https:\/\/www.eldiario.net\/portal\/author\/jeanette\/"}]}},"_links":{"self":[{"href":"https:\/\/www.eldiario.net\/portal\/wp-json\/wp\/v2\/posts\/427197","targetHints":{"allow":["GET"]}}],"collection":[{"href":"https:\/\/www.eldiario.net\/portal\/wp-json\/wp\/v2\/posts"}],"about":[{"href":"https:\/\/www.eldiario.net\/portal\/wp-json\/wp\/v2\/types\/post"}],"author":[{"embeddable":true,"href":"https:\/\/www.eldiario.net\/portal\/wp-json\/wp\/v2\/users\/1"}],"replies":[{"embeddable":true,"href":"https:\/\/www.eldiario.net\/portal\/wp-json\/wp\/v2\/comments?post=427197"}],"version-history":[{"count":1,"href":"https:\/\/www.eldiario.net\/portal\/wp-json\/wp\/v2\/posts\/427197\/revisions"}],"predecessor-version":[{"id":427199,"href":"https:\/\/www.eldiario.net\/portal\/wp-json\/wp\/v2\/posts\/427197\/revisions\/427199"}],"wp:featuredmedia":[{"embeddable":true,"href":"https:\/\/www.eldiario.net\/portal\/wp-json\/wp\/v2\/media\/427198"}],"wp:attachment":[{"href":"https:\/\/www.eldiario.net\/portal\/wp-json\/wp\/v2\/media?parent=427197"}],"wp:term":[{"taxonomy":"category","embeddable":true,"href":"https:\/\/www.eldiario.net\/portal\/wp-json\/wp\/v2\/categories?post=427197"},{"taxonomy":"post_tag","embeddable":true,"href":"https:\/\/www.eldiario.net\/portal\/wp-json\/wp\/v2\/tags?post=427197"}],"curies":[{"name":"wp","href":"https:\/\/api.w.org\/{rel}","templated":true}]}}