{"id":427194,"date":"2026-09-03T05:41:40","date_gmt":"2026-09-03T09:41:40","guid":{"rendered":"https:\/\/www.eldiario.net\/portal\/?p=427194"},"modified":"2026-09-03T05:41:40","modified_gmt":"2026-09-03T09:41:40","slug":"comision-chilena-llegara-a-bolivia-por-caso-maderas","status":"publish","type":"post","link":"https:\/\/www.eldiario.net\/portal\/2026\/09\/03\/comision-chilena-llegara-a-bolivia-por-caso-maderas\/","title":{"rendered":"Comisi\u00f3n chilena llegar\u00e1 a  Bolivia por \u00abcaso maderas\u00bb"},"content":{"rendered":"<p class=\"v1MsoNormal\">El ministro de Gobierno, Marco Antonio Oviedo, inform\u00f3 que el viernes arribar\u00e1 a Bolivia una delegaci\u00f3n de la Comisi\u00f3n de Constituci\u00f3n, Justicia y Ministerio P\u00fablico del Senado de Chile para colaborar en el esclarecimiento del caso de las maderas bolivianas retenidas en el puerto de Arica.<\/p>\n<p class=\"v1MsoNormal\">La delegaci\u00f3n sostendr\u00e1 reuniones de trabajo con el canciller H\u00e9ctor Huanca y cumplir\u00e1 una visita protocolar al presidente Rodrigo Paz, como parte de su agenda durante su estad\u00eda en el pa\u00eds.<\/p>\n<p class=\"v1MsoNormal\">Uno de los principales objetivos ser\u00e1 gestionar ante la Fiscal\u00eda de Arica el acceso al cargamento retenido y la entrega de informaci\u00f3n sobre el proceso. Seg\u00fan el Gobierno boliviano, hasta ahora no se permiti\u00f3 examinar la madera ni se proporcionaron datos suficientes sobre la investigaci\u00f3n.<\/p>\n<p class=\"v1MsoNormal\">El caso se conoci\u00f3 el 8 de junio, cuando la Fiscal\u00eda de Arica inform\u00f3 sobre la presunta detecci\u00f3n de m\u00e1s de 100 toneladas de droga en madera exportada desde Bolivia. La situaci\u00f3n provoc\u00f3 la paralizaci\u00f3n de parte de las exportaciones y afect\u00f3 al sector forestal, que reclama una reparaci\u00f3n por los perjuicios ocasionados.<\/p>\n<p class=\"v1MsoNormal\">Ante ese escenario, Bolivia busca obtener muestras del cargamento para someterlas a an\u00e1lisis t\u00e9cnicos y cient\u00edficos. El Gobierno pretende que estas pruebas cuenten con la participaci\u00f3n de la Administraci\u00f3n para el Control de Drogas (DEA), Unidos, Naciones Unidas y la Uni\u00f3n Europea, adem\u00e1s de realizar contra pericias con las muestras que sean entregadas por Chile.<\/p>\n<p class=\"v1MsoNormal\">Oviedo tambi\u00e9n cuestion\u00f3 que el cargamento sea denominado \u00abnarco maderas\u00bb mientras la investigaci\u00f3n contin\u00faa, al considerar que esa expresi\u00f3n perjudica la imagen de un sector productivo que genera miles de empleos en el pa\u00eds.<\/p>\n<p class=\"v1MsoNormal\">La visita de la comisi\u00f3n chilena se suma a otros mecanismos de coordinaci\u00f3n entre ambos pa\u00edses. Esta semana comenz\u00f3 a operar Rampol, instancia que re\u00fane a los altos mandos policiales de Bolivia y Chile para fortalecer la cooperaci\u00f3n en materia de seguridad fronteriza.<\/p>\n<p class=\"v1MsoNormal\">El Gobierno tambi\u00e9n inform\u00f3 que prepara mecanismos similares de coordinaci\u00f3n con Per\u00fa y destac\u00f3 los avances de las acciones conjuntas con Brasil, dentro de su estrategia regional contra el narcotr\u00e1fico, el contrabando y la trata de personas. (EL DIARIO y agencias)<\/p>\n<p class=\"v1MsoNormal\">\n","protected":false},"excerpt":{"rendered":"<p>El ministro de Gobierno, Marco Antonio Oviedo, inform\u00f3 que el viernes arribar\u00e1 a Bolivia una delegaci\u00f3n de la Comisi\u00f3n de Constituci\u00f3n, Justicia y Ministerio P\u00fablico del Senado de Chile para colaborar en el esclarecimiento del caso de las maderas bolivianas retenidas en el puerto de Arica. La delegaci\u00f3n sostendr\u00e1 reuniones de trabajo con el canciller [&hellip;]<\/p>\n","protected":false},"author":1,"featured_media":427195,"comment_status":"closed","ping_status":"open","sticky":false,"template":"","format":"standard","meta":{"_acf_changed":false,"footnotes":""},"categories":[15],"tags":[],"class_list":["post-427194","post","type-post","status-publish","format-standard","has-post-thumbnail","category-portada"],"acf":{"antetitulo":"En busca de esclarecimiento"},"yoast_head":"<!-- This site is optimized with the Yoast SEO plugin v28.4 - https:\/\/yoast.com\/product\/yoast-seo-wordpress\/ -->\n<title>Comisi\u00f3n chilena llegar\u00e1 a Bolivia por &quot;caso maderas&quot; - El Diario - Bolivia<\/title>\n<meta name=\"robots\" content=\"index, follow, max-snippet:-1, max-image-preview:large, max-video-preview:-1\" \/>\n<link rel=\"canonical\" href=\"https:\/\/www.eldiario.net\/portal\/2026\/09\/03\/comision-chilena-llegara-a-bolivia-por-caso-maderas\/\" \/>\n<meta property=\"og:locale\" content=\"es_ES\" \/>\n<meta property=\"og:type\" content=\"article\" \/>\n<meta property=\"og:title\" content=\"Comisi\u00f3n chilena llegar\u00e1 a Bolivia por &quot;caso maderas&quot; - El Diario - Bolivia\" \/>\n<meta property=\"og:description\" content=\"El ministro de Gobierno, Marco Antonio Oviedo, inform\u00f3 que el viernes arribar\u00e1 a Bolivia una delegaci\u00f3n de la Comisi\u00f3n de Constituci\u00f3n, Justicia y Ministerio P\u00fablico del Senado de Chile para colaborar en el esclarecimiento del caso de las maderas bolivianas retenidas en el puerto de Arica. La delegaci\u00f3n sostendr\u00e1 reuniones de trabajo con el canciller [&hellip;]\" \/>\n<meta property=\"og:url\" content=\"https:\/\/www.eldiario.net\/portal\/2026\/09\/03\/comision-chilena-llegara-a-bolivia-por-caso-maderas\/\" \/>\n<meta property=\"og:site_name\" content=\"El Diario - Bolivia\" \/>\n<meta property=\"article:publisher\" content=\"https:\/\/www.facebook.com\/eldiario.bolivia\/\" \/>\n<meta property=\"article:published_time\" content=\"2026-09-03T09:41:40+00:00\" \/>\n<meta property=\"og:image\" content=\"https:\/\/www.eldiario.net\/portal\/wp-content\/uploads\/2026\/09\/MADERAS-FOTO-1-1.webp\" \/>\n\t<meta property=\"og:image:width\" content=\"768\" \/>\n\t<meta property=\"og:image:height\" content=\"512\" \/>\n\t<meta property=\"og:image:type\" content=\"image\/webp\" \/>\n<meta name=\"author\" content=\"Jeanette\" \/>\n<meta name=\"twitter:card\" content=\"summary_large_image\" \/>\n<meta name=\"twitter:creator\" content=\"@eldiario_net\" \/>\n<meta name=\"twitter:site\" content=\"@eldiario_net\" \/>\n<meta name=\"twitter:label1\" content=\"Escrito por\" \/>\n\t<meta name=\"twitter:data1\" content=\"Jeanette\" \/>\n\t<meta name=\"twitter:label2\" content=\"Tiempo de lectura\" \/>\n\t<meta name=\"twitter:data2\" content=\"2 minutos\" \/>\n<script type=\"application\/ld+json\" class=\"yoast-schema-graph\">{\"@context\":\"https:\\\/\\\/schema.org\",\"@graph\":[{\"@type\":\"Article\",\"@id\":\"https:\\\/\\\/www.eldiario.net\\\/portal\\\/2026\\\/09\\\/03\\\/comision-chilena-llegara-a-bolivia-por-caso-maderas\\\/#article\",\"isPartOf\":{\"@id\":\"https:\\\/\\\/www.eldiario.net\\\/portal\\\/2026\\\/09\\\/03\\\/comision-chilena-llegara-a-bolivia-por-caso-maderas\\\/\"},\"author\":{\"name\":\"Jeanette\",\"@id\":\"https:\\\/\\\/www.eldiario.net\\\/portal\\\/#\\\/schema\\\/person\\\/f46445640444750d7d753ccd04ae01b7\"},\"headline\":\"Comisi\u00f3n chilena llegar\u00e1 a Bolivia por \u00abcaso maderas\u00bb\",\"datePublished\":\"2026-09-03T09:41:40+00:00\",\"mainEntityOfPage\":{\"@id\":\"https:\\\/\\\/www.eldiario.net\\\/portal\\\/2026\\\/09\\\/03\\\/comision-chilena-llegara-a-bolivia-por-caso-maderas\\\/\"},\"wordCount\":393,\"publisher\":{\"@id\":\"https:\\\/\\\/www.eldiario.net\\\/portal\\\/#organization\"},\"image\":{\"@id\":\"https:\\\/\\\/www.eldiario.net\\\/portal\\\/2026\\\/09\\\/03\\\/comision-chilena-llegara-a-bolivia-por-caso-maderas\\\/#primaryimage\"},\"thumbnailUrl\":\"https:\\\/\\\/www.eldiario.net\\\/portal\\\/wp-content\\\/uploads\\\/2026\\\/09\\\/MADERAS-FOTO-1-1.webp\",\"articleSection\":[\"Portada\"],\"inLanguage\":\"es\"},{\"@type\":\"WebPage\",\"@id\":\"https:\\\/\\\/www.eldiario.net\\\/portal\\\/2026\\\/09\\\/03\\\/comision-chilena-llegara-a-bolivia-por-caso-maderas\\\/\",\"url\":\"https:\\\/\\\/www.eldiario.net\\\/portal\\\/2026\\\/09\\\/03\\\/comision-chilena-llegara-a-bolivia-por-caso-maderas\\\/\",\"name\":\"Comisi\u00f3n chilena llegar\u00e1 a Bolivia por \\\"caso maderas\\\" - El Diario - Bolivia\",\"isPartOf\":{\"@id\":\"https:\\\/\\\/www.eldiario.net\\\/portal\\\/#website\"},\"primaryImageOfPage\":{\"@id\":\"https:\\\/\\\/www.eldiario.net\\\/portal\\\/2026\\\/09\\\/03\\\/comision-chilena-llegara-a-bolivia-por-caso-maderas\\\/#primaryimage\"},\"image\":{\"@id\":\"https:\\\/\\\/www.eldiario.net\\\/portal\\\/2026\\\/09\\\/03\\\/comision-chilena-llegara-a-bolivia-por-caso-maderas\\\/#primaryimage\"},\"thumbnailUrl\":\"https:\\\/\\\/www.eldiario.net\\\/portal\\\/wp-content\\\/uploads\\\/2026\\\/09\\\/MADERAS-FOTO-1-1.webp\",\"datePublished\":\"2026-09-03T09:41:40+00:00\",\"breadcrumb\":{\"@id\":\"https:\\\/\\\/www.eldiario.net\\\/portal\\\/2026\\\/09\\\/03\\\/comision-chilena-llegara-a-bolivia-por-caso-maderas\\\/#breadcrumb\"},\"inLanguage\":\"es\",\"potentialAction\":[{\"@type\":\"ReadAction\",\"target\":[\"https:\\\/\\\/www.eldiario.net\\\/portal\\\/2026\\\/09\\\/03\\\/comision-chilena-llegara-a-bolivia-por-caso-maderas\\\/\"]}]},{\"@type\":\"ImageObject\",\"inLanguage\":\"es\",\"@id\":\"https:\\\/\\\/www.eldiario.net\\\/portal\\\/2026\\\/09\\\/03\\\/comision-chilena-llegara-a-bolivia-por-caso-maderas\\\/#primaryimage\",\"url\":\"https:\\\/\\\/www.eldiario.net\\\/portal\\\/wp-content\\\/uploads\\\/2026\\\/09\\\/MADERAS-FOTO-1-1.webp\",\"contentUrl\":\"https:\\\/\\\/www.eldiario.net\\\/portal\\\/wp-content\\\/uploads\\\/2026\\\/09\\\/MADERAS-FOTO-1-1.webp\",\"width\":768,\"height\":512,\"caption\":\"Cargamento de madera retenido en el puerto de Arica. CR\u00c9DITO: RRSS\"},{\"@type\":\"BreadcrumbList\",\"@id\":\"https:\\\/\\\/www.eldiario.net\\\/portal\\\/2026\\\/09\\\/03\\\/comision-chilena-llegara-a-bolivia-por-caso-maderas\\\/#breadcrumb\",\"itemListElement\":[{\"@type\":\"ListItem\",\"position\":1,\"name\":\"Portada\",\"item\":\"https:\\\/\\\/www.eldiario.net\\\/portal\\\/\"},{\"@type\":\"ListItem\",\"position\":2,\"name\":\"Comisi\u00f3n chilena llegar\u00e1 a Bolivia por \u00abcaso maderas\u00bb\"}]},{\"@type\":\"WebSite\",\"@id\":\"https:\\\/\\\/www.eldiario.net\\\/portal\\\/#website\",\"url\":\"https:\\\/\\\/www.eldiario.net\\\/portal\\\/\",\"name\":\"El Diario - Decano de la prensa nacional\",\"description\":\"El Diario - Decano de la prensa nacional\",\"publisher\":{\"@id\":\"https:\\\/\\\/www.eldiario.net\\\/portal\\\/#organization\"},\"potentialAction\":[{\"@type\":\"SearchAction\",\"target\":{\"@type\":\"EntryPoint\",\"urlTemplate\":\"https:\\\/\\\/www.eldiario.net\\\/portal\\\/?s={search_term_string}\"},\"query-input\":{\"@type\":\"PropertyValueSpecification\",\"valueRequired\":true,\"valueName\":\"search_term_string\"}}],\"inLanguage\":\"es\"},{\"@type\":\"Organization\",\"@id\":\"https:\\\/\\\/www.eldiario.net\\\/portal\\\/#organization\",\"name\":\"El Diario - Decano de la prensa nacional\",\"url\":\"https:\\\/\\\/www.eldiario.net\\\/portal\\\/\",\"logo\":{\"@type\":\"ImageObject\",\"inLanguage\":\"es\",\"@id\":\"https:\\\/\\\/www.eldiario.net\\\/portal\\\/#\\\/schema\\\/logo\\\/image\\\/\",\"url\":\"https:\\\/\\\/www.eldiario.net\\\/portal\\\/wp-content\\\/uploads\\\/2023\\\/07\\\/logo_ED.jpg\",\"contentUrl\":\"https:\\\/\\\/www.eldiario.net\\\/portal\\\/wp-content\\\/uploads\\\/2023\\\/07\\\/logo_ED.jpg\",\"width\":272,\"height\":52,\"caption\":\"El Diario - Decano de la prensa nacional\"},\"image\":{\"@id\":\"https:\\\/\\\/www.eldiario.net\\\/portal\\\/#\\\/schema\\\/logo\\\/image\\\/\"},\"sameAs\":[\"https:\\\/\\\/www.facebook.com\\\/eldiario.bolivia\\\/\",\"https:\\\/\\\/x.com\\\/eldiario_net\"]},{\"@type\":\"Person\",\"@id\":\"https:\\\/\\\/www.eldiario.net\\\/portal\\\/#\\\/schema\\\/person\\\/f46445640444750d7d753ccd04ae01b7\",\"name\":\"Jeanette\",\"image\":{\"@type\":\"ImageObject\",\"inLanguage\":\"es\",\"@id\":\"https:\\\/\\\/secure.gravatar.com\\\/avatar\\\/3ea2118a5f7dad2b7138b1187a6b7ee55f160b9968b66013c3a3ef39dd7e5798?s=96&d=mm&r=g\",\"url\":\"https:\\\/\\\/secure.gravatar.com\\\/avatar\\\/3ea2118a5f7dad2b7138b1187a6b7ee55f160b9968b66013c3a3ef39dd7e5798?s=96&d=mm&r=g\",\"contentUrl\":\"https:\\\/\\\/secure.gravatar.com\\\/avatar\\\/3ea2118a5f7dad2b7138b1187a6b7ee55f160b9968b66013c3a3ef39dd7e5798?s=96&d=mm&r=g\",\"caption\":\"Jeanette\"},\"sameAs\":[\"https:\\\/\\\/www.eldiario.net\\\/portal\"],\"url\":\"https:\\\/\\\/www.eldiario.net\\\/portal\\\/author\\\/jeanette\\\/\"}]}<\/script>\n<!-- \/ Yoast SEO plugin. -->","yoast_head_json":{"title":"Comisi\u00f3n chilena llegar\u00e1 a Bolivia por \"caso maderas\" - El Diario - Bolivia","robots":{"index":"index","follow":"follow","max-snippet":"max-snippet:-1","max-image-preview":"max-image-preview:large","max-video-preview":"max-video-preview:-1"},"canonical":"https:\/\/www.eldiario.net\/portal\/2026\/09\/03\/comision-chilena-llegara-a-bolivia-por-caso-maderas\/","og_locale":"es_ES","og_type":"article","og_title":"Comisi\u00f3n chilena llegar\u00e1 a Bolivia por \"caso maderas\" - El Diario - Bolivia","og_description":"El ministro de Gobierno, Marco Antonio Oviedo, inform\u00f3 que el viernes arribar\u00e1 a Bolivia una delegaci\u00f3n de la Comisi\u00f3n de Constituci\u00f3n, Justicia y Ministerio P\u00fablico del Senado de Chile para colaborar en el esclarecimiento del caso de las maderas bolivianas retenidas en el puerto de Arica. La delegaci\u00f3n sostendr\u00e1 reuniones de trabajo con el canciller [&hellip;]","og_url":"https:\/\/www.eldiario.net\/portal\/2026\/09\/03\/comision-chilena-llegara-a-bolivia-por-caso-maderas\/","og_site_name":"El Diario - Bolivia","article_publisher":"https:\/\/www.facebook.com\/eldiario.bolivia\/","article_published_time":"2026-09-03T09:41:40+00:00","og_image":[{"width":768,"height":512,"url":"https:\/\/www.eldiario.net\/portal\/wp-content\/uploads\/2026\/09\/MADERAS-FOTO-1-1.webp","type":"image\/webp"}],"author":"Jeanette","twitter_card":"summary_large_image","twitter_creator":"@eldiario_net","twitter_site":"@eldiario_net","twitter_misc":{"Escrito por":"Jeanette","Tiempo de lectura":"2 minutos"},"schema":{"@context":"https:\/\/schema.org","@graph":[{"@type":"Article","@id":"https:\/\/www.eldiario.net\/portal\/2026\/09\/03\/comision-chilena-llegara-a-bolivia-por-caso-maderas\/#article","isPartOf":{"@id":"https:\/\/www.eldiario.net\/portal\/2026\/09\/03\/comision-chilena-llegara-a-bolivia-por-caso-maderas\/"},"author":{"name":"Jeanette","@id":"https:\/\/www.eldiario.net\/portal\/#\/schema\/person\/f46445640444750d7d753ccd04ae01b7"},"headline":"Comisi\u00f3n chilena llegar\u00e1 a Bolivia por \u00abcaso maderas\u00bb","datePublished":"2026-09-03T09:41:40+00:00","mainEntityOfPage":{"@id":"https:\/\/www.eldiario.net\/portal\/2026\/09\/03\/comision-chilena-llegara-a-bolivia-por-caso-maderas\/"},"wordCount":393,"publisher":{"@id":"https:\/\/www.eldiario.net\/portal\/#organization"},"image":{"@id":"https:\/\/www.eldiario.net\/portal\/2026\/09\/03\/comision-chilena-llegara-a-bolivia-por-caso-maderas\/#primaryimage"},"thumbnailUrl":"https:\/\/www.eldiario.net\/portal\/wp-content\/uploads\/2026\/09\/MADERAS-FOTO-1-1.webp","articleSection":["Portada"],"inLanguage":"es"},{"@type":"WebPage","@id":"https:\/\/www.eldiario.net\/portal\/2026\/09\/03\/comision-chilena-llegara-a-bolivia-por-caso-maderas\/","url":"https:\/\/www.eldiario.net\/portal\/2026\/09\/03\/comision-chilena-llegara-a-bolivia-por-caso-maderas\/","name":"Comisi\u00f3n chilena llegar\u00e1 a Bolivia por \"caso maderas\" - El Diario - Bolivia","isPartOf":{"@id":"https:\/\/www.eldiario.net\/portal\/#website"},"primaryImageOfPage":{"@id":"https:\/\/www.eldiario.net\/portal\/2026\/09\/03\/comision-chilena-llegara-a-bolivia-por-caso-maderas\/#primaryimage"},"image":{"@id":"https:\/\/www.eldiario.net\/portal\/2026\/09\/03\/comision-chilena-llegara-a-bolivia-por-caso-maderas\/#primaryimage"},"thumbnailUrl":"https:\/\/www.eldiario.net\/portal\/wp-content\/uploads\/2026\/09\/MADERAS-FOTO-1-1.webp","datePublished":"2026-09-03T09:41:40+00:00","breadcrumb":{"@id":"https:\/\/www.eldiario.net\/portal\/2026\/09\/03\/comision-chilena-llegara-a-bolivia-por-caso-maderas\/#breadcrumb"},"inLanguage":"es","potentialAction":[{"@type":"ReadAction","target":["https:\/\/www.eldiario.net\/portal\/2026\/09\/03\/comision-chilena-llegara-a-bolivia-por-caso-maderas\/"]}]},{"@type":"ImageObject","inLanguage":"es","@id":"https:\/\/www.eldiario.net\/portal\/2026\/09\/03\/comision-chilena-llegara-a-bolivia-por-caso-maderas\/#primaryimage","url":"https:\/\/www.eldiario.net\/portal\/wp-content\/uploads\/2026\/09\/MADERAS-FOTO-1-1.webp","contentUrl":"https:\/\/www.eldiario.net\/portal\/wp-content\/uploads\/2026\/09\/MADERAS-FOTO-1-1.webp","width":768,"height":512,"caption":"Cargamento de madera retenido en el puerto de Arica. CR\u00c9DITO: RRSS"},{"@type":"BreadcrumbList","@id":"https:\/\/www.eldiario.net\/portal\/2026\/09\/03\/comision-chilena-llegara-a-bolivia-por-caso-maderas\/#breadcrumb","itemListElement":[{"@type":"ListItem","position":1,"name":"Portada","item":"https:\/\/www.eldiario.net\/portal\/"},{"@type":"ListItem","position":2,"name":"Comisi\u00f3n chilena llegar\u00e1 a Bolivia por \u00abcaso maderas\u00bb"}]},{"@type":"WebSite","@id":"https:\/\/www.eldiario.net\/portal\/#website","url":"https:\/\/www.eldiario.net\/portal\/","name":"El Diario - Decano de la prensa nacional","description":"El Diario - Decano de la prensa nacional","publisher":{"@id":"https:\/\/www.eldiario.net\/portal\/#organization"},"potentialAction":[{"@type":"SearchAction","target":{"@type":"EntryPoint","urlTemplate":"https:\/\/www.eldiario.net\/portal\/?s={search_term_string}"},"query-input":{"@type":"PropertyValueSpecification","valueRequired":true,"valueName":"search_term_string"}}],"inLanguage":"es"},{"@type":"Organization","@id":"https:\/\/www.eldiario.net\/portal\/#organization","name":"El Diario - Decano de la prensa nacional","url":"https:\/\/www.eldiario.net\/portal\/","logo":{"@type":"ImageObject","inLanguage":"es","@id":"https:\/\/www.eldiario.net\/portal\/#\/schema\/logo\/image\/","url":"https:\/\/www.eldiario.net\/portal\/wp-content\/uploads\/2023\/07\/logo_ED.jpg","contentUrl":"https:\/\/www.eldiario.net\/portal\/wp-content\/uploads\/2023\/07\/logo_ED.jpg","width":272,"height":52,"caption":"El Diario - Decano de la prensa nacional"},"image":{"@id":"https:\/\/www.eldiario.net\/portal\/#\/schema\/logo\/image\/"},"sameAs":["https:\/\/www.facebook.com\/eldiario.bolivia\/","https:\/\/x.com\/eldiario_net"]},{"@type":"Person","@id":"https:\/\/www.eldiario.net\/portal\/#\/schema\/person\/f46445640444750d7d753ccd04ae01b7","name":"Jeanette","image":{"@type":"ImageObject","inLanguage":"es","@id":"https:\/\/secure.gravatar.com\/avatar\/3ea2118a5f7dad2b7138b1187a6b7ee55f160b9968b66013c3a3ef39dd7e5798?s=96&d=mm&r=g","url":"https:\/\/secure.gravatar.com\/avatar\/3ea2118a5f7dad2b7138b1187a6b7ee55f160b9968b66013c3a3ef39dd7e5798?s=96&d=mm&r=g","contentUrl":"https:\/\/secure.gravatar.com\/avatar\/3ea2118a5f7dad2b7138b1187a6b7ee55f160b9968b66013c3a3ef39dd7e5798?s=96&d=mm&r=g","caption":"Jeanette"},"sameAs":["https:\/\/www.eldiario.net\/portal"],"url":"https:\/\/www.eldiario.net\/portal\/author\/jeanette\/"}]}},"_links":{"self":[{"href":"https:\/\/www.eldiario.net\/portal\/wp-json\/wp\/v2\/posts\/427194","targetHints":{"allow":["GET"]}}],"collection":[{"href":"https:\/\/www.eldiario.net\/portal\/wp-json\/wp\/v2\/posts"}],"about":[{"href":"https:\/\/www.eldiario.net\/portal\/wp-json\/wp\/v2\/types\/post"}],"author":[{"embeddable":true,"href":"https:\/\/www.eldiario.net\/portal\/wp-json\/wp\/v2\/users\/1"}],"replies":[{"embeddable":true,"href":"https:\/\/www.eldiario.net\/portal\/wp-json\/wp\/v2\/comments?post=427194"}],"version-history":[{"count":1,"href":"https:\/\/www.eldiario.net\/portal\/wp-json\/wp\/v2\/posts\/427194\/revisions"}],"predecessor-version":[{"id":427196,"href":"https:\/\/www.eldiario.net\/portal\/wp-json\/wp\/v2\/posts\/427194\/revisions\/427196"}],"wp:featuredmedia":[{"embeddable":true,"href":"https:\/\/www.eldiario.net\/portal\/wp-json\/wp\/v2\/media\/427195"}],"wp:attachment":[{"href":"https:\/\/www.eldiario.net\/portal\/wp-json\/wp\/v2\/media?parent=427194"}],"wp:term":[{"taxonomy":"category","embeddable":true,"href":"https:\/\/www.eldiario.net\/portal\/wp-json\/wp\/v2\/categories?post=427194"},{"taxonomy":"post_tag","embeddable":true,"href":"https:\/\/www.eldiario.net\/portal\/wp-json\/wp\/v2\/tags?post=427194"}],"curies":[{"name":"wp","href":"https:\/\/api.w.org\/{rel}","templated":true}]}}