{"id":427191,"date":"2026-09-03T05:40:06","date_gmt":"2026-09-03T09:40:06","guid":{"rendered":"https:\/\/www.eldiario.net\/portal\/?p=427191"},"modified":"2026-09-03T05:40:06","modified_gmt":"2026-09-03T09:40:06","slug":"eligen-a-angela-calabi-como-alcaldesa-interina","status":"publish","type":"post","link":"https:\/\/www.eldiario.net\/portal\/2026\/09\/03\/eligen-a-angela-calabi-como-alcaldesa-interina\/","title":{"rendered":"Eligen a \u00c1ngela Calabi  como alcaldesa interina"},"content":{"rendered":"<p class=\"v1MsoNormal\">Tras una discusi\u00f3n jur\u00eddica sobre la ausencia del alcalde de La Paz, C\u00e9sar Dockweiler, quien se encuentra en Colombia para participar en una reuni\u00f3n de alcaldes organizada por el Banco Interamericano de Desarrollo (BID), el Concejo Municipal de La Paz aprob\u00f3 la designaci\u00f3n de \u00c1ngela Calabi como alcaldesa interina, con seis votos a favor de los 11 concejales que participaron de la votaci\u00f3n.<\/p>\n<p class=\"v1MsoNormal\">El concejal Fernando Ruiz Saldias defendi\u00f3 la competencia del Concejo Municipal para resolver la suplencia y cuestion\u00f3 que disposiciones del nivel central del Estado puedan utilizarse para regular el funcionamiento interno de un gobierno municipal. \u00abEl decreto supremo del presidente no tiene alcance ni fuerza de ley sobre el gobierno local o los gobiernos locales\u00bb, asegur\u00f3 Ruiz durante la sesi\u00f3n.<\/p>\n<p class=\"v1MsoNormal\">El concejal tambi\u00e9n sostuvo que el municipio cuenta con un marco normativo propio para regular las ausencias y suplencias del alcalde.<\/p>\n<p class=\"v1MsoNormal\">\u00abLas ausencias, suplencias y modalidades de gesti\u00f3n del alcalde de La Paz est\u00e1n reguladas exclusivamente por la Ley de Gobiernos Aut\u00f3nomos Municipales, Ley N.\u00ba 482, y por las leyes municipales emitidas por el Concejo Municipal de La Paz\u00bb, se\u00f1al\u00f3.<\/p>\n<p class=\"v1MsoNormal\">Ruiz remarc\u00f3 que, bajo ese criterio, correspond\u00eda al Concejo asumir una determinaci\u00f3n para garantizar la continuidad de la administraci\u00f3n municipal. \u00abCreo que deber\u00edamos proceder con la elecci\u00f3n del \u00f3rgano interno\u00bb, plante\u00f3 el concejal durante el debate.<\/p>\n<p class=\"v1MsoNormal\">La bancada de Innovaci\u00f3n Humana cuestion\u00f3 la necesidad de designar una autoridad interina y sostuvo que la ausencia de cuatro d\u00edas no obligar\u00eda a realizar una designaci\u00f3n por lo q se abstuvieron de votar. Sin embargo, desde la oposici\u00f3n se respondi\u00f3 que ese plazo corresponde a viajes al interior del pa\u00eds, mientras que una ausencia del alcalde por viaje al exterior requiere la designaci\u00f3n de un interino mediante la correspondiente ordenanza municipal.<\/p>\n<p class=\"v1MsoNormal\">\n<p class=\"v1MsoNormal\">DEBATE POR EL DECRETO 5515<\/p>\n<p class=\"v1MsoNormal\">La discusi\u00f3n tambi\u00e9n estuvo marcada por la referencia de la bancada de Innovaci\u00f3n Humana al Decreto Supremo 5515, que establece mecanismos para que el Presidente del Estado pueda continuar ejerciendo sus funciones durante viajes mediante el uso de medios tecnol\u00f3gicos.<\/p>\n<p class=\"v1MsoNormal\">La oposici\u00f3n respondi\u00f3 que esa normativa se refiere al Presidente del Estado y no puede trasladarse autom\u00e1ticamente al r\u00e9gimen de los gobiernos aut\u00f3nomos municipales.<\/p>\n<p class=\"v1MsoNormal\">El conflicto se origin\u00f3 despu\u00e9s de que Dockweiler viajara a Colombia sin que previamente se hubiera designado un alcalde interino, hecho que fue denunciado por concejales de oposici\u00f3n como un \u00abvac\u00edo de poder\u00bb en el municipio pace\u00f1o.<\/p>\n<p class=\"v1MsoNormal\">Con la elecci\u00f3n de Calabi, el Concejo busc\u00f3 establecer una autoridad que asuma temporalmente las funciones del Ejecutivo municipal mientras dure la ausencia de Dockweiler, se\u00f1ala un reporte.<\/p>\n","protected":false},"excerpt":{"rendered":"<p>Tras una discusi\u00f3n jur\u00eddica sobre la ausencia del alcalde de La Paz, C\u00e9sar Dockweiler, quien se encuentra en Colombia para participar en una reuni\u00f3n de alcaldes organizada por el Banco Interamericano de Desarrollo (BID), el Concejo Municipal de La Paz aprob\u00f3 la designaci\u00f3n de \u00c1ngela Calabi como alcaldesa interina, con seis votos a favor de [&hellip;]<\/p>\n","protected":false},"author":1,"featured_media":427192,"comment_status":"closed","ping_status":"open","sticky":false,"template":"","format":"standard","meta":{"_acf_changed":false,"footnotes":""},"categories":[15],"tags":[],"class_list":["post-427191","post","type-post","status-publish","format-standard","has-post-thumbnail","category-portada"],"acf":{"antetitulo":"Cuestionan viaje de Dockweiler sin suplente"},"yoast_head":"<!-- This site is optimized with the Yoast SEO plugin v28.4 - https:\/\/yoast.com\/product\/yoast-seo-wordpress\/ -->\n<title>Eligen a \u00c1ngela Calabi como alcaldesa interina - El Diario - Bolivia<\/title>\n<meta name=\"robots\" content=\"index, follow, max-snippet:-1, max-image-preview:large, max-video-preview:-1\" \/>\n<link rel=\"canonical\" href=\"https:\/\/www.eldiario.net\/portal\/2026\/09\/03\/eligen-a-angela-calabi-como-alcaldesa-interina\/\" \/>\n<meta property=\"og:locale\" content=\"es_ES\" \/>\n<meta property=\"og:type\" content=\"article\" \/>\n<meta property=\"og:title\" content=\"Eligen a \u00c1ngela Calabi como alcaldesa interina - El Diario - Bolivia\" \/>\n<meta property=\"og:description\" content=\"Tras una discusi\u00f3n jur\u00eddica sobre la ausencia del alcalde de La Paz, C\u00e9sar Dockweiler, quien se encuentra en Colombia para participar en una reuni\u00f3n de alcaldes organizada por el Banco Interamericano de Desarrollo (BID), el Concejo Municipal de La Paz aprob\u00f3 la designaci\u00f3n de \u00c1ngela Calabi como alcaldesa interina, con seis votos a favor de [&hellip;]\" \/>\n<meta property=\"og:url\" content=\"https:\/\/www.eldiario.net\/portal\/2026\/09\/03\/eligen-a-angela-calabi-como-alcaldesa-interina\/\" \/>\n<meta property=\"og:site_name\" content=\"El Diario - Bolivia\" \/>\n<meta property=\"article:publisher\" content=\"https:\/\/www.facebook.com\/eldiario.bolivia\/\" \/>\n<meta property=\"article:published_time\" content=\"2026-09-03T09:40:06+00:00\" \/>\n<meta property=\"og:image\" content=\"https:\/\/www.eldiario.net\/portal\/wp-content\/uploads\/2026\/09\/ALCALDESA-FOTO-1.webp\" \/>\n\t<meta property=\"og:image:width\" content=\"2048\" \/>\n\t<meta property=\"og:image:height\" content=\"1366\" \/>\n\t<meta property=\"og:image:type\" content=\"image\/webp\" \/>\n<meta name=\"author\" content=\"Jeanette\" \/>\n<meta name=\"twitter:card\" content=\"summary_large_image\" \/>\n<meta name=\"twitter:creator\" content=\"@eldiario_net\" \/>\n<meta name=\"twitter:site\" content=\"@eldiario_net\" \/>\n<meta name=\"twitter:label1\" content=\"Escrito por\" \/>\n\t<meta name=\"twitter:data1\" content=\"Jeanette\" \/>\n\t<meta name=\"twitter:label2\" content=\"Tiempo de lectura\" \/>\n\t<meta name=\"twitter:data2\" content=\"3 minutos\" \/>\n<script type=\"application\/ld+json\" class=\"yoast-schema-graph\">{\"@context\":\"https:\\\/\\\/schema.org\",\"@graph\":[{\"@type\":\"Article\",\"@id\":\"https:\\\/\\\/www.eldiario.net\\\/portal\\\/2026\\\/09\\\/03\\\/eligen-a-angela-calabi-como-alcaldesa-interina\\\/#article\",\"isPartOf\":{\"@id\":\"https:\\\/\\\/www.eldiario.net\\\/portal\\\/2026\\\/09\\\/03\\\/eligen-a-angela-calabi-como-alcaldesa-interina\\\/\"},\"author\":{\"name\":\"Jeanette\",\"@id\":\"https:\\\/\\\/www.eldiario.net\\\/portal\\\/#\\\/schema\\\/person\\\/f46445640444750d7d753ccd04ae01b7\"},\"headline\":\"Eligen a \u00c1ngela Calabi como alcaldesa interina\",\"datePublished\":\"2026-09-03T09:40:06+00:00\",\"mainEntityOfPage\":{\"@id\":\"https:\\\/\\\/www.eldiario.net\\\/portal\\\/2026\\\/09\\\/03\\\/eligen-a-angela-calabi-como-alcaldesa-interina\\\/\"},\"wordCount\":466,\"publisher\":{\"@id\":\"https:\\\/\\\/www.eldiario.net\\\/portal\\\/#organization\"},\"image\":{\"@id\":\"https:\\\/\\\/www.eldiario.net\\\/portal\\\/2026\\\/09\\\/03\\\/eligen-a-angela-calabi-como-alcaldesa-interina\\\/#primaryimage\"},\"thumbnailUrl\":\"https:\\\/\\\/www.eldiario.net\\\/portal\\\/wp-content\\\/uploads\\\/2026\\\/09\\\/ALCALDESA-FOTO-1.webp\",\"articleSection\":[\"Portada\"],\"inLanguage\":\"es\"},{\"@type\":\"WebPage\",\"@id\":\"https:\\\/\\\/www.eldiario.net\\\/portal\\\/2026\\\/09\\\/03\\\/eligen-a-angela-calabi-como-alcaldesa-interina\\\/\",\"url\":\"https:\\\/\\\/www.eldiario.net\\\/portal\\\/2026\\\/09\\\/03\\\/eligen-a-angela-calabi-como-alcaldesa-interina\\\/\",\"name\":\"Eligen a \u00c1ngela Calabi como alcaldesa interina - El Diario - Bolivia\",\"isPartOf\":{\"@id\":\"https:\\\/\\\/www.eldiario.net\\\/portal\\\/#website\"},\"primaryImageOfPage\":{\"@id\":\"https:\\\/\\\/www.eldiario.net\\\/portal\\\/2026\\\/09\\\/03\\\/eligen-a-angela-calabi-como-alcaldesa-interina\\\/#primaryimage\"},\"image\":{\"@id\":\"https:\\\/\\\/www.eldiario.net\\\/portal\\\/2026\\\/09\\\/03\\\/eligen-a-angela-calabi-como-alcaldesa-interina\\\/#primaryimage\"},\"thumbnailUrl\":\"https:\\\/\\\/www.eldiario.net\\\/portal\\\/wp-content\\\/uploads\\\/2026\\\/09\\\/ALCALDESA-FOTO-1.webp\",\"datePublished\":\"2026-09-03T09:40:06+00:00\",\"breadcrumb\":{\"@id\":\"https:\\\/\\\/www.eldiario.net\\\/portal\\\/2026\\\/09\\\/03\\\/eligen-a-angela-calabi-como-alcaldesa-interina\\\/#breadcrumb\"},\"inLanguage\":\"es\",\"potentialAction\":[{\"@type\":\"ReadAction\",\"target\":[\"https:\\\/\\\/www.eldiario.net\\\/portal\\\/2026\\\/09\\\/03\\\/eligen-a-angela-calabi-como-alcaldesa-interina\\\/\"]}]},{\"@type\":\"ImageObject\",\"inLanguage\":\"es\",\"@id\":\"https:\\\/\\\/www.eldiario.net\\\/portal\\\/2026\\\/09\\\/03\\\/eligen-a-angela-calabi-como-alcaldesa-interina\\\/#primaryimage\",\"url\":\"https:\\\/\\\/www.eldiario.net\\\/portal\\\/wp-content\\\/uploads\\\/2026\\\/09\\\/ALCALDESA-FOTO-1.webp\",\"contentUrl\":\"https:\\\/\\\/www.eldiario.net\\\/portal\\\/wp-content\\\/uploads\\\/2026\\\/09\\\/ALCALDESA-FOTO-1.webp\",\"width\":2048,\"height\":1366,\"caption\":\"La alcaldesa interina de La Paz, \u00c1ngela Calavi. CR\u00c9DITO: RRSS\"},{\"@type\":\"BreadcrumbList\",\"@id\":\"https:\\\/\\\/www.eldiario.net\\\/portal\\\/2026\\\/09\\\/03\\\/eligen-a-angela-calabi-como-alcaldesa-interina\\\/#breadcrumb\",\"itemListElement\":[{\"@type\":\"ListItem\",\"position\":1,\"name\":\"Portada\",\"item\":\"https:\\\/\\\/www.eldiario.net\\\/portal\\\/\"},{\"@type\":\"ListItem\",\"position\":2,\"name\":\"Eligen a \u00c1ngela Calabi como alcaldesa interina\"}]},{\"@type\":\"WebSite\",\"@id\":\"https:\\\/\\\/www.eldiario.net\\\/portal\\\/#website\",\"url\":\"https:\\\/\\\/www.eldiario.net\\\/portal\\\/\",\"name\":\"El Diario - Decano de la prensa nacional\",\"description\":\"El Diario - Decano de la prensa nacional\",\"publisher\":{\"@id\":\"https:\\\/\\\/www.eldiario.net\\\/portal\\\/#organization\"},\"potentialAction\":[{\"@type\":\"SearchAction\",\"target\":{\"@type\":\"EntryPoint\",\"urlTemplate\":\"https:\\\/\\\/www.eldiario.net\\\/portal\\\/?s={search_term_string}\"},\"query-input\":{\"@type\":\"PropertyValueSpecification\",\"valueRequired\":true,\"valueName\":\"search_term_string\"}}],\"inLanguage\":\"es\"},{\"@type\":\"Organization\",\"@id\":\"https:\\\/\\\/www.eldiario.net\\\/portal\\\/#organization\",\"name\":\"El Diario - Decano de la prensa nacional\",\"url\":\"https:\\\/\\\/www.eldiario.net\\\/portal\\\/\",\"logo\":{\"@type\":\"ImageObject\",\"inLanguage\":\"es\",\"@id\":\"https:\\\/\\\/www.eldiario.net\\\/portal\\\/#\\\/schema\\\/logo\\\/image\\\/\",\"url\":\"https:\\\/\\\/www.eldiario.net\\\/portal\\\/wp-content\\\/uploads\\\/2023\\\/07\\\/logo_ED.jpg\",\"contentUrl\":\"https:\\\/\\\/www.eldiario.net\\\/portal\\\/wp-content\\\/uploads\\\/2023\\\/07\\\/logo_ED.jpg\",\"width\":272,\"height\":52,\"caption\":\"El Diario - Decano de la prensa nacional\"},\"image\":{\"@id\":\"https:\\\/\\\/www.eldiario.net\\\/portal\\\/#\\\/schema\\\/logo\\\/image\\\/\"},\"sameAs\":[\"https:\\\/\\\/www.facebook.com\\\/eldiario.bolivia\\\/\",\"https:\\\/\\\/x.com\\\/eldiario_net\"]},{\"@type\":\"Person\",\"@id\":\"https:\\\/\\\/www.eldiario.net\\\/portal\\\/#\\\/schema\\\/person\\\/f46445640444750d7d753ccd04ae01b7\",\"name\":\"Jeanette\",\"image\":{\"@type\":\"ImageObject\",\"inLanguage\":\"es\",\"@id\":\"https:\\\/\\\/secure.gravatar.com\\\/avatar\\\/3ea2118a5f7dad2b7138b1187a6b7ee55f160b9968b66013c3a3ef39dd7e5798?s=96&d=mm&r=g\",\"url\":\"https:\\\/\\\/secure.gravatar.com\\\/avatar\\\/3ea2118a5f7dad2b7138b1187a6b7ee55f160b9968b66013c3a3ef39dd7e5798?s=96&d=mm&r=g\",\"contentUrl\":\"https:\\\/\\\/secure.gravatar.com\\\/avatar\\\/3ea2118a5f7dad2b7138b1187a6b7ee55f160b9968b66013c3a3ef39dd7e5798?s=96&d=mm&r=g\",\"caption\":\"Jeanette\"},\"sameAs\":[\"https:\\\/\\\/www.eldiario.net\\\/portal\"],\"url\":\"https:\\\/\\\/www.eldiario.net\\\/portal\\\/author\\\/jeanette\\\/\"}]}<\/script>\n<!-- \/ Yoast SEO plugin. -->","yoast_head_json":{"title":"Eligen a \u00c1ngela Calabi como alcaldesa interina - El Diario - Bolivia","robots":{"index":"index","follow":"follow","max-snippet":"max-snippet:-1","max-image-preview":"max-image-preview:large","max-video-preview":"max-video-preview:-1"},"canonical":"https:\/\/www.eldiario.net\/portal\/2026\/09\/03\/eligen-a-angela-calabi-como-alcaldesa-interina\/","og_locale":"es_ES","og_type":"article","og_title":"Eligen a \u00c1ngela Calabi como alcaldesa interina - El Diario - Bolivia","og_description":"Tras una discusi\u00f3n jur\u00eddica sobre la ausencia del alcalde de La Paz, C\u00e9sar Dockweiler, quien se encuentra en Colombia para participar en una reuni\u00f3n de alcaldes organizada por el Banco Interamericano de Desarrollo (BID), el Concejo Municipal de La Paz aprob\u00f3 la designaci\u00f3n de \u00c1ngela Calabi como alcaldesa interina, con seis votos a favor de [&hellip;]","og_url":"https:\/\/www.eldiario.net\/portal\/2026\/09\/03\/eligen-a-angela-calabi-como-alcaldesa-interina\/","og_site_name":"El Diario - Bolivia","article_publisher":"https:\/\/www.facebook.com\/eldiario.bolivia\/","article_published_time":"2026-09-03T09:40:06+00:00","og_image":[{"width":2048,"height":1366,"url":"https:\/\/www.eldiario.net\/portal\/wp-content\/uploads\/2026\/09\/ALCALDESA-FOTO-1.webp","type":"image\/webp"}],"author":"Jeanette","twitter_card":"summary_large_image","twitter_creator":"@eldiario_net","twitter_site":"@eldiario_net","twitter_misc":{"Escrito por":"Jeanette","Tiempo de lectura":"3 minutos"},"schema":{"@context":"https:\/\/schema.org","@graph":[{"@type":"Article","@id":"https:\/\/www.eldiario.net\/portal\/2026\/09\/03\/eligen-a-angela-calabi-como-alcaldesa-interina\/#article","isPartOf":{"@id":"https:\/\/www.eldiario.net\/portal\/2026\/09\/03\/eligen-a-angela-calabi-como-alcaldesa-interina\/"},"author":{"name":"Jeanette","@id":"https:\/\/www.eldiario.net\/portal\/#\/schema\/person\/f46445640444750d7d753ccd04ae01b7"},"headline":"Eligen a \u00c1ngela Calabi como alcaldesa interina","datePublished":"2026-09-03T09:40:06+00:00","mainEntityOfPage":{"@id":"https:\/\/www.eldiario.net\/portal\/2026\/09\/03\/eligen-a-angela-calabi-como-alcaldesa-interina\/"},"wordCount":466,"publisher":{"@id":"https:\/\/www.eldiario.net\/portal\/#organization"},"image":{"@id":"https:\/\/www.eldiario.net\/portal\/2026\/09\/03\/eligen-a-angela-calabi-como-alcaldesa-interina\/#primaryimage"},"thumbnailUrl":"https:\/\/www.eldiario.net\/portal\/wp-content\/uploads\/2026\/09\/ALCALDESA-FOTO-1.webp","articleSection":["Portada"],"inLanguage":"es"},{"@type":"WebPage","@id":"https:\/\/www.eldiario.net\/portal\/2026\/09\/03\/eligen-a-angela-calabi-como-alcaldesa-interina\/","url":"https:\/\/www.eldiario.net\/portal\/2026\/09\/03\/eligen-a-angela-calabi-como-alcaldesa-interina\/","name":"Eligen a \u00c1ngela Calabi como alcaldesa interina - El Diario - Bolivia","isPartOf":{"@id":"https:\/\/www.eldiario.net\/portal\/#website"},"primaryImageOfPage":{"@id":"https:\/\/www.eldiario.net\/portal\/2026\/09\/03\/eligen-a-angela-calabi-como-alcaldesa-interina\/#primaryimage"},"image":{"@id":"https:\/\/www.eldiario.net\/portal\/2026\/09\/03\/eligen-a-angela-calabi-como-alcaldesa-interina\/#primaryimage"},"thumbnailUrl":"https:\/\/www.eldiario.net\/portal\/wp-content\/uploads\/2026\/09\/ALCALDESA-FOTO-1.webp","datePublished":"2026-09-03T09:40:06+00:00","breadcrumb":{"@id":"https:\/\/www.eldiario.net\/portal\/2026\/09\/03\/eligen-a-angela-calabi-como-alcaldesa-interina\/#breadcrumb"},"inLanguage":"es","potentialAction":[{"@type":"ReadAction","target":["https:\/\/www.eldiario.net\/portal\/2026\/09\/03\/eligen-a-angela-calabi-como-alcaldesa-interina\/"]}]},{"@type":"ImageObject","inLanguage":"es","@id":"https:\/\/www.eldiario.net\/portal\/2026\/09\/03\/eligen-a-angela-calabi-como-alcaldesa-interina\/#primaryimage","url":"https:\/\/www.eldiario.net\/portal\/wp-content\/uploads\/2026\/09\/ALCALDESA-FOTO-1.webp","contentUrl":"https:\/\/www.eldiario.net\/portal\/wp-content\/uploads\/2026\/09\/ALCALDESA-FOTO-1.webp","width":2048,"height":1366,"caption":"La alcaldesa interina de La Paz, \u00c1ngela Calavi. CR\u00c9DITO: RRSS"},{"@type":"BreadcrumbList","@id":"https:\/\/www.eldiario.net\/portal\/2026\/09\/03\/eligen-a-angela-calabi-como-alcaldesa-interina\/#breadcrumb","itemListElement":[{"@type":"ListItem","position":1,"name":"Portada","item":"https:\/\/www.eldiario.net\/portal\/"},{"@type":"ListItem","position":2,"name":"Eligen a \u00c1ngela Calabi como alcaldesa interina"}]},{"@type":"WebSite","@id":"https:\/\/www.eldiario.net\/portal\/#website","url":"https:\/\/www.eldiario.net\/portal\/","name":"El Diario - Decano de la prensa nacional","description":"El Diario - Decano de la prensa nacional","publisher":{"@id":"https:\/\/www.eldiario.net\/portal\/#organization"},"potentialAction":[{"@type":"SearchAction","target":{"@type":"EntryPoint","urlTemplate":"https:\/\/www.eldiario.net\/portal\/?s={search_term_string}"},"query-input":{"@type":"PropertyValueSpecification","valueRequired":true,"valueName":"search_term_string"}}],"inLanguage":"es"},{"@type":"Organization","@id":"https:\/\/www.eldiario.net\/portal\/#organization","name":"El Diario - Decano de la prensa nacional","url":"https:\/\/www.eldiario.net\/portal\/","logo":{"@type":"ImageObject","inLanguage":"es","@id":"https:\/\/www.eldiario.net\/portal\/#\/schema\/logo\/image\/","url":"https:\/\/www.eldiario.net\/portal\/wp-content\/uploads\/2023\/07\/logo_ED.jpg","contentUrl":"https:\/\/www.eldiario.net\/portal\/wp-content\/uploads\/2023\/07\/logo_ED.jpg","width":272,"height":52,"caption":"El Diario - Decano de la prensa nacional"},"image":{"@id":"https:\/\/www.eldiario.net\/portal\/#\/schema\/logo\/image\/"},"sameAs":["https:\/\/www.facebook.com\/eldiario.bolivia\/","https:\/\/x.com\/eldiario_net"]},{"@type":"Person","@id":"https:\/\/www.eldiario.net\/portal\/#\/schema\/person\/f46445640444750d7d753ccd04ae01b7","name":"Jeanette","image":{"@type":"ImageObject","inLanguage":"es","@id":"https:\/\/secure.gravatar.com\/avatar\/3ea2118a5f7dad2b7138b1187a6b7ee55f160b9968b66013c3a3ef39dd7e5798?s=96&d=mm&r=g","url":"https:\/\/secure.gravatar.com\/avatar\/3ea2118a5f7dad2b7138b1187a6b7ee55f160b9968b66013c3a3ef39dd7e5798?s=96&d=mm&r=g","contentUrl":"https:\/\/secure.gravatar.com\/avatar\/3ea2118a5f7dad2b7138b1187a6b7ee55f160b9968b66013c3a3ef39dd7e5798?s=96&d=mm&r=g","caption":"Jeanette"},"sameAs":["https:\/\/www.eldiario.net\/portal"],"url":"https:\/\/www.eldiario.net\/portal\/author\/jeanette\/"}]}},"_links":{"self":[{"href":"https:\/\/www.eldiario.net\/portal\/wp-json\/wp\/v2\/posts\/427191","targetHints":{"allow":["GET"]}}],"collection":[{"href":"https:\/\/www.eldiario.net\/portal\/wp-json\/wp\/v2\/posts"}],"about":[{"href":"https:\/\/www.eldiario.net\/portal\/wp-json\/wp\/v2\/types\/post"}],"author":[{"embeddable":true,"href":"https:\/\/www.eldiario.net\/portal\/wp-json\/wp\/v2\/users\/1"}],"replies":[{"embeddable":true,"href":"https:\/\/www.eldiario.net\/portal\/wp-json\/wp\/v2\/comments?post=427191"}],"version-history":[{"count":1,"href":"https:\/\/www.eldiario.net\/portal\/wp-json\/wp\/v2\/posts\/427191\/revisions"}],"predecessor-version":[{"id":427193,"href":"https:\/\/www.eldiario.net\/portal\/wp-json\/wp\/v2\/posts\/427191\/revisions\/427193"}],"wp:featuredmedia":[{"embeddable":true,"href":"https:\/\/www.eldiario.net\/portal\/wp-json\/wp\/v2\/media\/427192"}],"wp:attachment":[{"href":"https:\/\/www.eldiario.net\/portal\/wp-json\/wp\/v2\/media?parent=427191"}],"wp:term":[{"taxonomy":"category","embeddable":true,"href":"https:\/\/www.eldiario.net\/portal\/wp-json\/wp\/v2\/categories?post=427191"},{"taxonomy":"post_tag","embeddable":true,"href":"https:\/\/www.eldiario.net\/portal\/wp-json\/wp\/v2\/tags?post=427191"}],"curies":[{"name":"wp","href":"https:\/\/api.w.org\/{rel}","templated":true}]}}