{"id":427188,"date":"2026-09-03T05:38:47","date_gmt":"2026-09-03T09:38:47","guid":{"rendered":"https:\/\/www.eldiario.net\/portal\/?p=427188"},"modified":"2026-09-03T05:38:47","modified_gmt":"2026-09-03T09:38:47","slug":"eeuu-entrega-alimentos-y-escudos-de-proteccion-a-fuerzas-armadas","status":"publish","type":"post","link":"https:\/\/www.eldiario.net\/portal\/2026\/09\/03\/eeuu-entrega-alimentos-y-escudos-de-proteccion-a-fuerzas-armadas\/","title":{"rendered":"EEUU entrega alimentos y escudos  de protecci\u00f3n a Fuerzas Armadas"},"content":{"rendered":"<p class=\"v1MsoNormal\">El Gobierno de Estados Unidos entreg\u00f3 a las Fuerzas Armadas de Bolivia 12.500 raciones individuales de alimentos y 1.000 escudos de protecci\u00f3n personal, en el marco de la cooperaci\u00f3n bilateral en seguridad y atenci\u00f3n de emergencias.<\/p>\n<p class=\"v1MsoNormal\">La asistencia arrib\u00f3 al aeropuerto internacional de El Alto a bordo de un avi\u00f3n C-17 Globemaster III de la Fuerza A\u00e9rea estadounidense, utilizado para operaciones de transporte estrat\u00e9gico y misiones de asistencia.<\/p>\n<p class=\"v1MsoNormal\">El ministro de Defensa, Ernesto Justiniano, afirm\u00f3 que las \u00ab12.500 raciones secas y 1.000 escudos\u00bb \u00abvan a contribuir a mejorar las capacidades operativas\u00bb de las Fuerzas Armadas bolivianas. \u00abEstamos muy agradecidos por el apoyo que nos est\u00e1n dando y lo vamos a utilizar para fortalecer el trabajo que estamos haciendo por el bien de nuestra patria\u00bb, agreg\u00f3.<\/p>\n<p class=\"v1MsoNormal\">El acto de entrega se efectu\u00f3 en la pista del aeropuerto con la participaci\u00f3n del ministro de Defensa, Ernesto Justiniano, y la ministra consejera de la Embajada de Estados Unidos, Amanda Porter.<\/p>\n<p class=\"v1MsoNormal\">De acuerdo con la informaci\u00f3n proporcionada, el env\u00edo fue coordinado durante varios meses y forma parte de una ampliaci\u00f3n de la cooperaci\u00f3n entre las fuerzas militares de ambos pa\u00edses.<\/p>\n<p class=\"v1MsoNormal\">Porter destac\u00f3 el papel de Bolivia como socio en materia de seguridad regional y se\u00f1al\u00f3 que la asistencia forma parte de una agenda bilateral orientada a enfrentar a organizaciones criminales transnacionales y otras amenazas.<\/p>\n<p class=\"v1MsoNormal\">La representante diplom\u00e1tica agreg\u00f3 que esta cooperaci\u00f3n se reactiv\u00f3 con la llegada del nuevo Gobierno boliviano hace aproximadamente diez meses y consider\u00f3 la entrega como parte de ese proceso de acercamiento entre ambos pa\u00edses.<\/p>\n<p class=\"v1MsoNormal\">El acercamiento entre ambos pa\u00edses comenz\u00f3 tras la llegada de Rodrigo Paz a la Presidencia de Bolivia, en noviembre de 2025. Desde entonces, su Gobierno inici\u00f3 gestiones para restablecer plenamente los v\u00ednculos con Estados Unidos, que desde 2008 se mantienen a nivel de encargados de negocios.<\/p>\n<p class=\"v1MsoNormal\">Bolivia integra el Escudo de las Am\u00e9ricas, alianza suscrita en marzo por Argentina, Costa Rica, Rep\u00fablica Dominicana, Ecuador, El Salvador, Guyana, Honduras, Panam\u00e1, Paraguay y Trinidad y Tobago. M\u00e1s tarde se incorporaron Bahamas, Belice, Chile, Guatemala, Jamaica y Per\u00fa, adem\u00e1s del presidente de Colombia, Abelardo de la Espriella.<\/p>\n","protected":false},"excerpt":{"rendered":"<p>El Gobierno de Estados Unidos entreg\u00f3 a las Fuerzas Armadas de Bolivia 12.500 raciones individuales de alimentos y 1.000 escudos de protecci\u00f3n personal, en el marco de la cooperaci\u00f3n bilateral en seguridad y atenci\u00f3n de emergencias. La asistencia arrib\u00f3 al aeropuerto internacional de El Alto a bordo de un avi\u00f3n C-17 Globemaster III de la [&hellip;]<\/p>\n","protected":false},"author":1,"featured_media":427189,"comment_status":"closed","ping_status":"open","sticky":false,"template":"","format":"standard","meta":{"_acf_changed":false,"footnotes":""},"categories":[15],"tags":[],"class_list":["post-427188","post","type-post","status-publish","format-standard","has-post-thumbnail","category-portada"],"acf":{"antetitulo":"En el marco de la cooperaci\u00f3n bilateral"},"yoast_head":"<!-- This site is optimized with the Yoast SEO plugin v28.4 - https:\/\/yoast.com\/product\/yoast-seo-wordpress\/ -->\n<title>EEUU entrega alimentos y escudos de protecci\u00f3n a Fuerzas Armadas - El Diario - Bolivia<\/title>\n<meta name=\"robots\" content=\"index, follow, max-snippet:-1, max-image-preview:large, max-video-preview:-1\" \/>\n<link rel=\"canonical\" href=\"https:\/\/www.eldiario.net\/portal\/2026\/09\/03\/eeuu-entrega-alimentos-y-escudos-de-proteccion-a-fuerzas-armadas\/\" \/>\n<meta property=\"og:locale\" content=\"es_ES\" \/>\n<meta property=\"og:type\" content=\"article\" \/>\n<meta property=\"og:title\" content=\"EEUU entrega alimentos y escudos de protecci\u00f3n a Fuerzas Armadas - El Diario - Bolivia\" \/>\n<meta property=\"og:description\" content=\"El Gobierno de Estados Unidos entreg\u00f3 a las Fuerzas Armadas de Bolivia 12.500 raciones individuales de alimentos y 1.000 escudos de protecci\u00f3n personal, en el marco de la cooperaci\u00f3n bilateral en seguridad y atenci\u00f3n de emergencias. La asistencia arrib\u00f3 al aeropuerto internacional de El Alto a bordo de un avi\u00f3n C-17 Globemaster III de la [&hellip;]\" \/>\n<meta property=\"og:url\" content=\"https:\/\/www.eldiario.net\/portal\/2026\/09\/03\/eeuu-entrega-alimentos-y-escudos-de-proteccion-a-fuerzas-armadas\/\" \/>\n<meta property=\"og:site_name\" content=\"El Diario - Bolivia\" \/>\n<meta property=\"article:publisher\" content=\"https:\/\/www.facebook.com\/eldiario.bolivia\/\" \/>\n<meta property=\"article:published_time\" content=\"2026-09-03T09:38:47+00:00\" \/>\n<meta property=\"og:image\" content=\"https:\/\/www.eldiario.net\/portal\/wp-content\/uploads\/2026\/09\/SUMINISTROS-FOTO.webp\" \/>\n\t<meta property=\"og:image:width\" content=\"1280\" \/>\n\t<meta property=\"og:image:height\" content=\"720\" \/>\n\t<meta property=\"og:image:type\" content=\"image\/webp\" \/>\n<meta name=\"author\" content=\"Jeanette\" \/>\n<meta name=\"twitter:card\" content=\"summary_large_image\" \/>\n<meta name=\"twitter:creator\" content=\"@eldiario_net\" \/>\n<meta name=\"twitter:site\" content=\"@eldiario_net\" \/>\n<meta name=\"twitter:label1\" content=\"Escrito por\" \/>\n\t<meta name=\"twitter:data1\" content=\"Jeanette\" \/>\n\t<meta name=\"twitter:label2\" content=\"Tiempo de lectura\" \/>\n\t<meta name=\"twitter:data2\" content=\"2 minutos\" \/>\n<script type=\"application\/ld+json\" class=\"yoast-schema-graph\">{\"@context\":\"https:\\\/\\\/schema.org\",\"@graph\":[{\"@type\":\"Article\",\"@id\":\"https:\\\/\\\/www.eldiario.net\\\/portal\\\/2026\\\/09\\\/03\\\/eeuu-entrega-alimentos-y-escudos-de-proteccion-a-fuerzas-armadas\\\/#article\",\"isPartOf\":{\"@id\":\"https:\\\/\\\/www.eldiario.net\\\/portal\\\/2026\\\/09\\\/03\\\/eeuu-entrega-alimentos-y-escudos-de-proteccion-a-fuerzas-armadas\\\/\"},\"author\":{\"name\":\"Jeanette\",\"@id\":\"https:\\\/\\\/www.eldiario.net\\\/portal\\\/#\\\/schema\\\/person\\\/f46445640444750d7d753ccd04ae01b7\"},\"headline\":\"EEUU entrega alimentos y escudos de protecci\u00f3n a Fuerzas Armadas\",\"datePublished\":\"2026-09-03T09:38:47+00:00\",\"mainEntityOfPage\":{\"@id\":\"https:\\\/\\\/www.eldiario.net\\\/portal\\\/2026\\\/09\\\/03\\\/eeuu-entrega-alimentos-y-escudos-de-proteccion-a-fuerzas-armadas\\\/\"},\"wordCount\":376,\"publisher\":{\"@id\":\"https:\\\/\\\/www.eldiario.net\\\/portal\\\/#organization\"},\"image\":{\"@id\":\"https:\\\/\\\/www.eldiario.net\\\/portal\\\/2026\\\/09\\\/03\\\/eeuu-entrega-alimentos-y-escudos-de-proteccion-a-fuerzas-armadas\\\/#primaryimage\"},\"thumbnailUrl\":\"https:\\\/\\\/www.eldiario.net\\\/portal\\\/wp-content\\\/uploads\\\/2026\\\/09\\\/SUMINISTROS-FOTO.webp\",\"articleSection\":[\"Portada\"],\"inLanguage\":\"es\"},{\"@type\":\"WebPage\",\"@id\":\"https:\\\/\\\/www.eldiario.net\\\/portal\\\/2026\\\/09\\\/03\\\/eeuu-entrega-alimentos-y-escudos-de-proteccion-a-fuerzas-armadas\\\/\",\"url\":\"https:\\\/\\\/www.eldiario.net\\\/portal\\\/2026\\\/09\\\/03\\\/eeuu-entrega-alimentos-y-escudos-de-proteccion-a-fuerzas-armadas\\\/\",\"name\":\"EEUU entrega alimentos y escudos de protecci\u00f3n a Fuerzas Armadas - El Diario - Bolivia\",\"isPartOf\":{\"@id\":\"https:\\\/\\\/www.eldiario.net\\\/portal\\\/#website\"},\"primaryImageOfPage\":{\"@id\":\"https:\\\/\\\/www.eldiario.net\\\/portal\\\/2026\\\/09\\\/03\\\/eeuu-entrega-alimentos-y-escudos-de-proteccion-a-fuerzas-armadas\\\/#primaryimage\"},\"image\":{\"@id\":\"https:\\\/\\\/www.eldiario.net\\\/portal\\\/2026\\\/09\\\/03\\\/eeuu-entrega-alimentos-y-escudos-de-proteccion-a-fuerzas-armadas\\\/#primaryimage\"},\"thumbnailUrl\":\"https:\\\/\\\/www.eldiario.net\\\/portal\\\/wp-content\\\/uploads\\\/2026\\\/09\\\/SUMINISTROS-FOTO.webp\",\"datePublished\":\"2026-09-03T09:38:47+00:00\",\"breadcrumb\":{\"@id\":\"https:\\\/\\\/www.eldiario.net\\\/portal\\\/2026\\\/09\\\/03\\\/eeuu-entrega-alimentos-y-escudos-de-proteccion-a-fuerzas-armadas\\\/#breadcrumb\"},\"inLanguage\":\"es\",\"potentialAction\":[{\"@type\":\"ReadAction\",\"target\":[\"https:\\\/\\\/www.eldiario.net\\\/portal\\\/2026\\\/09\\\/03\\\/eeuu-entrega-alimentos-y-escudos-de-proteccion-a-fuerzas-armadas\\\/\"]}]},{\"@type\":\"ImageObject\",\"inLanguage\":\"es\",\"@id\":\"https:\\\/\\\/www.eldiario.net\\\/portal\\\/2026\\\/09\\\/03\\\/eeuu-entrega-alimentos-y-escudos-de-proteccion-a-fuerzas-armadas\\\/#primaryimage\",\"url\":\"https:\\\/\\\/www.eldiario.net\\\/portal\\\/wp-content\\\/uploads\\\/2026\\\/09\\\/SUMINISTROS-FOTO.webp\",\"contentUrl\":\"https:\\\/\\\/www.eldiario.net\\\/portal\\\/wp-content\\\/uploads\\\/2026\\\/09\\\/SUMINISTROS-FOTO.webp\",\"width\":1280,\"height\":720,\"caption\":\"Los suministros de asistencia llegaron el martes al aeropuerto de El Alto. CR\u00c9DITO: Ministerio de Defensa\"},{\"@type\":\"BreadcrumbList\",\"@id\":\"https:\\\/\\\/www.eldiario.net\\\/portal\\\/2026\\\/09\\\/03\\\/eeuu-entrega-alimentos-y-escudos-de-proteccion-a-fuerzas-armadas\\\/#breadcrumb\",\"itemListElement\":[{\"@type\":\"ListItem\",\"position\":1,\"name\":\"Portada\",\"item\":\"https:\\\/\\\/www.eldiario.net\\\/portal\\\/\"},{\"@type\":\"ListItem\",\"position\":2,\"name\":\"EEUU entrega alimentos y escudos de protecci\u00f3n a Fuerzas Armadas\"}]},{\"@type\":\"WebSite\",\"@id\":\"https:\\\/\\\/www.eldiario.net\\\/portal\\\/#website\",\"url\":\"https:\\\/\\\/www.eldiario.net\\\/portal\\\/\",\"name\":\"El Diario - Decano de la prensa nacional\",\"description\":\"El Diario - Decano de la prensa nacional\",\"publisher\":{\"@id\":\"https:\\\/\\\/www.eldiario.net\\\/portal\\\/#organization\"},\"potentialAction\":[{\"@type\":\"SearchAction\",\"target\":{\"@type\":\"EntryPoint\",\"urlTemplate\":\"https:\\\/\\\/www.eldiario.net\\\/portal\\\/?s={search_term_string}\"},\"query-input\":{\"@type\":\"PropertyValueSpecification\",\"valueRequired\":true,\"valueName\":\"search_term_string\"}}],\"inLanguage\":\"es\"},{\"@type\":\"Organization\",\"@id\":\"https:\\\/\\\/www.eldiario.net\\\/portal\\\/#organization\",\"name\":\"El Diario - Decano de la prensa nacional\",\"url\":\"https:\\\/\\\/www.eldiario.net\\\/portal\\\/\",\"logo\":{\"@type\":\"ImageObject\",\"inLanguage\":\"es\",\"@id\":\"https:\\\/\\\/www.eldiario.net\\\/portal\\\/#\\\/schema\\\/logo\\\/image\\\/\",\"url\":\"https:\\\/\\\/www.eldiario.net\\\/portal\\\/wp-content\\\/uploads\\\/2023\\\/07\\\/logo_ED.jpg\",\"contentUrl\":\"https:\\\/\\\/www.eldiario.net\\\/portal\\\/wp-content\\\/uploads\\\/2023\\\/07\\\/logo_ED.jpg\",\"width\":272,\"height\":52,\"caption\":\"El Diario - Decano de la prensa nacional\"},\"image\":{\"@id\":\"https:\\\/\\\/www.eldiario.net\\\/portal\\\/#\\\/schema\\\/logo\\\/image\\\/\"},\"sameAs\":[\"https:\\\/\\\/www.facebook.com\\\/eldiario.bolivia\\\/\",\"https:\\\/\\\/x.com\\\/eldiario_net\"]},{\"@type\":\"Person\",\"@id\":\"https:\\\/\\\/www.eldiario.net\\\/portal\\\/#\\\/schema\\\/person\\\/f46445640444750d7d753ccd04ae01b7\",\"name\":\"Jeanette\",\"image\":{\"@type\":\"ImageObject\",\"inLanguage\":\"es\",\"@id\":\"https:\\\/\\\/secure.gravatar.com\\\/avatar\\\/3ea2118a5f7dad2b7138b1187a6b7ee55f160b9968b66013c3a3ef39dd7e5798?s=96&d=mm&r=g\",\"url\":\"https:\\\/\\\/secure.gravatar.com\\\/avatar\\\/3ea2118a5f7dad2b7138b1187a6b7ee55f160b9968b66013c3a3ef39dd7e5798?s=96&d=mm&r=g\",\"contentUrl\":\"https:\\\/\\\/secure.gravatar.com\\\/avatar\\\/3ea2118a5f7dad2b7138b1187a6b7ee55f160b9968b66013c3a3ef39dd7e5798?s=96&d=mm&r=g\",\"caption\":\"Jeanette\"},\"sameAs\":[\"https:\\\/\\\/www.eldiario.net\\\/portal\"],\"url\":\"https:\\\/\\\/www.eldiario.net\\\/portal\\\/author\\\/jeanette\\\/\"}]}<\/script>\n<!-- \/ Yoast SEO plugin. -->","yoast_head_json":{"title":"EEUU entrega alimentos y escudos de protecci\u00f3n a Fuerzas Armadas - El Diario - Bolivia","robots":{"index":"index","follow":"follow","max-snippet":"max-snippet:-1","max-image-preview":"max-image-preview:large","max-video-preview":"max-video-preview:-1"},"canonical":"https:\/\/www.eldiario.net\/portal\/2026\/09\/03\/eeuu-entrega-alimentos-y-escudos-de-proteccion-a-fuerzas-armadas\/","og_locale":"es_ES","og_type":"article","og_title":"EEUU entrega alimentos y escudos de protecci\u00f3n a Fuerzas Armadas - El Diario - Bolivia","og_description":"El Gobierno de Estados Unidos entreg\u00f3 a las Fuerzas Armadas de Bolivia 12.500 raciones individuales de alimentos y 1.000 escudos de protecci\u00f3n personal, en el marco de la cooperaci\u00f3n bilateral en seguridad y atenci\u00f3n de emergencias. La asistencia arrib\u00f3 al aeropuerto internacional de El Alto a bordo de un avi\u00f3n C-17 Globemaster III de la [&hellip;]","og_url":"https:\/\/www.eldiario.net\/portal\/2026\/09\/03\/eeuu-entrega-alimentos-y-escudos-de-proteccion-a-fuerzas-armadas\/","og_site_name":"El Diario - Bolivia","article_publisher":"https:\/\/www.facebook.com\/eldiario.bolivia\/","article_published_time":"2026-09-03T09:38:47+00:00","og_image":[{"width":1280,"height":720,"url":"https:\/\/www.eldiario.net\/portal\/wp-content\/uploads\/2026\/09\/SUMINISTROS-FOTO.webp","type":"image\/webp"}],"author":"Jeanette","twitter_card":"summary_large_image","twitter_creator":"@eldiario_net","twitter_site":"@eldiario_net","twitter_misc":{"Escrito por":"Jeanette","Tiempo de lectura":"2 minutos"},"schema":{"@context":"https:\/\/schema.org","@graph":[{"@type":"Article","@id":"https:\/\/www.eldiario.net\/portal\/2026\/09\/03\/eeuu-entrega-alimentos-y-escudos-de-proteccion-a-fuerzas-armadas\/#article","isPartOf":{"@id":"https:\/\/www.eldiario.net\/portal\/2026\/09\/03\/eeuu-entrega-alimentos-y-escudos-de-proteccion-a-fuerzas-armadas\/"},"author":{"name":"Jeanette","@id":"https:\/\/www.eldiario.net\/portal\/#\/schema\/person\/f46445640444750d7d753ccd04ae01b7"},"headline":"EEUU entrega alimentos y escudos de protecci\u00f3n a Fuerzas Armadas","datePublished":"2026-09-03T09:38:47+00:00","mainEntityOfPage":{"@id":"https:\/\/www.eldiario.net\/portal\/2026\/09\/03\/eeuu-entrega-alimentos-y-escudos-de-proteccion-a-fuerzas-armadas\/"},"wordCount":376,"publisher":{"@id":"https:\/\/www.eldiario.net\/portal\/#organization"},"image":{"@id":"https:\/\/www.eldiario.net\/portal\/2026\/09\/03\/eeuu-entrega-alimentos-y-escudos-de-proteccion-a-fuerzas-armadas\/#primaryimage"},"thumbnailUrl":"https:\/\/www.eldiario.net\/portal\/wp-content\/uploads\/2026\/09\/SUMINISTROS-FOTO.webp","articleSection":["Portada"],"inLanguage":"es"},{"@type":"WebPage","@id":"https:\/\/www.eldiario.net\/portal\/2026\/09\/03\/eeuu-entrega-alimentos-y-escudos-de-proteccion-a-fuerzas-armadas\/","url":"https:\/\/www.eldiario.net\/portal\/2026\/09\/03\/eeuu-entrega-alimentos-y-escudos-de-proteccion-a-fuerzas-armadas\/","name":"EEUU entrega alimentos y escudos de protecci\u00f3n a Fuerzas Armadas - El Diario - Bolivia","isPartOf":{"@id":"https:\/\/www.eldiario.net\/portal\/#website"},"primaryImageOfPage":{"@id":"https:\/\/www.eldiario.net\/portal\/2026\/09\/03\/eeuu-entrega-alimentos-y-escudos-de-proteccion-a-fuerzas-armadas\/#primaryimage"},"image":{"@id":"https:\/\/www.eldiario.net\/portal\/2026\/09\/03\/eeuu-entrega-alimentos-y-escudos-de-proteccion-a-fuerzas-armadas\/#primaryimage"},"thumbnailUrl":"https:\/\/www.eldiario.net\/portal\/wp-content\/uploads\/2026\/09\/SUMINISTROS-FOTO.webp","datePublished":"2026-09-03T09:38:47+00:00","breadcrumb":{"@id":"https:\/\/www.eldiario.net\/portal\/2026\/09\/03\/eeuu-entrega-alimentos-y-escudos-de-proteccion-a-fuerzas-armadas\/#breadcrumb"},"inLanguage":"es","potentialAction":[{"@type":"ReadAction","target":["https:\/\/www.eldiario.net\/portal\/2026\/09\/03\/eeuu-entrega-alimentos-y-escudos-de-proteccion-a-fuerzas-armadas\/"]}]},{"@type":"ImageObject","inLanguage":"es","@id":"https:\/\/www.eldiario.net\/portal\/2026\/09\/03\/eeuu-entrega-alimentos-y-escudos-de-proteccion-a-fuerzas-armadas\/#primaryimage","url":"https:\/\/www.eldiario.net\/portal\/wp-content\/uploads\/2026\/09\/SUMINISTROS-FOTO.webp","contentUrl":"https:\/\/www.eldiario.net\/portal\/wp-content\/uploads\/2026\/09\/SUMINISTROS-FOTO.webp","width":1280,"height":720,"caption":"Los suministros de asistencia llegaron el martes al aeropuerto de El Alto. CR\u00c9DITO: Ministerio de Defensa"},{"@type":"BreadcrumbList","@id":"https:\/\/www.eldiario.net\/portal\/2026\/09\/03\/eeuu-entrega-alimentos-y-escudos-de-proteccion-a-fuerzas-armadas\/#breadcrumb","itemListElement":[{"@type":"ListItem","position":1,"name":"Portada","item":"https:\/\/www.eldiario.net\/portal\/"},{"@type":"ListItem","position":2,"name":"EEUU entrega alimentos y escudos de protecci\u00f3n a Fuerzas Armadas"}]},{"@type":"WebSite","@id":"https:\/\/www.eldiario.net\/portal\/#website","url":"https:\/\/www.eldiario.net\/portal\/","name":"El Diario - Decano de la prensa nacional","description":"El Diario - Decano de la prensa nacional","publisher":{"@id":"https:\/\/www.eldiario.net\/portal\/#organization"},"potentialAction":[{"@type":"SearchAction","target":{"@type":"EntryPoint","urlTemplate":"https:\/\/www.eldiario.net\/portal\/?s={search_term_string}"},"query-input":{"@type":"PropertyValueSpecification","valueRequired":true,"valueName":"search_term_string"}}],"inLanguage":"es"},{"@type":"Organization","@id":"https:\/\/www.eldiario.net\/portal\/#organization","name":"El Diario - Decano de la prensa nacional","url":"https:\/\/www.eldiario.net\/portal\/","logo":{"@type":"ImageObject","inLanguage":"es","@id":"https:\/\/www.eldiario.net\/portal\/#\/schema\/logo\/image\/","url":"https:\/\/www.eldiario.net\/portal\/wp-content\/uploads\/2023\/07\/logo_ED.jpg","contentUrl":"https:\/\/www.eldiario.net\/portal\/wp-content\/uploads\/2023\/07\/logo_ED.jpg","width":272,"height":52,"caption":"El Diario - Decano de la prensa nacional"},"image":{"@id":"https:\/\/www.eldiario.net\/portal\/#\/schema\/logo\/image\/"},"sameAs":["https:\/\/www.facebook.com\/eldiario.bolivia\/","https:\/\/x.com\/eldiario_net"]},{"@type":"Person","@id":"https:\/\/www.eldiario.net\/portal\/#\/schema\/person\/f46445640444750d7d753ccd04ae01b7","name":"Jeanette","image":{"@type":"ImageObject","inLanguage":"es","@id":"https:\/\/secure.gravatar.com\/avatar\/3ea2118a5f7dad2b7138b1187a6b7ee55f160b9968b66013c3a3ef39dd7e5798?s=96&d=mm&r=g","url":"https:\/\/secure.gravatar.com\/avatar\/3ea2118a5f7dad2b7138b1187a6b7ee55f160b9968b66013c3a3ef39dd7e5798?s=96&d=mm&r=g","contentUrl":"https:\/\/secure.gravatar.com\/avatar\/3ea2118a5f7dad2b7138b1187a6b7ee55f160b9968b66013c3a3ef39dd7e5798?s=96&d=mm&r=g","caption":"Jeanette"},"sameAs":["https:\/\/www.eldiario.net\/portal"],"url":"https:\/\/www.eldiario.net\/portal\/author\/jeanette\/"}]}},"_links":{"self":[{"href":"https:\/\/www.eldiario.net\/portal\/wp-json\/wp\/v2\/posts\/427188","targetHints":{"allow":["GET"]}}],"collection":[{"href":"https:\/\/www.eldiario.net\/portal\/wp-json\/wp\/v2\/posts"}],"about":[{"href":"https:\/\/www.eldiario.net\/portal\/wp-json\/wp\/v2\/types\/post"}],"author":[{"embeddable":true,"href":"https:\/\/www.eldiario.net\/portal\/wp-json\/wp\/v2\/users\/1"}],"replies":[{"embeddable":true,"href":"https:\/\/www.eldiario.net\/portal\/wp-json\/wp\/v2\/comments?post=427188"}],"version-history":[{"count":1,"href":"https:\/\/www.eldiario.net\/portal\/wp-json\/wp\/v2\/posts\/427188\/revisions"}],"predecessor-version":[{"id":427190,"href":"https:\/\/www.eldiario.net\/portal\/wp-json\/wp\/v2\/posts\/427188\/revisions\/427190"}],"wp:featuredmedia":[{"embeddable":true,"href":"https:\/\/www.eldiario.net\/portal\/wp-json\/wp\/v2\/media\/427189"}],"wp:attachment":[{"href":"https:\/\/www.eldiario.net\/portal\/wp-json\/wp\/v2\/media?parent=427188"}],"wp:term":[{"taxonomy":"category","embeddable":true,"href":"https:\/\/www.eldiario.net\/portal\/wp-json\/wp\/v2\/categories?post=427188"},{"taxonomy":"post_tag","embeddable":true,"href":"https:\/\/www.eldiario.net\/portal\/wp-json\/wp\/v2\/tags?post=427188"}],"curies":[{"name":"wp","href":"https:\/\/api.w.org\/{rel}","templated":true}]}}