{"id":427185,"date":"2026-09-03T05:37:54","date_gmt":"2026-09-03T09:37:54","guid":{"rendered":"https:\/\/www.eldiario.net\/portal\/?p=427185"},"modified":"2026-09-03T05:37:54","modified_gmt":"2026-09-03T09:37:54","slug":"tse-respalda-propuestas-para-la-reforma-parcial-de-la-cpe","status":"publish","type":"post","link":"https:\/\/www.eldiario.net\/portal\/2026\/09\/03\/tse-respalda-propuestas-para-la-reforma-parcial-de-la-cpe\/","title":{"rendered":"TSE respalda propuestas para  la reforma parcial de la CPE"},"content":{"rendered":"<p class=\"v1MsoNormal\">Asegurando que es necesario evaluar y analizar los aspectos positivos y negativos de la Constituci\u00f3n Pol\u00edtica del Estado (CPE) en el \u00faltimo tiempo, el presidente del Tribunal Supremo Electoral (TSE), Gustavo \u00c1vila, se\u00f1al\u00f3 que respalda todos los planteamientos expresados por parlamentarios y l\u00edderes pol\u00edticos para hacer una reforma parcial en la Carta Magna.<\/p>\n<p class=\"v1MsoNormal\">En conferencia de prensa desde la ciudad de Cochabamba, la m\u00e1xima autoridad electoral del pa\u00eds afirm\u00f3 que toda reforma es buena, porque a trav\u00e9s de esta, se puede mejorar y salir adelante. En el caso de la CPE, sostuvo, un proceso de reforma permitir\u00e1 revisar y evaluar lo bueno y lo malo del texto constitucional vigente.<\/p>\n<p class=\"v1MsoNormal\">\u00abHe escuchado que existen muchos actores pol\u00edticos que est\u00e1n proponiendo una reforma constitucional, adelante. Desde el \u00d3rgano Electoral, todo nuestro apoyo, es necesario evaluar todo lo que ha pasado durante todo este tiempo\u00bb, dijo.<\/p>\n<p class=\"v1MsoNormal\">Para \u00c1vila, \u00abesa bendita Constituci\u00f3n\u00bb necesita ser evaluada, analizada y modificada, con la finalidad de establecer si existen cosas positivas para el pa\u00eds, o no. \u00abToda reforma es buena, porque permite caminar hacia adelante en un prop\u00f3sito que siempre va ser el bien del pa\u00eds y de la democracia\u00bb, explic\u00f3.<\/p>\n<p class=\"v1MsoNormal\">Ayer, el TSE dio inicio a un proceso institucional destinado a revisar las leyes 018 del \u00d3rgano Electoral Plurinacional, 026 del R\u00e9gimen Electoral y 1096 de Organizaciones Pol\u00edticas, adem\u00e1s de identificar aquellos aspectos que, por su alcance y naturaleza, podr\u00edan requerir modificaciones de mayor profundidad.<\/p>\n<p class=\"v1MsoNormal\">\u00abNo venimos simplemente a modificar leyes. Venimos a construir las reglas de nuestra democracia para los pr\u00f3ximos a\u00f1os\u00bb, se\u00f1al\u00f3 \u00c1vila en el acto inaugural del encuentro.<\/p>\n<p class=\"v1MsoNormal\">Entre los principales a ser analizados se encuentran el c\u00f3mputo electoral, la inscripci\u00f3n y sustituci\u00f3n de candidaturas, la paridad y alternancia, los debates electorales, las encuestas, las organizaciones pol\u00edticas, los mecanismos de participaci\u00f3n ciudadana, la incorporaci\u00f3n de tecnolog\u00eda en los procesos electorales y el Sistema de Resultados Electorales Preliminares.<\/p>\n<p class=\"v1MsoNormal\">Desde el TSE tambi\u00e9n se plante\u00f3 la necesidad de abrir una discusi\u00f3n sobre la propia Constituci\u00f3n Pol\u00edtica del Estado y evaluar, desde una perspectiva institucional, aquellos aspectos que podr\u00edan requerir una reforma.<\/p>\n<p class=\"v1MsoNormal\">\u00abHagamos un mea culpa, veamos esa Constituci\u00f3n, esa bendita Constituci\u00f3n, qu\u00e9 ha generado, qu\u00e9 ha producido, qui\u00e9nes la han redactado, por qu\u00e9 la hicieron de esa manera y qui\u00e9nes debemos ahora proponer reformas constitucionales para un mejor pa\u00eds\u00bb, dijo.<\/p>\n","protected":false},"excerpt":{"rendered":"<p>Asegurando que es necesario evaluar y analizar los aspectos positivos y negativos de la Constituci\u00f3n Pol\u00edtica del Estado (CPE) en el \u00faltimo tiempo, el presidente del Tribunal Supremo Electoral (TSE), Gustavo \u00c1vila, se\u00f1al\u00f3 que respalda todos los planteamientos expresados por parlamentarios y l\u00edderes pol\u00edticos para hacer una reforma parcial en la Carta Magna. En conferencia [&hellip;]<\/p>\n","protected":false},"author":1,"featured_media":427186,"comment_status":"closed","ping_status":"open","sticky":false,"template":"","format":"standard","meta":{"_acf_changed":false,"footnotes":""},"categories":[15],"tags":[],"class_list":["post-427185","post","type-post","status-publish","format-standard","has-post-thumbnail","category-portada"],"acf":{"antetitulo":"Por el bien del pa\u00eds y la democracia"},"yoast_head":"<!-- This site is optimized with the Yoast SEO plugin v28.4 - https:\/\/yoast.com\/product\/yoast-seo-wordpress\/ -->\n<title>TSE respalda propuestas para la reforma parcial de la CPE - El Diario - Bolivia<\/title>\n<meta name=\"robots\" content=\"index, follow, max-snippet:-1, max-image-preview:large, max-video-preview:-1\" \/>\n<link rel=\"canonical\" href=\"https:\/\/www.eldiario.net\/portal\/2026\/09\/03\/tse-respalda-propuestas-para-la-reforma-parcial-de-la-cpe\/\" \/>\n<meta property=\"og:locale\" content=\"es_ES\" \/>\n<meta property=\"og:type\" content=\"article\" \/>\n<meta property=\"og:title\" content=\"TSE respalda propuestas para la reforma parcial de la CPE - El Diario - Bolivia\" \/>\n<meta property=\"og:description\" content=\"Asegurando que es necesario evaluar y analizar los aspectos positivos y negativos de la Constituci\u00f3n Pol\u00edtica del Estado (CPE) en el \u00faltimo tiempo, el presidente del Tribunal Supremo Electoral (TSE), Gustavo \u00c1vila, se\u00f1al\u00f3 que respalda todos los planteamientos expresados por parlamentarios y l\u00edderes pol\u00edticos para hacer una reforma parcial en la Carta Magna. En conferencia [&hellip;]\" \/>\n<meta property=\"og:url\" content=\"https:\/\/www.eldiario.net\/portal\/2026\/09\/03\/tse-respalda-propuestas-para-la-reforma-parcial-de-la-cpe\/\" \/>\n<meta property=\"og:site_name\" content=\"El Diario - Bolivia\" \/>\n<meta property=\"article:publisher\" content=\"https:\/\/www.facebook.com\/eldiario.bolivia\/\" \/>\n<meta property=\"article:published_time\" content=\"2026-09-03T09:37:54+00:00\" \/>\n<meta property=\"og:image\" content=\"https:\/\/www.eldiario.net\/portal\/wp-content\/uploads\/2026\/09\/RESPALDA-AVILA.webp\" \/>\n\t<meta property=\"og:image:width\" content=\"1301\" \/>\n\t<meta property=\"og:image:height\" content=\"1053\" \/>\n\t<meta property=\"og:image:type\" content=\"image\/webp\" \/>\n<meta name=\"author\" content=\"Jeanette\" \/>\n<meta name=\"twitter:card\" content=\"summary_large_image\" \/>\n<meta name=\"twitter:creator\" content=\"@eldiario_net\" \/>\n<meta name=\"twitter:site\" content=\"@eldiario_net\" \/>\n<meta name=\"twitter:label1\" content=\"Escrito por\" \/>\n\t<meta name=\"twitter:data1\" content=\"Jeanette\" \/>\n\t<meta name=\"twitter:label2\" content=\"Tiempo de lectura\" \/>\n\t<meta name=\"twitter:data2\" content=\"2 minutos\" \/>\n<script type=\"application\/ld+json\" class=\"yoast-schema-graph\">{\"@context\":\"https:\\\/\\\/schema.org\",\"@graph\":[{\"@type\":\"Article\",\"@id\":\"https:\\\/\\\/www.eldiario.net\\\/portal\\\/2026\\\/09\\\/03\\\/tse-respalda-propuestas-para-la-reforma-parcial-de-la-cpe\\\/#article\",\"isPartOf\":{\"@id\":\"https:\\\/\\\/www.eldiario.net\\\/portal\\\/2026\\\/09\\\/03\\\/tse-respalda-propuestas-para-la-reforma-parcial-de-la-cpe\\\/\"},\"author\":{\"name\":\"Jeanette\",\"@id\":\"https:\\\/\\\/www.eldiario.net\\\/portal\\\/#\\\/schema\\\/person\\\/f46445640444750d7d753ccd04ae01b7\"},\"headline\":\"TSE respalda propuestas para la reforma parcial de la CPE\",\"datePublished\":\"2026-09-03T09:37:54+00:00\",\"mainEntityOfPage\":{\"@id\":\"https:\\\/\\\/www.eldiario.net\\\/portal\\\/2026\\\/09\\\/03\\\/tse-respalda-propuestas-para-la-reforma-parcial-de-la-cpe\\\/\"},\"wordCount\":429,\"publisher\":{\"@id\":\"https:\\\/\\\/www.eldiario.net\\\/portal\\\/#organization\"},\"image\":{\"@id\":\"https:\\\/\\\/www.eldiario.net\\\/portal\\\/2026\\\/09\\\/03\\\/tse-respalda-propuestas-para-la-reforma-parcial-de-la-cpe\\\/#primaryimage\"},\"thumbnailUrl\":\"https:\\\/\\\/www.eldiario.net\\\/portal\\\/wp-content\\\/uploads\\\/2026\\\/09\\\/RESPALDA-AVILA.webp\",\"articleSection\":[\"Portada\"],\"inLanguage\":\"es\"},{\"@type\":\"WebPage\",\"@id\":\"https:\\\/\\\/www.eldiario.net\\\/portal\\\/2026\\\/09\\\/03\\\/tse-respalda-propuestas-para-la-reforma-parcial-de-la-cpe\\\/\",\"url\":\"https:\\\/\\\/www.eldiario.net\\\/portal\\\/2026\\\/09\\\/03\\\/tse-respalda-propuestas-para-la-reforma-parcial-de-la-cpe\\\/\",\"name\":\"TSE respalda propuestas para la reforma parcial de la CPE - El Diario - Bolivia\",\"isPartOf\":{\"@id\":\"https:\\\/\\\/www.eldiario.net\\\/portal\\\/#website\"},\"primaryImageOfPage\":{\"@id\":\"https:\\\/\\\/www.eldiario.net\\\/portal\\\/2026\\\/09\\\/03\\\/tse-respalda-propuestas-para-la-reforma-parcial-de-la-cpe\\\/#primaryimage\"},\"image\":{\"@id\":\"https:\\\/\\\/www.eldiario.net\\\/portal\\\/2026\\\/09\\\/03\\\/tse-respalda-propuestas-para-la-reforma-parcial-de-la-cpe\\\/#primaryimage\"},\"thumbnailUrl\":\"https:\\\/\\\/www.eldiario.net\\\/portal\\\/wp-content\\\/uploads\\\/2026\\\/09\\\/RESPALDA-AVILA.webp\",\"datePublished\":\"2026-09-03T09:37:54+00:00\",\"breadcrumb\":{\"@id\":\"https:\\\/\\\/www.eldiario.net\\\/portal\\\/2026\\\/09\\\/03\\\/tse-respalda-propuestas-para-la-reforma-parcial-de-la-cpe\\\/#breadcrumb\"},\"inLanguage\":\"es\",\"potentialAction\":[{\"@type\":\"ReadAction\",\"target\":[\"https:\\\/\\\/www.eldiario.net\\\/portal\\\/2026\\\/09\\\/03\\\/tse-respalda-propuestas-para-la-reforma-parcial-de-la-cpe\\\/\"]}]},{\"@type\":\"ImageObject\",\"inLanguage\":\"es\",\"@id\":\"https:\\\/\\\/www.eldiario.net\\\/portal\\\/2026\\\/09\\\/03\\\/tse-respalda-propuestas-para-la-reforma-parcial-de-la-cpe\\\/#primaryimage\",\"url\":\"https:\\\/\\\/www.eldiario.net\\\/portal\\\/wp-content\\\/uploads\\\/2026\\\/09\\\/RESPALDA-AVILA.webp\",\"contentUrl\":\"https:\\\/\\\/www.eldiario.net\\\/portal\\\/wp-content\\\/uploads\\\/2026\\\/09\\\/RESPALDA-AVILA.webp\",\"width\":1301,\"height\":1053,\"caption\":\"Gustavo \u00c1vila, presidente del TSE CR\u00c9DITOS: RRSS\"},{\"@type\":\"BreadcrumbList\",\"@id\":\"https:\\\/\\\/www.eldiario.net\\\/portal\\\/2026\\\/09\\\/03\\\/tse-respalda-propuestas-para-la-reforma-parcial-de-la-cpe\\\/#breadcrumb\",\"itemListElement\":[{\"@type\":\"ListItem\",\"position\":1,\"name\":\"Portada\",\"item\":\"https:\\\/\\\/www.eldiario.net\\\/portal\\\/\"},{\"@type\":\"ListItem\",\"position\":2,\"name\":\"TSE respalda propuestas para la reforma parcial de la CPE\"}]},{\"@type\":\"WebSite\",\"@id\":\"https:\\\/\\\/www.eldiario.net\\\/portal\\\/#website\",\"url\":\"https:\\\/\\\/www.eldiario.net\\\/portal\\\/\",\"name\":\"El Diario - Decano de la prensa nacional\",\"description\":\"El Diario - Decano de la prensa nacional\",\"publisher\":{\"@id\":\"https:\\\/\\\/www.eldiario.net\\\/portal\\\/#organization\"},\"potentialAction\":[{\"@type\":\"SearchAction\",\"target\":{\"@type\":\"EntryPoint\",\"urlTemplate\":\"https:\\\/\\\/www.eldiario.net\\\/portal\\\/?s={search_term_string}\"},\"query-input\":{\"@type\":\"PropertyValueSpecification\",\"valueRequired\":true,\"valueName\":\"search_term_string\"}}],\"inLanguage\":\"es\"},{\"@type\":\"Organization\",\"@id\":\"https:\\\/\\\/www.eldiario.net\\\/portal\\\/#organization\",\"name\":\"El Diario - Decano de la prensa nacional\",\"url\":\"https:\\\/\\\/www.eldiario.net\\\/portal\\\/\",\"logo\":{\"@type\":\"ImageObject\",\"inLanguage\":\"es\",\"@id\":\"https:\\\/\\\/www.eldiario.net\\\/portal\\\/#\\\/schema\\\/logo\\\/image\\\/\",\"url\":\"https:\\\/\\\/www.eldiario.net\\\/portal\\\/wp-content\\\/uploads\\\/2023\\\/07\\\/logo_ED.jpg\",\"contentUrl\":\"https:\\\/\\\/www.eldiario.net\\\/portal\\\/wp-content\\\/uploads\\\/2023\\\/07\\\/logo_ED.jpg\",\"width\":272,\"height\":52,\"caption\":\"El Diario - Decano de la prensa nacional\"},\"image\":{\"@id\":\"https:\\\/\\\/www.eldiario.net\\\/portal\\\/#\\\/schema\\\/logo\\\/image\\\/\"},\"sameAs\":[\"https:\\\/\\\/www.facebook.com\\\/eldiario.bolivia\\\/\",\"https:\\\/\\\/x.com\\\/eldiario_net\"]},{\"@type\":\"Person\",\"@id\":\"https:\\\/\\\/www.eldiario.net\\\/portal\\\/#\\\/schema\\\/person\\\/f46445640444750d7d753ccd04ae01b7\",\"name\":\"Jeanette\",\"image\":{\"@type\":\"ImageObject\",\"inLanguage\":\"es\",\"@id\":\"https:\\\/\\\/secure.gravatar.com\\\/avatar\\\/3ea2118a5f7dad2b7138b1187a6b7ee55f160b9968b66013c3a3ef39dd7e5798?s=96&d=mm&r=g\",\"url\":\"https:\\\/\\\/secure.gravatar.com\\\/avatar\\\/3ea2118a5f7dad2b7138b1187a6b7ee55f160b9968b66013c3a3ef39dd7e5798?s=96&d=mm&r=g\",\"contentUrl\":\"https:\\\/\\\/secure.gravatar.com\\\/avatar\\\/3ea2118a5f7dad2b7138b1187a6b7ee55f160b9968b66013c3a3ef39dd7e5798?s=96&d=mm&r=g\",\"caption\":\"Jeanette\"},\"sameAs\":[\"https:\\\/\\\/www.eldiario.net\\\/portal\"],\"url\":\"https:\\\/\\\/www.eldiario.net\\\/portal\\\/author\\\/jeanette\\\/\"}]}<\/script>\n<!-- \/ Yoast SEO plugin. -->","yoast_head_json":{"title":"TSE respalda propuestas para la reforma parcial de la CPE - El Diario - Bolivia","robots":{"index":"index","follow":"follow","max-snippet":"max-snippet:-1","max-image-preview":"max-image-preview:large","max-video-preview":"max-video-preview:-1"},"canonical":"https:\/\/www.eldiario.net\/portal\/2026\/09\/03\/tse-respalda-propuestas-para-la-reforma-parcial-de-la-cpe\/","og_locale":"es_ES","og_type":"article","og_title":"TSE respalda propuestas para la reforma parcial de la CPE - El Diario - Bolivia","og_description":"Asegurando que es necesario evaluar y analizar los aspectos positivos y negativos de la Constituci\u00f3n Pol\u00edtica del Estado (CPE) en el \u00faltimo tiempo, el presidente del Tribunal Supremo Electoral (TSE), Gustavo \u00c1vila, se\u00f1al\u00f3 que respalda todos los planteamientos expresados por parlamentarios y l\u00edderes pol\u00edticos para hacer una reforma parcial en la Carta Magna. En conferencia [&hellip;]","og_url":"https:\/\/www.eldiario.net\/portal\/2026\/09\/03\/tse-respalda-propuestas-para-la-reforma-parcial-de-la-cpe\/","og_site_name":"El Diario - Bolivia","article_publisher":"https:\/\/www.facebook.com\/eldiario.bolivia\/","article_published_time":"2026-09-03T09:37:54+00:00","og_image":[{"width":1301,"height":1053,"url":"https:\/\/www.eldiario.net\/portal\/wp-content\/uploads\/2026\/09\/RESPALDA-AVILA.webp","type":"image\/webp"}],"author":"Jeanette","twitter_card":"summary_large_image","twitter_creator":"@eldiario_net","twitter_site":"@eldiario_net","twitter_misc":{"Escrito por":"Jeanette","Tiempo de lectura":"2 minutos"},"schema":{"@context":"https:\/\/schema.org","@graph":[{"@type":"Article","@id":"https:\/\/www.eldiario.net\/portal\/2026\/09\/03\/tse-respalda-propuestas-para-la-reforma-parcial-de-la-cpe\/#article","isPartOf":{"@id":"https:\/\/www.eldiario.net\/portal\/2026\/09\/03\/tse-respalda-propuestas-para-la-reforma-parcial-de-la-cpe\/"},"author":{"name":"Jeanette","@id":"https:\/\/www.eldiario.net\/portal\/#\/schema\/person\/f46445640444750d7d753ccd04ae01b7"},"headline":"TSE respalda propuestas para la reforma parcial de la CPE","datePublished":"2026-09-03T09:37:54+00:00","mainEntityOfPage":{"@id":"https:\/\/www.eldiario.net\/portal\/2026\/09\/03\/tse-respalda-propuestas-para-la-reforma-parcial-de-la-cpe\/"},"wordCount":429,"publisher":{"@id":"https:\/\/www.eldiario.net\/portal\/#organization"},"image":{"@id":"https:\/\/www.eldiario.net\/portal\/2026\/09\/03\/tse-respalda-propuestas-para-la-reforma-parcial-de-la-cpe\/#primaryimage"},"thumbnailUrl":"https:\/\/www.eldiario.net\/portal\/wp-content\/uploads\/2026\/09\/RESPALDA-AVILA.webp","articleSection":["Portada"],"inLanguage":"es"},{"@type":"WebPage","@id":"https:\/\/www.eldiario.net\/portal\/2026\/09\/03\/tse-respalda-propuestas-para-la-reforma-parcial-de-la-cpe\/","url":"https:\/\/www.eldiario.net\/portal\/2026\/09\/03\/tse-respalda-propuestas-para-la-reforma-parcial-de-la-cpe\/","name":"TSE respalda propuestas para la reforma parcial de la CPE - El Diario - Bolivia","isPartOf":{"@id":"https:\/\/www.eldiario.net\/portal\/#website"},"primaryImageOfPage":{"@id":"https:\/\/www.eldiario.net\/portal\/2026\/09\/03\/tse-respalda-propuestas-para-la-reforma-parcial-de-la-cpe\/#primaryimage"},"image":{"@id":"https:\/\/www.eldiario.net\/portal\/2026\/09\/03\/tse-respalda-propuestas-para-la-reforma-parcial-de-la-cpe\/#primaryimage"},"thumbnailUrl":"https:\/\/www.eldiario.net\/portal\/wp-content\/uploads\/2026\/09\/RESPALDA-AVILA.webp","datePublished":"2026-09-03T09:37:54+00:00","breadcrumb":{"@id":"https:\/\/www.eldiario.net\/portal\/2026\/09\/03\/tse-respalda-propuestas-para-la-reforma-parcial-de-la-cpe\/#breadcrumb"},"inLanguage":"es","potentialAction":[{"@type":"ReadAction","target":["https:\/\/www.eldiario.net\/portal\/2026\/09\/03\/tse-respalda-propuestas-para-la-reforma-parcial-de-la-cpe\/"]}]},{"@type":"ImageObject","inLanguage":"es","@id":"https:\/\/www.eldiario.net\/portal\/2026\/09\/03\/tse-respalda-propuestas-para-la-reforma-parcial-de-la-cpe\/#primaryimage","url":"https:\/\/www.eldiario.net\/portal\/wp-content\/uploads\/2026\/09\/RESPALDA-AVILA.webp","contentUrl":"https:\/\/www.eldiario.net\/portal\/wp-content\/uploads\/2026\/09\/RESPALDA-AVILA.webp","width":1301,"height":1053,"caption":"Gustavo \u00c1vila, presidente del TSE CR\u00c9DITOS: RRSS"},{"@type":"BreadcrumbList","@id":"https:\/\/www.eldiario.net\/portal\/2026\/09\/03\/tse-respalda-propuestas-para-la-reforma-parcial-de-la-cpe\/#breadcrumb","itemListElement":[{"@type":"ListItem","position":1,"name":"Portada","item":"https:\/\/www.eldiario.net\/portal\/"},{"@type":"ListItem","position":2,"name":"TSE respalda propuestas para la reforma parcial de la CPE"}]},{"@type":"WebSite","@id":"https:\/\/www.eldiario.net\/portal\/#website","url":"https:\/\/www.eldiario.net\/portal\/","name":"El Diario - Decano de la prensa nacional","description":"El Diario - Decano de la prensa nacional","publisher":{"@id":"https:\/\/www.eldiario.net\/portal\/#organization"},"potentialAction":[{"@type":"SearchAction","target":{"@type":"EntryPoint","urlTemplate":"https:\/\/www.eldiario.net\/portal\/?s={search_term_string}"},"query-input":{"@type":"PropertyValueSpecification","valueRequired":true,"valueName":"search_term_string"}}],"inLanguage":"es"},{"@type":"Organization","@id":"https:\/\/www.eldiario.net\/portal\/#organization","name":"El Diario - Decano de la prensa nacional","url":"https:\/\/www.eldiario.net\/portal\/","logo":{"@type":"ImageObject","inLanguage":"es","@id":"https:\/\/www.eldiario.net\/portal\/#\/schema\/logo\/image\/","url":"https:\/\/www.eldiario.net\/portal\/wp-content\/uploads\/2023\/07\/logo_ED.jpg","contentUrl":"https:\/\/www.eldiario.net\/portal\/wp-content\/uploads\/2023\/07\/logo_ED.jpg","width":272,"height":52,"caption":"El Diario - Decano de la prensa nacional"},"image":{"@id":"https:\/\/www.eldiario.net\/portal\/#\/schema\/logo\/image\/"},"sameAs":["https:\/\/www.facebook.com\/eldiario.bolivia\/","https:\/\/x.com\/eldiario_net"]},{"@type":"Person","@id":"https:\/\/www.eldiario.net\/portal\/#\/schema\/person\/f46445640444750d7d753ccd04ae01b7","name":"Jeanette","image":{"@type":"ImageObject","inLanguage":"es","@id":"https:\/\/secure.gravatar.com\/avatar\/3ea2118a5f7dad2b7138b1187a6b7ee55f160b9968b66013c3a3ef39dd7e5798?s=96&d=mm&r=g","url":"https:\/\/secure.gravatar.com\/avatar\/3ea2118a5f7dad2b7138b1187a6b7ee55f160b9968b66013c3a3ef39dd7e5798?s=96&d=mm&r=g","contentUrl":"https:\/\/secure.gravatar.com\/avatar\/3ea2118a5f7dad2b7138b1187a6b7ee55f160b9968b66013c3a3ef39dd7e5798?s=96&d=mm&r=g","caption":"Jeanette"},"sameAs":["https:\/\/www.eldiario.net\/portal"],"url":"https:\/\/www.eldiario.net\/portal\/author\/jeanette\/"}]}},"_links":{"self":[{"href":"https:\/\/www.eldiario.net\/portal\/wp-json\/wp\/v2\/posts\/427185","targetHints":{"allow":["GET"]}}],"collection":[{"href":"https:\/\/www.eldiario.net\/portal\/wp-json\/wp\/v2\/posts"}],"about":[{"href":"https:\/\/www.eldiario.net\/portal\/wp-json\/wp\/v2\/types\/post"}],"author":[{"embeddable":true,"href":"https:\/\/www.eldiario.net\/portal\/wp-json\/wp\/v2\/users\/1"}],"replies":[{"embeddable":true,"href":"https:\/\/www.eldiario.net\/portal\/wp-json\/wp\/v2\/comments?post=427185"}],"version-history":[{"count":1,"href":"https:\/\/www.eldiario.net\/portal\/wp-json\/wp\/v2\/posts\/427185\/revisions"}],"predecessor-version":[{"id":427187,"href":"https:\/\/www.eldiario.net\/portal\/wp-json\/wp\/v2\/posts\/427185\/revisions\/427187"}],"wp:featuredmedia":[{"embeddable":true,"href":"https:\/\/www.eldiario.net\/portal\/wp-json\/wp\/v2\/media\/427186"}],"wp:attachment":[{"href":"https:\/\/www.eldiario.net\/portal\/wp-json\/wp\/v2\/media?parent=427185"}],"wp:term":[{"taxonomy":"category","embeddable":true,"href":"https:\/\/www.eldiario.net\/portal\/wp-json\/wp\/v2\/categories?post=427185"},{"taxonomy":"post_tag","embeddable":true,"href":"https:\/\/www.eldiario.net\/portal\/wp-json\/wp\/v2\/tags?post=427185"}],"curies":[{"name":"wp","href":"https:\/\/api.w.org\/{rel}","templated":true}]}}