{"id":427182,"date":"2026-09-03T05:35:44","date_gmt":"2026-09-03T09:35:44","guid":{"rendered":"https:\/\/www.eldiario.net\/portal\/?p=427182"},"modified":"2026-09-03T05:36:35","modified_gmt":"2026-09-03T09:36:35","slug":"bolivia-asume-secretaria-general-de-la-aladi","status":"publish","type":"post","link":"https:\/\/www.eldiario.net\/portal\/2026\/09\/03\/bolivia-asume-secretaria-general-de-la-aladi\/","title":{"rendered":"Bolivia asume Secretar\u00eda  General de la ALADI"},"content":{"rendered":"<p class=\"v1MsoNormal\">Los pa\u00edses miembros de la Asociaci\u00f3n Latinoamericana de Integraci\u00f3n (Aladi) eligieron por unanimidad al boliviano Adhemar Guzm\u00e1n Ballivi\u00e1n como Secretario General para el per\u00edodo 2026\u20132029, durante la XX Reuni\u00f3n del Consejo de Ministros de Relaciones Exteriores. La decisi\u00f3n constituye un resultado de especial relevancia para Bolivia y expresa la confianza regional depositada en su candidatura.<\/p>\n<p class=\"v1MsoNormal\">El canciller H\u00e9ctor Huanca agradeci\u00f3 el respaldo de los pa\u00edses miembros y destac\u00f3 que la designaci\u00f3n debe entenderse como una responsabilidad al servicio de toda la regi\u00f3n. \u00abSu origen es boliviano; su responsabilidad, desde hoy, es latinoamericana\u00bb, afirm\u00f3.<\/p>\n<p class=\"v1MsoNormal\">La elecci\u00f3n se produce en el marco de una nueva etapa en la pol\u00edtica exterior boliviana, en la que Bolivia asume un rol activo como integrador regional: propicia la generaci\u00f3n de oportunidades, facilita el comercio, trabaja para reducir brechas y promueve resultados concretos que beneficien a la regi\u00f3n y puedan ser aprovechados por sus ciudadanos.<\/p>\n<p class=\"v1MsoNormal\">Durante el consejo de ministros, Huanca plante\u00f3 avanzar hacia una integraci\u00f3n m\u00e1s efectiva, con facilitaci\u00f3n del comercio intrarregional, simplificaci\u00f3n y digitalizaci\u00f3n de procedimientos, mejores condiciones para los Pa\u00edses de Menor Desarrollo Econ\u00f3mico Relativo y una mayor articulaci\u00f3n entre integraci\u00f3n comercial y conectividad f\u00edsica.<\/p>\n<p class=\"v1MsoNormal\">\u00abEl objetivo debe ser tener una mejor integraci\u00f3n: una integraci\u00f3n que funcione\u00bb, expuso la autoridad, reiterando que, para Bolivia, su ubicaci\u00f3n en el coraz\u00f3n de Sudam\u00e9rica constituye un activo estrat\u00e9gico.<\/p>\n<p class=\"v1MsoNormal\">Asimismo, resalt\u00f3 que la pol\u00edtica exterior boliviana busca aprovechar esta condici\u00f3n para articular mercados, corredores, sistemas log\u00edsticos y capacidades productivas, contribuyendo a una mayor conexi\u00f3n entre el Atl\u00e1ntico y el Pac\u00edfico que contempla mecanismos preferenciales orientados a favorecer una participaci\u00f3n m\u00e1s equitativa en el proceso de integraci\u00f3n.<\/p>\n<p class=\"v1MsoNormal\">Para la regi\u00f3n, la Aladi constituye uno de los principales espacios de integraci\u00f3n econ\u00f3mica de Am\u00e9rica Latina y trabaja para ampliar el comercio regional, reducir progresivamente sus barreras y promover acuerdos de complementaci\u00f3n econ\u00f3mica y cooperaci\u00f3n en \u00e1mbitos como aduanas, financiamiento, sanidad, ciencia, tecnolog\u00eda, turismo y otros sectores estrat\u00e9gicos.<\/p>\n","protected":false},"excerpt":{"rendered":"<p>Los pa\u00edses miembros de la Asociaci\u00f3n Latinoamericana de Integraci\u00f3n (Aladi) eligieron por unanimidad al boliviano Adhemar Guzm\u00e1n Ballivi\u00e1n como Secretario General para el per\u00edodo 2026\u20132029, durante la XX Reuni\u00f3n del Consejo de Ministros de Relaciones Exteriores. La decisi\u00f3n constituye un resultado de especial relevancia para Bolivia y expresa la confianza regional depositada en su candidatura. [&hellip;]<\/p>\n","protected":false},"author":1,"featured_media":427183,"comment_status":"closed","ping_status":"open","sticky":false,"template":"","format":"standard","meta":{"_acf_changed":false,"footnotes":""},"categories":[15],"tags":[],"class_list":["post-427182","post","type-post","status-publish","format-standard","has-post-thumbnail","category-portada"],"acf":{"antetitulo":"Existe confianza a nivel regional"},"yoast_head":"<!-- This site is optimized with the Yoast SEO plugin v28.4 - https:\/\/yoast.com\/product\/yoast-seo-wordpress\/ -->\n<title>Bolivia asume Secretar\u00eda General de la ALADI - El Diario - Bolivia<\/title>\n<meta name=\"robots\" content=\"index, follow, max-snippet:-1, max-image-preview:large, max-video-preview:-1\" \/>\n<link rel=\"canonical\" href=\"https:\/\/www.eldiario.net\/portal\/2026\/09\/03\/bolivia-asume-secretaria-general-de-la-aladi\/\" \/>\n<meta property=\"og:locale\" content=\"es_ES\" \/>\n<meta property=\"og:type\" content=\"article\" \/>\n<meta property=\"og:title\" content=\"Bolivia asume Secretar\u00eda General de la ALADI - El Diario - Bolivia\" \/>\n<meta property=\"og:description\" content=\"Los pa\u00edses miembros de la Asociaci\u00f3n Latinoamericana de Integraci\u00f3n (Aladi) eligieron por unanimidad al boliviano Adhemar Guzm\u00e1n Ballivi\u00e1n como Secretario General para el per\u00edodo 2026\u20132029, durante la XX Reuni\u00f3n del Consejo de Ministros de Relaciones Exteriores. La decisi\u00f3n constituye un resultado de especial relevancia para Bolivia y expresa la confianza regional depositada en su candidatura. [&hellip;]\" \/>\n<meta property=\"og:url\" content=\"https:\/\/www.eldiario.net\/portal\/2026\/09\/03\/bolivia-asume-secretaria-general-de-la-aladi\/\" \/>\n<meta property=\"og:site_name\" content=\"El Diario - Bolivia\" \/>\n<meta property=\"article:publisher\" content=\"https:\/\/www.facebook.com\/eldiario.bolivia\/\" \/>\n<meta property=\"article:published_time\" content=\"2026-09-03T09:35:44+00:00\" \/>\n<meta property=\"article:modified_time\" content=\"2026-09-03T09:36:35+00:00\" \/>\n<meta property=\"og:image\" content=\"https:\/\/www.eldiario.net\/portal\/wp-content\/uploads\/2026\/09\/Consejo-Com-Prensa.webp\" \/>\n\t<meta property=\"og:image:width\" content=\"800\" \/>\n\t<meta property=\"og:image:height\" content=\"375\" \/>\n\t<meta property=\"og:image:type\" content=\"image\/webp\" \/>\n<meta name=\"author\" content=\"Jeanette\" \/>\n<meta name=\"twitter:card\" content=\"summary_large_image\" \/>\n<meta name=\"twitter:creator\" content=\"@eldiario_net\" \/>\n<meta name=\"twitter:site\" content=\"@eldiario_net\" \/>\n<meta name=\"twitter:label1\" content=\"Escrito por\" \/>\n\t<meta name=\"twitter:data1\" content=\"Jeanette\" \/>\n\t<meta name=\"twitter:label2\" content=\"Tiempo de lectura\" \/>\n\t<meta name=\"twitter:data2\" content=\"2 minutos\" \/>\n<script type=\"application\/ld+json\" class=\"yoast-schema-graph\">{\"@context\":\"https:\\\/\\\/schema.org\",\"@graph\":[{\"@type\":\"Article\",\"@id\":\"https:\\\/\\\/www.eldiario.net\\\/portal\\\/2026\\\/09\\\/03\\\/bolivia-asume-secretaria-general-de-la-aladi\\\/#article\",\"isPartOf\":{\"@id\":\"https:\\\/\\\/www.eldiario.net\\\/portal\\\/2026\\\/09\\\/03\\\/bolivia-asume-secretaria-general-de-la-aladi\\\/\"},\"author\":{\"name\":\"Jeanette\",\"@id\":\"https:\\\/\\\/www.eldiario.net\\\/portal\\\/#\\\/schema\\\/person\\\/f46445640444750d7d753ccd04ae01b7\"},\"headline\":\"Bolivia asume Secretar\u00eda General de la ALADI\",\"datePublished\":\"2026-09-03T09:35:44+00:00\",\"dateModified\":\"2026-09-03T09:36:35+00:00\",\"mainEntityOfPage\":{\"@id\":\"https:\\\/\\\/www.eldiario.net\\\/portal\\\/2026\\\/09\\\/03\\\/bolivia-asume-secretaria-general-de-la-aladi\\\/\"},\"wordCount\":374,\"publisher\":{\"@id\":\"https:\\\/\\\/www.eldiario.net\\\/portal\\\/#organization\"},\"image\":{\"@id\":\"https:\\\/\\\/www.eldiario.net\\\/portal\\\/2026\\\/09\\\/03\\\/bolivia-asume-secretaria-general-de-la-aladi\\\/#primaryimage\"},\"thumbnailUrl\":\"https:\\\/\\\/www.eldiario.net\\\/portal\\\/wp-content\\\/uploads\\\/2026\\\/09\\\/Consejo-Com-Prensa.webp\",\"articleSection\":[\"Portada\"],\"inLanguage\":\"es\"},{\"@type\":\"WebPage\",\"@id\":\"https:\\\/\\\/www.eldiario.net\\\/portal\\\/2026\\\/09\\\/03\\\/bolivia-asume-secretaria-general-de-la-aladi\\\/\",\"url\":\"https:\\\/\\\/www.eldiario.net\\\/portal\\\/2026\\\/09\\\/03\\\/bolivia-asume-secretaria-general-de-la-aladi\\\/\",\"name\":\"Bolivia asume Secretar\u00eda General de la ALADI - El Diario - Bolivia\",\"isPartOf\":{\"@id\":\"https:\\\/\\\/www.eldiario.net\\\/portal\\\/#website\"},\"primaryImageOfPage\":{\"@id\":\"https:\\\/\\\/www.eldiario.net\\\/portal\\\/2026\\\/09\\\/03\\\/bolivia-asume-secretaria-general-de-la-aladi\\\/#primaryimage\"},\"image\":{\"@id\":\"https:\\\/\\\/www.eldiario.net\\\/portal\\\/2026\\\/09\\\/03\\\/bolivia-asume-secretaria-general-de-la-aladi\\\/#primaryimage\"},\"thumbnailUrl\":\"https:\\\/\\\/www.eldiario.net\\\/portal\\\/wp-content\\\/uploads\\\/2026\\\/09\\\/Consejo-Com-Prensa.webp\",\"datePublished\":\"2026-09-03T09:35:44+00:00\",\"dateModified\":\"2026-09-03T09:36:35+00:00\",\"breadcrumb\":{\"@id\":\"https:\\\/\\\/www.eldiario.net\\\/portal\\\/2026\\\/09\\\/03\\\/bolivia-asume-secretaria-general-de-la-aladi\\\/#breadcrumb\"},\"inLanguage\":\"es\",\"potentialAction\":[{\"@type\":\"ReadAction\",\"target\":[\"https:\\\/\\\/www.eldiario.net\\\/portal\\\/2026\\\/09\\\/03\\\/bolivia-asume-secretaria-general-de-la-aladi\\\/\"]}]},{\"@type\":\"ImageObject\",\"inLanguage\":\"es\",\"@id\":\"https:\\\/\\\/www.eldiario.net\\\/portal\\\/2026\\\/09\\\/03\\\/bolivia-asume-secretaria-general-de-la-aladi\\\/#primaryimage\",\"url\":\"https:\\\/\\\/www.eldiario.net\\\/portal\\\/wp-content\\\/uploads\\\/2026\\\/09\\\/Consejo-Com-Prensa.webp\",\"contentUrl\":\"https:\\\/\\\/www.eldiario.net\\\/portal\\\/wp-content\\\/uploads\\\/2026\\\/09\\\/Consejo-Com-Prensa.webp\",\"width\":800,\"height\":375,\"caption\":\"Consejo de Ministros de Relaciones Exteriores, Aladi. CR\u00c9DITOS: Com-Prensa\"},{\"@type\":\"BreadcrumbList\",\"@id\":\"https:\\\/\\\/www.eldiario.net\\\/portal\\\/2026\\\/09\\\/03\\\/bolivia-asume-secretaria-general-de-la-aladi\\\/#breadcrumb\",\"itemListElement\":[{\"@type\":\"ListItem\",\"position\":1,\"name\":\"Portada\",\"item\":\"https:\\\/\\\/www.eldiario.net\\\/portal\\\/\"},{\"@type\":\"ListItem\",\"position\":2,\"name\":\"Bolivia asume Secretar\u00eda General de la ALADI\"}]},{\"@type\":\"WebSite\",\"@id\":\"https:\\\/\\\/www.eldiario.net\\\/portal\\\/#website\",\"url\":\"https:\\\/\\\/www.eldiario.net\\\/portal\\\/\",\"name\":\"El Diario - Decano de la prensa nacional\",\"description\":\"El Diario - Decano de la prensa nacional\",\"publisher\":{\"@id\":\"https:\\\/\\\/www.eldiario.net\\\/portal\\\/#organization\"},\"potentialAction\":[{\"@type\":\"SearchAction\",\"target\":{\"@type\":\"EntryPoint\",\"urlTemplate\":\"https:\\\/\\\/www.eldiario.net\\\/portal\\\/?s={search_term_string}\"},\"query-input\":{\"@type\":\"PropertyValueSpecification\",\"valueRequired\":true,\"valueName\":\"search_term_string\"}}],\"inLanguage\":\"es\"},{\"@type\":\"Organization\",\"@id\":\"https:\\\/\\\/www.eldiario.net\\\/portal\\\/#organization\",\"name\":\"El Diario - Decano de la prensa nacional\",\"url\":\"https:\\\/\\\/www.eldiario.net\\\/portal\\\/\",\"logo\":{\"@type\":\"ImageObject\",\"inLanguage\":\"es\",\"@id\":\"https:\\\/\\\/www.eldiario.net\\\/portal\\\/#\\\/schema\\\/logo\\\/image\\\/\",\"url\":\"https:\\\/\\\/www.eldiario.net\\\/portal\\\/wp-content\\\/uploads\\\/2023\\\/07\\\/logo_ED.jpg\",\"contentUrl\":\"https:\\\/\\\/www.eldiario.net\\\/portal\\\/wp-content\\\/uploads\\\/2023\\\/07\\\/logo_ED.jpg\",\"width\":272,\"height\":52,\"caption\":\"El Diario - Decano de la prensa nacional\"},\"image\":{\"@id\":\"https:\\\/\\\/www.eldiario.net\\\/portal\\\/#\\\/schema\\\/logo\\\/image\\\/\"},\"sameAs\":[\"https:\\\/\\\/www.facebook.com\\\/eldiario.bolivia\\\/\",\"https:\\\/\\\/x.com\\\/eldiario_net\"]},{\"@type\":\"Person\",\"@id\":\"https:\\\/\\\/www.eldiario.net\\\/portal\\\/#\\\/schema\\\/person\\\/f46445640444750d7d753ccd04ae01b7\",\"name\":\"Jeanette\",\"image\":{\"@type\":\"ImageObject\",\"inLanguage\":\"es\",\"@id\":\"https:\\\/\\\/secure.gravatar.com\\\/avatar\\\/3ea2118a5f7dad2b7138b1187a6b7ee55f160b9968b66013c3a3ef39dd7e5798?s=96&d=mm&r=g\",\"url\":\"https:\\\/\\\/secure.gravatar.com\\\/avatar\\\/3ea2118a5f7dad2b7138b1187a6b7ee55f160b9968b66013c3a3ef39dd7e5798?s=96&d=mm&r=g\",\"contentUrl\":\"https:\\\/\\\/secure.gravatar.com\\\/avatar\\\/3ea2118a5f7dad2b7138b1187a6b7ee55f160b9968b66013c3a3ef39dd7e5798?s=96&d=mm&r=g\",\"caption\":\"Jeanette\"},\"sameAs\":[\"https:\\\/\\\/www.eldiario.net\\\/portal\"],\"url\":\"https:\\\/\\\/www.eldiario.net\\\/portal\\\/author\\\/jeanette\\\/\"}]}<\/script>\n<!-- \/ Yoast SEO plugin. -->","yoast_head_json":{"title":"Bolivia asume Secretar\u00eda General de la ALADI - El Diario - Bolivia","robots":{"index":"index","follow":"follow","max-snippet":"max-snippet:-1","max-image-preview":"max-image-preview:large","max-video-preview":"max-video-preview:-1"},"canonical":"https:\/\/www.eldiario.net\/portal\/2026\/09\/03\/bolivia-asume-secretaria-general-de-la-aladi\/","og_locale":"es_ES","og_type":"article","og_title":"Bolivia asume Secretar\u00eda General de la ALADI - El Diario - Bolivia","og_description":"Los pa\u00edses miembros de la Asociaci\u00f3n Latinoamericana de Integraci\u00f3n (Aladi) eligieron por unanimidad al boliviano Adhemar Guzm\u00e1n Ballivi\u00e1n como Secretario General para el per\u00edodo 2026\u20132029, durante la XX Reuni\u00f3n del Consejo de Ministros de Relaciones Exteriores. La decisi\u00f3n constituye un resultado de especial relevancia para Bolivia y expresa la confianza regional depositada en su candidatura. [&hellip;]","og_url":"https:\/\/www.eldiario.net\/portal\/2026\/09\/03\/bolivia-asume-secretaria-general-de-la-aladi\/","og_site_name":"El Diario - Bolivia","article_publisher":"https:\/\/www.facebook.com\/eldiario.bolivia\/","article_published_time":"2026-09-03T09:35:44+00:00","article_modified_time":"2026-09-03T09:36:35+00:00","og_image":[{"width":800,"height":375,"url":"https:\/\/www.eldiario.net\/portal\/wp-content\/uploads\/2026\/09\/Consejo-Com-Prensa.webp","type":"image\/webp"}],"author":"Jeanette","twitter_card":"summary_large_image","twitter_creator":"@eldiario_net","twitter_site":"@eldiario_net","twitter_misc":{"Escrito por":"Jeanette","Tiempo de lectura":"2 minutos"},"schema":{"@context":"https:\/\/schema.org","@graph":[{"@type":"Article","@id":"https:\/\/www.eldiario.net\/portal\/2026\/09\/03\/bolivia-asume-secretaria-general-de-la-aladi\/#article","isPartOf":{"@id":"https:\/\/www.eldiario.net\/portal\/2026\/09\/03\/bolivia-asume-secretaria-general-de-la-aladi\/"},"author":{"name":"Jeanette","@id":"https:\/\/www.eldiario.net\/portal\/#\/schema\/person\/f46445640444750d7d753ccd04ae01b7"},"headline":"Bolivia asume Secretar\u00eda General de la ALADI","datePublished":"2026-09-03T09:35:44+00:00","dateModified":"2026-09-03T09:36:35+00:00","mainEntityOfPage":{"@id":"https:\/\/www.eldiario.net\/portal\/2026\/09\/03\/bolivia-asume-secretaria-general-de-la-aladi\/"},"wordCount":374,"publisher":{"@id":"https:\/\/www.eldiario.net\/portal\/#organization"},"image":{"@id":"https:\/\/www.eldiario.net\/portal\/2026\/09\/03\/bolivia-asume-secretaria-general-de-la-aladi\/#primaryimage"},"thumbnailUrl":"https:\/\/www.eldiario.net\/portal\/wp-content\/uploads\/2026\/09\/Consejo-Com-Prensa.webp","articleSection":["Portada"],"inLanguage":"es"},{"@type":"WebPage","@id":"https:\/\/www.eldiario.net\/portal\/2026\/09\/03\/bolivia-asume-secretaria-general-de-la-aladi\/","url":"https:\/\/www.eldiario.net\/portal\/2026\/09\/03\/bolivia-asume-secretaria-general-de-la-aladi\/","name":"Bolivia asume Secretar\u00eda General de la ALADI - El Diario - Bolivia","isPartOf":{"@id":"https:\/\/www.eldiario.net\/portal\/#website"},"primaryImageOfPage":{"@id":"https:\/\/www.eldiario.net\/portal\/2026\/09\/03\/bolivia-asume-secretaria-general-de-la-aladi\/#primaryimage"},"image":{"@id":"https:\/\/www.eldiario.net\/portal\/2026\/09\/03\/bolivia-asume-secretaria-general-de-la-aladi\/#primaryimage"},"thumbnailUrl":"https:\/\/www.eldiario.net\/portal\/wp-content\/uploads\/2026\/09\/Consejo-Com-Prensa.webp","datePublished":"2026-09-03T09:35:44+00:00","dateModified":"2026-09-03T09:36:35+00:00","breadcrumb":{"@id":"https:\/\/www.eldiario.net\/portal\/2026\/09\/03\/bolivia-asume-secretaria-general-de-la-aladi\/#breadcrumb"},"inLanguage":"es","potentialAction":[{"@type":"ReadAction","target":["https:\/\/www.eldiario.net\/portal\/2026\/09\/03\/bolivia-asume-secretaria-general-de-la-aladi\/"]}]},{"@type":"ImageObject","inLanguage":"es","@id":"https:\/\/www.eldiario.net\/portal\/2026\/09\/03\/bolivia-asume-secretaria-general-de-la-aladi\/#primaryimage","url":"https:\/\/www.eldiario.net\/portal\/wp-content\/uploads\/2026\/09\/Consejo-Com-Prensa.webp","contentUrl":"https:\/\/www.eldiario.net\/portal\/wp-content\/uploads\/2026\/09\/Consejo-Com-Prensa.webp","width":800,"height":375,"caption":"Consejo de Ministros de Relaciones Exteriores, Aladi. CR\u00c9DITOS: Com-Prensa"},{"@type":"BreadcrumbList","@id":"https:\/\/www.eldiario.net\/portal\/2026\/09\/03\/bolivia-asume-secretaria-general-de-la-aladi\/#breadcrumb","itemListElement":[{"@type":"ListItem","position":1,"name":"Portada","item":"https:\/\/www.eldiario.net\/portal\/"},{"@type":"ListItem","position":2,"name":"Bolivia asume Secretar\u00eda General de la ALADI"}]},{"@type":"WebSite","@id":"https:\/\/www.eldiario.net\/portal\/#website","url":"https:\/\/www.eldiario.net\/portal\/","name":"El Diario - Decano de la prensa nacional","description":"El Diario - Decano de la prensa nacional","publisher":{"@id":"https:\/\/www.eldiario.net\/portal\/#organization"},"potentialAction":[{"@type":"SearchAction","target":{"@type":"EntryPoint","urlTemplate":"https:\/\/www.eldiario.net\/portal\/?s={search_term_string}"},"query-input":{"@type":"PropertyValueSpecification","valueRequired":true,"valueName":"search_term_string"}}],"inLanguage":"es"},{"@type":"Organization","@id":"https:\/\/www.eldiario.net\/portal\/#organization","name":"El Diario - Decano de la prensa nacional","url":"https:\/\/www.eldiario.net\/portal\/","logo":{"@type":"ImageObject","inLanguage":"es","@id":"https:\/\/www.eldiario.net\/portal\/#\/schema\/logo\/image\/","url":"https:\/\/www.eldiario.net\/portal\/wp-content\/uploads\/2023\/07\/logo_ED.jpg","contentUrl":"https:\/\/www.eldiario.net\/portal\/wp-content\/uploads\/2023\/07\/logo_ED.jpg","width":272,"height":52,"caption":"El Diario - Decano de la prensa nacional"},"image":{"@id":"https:\/\/www.eldiario.net\/portal\/#\/schema\/logo\/image\/"},"sameAs":["https:\/\/www.facebook.com\/eldiario.bolivia\/","https:\/\/x.com\/eldiario_net"]},{"@type":"Person","@id":"https:\/\/www.eldiario.net\/portal\/#\/schema\/person\/f46445640444750d7d753ccd04ae01b7","name":"Jeanette","image":{"@type":"ImageObject","inLanguage":"es","@id":"https:\/\/secure.gravatar.com\/avatar\/3ea2118a5f7dad2b7138b1187a6b7ee55f160b9968b66013c3a3ef39dd7e5798?s=96&d=mm&r=g","url":"https:\/\/secure.gravatar.com\/avatar\/3ea2118a5f7dad2b7138b1187a6b7ee55f160b9968b66013c3a3ef39dd7e5798?s=96&d=mm&r=g","contentUrl":"https:\/\/secure.gravatar.com\/avatar\/3ea2118a5f7dad2b7138b1187a6b7ee55f160b9968b66013c3a3ef39dd7e5798?s=96&d=mm&r=g","caption":"Jeanette"},"sameAs":["https:\/\/www.eldiario.net\/portal"],"url":"https:\/\/www.eldiario.net\/portal\/author\/jeanette\/"}]}},"_links":{"self":[{"href":"https:\/\/www.eldiario.net\/portal\/wp-json\/wp\/v2\/posts\/427182","targetHints":{"allow":["GET"]}}],"collection":[{"href":"https:\/\/www.eldiario.net\/portal\/wp-json\/wp\/v2\/posts"}],"about":[{"href":"https:\/\/www.eldiario.net\/portal\/wp-json\/wp\/v2\/types\/post"}],"author":[{"embeddable":true,"href":"https:\/\/www.eldiario.net\/portal\/wp-json\/wp\/v2\/users\/1"}],"replies":[{"embeddable":true,"href":"https:\/\/www.eldiario.net\/portal\/wp-json\/wp\/v2\/comments?post=427182"}],"version-history":[{"count":1,"href":"https:\/\/www.eldiario.net\/portal\/wp-json\/wp\/v2\/posts\/427182\/revisions"}],"predecessor-version":[{"id":427184,"href":"https:\/\/www.eldiario.net\/portal\/wp-json\/wp\/v2\/posts\/427182\/revisions\/427184"}],"wp:featuredmedia":[{"embeddable":true,"href":"https:\/\/www.eldiario.net\/portal\/wp-json\/wp\/v2\/media\/427183"}],"wp:attachment":[{"href":"https:\/\/www.eldiario.net\/portal\/wp-json\/wp\/v2\/media?parent=427182"}],"wp:term":[{"taxonomy":"category","embeddable":true,"href":"https:\/\/www.eldiario.net\/portal\/wp-json\/wp\/v2\/categories?post=427182"},{"taxonomy":"post_tag","embeddable":true,"href":"https:\/\/www.eldiario.net\/portal\/wp-json\/wp\/v2\/tags?post=427182"}],"curies":[{"name":"wp","href":"https:\/\/api.w.org\/{rel}","templated":true}]}}