{"id":427179,"date":"2026-09-03T05:34:51","date_gmt":"2026-09-03T09:34:51","guid":{"rendered":"https:\/\/www.eldiario.net\/portal\/?p=427179"},"modified":"2026-09-03T05:36:22","modified_gmt":"2026-09-03T09:36:22","slug":"santa-cruz-ya-tiene-una-ley-departamental-antibloqueos","status":"publish","type":"post","link":"https:\/\/www.eldiario.net\/portal\/2026\/09\/03\/santa-cruz-ya-tiene-una-ley-departamental-antibloqueos\/","title":{"rendered":"Santa Cruz ya tiene una ley  departamental antibloqueos"},"content":{"rendered":"<p class=\"v1MsoNormal\">Tras varias horas de debate, la Asamblea Legislativa Departamental (ALD) de Santa Cruz aprob\u00f3 en grande y en detalle el proyecto de Ley Departamental de Prevenci\u00f3n, Coordinaci\u00f3n Institucional y Atenci\u00f3n de Contingencias ante Bloqueos de V\u00edas, una norma que busca establecer mecanismos de prevenci\u00f3n y respuesta frente a las medidas de presi\u00f3n que interrumpan la circulaci\u00f3n y afecten el abastecimiento en el departamento.<\/p>\n<p class=\"v1MsoNormal\">La norma, impulsada por la presidenta de la ALD Mar\u00eda Ren\u00e9 \u00c1lvarez, plantea la activaci\u00f3n de mecanismos de alerta temprana, monitoreo, coordinaci\u00f3n institucional y di\u00e1logo preventivo antes de que los bloqueos lleguen a instalarse. El proyecto fue sometido a consideraci\u00f3n del pleno y aprobado con el voto favorable de la mayor\u00eda de los asamble\u00edstas.<\/p>\n<p class=\"v1MsoNormal\">Durante el tratamiento, los legisladores expusieron posiciones a favor y en contra de distintos art\u00edculos y formularon observaciones sobre el alcance de los mecanismos previstos en la normativa. Tras la aprobaci\u00f3n en detalle, el proyecto qued\u00f3 listo para ser remitido al gobernador de Santa Cruz para su promulgaci\u00f3n.<\/p>\n<p class=\"v1MsoNormal\">De acuerdo con la explicaci\u00f3n de \u00c1lvarez, la ley pretende dotar al departamento de un instrumento que permita actuar de manera anticipada ante conflictos que puedan derivar en el cierre de carreteras y otras v\u00edas de circulaci\u00f3n.<\/p>\n<p class=\"v1MsoNormal\">El sistema de prevenci\u00f3n y atenci\u00f3n contempla la participaci\u00f3n de distintas instituciones, entre ellas la Secretar\u00eda Departamental de Seguridad, la Polic\u00eda, el Ministerio P\u00fablico, la Defensor\u00eda del Pueblo y los gobiernos municipales de las zonas afectadas. La ALD tendr\u00e1, adem\u00e1s, funciones de seguimiento y fiscalizaci\u00f3n pol\u00edtica.<\/p>\n<p class=\"v1MsoNormal\">La propuesta busca proteger derechos como la libre circulaci\u00f3n y el trabajo, adem\u00e1s de evitar que los bloqueos generen impactos en el abastecimiento de alimentos y la seguridad de la poblaci\u00f3n. (Br\u00fajula Digital)<\/p>\n","protected":false},"excerpt":{"rendered":"<p>Tras varias horas de debate, la Asamblea Legislativa Departamental (ALD) de Santa Cruz aprob\u00f3 en grande y en detalle el proyecto de Ley Departamental de Prevenci\u00f3n, Coordinaci\u00f3n Institucional y Atenci\u00f3n de Contingencias ante Bloqueos de V\u00edas, una norma que busca establecer mecanismos de prevenci\u00f3n y respuesta frente a las medidas de presi\u00f3n que interrumpan la [&hellip;]<\/p>\n","protected":false},"author":1,"featured_media":427180,"comment_status":"closed","ping_status":"open","sticky":false,"template":"","format":"standard","meta":{"_acf_changed":false,"footnotes":""},"categories":[15],"tags":[],"class_list":["post-427179","post","type-post","status-publish","format-standard","has-post-thumbnail","category-portada"],"acf":{"antetitulo":"ALD aprob\u00f3 en grande y en detalle"},"yoast_head":"<!-- This site is optimized with the Yoast SEO plugin v28.4 - https:\/\/yoast.com\/product\/yoast-seo-wordpress\/ -->\n<title>Santa Cruz ya tiene una ley departamental antibloqueos - El Diario - Bolivia<\/title>\n<meta name=\"robots\" content=\"index, follow, max-snippet:-1, max-image-preview:large, max-video-preview:-1\" \/>\n<link rel=\"canonical\" href=\"https:\/\/www.eldiario.net\/portal\/2026\/09\/03\/santa-cruz-ya-tiene-una-ley-departamental-antibloqueos\/\" \/>\n<meta property=\"og:locale\" content=\"es_ES\" \/>\n<meta property=\"og:type\" content=\"article\" \/>\n<meta property=\"og:title\" content=\"Santa Cruz ya tiene una ley departamental antibloqueos - El Diario - Bolivia\" \/>\n<meta property=\"og:description\" content=\"Tras varias horas de debate, la Asamblea Legislativa Departamental (ALD) de Santa Cruz aprob\u00f3 en grande y en detalle el proyecto de Ley Departamental de Prevenci\u00f3n, Coordinaci\u00f3n Institucional y Atenci\u00f3n de Contingencias ante Bloqueos de V\u00edas, una norma que busca establecer mecanismos de prevenci\u00f3n y respuesta frente a las medidas de presi\u00f3n que interrumpan la [&hellip;]\" \/>\n<meta property=\"og:url\" content=\"https:\/\/www.eldiario.net\/portal\/2026\/09\/03\/santa-cruz-ya-tiene-una-ley-departamental-antibloqueos\/\" \/>\n<meta property=\"og:site_name\" content=\"El Diario - Bolivia\" \/>\n<meta property=\"article:publisher\" content=\"https:\/\/www.facebook.com\/eldiario.bolivia\/\" \/>\n<meta property=\"article:published_time\" content=\"2026-09-03T09:34:51+00:00\" \/>\n<meta property=\"article:modified_time\" content=\"2026-09-03T09:36:22+00:00\" \/>\n<meta property=\"og:image\" content=\"https:\/\/www.eldiario.net\/portal\/wp-content\/uploads\/2026\/09\/Antibloqueo-Brujula-Digital.webp\" \/>\n\t<meta property=\"og:image:width\" content=\"720\" \/>\n\t<meta property=\"og:image:height\" content=\"399\" \/>\n\t<meta property=\"og:image:type\" content=\"image\/webp\" \/>\n<meta name=\"author\" content=\"Jeanette\" \/>\n<meta name=\"twitter:card\" content=\"summary_large_image\" \/>\n<meta name=\"twitter:creator\" content=\"@eldiario_net\" \/>\n<meta name=\"twitter:site\" content=\"@eldiario_net\" \/>\n<meta name=\"twitter:label1\" content=\"Escrito por\" \/>\n\t<meta name=\"twitter:data1\" content=\"Jeanette\" \/>\n\t<meta name=\"twitter:label2\" content=\"Tiempo de lectura\" \/>\n\t<meta name=\"twitter:data2\" content=\"2 minutos\" \/>\n<script type=\"application\/ld+json\" class=\"yoast-schema-graph\">{\"@context\":\"https:\\\/\\\/schema.org\",\"@graph\":[{\"@type\":\"Article\",\"@id\":\"https:\\\/\\\/www.eldiario.net\\\/portal\\\/2026\\\/09\\\/03\\\/santa-cruz-ya-tiene-una-ley-departamental-antibloqueos\\\/#article\",\"isPartOf\":{\"@id\":\"https:\\\/\\\/www.eldiario.net\\\/portal\\\/2026\\\/09\\\/03\\\/santa-cruz-ya-tiene-una-ley-departamental-antibloqueos\\\/\"},\"author\":{\"name\":\"Jeanette\",\"@id\":\"https:\\\/\\\/www.eldiario.net\\\/portal\\\/#\\\/schema\\\/person\\\/f46445640444750d7d753ccd04ae01b7\"},\"headline\":\"Santa Cruz ya tiene una ley departamental antibloqueos\",\"datePublished\":\"2026-09-03T09:34:51+00:00\",\"dateModified\":\"2026-09-03T09:36:22+00:00\",\"mainEntityOfPage\":{\"@id\":\"https:\\\/\\\/www.eldiario.net\\\/portal\\\/2026\\\/09\\\/03\\\/santa-cruz-ya-tiene-una-ley-departamental-antibloqueos\\\/\"},\"wordCount\":323,\"publisher\":{\"@id\":\"https:\\\/\\\/www.eldiario.net\\\/portal\\\/#organization\"},\"image\":{\"@id\":\"https:\\\/\\\/www.eldiario.net\\\/portal\\\/2026\\\/09\\\/03\\\/santa-cruz-ya-tiene-una-ley-departamental-antibloqueos\\\/#primaryimage\"},\"thumbnailUrl\":\"https:\\\/\\\/www.eldiario.net\\\/portal\\\/wp-content\\\/uploads\\\/2026\\\/09\\\/Antibloqueo-Brujula-Digital.webp\",\"articleSection\":[\"Portada\"],\"inLanguage\":\"es\"},{\"@type\":\"WebPage\",\"@id\":\"https:\\\/\\\/www.eldiario.net\\\/portal\\\/2026\\\/09\\\/03\\\/santa-cruz-ya-tiene-una-ley-departamental-antibloqueos\\\/\",\"url\":\"https:\\\/\\\/www.eldiario.net\\\/portal\\\/2026\\\/09\\\/03\\\/santa-cruz-ya-tiene-una-ley-departamental-antibloqueos\\\/\",\"name\":\"Santa Cruz ya tiene una ley departamental antibloqueos - El Diario - Bolivia\",\"isPartOf\":{\"@id\":\"https:\\\/\\\/www.eldiario.net\\\/portal\\\/#website\"},\"primaryImageOfPage\":{\"@id\":\"https:\\\/\\\/www.eldiario.net\\\/portal\\\/2026\\\/09\\\/03\\\/santa-cruz-ya-tiene-una-ley-departamental-antibloqueos\\\/#primaryimage\"},\"image\":{\"@id\":\"https:\\\/\\\/www.eldiario.net\\\/portal\\\/2026\\\/09\\\/03\\\/santa-cruz-ya-tiene-una-ley-departamental-antibloqueos\\\/#primaryimage\"},\"thumbnailUrl\":\"https:\\\/\\\/www.eldiario.net\\\/portal\\\/wp-content\\\/uploads\\\/2026\\\/09\\\/Antibloqueo-Brujula-Digital.webp\",\"datePublished\":\"2026-09-03T09:34:51+00:00\",\"dateModified\":\"2026-09-03T09:36:22+00:00\",\"breadcrumb\":{\"@id\":\"https:\\\/\\\/www.eldiario.net\\\/portal\\\/2026\\\/09\\\/03\\\/santa-cruz-ya-tiene-una-ley-departamental-antibloqueos\\\/#breadcrumb\"},\"inLanguage\":\"es\",\"potentialAction\":[{\"@type\":\"ReadAction\",\"target\":[\"https:\\\/\\\/www.eldiario.net\\\/portal\\\/2026\\\/09\\\/03\\\/santa-cruz-ya-tiene-una-ley-departamental-antibloqueos\\\/\"]}]},{\"@type\":\"ImageObject\",\"inLanguage\":\"es\",\"@id\":\"https:\\\/\\\/www.eldiario.net\\\/portal\\\/2026\\\/09\\\/03\\\/santa-cruz-ya-tiene-una-ley-departamental-antibloqueos\\\/#primaryimage\",\"url\":\"https:\\\/\\\/www.eldiario.net\\\/portal\\\/wp-content\\\/uploads\\\/2026\\\/09\\\/Antibloqueo-Brujula-Digital.webp\",\"contentUrl\":\"https:\\\/\\\/www.eldiario.net\\\/portal\\\/wp-content\\\/uploads\\\/2026\\\/09\\\/Antibloqueo-Brujula-Digital.webp\",\"width\":720,\"height\":399,\"caption\":\"Un bloqueo de carretera a la altura de San Juli\u00e1n. CR\u00c9DITO: RRSS\"},{\"@type\":\"BreadcrumbList\",\"@id\":\"https:\\\/\\\/www.eldiario.net\\\/portal\\\/2026\\\/09\\\/03\\\/santa-cruz-ya-tiene-una-ley-departamental-antibloqueos\\\/#breadcrumb\",\"itemListElement\":[{\"@type\":\"ListItem\",\"position\":1,\"name\":\"Portada\",\"item\":\"https:\\\/\\\/www.eldiario.net\\\/portal\\\/\"},{\"@type\":\"ListItem\",\"position\":2,\"name\":\"Santa Cruz ya tiene una ley departamental antibloqueos\"}]},{\"@type\":\"WebSite\",\"@id\":\"https:\\\/\\\/www.eldiario.net\\\/portal\\\/#website\",\"url\":\"https:\\\/\\\/www.eldiario.net\\\/portal\\\/\",\"name\":\"El Diario - Decano de la prensa nacional\",\"description\":\"El Diario - Decano de la prensa nacional\",\"publisher\":{\"@id\":\"https:\\\/\\\/www.eldiario.net\\\/portal\\\/#organization\"},\"potentialAction\":[{\"@type\":\"SearchAction\",\"target\":{\"@type\":\"EntryPoint\",\"urlTemplate\":\"https:\\\/\\\/www.eldiario.net\\\/portal\\\/?s={search_term_string}\"},\"query-input\":{\"@type\":\"PropertyValueSpecification\",\"valueRequired\":true,\"valueName\":\"search_term_string\"}}],\"inLanguage\":\"es\"},{\"@type\":\"Organization\",\"@id\":\"https:\\\/\\\/www.eldiario.net\\\/portal\\\/#organization\",\"name\":\"El Diario - Decano de la prensa nacional\",\"url\":\"https:\\\/\\\/www.eldiario.net\\\/portal\\\/\",\"logo\":{\"@type\":\"ImageObject\",\"inLanguage\":\"es\",\"@id\":\"https:\\\/\\\/www.eldiario.net\\\/portal\\\/#\\\/schema\\\/logo\\\/image\\\/\",\"url\":\"https:\\\/\\\/www.eldiario.net\\\/portal\\\/wp-content\\\/uploads\\\/2023\\\/07\\\/logo_ED.jpg\",\"contentUrl\":\"https:\\\/\\\/www.eldiario.net\\\/portal\\\/wp-content\\\/uploads\\\/2023\\\/07\\\/logo_ED.jpg\",\"width\":272,\"height\":52,\"caption\":\"El Diario - Decano de la prensa nacional\"},\"image\":{\"@id\":\"https:\\\/\\\/www.eldiario.net\\\/portal\\\/#\\\/schema\\\/logo\\\/image\\\/\"},\"sameAs\":[\"https:\\\/\\\/www.facebook.com\\\/eldiario.bolivia\\\/\",\"https:\\\/\\\/x.com\\\/eldiario_net\"]},{\"@type\":\"Person\",\"@id\":\"https:\\\/\\\/www.eldiario.net\\\/portal\\\/#\\\/schema\\\/person\\\/f46445640444750d7d753ccd04ae01b7\",\"name\":\"Jeanette\",\"image\":{\"@type\":\"ImageObject\",\"inLanguage\":\"es\",\"@id\":\"https:\\\/\\\/secure.gravatar.com\\\/avatar\\\/3ea2118a5f7dad2b7138b1187a6b7ee55f160b9968b66013c3a3ef39dd7e5798?s=96&d=mm&r=g\",\"url\":\"https:\\\/\\\/secure.gravatar.com\\\/avatar\\\/3ea2118a5f7dad2b7138b1187a6b7ee55f160b9968b66013c3a3ef39dd7e5798?s=96&d=mm&r=g\",\"contentUrl\":\"https:\\\/\\\/secure.gravatar.com\\\/avatar\\\/3ea2118a5f7dad2b7138b1187a6b7ee55f160b9968b66013c3a3ef39dd7e5798?s=96&d=mm&r=g\",\"caption\":\"Jeanette\"},\"sameAs\":[\"https:\\\/\\\/www.eldiario.net\\\/portal\"],\"url\":\"https:\\\/\\\/www.eldiario.net\\\/portal\\\/author\\\/jeanette\\\/\"}]}<\/script>\n<!-- \/ Yoast SEO plugin. -->","yoast_head_json":{"title":"Santa Cruz ya tiene una ley departamental antibloqueos - El Diario - Bolivia","robots":{"index":"index","follow":"follow","max-snippet":"max-snippet:-1","max-image-preview":"max-image-preview:large","max-video-preview":"max-video-preview:-1"},"canonical":"https:\/\/www.eldiario.net\/portal\/2026\/09\/03\/santa-cruz-ya-tiene-una-ley-departamental-antibloqueos\/","og_locale":"es_ES","og_type":"article","og_title":"Santa Cruz ya tiene una ley departamental antibloqueos - El Diario - Bolivia","og_description":"Tras varias horas de debate, la Asamblea Legislativa Departamental (ALD) de Santa Cruz aprob\u00f3 en grande y en detalle el proyecto de Ley Departamental de Prevenci\u00f3n, Coordinaci\u00f3n Institucional y Atenci\u00f3n de Contingencias ante Bloqueos de V\u00edas, una norma que busca establecer mecanismos de prevenci\u00f3n y respuesta frente a las medidas de presi\u00f3n que interrumpan la [&hellip;]","og_url":"https:\/\/www.eldiario.net\/portal\/2026\/09\/03\/santa-cruz-ya-tiene-una-ley-departamental-antibloqueos\/","og_site_name":"El Diario - Bolivia","article_publisher":"https:\/\/www.facebook.com\/eldiario.bolivia\/","article_published_time":"2026-09-03T09:34:51+00:00","article_modified_time":"2026-09-03T09:36:22+00:00","og_image":[{"width":720,"height":399,"url":"https:\/\/www.eldiario.net\/portal\/wp-content\/uploads\/2026\/09\/Antibloqueo-Brujula-Digital.webp","type":"image\/webp"}],"author":"Jeanette","twitter_card":"summary_large_image","twitter_creator":"@eldiario_net","twitter_site":"@eldiario_net","twitter_misc":{"Escrito por":"Jeanette","Tiempo de lectura":"2 minutos"},"schema":{"@context":"https:\/\/schema.org","@graph":[{"@type":"Article","@id":"https:\/\/www.eldiario.net\/portal\/2026\/09\/03\/santa-cruz-ya-tiene-una-ley-departamental-antibloqueos\/#article","isPartOf":{"@id":"https:\/\/www.eldiario.net\/portal\/2026\/09\/03\/santa-cruz-ya-tiene-una-ley-departamental-antibloqueos\/"},"author":{"name":"Jeanette","@id":"https:\/\/www.eldiario.net\/portal\/#\/schema\/person\/f46445640444750d7d753ccd04ae01b7"},"headline":"Santa Cruz ya tiene una ley departamental antibloqueos","datePublished":"2026-09-03T09:34:51+00:00","dateModified":"2026-09-03T09:36:22+00:00","mainEntityOfPage":{"@id":"https:\/\/www.eldiario.net\/portal\/2026\/09\/03\/santa-cruz-ya-tiene-una-ley-departamental-antibloqueos\/"},"wordCount":323,"publisher":{"@id":"https:\/\/www.eldiario.net\/portal\/#organization"},"image":{"@id":"https:\/\/www.eldiario.net\/portal\/2026\/09\/03\/santa-cruz-ya-tiene-una-ley-departamental-antibloqueos\/#primaryimage"},"thumbnailUrl":"https:\/\/www.eldiario.net\/portal\/wp-content\/uploads\/2026\/09\/Antibloqueo-Brujula-Digital.webp","articleSection":["Portada"],"inLanguage":"es"},{"@type":"WebPage","@id":"https:\/\/www.eldiario.net\/portal\/2026\/09\/03\/santa-cruz-ya-tiene-una-ley-departamental-antibloqueos\/","url":"https:\/\/www.eldiario.net\/portal\/2026\/09\/03\/santa-cruz-ya-tiene-una-ley-departamental-antibloqueos\/","name":"Santa Cruz ya tiene una ley departamental antibloqueos - El Diario - Bolivia","isPartOf":{"@id":"https:\/\/www.eldiario.net\/portal\/#website"},"primaryImageOfPage":{"@id":"https:\/\/www.eldiario.net\/portal\/2026\/09\/03\/santa-cruz-ya-tiene-una-ley-departamental-antibloqueos\/#primaryimage"},"image":{"@id":"https:\/\/www.eldiario.net\/portal\/2026\/09\/03\/santa-cruz-ya-tiene-una-ley-departamental-antibloqueos\/#primaryimage"},"thumbnailUrl":"https:\/\/www.eldiario.net\/portal\/wp-content\/uploads\/2026\/09\/Antibloqueo-Brujula-Digital.webp","datePublished":"2026-09-03T09:34:51+00:00","dateModified":"2026-09-03T09:36:22+00:00","breadcrumb":{"@id":"https:\/\/www.eldiario.net\/portal\/2026\/09\/03\/santa-cruz-ya-tiene-una-ley-departamental-antibloqueos\/#breadcrumb"},"inLanguage":"es","potentialAction":[{"@type":"ReadAction","target":["https:\/\/www.eldiario.net\/portal\/2026\/09\/03\/santa-cruz-ya-tiene-una-ley-departamental-antibloqueos\/"]}]},{"@type":"ImageObject","inLanguage":"es","@id":"https:\/\/www.eldiario.net\/portal\/2026\/09\/03\/santa-cruz-ya-tiene-una-ley-departamental-antibloqueos\/#primaryimage","url":"https:\/\/www.eldiario.net\/portal\/wp-content\/uploads\/2026\/09\/Antibloqueo-Brujula-Digital.webp","contentUrl":"https:\/\/www.eldiario.net\/portal\/wp-content\/uploads\/2026\/09\/Antibloqueo-Brujula-Digital.webp","width":720,"height":399,"caption":"Un bloqueo de carretera a la altura de San Juli\u00e1n. CR\u00c9DITO: RRSS"},{"@type":"BreadcrumbList","@id":"https:\/\/www.eldiario.net\/portal\/2026\/09\/03\/santa-cruz-ya-tiene-una-ley-departamental-antibloqueos\/#breadcrumb","itemListElement":[{"@type":"ListItem","position":1,"name":"Portada","item":"https:\/\/www.eldiario.net\/portal\/"},{"@type":"ListItem","position":2,"name":"Santa Cruz ya tiene una ley departamental antibloqueos"}]},{"@type":"WebSite","@id":"https:\/\/www.eldiario.net\/portal\/#website","url":"https:\/\/www.eldiario.net\/portal\/","name":"El Diario - Decano de la prensa nacional","description":"El Diario - Decano de la prensa nacional","publisher":{"@id":"https:\/\/www.eldiario.net\/portal\/#organization"},"potentialAction":[{"@type":"SearchAction","target":{"@type":"EntryPoint","urlTemplate":"https:\/\/www.eldiario.net\/portal\/?s={search_term_string}"},"query-input":{"@type":"PropertyValueSpecification","valueRequired":true,"valueName":"search_term_string"}}],"inLanguage":"es"},{"@type":"Organization","@id":"https:\/\/www.eldiario.net\/portal\/#organization","name":"El Diario - Decano de la prensa nacional","url":"https:\/\/www.eldiario.net\/portal\/","logo":{"@type":"ImageObject","inLanguage":"es","@id":"https:\/\/www.eldiario.net\/portal\/#\/schema\/logo\/image\/","url":"https:\/\/www.eldiario.net\/portal\/wp-content\/uploads\/2023\/07\/logo_ED.jpg","contentUrl":"https:\/\/www.eldiario.net\/portal\/wp-content\/uploads\/2023\/07\/logo_ED.jpg","width":272,"height":52,"caption":"El Diario - Decano de la prensa nacional"},"image":{"@id":"https:\/\/www.eldiario.net\/portal\/#\/schema\/logo\/image\/"},"sameAs":["https:\/\/www.facebook.com\/eldiario.bolivia\/","https:\/\/x.com\/eldiario_net"]},{"@type":"Person","@id":"https:\/\/www.eldiario.net\/portal\/#\/schema\/person\/f46445640444750d7d753ccd04ae01b7","name":"Jeanette","image":{"@type":"ImageObject","inLanguage":"es","@id":"https:\/\/secure.gravatar.com\/avatar\/3ea2118a5f7dad2b7138b1187a6b7ee55f160b9968b66013c3a3ef39dd7e5798?s=96&d=mm&r=g","url":"https:\/\/secure.gravatar.com\/avatar\/3ea2118a5f7dad2b7138b1187a6b7ee55f160b9968b66013c3a3ef39dd7e5798?s=96&d=mm&r=g","contentUrl":"https:\/\/secure.gravatar.com\/avatar\/3ea2118a5f7dad2b7138b1187a6b7ee55f160b9968b66013c3a3ef39dd7e5798?s=96&d=mm&r=g","caption":"Jeanette"},"sameAs":["https:\/\/www.eldiario.net\/portal"],"url":"https:\/\/www.eldiario.net\/portal\/author\/jeanette\/"}]}},"_links":{"self":[{"href":"https:\/\/www.eldiario.net\/portal\/wp-json\/wp\/v2\/posts\/427179","targetHints":{"allow":["GET"]}}],"collection":[{"href":"https:\/\/www.eldiario.net\/portal\/wp-json\/wp\/v2\/posts"}],"about":[{"href":"https:\/\/www.eldiario.net\/portal\/wp-json\/wp\/v2\/types\/post"}],"author":[{"embeddable":true,"href":"https:\/\/www.eldiario.net\/portal\/wp-json\/wp\/v2\/users\/1"}],"replies":[{"embeddable":true,"href":"https:\/\/www.eldiario.net\/portal\/wp-json\/wp\/v2\/comments?post=427179"}],"version-history":[{"count":1,"href":"https:\/\/www.eldiario.net\/portal\/wp-json\/wp\/v2\/posts\/427179\/revisions"}],"predecessor-version":[{"id":427181,"href":"https:\/\/www.eldiario.net\/portal\/wp-json\/wp\/v2\/posts\/427179\/revisions\/427181"}],"wp:featuredmedia":[{"embeddable":true,"href":"https:\/\/www.eldiario.net\/portal\/wp-json\/wp\/v2\/media\/427180"}],"wp:attachment":[{"href":"https:\/\/www.eldiario.net\/portal\/wp-json\/wp\/v2\/media?parent=427179"}],"wp:term":[{"taxonomy":"category","embeddable":true,"href":"https:\/\/www.eldiario.net\/portal\/wp-json\/wp\/v2\/categories?post=427179"},{"taxonomy":"post_tag","embeddable":true,"href":"https:\/\/www.eldiario.net\/portal\/wp-json\/wp\/v2\/tags?post=427179"}],"curies":[{"name":"wp","href":"https:\/\/api.w.org\/{rel}","templated":true}]}}