{"id":427175,"date":"2026-09-03T05:32:09","date_gmt":"2026-09-03T09:32:09","guid":{"rendered":"https:\/\/www.eldiario.net\/portal\/?p=427175"},"modified":"2026-09-03T05:32:09","modified_gmt":"2026-09-03T09:32:09","slug":"noel-kempff-en-el-recuerdo","status":"publish","type":"post","link":"https:\/\/www.eldiario.net\/portal\/2026\/09\/03\/noel-kempff-en-el-recuerdo\/","title":{"rendered":"Noel Kempff en el recuerdo"},"content":{"rendered":"<p>Como un ventarr\u00f3n han pasado los 40 a\u00f1os de su asesinato y las mafias de narcotraficantes se han multiplicado. Durante algunos a\u00f1os, despu\u00e9s de la masacre de Caparuch (Huanchaca) los narcos escondieron la cabeza o se sumergieron en el fango a la espera de que pasara el temporal, que se fuera la rabia del pueblo, y que aparecieran gobiernos complacientes con la droga para resurgir. La muerte de Noel Kempff Mercado no fue in\u00fatil, sin duda. Caus\u00f3 asco. Caus\u00f3 pesadumbre por lo que \u00e9l era, por sus virtudes ciudadanas, porque se trat\u00f3 de un crimen asqueroso que lo pag\u00f3 \u00e9l, para darle un remez\u00f3n al pa\u00eds, para advertirle a Bolivia que exist\u00edan narcos peligrosos que la asechaban. Esa fue la utilidad, si pueden existir asesinatos \u00fatiles. No obstante, el narcotr\u00e1fico regres\u00f3 en cuanto se sinti\u00f3 protegido y en las \u00faltimas d\u00e9cadas ya se menciona a Bolivia como a un narcoestado.<\/p>\n<p>\u00bfPero qui\u00e9n era Noel Kempff antes de aquel fat\u00eddico 5 de septiembre? \u00bfQui\u00e9n era ese hombre antes de que lo balearan? Era el padre y el marido amado por t\u00eda Eddy y sus hijas e hijo. El personaje querido en Santa Cruz porque la embelleci\u00f3 con \u00e1rboles, flores y animales, llen\u00e1ndola de colores. Y de su m\u00fasica preferida, la \u00fanica que grababa, que era el trino de las aves y el zumbido de las abejas. Era el hombre de la sonrisa abierta y la broma a flor de boca. 40 a\u00f1os despu\u00e9s lo vamos a recordar as\u00ed.<\/p>\n<p>Bromeaba con sus hijos y sus sobrinos. A m\u00ed me hizo una alegre canci\u00f3n, con su propia m\u00fasica: \u201cSurubicillo, rascabuche, sacrist\u00e1n\u2026\u201d, as\u00ed empezaba. \u201cSurubicillo\u201d, porque yo era un muchacho flaco y largo como un surub\u00ed. \u201cRascabuche\u201d, porque por mi lado materno era de una familia de galleros, mis t\u00edos los \u201cRascabuchi\u201d Su\u00e1rez. \u201cSacrist\u00e1n\u201d, porque en mi ni\u00f1ez, a mis nueve o diez a\u00f1os, fui piadoso monaguillo en la iglesia de San Andr\u00e9s, cuando deseaba ser cura, hasta que el padre Rojas me ech\u00f3 a cocachos y nunca m\u00e1s volv\u00ed. Esas cosas le divert\u00edan mucho.<\/p>\n<p>Por aquellos mismos a\u00f1os, en Buen Retiro, cerquita, a la banda del Pira\u00ed, acompa\u00f1aba a t\u00edo Noel a cosechar la miel, a melear, en su centenar o m\u00e1s de colmenas. Tanto \u00e9l como yo nos vest\u00edamos como astronautas, con un capuch\u00f3n de tela milim\u00e9trica, casco, guantes, los pantalones dentro de las botas o bien amarrados en los tobillos. \u00bfEl motivo? Para que ninguna abeja se entrara a picar. Pues a m\u00ed me entr\u00f3 una, nunca supe por d\u00f3nde y aunque me qued\u00e9 quieto esperando clemencia, durante un minuto que revoloteaba, se enred\u00f3 en mis crespos y me pic\u00f3. No pude sino gritar, mientras \u00e9l, riendo, me dec\u00eda que me cuidara que se entraran m\u00e1s.<\/p>\n<p>A esa edad, ni siquiera adolescente, cac\u00e9 mis primeras presas: una carachupa y un mono. Les tir\u00e9 con un rifle 22. No le caus\u00f3 ninguna gracia esa \u201chaza\u00f1a\u201d. Me dijo que cazara lo que necesitara para comer o bichos malignos para la vida silvestre y agr\u00edcola. \u00c9l, que fue cazador, termin\u00f3 espiando animales en los \u00e1rboles o salitrales, pero para fotografiarlos. De ah\u00ed las hermosas fotograf\u00edas que ilustran sus libros sobre ofidios y mam\u00edferos amaz\u00f3nicos. Lo \u00fanico que mataba, porque me encanta recordar, eran las ranas que hab\u00eda en un curichi frente a la punilla de la casa de campo. Las capturaba de noche con una linterna y un palo e iban directamente a la sart\u00e9n y de ah\u00ed al plato. No s\u00e9 si alguna vez comer\u00edamos sapo frito sin saberlo.<\/p>\n<p>Fue arquitecto y constructor, porque la casa grande de Buen Retiro la hizo \u00e9l. Coci\u00f3 los ladrillos para levantar las paredes, compr\u00f3 las tejas, consigui\u00f3 las vigas, instal\u00f3 un ba\u00f1o corriente, una heladera a queros\u00e9n porque no hab\u00eda electricidad, y mand\u00f3 hacer camas para seis o siete habitaciones que eran las que ocup\u00e1bamos sus hijos y sobrinos en las vacaciones.<\/p>\n<p>Antes del desayuno, cuando estaban mis primos, t\u00edo Noel nos levantaba al amanecer, para ir directamente al corral cercano, a la orde\u00f1a y a tomar leche con biter y pisar humbac\u00e1. A las 12 en punto se serv\u00eda el almuerzo, muy sencillo; el caf\u00e9 de la siesta con pan reci\u00e9n horneado y biscochos de ma\u00edz y de trigo; y al anochecer quesillo agrio (especie de yogur) con yuca asada. Despu\u00e9s \u00e9l se echaba en la hamaca a contarnos cuentos de duendes y de \u201cbultos\u201d. \u201cEl cura sin cabeza\u201d, hac\u00eda temblar a los primos m\u00e1s peque\u00f1os.<\/p>\n<p>Estamos hablando de los tiempos en que a Buen Retiro \u00edbamos a caballo o a pie. Una vez al a\u00f1o lo hac\u00edamos en carret\u00f3n tirado por una yunta, cuando viajaban nuestros abuelos Francisco y Luisa, ella en el carret\u00f3n y mi abuelo montando a caballo, poco antes de sus 80 a\u00f1os. Claro que mi abuelo sab\u00eda de eso, porque hab\u00eda venido desde el r\u00edo Madera hasta Santa Cruz, en los primeros a\u00f1os del siglo pasado, \u00e9poca de la riqueza gomera, montando y navegando por nuestros grandes r\u00edos. Y luego, como m\u00e9dico, recorri\u00f3 por toda la Chiquitania y Cordillera a caballo o mula para visitar a sus pacientes.<\/p>\n<p>Referirse halagando a los parientes cuando son tan cercanos es inc\u00f3modo. Pero, cuando sus m\u00e9ritos est\u00e1n a la vista del pueblo y son reconocidos por la sociedad, la incomodidad se convierte en un honor. Y eso es lo que t\u00edo Noel ha dejado a la familia: un gran honor. Se\u00f1or\u00edo por su vida llena de luces y una tristeza infinita por su desgraciada partida.<\/p>\n","protected":false},"excerpt":{"rendered":"<p>Como un ventarr\u00f3n han pasado los 40 a\u00f1os de su asesinato y las mafias de narcotraficantes se han multiplicado. Durante algunos a\u00f1os, despu\u00e9s de la masacre de Caparuch (Huanchaca) los narcos escondieron la cabeza o se sumergieron en el fango a la espera de que pasara el temporal, que se fuera la rabia del pueblo, [&hellip;]<\/p>\n","protected":false},"author":1,"featured_media":157472,"comment_status":"closed","ping_status":"open","sticky":false,"template":"","format":"standard","meta":{"_acf_changed":false,"footnotes":""},"categories":[9],"tags":[],"class_list":["post-427175","post","type-post","status-publish","format-standard","has-post-thumbnail","category-opinion"],"acf":{"antetitulo":""},"yoast_head":"<!-- This site is optimized with the Yoast SEO plugin v28.4 - https:\/\/yoast.com\/product\/yoast-seo-wordpress\/ -->\n<title>Noel Kempff en el recuerdo - El Diario - Bolivia<\/title>\n<meta name=\"robots\" content=\"index, follow, max-snippet:-1, max-image-preview:large, max-video-preview:-1\" \/>\n<link rel=\"canonical\" href=\"https:\/\/www.eldiario.net\/portal\/2026\/09\/03\/noel-kempff-en-el-recuerdo\/\" \/>\n<meta property=\"og:locale\" content=\"es_ES\" \/>\n<meta property=\"og:type\" content=\"article\" \/>\n<meta property=\"og:title\" content=\"Noel Kempff en el recuerdo - El Diario - Bolivia\" \/>\n<meta property=\"og:description\" content=\"Como un ventarr\u00f3n han pasado los 40 a\u00f1os de su asesinato y las mafias de narcotraficantes se han multiplicado. Durante algunos a\u00f1os, despu\u00e9s de la masacre de Caparuch (Huanchaca) los narcos escondieron la cabeza o se sumergieron en el fango a la espera de que pasara el temporal, que se fuera la rabia del pueblo, [&hellip;]\" \/>\n<meta property=\"og:url\" content=\"https:\/\/www.eldiario.net\/portal\/2026\/09\/03\/noel-kempff-en-el-recuerdo\/\" \/>\n<meta property=\"og:site_name\" content=\"El Diario - Bolivia\" \/>\n<meta property=\"article:publisher\" content=\"https:\/\/www.facebook.com\/eldiario.bolivia\/\" \/>\n<meta property=\"article:published_time\" content=\"2026-09-03T09:32:09+00:00\" \/>\n<meta property=\"og:image\" content=\"https:\/\/www.eldiario.net\/portal\/wp-content\/uploads\/2023\/06\/Manfredo-Kempff-Suarez.jpg\" \/>\n\t<meta property=\"og:image:width\" content=\"1200\" \/>\n\t<meta property=\"og:image:height\" content=\"628\" \/>\n\t<meta property=\"og:image:type\" content=\"image\/jpeg\" \/>\n<meta name=\"author\" content=\"Jeanette\" \/>\n<meta name=\"twitter:card\" content=\"summary_large_image\" \/>\n<meta name=\"twitter:creator\" content=\"@eldiario_net\" \/>\n<meta name=\"twitter:site\" content=\"@eldiario_net\" \/>\n<meta name=\"twitter:label1\" content=\"Escrito por\" \/>\n\t<meta name=\"twitter:data1\" content=\"Jeanette\" \/>\n\t<meta name=\"twitter:label2\" content=\"Tiempo de lectura\" \/>\n\t<meta name=\"twitter:data2\" content=\"5 minutos\" \/>\n<script type=\"application\/ld+json\" class=\"yoast-schema-graph\">{\"@context\":\"https:\\\/\\\/schema.org\",\"@graph\":[{\"@type\":\"Article\",\"@id\":\"https:\\\/\\\/www.eldiario.net\\\/portal\\\/2026\\\/09\\\/03\\\/noel-kempff-en-el-recuerdo\\\/#article\",\"isPartOf\":{\"@id\":\"https:\\\/\\\/www.eldiario.net\\\/portal\\\/2026\\\/09\\\/03\\\/noel-kempff-en-el-recuerdo\\\/\"},\"author\":{\"name\":\"Jeanette\",\"@id\":\"https:\\\/\\\/www.eldiario.net\\\/portal\\\/#\\\/schema\\\/person\\\/f46445640444750d7d753ccd04ae01b7\"},\"headline\":\"Noel Kempff en el recuerdo\",\"datePublished\":\"2026-09-03T09:32:09+00:00\",\"mainEntityOfPage\":{\"@id\":\"https:\\\/\\\/www.eldiario.net\\\/portal\\\/2026\\\/09\\\/03\\\/noel-kempff-en-el-recuerdo\\\/\"},\"wordCount\":988,\"publisher\":{\"@id\":\"https:\\\/\\\/www.eldiario.net\\\/portal\\\/#organization\"},\"image\":{\"@id\":\"https:\\\/\\\/www.eldiario.net\\\/portal\\\/2026\\\/09\\\/03\\\/noel-kempff-en-el-recuerdo\\\/#primaryimage\"},\"thumbnailUrl\":\"https:\\\/\\\/www.eldiario.net\\\/portal\\\/wp-content\\\/uploads\\\/2023\\\/06\\\/Manfredo-Kempff-Suarez.jpg\",\"articleSection\":[\"Opini\u00f3n\"],\"inLanguage\":\"es\"},{\"@type\":\"WebPage\",\"@id\":\"https:\\\/\\\/www.eldiario.net\\\/portal\\\/2026\\\/09\\\/03\\\/noel-kempff-en-el-recuerdo\\\/\",\"url\":\"https:\\\/\\\/www.eldiario.net\\\/portal\\\/2026\\\/09\\\/03\\\/noel-kempff-en-el-recuerdo\\\/\",\"name\":\"Noel Kempff en el recuerdo - El Diario - Bolivia\",\"isPartOf\":{\"@id\":\"https:\\\/\\\/www.eldiario.net\\\/portal\\\/#website\"},\"primaryImageOfPage\":{\"@id\":\"https:\\\/\\\/www.eldiario.net\\\/portal\\\/2026\\\/09\\\/03\\\/noel-kempff-en-el-recuerdo\\\/#primaryimage\"},\"image\":{\"@id\":\"https:\\\/\\\/www.eldiario.net\\\/portal\\\/2026\\\/09\\\/03\\\/noel-kempff-en-el-recuerdo\\\/#primaryimage\"},\"thumbnailUrl\":\"https:\\\/\\\/www.eldiario.net\\\/portal\\\/wp-content\\\/uploads\\\/2023\\\/06\\\/Manfredo-Kempff-Suarez.jpg\",\"datePublished\":\"2026-09-03T09:32:09+00:00\",\"breadcrumb\":{\"@id\":\"https:\\\/\\\/www.eldiario.net\\\/portal\\\/2026\\\/09\\\/03\\\/noel-kempff-en-el-recuerdo\\\/#breadcrumb\"},\"inLanguage\":\"es\",\"potentialAction\":[{\"@type\":\"ReadAction\",\"target\":[\"https:\\\/\\\/www.eldiario.net\\\/portal\\\/2026\\\/09\\\/03\\\/noel-kempff-en-el-recuerdo\\\/\"]}]},{\"@type\":\"ImageObject\",\"inLanguage\":\"es\",\"@id\":\"https:\\\/\\\/www.eldiario.net\\\/portal\\\/2026\\\/09\\\/03\\\/noel-kempff-en-el-recuerdo\\\/#primaryimage\",\"url\":\"https:\\\/\\\/www.eldiario.net\\\/portal\\\/wp-content\\\/uploads\\\/2023\\\/06\\\/Manfredo-Kempff-Suarez.jpg\",\"contentUrl\":\"https:\\\/\\\/www.eldiario.net\\\/portal\\\/wp-content\\\/uploads\\\/2023\\\/06\\\/Manfredo-Kempff-Suarez.jpg\",\"width\":1200,\"height\":628},{\"@type\":\"BreadcrumbList\",\"@id\":\"https:\\\/\\\/www.eldiario.net\\\/portal\\\/2026\\\/09\\\/03\\\/noel-kempff-en-el-recuerdo\\\/#breadcrumb\",\"itemListElement\":[{\"@type\":\"ListItem\",\"position\":1,\"name\":\"Portada\",\"item\":\"https:\\\/\\\/www.eldiario.net\\\/portal\\\/\"},{\"@type\":\"ListItem\",\"position\":2,\"name\":\"Noel Kempff en el recuerdo\"}]},{\"@type\":\"WebSite\",\"@id\":\"https:\\\/\\\/www.eldiario.net\\\/portal\\\/#website\",\"url\":\"https:\\\/\\\/www.eldiario.net\\\/portal\\\/\",\"name\":\"El Diario - Decano de la prensa nacional\",\"description\":\"El Diario - Decano de la prensa nacional\",\"publisher\":{\"@id\":\"https:\\\/\\\/www.eldiario.net\\\/portal\\\/#organization\"},\"potentialAction\":[{\"@type\":\"SearchAction\",\"target\":{\"@type\":\"EntryPoint\",\"urlTemplate\":\"https:\\\/\\\/www.eldiario.net\\\/portal\\\/?s={search_term_string}\"},\"query-input\":{\"@type\":\"PropertyValueSpecification\",\"valueRequired\":true,\"valueName\":\"search_term_string\"}}],\"inLanguage\":\"es\"},{\"@type\":\"Organization\",\"@id\":\"https:\\\/\\\/www.eldiario.net\\\/portal\\\/#organization\",\"name\":\"El Diario - Decano de la prensa nacional\",\"url\":\"https:\\\/\\\/www.eldiario.net\\\/portal\\\/\",\"logo\":{\"@type\":\"ImageObject\",\"inLanguage\":\"es\",\"@id\":\"https:\\\/\\\/www.eldiario.net\\\/portal\\\/#\\\/schema\\\/logo\\\/image\\\/\",\"url\":\"https:\\\/\\\/www.eldiario.net\\\/portal\\\/wp-content\\\/uploads\\\/2023\\\/07\\\/logo_ED.jpg\",\"contentUrl\":\"https:\\\/\\\/www.eldiario.net\\\/portal\\\/wp-content\\\/uploads\\\/2023\\\/07\\\/logo_ED.jpg\",\"width\":272,\"height\":52,\"caption\":\"El Diario - Decano de la prensa nacional\"},\"image\":{\"@id\":\"https:\\\/\\\/www.eldiario.net\\\/portal\\\/#\\\/schema\\\/logo\\\/image\\\/\"},\"sameAs\":[\"https:\\\/\\\/www.facebook.com\\\/eldiario.bolivia\\\/\",\"https:\\\/\\\/x.com\\\/eldiario_net\"]},{\"@type\":\"Person\",\"@id\":\"https:\\\/\\\/www.eldiario.net\\\/portal\\\/#\\\/schema\\\/person\\\/f46445640444750d7d753ccd04ae01b7\",\"name\":\"Jeanette\",\"image\":{\"@type\":\"ImageObject\",\"inLanguage\":\"es\",\"@id\":\"https:\\\/\\\/secure.gravatar.com\\\/avatar\\\/3ea2118a5f7dad2b7138b1187a6b7ee55f160b9968b66013c3a3ef39dd7e5798?s=96&d=mm&r=g\",\"url\":\"https:\\\/\\\/secure.gravatar.com\\\/avatar\\\/3ea2118a5f7dad2b7138b1187a6b7ee55f160b9968b66013c3a3ef39dd7e5798?s=96&d=mm&r=g\",\"contentUrl\":\"https:\\\/\\\/secure.gravatar.com\\\/avatar\\\/3ea2118a5f7dad2b7138b1187a6b7ee55f160b9968b66013c3a3ef39dd7e5798?s=96&d=mm&r=g\",\"caption\":\"Jeanette\"},\"sameAs\":[\"https:\\\/\\\/www.eldiario.net\\\/portal\"],\"url\":\"https:\\\/\\\/www.eldiario.net\\\/portal\\\/author\\\/jeanette\\\/\"}]}<\/script>\n<!-- \/ Yoast SEO plugin. -->","yoast_head_json":{"title":"Noel Kempff en el recuerdo - El Diario - Bolivia","robots":{"index":"index","follow":"follow","max-snippet":"max-snippet:-1","max-image-preview":"max-image-preview:large","max-video-preview":"max-video-preview:-1"},"canonical":"https:\/\/www.eldiario.net\/portal\/2026\/09\/03\/noel-kempff-en-el-recuerdo\/","og_locale":"es_ES","og_type":"article","og_title":"Noel Kempff en el recuerdo - El Diario - Bolivia","og_description":"Como un ventarr\u00f3n han pasado los 40 a\u00f1os de su asesinato y las mafias de narcotraficantes se han multiplicado. Durante algunos a\u00f1os, despu\u00e9s de la masacre de Caparuch (Huanchaca) los narcos escondieron la cabeza o se sumergieron en el fango a la espera de que pasara el temporal, que se fuera la rabia del pueblo, [&hellip;]","og_url":"https:\/\/www.eldiario.net\/portal\/2026\/09\/03\/noel-kempff-en-el-recuerdo\/","og_site_name":"El Diario - Bolivia","article_publisher":"https:\/\/www.facebook.com\/eldiario.bolivia\/","article_published_time":"2026-09-03T09:32:09+00:00","og_image":[{"width":1200,"height":628,"url":"https:\/\/www.eldiario.net\/portal\/wp-content\/uploads\/2023\/06\/Manfredo-Kempff-Suarez.jpg","type":"image\/jpeg"}],"author":"Jeanette","twitter_card":"summary_large_image","twitter_creator":"@eldiario_net","twitter_site":"@eldiario_net","twitter_misc":{"Escrito por":"Jeanette","Tiempo de lectura":"5 minutos"},"schema":{"@context":"https:\/\/schema.org","@graph":[{"@type":"Article","@id":"https:\/\/www.eldiario.net\/portal\/2026\/09\/03\/noel-kempff-en-el-recuerdo\/#article","isPartOf":{"@id":"https:\/\/www.eldiario.net\/portal\/2026\/09\/03\/noel-kempff-en-el-recuerdo\/"},"author":{"name":"Jeanette","@id":"https:\/\/www.eldiario.net\/portal\/#\/schema\/person\/f46445640444750d7d753ccd04ae01b7"},"headline":"Noel Kempff en el recuerdo","datePublished":"2026-09-03T09:32:09+00:00","mainEntityOfPage":{"@id":"https:\/\/www.eldiario.net\/portal\/2026\/09\/03\/noel-kempff-en-el-recuerdo\/"},"wordCount":988,"publisher":{"@id":"https:\/\/www.eldiario.net\/portal\/#organization"},"image":{"@id":"https:\/\/www.eldiario.net\/portal\/2026\/09\/03\/noel-kempff-en-el-recuerdo\/#primaryimage"},"thumbnailUrl":"https:\/\/www.eldiario.net\/portal\/wp-content\/uploads\/2023\/06\/Manfredo-Kempff-Suarez.jpg","articleSection":["Opini\u00f3n"],"inLanguage":"es"},{"@type":"WebPage","@id":"https:\/\/www.eldiario.net\/portal\/2026\/09\/03\/noel-kempff-en-el-recuerdo\/","url":"https:\/\/www.eldiario.net\/portal\/2026\/09\/03\/noel-kempff-en-el-recuerdo\/","name":"Noel Kempff en el recuerdo - El Diario - Bolivia","isPartOf":{"@id":"https:\/\/www.eldiario.net\/portal\/#website"},"primaryImageOfPage":{"@id":"https:\/\/www.eldiario.net\/portal\/2026\/09\/03\/noel-kempff-en-el-recuerdo\/#primaryimage"},"image":{"@id":"https:\/\/www.eldiario.net\/portal\/2026\/09\/03\/noel-kempff-en-el-recuerdo\/#primaryimage"},"thumbnailUrl":"https:\/\/www.eldiario.net\/portal\/wp-content\/uploads\/2023\/06\/Manfredo-Kempff-Suarez.jpg","datePublished":"2026-09-03T09:32:09+00:00","breadcrumb":{"@id":"https:\/\/www.eldiario.net\/portal\/2026\/09\/03\/noel-kempff-en-el-recuerdo\/#breadcrumb"},"inLanguage":"es","potentialAction":[{"@type":"ReadAction","target":["https:\/\/www.eldiario.net\/portal\/2026\/09\/03\/noel-kempff-en-el-recuerdo\/"]}]},{"@type":"ImageObject","inLanguage":"es","@id":"https:\/\/www.eldiario.net\/portal\/2026\/09\/03\/noel-kempff-en-el-recuerdo\/#primaryimage","url":"https:\/\/www.eldiario.net\/portal\/wp-content\/uploads\/2023\/06\/Manfredo-Kempff-Suarez.jpg","contentUrl":"https:\/\/www.eldiario.net\/portal\/wp-content\/uploads\/2023\/06\/Manfredo-Kempff-Suarez.jpg","width":1200,"height":628},{"@type":"BreadcrumbList","@id":"https:\/\/www.eldiario.net\/portal\/2026\/09\/03\/noel-kempff-en-el-recuerdo\/#breadcrumb","itemListElement":[{"@type":"ListItem","position":1,"name":"Portada","item":"https:\/\/www.eldiario.net\/portal\/"},{"@type":"ListItem","position":2,"name":"Noel Kempff en el recuerdo"}]},{"@type":"WebSite","@id":"https:\/\/www.eldiario.net\/portal\/#website","url":"https:\/\/www.eldiario.net\/portal\/","name":"El Diario - Decano de la prensa nacional","description":"El Diario - Decano de la prensa nacional","publisher":{"@id":"https:\/\/www.eldiario.net\/portal\/#organization"},"potentialAction":[{"@type":"SearchAction","target":{"@type":"EntryPoint","urlTemplate":"https:\/\/www.eldiario.net\/portal\/?s={search_term_string}"},"query-input":{"@type":"PropertyValueSpecification","valueRequired":true,"valueName":"search_term_string"}}],"inLanguage":"es"},{"@type":"Organization","@id":"https:\/\/www.eldiario.net\/portal\/#organization","name":"El Diario - Decano de la prensa nacional","url":"https:\/\/www.eldiario.net\/portal\/","logo":{"@type":"ImageObject","inLanguage":"es","@id":"https:\/\/www.eldiario.net\/portal\/#\/schema\/logo\/image\/","url":"https:\/\/www.eldiario.net\/portal\/wp-content\/uploads\/2023\/07\/logo_ED.jpg","contentUrl":"https:\/\/www.eldiario.net\/portal\/wp-content\/uploads\/2023\/07\/logo_ED.jpg","width":272,"height":52,"caption":"El Diario - Decano de la prensa nacional"},"image":{"@id":"https:\/\/www.eldiario.net\/portal\/#\/schema\/logo\/image\/"},"sameAs":["https:\/\/www.facebook.com\/eldiario.bolivia\/","https:\/\/x.com\/eldiario_net"]},{"@type":"Person","@id":"https:\/\/www.eldiario.net\/portal\/#\/schema\/person\/f46445640444750d7d753ccd04ae01b7","name":"Jeanette","image":{"@type":"ImageObject","inLanguage":"es","@id":"https:\/\/secure.gravatar.com\/avatar\/3ea2118a5f7dad2b7138b1187a6b7ee55f160b9968b66013c3a3ef39dd7e5798?s=96&d=mm&r=g","url":"https:\/\/secure.gravatar.com\/avatar\/3ea2118a5f7dad2b7138b1187a6b7ee55f160b9968b66013c3a3ef39dd7e5798?s=96&d=mm&r=g","contentUrl":"https:\/\/secure.gravatar.com\/avatar\/3ea2118a5f7dad2b7138b1187a6b7ee55f160b9968b66013c3a3ef39dd7e5798?s=96&d=mm&r=g","caption":"Jeanette"},"sameAs":["https:\/\/www.eldiario.net\/portal"],"url":"https:\/\/www.eldiario.net\/portal\/author\/jeanette\/"}]}},"_links":{"self":[{"href":"https:\/\/www.eldiario.net\/portal\/wp-json\/wp\/v2\/posts\/427175","targetHints":{"allow":["GET"]}}],"collection":[{"href":"https:\/\/www.eldiario.net\/portal\/wp-json\/wp\/v2\/posts"}],"about":[{"href":"https:\/\/www.eldiario.net\/portal\/wp-json\/wp\/v2\/types\/post"}],"author":[{"embeddable":true,"href":"https:\/\/www.eldiario.net\/portal\/wp-json\/wp\/v2\/users\/1"}],"replies":[{"embeddable":true,"href":"https:\/\/www.eldiario.net\/portal\/wp-json\/wp\/v2\/comments?post=427175"}],"version-history":[{"count":1,"href":"https:\/\/www.eldiario.net\/portal\/wp-json\/wp\/v2\/posts\/427175\/revisions"}],"predecessor-version":[{"id":427176,"href":"https:\/\/www.eldiario.net\/portal\/wp-json\/wp\/v2\/posts\/427175\/revisions\/427176"}],"wp:featuredmedia":[{"embeddable":true,"href":"https:\/\/www.eldiario.net\/portal\/wp-json\/wp\/v2\/media\/157472"}],"wp:attachment":[{"href":"https:\/\/www.eldiario.net\/portal\/wp-json\/wp\/v2\/media?parent=427175"}],"wp:term":[{"taxonomy":"category","embeddable":true,"href":"https:\/\/www.eldiario.net\/portal\/wp-json\/wp\/v2\/categories?post=427175"},{"taxonomy":"post_tag","embeddable":true,"href":"https:\/\/www.eldiario.net\/portal\/wp-json\/wp\/v2\/tags?post=427175"}],"curies":[{"name":"wp","href":"https:\/\/api.w.org\/{rel}","templated":true}]}}