{"id":427173,"date":"2026-09-03T05:31:18","date_gmt":"2026-09-03T09:31:18","guid":{"rendered":"https:\/\/www.eldiario.net\/portal\/?p=427173"},"modified":"2026-09-03T05:31:18","modified_gmt":"2026-09-03T09:31:18","slug":"nos-estan-robando-la-esperanza","status":"publish","type":"post","link":"https:\/\/www.eldiario.net\/portal\/2026\/09\/03\/nos-estan-robando-la-esperanza\/","title":{"rendered":"\u00a1Nos est\u00e1n robando la esperanza!"},"content":{"rendered":"<p>Los inmisericordes bloqueos que soport\u00f3 Bolivia por 53 d\u00edas, en mayo y junio de 2026, han demostrado que hay cosas que pueden resultar dolorosas, como el perder dinero, la vida o la buena reputaci\u00f3n, sin embargo, hay algo m\u00e1s: mientras que el dinero se lo puede recuperar con mucho trabajo y sacrificio, una vida perdida, es para siempre; igual suele ocurrir cuando la imagen de algo o alguien se deteriora, el da\u00f1o puede ser irreparable. Estas tres situaciones se han dado en el pa\u00eds por causa de los bloqueadores y todos sufrimos las consecuencias. Pero, hoy quiero a\u00f1adir a ello, algo muy peligroso: <em>la p\u00e9rdida de la esperanza.<\/em><\/p>\n<p>\u00bfSe acuerda del adagio que dice, la esperanza es lo \u00faltimo que se pierde? Se dice tambi\u00e9n que mientras hay vida, hay esperanza, pero, cuando esta se socava a nivel general, puede afectar el destino de un pa\u00eds, no solo a su econom\u00eda, sino a la forma en que las personas piensan, sienten y toman decisiones.<\/p>\n<p>El Informe Especial de Ipsos CIESMORI titulado \u201c53 d\u00edas que cambiaron el \u00e1nimo del pa\u00eds\u201d, a partir de encuestas en La Paz, El Alto, Cochabamba y Santa Cruz, entre el 25 de junio y el 3 de julio de 2026, da a conocer el impacto de los bloqueos en los hogares, la afectaci\u00f3n directa de los ingresos, las expectativas econ\u00f3micas y las decisiones de migraci\u00f3n interna y externa, mostrando que la interrupci\u00f3n de las carreteras provoc\u00f3 una crisis que impact\u00f3 en los mercados y centros de trabajo, pero, sobre todo, en los hogares, afectando el bolsillo, las expectativas y hasta los proyectos de vida de los bolivianos. \u00a1Muy preocupante!<\/p>\n<p>87 de cada 100 encuestados dijo que su fuente de ingresos fue afectada por los bloqueos, principalmente en El Alto, Cochabamba y La Paz. El 34% sufri\u00f3 por el aumento del costo de vida y el 20% por la p\u00e9rdida de ingresos o su trabajo; un 19% debi\u00f3 cambiar su dieta por la escasez de alimentos y 11 de cada 100 personas sufrieron un alto estr\u00e9s, ansiedad o temor por la incertidumbre.<\/p>\n<p>Ese 87% refleja al trabajador que no pudo llegar a su fuente laboral; al productor que no pudo sacar su producci\u00f3n; al comerciante que no pudo vender; al transportista que sufri\u00f3 las inclemencias del tiempo por estar varado; y a las familias que vieron c\u00f3mo sus ingresos ya no les alcanzaban para comprar, como antes. Pero la verdadera tragedia es el cambio en las expectativas de la gente.<\/p>\n<p>El estudio de Ipsos CIESMORI revela que un 75% de los hogares cree que su situaci\u00f3n econ\u00f3mica empeorar\u00e1 en los pr\u00f3ximos seis meses: el que 3 de 4 cuatro personas tema un futuro de mayor estrechez econ\u00f3mica no es algo menor: puede enfriar la econom\u00eda al postergarse las compras, evitar gastos, frenar inversiones y abandonar nuevos emprendimientos, en suma, cuando se pierde la confianza se deja de arriesgar e invertir para crear riqueza y empleo.<\/p>\n<p>Pero, hay algo a\u00fan m\u00e1s doloroso: la gente que empieza a pensar en irse. Seg\u00fan el Informe, 6 de cada 10 encuestados considerar\u00edan mudarse a otra regi\u00f3n del pa\u00eds si hubiera una oportunidad laboral o comercial; en 4 de cada 10 hogares se ha conversado ya sobre la posibilidad de emigrar al exterior, mientras que el 7% ya tom\u00f3 tal decisi\u00f3n, y un 34% dice que se ir\u00eda si la econom\u00eda no mejora.<\/p>\n<p>\u00bfNo es doloroso que los j\u00f3venes empiecen a pensar que las oportunidades est\u00e1n en otra parte? \u00bfQue una familia tenga que desarraigarse para trabajar en otra ciudad? \u00bfQue el sue\u00f1o de progresar en su propia tierra se desvanece?<\/p>\n<p>Por esto, el bloqueo no debe ser entendido como una protesta social, ya que no solo violenta los derechos de las personas a circular, trabajar, alimentarse y atender su salud con normalidad, sino que viola algo sagrado: su derecho a vivir en paz y a tener esperanza de un mejor futuro. \u00a1Bolivia ya tiene demasiados pobres para seguir permitiendo que la vida de millones sea afectada por unos cuantos!<\/p>\n<p>Pero, en medio de tan negro panorama, hay una luz que alumbra: Seg\u00fan el Informe, Santa Cruz aparece como el destino preferido para quienes consideran migrar dentro de Bolivia: no solo que 6 de cada 10 personas escoger\u00eda trasladarse a esta regi\u00f3n, sino que la misma mantiene los mayores niveles de arraigo de sus habitantes. \u00bfPor qu\u00e9? Porque la gente se queda donde hay oportunidades para trabajar, producir, progresar y echar ra\u00edces, y \u00a1eso es lo que justamente ofrece el exitoso Modelo de Desarrollo Cruce\u00f1o, aun a los intelectualoides criticones!<\/p>\n<p>La gran lecci\u00f3n que dejan los 53 d\u00edas de ignominiosos bloqueos es que Bolivia no necesita carreteras cerradas, sino caminos abiertos al trabajo, la inversi\u00f3n, la producci\u00f3n, las exportaciones y al progreso; precisa recuperar la confianza en quienes producen y todav\u00eda quieren construir aqu\u00ed su futuro, porque una carretera puede desbloquearse, sin embargo, el miedo en el coraz\u00f3n de una familia puede durar para siempre.<\/p>\n<p>De ah\u00ed que, a la luz de la dolorosa experiencia de aquellos 53 infames d\u00edas, la ciudadan\u00eda reclama algo que es urgente, una Ley Antibloqueos para impedir que Bolivia siga perdiendo lo m\u00e1s dif\u00edcil de recuperar: <em>la esperanza de su gente<\/em>\u2026<\/p>\n<p>&nbsp;<\/p>\n<p><em>El autor es Economista y Mag\u00edster en Comercio Internacional.<\/em><\/p>\n","protected":false},"excerpt":{"rendered":"<p>Los inmisericordes bloqueos que soport\u00f3 Bolivia por 53 d\u00edas, en mayo y junio de 2026, han demostrado que hay cosas que pueden resultar dolorosas, como el perder dinero, la vida o la buena reputaci\u00f3n, sin embargo, hay algo m\u00e1s: mientras que el dinero se lo puede recuperar con mucho trabajo y sacrificio, una vida perdida, [&hellip;]<\/p>\n","protected":false},"author":1,"featured_media":157466,"comment_status":"closed","ping_status":"open","sticky":false,"template":"","format":"standard","meta":{"_acf_changed":false,"footnotes":""},"categories":[9],"tags":[],"class_list":["post-427173","post","type-post","status-publish","format-standard","has-post-thumbnail","category-opinion"],"acf":{"antetitulo":"Buscando la verdad "},"yoast_head":"<!-- This site is optimized with the Yoast SEO plugin v28.4 - https:\/\/yoast.com\/product\/yoast-seo-wordpress\/ -->\n<title>\u00a1Nos est\u00e1n robando la esperanza! - El Diario - Bolivia<\/title>\n<meta name=\"robots\" content=\"index, follow, max-snippet:-1, max-image-preview:large, max-video-preview:-1\" \/>\n<link rel=\"canonical\" href=\"https:\/\/www.eldiario.net\/portal\/2026\/09\/03\/nos-estan-robando-la-esperanza\/\" \/>\n<meta property=\"og:locale\" content=\"es_ES\" \/>\n<meta property=\"og:type\" content=\"article\" \/>\n<meta property=\"og:title\" content=\"\u00a1Nos est\u00e1n robando la esperanza! - El Diario - Bolivia\" \/>\n<meta property=\"og:description\" content=\"Los inmisericordes bloqueos que soport\u00f3 Bolivia por 53 d\u00edas, en mayo y junio de 2026, han demostrado que hay cosas que pueden resultar dolorosas, como el perder dinero, la vida o la buena reputaci\u00f3n, sin embargo, hay algo m\u00e1s: mientras que el dinero se lo puede recuperar con mucho trabajo y sacrificio, una vida perdida, [&hellip;]\" \/>\n<meta property=\"og:url\" content=\"https:\/\/www.eldiario.net\/portal\/2026\/09\/03\/nos-estan-robando-la-esperanza\/\" \/>\n<meta property=\"og:site_name\" content=\"El Diario - Bolivia\" \/>\n<meta property=\"article:publisher\" content=\"https:\/\/www.facebook.com\/eldiario.bolivia\/\" \/>\n<meta property=\"article:published_time\" content=\"2026-09-03T09:31:18+00:00\" \/>\n<meta property=\"og:image\" content=\"https:\/\/www.eldiario.net\/portal\/wp-content\/uploads\/2023\/06\/Gary-Antonio-Rodriguez-Alvarez.jpg\" \/>\n\t<meta property=\"og:image:width\" content=\"1200\" \/>\n\t<meta property=\"og:image:height\" content=\"628\" \/>\n\t<meta property=\"og:image:type\" content=\"image\/jpeg\" \/>\n<meta name=\"author\" content=\"Jeanette\" \/>\n<meta name=\"twitter:card\" content=\"summary_large_image\" \/>\n<meta name=\"twitter:creator\" content=\"@eldiario_net\" \/>\n<meta name=\"twitter:site\" content=\"@eldiario_net\" \/>\n<meta name=\"twitter:label1\" content=\"Escrito por\" \/>\n\t<meta name=\"twitter:data1\" content=\"Jeanette\" \/>\n\t<meta name=\"twitter:label2\" content=\"Tiempo de lectura\" \/>\n\t<meta name=\"twitter:data2\" content=\"5 minutos\" \/>\n<script type=\"application\/ld+json\" class=\"yoast-schema-graph\">{\"@context\":\"https:\\\/\\\/schema.org\",\"@graph\":[{\"@type\":\"Article\",\"@id\":\"https:\\\/\\\/www.eldiario.net\\\/portal\\\/2026\\\/09\\\/03\\\/nos-estan-robando-la-esperanza\\\/#article\",\"isPartOf\":{\"@id\":\"https:\\\/\\\/www.eldiario.net\\\/portal\\\/2026\\\/09\\\/03\\\/nos-estan-robando-la-esperanza\\\/\"},\"author\":{\"name\":\"Jeanette\",\"@id\":\"https:\\\/\\\/www.eldiario.net\\\/portal\\\/#\\\/schema\\\/person\\\/f46445640444750d7d753ccd04ae01b7\"},\"headline\":\"\u00a1Nos est\u00e1n robando la esperanza!\",\"datePublished\":\"2026-09-03T09:31:18+00:00\",\"mainEntityOfPage\":{\"@id\":\"https:\\\/\\\/www.eldiario.net\\\/portal\\\/2026\\\/09\\\/03\\\/nos-estan-robando-la-esperanza\\\/\"},\"wordCount\":906,\"publisher\":{\"@id\":\"https:\\\/\\\/www.eldiario.net\\\/portal\\\/#organization\"},\"image\":{\"@id\":\"https:\\\/\\\/www.eldiario.net\\\/portal\\\/2026\\\/09\\\/03\\\/nos-estan-robando-la-esperanza\\\/#primaryimage\"},\"thumbnailUrl\":\"https:\\\/\\\/www.eldiario.net\\\/portal\\\/wp-content\\\/uploads\\\/2023\\\/06\\\/Gary-Antonio-Rodriguez-Alvarez.jpg\",\"articleSection\":[\"Opini\u00f3n\"],\"inLanguage\":\"es\"},{\"@type\":\"WebPage\",\"@id\":\"https:\\\/\\\/www.eldiario.net\\\/portal\\\/2026\\\/09\\\/03\\\/nos-estan-robando-la-esperanza\\\/\",\"url\":\"https:\\\/\\\/www.eldiario.net\\\/portal\\\/2026\\\/09\\\/03\\\/nos-estan-robando-la-esperanza\\\/\",\"name\":\"\u00a1Nos est\u00e1n robando la esperanza! - El Diario - Bolivia\",\"isPartOf\":{\"@id\":\"https:\\\/\\\/www.eldiario.net\\\/portal\\\/#website\"},\"primaryImageOfPage\":{\"@id\":\"https:\\\/\\\/www.eldiario.net\\\/portal\\\/2026\\\/09\\\/03\\\/nos-estan-robando-la-esperanza\\\/#primaryimage\"},\"image\":{\"@id\":\"https:\\\/\\\/www.eldiario.net\\\/portal\\\/2026\\\/09\\\/03\\\/nos-estan-robando-la-esperanza\\\/#primaryimage\"},\"thumbnailUrl\":\"https:\\\/\\\/www.eldiario.net\\\/portal\\\/wp-content\\\/uploads\\\/2023\\\/06\\\/Gary-Antonio-Rodriguez-Alvarez.jpg\",\"datePublished\":\"2026-09-03T09:31:18+00:00\",\"breadcrumb\":{\"@id\":\"https:\\\/\\\/www.eldiario.net\\\/portal\\\/2026\\\/09\\\/03\\\/nos-estan-robando-la-esperanza\\\/#breadcrumb\"},\"inLanguage\":\"es\",\"potentialAction\":[{\"@type\":\"ReadAction\",\"target\":[\"https:\\\/\\\/www.eldiario.net\\\/portal\\\/2026\\\/09\\\/03\\\/nos-estan-robando-la-esperanza\\\/\"]}]},{\"@type\":\"ImageObject\",\"inLanguage\":\"es\",\"@id\":\"https:\\\/\\\/www.eldiario.net\\\/portal\\\/2026\\\/09\\\/03\\\/nos-estan-robando-la-esperanza\\\/#primaryimage\",\"url\":\"https:\\\/\\\/www.eldiario.net\\\/portal\\\/wp-content\\\/uploads\\\/2023\\\/06\\\/Gary-Antonio-Rodriguez-Alvarez.jpg\",\"contentUrl\":\"https:\\\/\\\/www.eldiario.net\\\/portal\\\/wp-content\\\/uploads\\\/2023\\\/06\\\/Gary-Antonio-Rodriguez-Alvarez.jpg\",\"width\":1200,\"height\":628},{\"@type\":\"BreadcrumbList\",\"@id\":\"https:\\\/\\\/www.eldiario.net\\\/portal\\\/2026\\\/09\\\/03\\\/nos-estan-robando-la-esperanza\\\/#breadcrumb\",\"itemListElement\":[{\"@type\":\"ListItem\",\"position\":1,\"name\":\"Portada\",\"item\":\"https:\\\/\\\/www.eldiario.net\\\/portal\\\/\"},{\"@type\":\"ListItem\",\"position\":2,\"name\":\"\u00a1Nos est\u00e1n robando la esperanza!\"}]},{\"@type\":\"WebSite\",\"@id\":\"https:\\\/\\\/www.eldiario.net\\\/portal\\\/#website\",\"url\":\"https:\\\/\\\/www.eldiario.net\\\/portal\\\/\",\"name\":\"El Diario - Decano de la prensa nacional\",\"description\":\"El Diario - Decano de la prensa nacional\",\"publisher\":{\"@id\":\"https:\\\/\\\/www.eldiario.net\\\/portal\\\/#organization\"},\"potentialAction\":[{\"@type\":\"SearchAction\",\"target\":{\"@type\":\"EntryPoint\",\"urlTemplate\":\"https:\\\/\\\/www.eldiario.net\\\/portal\\\/?s={search_term_string}\"},\"query-input\":{\"@type\":\"PropertyValueSpecification\",\"valueRequired\":true,\"valueName\":\"search_term_string\"}}],\"inLanguage\":\"es\"},{\"@type\":\"Organization\",\"@id\":\"https:\\\/\\\/www.eldiario.net\\\/portal\\\/#organization\",\"name\":\"El Diario - Decano de la prensa nacional\",\"url\":\"https:\\\/\\\/www.eldiario.net\\\/portal\\\/\",\"logo\":{\"@type\":\"ImageObject\",\"inLanguage\":\"es\",\"@id\":\"https:\\\/\\\/www.eldiario.net\\\/portal\\\/#\\\/schema\\\/logo\\\/image\\\/\",\"url\":\"https:\\\/\\\/www.eldiario.net\\\/portal\\\/wp-content\\\/uploads\\\/2023\\\/07\\\/logo_ED.jpg\",\"contentUrl\":\"https:\\\/\\\/www.eldiario.net\\\/portal\\\/wp-content\\\/uploads\\\/2023\\\/07\\\/logo_ED.jpg\",\"width\":272,\"height\":52,\"caption\":\"El Diario - Decano de la prensa nacional\"},\"image\":{\"@id\":\"https:\\\/\\\/www.eldiario.net\\\/portal\\\/#\\\/schema\\\/logo\\\/image\\\/\"},\"sameAs\":[\"https:\\\/\\\/www.facebook.com\\\/eldiario.bolivia\\\/\",\"https:\\\/\\\/x.com\\\/eldiario_net\"]},{\"@type\":\"Person\",\"@id\":\"https:\\\/\\\/www.eldiario.net\\\/portal\\\/#\\\/schema\\\/person\\\/f46445640444750d7d753ccd04ae01b7\",\"name\":\"Jeanette\",\"image\":{\"@type\":\"ImageObject\",\"inLanguage\":\"es\",\"@id\":\"https:\\\/\\\/secure.gravatar.com\\\/avatar\\\/3ea2118a5f7dad2b7138b1187a6b7ee55f160b9968b66013c3a3ef39dd7e5798?s=96&d=mm&r=g\",\"url\":\"https:\\\/\\\/secure.gravatar.com\\\/avatar\\\/3ea2118a5f7dad2b7138b1187a6b7ee55f160b9968b66013c3a3ef39dd7e5798?s=96&d=mm&r=g\",\"contentUrl\":\"https:\\\/\\\/secure.gravatar.com\\\/avatar\\\/3ea2118a5f7dad2b7138b1187a6b7ee55f160b9968b66013c3a3ef39dd7e5798?s=96&d=mm&r=g\",\"caption\":\"Jeanette\"},\"sameAs\":[\"https:\\\/\\\/www.eldiario.net\\\/portal\"],\"url\":\"https:\\\/\\\/www.eldiario.net\\\/portal\\\/author\\\/jeanette\\\/\"}]}<\/script>\n<!-- \/ Yoast SEO plugin. -->","yoast_head_json":{"title":"\u00a1Nos est\u00e1n robando la esperanza! - El Diario - Bolivia","robots":{"index":"index","follow":"follow","max-snippet":"max-snippet:-1","max-image-preview":"max-image-preview:large","max-video-preview":"max-video-preview:-1"},"canonical":"https:\/\/www.eldiario.net\/portal\/2026\/09\/03\/nos-estan-robando-la-esperanza\/","og_locale":"es_ES","og_type":"article","og_title":"\u00a1Nos est\u00e1n robando la esperanza! - El Diario - Bolivia","og_description":"Los inmisericordes bloqueos que soport\u00f3 Bolivia por 53 d\u00edas, en mayo y junio de 2026, han demostrado que hay cosas que pueden resultar dolorosas, como el perder dinero, la vida o la buena reputaci\u00f3n, sin embargo, hay algo m\u00e1s: mientras que el dinero se lo puede recuperar con mucho trabajo y sacrificio, una vida perdida, [&hellip;]","og_url":"https:\/\/www.eldiario.net\/portal\/2026\/09\/03\/nos-estan-robando-la-esperanza\/","og_site_name":"El Diario - Bolivia","article_publisher":"https:\/\/www.facebook.com\/eldiario.bolivia\/","article_published_time":"2026-09-03T09:31:18+00:00","og_image":[{"width":1200,"height":628,"url":"https:\/\/www.eldiario.net\/portal\/wp-content\/uploads\/2023\/06\/Gary-Antonio-Rodriguez-Alvarez.jpg","type":"image\/jpeg"}],"author":"Jeanette","twitter_card":"summary_large_image","twitter_creator":"@eldiario_net","twitter_site":"@eldiario_net","twitter_misc":{"Escrito por":"Jeanette","Tiempo de lectura":"5 minutos"},"schema":{"@context":"https:\/\/schema.org","@graph":[{"@type":"Article","@id":"https:\/\/www.eldiario.net\/portal\/2026\/09\/03\/nos-estan-robando-la-esperanza\/#article","isPartOf":{"@id":"https:\/\/www.eldiario.net\/portal\/2026\/09\/03\/nos-estan-robando-la-esperanza\/"},"author":{"name":"Jeanette","@id":"https:\/\/www.eldiario.net\/portal\/#\/schema\/person\/f46445640444750d7d753ccd04ae01b7"},"headline":"\u00a1Nos est\u00e1n robando la esperanza!","datePublished":"2026-09-03T09:31:18+00:00","mainEntityOfPage":{"@id":"https:\/\/www.eldiario.net\/portal\/2026\/09\/03\/nos-estan-robando-la-esperanza\/"},"wordCount":906,"publisher":{"@id":"https:\/\/www.eldiario.net\/portal\/#organization"},"image":{"@id":"https:\/\/www.eldiario.net\/portal\/2026\/09\/03\/nos-estan-robando-la-esperanza\/#primaryimage"},"thumbnailUrl":"https:\/\/www.eldiario.net\/portal\/wp-content\/uploads\/2023\/06\/Gary-Antonio-Rodriguez-Alvarez.jpg","articleSection":["Opini\u00f3n"],"inLanguage":"es"},{"@type":"WebPage","@id":"https:\/\/www.eldiario.net\/portal\/2026\/09\/03\/nos-estan-robando-la-esperanza\/","url":"https:\/\/www.eldiario.net\/portal\/2026\/09\/03\/nos-estan-robando-la-esperanza\/","name":"\u00a1Nos est\u00e1n robando la esperanza! - El Diario - Bolivia","isPartOf":{"@id":"https:\/\/www.eldiario.net\/portal\/#website"},"primaryImageOfPage":{"@id":"https:\/\/www.eldiario.net\/portal\/2026\/09\/03\/nos-estan-robando-la-esperanza\/#primaryimage"},"image":{"@id":"https:\/\/www.eldiario.net\/portal\/2026\/09\/03\/nos-estan-robando-la-esperanza\/#primaryimage"},"thumbnailUrl":"https:\/\/www.eldiario.net\/portal\/wp-content\/uploads\/2023\/06\/Gary-Antonio-Rodriguez-Alvarez.jpg","datePublished":"2026-09-03T09:31:18+00:00","breadcrumb":{"@id":"https:\/\/www.eldiario.net\/portal\/2026\/09\/03\/nos-estan-robando-la-esperanza\/#breadcrumb"},"inLanguage":"es","potentialAction":[{"@type":"ReadAction","target":["https:\/\/www.eldiario.net\/portal\/2026\/09\/03\/nos-estan-robando-la-esperanza\/"]}]},{"@type":"ImageObject","inLanguage":"es","@id":"https:\/\/www.eldiario.net\/portal\/2026\/09\/03\/nos-estan-robando-la-esperanza\/#primaryimage","url":"https:\/\/www.eldiario.net\/portal\/wp-content\/uploads\/2023\/06\/Gary-Antonio-Rodriguez-Alvarez.jpg","contentUrl":"https:\/\/www.eldiario.net\/portal\/wp-content\/uploads\/2023\/06\/Gary-Antonio-Rodriguez-Alvarez.jpg","width":1200,"height":628},{"@type":"BreadcrumbList","@id":"https:\/\/www.eldiario.net\/portal\/2026\/09\/03\/nos-estan-robando-la-esperanza\/#breadcrumb","itemListElement":[{"@type":"ListItem","position":1,"name":"Portada","item":"https:\/\/www.eldiario.net\/portal\/"},{"@type":"ListItem","position":2,"name":"\u00a1Nos est\u00e1n robando la esperanza!"}]},{"@type":"WebSite","@id":"https:\/\/www.eldiario.net\/portal\/#website","url":"https:\/\/www.eldiario.net\/portal\/","name":"El Diario - Decano de la prensa nacional","description":"El Diario - Decano de la prensa nacional","publisher":{"@id":"https:\/\/www.eldiario.net\/portal\/#organization"},"potentialAction":[{"@type":"SearchAction","target":{"@type":"EntryPoint","urlTemplate":"https:\/\/www.eldiario.net\/portal\/?s={search_term_string}"},"query-input":{"@type":"PropertyValueSpecification","valueRequired":true,"valueName":"search_term_string"}}],"inLanguage":"es"},{"@type":"Organization","@id":"https:\/\/www.eldiario.net\/portal\/#organization","name":"El Diario - Decano de la prensa nacional","url":"https:\/\/www.eldiario.net\/portal\/","logo":{"@type":"ImageObject","inLanguage":"es","@id":"https:\/\/www.eldiario.net\/portal\/#\/schema\/logo\/image\/","url":"https:\/\/www.eldiario.net\/portal\/wp-content\/uploads\/2023\/07\/logo_ED.jpg","contentUrl":"https:\/\/www.eldiario.net\/portal\/wp-content\/uploads\/2023\/07\/logo_ED.jpg","width":272,"height":52,"caption":"El Diario - Decano de la prensa nacional"},"image":{"@id":"https:\/\/www.eldiario.net\/portal\/#\/schema\/logo\/image\/"},"sameAs":["https:\/\/www.facebook.com\/eldiario.bolivia\/","https:\/\/x.com\/eldiario_net"]},{"@type":"Person","@id":"https:\/\/www.eldiario.net\/portal\/#\/schema\/person\/f46445640444750d7d753ccd04ae01b7","name":"Jeanette","image":{"@type":"ImageObject","inLanguage":"es","@id":"https:\/\/secure.gravatar.com\/avatar\/3ea2118a5f7dad2b7138b1187a6b7ee55f160b9968b66013c3a3ef39dd7e5798?s=96&d=mm&r=g","url":"https:\/\/secure.gravatar.com\/avatar\/3ea2118a5f7dad2b7138b1187a6b7ee55f160b9968b66013c3a3ef39dd7e5798?s=96&d=mm&r=g","contentUrl":"https:\/\/secure.gravatar.com\/avatar\/3ea2118a5f7dad2b7138b1187a6b7ee55f160b9968b66013c3a3ef39dd7e5798?s=96&d=mm&r=g","caption":"Jeanette"},"sameAs":["https:\/\/www.eldiario.net\/portal"],"url":"https:\/\/www.eldiario.net\/portal\/author\/jeanette\/"}]}},"_links":{"self":[{"href":"https:\/\/www.eldiario.net\/portal\/wp-json\/wp\/v2\/posts\/427173","targetHints":{"allow":["GET"]}}],"collection":[{"href":"https:\/\/www.eldiario.net\/portal\/wp-json\/wp\/v2\/posts"}],"about":[{"href":"https:\/\/www.eldiario.net\/portal\/wp-json\/wp\/v2\/types\/post"}],"author":[{"embeddable":true,"href":"https:\/\/www.eldiario.net\/portal\/wp-json\/wp\/v2\/users\/1"}],"replies":[{"embeddable":true,"href":"https:\/\/www.eldiario.net\/portal\/wp-json\/wp\/v2\/comments?post=427173"}],"version-history":[{"count":1,"href":"https:\/\/www.eldiario.net\/portal\/wp-json\/wp\/v2\/posts\/427173\/revisions"}],"predecessor-version":[{"id":427174,"href":"https:\/\/www.eldiario.net\/portal\/wp-json\/wp\/v2\/posts\/427173\/revisions\/427174"}],"wp:featuredmedia":[{"embeddable":true,"href":"https:\/\/www.eldiario.net\/portal\/wp-json\/wp\/v2\/media\/157466"}],"wp:attachment":[{"href":"https:\/\/www.eldiario.net\/portal\/wp-json\/wp\/v2\/media?parent=427173"}],"wp:term":[{"taxonomy":"category","embeddable":true,"href":"https:\/\/www.eldiario.net\/portal\/wp-json\/wp\/v2\/categories?post=427173"},{"taxonomy":"post_tag","embeddable":true,"href":"https:\/\/www.eldiario.net\/portal\/wp-json\/wp\/v2\/tags?post=427173"}],"curies":[{"name":"wp","href":"https:\/\/api.w.org\/{rel}","templated":true}]}}