{"id":427171,"date":"2026-09-03T05:29:41","date_gmt":"2026-09-03T09:29:41","guid":{"rendered":"https:\/\/www.eldiario.net\/portal\/?p=427171"},"modified":"2026-09-03T05:29:41","modified_gmt":"2026-09-03T09:29:41","slug":"compendio-de-una-tragedia","status":"publish","type":"post","link":"https:\/\/www.eldiario.net\/portal\/2026\/09\/03\/compendio-de-una-tragedia\/","title":{"rendered":"Compendio de una tragedia"},"content":{"rendered":"<p>La tragedia econ\u00f3mica, pol\u00edtica, social y moral que se cierne sobre nuestra patria tiene un origen, reiteradamente revelado en estas l\u00edneas, para evitar su olvido de lo que, desde hace un cuarto de siglo es la causa de todos los movimientos anarco-populistas y comunistoides que se generaron, desde M\u00e9xico hasta la Argentina.<\/p>\n<p>Tras la ca\u00edda del Muro de Berl\u00edn en noviembre de 1989 y consiguiente derrumbe del comunismo en la ex Uni\u00f3n Sovi\u00e9tica, era inminente la orfandad econ\u00f3mica que amenazaba a la isla de Cuba, raz\u00f3n por la cual Fidel Castro decidi\u00f3 sustituir el apoyo que recib\u00eda de ese Bloque, por el de una transnacional latinoamericana.<\/p>\n<p>Fue as\u00ed como, aprovechando el poder parlamentario que ten\u00eda el Partido de los Trabajadores (PT) en Brasil, su jefe Luiz In\u00e1cio \u00abLula\u00bb Da Silva y Fidel Castro convocaron el 1 de julio de 1990, a una reuni\u00f3n en la ciudad de Sao Paulo, a todos los grupos guerrilleros de izquierda de Am\u00e9rica Latina. Acudieron a dicha convocatoria un total de 48 partidos y organizaciones que representaban distintas experiencias y matrices pol\u00edtico-ideol\u00f3gicas de toda Latinoam\u00e9rica y del Caribe. En un siguiente encuentro, realizado en la ciudad de M\u00e9xico en 1991, fue cuando se decidi\u00f3 bautizar a ese organismo, con el nombre de \u201cForo de Sao Paulo\u201d.<\/p>\n<p>Desde su inicio fue establecida una forma s\u00f3lida de financiamiento basada en actividades ilegales, que rutinariamente practican los grupos guerrilleros en Latinoam\u00e9rica, tales como el secuestro, los asaltos a bancos, la pirater\u00eda y el narcotr\u00e1fico. En este caso, sin embargo, fue la rica Venezuela la que subvino los gastos grandes, hasta quedar casi empobrecida, extremo que fue ratificado, ante la justicia espa\u00f1ola, por el exmilitar chavista Hugo Carvajal, m\u00e1s conocido como \u201cEl Pollo\u201d, quien, citando a m\u00e1s de 10 mandatarios, se\u00f1al\u00f3: \u201cMientras fui director de Inteligencia y Contrainteligencia Militar de Venezuela, hubo una cantidad de reportes que se\u00f1alan que este financiamiento internacional estaba ocurriendo\u201d.<\/p>\n<p>A la luz de lo expuesto, aunque en nuestra opini\u00f3n tarde, surgi\u00f3 muy tard\u00edamente la creaci\u00f3n del \u201cEscudo de las Am\u00e9ricas\u201d, como un bloque regional\u00a0 impulsado por la administraci\u00f3n estadounidense de Donald Trump\u00a0 e integrado por varios jefes de Estado de la regi\u00f3n, dirigido a combatir el crimen organizado en\u00a0 el continente y coordinar estrategias de seguridad hemisf\u00e9rica.<\/p>\n<p>Es del caso se\u00f1alar que en dicho evento,\u00a0 validado por el propio Departamento de Estado de los EEUU, se observ\u00f3 al controvertido Fernando Cerimedo, como part\u00edcipe activo de las reuniones de alto nivel del organismo, al lado del presidente Rodrigo Paz y del ministro de la Presidencia, Fernando Aramayo, portando un broche de acreditaci\u00f3n institucional. Raz\u00f3n m\u00e1s que suficiente para pensar que el art\u00edfice de las campa\u00f1as electorales de Nasry Asfura en Honduras, Milei en la Argentina, Bolsonaro en el Brasil, etc. y ahora hu\u00e9sped de un penal boliviano, por causas de una telenovela pasional, p\u00e9simamente llevada al \u00e9ter, sea v\u00edctima de la contrainteligencia de aquellos castrochavistas del Foro de Sao Paulo, y del Socialismo del Siglo vende humo, que se hallan en retirada, despu\u00e9s de llevar a nuestros pa\u00edses a la quiebra y hoy encarnan el <em>Compendio de una tragedia<\/em>.<\/p>\n","protected":false},"excerpt":{"rendered":"<p>La tragedia econ\u00f3mica, pol\u00edtica, social y moral que se cierne sobre nuestra patria tiene un origen, reiteradamente revelado en estas l\u00edneas, para evitar su olvido de lo que, desde hace un cuarto de siglo es la causa de todos los movimientos anarco-populistas y comunistoides que se generaron, desde M\u00e9xico hasta la Argentina. Tras la ca\u00edda [&hellip;]<\/p>\n","protected":false},"author":1,"featured_media":157469,"comment_status":"closed","ping_status":"open","sticky":false,"template":"","format":"standard","meta":{"_acf_changed":false,"footnotes":""},"categories":[9],"tags":[],"class_list":["post-427171","post","type-post","status-publish","format-standard","has-post-thumbnail","category-opinion"],"acf":{"antetitulo":"Clepsidra"},"yoast_head":"<!-- This site is optimized with the Yoast SEO plugin v28.4 - https:\/\/yoast.com\/product\/yoast-seo-wordpress\/ -->\n<title>Compendio de una tragedia - El Diario - Bolivia<\/title>\n<meta name=\"robots\" content=\"index, follow, max-snippet:-1, max-image-preview:large, max-video-preview:-1\" \/>\n<link rel=\"canonical\" href=\"https:\/\/www.eldiario.net\/portal\/2026\/09\/03\/compendio-de-una-tragedia\/\" \/>\n<meta property=\"og:locale\" content=\"es_ES\" \/>\n<meta property=\"og:type\" content=\"article\" \/>\n<meta property=\"og:title\" content=\"Compendio de una tragedia - El Diario - Bolivia\" \/>\n<meta property=\"og:description\" content=\"La tragedia econ\u00f3mica, pol\u00edtica, social y moral que se cierne sobre nuestra patria tiene un origen, reiteradamente revelado en estas l\u00edneas, para evitar su olvido de lo que, desde hace un cuarto de siglo es la causa de todos los movimientos anarco-populistas y comunistoides que se generaron, desde M\u00e9xico hasta la Argentina. Tras la ca\u00edda [&hellip;]\" \/>\n<meta property=\"og:url\" content=\"https:\/\/www.eldiario.net\/portal\/2026\/09\/03\/compendio-de-una-tragedia\/\" \/>\n<meta property=\"og:site_name\" content=\"El Diario - Bolivia\" \/>\n<meta property=\"article:publisher\" content=\"https:\/\/www.facebook.com\/eldiario.bolivia\/\" \/>\n<meta property=\"article:published_time\" content=\"2026-09-03T09:29:41+00:00\" \/>\n<meta property=\"og:image\" content=\"https:\/\/www.eldiario.net\/portal\/wp-content\/uploads\/2023\/06\/Alvaro-Riveros-Tejada.jpg\" \/>\n\t<meta property=\"og:image:width\" content=\"1200\" \/>\n\t<meta property=\"og:image:height\" content=\"628\" \/>\n\t<meta property=\"og:image:type\" content=\"image\/jpeg\" \/>\n<meta name=\"author\" content=\"Jeanette\" \/>\n<meta name=\"twitter:card\" content=\"summary_large_image\" \/>\n<meta name=\"twitter:creator\" content=\"@eldiario_net\" \/>\n<meta name=\"twitter:site\" content=\"@eldiario_net\" \/>\n<meta name=\"twitter:label1\" content=\"Escrito por\" \/>\n\t<meta name=\"twitter:data1\" content=\"Jeanette\" \/>\n\t<meta name=\"twitter:label2\" content=\"Tiempo de lectura\" \/>\n\t<meta name=\"twitter:data2\" content=\"3 minutos\" \/>\n<script type=\"application\/ld+json\" class=\"yoast-schema-graph\">{\"@context\":\"https:\\\/\\\/schema.org\",\"@graph\":[{\"@type\":\"Article\",\"@id\":\"https:\\\/\\\/www.eldiario.net\\\/portal\\\/2026\\\/09\\\/03\\\/compendio-de-una-tragedia\\\/#article\",\"isPartOf\":{\"@id\":\"https:\\\/\\\/www.eldiario.net\\\/portal\\\/2026\\\/09\\\/03\\\/compendio-de-una-tragedia\\\/\"},\"author\":{\"name\":\"Jeanette\",\"@id\":\"https:\\\/\\\/www.eldiario.net\\\/portal\\\/#\\\/schema\\\/person\\\/f46445640444750d7d753ccd04ae01b7\"},\"headline\":\"Compendio de una tragedia\",\"datePublished\":\"2026-09-03T09:29:41+00:00\",\"mainEntityOfPage\":{\"@id\":\"https:\\\/\\\/www.eldiario.net\\\/portal\\\/2026\\\/09\\\/03\\\/compendio-de-una-tragedia\\\/\"},\"wordCount\":559,\"publisher\":{\"@id\":\"https:\\\/\\\/www.eldiario.net\\\/portal\\\/#organization\"},\"image\":{\"@id\":\"https:\\\/\\\/www.eldiario.net\\\/portal\\\/2026\\\/09\\\/03\\\/compendio-de-una-tragedia\\\/#primaryimage\"},\"thumbnailUrl\":\"https:\\\/\\\/www.eldiario.net\\\/portal\\\/wp-content\\\/uploads\\\/2023\\\/06\\\/Alvaro-Riveros-Tejada.jpg\",\"articleSection\":[\"Opini\u00f3n\"],\"inLanguage\":\"es\"},{\"@type\":\"WebPage\",\"@id\":\"https:\\\/\\\/www.eldiario.net\\\/portal\\\/2026\\\/09\\\/03\\\/compendio-de-una-tragedia\\\/\",\"url\":\"https:\\\/\\\/www.eldiario.net\\\/portal\\\/2026\\\/09\\\/03\\\/compendio-de-una-tragedia\\\/\",\"name\":\"Compendio de una tragedia - El Diario - Bolivia\",\"isPartOf\":{\"@id\":\"https:\\\/\\\/www.eldiario.net\\\/portal\\\/#website\"},\"primaryImageOfPage\":{\"@id\":\"https:\\\/\\\/www.eldiario.net\\\/portal\\\/2026\\\/09\\\/03\\\/compendio-de-una-tragedia\\\/#primaryimage\"},\"image\":{\"@id\":\"https:\\\/\\\/www.eldiario.net\\\/portal\\\/2026\\\/09\\\/03\\\/compendio-de-una-tragedia\\\/#primaryimage\"},\"thumbnailUrl\":\"https:\\\/\\\/www.eldiario.net\\\/portal\\\/wp-content\\\/uploads\\\/2023\\\/06\\\/Alvaro-Riveros-Tejada.jpg\",\"datePublished\":\"2026-09-03T09:29:41+00:00\",\"breadcrumb\":{\"@id\":\"https:\\\/\\\/www.eldiario.net\\\/portal\\\/2026\\\/09\\\/03\\\/compendio-de-una-tragedia\\\/#breadcrumb\"},\"inLanguage\":\"es\",\"potentialAction\":[{\"@type\":\"ReadAction\",\"target\":[\"https:\\\/\\\/www.eldiario.net\\\/portal\\\/2026\\\/09\\\/03\\\/compendio-de-una-tragedia\\\/\"]}]},{\"@type\":\"ImageObject\",\"inLanguage\":\"es\",\"@id\":\"https:\\\/\\\/www.eldiario.net\\\/portal\\\/2026\\\/09\\\/03\\\/compendio-de-una-tragedia\\\/#primaryimage\",\"url\":\"https:\\\/\\\/www.eldiario.net\\\/portal\\\/wp-content\\\/uploads\\\/2023\\\/06\\\/Alvaro-Riveros-Tejada.jpg\",\"contentUrl\":\"https:\\\/\\\/www.eldiario.net\\\/portal\\\/wp-content\\\/uploads\\\/2023\\\/06\\\/Alvaro-Riveros-Tejada.jpg\",\"width\":1200,\"height\":628},{\"@type\":\"BreadcrumbList\",\"@id\":\"https:\\\/\\\/www.eldiario.net\\\/portal\\\/2026\\\/09\\\/03\\\/compendio-de-una-tragedia\\\/#breadcrumb\",\"itemListElement\":[{\"@type\":\"ListItem\",\"position\":1,\"name\":\"Portada\",\"item\":\"https:\\\/\\\/www.eldiario.net\\\/portal\\\/\"},{\"@type\":\"ListItem\",\"position\":2,\"name\":\"Compendio de una tragedia\"}]},{\"@type\":\"WebSite\",\"@id\":\"https:\\\/\\\/www.eldiario.net\\\/portal\\\/#website\",\"url\":\"https:\\\/\\\/www.eldiario.net\\\/portal\\\/\",\"name\":\"El Diario - Decano de la prensa nacional\",\"description\":\"El Diario - Decano de la prensa nacional\",\"publisher\":{\"@id\":\"https:\\\/\\\/www.eldiario.net\\\/portal\\\/#organization\"},\"potentialAction\":[{\"@type\":\"SearchAction\",\"target\":{\"@type\":\"EntryPoint\",\"urlTemplate\":\"https:\\\/\\\/www.eldiario.net\\\/portal\\\/?s={search_term_string}\"},\"query-input\":{\"@type\":\"PropertyValueSpecification\",\"valueRequired\":true,\"valueName\":\"search_term_string\"}}],\"inLanguage\":\"es\"},{\"@type\":\"Organization\",\"@id\":\"https:\\\/\\\/www.eldiario.net\\\/portal\\\/#organization\",\"name\":\"El Diario - Decano de la prensa nacional\",\"url\":\"https:\\\/\\\/www.eldiario.net\\\/portal\\\/\",\"logo\":{\"@type\":\"ImageObject\",\"inLanguage\":\"es\",\"@id\":\"https:\\\/\\\/www.eldiario.net\\\/portal\\\/#\\\/schema\\\/logo\\\/image\\\/\",\"url\":\"https:\\\/\\\/www.eldiario.net\\\/portal\\\/wp-content\\\/uploads\\\/2023\\\/07\\\/logo_ED.jpg\",\"contentUrl\":\"https:\\\/\\\/www.eldiario.net\\\/portal\\\/wp-content\\\/uploads\\\/2023\\\/07\\\/logo_ED.jpg\",\"width\":272,\"height\":52,\"caption\":\"El Diario - Decano de la prensa nacional\"},\"image\":{\"@id\":\"https:\\\/\\\/www.eldiario.net\\\/portal\\\/#\\\/schema\\\/logo\\\/image\\\/\"},\"sameAs\":[\"https:\\\/\\\/www.facebook.com\\\/eldiario.bolivia\\\/\",\"https:\\\/\\\/x.com\\\/eldiario_net\"]},{\"@type\":\"Person\",\"@id\":\"https:\\\/\\\/www.eldiario.net\\\/portal\\\/#\\\/schema\\\/person\\\/f46445640444750d7d753ccd04ae01b7\",\"name\":\"Jeanette\",\"image\":{\"@type\":\"ImageObject\",\"inLanguage\":\"es\",\"@id\":\"https:\\\/\\\/secure.gravatar.com\\\/avatar\\\/3ea2118a5f7dad2b7138b1187a6b7ee55f160b9968b66013c3a3ef39dd7e5798?s=96&d=mm&r=g\",\"url\":\"https:\\\/\\\/secure.gravatar.com\\\/avatar\\\/3ea2118a5f7dad2b7138b1187a6b7ee55f160b9968b66013c3a3ef39dd7e5798?s=96&d=mm&r=g\",\"contentUrl\":\"https:\\\/\\\/secure.gravatar.com\\\/avatar\\\/3ea2118a5f7dad2b7138b1187a6b7ee55f160b9968b66013c3a3ef39dd7e5798?s=96&d=mm&r=g\",\"caption\":\"Jeanette\"},\"sameAs\":[\"https:\\\/\\\/www.eldiario.net\\\/portal\"],\"url\":\"https:\\\/\\\/www.eldiario.net\\\/portal\\\/author\\\/jeanette\\\/\"}]}<\/script>\n<!-- \/ Yoast SEO plugin. -->","yoast_head_json":{"title":"Compendio de una tragedia - El Diario - Bolivia","robots":{"index":"index","follow":"follow","max-snippet":"max-snippet:-1","max-image-preview":"max-image-preview:large","max-video-preview":"max-video-preview:-1"},"canonical":"https:\/\/www.eldiario.net\/portal\/2026\/09\/03\/compendio-de-una-tragedia\/","og_locale":"es_ES","og_type":"article","og_title":"Compendio de una tragedia - El Diario - Bolivia","og_description":"La tragedia econ\u00f3mica, pol\u00edtica, social y moral que se cierne sobre nuestra patria tiene un origen, reiteradamente revelado en estas l\u00edneas, para evitar su olvido de lo que, desde hace un cuarto de siglo es la causa de todos los movimientos anarco-populistas y comunistoides que se generaron, desde M\u00e9xico hasta la Argentina. Tras la ca\u00edda [&hellip;]","og_url":"https:\/\/www.eldiario.net\/portal\/2026\/09\/03\/compendio-de-una-tragedia\/","og_site_name":"El Diario - Bolivia","article_publisher":"https:\/\/www.facebook.com\/eldiario.bolivia\/","article_published_time":"2026-09-03T09:29:41+00:00","og_image":[{"width":1200,"height":628,"url":"https:\/\/www.eldiario.net\/portal\/wp-content\/uploads\/2023\/06\/Alvaro-Riveros-Tejada.jpg","type":"image\/jpeg"}],"author":"Jeanette","twitter_card":"summary_large_image","twitter_creator":"@eldiario_net","twitter_site":"@eldiario_net","twitter_misc":{"Escrito por":"Jeanette","Tiempo de lectura":"3 minutos"},"schema":{"@context":"https:\/\/schema.org","@graph":[{"@type":"Article","@id":"https:\/\/www.eldiario.net\/portal\/2026\/09\/03\/compendio-de-una-tragedia\/#article","isPartOf":{"@id":"https:\/\/www.eldiario.net\/portal\/2026\/09\/03\/compendio-de-una-tragedia\/"},"author":{"name":"Jeanette","@id":"https:\/\/www.eldiario.net\/portal\/#\/schema\/person\/f46445640444750d7d753ccd04ae01b7"},"headline":"Compendio de una tragedia","datePublished":"2026-09-03T09:29:41+00:00","mainEntityOfPage":{"@id":"https:\/\/www.eldiario.net\/portal\/2026\/09\/03\/compendio-de-una-tragedia\/"},"wordCount":559,"publisher":{"@id":"https:\/\/www.eldiario.net\/portal\/#organization"},"image":{"@id":"https:\/\/www.eldiario.net\/portal\/2026\/09\/03\/compendio-de-una-tragedia\/#primaryimage"},"thumbnailUrl":"https:\/\/www.eldiario.net\/portal\/wp-content\/uploads\/2023\/06\/Alvaro-Riveros-Tejada.jpg","articleSection":["Opini\u00f3n"],"inLanguage":"es"},{"@type":"WebPage","@id":"https:\/\/www.eldiario.net\/portal\/2026\/09\/03\/compendio-de-una-tragedia\/","url":"https:\/\/www.eldiario.net\/portal\/2026\/09\/03\/compendio-de-una-tragedia\/","name":"Compendio de una tragedia - El Diario - Bolivia","isPartOf":{"@id":"https:\/\/www.eldiario.net\/portal\/#website"},"primaryImageOfPage":{"@id":"https:\/\/www.eldiario.net\/portal\/2026\/09\/03\/compendio-de-una-tragedia\/#primaryimage"},"image":{"@id":"https:\/\/www.eldiario.net\/portal\/2026\/09\/03\/compendio-de-una-tragedia\/#primaryimage"},"thumbnailUrl":"https:\/\/www.eldiario.net\/portal\/wp-content\/uploads\/2023\/06\/Alvaro-Riveros-Tejada.jpg","datePublished":"2026-09-03T09:29:41+00:00","breadcrumb":{"@id":"https:\/\/www.eldiario.net\/portal\/2026\/09\/03\/compendio-de-una-tragedia\/#breadcrumb"},"inLanguage":"es","potentialAction":[{"@type":"ReadAction","target":["https:\/\/www.eldiario.net\/portal\/2026\/09\/03\/compendio-de-una-tragedia\/"]}]},{"@type":"ImageObject","inLanguage":"es","@id":"https:\/\/www.eldiario.net\/portal\/2026\/09\/03\/compendio-de-una-tragedia\/#primaryimage","url":"https:\/\/www.eldiario.net\/portal\/wp-content\/uploads\/2023\/06\/Alvaro-Riveros-Tejada.jpg","contentUrl":"https:\/\/www.eldiario.net\/portal\/wp-content\/uploads\/2023\/06\/Alvaro-Riveros-Tejada.jpg","width":1200,"height":628},{"@type":"BreadcrumbList","@id":"https:\/\/www.eldiario.net\/portal\/2026\/09\/03\/compendio-de-una-tragedia\/#breadcrumb","itemListElement":[{"@type":"ListItem","position":1,"name":"Portada","item":"https:\/\/www.eldiario.net\/portal\/"},{"@type":"ListItem","position":2,"name":"Compendio de una tragedia"}]},{"@type":"WebSite","@id":"https:\/\/www.eldiario.net\/portal\/#website","url":"https:\/\/www.eldiario.net\/portal\/","name":"El Diario - Decano de la prensa nacional","description":"El Diario - Decano de la prensa nacional","publisher":{"@id":"https:\/\/www.eldiario.net\/portal\/#organization"},"potentialAction":[{"@type":"SearchAction","target":{"@type":"EntryPoint","urlTemplate":"https:\/\/www.eldiario.net\/portal\/?s={search_term_string}"},"query-input":{"@type":"PropertyValueSpecification","valueRequired":true,"valueName":"search_term_string"}}],"inLanguage":"es"},{"@type":"Organization","@id":"https:\/\/www.eldiario.net\/portal\/#organization","name":"El Diario - Decano de la prensa nacional","url":"https:\/\/www.eldiario.net\/portal\/","logo":{"@type":"ImageObject","inLanguage":"es","@id":"https:\/\/www.eldiario.net\/portal\/#\/schema\/logo\/image\/","url":"https:\/\/www.eldiario.net\/portal\/wp-content\/uploads\/2023\/07\/logo_ED.jpg","contentUrl":"https:\/\/www.eldiario.net\/portal\/wp-content\/uploads\/2023\/07\/logo_ED.jpg","width":272,"height":52,"caption":"El Diario - Decano de la prensa nacional"},"image":{"@id":"https:\/\/www.eldiario.net\/portal\/#\/schema\/logo\/image\/"},"sameAs":["https:\/\/www.facebook.com\/eldiario.bolivia\/","https:\/\/x.com\/eldiario_net"]},{"@type":"Person","@id":"https:\/\/www.eldiario.net\/portal\/#\/schema\/person\/f46445640444750d7d753ccd04ae01b7","name":"Jeanette","image":{"@type":"ImageObject","inLanguage":"es","@id":"https:\/\/secure.gravatar.com\/avatar\/3ea2118a5f7dad2b7138b1187a6b7ee55f160b9968b66013c3a3ef39dd7e5798?s=96&d=mm&r=g","url":"https:\/\/secure.gravatar.com\/avatar\/3ea2118a5f7dad2b7138b1187a6b7ee55f160b9968b66013c3a3ef39dd7e5798?s=96&d=mm&r=g","contentUrl":"https:\/\/secure.gravatar.com\/avatar\/3ea2118a5f7dad2b7138b1187a6b7ee55f160b9968b66013c3a3ef39dd7e5798?s=96&d=mm&r=g","caption":"Jeanette"},"sameAs":["https:\/\/www.eldiario.net\/portal"],"url":"https:\/\/www.eldiario.net\/portal\/author\/jeanette\/"}]}},"_links":{"self":[{"href":"https:\/\/www.eldiario.net\/portal\/wp-json\/wp\/v2\/posts\/427171","targetHints":{"allow":["GET"]}}],"collection":[{"href":"https:\/\/www.eldiario.net\/portal\/wp-json\/wp\/v2\/posts"}],"about":[{"href":"https:\/\/www.eldiario.net\/portal\/wp-json\/wp\/v2\/types\/post"}],"author":[{"embeddable":true,"href":"https:\/\/www.eldiario.net\/portal\/wp-json\/wp\/v2\/users\/1"}],"replies":[{"embeddable":true,"href":"https:\/\/www.eldiario.net\/portal\/wp-json\/wp\/v2\/comments?post=427171"}],"version-history":[{"count":1,"href":"https:\/\/www.eldiario.net\/portal\/wp-json\/wp\/v2\/posts\/427171\/revisions"}],"predecessor-version":[{"id":427172,"href":"https:\/\/www.eldiario.net\/portal\/wp-json\/wp\/v2\/posts\/427171\/revisions\/427172"}],"wp:featuredmedia":[{"embeddable":true,"href":"https:\/\/www.eldiario.net\/portal\/wp-json\/wp\/v2\/media\/157469"}],"wp:attachment":[{"href":"https:\/\/www.eldiario.net\/portal\/wp-json\/wp\/v2\/media?parent=427171"}],"wp:term":[{"taxonomy":"category","embeddable":true,"href":"https:\/\/www.eldiario.net\/portal\/wp-json\/wp\/v2\/categories?post=427171"},{"taxonomy":"post_tag","embeddable":true,"href":"https:\/\/www.eldiario.net\/portal\/wp-json\/wp\/v2\/tags?post=427171"}],"curies":[{"name":"wp","href":"https:\/\/api.w.org\/{rel}","templated":true}]}}