{"id":427169,"date":"2026-09-03T05:28:57","date_gmt":"2026-09-03T09:28:57","guid":{"rendered":"https:\/\/www.eldiario.net\/portal\/?p=427169"},"modified":"2026-09-03T05:28:57","modified_gmt":"2026-09-03T09:28:57","slug":"urge-aprobar-una-ley-antibloqueos","status":"publish","type":"post","link":"https:\/\/www.eldiario.net\/portal\/2026\/09\/03\/urge-aprobar-una-ley-antibloqueos\/","title":{"rendered":"Urge aprobar una ley antibloqueos"},"content":{"rendered":"<p>Ante los nuevos anuncios de bloqueos que amenazan nuevamente con paralizar al pa\u00eds, la Asamblea Legislativa Plurinacional (ALP) debe aprobar con urgencia una Ley Antibloqueos que establezca responsabilidades, sanciones y mecanismos de resarcimiento por los da\u00f1os ocasionados a la poblaci\u00f3n. Existen propuestas que esperan tratamiento en ambas c\u00e1maras, entre ellas la presentada por el diputado Carlos Alarc\u00f3n.<\/p>\n<p>Los bloqueos atentan principalmente contra los m\u00e1s pobres. El transportista que pierde jornadas de trabajo, el comerciante que no puede trasladar su mercader\u00eda, el productor que no logra llevar sus alimentos al mercado y el trabajador que no puede llegar a su fuente laboral son quienes terminan pagando las consecuencias de estas medidas.<\/p>\n<p>Por ello, una Ley Antibloqueos no debe limitarse a establecer sanciones. Debe contemplar tambi\u00e9n el resarcimiento econ\u00f3mico a transportistas, comerciantes, productores y otros sectores que sufran p\u00e9rdidas como consecuencia de los bloqueos.<\/p>\n<p>&nbsp;<\/p>\n<p><strong>CRUELDAD EN LOS BLOQUEOS<\/strong><\/p>\n<p>Hay hechos que no pueden ser olvidados. Durante anteriores jornadas de bloqueo fueron denunciados casos en los que ambulancias que trasladaban pacientes de emergencia tuvieron dificultades para atravesar los puntos de bloqueo.<\/p>\n<p>Uno de los hechos que provoc\u00f3 indignaci\u00f3n ocurri\u00f3 en el puente M\u00e9ndez, en la carretera entre Sucre y Potos\u00ed, donde se denunci\u00f3 que una ambulancia qued\u00f3 impedida de continuar su recorrido mientras el personal m\u00e9dico intentaba despejar la v\u00eda. Tambi\u00e9n fueron denunciados hechos similares en Patacamaya, donde familiares de una paciente cr\u00edtica afirmaron haber recibido expresiones de extrema insensibilidad cuando intentaban trasladarla hacia La Paz.<\/p>\n<p>Si estos hechos ocurrieron como fueron denunciados, no pueden ser considerados simplemente parte de una protesta social. Impedir el paso de una ambulancia pone en riesgo el derecho fundamental a la vida y a la salud.<\/p>\n<p>El derecho a la protesta no puede convertirse en el derecho a decidir qui\u00e9n puede circular, qui\u00e9n puede trabajar y, mucho menos, qui\u00e9n puede recibir atenci\u00f3n m\u00e9dica.<\/p>\n<p>&nbsp;<\/p>\n<p><strong>EL BLOQUEO COMO IMPOSICI\u00d3N<\/strong><\/p>\n<p>Otro aspecto que debe ser investigado es la situaci\u00f3n de los propios comunarios. En diferentes conflictos sindicales se han denunciado multas, amenazas y presiones contra campesinos que se niegan a participar en marchas o bloqueos.<\/p>\n<p>Cuando una persona es obligada a bloquear bajo amenaza de sanci\u00f3n, p\u00e9rdida de su puesto, expulsi\u00f3n o agresi\u00f3n, ya no estamos ante una movilizaci\u00f3n libre.<\/p>\n<p>El problema no est\u00e1 en los campesinos ni en las comunidades ind\u00edgenas, sino en determinadas estructuras de poder que utilizan a las comunidades como instrumentos de presi\u00f3n pol\u00edtica.<\/p>\n<p>Tambi\u00e9n es necesario diferenciar entre pueblos ind\u00edgenas y determinadas estructuras sindicales rurales. El hecho de que una organizaci\u00f3n sindical est\u00e9 integrada mayoritariamente por ind\u00edgenas no significa que el sindicato sea necesariamente una instituci\u00f3n propia de las formas tradicionales de organizaci\u00f3n ind\u00edgena.<\/p>\n<p>Durante d\u00e9cadas, estructuras sindicales de origen externo han ocupado espacios de representaci\u00f3n en el campo, llegando en algunos casos a subordinar las formas propias de organizaci\u00f3n comunitaria. El campesinado boliviano tiene derecho a organizarse libremente y a decidir su propio destino.<\/p>\n<p>Particular preocupaci\u00f3n merece la situaci\u00f3n denunciada en algunas regiones, especialmente en el Chapare, donde se han se\u00f1alado pr\u00e1cticas de control sindical mediante multas, amenazas, expulsiones y otras formas de presi\u00f3n. Si tales hechos se producen, deben ser investigados y sancionados, independientemente de qui\u00e9n los cometa.<\/p>\n<p>Lo mismo debe aplicarse en el altiplano y los valles. Ninguna organizaci\u00f3n sindical tiene derecho a imponer mediante amenazas la participaci\u00f3n obligatoria en bloqueos o movilizaciones.<\/p>\n<p>&nbsp;<\/p>\n<p><strong>50 D\u00cdAS DE BLOQUEO Y 23 MUERTOS<\/strong><\/p>\n<p>Los aproximadamente 50 d\u00edas de bloqueos a los que se refiere este art\u00edculo dejaron familias enlutadas, ciudades desabastecidas y graves p\u00e9rdidas econ\u00f3micas. La cifra de 23 personas fallecidas debe ser investigada y documentada por las autoridades competentes para establecer las circunstancias y responsabilidades correspondientes.<\/p>\n<p>Pero el da\u00f1o va mucho m\u00e1s all\u00e1 de las cifras. Los bloqueos prolongados provocan el incremento de los precios de los alimentos, p\u00e9rdidas para productores y comerciantes, paralizaci\u00f3n del transporte, cierre de empresas y mayor desempleo.<\/p>\n<p>El bloqueo termina convirti\u00e9ndose en un impuesto que pagan los m\u00e1s pobres.<\/p>\n<p>Por eso debemos preguntarnos: \u00bfqui\u00e9n devuelve al transportista los d\u00edas que estuvo detenido? \u00bfQui\u00e9n compensa al comerciante que perdi\u00f3 sus productos? \u00bfQui\u00e9n responde por el productor que no pudo llevar su cosecha al mercado? \u00bfQui\u00e9n responde cuando una ambulancia no logra llegar a tiempo?<\/p>\n<p>La futura Ley Antibloqueos debe establecer un r\u00e9gimen integral de responsabilidad y reparaci\u00f3n de da\u00f1os, adem\u00e1s de sanciones para quienes cometan delitos durante las movilizaciones.<\/p>\n<p>&nbsp;<\/p>\n<p><strong>EL SINDICALISMO NO PUEDE SER UNA NUEVA OLIGARQU\u00cdA<\/strong><\/p>\n<p>Tambi\u00e9n corresponde mirar hacia las dirigencias sindicales nacionales. Mientras algunos dirigentes se presentan como representantes de los trabajadores, existen cuestionamientos sobre los privilegios y elevados ingresos de determinadas autoridades sindicales.<\/p>\n<p>La denuncia de remuneraciones superiores a 40.000 bolivianos atribuida a algunos dirigentes debe ser verificada documentalmente y, si corresponde, explicada p\u00fablicamente. El sindicalismo naci\u00f3 para defender al trabajador, no para convertirse en una nueva \u00e9lite de poder para oprimir a sus afiliados.<\/p>\n<p>Despu\u00e9s de dos d\u00e9cadas de predominio del denominado proceso socialista, Bolivia atraviesa una profunda crisis econ\u00f3mica y pol\u00edtica. La falta de d\u00f3lares, los problemas de combustibles, el incremento del costo de vida, el desempleo y la p\u00e9rdida del poder adquisitivo han deteriorado la situaci\u00f3n de millones de bolivianos.<\/p>\n<p>En este escenario, los bloqueos agravan una econom\u00eda ya debilitada. Crisis, bloqueo, desabastecimiento, inflaci\u00f3n, p\u00e9rdida de empleos y mayor pobreza forman un c\u00edrculo que el pa\u00eds ya no puede seguir soportando.<\/p>\n<p>&nbsp;<\/p>\n<p><strong>ES HORA DE TERMINAR CON LA IMPUNIDAD<\/strong><\/p>\n<p>Aprobar una Ley Antibloqueos no significa prohibir la protesta social. Significa establecer que ning\u00fan derecho puede utilizarse para destruir los derechos de los dem\u00e1s, aclar\u00e1ndose que el bloqueo bajo ninguna circunstancia puede ser considerado como un derecho.<\/p>\n<p>Los bolivianos tienen derecho a protestar, pero tambi\u00e9n a trabajar y circular libremente. Tienen derecho a reclamar, pero tambi\u00e9n a negarse a participar en una movilizaci\u00f3n. Y, sobre todo, tienen derecho a recibir atenci\u00f3n m\u00e9dica cuando su vida est\u00e1 en peligro.<\/p>\n<p>Ha llegado la hora de terminar con la utilizaci\u00f3n pol\u00edtica de los sectores m\u00e1s humildes. El campesinado boliviano no necesita dirigentes que lo obliguen, amenacen o utilicen; necesita libertad para organizarse, producir y decidir su propio destino.<\/p>\n<p>Las carreteras no son propiedad de ning\u00fan sindicato, partido pol\u00edtico ni grupo de presi\u00f3n. Son de todos los bolivianos.<\/p>\n<p>Por ello, ante los nuevos anuncios de bloqueos, la Asamblea Legislativa Plurinacional debe actuar con responsabilidad. Una Ley Antibloqueos <em>ya no puede seguir esperando.<\/em><\/p>\n<p>&nbsp;<\/p>\n<p><em>El autor es comunicador social.<\/em><\/p>\n","protected":false},"excerpt":{"rendered":"<p>Ante los nuevos anuncios de bloqueos que amenazan nuevamente con paralizar al pa\u00eds, la Asamblea Legislativa Plurinacional (ALP) debe aprobar con urgencia una Ley Antibloqueos que establezca responsabilidades, sanciones y mecanismos de resarcimiento por los da\u00f1os ocasionados a la poblaci\u00f3n. Existen propuestas que esperan tratamiento en ambas c\u00e1maras, entre ellas la presentada por el diputado [&hellip;]<\/p>\n","protected":false},"author":1,"featured_media":159133,"comment_status":"closed","ping_status":"open","sticky":false,"template":"","format":"standard","meta":{"_acf_changed":false,"footnotes":""},"categories":[9],"tags":[],"class_list":["post-427169","post","type-post","status-publish","format-standard","has-post-thumbnail","category-opinion"],"acf":{"antetitulo":""},"yoast_head":"<!-- This site is optimized with the Yoast SEO plugin v28.4 - https:\/\/yoast.com\/product\/yoast-seo-wordpress\/ -->\n<title>Urge aprobar una ley antibloqueos - El Diario - Bolivia<\/title>\n<meta name=\"robots\" content=\"index, follow, max-snippet:-1, max-image-preview:large, max-video-preview:-1\" \/>\n<link rel=\"canonical\" href=\"https:\/\/www.eldiario.net\/portal\/2026\/09\/03\/urge-aprobar-una-ley-antibloqueos\/\" \/>\n<meta property=\"og:locale\" content=\"es_ES\" \/>\n<meta property=\"og:type\" content=\"article\" \/>\n<meta property=\"og:title\" content=\"Urge aprobar una ley antibloqueos - El Diario - Bolivia\" \/>\n<meta property=\"og:description\" content=\"Ante los nuevos anuncios de bloqueos que amenazan nuevamente con paralizar al pa\u00eds, la Asamblea Legislativa Plurinacional (ALP) debe aprobar con urgencia una Ley Antibloqueos que establezca responsabilidades, sanciones y mecanismos de resarcimiento por los da\u00f1os ocasionados a la poblaci\u00f3n. Existen propuestas que esperan tratamiento en ambas c\u00e1maras, entre ellas la presentada por el diputado [&hellip;]\" \/>\n<meta property=\"og:url\" content=\"https:\/\/www.eldiario.net\/portal\/2026\/09\/03\/urge-aprobar-una-ley-antibloqueos\/\" \/>\n<meta property=\"og:site_name\" content=\"El Diario - Bolivia\" \/>\n<meta property=\"article:publisher\" content=\"https:\/\/www.facebook.com\/eldiario.bolivia\/\" \/>\n<meta property=\"article:published_time\" content=\"2026-09-03T09:28:57+00:00\" \/>\n<meta property=\"og:image\" content=\"https:\/\/www.eldiario.net\/portal\/wp-content\/uploads\/2023\/06\/Zenobio-Quispe-Colque.jpg\" \/>\n\t<meta property=\"og:image:width\" content=\"1200\" \/>\n\t<meta property=\"og:image:height\" content=\"628\" \/>\n\t<meta property=\"og:image:type\" content=\"image\/jpeg\" \/>\n<meta name=\"author\" content=\"Jeanette\" \/>\n<meta name=\"twitter:card\" content=\"summary_large_image\" \/>\n<meta name=\"twitter:creator\" content=\"@eldiario_net\" \/>\n<meta name=\"twitter:site\" content=\"@eldiario_net\" \/>\n<meta name=\"twitter:label1\" content=\"Escrito por\" \/>\n\t<meta name=\"twitter:data1\" content=\"Jeanette\" \/>\n\t<meta name=\"twitter:label2\" content=\"Tiempo de lectura\" \/>\n\t<meta name=\"twitter:data2\" content=\"6 minutos\" \/>\n<script type=\"application\/ld+json\" class=\"yoast-schema-graph\">{\"@context\":\"https:\\\/\\\/schema.org\",\"@graph\":[{\"@type\":\"Article\",\"@id\":\"https:\\\/\\\/www.eldiario.net\\\/portal\\\/2026\\\/09\\\/03\\\/urge-aprobar-una-ley-antibloqueos\\\/#article\",\"isPartOf\":{\"@id\":\"https:\\\/\\\/www.eldiario.net\\\/portal\\\/2026\\\/09\\\/03\\\/urge-aprobar-una-ley-antibloqueos\\\/\"},\"author\":{\"name\":\"Jeanette\",\"@id\":\"https:\\\/\\\/www.eldiario.net\\\/portal\\\/#\\\/schema\\\/person\\\/f46445640444750d7d753ccd04ae01b7\"},\"headline\":\"Urge aprobar una ley antibloqueos\",\"datePublished\":\"2026-09-03T09:28:57+00:00\",\"mainEntityOfPage\":{\"@id\":\"https:\\\/\\\/www.eldiario.net\\\/portal\\\/2026\\\/09\\\/03\\\/urge-aprobar-una-ley-antibloqueos\\\/\"},\"wordCount\":1152,\"publisher\":{\"@id\":\"https:\\\/\\\/www.eldiario.net\\\/portal\\\/#organization\"},\"image\":{\"@id\":\"https:\\\/\\\/www.eldiario.net\\\/portal\\\/2026\\\/09\\\/03\\\/urge-aprobar-una-ley-antibloqueos\\\/#primaryimage\"},\"thumbnailUrl\":\"https:\\\/\\\/www.eldiario.net\\\/portal\\\/wp-content\\\/uploads\\\/2023\\\/06\\\/Zenobio-Quispe-Colque.jpg\",\"articleSection\":[\"Opini\u00f3n\"],\"inLanguage\":\"es\"},{\"@type\":\"WebPage\",\"@id\":\"https:\\\/\\\/www.eldiario.net\\\/portal\\\/2026\\\/09\\\/03\\\/urge-aprobar-una-ley-antibloqueos\\\/\",\"url\":\"https:\\\/\\\/www.eldiario.net\\\/portal\\\/2026\\\/09\\\/03\\\/urge-aprobar-una-ley-antibloqueos\\\/\",\"name\":\"Urge aprobar una ley antibloqueos - El Diario - Bolivia\",\"isPartOf\":{\"@id\":\"https:\\\/\\\/www.eldiario.net\\\/portal\\\/#website\"},\"primaryImageOfPage\":{\"@id\":\"https:\\\/\\\/www.eldiario.net\\\/portal\\\/2026\\\/09\\\/03\\\/urge-aprobar-una-ley-antibloqueos\\\/#primaryimage\"},\"image\":{\"@id\":\"https:\\\/\\\/www.eldiario.net\\\/portal\\\/2026\\\/09\\\/03\\\/urge-aprobar-una-ley-antibloqueos\\\/#primaryimage\"},\"thumbnailUrl\":\"https:\\\/\\\/www.eldiario.net\\\/portal\\\/wp-content\\\/uploads\\\/2023\\\/06\\\/Zenobio-Quispe-Colque.jpg\",\"datePublished\":\"2026-09-03T09:28:57+00:00\",\"breadcrumb\":{\"@id\":\"https:\\\/\\\/www.eldiario.net\\\/portal\\\/2026\\\/09\\\/03\\\/urge-aprobar-una-ley-antibloqueos\\\/#breadcrumb\"},\"inLanguage\":\"es\",\"potentialAction\":[{\"@type\":\"ReadAction\",\"target\":[\"https:\\\/\\\/www.eldiario.net\\\/portal\\\/2026\\\/09\\\/03\\\/urge-aprobar-una-ley-antibloqueos\\\/\"]}]},{\"@type\":\"ImageObject\",\"inLanguage\":\"es\",\"@id\":\"https:\\\/\\\/www.eldiario.net\\\/portal\\\/2026\\\/09\\\/03\\\/urge-aprobar-una-ley-antibloqueos\\\/#primaryimage\",\"url\":\"https:\\\/\\\/www.eldiario.net\\\/portal\\\/wp-content\\\/uploads\\\/2023\\\/06\\\/Zenobio-Quispe-Colque.jpg\",\"contentUrl\":\"https:\\\/\\\/www.eldiario.net\\\/portal\\\/wp-content\\\/uploads\\\/2023\\\/06\\\/Zenobio-Quispe-Colque.jpg\",\"width\":1200,\"height\":628,\"caption\":\"Zenobio Quispe Colque\"},{\"@type\":\"BreadcrumbList\",\"@id\":\"https:\\\/\\\/www.eldiario.net\\\/portal\\\/2026\\\/09\\\/03\\\/urge-aprobar-una-ley-antibloqueos\\\/#breadcrumb\",\"itemListElement\":[{\"@type\":\"ListItem\",\"position\":1,\"name\":\"Portada\",\"item\":\"https:\\\/\\\/www.eldiario.net\\\/portal\\\/\"},{\"@type\":\"ListItem\",\"position\":2,\"name\":\"Urge aprobar una ley antibloqueos\"}]},{\"@type\":\"WebSite\",\"@id\":\"https:\\\/\\\/www.eldiario.net\\\/portal\\\/#website\",\"url\":\"https:\\\/\\\/www.eldiario.net\\\/portal\\\/\",\"name\":\"El Diario - Decano de la prensa nacional\",\"description\":\"El Diario - Decano de la prensa nacional\",\"publisher\":{\"@id\":\"https:\\\/\\\/www.eldiario.net\\\/portal\\\/#organization\"},\"potentialAction\":[{\"@type\":\"SearchAction\",\"target\":{\"@type\":\"EntryPoint\",\"urlTemplate\":\"https:\\\/\\\/www.eldiario.net\\\/portal\\\/?s={search_term_string}\"},\"query-input\":{\"@type\":\"PropertyValueSpecification\",\"valueRequired\":true,\"valueName\":\"search_term_string\"}}],\"inLanguage\":\"es\"},{\"@type\":\"Organization\",\"@id\":\"https:\\\/\\\/www.eldiario.net\\\/portal\\\/#organization\",\"name\":\"El Diario - Decano de la prensa nacional\",\"url\":\"https:\\\/\\\/www.eldiario.net\\\/portal\\\/\",\"logo\":{\"@type\":\"ImageObject\",\"inLanguage\":\"es\",\"@id\":\"https:\\\/\\\/www.eldiario.net\\\/portal\\\/#\\\/schema\\\/logo\\\/image\\\/\",\"url\":\"https:\\\/\\\/www.eldiario.net\\\/portal\\\/wp-content\\\/uploads\\\/2023\\\/07\\\/logo_ED.jpg\",\"contentUrl\":\"https:\\\/\\\/www.eldiario.net\\\/portal\\\/wp-content\\\/uploads\\\/2023\\\/07\\\/logo_ED.jpg\",\"width\":272,\"height\":52,\"caption\":\"El Diario - Decano de la prensa nacional\"},\"image\":{\"@id\":\"https:\\\/\\\/www.eldiario.net\\\/portal\\\/#\\\/schema\\\/logo\\\/image\\\/\"},\"sameAs\":[\"https:\\\/\\\/www.facebook.com\\\/eldiario.bolivia\\\/\",\"https:\\\/\\\/x.com\\\/eldiario_net\"]},{\"@type\":\"Person\",\"@id\":\"https:\\\/\\\/www.eldiario.net\\\/portal\\\/#\\\/schema\\\/person\\\/f46445640444750d7d753ccd04ae01b7\",\"name\":\"Jeanette\",\"image\":{\"@type\":\"ImageObject\",\"inLanguage\":\"es\",\"@id\":\"https:\\\/\\\/secure.gravatar.com\\\/avatar\\\/3ea2118a5f7dad2b7138b1187a6b7ee55f160b9968b66013c3a3ef39dd7e5798?s=96&d=mm&r=g\",\"url\":\"https:\\\/\\\/secure.gravatar.com\\\/avatar\\\/3ea2118a5f7dad2b7138b1187a6b7ee55f160b9968b66013c3a3ef39dd7e5798?s=96&d=mm&r=g\",\"contentUrl\":\"https:\\\/\\\/secure.gravatar.com\\\/avatar\\\/3ea2118a5f7dad2b7138b1187a6b7ee55f160b9968b66013c3a3ef39dd7e5798?s=96&d=mm&r=g\",\"caption\":\"Jeanette\"},\"sameAs\":[\"https:\\\/\\\/www.eldiario.net\\\/portal\"],\"url\":\"https:\\\/\\\/www.eldiario.net\\\/portal\\\/author\\\/jeanette\\\/\"}]}<\/script>\n<!-- \/ Yoast SEO plugin. -->","yoast_head_json":{"title":"Urge aprobar una ley antibloqueos - El Diario - Bolivia","robots":{"index":"index","follow":"follow","max-snippet":"max-snippet:-1","max-image-preview":"max-image-preview:large","max-video-preview":"max-video-preview:-1"},"canonical":"https:\/\/www.eldiario.net\/portal\/2026\/09\/03\/urge-aprobar-una-ley-antibloqueos\/","og_locale":"es_ES","og_type":"article","og_title":"Urge aprobar una ley antibloqueos - El Diario - Bolivia","og_description":"Ante los nuevos anuncios de bloqueos que amenazan nuevamente con paralizar al pa\u00eds, la Asamblea Legislativa Plurinacional (ALP) debe aprobar con urgencia una Ley Antibloqueos que establezca responsabilidades, sanciones y mecanismos de resarcimiento por los da\u00f1os ocasionados a la poblaci\u00f3n. Existen propuestas que esperan tratamiento en ambas c\u00e1maras, entre ellas la presentada por el diputado [&hellip;]","og_url":"https:\/\/www.eldiario.net\/portal\/2026\/09\/03\/urge-aprobar-una-ley-antibloqueos\/","og_site_name":"El Diario - Bolivia","article_publisher":"https:\/\/www.facebook.com\/eldiario.bolivia\/","article_published_time":"2026-09-03T09:28:57+00:00","og_image":[{"width":1200,"height":628,"url":"https:\/\/www.eldiario.net\/portal\/wp-content\/uploads\/2023\/06\/Zenobio-Quispe-Colque.jpg","type":"image\/jpeg"}],"author":"Jeanette","twitter_card":"summary_large_image","twitter_creator":"@eldiario_net","twitter_site":"@eldiario_net","twitter_misc":{"Escrito por":"Jeanette","Tiempo de lectura":"6 minutos"},"schema":{"@context":"https:\/\/schema.org","@graph":[{"@type":"Article","@id":"https:\/\/www.eldiario.net\/portal\/2026\/09\/03\/urge-aprobar-una-ley-antibloqueos\/#article","isPartOf":{"@id":"https:\/\/www.eldiario.net\/portal\/2026\/09\/03\/urge-aprobar-una-ley-antibloqueos\/"},"author":{"name":"Jeanette","@id":"https:\/\/www.eldiario.net\/portal\/#\/schema\/person\/f46445640444750d7d753ccd04ae01b7"},"headline":"Urge aprobar una ley antibloqueos","datePublished":"2026-09-03T09:28:57+00:00","mainEntityOfPage":{"@id":"https:\/\/www.eldiario.net\/portal\/2026\/09\/03\/urge-aprobar-una-ley-antibloqueos\/"},"wordCount":1152,"publisher":{"@id":"https:\/\/www.eldiario.net\/portal\/#organization"},"image":{"@id":"https:\/\/www.eldiario.net\/portal\/2026\/09\/03\/urge-aprobar-una-ley-antibloqueos\/#primaryimage"},"thumbnailUrl":"https:\/\/www.eldiario.net\/portal\/wp-content\/uploads\/2023\/06\/Zenobio-Quispe-Colque.jpg","articleSection":["Opini\u00f3n"],"inLanguage":"es"},{"@type":"WebPage","@id":"https:\/\/www.eldiario.net\/portal\/2026\/09\/03\/urge-aprobar-una-ley-antibloqueos\/","url":"https:\/\/www.eldiario.net\/portal\/2026\/09\/03\/urge-aprobar-una-ley-antibloqueos\/","name":"Urge aprobar una ley antibloqueos - El Diario - Bolivia","isPartOf":{"@id":"https:\/\/www.eldiario.net\/portal\/#website"},"primaryImageOfPage":{"@id":"https:\/\/www.eldiario.net\/portal\/2026\/09\/03\/urge-aprobar-una-ley-antibloqueos\/#primaryimage"},"image":{"@id":"https:\/\/www.eldiario.net\/portal\/2026\/09\/03\/urge-aprobar-una-ley-antibloqueos\/#primaryimage"},"thumbnailUrl":"https:\/\/www.eldiario.net\/portal\/wp-content\/uploads\/2023\/06\/Zenobio-Quispe-Colque.jpg","datePublished":"2026-09-03T09:28:57+00:00","breadcrumb":{"@id":"https:\/\/www.eldiario.net\/portal\/2026\/09\/03\/urge-aprobar-una-ley-antibloqueos\/#breadcrumb"},"inLanguage":"es","potentialAction":[{"@type":"ReadAction","target":["https:\/\/www.eldiario.net\/portal\/2026\/09\/03\/urge-aprobar-una-ley-antibloqueos\/"]}]},{"@type":"ImageObject","inLanguage":"es","@id":"https:\/\/www.eldiario.net\/portal\/2026\/09\/03\/urge-aprobar-una-ley-antibloqueos\/#primaryimage","url":"https:\/\/www.eldiario.net\/portal\/wp-content\/uploads\/2023\/06\/Zenobio-Quispe-Colque.jpg","contentUrl":"https:\/\/www.eldiario.net\/portal\/wp-content\/uploads\/2023\/06\/Zenobio-Quispe-Colque.jpg","width":1200,"height":628,"caption":"Zenobio Quispe Colque"},{"@type":"BreadcrumbList","@id":"https:\/\/www.eldiario.net\/portal\/2026\/09\/03\/urge-aprobar-una-ley-antibloqueos\/#breadcrumb","itemListElement":[{"@type":"ListItem","position":1,"name":"Portada","item":"https:\/\/www.eldiario.net\/portal\/"},{"@type":"ListItem","position":2,"name":"Urge aprobar una ley antibloqueos"}]},{"@type":"WebSite","@id":"https:\/\/www.eldiario.net\/portal\/#website","url":"https:\/\/www.eldiario.net\/portal\/","name":"El Diario - Decano de la prensa nacional","description":"El Diario - Decano de la prensa nacional","publisher":{"@id":"https:\/\/www.eldiario.net\/portal\/#organization"},"potentialAction":[{"@type":"SearchAction","target":{"@type":"EntryPoint","urlTemplate":"https:\/\/www.eldiario.net\/portal\/?s={search_term_string}"},"query-input":{"@type":"PropertyValueSpecification","valueRequired":true,"valueName":"search_term_string"}}],"inLanguage":"es"},{"@type":"Organization","@id":"https:\/\/www.eldiario.net\/portal\/#organization","name":"El Diario - Decano de la prensa nacional","url":"https:\/\/www.eldiario.net\/portal\/","logo":{"@type":"ImageObject","inLanguage":"es","@id":"https:\/\/www.eldiario.net\/portal\/#\/schema\/logo\/image\/","url":"https:\/\/www.eldiario.net\/portal\/wp-content\/uploads\/2023\/07\/logo_ED.jpg","contentUrl":"https:\/\/www.eldiario.net\/portal\/wp-content\/uploads\/2023\/07\/logo_ED.jpg","width":272,"height":52,"caption":"El Diario - Decano de la prensa nacional"},"image":{"@id":"https:\/\/www.eldiario.net\/portal\/#\/schema\/logo\/image\/"},"sameAs":["https:\/\/www.facebook.com\/eldiario.bolivia\/","https:\/\/x.com\/eldiario_net"]},{"@type":"Person","@id":"https:\/\/www.eldiario.net\/portal\/#\/schema\/person\/f46445640444750d7d753ccd04ae01b7","name":"Jeanette","image":{"@type":"ImageObject","inLanguage":"es","@id":"https:\/\/secure.gravatar.com\/avatar\/3ea2118a5f7dad2b7138b1187a6b7ee55f160b9968b66013c3a3ef39dd7e5798?s=96&d=mm&r=g","url":"https:\/\/secure.gravatar.com\/avatar\/3ea2118a5f7dad2b7138b1187a6b7ee55f160b9968b66013c3a3ef39dd7e5798?s=96&d=mm&r=g","contentUrl":"https:\/\/secure.gravatar.com\/avatar\/3ea2118a5f7dad2b7138b1187a6b7ee55f160b9968b66013c3a3ef39dd7e5798?s=96&d=mm&r=g","caption":"Jeanette"},"sameAs":["https:\/\/www.eldiario.net\/portal"],"url":"https:\/\/www.eldiario.net\/portal\/author\/jeanette\/"}]}},"_links":{"self":[{"href":"https:\/\/www.eldiario.net\/portal\/wp-json\/wp\/v2\/posts\/427169","targetHints":{"allow":["GET"]}}],"collection":[{"href":"https:\/\/www.eldiario.net\/portal\/wp-json\/wp\/v2\/posts"}],"about":[{"href":"https:\/\/www.eldiario.net\/portal\/wp-json\/wp\/v2\/types\/post"}],"author":[{"embeddable":true,"href":"https:\/\/www.eldiario.net\/portal\/wp-json\/wp\/v2\/users\/1"}],"replies":[{"embeddable":true,"href":"https:\/\/www.eldiario.net\/portal\/wp-json\/wp\/v2\/comments?post=427169"}],"version-history":[{"count":1,"href":"https:\/\/www.eldiario.net\/portal\/wp-json\/wp\/v2\/posts\/427169\/revisions"}],"predecessor-version":[{"id":427170,"href":"https:\/\/www.eldiario.net\/portal\/wp-json\/wp\/v2\/posts\/427169\/revisions\/427170"}],"wp:featuredmedia":[{"embeddable":true,"href":"https:\/\/www.eldiario.net\/portal\/wp-json\/wp\/v2\/media\/159133"}],"wp:attachment":[{"href":"https:\/\/www.eldiario.net\/portal\/wp-json\/wp\/v2\/media?parent=427169"}],"wp:term":[{"taxonomy":"category","embeddable":true,"href":"https:\/\/www.eldiario.net\/portal\/wp-json\/wp\/v2\/categories?post=427169"},{"taxonomy":"post_tag","embeddable":true,"href":"https:\/\/www.eldiario.net\/portal\/wp-json\/wp\/v2\/tags?post=427169"}],"curies":[{"name":"wp","href":"https:\/\/api.w.org\/{rel}","templated":true}]}}