{"id":427167,"date":"2026-09-03T05:28:20","date_gmt":"2026-09-03T09:28:20","guid":{"rendered":"https:\/\/www.eldiario.net\/portal\/?p=427167"},"modified":"2026-09-03T05:28:20","modified_gmt":"2026-09-03T09:28:20","slug":"dinamismo-del-dolar-en-8-meses-de-2026-y-las-causas-de-su-ultimo-ascenso","status":"publish","type":"post","link":"https:\/\/www.eldiario.net\/portal\/2026\/09\/03\/dinamismo-del-dolar-en-8-meses-de-2026-y-las-causas-de-su-ultimo-ascenso\/","title":{"rendered":"Dinamismo del d\u00f3lar en 8 meses de 2026 y las causas de su \u00faltimo ascenso"},"content":{"rendered":"<ol>\n<li><strong> Comportamiento y dinamismo del d\u00f3lar oficial y del USDT entre enero y agosto de 2026<\/strong><\/li>\n<\/ol>\n<p><strong>\u00a0<\/strong><\/p>\n<p><strong>D\u00f3lar oficial<\/strong><\/p>\n<p>El comportamiento del d\u00f3lar oficial durante 2026 muestra un cambio estructural de r\u00e9gimen, no una simple fluctuaci\u00f3n diaria. Hasta mediados de a\u00f1o predominaba una cotizaci\u00f3n administrada alrededor de Bs 6,96 por d\u00f3lar; posteriormente, con el r\u00e9gimen flexible, el precio comenz\u00f3 a ajustarse hacia las condiciones de mercado. El BCB registra una trayectoria que pas\u00f3 de Bs 9,86 a inicios de julio a niveles superiores a Bs 12 durante los primeros d\u00edas de agosto. El m\u00e1ximo observado en esta fase lleg\u00f3 a Bs 12,15 el viernes 31 de julio, para luego producirse una apreciaci\u00f3n del boliviano hasta Bs 11,52 el 21 de agosto. Posteriormente, el d\u00f3lar volvi\u00f3 a recuperar terreno y el tipo de cambio vigente al 31 de agosto se situ\u00f3 en los Bs 11,92, seg\u00fan el \u00faltimo reporte del BCB. Esto significa que el mercado ha pasado de un esquema de precio pr\u00e1cticamente fijo a uno mucho m\u00e1s din\u00e1mico. La ca\u00edda de agosto no debe interpretarse todav\u00eda como una estabilizaci\u00f3n definitiva, sino como una fase de correcci\u00f3n dentro de un mercado que contin\u00faa buscando su nuevo equilibrio.<\/p>\n<p>&nbsp;<\/p>\n<p><strong>USDT \/ d\u00f3lar digital<\/strong><\/p>\n<p>El USDT ha funcionado durante 2026 como un term\u00f3metro pr\u00e1cticamente diario de la demanda privada de d\u00f3lares, aunque t\u00e9cnicamente no es el d\u00f3lar estadounidense ni constituye una cotizaci\u00f3n oficial. Su p\u00e1gina oficial se\u00f1ala que su referencia se obtiene de operaciones P2P de Binance y que su precio refleja las condiciones de oferta y demanda de divisas en ese mercado. En enero, el USDT comenz\u00f3 alrededor de Bs 9,69, descendiendo hasta aproximadamente Bs 9,04 a finales de ese mes. Posteriormente subi\u00f3: alcanz\u00f3 alrededor de Bs 10,09 en mayo, Bs 9,92 en junio y aproximadamente Bs 10,02 a comienzos de julio. En agosto se produjo un fuerte movimiento: el 14 de agosto cerr\u00f3 cerca de Bs 11,48, mientras que al 30 de agosto las referencias disponibles lo ubican alrededor de Bs 11,90-11,96, pr\u00e1cticamente alineado con el oficial de Bs 11,92.<\/p>\n<p>Nuestra lectura es que el USDT est\u00e1 mostrando una convergencia extraordinariamente importante entre el mercado paralelo\/digital y el mercado oficial, pero esta convergencia todav\u00eda depende de que se mantenga suficiente oferta de divisas.<\/p>\n<p>&nbsp;<\/p>\n<ol start=\"2\">\n<li><strong> \u00bfPor qu\u00e9 vuelve a subir el d\u00f3lar oficial?<\/strong><\/li>\n<\/ol>\n<p><strong>\u00a0<\/strong><\/p>\n<p><strong>Causa 1: La escasez estructural de d\u00f3lares sigue siendo el problema fundamental<\/strong><\/p>\n<p>La primera causa es la insuficiente oferta estructural de divisas. Las RIN pueden alcanzar aproximadamente $us 4.435 millones, pero solamente unos $us 759 millones ser\u00edan divisas, lo que significa que el monto inmediatamente utilizable para atender una demanda adicional de d\u00f3lares es considerablemente menor que la cifra total de reservas. Adem\u00e1s, nuestras reservas liquidas son insuficientes para afrontar la importaci\u00f3n de combustibles, pago de deuda externa y menos equilibrar el mercado cambiario. En este contexto, cualquier incremento de la demanda de divisas \u2014importadores, empresas, hogares o ahorristas\u2014 genera presi\u00f3n sobre el tipo de cambio. El propio FMI identifica como problemas centrales de Bolivia la reducci\u00f3n de reservas, los d\u00e9ficits fiscales persistentes, la menor producci\u00f3n de hidrocarburos y las distorsiones cambiarias. Por ello, interpreto los cuatro d\u00edas de aumento del d\u00f3lar m\u00e1s como una correcci\u00f3n de mercado ante una oferta todav\u00eda insuficiente que como un fen\u00f3meno puramente especulativo. La convergencia del USDT con el oficial tampoco elimina este problema: simplemente demuestra que ambos mercados est\u00e1n encontrando un precio cercano, o eso al menos es lo que se evidencia.<\/p>\n<p>Sin embargo, hay que recordar que nuestro pa\u00eds tiene un problema estructural importante, es muy poco atractivo para atraer inversiones (d\u00f3lares) y su capacidad de generar divisas tambi\u00e9n es limitada, entre varias razones por su actual proceso recesivo.<\/p>\n<p>&nbsp;<\/p>\n<p><strong>Causa 2: Combustibles y demanda de d\u00f3lares est\u00e1n directamente relacionados<\/strong><\/p>\n<p>La segunda causa es la crisis de abastecimiento de combustibles, porque Bolivia necesita d\u00f3lares para importar gasolina, di\u00e9sel y otros productos energ\u00e9ticos. Cuando existen dificultades para pagar importaciones o para garantizar el suministro, aumenta simult\u00e1neamente la demanda de divisas y la incertidumbre de empresas y consumidores. El FMI identifica la disminuci\u00f3n de la producci\u00f3n de hidrocarburos como uno de los factores que han debilitado la posici\u00f3n externa boliviana. El problema es particularmente importante porque los combustibles son un insumo transversal: transporte, agricultura, industria, comercio y log\u00edstica dependen de ellos. Por tanto, una crisis de carburantes puede convertirse r\u00e1pidamente en una crisis cambiaria y posteriormente en una crisis inflacionaria, porque el empresario termina trasladando mayores costos a precios. Esta relaci\u00f3n explica por qu\u00e9 la evoluci\u00f3n del d\u00f3lar y la disponibilidad de combustibles deben ser analizadas conjuntamente.<\/p>\n<p>&nbsp;<\/p>\n<p><strong>Causa 3: Expectativas, incertidumbre pol\u00edtica y espera por financiamiento externo<\/strong><\/p>\n<p>La tercera causa es la combinaci\u00f3n de expectativas cambiarias, incertidumbre pol\u00edtica y demora en la materializaci\u00f3n del financiamiento externo. El acuerdo t\u00e9cnico con el FMI contempla aproximadamente $us 1.900 millones, pero est\u00e1 sujeto a aprobaci\u00f3n del Directorio Ejecutivo y al cumplimiento de acciones previas. Por tanto, esos recursos no deben contabilizarse como d\u00f3lares disponibles hasta que efectivamente ingresen. Mientras exista incertidumbre sobre su llegada y sobre la capacidad del Gobierno para ejecutar el ajuste fiscal, agentes econ\u00f3micos pueden anticiparse comprando d\u00f3lares o USDT. Esto genera una din\u00e1mica de expectativas: si la gente cree que el d\u00f3lar subir\u00e1, aumenta hoy la demanda de d\u00f3lares y contribuye a que efectivamente suba. No descartar\u00eda la especulaci\u00f3n, pero la considero un factor amplificador, no la causa fundamental. La ra\u00edz contin\u00faa siendo la escasez de divisas y la incertidumbre respecto a la capacidad del Estado para corregirla.<\/p>\n<p>&nbsp;<\/p>\n<ol start=\"3\">\n<li><strong> \u00bfC\u00f3mo afectar\u00e1 la inestabilidad cambiaria a la econom\u00eda y al poder adquisitivo?<\/strong><\/li>\n<\/ol>\n<p><strong>\u00a0<\/strong><\/p>\n<p><strong>Consecuencia 1: Mayor inflaci\u00f3n y p\u00e9rdida del poder adquisitivo<\/strong><\/p>\n<p>La primera consecuencia ser\u00e1 una mayor presi\u00f3n sobre los precios, especialmente de productos importados o que utilizan insumos importados. Si el d\u00f3lar pasa, por ejemplo, de Bs 11,92 a Bs 12,50, el incremento ser\u00eda aproximadamente 4,9% en el costo de la divisa; esto no significa que todos los precios aumenten 4,9%, pero s\u00ed genera presi\u00f3n sobre costos empresariales. Bolivia ya viene de una inflaci\u00f3n de 20,4% en 2025, y el BCB proyecta alrededor de 9,22% para 2026, por lo que una nueva depreciaci\u00f3n puede dificultar la desinflaci\u00f3n. El impacto ser\u00e1 mayor en alimentos, medicamentos, maquinaria, repuestos, tecnolog\u00eda y bienes importados. En t\u00e9rminos simples: cada boliviano compra menos bienes cuando los precios suben m\u00e1s r\u00e1pido que los ingresos. Por ello, la estabilidad cambiaria es tambi\u00e9n una pol\u00edtica social.<\/p>\n<p>&nbsp;<\/p>\n<p><strong>Consecuencia 2: Aumento de costos, menor producci\u00f3n y riesgo de m\u00e1s recesi\u00f3n<\/strong><\/p>\n<p>La segunda consecuencia ser\u00e1 sobre las empresas y la actividad econ\u00f3mica. Bolivia importa una parte importante de sus insumos, maquinaria, combustibles y bienes intermedios, por lo que una depreciaci\u00f3n aumenta los costos de producci\u00f3n. Las empresas pueden responder elevando precios, reduciendo m\u00e1rgenes, disminuyendo producci\u00f3n o postergando inversiones. Esto es especialmente preocupante porque el PIB ya presenta una trayectoria contractiva y el BCB proyecta una ca\u00edda cercana a \u22123,6% en 2026. En consecuencia, puede aparecer una combinaci\u00f3n especialmente negativa: d\u00f3lar m\u00e1s caro + inflaci\u00f3n + menor producci\u00f3n + menor empleo. El problema se agrava porque una econom\u00eda con menor producci\u00f3n genera menos ingresos tributarios y menos capacidad de generar d\u00f3lares mediante exportaciones. Por ello, la inestabilidad cambiaria puede terminar reforzando el mismo desequilibrio que la origina. Todo esto se complica a\u00fan mucho m\u00e1s si es que no se resolver\u00eda la crisis energ\u00e9tica que actualmente estamos viviendo por la falta de carburantes.<\/p>\n<p>&nbsp;<\/p>\n<p><strong>Consecuencia 3: Mayor dolarizaci\u00f3n de facto y deterioro de la confianza<\/strong><\/p>\n<p>La tercera consecuencia puede ser una mayor dolarizaci\u00f3n de facto de las decisiones econ\u00f3micas. Cuando las personas perciben que el boliviano pierde valor, buscan proteger sus ahorros mediante d\u00f3lares f\u00edsicos, USDT, bienes duraderos u otros activos. Nuestro an\u00e1lisis reconoce precisamente que el USDT se utiliza en Bolivia como refugio de valor ante las dificultades de acceso a d\u00f3lares f\u00edsicos.<\/p>\n<p>Esto puede generar un c\u00edrculo complicado: menos confianza en el boliviano \u2192 mayor demanda de d\u00f3lares \u2192 mayor presi\u00f3n cambiaria \u2192 mayor expectativa de depreciaci\u00f3n \u2192 todav\u00eda mayor demanda de d\u00f3lares. En t\u00e9rminos financieros, esto se denomina una din\u00e1mica de expectativas autorrealizables. Si adem\u00e1s las reservas l\u00edquidas son reducidas, el BCB tiene menor capacidad para romper ese c\u00edrculo mediante intervenci\u00f3n. Por eso, la confianza debe ser reconstruida con resultados concretos y no solamente con anuncios.<\/p>\n<p>&nbsp;<\/p>\n<ol start=\"4\">\n<li><strong> \u00bfSon los cr\u00e9ditos externos la \u00fanica salida a corto plazo para la crisis cambiaria?<\/strong><\/li>\n<\/ol>\n<p>No, plenamente. Los cr\u00e9ditos externos son necesarios y muy importantes en la transici\u00f3n, pero no constituyen la \u00fanica salida ni pueden convertirse en la soluci\u00f3n permanente. El acuerdo t\u00e9cnico con el FMI por aproximadamente $us 1.900 millones puede proporcionar un puente de liquidez y, adem\u00e1s, catalizar un paquete financiero superior a $us 5.000 millones durante el programa. Sin embargo, endeudarse para financiar permanentemente un d\u00e9ficit fiscal o una demanda estructural de d\u00f3lares simplemente posterga el problema. Bolivia necesita combinar financiamiento externo con generaci\u00f3n inmediata de divisas, recuperaci\u00f3n de exportaciones, mayor inversi\u00f3n privada, monetizaci\u00f3n eficiente de activos externos, reducci\u00f3n de la demanda de d\u00f3lares asociada a combustibles y disciplina fiscal.<\/p>\n<p>El cr\u00e9dito debe servir para comprar tiempo y reconstruir reservas, no para consumirlas posteriormente. Adem\u00e1s, la llegada de financiamiento depende de condiciones institucionales y pol\u00edticas. Por ello, considero que la estrategia correcta es financiamiento externo + ajuste fiscal + generaci\u00f3n de divisas + recuperaci\u00f3n productiva, y no financiamiento externo como \u00fanica respuesta. El objetivo debe ser que dentro de 12-24 meses Bolivia necesite menos cr\u00e9dito externo para sostener su mercado cambiario.<\/p>\n<p><strong>\u00a0<\/strong><\/p>\n<ol start=\"5\">\n<li><strong> Tres pol\u00edticas econ\u00f3micas para estabilizar el mercado cambiario en Bolivia<\/strong><\/li>\n<\/ol>\n<p><strong>\u00a0<\/strong><\/p>\n<p><strong>Pol\u00edtica 1: Programa extraordinario de generaci\u00f3n y repatriaci\u00f3n de divisas<\/strong><\/p>\n<p>El Gobierno deber\u00eda implementar un Programa de Liquidez Externa de Emergencia de 12 meses, destinado a aumentar r\u00e1pidamente la oferta de d\u00f3lares sin recurrir exclusivamente a las RIN. Debe incluir incentivos temporales para que exportadores repatr\u00eden y mantengan en el sistema financiero boliviano una proporci\u00f3n mayor de sus ingresos externos. Tambi\u00e9n se deber\u00eda acelerar las devoluciones tributarias a exportadores, facilitar operaciones de comercio exterior y eliminar trabas administrativas que retrasen el ingreso de divisas. Se debe priorizar miner\u00eda, agroindustria, manufactura, servicios exportables, hidrocarburos y turismo. Paralelamente, se debe generar mecanismos transparentes para canalizar remesas hacia el sistema financiero formal. El objetivo no debe ser obligar administrativamente a vender d\u00f3lares, sino hacer econ\u00f3micamente atractivo traerlos y mantenerlos dentro del sistema financiero nacional. Esto permitir\u00eda aumentar la oferta de divisas sin consumir reservas y ayudar\u00eda a reducir la presi\u00f3n sobre el tipo de cambio.<\/p>\n<p>&nbsp;<\/p>\n<p><strong>Pol\u00edtica 2: Resolver el problema de combustibles reduciendo su demanda de d\u00f3lares<\/strong><\/p>\n<p>La segunda medida debe ser una reforma integral y fiscalmente sostenible del mercado de combustibles, porque actualmente constituye uno de los principales canales de salida de divisas. La soluci\u00f3n no consiste simplemente en mantener precios subsidiados y utilizar reservas para importar combustible, porque eso transforma las RIN en financiamiento de consumo corriente. Se debe realizar una transici\u00f3n gradual hacia precios m\u00e1s pr\u00f3ximos a los costos internacionales, acompa\u00f1ada de transferencias focalizadas para transporte p\u00fablico, productores y hogares vulnerables. Simult\u00e1neamente, YPFB debe acelerar producci\u00f3n nacional, exploraci\u00f3n y sustituci\u00f3n de importaciones donde sea econ\u00f3micamente viable. La reducci\u00f3n del contrabando tambi\u00e9n debe ser prioritaria porque representa una salida de combustible subsidiado y, directa o indirectamente, de recursos p\u00fablicos. El objetivo debe ser disminuir la cantidad de d\u00f3lares necesarios para garantizar el abastecimiento. Menor factura de importaci\u00f3n de combustibles = menor demanda de d\u00f3lares = menor presi\u00f3n sobre las RIN y el tipo de cambio.<\/p>\n<p>&nbsp;<\/p>\n<p><strong>Pol\u00edtica 3: Regla fiscal-cambiaria y estabilizaci\u00f3n de expectativas<\/strong><\/p>\n<p>La tercera medida debe ser establecer un ancla fiscal y monetaria cre\u00edble, porque ninguna intervenci\u00f3n cambiaria ser\u00e1 sostenible si el d\u00e9ficit p\u00fablico contin\u00faa generando fuertes necesidades de financiamiento. El FMI plantea precisamente avanzar hacia sostenibilidad fiscal, fortalecer el marco monetario y mantener el compromiso de cero financiamientos monetarios del d\u00e9ficit fiscal. El Gobierno deber\u00eda establecer metas trimestrales de d\u00e9ficit, financiamiento interno, deuda y reservas l\u00edquidas, publicando su cumplimiento de manera transparente. El BCB debe conservar autonom\u00eda operativa para utilizar sus instrumentos monetarios y cambiarios sin presiones fiscales. Al mismo tiempo, el mercado debe recibir informaci\u00f3n peri\u00f3dica sobre RIN l\u00edquidas, flujos de divisas y operaciones cambiarias. Esto reducir\u00eda rumores y expectativas devaluatorias. La finalidad no es fijar artificialmente el d\u00f3lar en Bs 11,92, sino hacer cre\u00edble que el tipo de cambio podr\u00e1 fluctuar sin convertirse en una espiral de depreciaci\u00f3n.<\/p>\n<p>&nbsp;<\/p>\n<p><strong>Conclusi\u00f3n general<\/strong><\/p>\n<p>La situaci\u00f3n cambiaria de Bolivia al 31 de agosto de 2026 puede ser calificada como m\u00e1s estable que durante los momentos de mayor brecha, pero todav\u00eda vulnerable y lejos de estar estructuralmente resuelta. El d\u00f3lar oficial se encuentra alrededor de Bs 11,92, mientras el USDT\/paralelo est\u00e1 pr\u00e1cticamente en el mismo nivel, lo que constituye una se\u00f1al positiva de convergencia. Sin embargo, la existencia de solo $us 759 millones en divisas dentro de unas RIN de $us 4.435 millones limita el margen de defensa ante nuevos shocks. El problema fundamental contin\u00faa siendo la insuficiente generaci\u00f3n neta de d\u00f3lares. La eventual llegada de $us 1.900 millones del FMI puede aliviar significativamente la restricci\u00f3n de liquidez, pero no reemplaza la necesidad de reformas internas. Si el d\u00e9ficit fiscal, la importaci\u00f3n de combustibles y la incertidumbre contin\u00faan presionando la demanda de divisas, el d\u00f3lar podr\u00eda volver a subir. Por ello, el objetivo no debe ser simplemente mantener el d\u00f3lar en Bs 11,92, sino crear las condiciones para que ese precio sea sostenible sin sacrificar reservas. La pol\u00edtica econ\u00f3mica debe concentrarse simult\u00e1neamente en disciplina fiscal, generaci\u00f3n de divisas y recuperaci\u00f3n productiva. Si esas tres variables mejoran, la estabilidad cambiaria puede consolidarse; si no, la actual convergencia entre el oficial y el paralelo podr\u00eda ser solamente temporal o una mera ilusi\u00f3n de mercado.<\/p>\n<p>&nbsp;<\/p>\n<p><em>El autor es economista.<\/em><\/p>\n","protected":false},"excerpt":{"rendered":"<p>Comportamiento y dinamismo del d\u00f3lar oficial y del USDT entre enero y agosto de 2026 \u00a0 D\u00f3lar oficial El comportamiento del d\u00f3lar oficial durante 2026 muestra un cambio estructural de r\u00e9gimen, no una simple fluctuaci\u00f3n diaria. Hasta mediados de a\u00f1o predominaba una cotizaci\u00f3n administrada alrededor de Bs 6,96 por d\u00f3lar; posteriormente, con el r\u00e9gimen flexible, [&hellip;]<\/p>\n","protected":false},"author":1,"featured_media":290625,"comment_status":"closed","ping_status":"open","sticky":false,"template":"","format":"standard","meta":{"_acf_changed":false,"footnotes":""},"categories":[9],"tags":[],"class_list":["post-427167","post","type-post","status-publish","format-standard","has-post-thumbnail","category-opinion"],"acf":{"antetitulo":""},"yoast_head":"<!-- This site is optimized with the Yoast SEO plugin v28.4 - https:\/\/yoast.com\/product\/yoast-seo-wordpress\/ -->\n<title>Dinamismo del d\u00f3lar en 8 meses de 2026 y las causas de su \u00faltimo ascenso - El Diario - Bolivia<\/title>\n<meta name=\"robots\" content=\"index, follow, max-snippet:-1, max-image-preview:large, max-video-preview:-1\" \/>\n<link rel=\"canonical\" href=\"https:\/\/www.eldiario.net\/portal\/2026\/09\/03\/dinamismo-del-dolar-en-8-meses-de-2026-y-las-causas-de-su-ultimo-ascenso\/\" \/>\n<meta property=\"og:locale\" content=\"es_ES\" \/>\n<meta property=\"og:type\" content=\"article\" \/>\n<meta property=\"og:title\" content=\"Dinamismo del d\u00f3lar en 8 meses de 2026 y las causas de su \u00faltimo ascenso - El Diario - Bolivia\" \/>\n<meta property=\"og:description\" content=\"Comportamiento y dinamismo del d\u00f3lar oficial y del USDT entre enero y agosto de 2026 \u00a0 D\u00f3lar oficial El comportamiento del d\u00f3lar oficial durante 2026 muestra un cambio estructural de r\u00e9gimen, no una simple fluctuaci\u00f3n diaria. Hasta mediados de a\u00f1o predominaba una cotizaci\u00f3n administrada alrededor de Bs 6,96 por d\u00f3lar; posteriormente, con el r\u00e9gimen flexible, [&hellip;]\" \/>\n<meta property=\"og:url\" content=\"https:\/\/www.eldiario.net\/portal\/2026\/09\/03\/dinamismo-del-dolar-en-8-meses-de-2026-y-las-causas-de-su-ultimo-ascenso\/\" \/>\n<meta property=\"og:site_name\" content=\"El Diario - Bolivia\" \/>\n<meta property=\"article:publisher\" content=\"https:\/\/www.facebook.com\/eldiario.bolivia\/\" \/>\n<meta property=\"article:published_time\" content=\"2026-09-03T09:28:20+00:00\" \/>\n<meta property=\"og:image\" content=\"https:\/\/www.eldiario.net\/portal\/wp-content\/uploads\/2025\/03\/Luis-Fernando-Romero-Torrejon.jpg\" \/>\n\t<meta property=\"og:image:width\" content=\"1200\" \/>\n\t<meta property=\"og:image:height\" content=\"628\" \/>\n\t<meta property=\"og:image:type\" content=\"image\/jpeg\" \/>\n<meta name=\"author\" content=\"Jeanette\" \/>\n<meta name=\"twitter:card\" content=\"summary_large_image\" \/>\n<meta name=\"twitter:creator\" content=\"@eldiario_net\" \/>\n<meta name=\"twitter:site\" content=\"@eldiario_net\" \/>\n<meta name=\"twitter:label1\" content=\"Escrito por\" \/>\n\t<meta name=\"twitter:data1\" content=\"Jeanette\" \/>\n\t<meta name=\"twitter:label2\" content=\"Tiempo de lectura\" \/>\n\t<meta name=\"twitter:data2\" content=\"11 minutos\" \/>\n<script type=\"application\/ld+json\" class=\"yoast-schema-graph\">{\"@context\":\"https:\\\/\\\/schema.org\",\"@graph\":[{\"@type\":\"Article\",\"@id\":\"https:\\\/\\\/www.eldiario.net\\\/portal\\\/2026\\\/09\\\/03\\\/dinamismo-del-dolar-en-8-meses-de-2026-y-las-causas-de-su-ultimo-ascenso\\\/#article\",\"isPartOf\":{\"@id\":\"https:\\\/\\\/www.eldiario.net\\\/portal\\\/2026\\\/09\\\/03\\\/dinamismo-del-dolar-en-8-meses-de-2026-y-las-causas-de-su-ultimo-ascenso\\\/\"},\"author\":{\"name\":\"Jeanette\",\"@id\":\"https:\\\/\\\/www.eldiario.net\\\/portal\\\/#\\\/schema\\\/person\\\/f46445640444750d7d753ccd04ae01b7\"},\"headline\":\"Dinamismo del d\u00f3lar en 8 meses de 2026 y las causas de su \u00faltimo ascenso\",\"datePublished\":\"2026-09-03T09:28:20+00:00\",\"mainEntityOfPage\":{\"@id\":\"https:\\\/\\\/www.eldiario.net\\\/portal\\\/2026\\\/09\\\/03\\\/dinamismo-del-dolar-en-8-meses-de-2026-y-las-causas-de-su-ultimo-ascenso\\\/\"},\"wordCount\":2449,\"publisher\":{\"@id\":\"https:\\\/\\\/www.eldiario.net\\\/portal\\\/#organization\"},\"image\":{\"@id\":\"https:\\\/\\\/www.eldiario.net\\\/portal\\\/2026\\\/09\\\/03\\\/dinamismo-del-dolar-en-8-meses-de-2026-y-las-causas-de-su-ultimo-ascenso\\\/#primaryimage\"},\"thumbnailUrl\":\"https:\\\/\\\/www.eldiario.net\\\/portal\\\/wp-content\\\/uploads\\\/2025\\\/03\\\/Luis-Fernando-Romero-Torrejon.jpg\",\"articleSection\":[\"Opini\u00f3n\"],\"inLanguage\":\"es\"},{\"@type\":\"WebPage\",\"@id\":\"https:\\\/\\\/www.eldiario.net\\\/portal\\\/2026\\\/09\\\/03\\\/dinamismo-del-dolar-en-8-meses-de-2026-y-las-causas-de-su-ultimo-ascenso\\\/\",\"url\":\"https:\\\/\\\/www.eldiario.net\\\/portal\\\/2026\\\/09\\\/03\\\/dinamismo-del-dolar-en-8-meses-de-2026-y-las-causas-de-su-ultimo-ascenso\\\/\",\"name\":\"Dinamismo del d\u00f3lar en 8 meses de 2026 y las causas de su \u00faltimo ascenso - El Diario - Bolivia\",\"isPartOf\":{\"@id\":\"https:\\\/\\\/www.eldiario.net\\\/portal\\\/#website\"},\"primaryImageOfPage\":{\"@id\":\"https:\\\/\\\/www.eldiario.net\\\/portal\\\/2026\\\/09\\\/03\\\/dinamismo-del-dolar-en-8-meses-de-2026-y-las-causas-de-su-ultimo-ascenso\\\/#primaryimage\"},\"image\":{\"@id\":\"https:\\\/\\\/www.eldiario.net\\\/portal\\\/2026\\\/09\\\/03\\\/dinamismo-del-dolar-en-8-meses-de-2026-y-las-causas-de-su-ultimo-ascenso\\\/#primaryimage\"},\"thumbnailUrl\":\"https:\\\/\\\/www.eldiario.net\\\/portal\\\/wp-content\\\/uploads\\\/2025\\\/03\\\/Luis-Fernando-Romero-Torrejon.jpg\",\"datePublished\":\"2026-09-03T09:28:20+00:00\",\"breadcrumb\":{\"@id\":\"https:\\\/\\\/www.eldiario.net\\\/portal\\\/2026\\\/09\\\/03\\\/dinamismo-del-dolar-en-8-meses-de-2026-y-las-causas-de-su-ultimo-ascenso\\\/#breadcrumb\"},\"inLanguage\":\"es\",\"potentialAction\":[{\"@type\":\"ReadAction\",\"target\":[\"https:\\\/\\\/www.eldiario.net\\\/portal\\\/2026\\\/09\\\/03\\\/dinamismo-del-dolar-en-8-meses-de-2026-y-las-causas-de-su-ultimo-ascenso\\\/\"]}]},{\"@type\":\"ImageObject\",\"inLanguage\":\"es\",\"@id\":\"https:\\\/\\\/www.eldiario.net\\\/portal\\\/2026\\\/09\\\/03\\\/dinamismo-del-dolar-en-8-meses-de-2026-y-las-causas-de-su-ultimo-ascenso\\\/#primaryimage\",\"url\":\"https:\\\/\\\/www.eldiario.net\\\/portal\\\/wp-content\\\/uploads\\\/2025\\\/03\\\/Luis-Fernando-Romero-Torrejon.jpg\",\"contentUrl\":\"https:\\\/\\\/www.eldiario.net\\\/portal\\\/wp-content\\\/uploads\\\/2025\\\/03\\\/Luis-Fernando-Romero-Torrejon.jpg\",\"width\":1200,\"height\":628,\"caption\":\"Luis Fernando Romero Torrej\u00f3n\"},{\"@type\":\"BreadcrumbList\",\"@id\":\"https:\\\/\\\/www.eldiario.net\\\/portal\\\/2026\\\/09\\\/03\\\/dinamismo-del-dolar-en-8-meses-de-2026-y-las-causas-de-su-ultimo-ascenso\\\/#breadcrumb\",\"itemListElement\":[{\"@type\":\"ListItem\",\"position\":1,\"name\":\"Portada\",\"item\":\"https:\\\/\\\/www.eldiario.net\\\/portal\\\/\"},{\"@type\":\"ListItem\",\"position\":2,\"name\":\"Dinamismo del d\u00f3lar en 8 meses de 2026 y las causas de su \u00faltimo ascenso\"}]},{\"@type\":\"WebSite\",\"@id\":\"https:\\\/\\\/www.eldiario.net\\\/portal\\\/#website\",\"url\":\"https:\\\/\\\/www.eldiario.net\\\/portal\\\/\",\"name\":\"El Diario - Decano de la prensa nacional\",\"description\":\"El Diario - Decano de la prensa nacional\",\"publisher\":{\"@id\":\"https:\\\/\\\/www.eldiario.net\\\/portal\\\/#organization\"},\"potentialAction\":[{\"@type\":\"SearchAction\",\"target\":{\"@type\":\"EntryPoint\",\"urlTemplate\":\"https:\\\/\\\/www.eldiario.net\\\/portal\\\/?s={search_term_string}\"},\"query-input\":{\"@type\":\"PropertyValueSpecification\",\"valueRequired\":true,\"valueName\":\"search_term_string\"}}],\"inLanguage\":\"es\"},{\"@type\":\"Organization\",\"@id\":\"https:\\\/\\\/www.eldiario.net\\\/portal\\\/#organization\",\"name\":\"El Diario - Decano de la prensa nacional\",\"url\":\"https:\\\/\\\/www.eldiario.net\\\/portal\\\/\",\"logo\":{\"@type\":\"ImageObject\",\"inLanguage\":\"es\",\"@id\":\"https:\\\/\\\/www.eldiario.net\\\/portal\\\/#\\\/schema\\\/logo\\\/image\\\/\",\"url\":\"https:\\\/\\\/www.eldiario.net\\\/portal\\\/wp-content\\\/uploads\\\/2023\\\/07\\\/logo_ED.jpg\",\"contentUrl\":\"https:\\\/\\\/www.eldiario.net\\\/portal\\\/wp-content\\\/uploads\\\/2023\\\/07\\\/logo_ED.jpg\",\"width\":272,\"height\":52,\"caption\":\"El Diario - Decano de la prensa nacional\"},\"image\":{\"@id\":\"https:\\\/\\\/www.eldiario.net\\\/portal\\\/#\\\/schema\\\/logo\\\/image\\\/\"},\"sameAs\":[\"https:\\\/\\\/www.facebook.com\\\/eldiario.bolivia\\\/\",\"https:\\\/\\\/x.com\\\/eldiario_net\"]},{\"@type\":\"Person\",\"@id\":\"https:\\\/\\\/www.eldiario.net\\\/portal\\\/#\\\/schema\\\/person\\\/f46445640444750d7d753ccd04ae01b7\",\"name\":\"Jeanette\",\"image\":{\"@type\":\"ImageObject\",\"inLanguage\":\"es\",\"@id\":\"https:\\\/\\\/secure.gravatar.com\\\/avatar\\\/3ea2118a5f7dad2b7138b1187a6b7ee55f160b9968b66013c3a3ef39dd7e5798?s=96&d=mm&r=g\",\"url\":\"https:\\\/\\\/secure.gravatar.com\\\/avatar\\\/3ea2118a5f7dad2b7138b1187a6b7ee55f160b9968b66013c3a3ef39dd7e5798?s=96&d=mm&r=g\",\"contentUrl\":\"https:\\\/\\\/secure.gravatar.com\\\/avatar\\\/3ea2118a5f7dad2b7138b1187a6b7ee55f160b9968b66013c3a3ef39dd7e5798?s=96&d=mm&r=g\",\"caption\":\"Jeanette\"},\"sameAs\":[\"https:\\\/\\\/www.eldiario.net\\\/portal\"],\"url\":\"https:\\\/\\\/www.eldiario.net\\\/portal\\\/author\\\/jeanette\\\/\"}]}<\/script>\n<!-- \/ Yoast SEO plugin. -->","yoast_head_json":{"title":"Dinamismo del d\u00f3lar en 8 meses de 2026 y las causas de su \u00faltimo ascenso - El Diario - Bolivia","robots":{"index":"index","follow":"follow","max-snippet":"max-snippet:-1","max-image-preview":"max-image-preview:large","max-video-preview":"max-video-preview:-1"},"canonical":"https:\/\/www.eldiario.net\/portal\/2026\/09\/03\/dinamismo-del-dolar-en-8-meses-de-2026-y-las-causas-de-su-ultimo-ascenso\/","og_locale":"es_ES","og_type":"article","og_title":"Dinamismo del d\u00f3lar en 8 meses de 2026 y las causas de su \u00faltimo ascenso - El Diario - Bolivia","og_description":"Comportamiento y dinamismo del d\u00f3lar oficial y del USDT entre enero y agosto de 2026 \u00a0 D\u00f3lar oficial El comportamiento del d\u00f3lar oficial durante 2026 muestra un cambio estructural de r\u00e9gimen, no una simple fluctuaci\u00f3n diaria. Hasta mediados de a\u00f1o predominaba una cotizaci\u00f3n administrada alrededor de Bs 6,96 por d\u00f3lar; posteriormente, con el r\u00e9gimen flexible, [&hellip;]","og_url":"https:\/\/www.eldiario.net\/portal\/2026\/09\/03\/dinamismo-del-dolar-en-8-meses-de-2026-y-las-causas-de-su-ultimo-ascenso\/","og_site_name":"El Diario - Bolivia","article_publisher":"https:\/\/www.facebook.com\/eldiario.bolivia\/","article_published_time":"2026-09-03T09:28:20+00:00","og_image":[{"width":1200,"height":628,"url":"https:\/\/www.eldiario.net\/portal\/wp-content\/uploads\/2025\/03\/Luis-Fernando-Romero-Torrejon.jpg","type":"image\/jpeg"}],"author":"Jeanette","twitter_card":"summary_large_image","twitter_creator":"@eldiario_net","twitter_site":"@eldiario_net","twitter_misc":{"Escrito por":"Jeanette","Tiempo de lectura":"11 minutos"},"schema":{"@context":"https:\/\/schema.org","@graph":[{"@type":"Article","@id":"https:\/\/www.eldiario.net\/portal\/2026\/09\/03\/dinamismo-del-dolar-en-8-meses-de-2026-y-las-causas-de-su-ultimo-ascenso\/#article","isPartOf":{"@id":"https:\/\/www.eldiario.net\/portal\/2026\/09\/03\/dinamismo-del-dolar-en-8-meses-de-2026-y-las-causas-de-su-ultimo-ascenso\/"},"author":{"name":"Jeanette","@id":"https:\/\/www.eldiario.net\/portal\/#\/schema\/person\/f46445640444750d7d753ccd04ae01b7"},"headline":"Dinamismo del d\u00f3lar en 8 meses de 2026 y las causas de su \u00faltimo ascenso","datePublished":"2026-09-03T09:28:20+00:00","mainEntityOfPage":{"@id":"https:\/\/www.eldiario.net\/portal\/2026\/09\/03\/dinamismo-del-dolar-en-8-meses-de-2026-y-las-causas-de-su-ultimo-ascenso\/"},"wordCount":2449,"publisher":{"@id":"https:\/\/www.eldiario.net\/portal\/#organization"},"image":{"@id":"https:\/\/www.eldiario.net\/portal\/2026\/09\/03\/dinamismo-del-dolar-en-8-meses-de-2026-y-las-causas-de-su-ultimo-ascenso\/#primaryimage"},"thumbnailUrl":"https:\/\/www.eldiario.net\/portal\/wp-content\/uploads\/2025\/03\/Luis-Fernando-Romero-Torrejon.jpg","articleSection":["Opini\u00f3n"],"inLanguage":"es"},{"@type":"WebPage","@id":"https:\/\/www.eldiario.net\/portal\/2026\/09\/03\/dinamismo-del-dolar-en-8-meses-de-2026-y-las-causas-de-su-ultimo-ascenso\/","url":"https:\/\/www.eldiario.net\/portal\/2026\/09\/03\/dinamismo-del-dolar-en-8-meses-de-2026-y-las-causas-de-su-ultimo-ascenso\/","name":"Dinamismo del d\u00f3lar en 8 meses de 2026 y las causas de su \u00faltimo ascenso - El Diario - Bolivia","isPartOf":{"@id":"https:\/\/www.eldiario.net\/portal\/#website"},"primaryImageOfPage":{"@id":"https:\/\/www.eldiario.net\/portal\/2026\/09\/03\/dinamismo-del-dolar-en-8-meses-de-2026-y-las-causas-de-su-ultimo-ascenso\/#primaryimage"},"image":{"@id":"https:\/\/www.eldiario.net\/portal\/2026\/09\/03\/dinamismo-del-dolar-en-8-meses-de-2026-y-las-causas-de-su-ultimo-ascenso\/#primaryimage"},"thumbnailUrl":"https:\/\/www.eldiario.net\/portal\/wp-content\/uploads\/2025\/03\/Luis-Fernando-Romero-Torrejon.jpg","datePublished":"2026-09-03T09:28:20+00:00","breadcrumb":{"@id":"https:\/\/www.eldiario.net\/portal\/2026\/09\/03\/dinamismo-del-dolar-en-8-meses-de-2026-y-las-causas-de-su-ultimo-ascenso\/#breadcrumb"},"inLanguage":"es","potentialAction":[{"@type":"ReadAction","target":["https:\/\/www.eldiario.net\/portal\/2026\/09\/03\/dinamismo-del-dolar-en-8-meses-de-2026-y-las-causas-de-su-ultimo-ascenso\/"]}]},{"@type":"ImageObject","inLanguage":"es","@id":"https:\/\/www.eldiario.net\/portal\/2026\/09\/03\/dinamismo-del-dolar-en-8-meses-de-2026-y-las-causas-de-su-ultimo-ascenso\/#primaryimage","url":"https:\/\/www.eldiario.net\/portal\/wp-content\/uploads\/2025\/03\/Luis-Fernando-Romero-Torrejon.jpg","contentUrl":"https:\/\/www.eldiario.net\/portal\/wp-content\/uploads\/2025\/03\/Luis-Fernando-Romero-Torrejon.jpg","width":1200,"height":628,"caption":"Luis Fernando Romero Torrej\u00f3n"},{"@type":"BreadcrumbList","@id":"https:\/\/www.eldiario.net\/portal\/2026\/09\/03\/dinamismo-del-dolar-en-8-meses-de-2026-y-las-causas-de-su-ultimo-ascenso\/#breadcrumb","itemListElement":[{"@type":"ListItem","position":1,"name":"Portada","item":"https:\/\/www.eldiario.net\/portal\/"},{"@type":"ListItem","position":2,"name":"Dinamismo del d\u00f3lar en 8 meses de 2026 y las causas de su \u00faltimo ascenso"}]},{"@type":"WebSite","@id":"https:\/\/www.eldiario.net\/portal\/#website","url":"https:\/\/www.eldiario.net\/portal\/","name":"El Diario - Decano de la prensa nacional","description":"El Diario - Decano de la prensa nacional","publisher":{"@id":"https:\/\/www.eldiario.net\/portal\/#organization"},"potentialAction":[{"@type":"SearchAction","target":{"@type":"EntryPoint","urlTemplate":"https:\/\/www.eldiario.net\/portal\/?s={search_term_string}"},"query-input":{"@type":"PropertyValueSpecification","valueRequired":true,"valueName":"search_term_string"}}],"inLanguage":"es"},{"@type":"Organization","@id":"https:\/\/www.eldiario.net\/portal\/#organization","name":"El Diario - Decano de la prensa nacional","url":"https:\/\/www.eldiario.net\/portal\/","logo":{"@type":"ImageObject","inLanguage":"es","@id":"https:\/\/www.eldiario.net\/portal\/#\/schema\/logo\/image\/","url":"https:\/\/www.eldiario.net\/portal\/wp-content\/uploads\/2023\/07\/logo_ED.jpg","contentUrl":"https:\/\/www.eldiario.net\/portal\/wp-content\/uploads\/2023\/07\/logo_ED.jpg","width":272,"height":52,"caption":"El Diario - Decano de la prensa nacional"},"image":{"@id":"https:\/\/www.eldiario.net\/portal\/#\/schema\/logo\/image\/"},"sameAs":["https:\/\/www.facebook.com\/eldiario.bolivia\/","https:\/\/x.com\/eldiario_net"]},{"@type":"Person","@id":"https:\/\/www.eldiario.net\/portal\/#\/schema\/person\/f46445640444750d7d753ccd04ae01b7","name":"Jeanette","image":{"@type":"ImageObject","inLanguage":"es","@id":"https:\/\/secure.gravatar.com\/avatar\/3ea2118a5f7dad2b7138b1187a6b7ee55f160b9968b66013c3a3ef39dd7e5798?s=96&d=mm&r=g","url":"https:\/\/secure.gravatar.com\/avatar\/3ea2118a5f7dad2b7138b1187a6b7ee55f160b9968b66013c3a3ef39dd7e5798?s=96&d=mm&r=g","contentUrl":"https:\/\/secure.gravatar.com\/avatar\/3ea2118a5f7dad2b7138b1187a6b7ee55f160b9968b66013c3a3ef39dd7e5798?s=96&d=mm&r=g","caption":"Jeanette"},"sameAs":["https:\/\/www.eldiario.net\/portal"],"url":"https:\/\/www.eldiario.net\/portal\/author\/jeanette\/"}]}},"_links":{"self":[{"href":"https:\/\/www.eldiario.net\/portal\/wp-json\/wp\/v2\/posts\/427167","targetHints":{"allow":["GET"]}}],"collection":[{"href":"https:\/\/www.eldiario.net\/portal\/wp-json\/wp\/v2\/posts"}],"about":[{"href":"https:\/\/www.eldiario.net\/portal\/wp-json\/wp\/v2\/types\/post"}],"author":[{"embeddable":true,"href":"https:\/\/www.eldiario.net\/portal\/wp-json\/wp\/v2\/users\/1"}],"replies":[{"embeddable":true,"href":"https:\/\/www.eldiario.net\/portal\/wp-json\/wp\/v2\/comments?post=427167"}],"version-history":[{"count":1,"href":"https:\/\/www.eldiario.net\/portal\/wp-json\/wp\/v2\/posts\/427167\/revisions"}],"predecessor-version":[{"id":427168,"href":"https:\/\/www.eldiario.net\/portal\/wp-json\/wp\/v2\/posts\/427167\/revisions\/427168"}],"wp:featuredmedia":[{"embeddable":true,"href":"https:\/\/www.eldiario.net\/portal\/wp-json\/wp\/v2\/media\/290625"}],"wp:attachment":[{"href":"https:\/\/www.eldiario.net\/portal\/wp-json\/wp\/v2\/media?parent=427167"}],"wp:term":[{"taxonomy":"category","embeddable":true,"href":"https:\/\/www.eldiario.net\/portal\/wp-json\/wp\/v2\/categories?post=427167"},{"taxonomy":"post_tag","embeddable":true,"href":"https:\/\/www.eldiario.net\/portal\/wp-json\/wp\/v2\/tags?post=427167"}],"curies":[{"name":"wp","href":"https:\/\/api.w.org\/{rel}","templated":true}]}}