{"id":427161,"date":"2026-09-03T05:26:06","date_gmt":"2026-09-03T09:26:06","guid":{"rendered":"https:\/\/www.eldiario.net\/portal\/?p=427161"},"modified":"2026-09-03T05:26:06","modified_gmt":"2026-09-03T09:26:06","slug":"la-gran-constitucion-2","status":"publish","type":"post","link":"https:\/\/www.eldiario.net\/portal\/2026\/09\/03\/la-gran-constitucion-2\/","title":{"rendered":"La gran constituci\u00f3n"},"content":{"rendered":"<p><strong>II<\/strong><\/p>\n<p>&nbsp;<\/p>\n<p>El 7 de junio de 1776 Richard Henry Lee propuso al Congreso la resoluci\u00f3n de \u201cque estas colonias unidas est\u00e1n y tienen el derecho de ser libres e independientes\u201d. Virginia instruy\u00f3 a sus delegados que propongan la total y completa independencia de Gran Breta\u00f1a. El Congreso decidi\u00f3 fijar la votaci\u00f3n sobre la resoluci\u00f3n de Lee para el 1 de julio. En el intermedio se decidi\u00f3 designar un comit\u00e9 para preparar un documento que implemente la resoluci\u00f3n. El comit\u00e9 design\u00f3 a John Adams y Thomas Jefferson para que preparen el documento. John Adams deleg\u00f3 la tarea completamente a Thomas Jefferson.<\/p>\n<p>Jefferson escribi\u00f3 la declaraci\u00f3n de independencia en muy poco tiempo, uno o dos d\u00edas. Mostr\u00f3 el borrador a Adams y Franklin, quienes sugirieron unas pocas y menores revisiones. El comit\u00e9 present\u00f3 el documento al Congreso Continental el 28 de junio. Despu\u00e9s de debatir y aprobar la resoluci\u00f3n de Lee, el Congreso revis\u00f3 el documento, le hizo varios cambios y suprimi\u00f3 un cuarto del texto. El 4 de julio de 1776 el Congreso aprob\u00f3 la versi\u00f3n revisada y la Declaraci\u00f3n de Independencia, firmada por los representantes de los estados, fue enviada al impresor para su publicaci\u00f3n.<\/p>\n<p>La justificaci\u00f3n de la Declaraci\u00f3n de la Independencia est\u00e1 expresada en la sentencia: \u201cNosotros sostenemos estas verdades de ser propiamente evidentes; que todos los hombres son creados iguales; que han sido dotados por su Creador con ciertos inalienables derechos; que entre ellos est\u00e1n la vida, la libertad y la b\u00fasqueda de la felicidad; que para asegurar estos derechos, los gobiernos se instituyen entre hombres, derivando sus justos poderes del consentimiento de los gobernados\u201d.<\/p>\n<p>El 10 de mayo de 1775 fue nombrado George Washington comandante en jefe del ej\u00e9rcito continental de los Estados Unidos, para librar la guerra inminente que se iba a producir con Gran Breta\u00f1a, que estaba prepar\u00e1ndose para recuperar sus colonias. Washington form\u00f3 un ej\u00e9rcito con los ciudadanos del nuevo estado que no ten\u00edan experiencia militar. Demostr\u00f3 ser un gran estratega y con las fuertes limitaciones que ten\u00eda, pudo formar un ej\u00e9rcito para enfrentar al poderoso ej\u00e9rcito brit\u00e1nico, que adem\u00e1s dispon\u00eda de la fuerza naval m\u00e1s poderosa del mundo. Sabiendo cu\u00e1ndo retirarse y cu\u00e1ndo atacar y con la energ\u00eda de su mando, pudo debilitar la fuerza militar brit\u00e1nica y formar una fuerza capaz de defender la creaci\u00f3n de los Estados Unidos. Despu\u00e9s de seis a\u00f1os, Washington al mando de un ej\u00e9rcito franco americano y la participaci\u00f3n de la flota francesa, el 17 de octubre de 1781 oblig\u00f3 al comandante brit\u00e1nico Lord Cornwallis a pedir la rendici\u00f3n, que se produjo dos d\u00edas despu\u00e9s. Las negociaciones para terminar la guerra tomaron cinco meses. Finalmente en el tratado que se firm\u00f3 en Par\u00eds en septiembre de 1783, Gran Breta\u00f1a renunci\u00f3 a sus colonias en el \u00e9ste de Am\u00e9rica del Norte, dando paso a la creaci\u00f3n de los Estados Unidos.<\/p>\n<p>Durante la guerra y durante seis a\u00f1os despu\u00e9s, la nueva naci\u00f3n estuvo gobernada por el Congreso. No hab\u00eda gobernador o jefe ejecutivo y corte nacional para interpretar la ley. Cada estado ten\u00eda un voto. El Congreso ten\u00eda poder militar y diplom\u00e1tico, no pod\u00eda imponer impuestos y regular el comercio. En mayo de 1787, delegados de los estados, con la excepci\u00f3n de Rhode Island, se reunieron en Philadelphia para revisar los Art\u00edculos de la Independencia y dise\u00f1ar un sistema de gobierno. George Washington fue elegido presidente de la convenci\u00f3n.<\/p>\n<p>Los padres fundadores quer\u00edan replicar la Rep\u00fablica Romana, siguiendo las ideas americanas de libertad individual, gobierno limitado e imperio de la ley. Se estableci\u00f3 tres poderes: legislativo, ejecutivo y judicial y como ten\u00eda la Rep\u00fablica Romana, el poder legislativo estar\u00eda compuesto por el senado y la c\u00e1mara de representantes. El 17 de septiembre de 1787, despu\u00e9s de mucho debate, la convenci\u00f3n complet\u00f3 la Constituci\u00f3n de los Estados Unidos. El comienzo de la Constituci\u00f3n expresa el fundamento de la creaci\u00f3n del nuevo estado: \u201cNosotros el pueblo de los Estados Unidos, en orden a formar una m\u00e1s perfecta Uni\u00f3n, establecer Justicia, asegurar la Tranquilidad dom\u00e9stica, proveer para la defensa com\u00fan, promover el Bienestar general y asegurar las Bendiciones de Libertad para nosotros y para nuestra posteridad, decretamos y establecemos esta Constituci\u00f3n para los Estados Unidos de Am\u00e9rica\u201d.<\/p>\n<p>El Art\u00edculo V prescrib\u00eda que el Congreso pod\u00eda proponer Enmiendas a la Constituci\u00f3n, cuando 2\/3 de los representantes de ambas c\u00e1maras lo consideraba necesario o cuando 2\/3 de las Legislaturas de los estados propusieran llamar a una convenci\u00f3n para proponer Enmiendas. Las enmiendas ser\u00edan aprobadas por 3\/4 de los representantes en el Congreso y 3\/4 de las legislaturas de los estados. Las diez primeras enmiendas fueron ratificadas el 15 de diciembre de 1791 y constituyen lo que se llama \u201cBill of Rights\u201d (Carta de Derechos). La Enmienda I prescribe \u201cEl Congreso no har\u00e1 ley respecto a establecimiento de religi\u00f3n o prohibiendo su libre ejercicio o restringiendo la libertad de discurso o el de prensa o el derecho de la gente de reunirse pac\u00edficamente y la petici\u00f3n al Gobierno por el resarcimiento de da\u00f1os\u201d. La Enmienda XI fue ratificada el 15 de junio de 1804 y la \u00faltima la Enmienda XXVII fue aprobada el 7 de mayo de 1992.<\/p>\n","protected":false},"excerpt":{"rendered":"<p>II &nbsp; El 7 de junio de 1776 Richard Henry Lee propuso al Congreso la resoluci\u00f3n de \u201cque estas colonias unidas est\u00e1n y tienen el derecho de ser libres e independientes\u201d. Virginia instruy\u00f3 a sus delegados que propongan la total y completa independencia de Gran Breta\u00f1a. El Congreso decidi\u00f3 fijar la votaci\u00f3n sobre la resoluci\u00f3n [&hellip;]<\/p>\n","protected":false},"author":1,"featured_media":194790,"comment_status":"closed","ping_status":"open","sticky":false,"template":"","format":"standard","meta":{"_acf_changed":false,"footnotes":""},"categories":[9],"tags":[],"class_list":["post-427161","post","type-post","status-publish","format-standard","has-post-thumbnail","category-opinion"],"acf":{"antetitulo":""},"yoast_head":"<!-- This site is optimized with the Yoast SEO plugin v28.4 - https:\/\/yoast.com\/product\/yoast-seo-wordpress\/ -->\n<title>La gran constituci\u00f3n - El Diario - Bolivia<\/title>\n<meta name=\"robots\" content=\"index, follow, max-snippet:-1, max-image-preview:large, max-video-preview:-1\" \/>\n<link rel=\"canonical\" href=\"https:\/\/www.eldiario.net\/portal\/2026\/09\/03\/la-gran-constitucion-2\/\" \/>\n<meta property=\"og:locale\" content=\"es_ES\" \/>\n<meta property=\"og:type\" content=\"article\" \/>\n<meta property=\"og:title\" content=\"La gran constituci\u00f3n - El Diario - Bolivia\" \/>\n<meta property=\"og:description\" content=\"II &nbsp; El 7 de junio de 1776 Richard Henry Lee propuso al Congreso la resoluci\u00f3n de \u201cque estas colonias unidas est\u00e1n y tienen el derecho de ser libres e independientes\u201d. Virginia instruy\u00f3 a sus delegados que propongan la total y completa independencia de Gran Breta\u00f1a. El Congreso decidi\u00f3 fijar la votaci\u00f3n sobre la resoluci\u00f3n [&hellip;]\" \/>\n<meta property=\"og:url\" content=\"https:\/\/www.eldiario.net\/portal\/2026\/09\/03\/la-gran-constitucion-2\/\" \/>\n<meta property=\"og:site_name\" content=\"El Diario - Bolivia\" \/>\n<meta property=\"article:publisher\" content=\"https:\/\/www.facebook.com\/eldiario.bolivia\/\" \/>\n<meta property=\"article:published_time\" content=\"2026-09-03T09:26:06+00:00\" \/>\n<meta property=\"og:image\" content=\"https:\/\/www.eldiario.net\/portal\/wp-content\/uploads\/2023\/12\/Opinion.jpg\" \/>\n\t<meta property=\"og:image:width\" content=\"800\" \/>\n\t<meta property=\"og:image:height\" content=\"500\" \/>\n\t<meta property=\"og:image:type\" content=\"image\/jpeg\" \/>\n<meta name=\"author\" content=\"Jeanette\" \/>\n<meta name=\"twitter:card\" content=\"summary_large_image\" \/>\n<meta name=\"twitter:creator\" content=\"@eldiario_net\" \/>\n<meta name=\"twitter:site\" content=\"@eldiario_net\" \/>\n<meta name=\"twitter:label1\" content=\"Escrito por\" \/>\n\t<meta name=\"twitter:data1\" content=\"Jeanette\" \/>\n\t<meta name=\"twitter:label2\" content=\"Tiempo de lectura\" \/>\n\t<meta name=\"twitter:data2\" content=\"5 minutos\" \/>\n<script type=\"application\/ld+json\" class=\"yoast-schema-graph\">{\"@context\":\"https:\\\/\\\/schema.org\",\"@graph\":[{\"@type\":\"Article\",\"@id\":\"https:\\\/\\\/www.eldiario.net\\\/portal\\\/2026\\\/09\\\/03\\\/la-gran-constitucion-2\\\/#article\",\"isPartOf\":{\"@id\":\"https:\\\/\\\/www.eldiario.net\\\/portal\\\/2026\\\/09\\\/03\\\/la-gran-constitucion-2\\\/\"},\"author\":{\"name\":\"Jeanette\",\"@id\":\"https:\\\/\\\/www.eldiario.net\\\/portal\\\/#\\\/schema\\\/person\\\/f46445640444750d7d753ccd04ae01b7\"},\"headline\":\"La gran constituci\u00f3n\",\"datePublished\":\"2026-09-03T09:26:06+00:00\",\"mainEntityOfPage\":{\"@id\":\"https:\\\/\\\/www.eldiario.net\\\/portal\\\/2026\\\/09\\\/03\\\/la-gran-constitucion-2\\\/\"},\"wordCount\":921,\"publisher\":{\"@id\":\"https:\\\/\\\/www.eldiario.net\\\/portal\\\/#organization\"},\"image\":{\"@id\":\"https:\\\/\\\/www.eldiario.net\\\/portal\\\/2026\\\/09\\\/03\\\/la-gran-constitucion-2\\\/#primaryimage\"},\"thumbnailUrl\":\"https:\\\/\\\/www.eldiario.net\\\/portal\\\/wp-content\\\/uploads\\\/2023\\\/12\\\/Opinion.jpg\",\"articleSection\":[\"Opini\u00f3n\"],\"inLanguage\":\"es\"},{\"@type\":\"WebPage\",\"@id\":\"https:\\\/\\\/www.eldiario.net\\\/portal\\\/2026\\\/09\\\/03\\\/la-gran-constitucion-2\\\/\",\"url\":\"https:\\\/\\\/www.eldiario.net\\\/portal\\\/2026\\\/09\\\/03\\\/la-gran-constitucion-2\\\/\",\"name\":\"La gran constituci\u00f3n - El Diario - Bolivia\",\"isPartOf\":{\"@id\":\"https:\\\/\\\/www.eldiario.net\\\/portal\\\/#website\"},\"primaryImageOfPage\":{\"@id\":\"https:\\\/\\\/www.eldiario.net\\\/portal\\\/2026\\\/09\\\/03\\\/la-gran-constitucion-2\\\/#primaryimage\"},\"image\":{\"@id\":\"https:\\\/\\\/www.eldiario.net\\\/portal\\\/2026\\\/09\\\/03\\\/la-gran-constitucion-2\\\/#primaryimage\"},\"thumbnailUrl\":\"https:\\\/\\\/www.eldiario.net\\\/portal\\\/wp-content\\\/uploads\\\/2023\\\/12\\\/Opinion.jpg\",\"datePublished\":\"2026-09-03T09:26:06+00:00\",\"breadcrumb\":{\"@id\":\"https:\\\/\\\/www.eldiario.net\\\/portal\\\/2026\\\/09\\\/03\\\/la-gran-constitucion-2\\\/#breadcrumb\"},\"inLanguage\":\"es\",\"potentialAction\":[{\"@type\":\"ReadAction\",\"target\":[\"https:\\\/\\\/www.eldiario.net\\\/portal\\\/2026\\\/09\\\/03\\\/la-gran-constitucion-2\\\/\"]}]},{\"@type\":\"ImageObject\",\"inLanguage\":\"es\",\"@id\":\"https:\\\/\\\/www.eldiario.net\\\/portal\\\/2026\\\/09\\\/03\\\/la-gran-constitucion-2\\\/#primaryimage\",\"url\":\"https:\\\/\\\/www.eldiario.net\\\/portal\\\/wp-content\\\/uploads\\\/2023\\\/12\\\/Opinion.jpg\",\"contentUrl\":\"https:\\\/\\\/www.eldiario.net\\\/portal\\\/wp-content\\\/uploads\\\/2023\\\/12\\\/Opinion.jpg\",\"width\":800,\"height\":500},{\"@type\":\"BreadcrumbList\",\"@id\":\"https:\\\/\\\/www.eldiario.net\\\/portal\\\/2026\\\/09\\\/03\\\/la-gran-constitucion-2\\\/#breadcrumb\",\"itemListElement\":[{\"@type\":\"ListItem\",\"position\":1,\"name\":\"Portada\",\"item\":\"https:\\\/\\\/www.eldiario.net\\\/portal\\\/\"},{\"@type\":\"ListItem\",\"position\":2,\"name\":\"La gran constituci\u00f3n\"}]},{\"@type\":\"WebSite\",\"@id\":\"https:\\\/\\\/www.eldiario.net\\\/portal\\\/#website\",\"url\":\"https:\\\/\\\/www.eldiario.net\\\/portal\\\/\",\"name\":\"El Diario - Decano de la prensa nacional\",\"description\":\"El Diario - Decano de la prensa nacional\",\"publisher\":{\"@id\":\"https:\\\/\\\/www.eldiario.net\\\/portal\\\/#organization\"},\"potentialAction\":[{\"@type\":\"SearchAction\",\"target\":{\"@type\":\"EntryPoint\",\"urlTemplate\":\"https:\\\/\\\/www.eldiario.net\\\/portal\\\/?s={search_term_string}\"},\"query-input\":{\"@type\":\"PropertyValueSpecification\",\"valueRequired\":true,\"valueName\":\"search_term_string\"}}],\"inLanguage\":\"es\"},{\"@type\":\"Organization\",\"@id\":\"https:\\\/\\\/www.eldiario.net\\\/portal\\\/#organization\",\"name\":\"El Diario - Decano de la prensa nacional\",\"url\":\"https:\\\/\\\/www.eldiario.net\\\/portal\\\/\",\"logo\":{\"@type\":\"ImageObject\",\"inLanguage\":\"es\",\"@id\":\"https:\\\/\\\/www.eldiario.net\\\/portal\\\/#\\\/schema\\\/logo\\\/image\\\/\",\"url\":\"https:\\\/\\\/www.eldiario.net\\\/portal\\\/wp-content\\\/uploads\\\/2023\\\/07\\\/logo_ED.jpg\",\"contentUrl\":\"https:\\\/\\\/www.eldiario.net\\\/portal\\\/wp-content\\\/uploads\\\/2023\\\/07\\\/logo_ED.jpg\",\"width\":272,\"height\":52,\"caption\":\"El Diario - Decano de la prensa nacional\"},\"image\":{\"@id\":\"https:\\\/\\\/www.eldiario.net\\\/portal\\\/#\\\/schema\\\/logo\\\/image\\\/\"},\"sameAs\":[\"https:\\\/\\\/www.facebook.com\\\/eldiario.bolivia\\\/\",\"https:\\\/\\\/x.com\\\/eldiario_net\"]},{\"@type\":\"Person\",\"@id\":\"https:\\\/\\\/www.eldiario.net\\\/portal\\\/#\\\/schema\\\/person\\\/f46445640444750d7d753ccd04ae01b7\",\"name\":\"Jeanette\",\"image\":{\"@type\":\"ImageObject\",\"inLanguage\":\"es\",\"@id\":\"https:\\\/\\\/secure.gravatar.com\\\/avatar\\\/3ea2118a5f7dad2b7138b1187a6b7ee55f160b9968b66013c3a3ef39dd7e5798?s=96&d=mm&r=g\",\"url\":\"https:\\\/\\\/secure.gravatar.com\\\/avatar\\\/3ea2118a5f7dad2b7138b1187a6b7ee55f160b9968b66013c3a3ef39dd7e5798?s=96&d=mm&r=g\",\"contentUrl\":\"https:\\\/\\\/secure.gravatar.com\\\/avatar\\\/3ea2118a5f7dad2b7138b1187a6b7ee55f160b9968b66013c3a3ef39dd7e5798?s=96&d=mm&r=g\",\"caption\":\"Jeanette\"},\"sameAs\":[\"https:\\\/\\\/www.eldiario.net\\\/portal\"],\"url\":\"https:\\\/\\\/www.eldiario.net\\\/portal\\\/author\\\/jeanette\\\/\"}]}<\/script>\n<!-- \/ Yoast SEO plugin. -->","yoast_head_json":{"title":"La gran constituci\u00f3n - El Diario - Bolivia","robots":{"index":"index","follow":"follow","max-snippet":"max-snippet:-1","max-image-preview":"max-image-preview:large","max-video-preview":"max-video-preview:-1"},"canonical":"https:\/\/www.eldiario.net\/portal\/2026\/09\/03\/la-gran-constitucion-2\/","og_locale":"es_ES","og_type":"article","og_title":"La gran constituci\u00f3n - El Diario - Bolivia","og_description":"II &nbsp; El 7 de junio de 1776 Richard Henry Lee propuso al Congreso la resoluci\u00f3n de \u201cque estas colonias unidas est\u00e1n y tienen el derecho de ser libres e independientes\u201d. Virginia instruy\u00f3 a sus delegados que propongan la total y completa independencia de Gran Breta\u00f1a. El Congreso decidi\u00f3 fijar la votaci\u00f3n sobre la resoluci\u00f3n [&hellip;]","og_url":"https:\/\/www.eldiario.net\/portal\/2026\/09\/03\/la-gran-constitucion-2\/","og_site_name":"El Diario - Bolivia","article_publisher":"https:\/\/www.facebook.com\/eldiario.bolivia\/","article_published_time":"2026-09-03T09:26:06+00:00","og_image":[{"width":800,"height":500,"url":"https:\/\/www.eldiario.net\/portal\/wp-content\/uploads\/2023\/12\/Opinion.jpg","type":"image\/jpeg"}],"author":"Jeanette","twitter_card":"summary_large_image","twitter_creator":"@eldiario_net","twitter_site":"@eldiario_net","twitter_misc":{"Escrito por":"Jeanette","Tiempo de lectura":"5 minutos"},"schema":{"@context":"https:\/\/schema.org","@graph":[{"@type":"Article","@id":"https:\/\/www.eldiario.net\/portal\/2026\/09\/03\/la-gran-constitucion-2\/#article","isPartOf":{"@id":"https:\/\/www.eldiario.net\/portal\/2026\/09\/03\/la-gran-constitucion-2\/"},"author":{"name":"Jeanette","@id":"https:\/\/www.eldiario.net\/portal\/#\/schema\/person\/f46445640444750d7d753ccd04ae01b7"},"headline":"La gran constituci\u00f3n","datePublished":"2026-09-03T09:26:06+00:00","mainEntityOfPage":{"@id":"https:\/\/www.eldiario.net\/portal\/2026\/09\/03\/la-gran-constitucion-2\/"},"wordCount":921,"publisher":{"@id":"https:\/\/www.eldiario.net\/portal\/#organization"},"image":{"@id":"https:\/\/www.eldiario.net\/portal\/2026\/09\/03\/la-gran-constitucion-2\/#primaryimage"},"thumbnailUrl":"https:\/\/www.eldiario.net\/portal\/wp-content\/uploads\/2023\/12\/Opinion.jpg","articleSection":["Opini\u00f3n"],"inLanguage":"es"},{"@type":"WebPage","@id":"https:\/\/www.eldiario.net\/portal\/2026\/09\/03\/la-gran-constitucion-2\/","url":"https:\/\/www.eldiario.net\/portal\/2026\/09\/03\/la-gran-constitucion-2\/","name":"La gran constituci\u00f3n - El Diario - Bolivia","isPartOf":{"@id":"https:\/\/www.eldiario.net\/portal\/#website"},"primaryImageOfPage":{"@id":"https:\/\/www.eldiario.net\/portal\/2026\/09\/03\/la-gran-constitucion-2\/#primaryimage"},"image":{"@id":"https:\/\/www.eldiario.net\/portal\/2026\/09\/03\/la-gran-constitucion-2\/#primaryimage"},"thumbnailUrl":"https:\/\/www.eldiario.net\/portal\/wp-content\/uploads\/2023\/12\/Opinion.jpg","datePublished":"2026-09-03T09:26:06+00:00","breadcrumb":{"@id":"https:\/\/www.eldiario.net\/portal\/2026\/09\/03\/la-gran-constitucion-2\/#breadcrumb"},"inLanguage":"es","potentialAction":[{"@type":"ReadAction","target":["https:\/\/www.eldiario.net\/portal\/2026\/09\/03\/la-gran-constitucion-2\/"]}]},{"@type":"ImageObject","inLanguage":"es","@id":"https:\/\/www.eldiario.net\/portal\/2026\/09\/03\/la-gran-constitucion-2\/#primaryimage","url":"https:\/\/www.eldiario.net\/portal\/wp-content\/uploads\/2023\/12\/Opinion.jpg","contentUrl":"https:\/\/www.eldiario.net\/portal\/wp-content\/uploads\/2023\/12\/Opinion.jpg","width":800,"height":500},{"@type":"BreadcrumbList","@id":"https:\/\/www.eldiario.net\/portal\/2026\/09\/03\/la-gran-constitucion-2\/#breadcrumb","itemListElement":[{"@type":"ListItem","position":1,"name":"Portada","item":"https:\/\/www.eldiario.net\/portal\/"},{"@type":"ListItem","position":2,"name":"La gran constituci\u00f3n"}]},{"@type":"WebSite","@id":"https:\/\/www.eldiario.net\/portal\/#website","url":"https:\/\/www.eldiario.net\/portal\/","name":"El Diario - Decano de la prensa nacional","description":"El Diario - Decano de la prensa nacional","publisher":{"@id":"https:\/\/www.eldiario.net\/portal\/#organization"},"potentialAction":[{"@type":"SearchAction","target":{"@type":"EntryPoint","urlTemplate":"https:\/\/www.eldiario.net\/portal\/?s={search_term_string}"},"query-input":{"@type":"PropertyValueSpecification","valueRequired":true,"valueName":"search_term_string"}}],"inLanguage":"es"},{"@type":"Organization","@id":"https:\/\/www.eldiario.net\/portal\/#organization","name":"El Diario - Decano de la prensa nacional","url":"https:\/\/www.eldiario.net\/portal\/","logo":{"@type":"ImageObject","inLanguage":"es","@id":"https:\/\/www.eldiario.net\/portal\/#\/schema\/logo\/image\/","url":"https:\/\/www.eldiario.net\/portal\/wp-content\/uploads\/2023\/07\/logo_ED.jpg","contentUrl":"https:\/\/www.eldiario.net\/portal\/wp-content\/uploads\/2023\/07\/logo_ED.jpg","width":272,"height":52,"caption":"El Diario - Decano de la prensa nacional"},"image":{"@id":"https:\/\/www.eldiario.net\/portal\/#\/schema\/logo\/image\/"},"sameAs":["https:\/\/www.facebook.com\/eldiario.bolivia\/","https:\/\/x.com\/eldiario_net"]},{"@type":"Person","@id":"https:\/\/www.eldiario.net\/portal\/#\/schema\/person\/f46445640444750d7d753ccd04ae01b7","name":"Jeanette","image":{"@type":"ImageObject","inLanguage":"es","@id":"https:\/\/secure.gravatar.com\/avatar\/3ea2118a5f7dad2b7138b1187a6b7ee55f160b9968b66013c3a3ef39dd7e5798?s=96&d=mm&r=g","url":"https:\/\/secure.gravatar.com\/avatar\/3ea2118a5f7dad2b7138b1187a6b7ee55f160b9968b66013c3a3ef39dd7e5798?s=96&d=mm&r=g","contentUrl":"https:\/\/secure.gravatar.com\/avatar\/3ea2118a5f7dad2b7138b1187a6b7ee55f160b9968b66013c3a3ef39dd7e5798?s=96&d=mm&r=g","caption":"Jeanette"},"sameAs":["https:\/\/www.eldiario.net\/portal"],"url":"https:\/\/www.eldiario.net\/portal\/author\/jeanette\/"}]}},"_links":{"self":[{"href":"https:\/\/www.eldiario.net\/portal\/wp-json\/wp\/v2\/posts\/427161","targetHints":{"allow":["GET"]}}],"collection":[{"href":"https:\/\/www.eldiario.net\/portal\/wp-json\/wp\/v2\/posts"}],"about":[{"href":"https:\/\/www.eldiario.net\/portal\/wp-json\/wp\/v2\/types\/post"}],"author":[{"embeddable":true,"href":"https:\/\/www.eldiario.net\/portal\/wp-json\/wp\/v2\/users\/1"}],"replies":[{"embeddable":true,"href":"https:\/\/www.eldiario.net\/portal\/wp-json\/wp\/v2\/comments?post=427161"}],"version-history":[{"count":1,"href":"https:\/\/www.eldiario.net\/portal\/wp-json\/wp\/v2\/posts\/427161\/revisions"}],"predecessor-version":[{"id":427162,"href":"https:\/\/www.eldiario.net\/portal\/wp-json\/wp\/v2\/posts\/427161\/revisions\/427162"}],"wp:featuredmedia":[{"embeddable":true,"href":"https:\/\/www.eldiario.net\/portal\/wp-json\/wp\/v2\/media\/194790"}],"wp:attachment":[{"href":"https:\/\/www.eldiario.net\/portal\/wp-json\/wp\/v2\/media?parent=427161"}],"wp:term":[{"taxonomy":"category","embeddable":true,"href":"https:\/\/www.eldiario.net\/portal\/wp-json\/wp\/v2\/categories?post=427161"},{"taxonomy":"post_tag","embeddable":true,"href":"https:\/\/www.eldiario.net\/portal\/wp-json\/wp\/v2\/tags?post=427161"}],"curies":[{"name":"wp","href":"https:\/\/api.w.org\/{rel}","templated":true}]}}