{"id":427158,"date":"2026-09-02T18:49:54","date_gmt":"2026-09-02T22:49:54","guid":{"rendered":"https:\/\/www.eldiario.net\/portal\/?p=427158"},"modified":"2026-09-02T18:49:54","modified_gmt":"2026-09-02T22:49:54","slug":"anvisa-suspende-la-produccion-de-detergentes-en-planta-de-unilever-en-brasil-1850","status":"publish","type":"post","link":"https:\/\/www.eldiario.net\/portal\/2026\/09\/02\/anvisa-suspende-la-produccion-de-detergentes-en-planta-de-unilever-en-brasil-1850\/","title":{"rendered":"Anvisa suspende la producci\u00f3n de detergentes en planta de Unilever en Brasil (18:50)"},"content":{"rendered":"<p>La Agencia Nacional de Vigilancia Sanitaria (Anvisa) de Brasil orden\u00f3 la suspensi\u00f3n preventiva de la fabricaci\u00f3n de productos de limpieza en la planta de Unilever ubicada en Vinhedo, S\u00e3o Paulo.<\/p>\n<p>La medida responde a incumplimientos en las buenas pr\u00e1cticas de manufactura, fallas en el monitoreo del agua empleada en los procesos y deficiencias en los controles de calidad previos a la liberaci\u00f3n de los lotes.<\/p>\n<p>El organismo aclar\u00f3 que no se identific\u00f3 contaminaci\u00f3n en los productos ya elaborados, por lo que su comercializaci\u00f3n y uso contin\u00faan autorizados.<\/p>\n<p>La multinacional brit\u00e1nica confirm\u00f3 la detenci\u00f3n temporal de las l\u00edneas de producci\u00f3n afectadas para realizar las adecuaciones exigidas por las autoridades sanitarias, mientras que el resto de las operaciones de la f\u00e1brica mantiene su funcionamiento normal. (Xinhua-News-Agencia)<\/p>\n","protected":false},"excerpt":{"rendered":"<p>La Agencia Nacional de Vigilancia Sanitaria (Anvisa) de Brasil orden\u00f3 la suspensi\u00f3n preventiva de la fabricaci\u00f3n de productos de limpieza en la planta de Unilever ubicada en Vinhedo, S\u00e3o Paulo. La medida responde a incumplimientos en las buenas pr\u00e1cticas de manufactura, fallas en el monitoreo del agua empleada en los procesos y deficiencias en los [&hellip;]<\/p>\n","protected":false},"author":7,"featured_media":427159,"comment_status":"closed","ping_status":"open","sticky":false,"template":"","format":"standard","meta":{"_acf_changed":false,"footnotes":""},"categories":[51],"tags":[],"class_list":["post-427158","post","type-post","status-publish","format-standard","has-post-thumbnail","category-ultima-hora"],"acf":{"antetitulo":""},"yoast_head":"<!-- This site is optimized with the Yoast SEO plugin v28.4 - https:\/\/yoast.com\/product\/yoast-seo-wordpress\/ -->\n<title>Anvisa suspende la producci\u00f3n de detergentes en planta de Unilever en Brasil (18:50) - El Diario - Bolivia<\/title>\n<meta name=\"robots\" content=\"index, follow, max-snippet:-1, max-image-preview:large, max-video-preview:-1\" \/>\n<link rel=\"canonical\" href=\"https:\/\/www.eldiario.net\/portal\/2026\/09\/02\/anvisa-suspende-la-produccion-de-detergentes-en-planta-de-unilever-en-brasil-1850\/\" \/>\n<meta property=\"og:locale\" content=\"es_ES\" \/>\n<meta property=\"og:type\" content=\"article\" \/>\n<meta property=\"og:title\" content=\"Anvisa suspende la producci\u00f3n de detergentes en planta de Unilever en Brasil (18:50) - El Diario - Bolivia\" \/>\n<meta property=\"og:description\" content=\"La Agencia Nacional de Vigilancia Sanitaria (Anvisa) de Brasil orden\u00f3 la suspensi\u00f3n preventiva de la fabricaci\u00f3n de productos de limpieza en la planta de Unilever ubicada en Vinhedo, S\u00e3o Paulo. La medida responde a incumplimientos en las buenas pr\u00e1cticas de manufactura, fallas en el monitoreo del agua empleada en los procesos y deficiencias en los [&hellip;]\" \/>\n<meta property=\"og:url\" content=\"https:\/\/www.eldiario.net\/portal\/2026\/09\/02\/anvisa-suspende-la-produccion-de-detergentes-en-planta-de-unilever-en-brasil-1850\/\" \/>\n<meta property=\"og:site_name\" content=\"El Diario - Bolivia\" \/>\n<meta property=\"article:publisher\" content=\"https:\/\/www.facebook.com\/eldiario.bolivia\/\" \/>\n<meta property=\"article:published_time\" content=\"2026-09-02T22:49:54+00:00\" \/>\n<meta property=\"og:image\" content=\"https:\/\/www.eldiario.net\/portal\/wp-content\/uploads\/2026\/09\/unilever-02.09.26-copia.webp\" \/>\n\t<meta property=\"og:image:width\" content=\"600\" \/>\n\t<meta property=\"og:image:height\" content=\"399\" \/>\n\t<meta property=\"og:image:type\" content=\"image\/webp\" \/>\n<meta name=\"author\" content=\"Viviana Monrroy\" \/>\n<meta name=\"twitter:card\" content=\"summary_large_image\" \/>\n<meta name=\"twitter:creator\" content=\"@eldiario_net\" \/>\n<meta name=\"twitter:site\" content=\"@eldiario_net\" \/>\n<meta name=\"twitter:label1\" content=\"Escrito por\" \/>\n\t<meta name=\"twitter:data1\" content=\"Viviana Monrroy\" \/>\n\t<meta name=\"twitter:label2\" content=\"Tiempo de lectura\" \/>\n\t<meta name=\"twitter:data2\" content=\"1 minuto\" \/>\n<script type=\"application\/ld+json\" class=\"yoast-schema-graph\">{\"@context\":\"https:\\\/\\\/schema.org\",\"@graph\":[{\"@type\":\"Article\",\"@id\":\"https:\\\/\\\/www.eldiario.net\\\/portal\\\/2026\\\/09\\\/02\\\/anvisa-suspende-la-produccion-de-detergentes-en-planta-de-unilever-en-brasil-1850\\\/#article\",\"isPartOf\":{\"@id\":\"https:\\\/\\\/www.eldiario.net\\\/portal\\\/2026\\\/09\\\/02\\\/anvisa-suspende-la-produccion-de-detergentes-en-planta-de-unilever-en-brasil-1850\\\/\"},\"author\":{\"name\":\"Viviana Monrroy\",\"@id\":\"https:\\\/\\\/www.eldiario.net\\\/portal\\\/#\\\/schema\\\/person\\\/ba370d92d160f4d3574381f6d9b78fab\"},\"headline\":\"Anvisa suspende la producci\u00f3n de detergentes en planta de Unilever en Brasil (18:50)\",\"datePublished\":\"2026-09-02T22:49:54+00:00\",\"mainEntityOfPage\":{\"@id\":\"https:\\\/\\\/www.eldiario.net\\\/portal\\\/2026\\\/09\\\/02\\\/anvisa-suspende-la-produccion-de-detergentes-en-planta-de-unilever-en-brasil-1850\\\/\"},\"wordCount\":150,\"publisher\":{\"@id\":\"https:\\\/\\\/www.eldiario.net\\\/portal\\\/#organization\"},\"image\":{\"@id\":\"https:\\\/\\\/www.eldiario.net\\\/portal\\\/2026\\\/09\\\/02\\\/anvisa-suspende-la-produccion-de-detergentes-en-planta-de-unilever-en-brasil-1850\\\/#primaryimage\"},\"thumbnailUrl\":\"https:\\\/\\\/www.eldiario.net\\\/portal\\\/wp-content\\\/uploads\\\/2026\\\/09\\\/unilever-02.09.26-copia.webp\",\"articleSection\":[\"\u00daltima Hora\"],\"inLanguage\":\"es\"},{\"@type\":\"WebPage\",\"@id\":\"https:\\\/\\\/www.eldiario.net\\\/portal\\\/2026\\\/09\\\/02\\\/anvisa-suspende-la-produccion-de-detergentes-en-planta-de-unilever-en-brasil-1850\\\/\",\"url\":\"https:\\\/\\\/www.eldiario.net\\\/portal\\\/2026\\\/09\\\/02\\\/anvisa-suspende-la-produccion-de-detergentes-en-planta-de-unilever-en-brasil-1850\\\/\",\"name\":\"Anvisa suspende la producci\u00f3n de detergentes en planta de Unilever en Brasil (18:50) - El Diario - Bolivia\",\"isPartOf\":{\"@id\":\"https:\\\/\\\/www.eldiario.net\\\/portal\\\/#website\"},\"primaryImageOfPage\":{\"@id\":\"https:\\\/\\\/www.eldiario.net\\\/portal\\\/2026\\\/09\\\/02\\\/anvisa-suspende-la-produccion-de-detergentes-en-planta-de-unilever-en-brasil-1850\\\/#primaryimage\"},\"image\":{\"@id\":\"https:\\\/\\\/www.eldiario.net\\\/portal\\\/2026\\\/09\\\/02\\\/anvisa-suspende-la-produccion-de-detergentes-en-planta-de-unilever-en-brasil-1850\\\/#primaryimage\"},\"thumbnailUrl\":\"https:\\\/\\\/www.eldiario.net\\\/portal\\\/wp-content\\\/uploads\\\/2026\\\/09\\\/unilever-02.09.26-copia.webp\",\"datePublished\":\"2026-09-02T22:49:54+00:00\",\"breadcrumb\":{\"@id\":\"https:\\\/\\\/www.eldiario.net\\\/portal\\\/2026\\\/09\\\/02\\\/anvisa-suspende-la-produccion-de-detergentes-en-planta-de-unilever-en-brasil-1850\\\/#breadcrumb\"},\"inLanguage\":\"es\",\"potentialAction\":[{\"@type\":\"ReadAction\",\"target\":[\"https:\\\/\\\/www.eldiario.net\\\/portal\\\/2026\\\/09\\\/02\\\/anvisa-suspende-la-produccion-de-detergentes-en-planta-de-unilever-en-brasil-1850\\\/\"]}]},{\"@type\":\"ImageObject\",\"inLanguage\":\"es\",\"@id\":\"https:\\\/\\\/www.eldiario.net\\\/portal\\\/2026\\\/09\\\/02\\\/anvisa-suspende-la-produccion-de-detergentes-en-planta-de-unilever-en-brasil-1850\\\/#primaryimage\",\"url\":\"https:\\\/\\\/www.eldiario.net\\\/portal\\\/wp-content\\\/uploads\\\/2026\\\/09\\\/unilever-02.09.26-copia.webp\",\"contentUrl\":\"https:\\\/\\\/www.eldiario.net\\\/portal\\\/wp-content\\\/uploads\\\/2026\\\/09\\\/unilever-02.09.26-copia.webp\",\"width\":600,\"height\":399},{\"@type\":\"BreadcrumbList\",\"@id\":\"https:\\\/\\\/www.eldiario.net\\\/portal\\\/2026\\\/09\\\/02\\\/anvisa-suspende-la-produccion-de-detergentes-en-planta-de-unilever-en-brasil-1850\\\/#breadcrumb\",\"itemListElement\":[{\"@type\":\"ListItem\",\"position\":1,\"name\":\"Portada\",\"item\":\"https:\\\/\\\/www.eldiario.net\\\/portal\\\/\"},{\"@type\":\"ListItem\",\"position\":2,\"name\":\"Anvisa suspende la producci\u00f3n de detergentes en planta de Unilever en Brasil (18:50)\"}]},{\"@type\":\"WebSite\",\"@id\":\"https:\\\/\\\/www.eldiario.net\\\/portal\\\/#website\",\"url\":\"https:\\\/\\\/www.eldiario.net\\\/portal\\\/\",\"name\":\"El Diario - Decano de la prensa nacional\",\"description\":\"El Diario - Decano de la prensa nacional\",\"publisher\":{\"@id\":\"https:\\\/\\\/www.eldiario.net\\\/portal\\\/#organization\"},\"potentialAction\":[{\"@type\":\"SearchAction\",\"target\":{\"@type\":\"EntryPoint\",\"urlTemplate\":\"https:\\\/\\\/www.eldiario.net\\\/portal\\\/?s={search_term_string}\"},\"query-input\":{\"@type\":\"PropertyValueSpecification\",\"valueRequired\":true,\"valueName\":\"search_term_string\"}}],\"inLanguage\":\"es\"},{\"@type\":\"Organization\",\"@id\":\"https:\\\/\\\/www.eldiario.net\\\/portal\\\/#organization\",\"name\":\"El Diario - Decano de la prensa nacional\",\"url\":\"https:\\\/\\\/www.eldiario.net\\\/portal\\\/\",\"logo\":{\"@type\":\"ImageObject\",\"inLanguage\":\"es\",\"@id\":\"https:\\\/\\\/www.eldiario.net\\\/portal\\\/#\\\/schema\\\/logo\\\/image\\\/\",\"url\":\"https:\\\/\\\/www.eldiario.net\\\/portal\\\/wp-content\\\/uploads\\\/2023\\\/07\\\/logo_ED.jpg\",\"contentUrl\":\"https:\\\/\\\/www.eldiario.net\\\/portal\\\/wp-content\\\/uploads\\\/2023\\\/07\\\/logo_ED.jpg\",\"width\":272,\"height\":52,\"caption\":\"El Diario - Decano de la prensa nacional\"},\"image\":{\"@id\":\"https:\\\/\\\/www.eldiario.net\\\/portal\\\/#\\\/schema\\\/logo\\\/image\\\/\"},\"sameAs\":[\"https:\\\/\\\/www.facebook.com\\\/eldiario.bolivia\\\/\",\"https:\\\/\\\/x.com\\\/eldiario_net\"]},{\"@type\":\"Person\",\"@id\":\"https:\\\/\\\/www.eldiario.net\\\/portal\\\/#\\\/schema\\\/person\\\/ba370d92d160f4d3574381f6d9b78fab\",\"name\":\"Viviana Monrroy\",\"image\":{\"@type\":\"ImageObject\",\"inLanguage\":\"es\",\"@id\":\"https:\\\/\\\/secure.gravatar.com\\\/avatar\\\/dfd1611ed5600959a0e5a9754503b6c05d1dcf190010998e0363aee2ad98afca?s=96&d=mm&r=g\",\"url\":\"https:\\\/\\\/secure.gravatar.com\\\/avatar\\\/dfd1611ed5600959a0e5a9754503b6c05d1dcf190010998e0363aee2ad98afca?s=96&d=mm&r=g\",\"contentUrl\":\"https:\\\/\\\/secure.gravatar.com\\\/avatar\\\/dfd1611ed5600959a0e5a9754503b6c05d1dcf190010998e0363aee2ad98afca?s=96&d=mm&r=g\",\"caption\":\"Viviana Monrroy\"},\"sameAs\":[\"http:\\\/\\\/www.eldiario.net\"],\"url\":\"https:\\\/\\\/www.eldiario.net\\\/portal\\\/author\\\/vivianamonrroy\\\/\"}]}<\/script>\n<!-- \/ Yoast SEO plugin. -->","yoast_head_json":{"title":"Anvisa suspende la producci\u00f3n de detergentes en planta de Unilever en Brasil (18:50) - El Diario - Bolivia","robots":{"index":"index","follow":"follow","max-snippet":"max-snippet:-1","max-image-preview":"max-image-preview:large","max-video-preview":"max-video-preview:-1"},"canonical":"https:\/\/www.eldiario.net\/portal\/2026\/09\/02\/anvisa-suspende-la-produccion-de-detergentes-en-planta-de-unilever-en-brasil-1850\/","og_locale":"es_ES","og_type":"article","og_title":"Anvisa suspende la producci\u00f3n de detergentes en planta de Unilever en Brasil (18:50) - El Diario - Bolivia","og_description":"La Agencia Nacional de Vigilancia Sanitaria (Anvisa) de Brasil orden\u00f3 la suspensi\u00f3n preventiva de la fabricaci\u00f3n de productos de limpieza en la planta de Unilever ubicada en Vinhedo, S\u00e3o Paulo. La medida responde a incumplimientos en las buenas pr\u00e1cticas de manufactura, fallas en el monitoreo del agua empleada en los procesos y deficiencias en los [&hellip;]","og_url":"https:\/\/www.eldiario.net\/portal\/2026\/09\/02\/anvisa-suspende-la-produccion-de-detergentes-en-planta-de-unilever-en-brasil-1850\/","og_site_name":"El Diario - Bolivia","article_publisher":"https:\/\/www.facebook.com\/eldiario.bolivia\/","article_published_time":"2026-09-02T22:49:54+00:00","og_image":[{"width":600,"height":399,"url":"https:\/\/www.eldiario.net\/portal\/wp-content\/uploads\/2026\/09\/unilever-02.09.26-copia.webp","type":"image\/webp"}],"author":"Viviana Monrroy","twitter_card":"summary_large_image","twitter_creator":"@eldiario_net","twitter_site":"@eldiario_net","twitter_misc":{"Escrito por":"Viviana Monrroy","Tiempo de lectura":"1 minuto"},"schema":{"@context":"https:\/\/schema.org","@graph":[{"@type":"Article","@id":"https:\/\/www.eldiario.net\/portal\/2026\/09\/02\/anvisa-suspende-la-produccion-de-detergentes-en-planta-de-unilever-en-brasil-1850\/#article","isPartOf":{"@id":"https:\/\/www.eldiario.net\/portal\/2026\/09\/02\/anvisa-suspende-la-produccion-de-detergentes-en-planta-de-unilever-en-brasil-1850\/"},"author":{"name":"Viviana Monrroy","@id":"https:\/\/www.eldiario.net\/portal\/#\/schema\/person\/ba370d92d160f4d3574381f6d9b78fab"},"headline":"Anvisa suspende la producci\u00f3n de detergentes en planta de Unilever en Brasil (18:50)","datePublished":"2026-09-02T22:49:54+00:00","mainEntityOfPage":{"@id":"https:\/\/www.eldiario.net\/portal\/2026\/09\/02\/anvisa-suspende-la-produccion-de-detergentes-en-planta-de-unilever-en-brasil-1850\/"},"wordCount":150,"publisher":{"@id":"https:\/\/www.eldiario.net\/portal\/#organization"},"image":{"@id":"https:\/\/www.eldiario.net\/portal\/2026\/09\/02\/anvisa-suspende-la-produccion-de-detergentes-en-planta-de-unilever-en-brasil-1850\/#primaryimage"},"thumbnailUrl":"https:\/\/www.eldiario.net\/portal\/wp-content\/uploads\/2026\/09\/unilever-02.09.26-copia.webp","articleSection":["\u00daltima Hora"],"inLanguage":"es"},{"@type":"WebPage","@id":"https:\/\/www.eldiario.net\/portal\/2026\/09\/02\/anvisa-suspende-la-produccion-de-detergentes-en-planta-de-unilever-en-brasil-1850\/","url":"https:\/\/www.eldiario.net\/portal\/2026\/09\/02\/anvisa-suspende-la-produccion-de-detergentes-en-planta-de-unilever-en-brasil-1850\/","name":"Anvisa suspende la producci\u00f3n de detergentes en planta de Unilever en Brasil (18:50) - El Diario - Bolivia","isPartOf":{"@id":"https:\/\/www.eldiario.net\/portal\/#website"},"primaryImageOfPage":{"@id":"https:\/\/www.eldiario.net\/portal\/2026\/09\/02\/anvisa-suspende-la-produccion-de-detergentes-en-planta-de-unilever-en-brasil-1850\/#primaryimage"},"image":{"@id":"https:\/\/www.eldiario.net\/portal\/2026\/09\/02\/anvisa-suspende-la-produccion-de-detergentes-en-planta-de-unilever-en-brasil-1850\/#primaryimage"},"thumbnailUrl":"https:\/\/www.eldiario.net\/portal\/wp-content\/uploads\/2026\/09\/unilever-02.09.26-copia.webp","datePublished":"2026-09-02T22:49:54+00:00","breadcrumb":{"@id":"https:\/\/www.eldiario.net\/portal\/2026\/09\/02\/anvisa-suspende-la-produccion-de-detergentes-en-planta-de-unilever-en-brasil-1850\/#breadcrumb"},"inLanguage":"es","potentialAction":[{"@type":"ReadAction","target":["https:\/\/www.eldiario.net\/portal\/2026\/09\/02\/anvisa-suspende-la-produccion-de-detergentes-en-planta-de-unilever-en-brasil-1850\/"]}]},{"@type":"ImageObject","inLanguage":"es","@id":"https:\/\/www.eldiario.net\/portal\/2026\/09\/02\/anvisa-suspende-la-produccion-de-detergentes-en-planta-de-unilever-en-brasil-1850\/#primaryimage","url":"https:\/\/www.eldiario.net\/portal\/wp-content\/uploads\/2026\/09\/unilever-02.09.26-copia.webp","contentUrl":"https:\/\/www.eldiario.net\/portal\/wp-content\/uploads\/2026\/09\/unilever-02.09.26-copia.webp","width":600,"height":399},{"@type":"BreadcrumbList","@id":"https:\/\/www.eldiario.net\/portal\/2026\/09\/02\/anvisa-suspende-la-produccion-de-detergentes-en-planta-de-unilever-en-brasil-1850\/#breadcrumb","itemListElement":[{"@type":"ListItem","position":1,"name":"Portada","item":"https:\/\/www.eldiario.net\/portal\/"},{"@type":"ListItem","position":2,"name":"Anvisa suspende la producci\u00f3n de detergentes en planta de Unilever en Brasil (18:50)"}]},{"@type":"WebSite","@id":"https:\/\/www.eldiario.net\/portal\/#website","url":"https:\/\/www.eldiario.net\/portal\/","name":"El Diario - Decano de la prensa nacional","description":"El Diario - Decano de la prensa nacional","publisher":{"@id":"https:\/\/www.eldiario.net\/portal\/#organization"},"potentialAction":[{"@type":"SearchAction","target":{"@type":"EntryPoint","urlTemplate":"https:\/\/www.eldiario.net\/portal\/?s={search_term_string}"},"query-input":{"@type":"PropertyValueSpecification","valueRequired":true,"valueName":"search_term_string"}}],"inLanguage":"es"},{"@type":"Organization","@id":"https:\/\/www.eldiario.net\/portal\/#organization","name":"El Diario - Decano de la prensa nacional","url":"https:\/\/www.eldiario.net\/portal\/","logo":{"@type":"ImageObject","inLanguage":"es","@id":"https:\/\/www.eldiario.net\/portal\/#\/schema\/logo\/image\/","url":"https:\/\/www.eldiario.net\/portal\/wp-content\/uploads\/2023\/07\/logo_ED.jpg","contentUrl":"https:\/\/www.eldiario.net\/portal\/wp-content\/uploads\/2023\/07\/logo_ED.jpg","width":272,"height":52,"caption":"El Diario - Decano de la prensa nacional"},"image":{"@id":"https:\/\/www.eldiario.net\/portal\/#\/schema\/logo\/image\/"},"sameAs":["https:\/\/www.facebook.com\/eldiario.bolivia\/","https:\/\/x.com\/eldiario_net"]},{"@type":"Person","@id":"https:\/\/www.eldiario.net\/portal\/#\/schema\/person\/ba370d92d160f4d3574381f6d9b78fab","name":"Viviana Monrroy","image":{"@type":"ImageObject","inLanguage":"es","@id":"https:\/\/secure.gravatar.com\/avatar\/dfd1611ed5600959a0e5a9754503b6c05d1dcf190010998e0363aee2ad98afca?s=96&d=mm&r=g","url":"https:\/\/secure.gravatar.com\/avatar\/dfd1611ed5600959a0e5a9754503b6c05d1dcf190010998e0363aee2ad98afca?s=96&d=mm&r=g","contentUrl":"https:\/\/secure.gravatar.com\/avatar\/dfd1611ed5600959a0e5a9754503b6c05d1dcf190010998e0363aee2ad98afca?s=96&d=mm&r=g","caption":"Viviana Monrroy"},"sameAs":["http:\/\/www.eldiario.net"],"url":"https:\/\/www.eldiario.net\/portal\/author\/vivianamonrroy\/"}]}},"_links":{"self":[{"href":"https:\/\/www.eldiario.net\/portal\/wp-json\/wp\/v2\/posts\/427158","targetHints":{"allow":["GET"]}}],"collection":[{"href":"https:\/\/www.eldiario.net\/portal\/wp-json\/wp\/v2\/posts"}],"about":[{"href":"https:\/\/www.eldiario.net\/portal\/wp-json\/wp\/v2\/types\/post"}],"author":[{"embeddable":true,"href":"https:\/\/www.eldiario.net\/portal\/wp-json\/wp\/v2\/users\/7"}],"replies":[{"embeddable":true,"href":"https:\/\/www.eldiario.net\/portal\/wp-json\/wp\/v2\/comments?post=427158"}],"version-history":[{"count":1,"href":"https:\/\/www.eldiario.net\/portal\/wp-json\/wp\/v2\/posts\/427158\/revisions"}],"predecessor-version":[{"id":427160,"href":"https:\/\/www.eldiario.net\/portal\/wp-json\/wp\/v2\/posts\/427158\/revisions\/427160"}],"wp:featuredmedia":[{"embeddable":true,"href":"https:\/\/www.eldiario.net\/portal\/wp-json\/wp\/v2\/media\/427159"}],"wp:attachment":[{"href":"https:\/\/www.eldiario.net\/portal\/wp-json\/wp\/v2\/media?parent=427158"}],"wp:term":[{"taxonomy":"category","embeddable":true,"href":"https:\/\/www.eldiario.net\/portal\/wp-json\/wp\/v2\/categories?post=427158"},{"taxonomy":"post_tag","embeddable":true,"href":"https:\/\/www.eldiario.net\/portal\/wp-json\/wp\/v2\/tags?post=427158"}],"curies":[{"name":"wp","href":"https:\/\/api.w.org\/{rel}","templated":true}]}}