{"id":427154,"date":"2026-09-02T18:45:11","date_gmt":"2026-09-02T22:45:11","guid":{"rendered":"https:\/\/www.eldiario.net\/portal\/?p=427154"},"modified":"2026-09-02T18:45:11","modified_gmt":"2026-09-02T22:45:11","slug":"expertos-en-el-foro-economico-advierten-sobre-la-desigualdad-global-por-la-ia-1845","status":"publish","type":"post","link":"https:\/\/www.eldiario.net\/portal\/2026\/09\/02\/expertos-en-el-foro-economico-advierten-sobre-la-desigualdad-global-por-la-ia-1845\/","title":{"rendered":"Expertos en el Foro Econ\u00f3mico advierten sobre la desigualdad global por la IA (18:45)"},"content":{"rendered":"<p>Especialistas reunidos en el Foro Econ\u00f3mico Oriental en Vladivostok se\u00f1alaron que el acceso desigual a la inteligencia artificial amenaza con profundizar las brechas tecnol\u00f3gicas y econ\u00f3micas entre pa\u00edses.<\/p>\n<p>Durante las sesiones sobre gobernanza tecnol\u00f3gica, los participantes enfatizaron que el avance de estas herramientas supera la capacidad de regulaci\u00f3n de los gobiernos y advirtieron sobre la concentraci\u00f3n de riqueza y empleo en manos de quienes controlan los modelos de IA.<\/p>\n<p>Ante la posibilidad de que la brecha digital deje a m\u00e1s de dos mil millones de personas sin acceso a internet, representantes de organismos internacionales y de bloques como los BRICS destacaron la necesidad de una cooperaci\u00f3n global unificada.<\/p>\n<p>En respuesta a este desaf\u00edo, delegaciones como la de China anunciaron programas de capacitaci\u00f3n y cooperaci\u00f3n internacional para facilitar la adopci\u00f3n de estas tecnolog\u00edas en pa\u00edses en desarrollo. (Agencias)<\/p>\n","protected":false},"excerpt":{"rendered":"<p>Especialistas reunidos en el Foro Econ\u00f3mico Oriental en Vladivostok se\u00f1alaron que el acceso desigual a la inteligencia artificial amenaza con profundizar las brechas tecnol\u00f3gicas y econ\u00f3micas entre pa\u00edses. Durante las sesiones sobre gobernanza tecnol\u00f3gica, los participantes enfatizaron que el avance de estas herramientas supera la capacidad de regulaci\u00f3n de los gobiernos y advirtieron sobre la [&hellip;]<\/p>\n","protected":false},"author":7,"featured_media":427155,"comment_status":"closed","ping_status":"open","sticky":false,"template":"","format":"standard","meta":{"_acf_changed":false,"footnotes":""},"categories":[51],"tags":[],"class_list":["post-427154","post","type-post","status-publish","format-standard","has-post-thumbnail","category-ultima-hora"],"acf":{"antetitulo":""},"yoast_head":"<!-- This site is optimized with the Yoast SEO plugin v28.4 - https:\/\/yoast.com\/product\/yoast-seo-wordpress\/ -->\n<title>Expertos en el Foro Econ\u00f3mico advierten sobre la desigualdad global por la IA (18:45) - El Diario - Bolivia<\/title>\n<meta name=\"robots\" content=\"index, follow, max-snippet:-1, max-image-preview:large, max-video-preview:-1\" \/>\n<link rel=\"canonical\" href=\"https:\/\/www.eldiario.net\/portal\/2026\/09\/02\/expertos-en-el-foro-economico-advierten-sobre-la-desigualdad-global-por-la-ia-1845\/\" \/>\n<meta property=\"og:locale\" content=\"es_ES\" \/>\n<meta property=\"og:type\" content=\"article\" \/>\n<meta property=\"og:title\" content=\"Expertos en el Foro Econ\u00f3mico advierten sobre la desigualdad global por la IA (18:45) - El Diario - Bolivia\" \/>\n<meta property=\"og:description\" content=\"Especialistas reunidos en el Foro Econ\u00f3mico Oriental en Vladivostok se\u00f1alaron que el acceso desigual a la inteligencia artificial amenaza con profundizar las brechas tecnol\u00f3gicas y econ\u00f3micas entre pa\u00edses. Durante las sesiones sobre gobernanza tecnol\u00f3gica, los participantes enfatizaron que el avance de estas herramientas supera la capacidad de regulaci\u00f3n de los gobiernos y advirtieron sobre la [&hellip;]\" \/>\n<meta property=\"og:url\" content=\"https:\/\/www.eldiario.net\/portal\/2026\/09\/02\/expertos-en-el-foro-economico-advierten-sobre-la-desigualdad-global-por-la-ia-1845\/\" \/>\n<meta property=\"og:site_name\" content=\"El Diario - Bolivia\" \/>\n<meta property=\"article:publisher\" content=\"https:\/\/www.facebook.com\/eldiario.bolivia\/\" \/>\n<meta property=\"article:published_time\" content=\"2026-09-02T22:45:11+00:00\" \/>\n<meta property=\"og:image\" content=\"https:\/\/www.eldiario.net\/portal\/wp-content\/uploads\/2026\/09\/foro-1-02.09.26-copia.webp\" \/>\n\t<meta property=\"og:image:width\" content=\"600\" \/>\n\t<meta property=\"og:image:height\" content=\"523\" \/>\n\t<meta property=\"og:image:type\" content=\"image\/webp\" \/>\n<meta name=\"author\" content=\"Viviana Monrroy\" \/>\n<meta name=\"twitter:card\" content=\"summary_large_image\" \/>\n<meta name=\"twitter:creator\" content=\"@eldiario_net\" \/>\n<meta name=\"twitter:site\" content=\"@eldiario_net\" \/>\n<meta name=\"twitter:label1\" content=\"Escrito por\" \/>\n\t<meta name=\"twitter:data1\" content=\"Viviana Monrroy\" \/>\n\t<meta name=\"twitter:label2\" content=\"Tiempo de lectura\" \/>\n\t<meta name=\"twitter:data2\" content=\"1 minuto\" \/>\n<script type=\"application\/ld+json\" class=\"yoast-schema-graph\">{\"@context\":\"https:\\\/\\\/schema.org\",\"@graph\":[{\"@type\":\"Article\",\"@id\":\"https:\\\/\\\/www.eldiario.net\\\/portal\\\/2026\\\/09\\\/02\\\/expertos-en-el-foro-economico-advierten-sobre-la-desigualdad-global-por-la-ia-1845\\\/#article\",\"isPartOf\":{\"@id\":\"https:\\\/\\\/www.eldiario.net\\\/portal\\\/2026\\\/09\\\/02\\\/expertos-en-el-foro-economico-advierten-sobre-la-desigualdad-global-por-la-ia-1845\\\/\"},\"author\":{\"name\":\"Viviana Monrroy\",\"@id\":\"https:\\\/\\\/www.eldiario.net\\\/portal\\\/#\\\/schema\\\/person\\\/ba370d92d160f4d3574381f6d9b78fab\"},\"headline\":\"Expertos en el Foro Econ\u00f3mico advierten sobre la desigualdad global por la IA (18:45)\",\"datePublished\":\"2026-09-02T22:45:11+00:00\",\"mainEntityOfPage\":{\"@id\":\"https:\\\/\\\/www.eldiario.net\\\/portal\\\/2026\\\/09\\\/02\\\/expertos-en-el-foro-economico-advierten-sobre-la-desigualdad-global-por-la-ia-1845\\\/\"},\"wordCount\":167,\"publisher\":{\"@id\":\"https:\\\/\\\/www.eldiario.net\\\/portal\\\/#organization\"},\"image\":{\"@id\":\"https:\\\/\\\/www.eldiario.net\\\/portal\\\/2026\\\/09\\\/02\\\/expertos-en-el-foro-economico-advierten-sobre-la-desigualdad-global-por-la-ia-1845\\\/#primaryimage\"},\"thumbnailUrl\":\"https:\\\/\\\/www.eldiario.net\\\/portal\\\/wp-content\\\/uploads\\\/2026\\\/09\\\/foro-1-02.09.26-copia.webp\",\"articleSection\":[\"\u00daltima Hora\"],\"inLanguage\":\"es\"},{\"@type\":\"WebPage\",\"@id\":\"https:\\\/\\\/www.eldiario.net\\\/portal\\\/2026\\\/09\\\/02\\\/expertos-en-el-foro-economico-advierten-sobre-la-desigualdad-global-por-la-ia-1845\\\/\",\"url\":\"https:\\\/\\\/www.eldiario.net\\\/portal\\\/2026\\\/09\\\/02\\\/expertos-en-el-foro-economico-advierten-sobre-la-desigualdad-global-por-la-ia-1845\\\/\",\"name\":\"Expertos en el Foro Econ\u00f3mico advierten sobre la desigualdad global por la IA (18:45) - El Diario - Bolivia\",\"isPartOf\":{\"@id\":\"https:\\\/\\\/www.eldiario.net\\\/portal\\\/#website\"},\"primaryImageOfPage\":{\"@id\":\"https:\\\/\\\/www.eldiario.net\\\/portal\\\/2026\\\/09\\\/02\\\/expertos-en-el-foro-economico-advierten-sobre-la-desigualdad-global-por-la-ia-1845\\\/#primaryimage\"},\"image\":{\"@id\":\"https:\\\/\\\/www.eldiario.net\\\/portal\\\/2026\\\/09\\\/02\\\/expertos-en-el-foro-economico-advierten-sobre-la-desigualdad-global-por-la-ia-1845\\\/#primaryimage\"},\"thumbnailUrl\":\"https:\\\/\\\/www.eldiario.net\\\/portal\\\/wp-content\\\/uploads\\\/2026\\\/09\\\/foro-1-02.09.26-copia.webp\",\"datePublished\":\"2026-09-02T22:45:11+00:00\",\"breadcrumb\":{\"@id\":\"https:\\\/\\\/www.eldiario.net\\\/portal\\\/2026\\\/09\\\/02\\\/expertos-en-el-foro-economico-advierten-sobre-la-desigualdad-global-por-la-ia-1845\\\/#breadcrumb\"},\"inLanguage\":\"es\",\"potentialAction\":[{\"@type\":\"ReadAction\",\"target\":[\"https:\\\/\\\/www.eldiario.net\\\/portal\\\/2026\\\/09\\\/02\\\/expertos-en-el-foro-economico-advierten-sobre-la-desigualdad-global-por-la-ia-1845\\\/\"]}]},{\"@type\":\"ImageObject\",\"inLanguage\":\"es\",\"@id\":\"https:\\\/\\\/www.eldiario.net\\\/portal\\\/2026\\\/09\\\/02\\\/expertos-en-el-foro-economico-advierten-sobre-la-desigualdad-global-por-la-ia-1845\\\/#primaryimage\",\"url\":\"https:\\\/\\\/www.eldiario.net\\\/portal\\\/wp-content\\\/uploads\\\/2026\\\/09\\\/foro-1-02.09.26-copia.webp\",\"contentUrl\":\"https:\\\/\\\/www.eldiario.net\\\/portal\\\/wp-content\\\/uploads\\\/2026\\\/09\\\/foro-1-02.09.26-copia.webp\",\"width\":600,\"height\":523,\"caption\":\"Globo aerost\u00e1tico con el lema \u201cA trav\u00e9s de la ilustraci\u00f3n hacia el bienestar\u201d, s\u00edmbolo del stand del Grupo VEB.RF en el Foro Econ\u00f3mico Oriental 2026, en Vladivostok.\"},{\"@type\":\"BreadcrumbList\",\"@id\":\"https:\\\/\\\/www.eldiario.net\\\/portal\\\/2026\\\/09\\\/02\\\/expertos-en-el-foro-economico-advierten-sobre-la-desigualdad-global-por-la-ia-1845\\\/#breadcrumb\",\"itemListElement\":[{\"@type\":\"ListItem\",\"position\":1,\"name\":\"Portada\",\"item\":\"https:\\\/\\\/www.eldiario.net\\\/portal\\\/\"},{\"@type\":\"ListItem\",\"position\":2,\"name\":\"Expertos en el Foro Econ\u00f3mico advierten sobre la desigualdad global por la IA (18:45)\"}]},{\"@type\":\"WebSite\",\"@id\":\"https:\\\/\\\/www.eldiario.net\\\/portal\\\/#website\",\"url\":\"https:\\\/\\\/www.eldiario.net\\\/portal\\\/\",\"name\":\"El Diario - Decano de la prensa nacional\",\"description\":\"El Diario - Decano de la prensa nacional\",\"publisher\":{\"@id\":\"https:\\\/\\\/www.eldiario.net\\\/portal\\\/#organization\"},\"potentialAction\":[{\"@type\":\"SearchAction\",\"target\":{\"@type\":\"EntryPoint\",\"urlTemplate\":\"https:\\\/\\\/www.eldiario.net\\\/portal\\\/?s={search_term_string}\"},\"query-input\":{\"@type\":\"PropertyValueSpecification\",\"valueRequired\":true,\"valueName\":\"search_term_string\"}}],\"inLanguage\":\"es\"},{\"@type\":\"Organization\",\"@id\":\"https:\\\/\\\/www.eldiario.net\\\/portal\\\/#organization\",\"name\":\"El Diario - Decano de la prensa nacional\",\"url\":\"https:\\\/\\\/www.eldiario.net\\\/portal\\\/\",\"logo\":{\"@type\":\"ImageObject\",\"inLanguage\":\"es\",\"@id\":\"https:\\\/\\\/www.eldiario.net\\\/portal\\\/#\\\/schema\\\/logo\\\/image\\\/\",\"url\":\"https:\\\/\\\/www.eldiario.net\\\/portal\\\/wp-content\\\/uploads\\\/2023\\\/07\\\/logo_ED.jpg\",\"contentUrl\":\"https:\\\/\\\/www.eldiario.net\\\/portal\\\/wp-content\\\/uploads\\\/2023\\\/07\\\/logo_ED.jpg\",\"width\":272,\"height\":52,\"caption\":\"El Diario - Decano de la prensa nacional\"},\"image\":{\"@id\":\"https:\\\/\\\/www.eldiario.net\\\/portal\\\/#\\\/schema\\\/logo\\\/image\\\/\"},\"sameAs\":[\"https:\\\/\\\/www.facebook.com\\\/eldiario.bolivia\\\/\",\"https:\\\/\\\/x.com\\\/eldiario_net\"]},{\"@type\":\"Person\",\"@id\":\"https:\\\/\\\/www.eldiario.net\\\/portal\\\/#\\\/schema\\\/person\\\/ba370d92d160f4d3574381f6d9b78fab\",\"name\":\"Viviana Monrroy\",\"image\":{\"@type\":\"ImageObject\",\"inLanguage\":\"es\",\"@id\":\"https:\\\/\\\/secure.gravatar.com\\\/avatar\\\/dfd1611ed5600959a0e5a9754503b6c05d1dcf190010998e0363aee2ad98afca?s=96&d=mm&r=g\",\"url\":\"https:\\\/\\\/secure.gravatar.com\\\/avatar\\\/dfd1611ed5600959a0e5a9754503b6c05d1dcf190010998e0363aee2ad98afca?s=96&d=mm&r=g\",\"contentUrl\":\"https:\\\/\\\/secure.gravatar.com\\\/avatar\\\/dfd1611ed5600959a0e5a9754503b6c05d1dcf190010998e0363aee2ad98afca?s=96&d=mm&r=g\",\"caption\":\"Viviana Monrroy\"},\"sameAs\":[\"http:\\\/\\\/www.eldiario.net\"],\"url\":\"https:\\\/\\\/www.eldiario.net\\\/portal\\\/author\\\/vivianamonrroy\\\/\"}]}<\/script>\n<!-- \/ Yoast SEO plugin. -->","yoast_head_json":{"title":"Expertos en el Foro Econ\u00f3mico advierten sobre la desigualdad global por la IA (18:45) - El Diario - Bolivia","robots":{"index":"index","follow":"follow","max-snippet":"max-snippet:-1","max-image-preview":"max-image-preview:large","max-video-preview":"max-video-preview:-1"},"canonical":"https:\/\/www.eldiario.net\/portal\/2026\/09\/02\/expertos-en-el-foro-economico-advierten-sobre-la-desigualdad-global-por-la-ia-1845\/","og_locale":"es_ES","og_type":"article","og_title":"Expertos en el Foro Econ\u00f3mico advierten sobre la desigualdad global por la IA (18:45) - El Diario - Bolivia","og_description":"Especialistas reunidos en el Foro Econ\u00f3mico Oriental en Vladivostok se\u00f1alaron que el acceso desigual a la inteligencia artificial amenaza con profundizar las brechas tecnol\u00f3gicas y econ\u00f3micas entre pa\u00edses. Durante las sesiones sobre gobernanza tecnol\u00f3gica, los participantes enfatizaron que el avance de estas herramientas supera la capacidad de regulaci\u00f3n de los gobiernos y advirtieron sobre la [&hellip;]","og_url":"https:\/\/www.eldiario.net\/portal\/2026\/09\/02\/expertos-en-el-foro-economico-advierten-sobre-la-desigualdad-global-por-la-ia-1845\/","og_site_name":"El Diario - Bolivia","article_publisher":"https:\/\/www.facebook.com\/eldiario.bolivia\/","article_published_time":"2026-09-02T22:45:11+00:00","og_image":[{"width":600,"height":523,"url":"https:\/\/www.eldiario.net\/portal\/wp-content\/uploads\/2026\/09\/foro-1-02.09.26-copia.webp","type":"image\/webp"}],"author":"Viviana Monrroy","twitter_card":"summary_large_image","twitter_creator":"@eldiario_net","twitter_site":"@eldiario_net","twitter_misc":{"Escrito por":"Viviana Monrroy","Tiempo de lectura":"1 minuto"},"schema":{"@context":"https:\/\/schema.org","@graph":[{"@type":"Article","@id":"https:\/\/www.eldiario.net\/portal\/2026\/09\/02\/expertos-en-el-foro-economico-advierten-sobre-la-desigualdad-global-por-la-ia-1845\/#article","isPartOf":{"@id":"https:\/\/www.eldiario.net\/portal\/2026\/09\/02\/expertos-en-el-foro-economico-advierten-sobre-la-desigualdad-global-por-la-ia-1845\/"},"author":{"name":"Viviana Monrroy","@id":"https:\/\/www.eldiario.net\/portal\/#\/schema\/person\/ba370d92d160f4d3574381f6d9b78fab"},"headline":"Expertos en el Foro Econ\u00f3mico advierten sobre la desigualdad global por la IA (18:45)","datePublished":"2026-09-02T22:45:11+00:00","mainEntityOfPage":{"@id":"https:\/\/www.eldiario.net\/portal\/2026\/09\/02\/expertos-en-el-foro-economico-advierten-sobre-la-desigualdad-global-por-la-ia-1845\/"},"wordCount":167,"publisher":{"@id":"https:\/\/www.eldiario.net\/portal\/#organization"},"image":{"@id":"https:\/\/www.eldiario.net\/portal\/2026\/09\/02\/expertos-en-el-foro-economico-advierten-sobre-la-desigualdad-global-por-la-ia-1845\/#primaryimage"},"thumbnailUrl":"https:\/\/www.eldiario.net\/portal\/wp-content\/uploads\/2026\/09\/foro-1-02.09.26-copia.webp","articleSection":["\u00daltima Hora"],"inLanguage":"es"},{"@type":"WebPage","@id":"https:\/\/www.eldiario.net\/portal\/2026\/09\/02\/expertos-en-el-foro-economico-advierten-sobre-la-desigualdad-global-por-la-ia-1845\/","url":"https:\/\/www.eldiario.net\/portal\/2026\/09\/02\/expertos-en-el-foro-economico-advierten-sobre-la-desigualdad-global-por-la-ia-1845\/","name":"Expertos en el Foro Econ\u00f3mico advierten sobre la desigualdad global por la IA (18:45) - El Diario - Bolivia","isPartOf":{"@id":"https:\/\/www.eldiario.net\/portal\/#website"},"primaryImageOfPage":{"@id":"https:\/\/www.eldiario.net\/portal\/2026\/09\/02\/expertos-en-el-foro-economico-advierten-sobre-la-desigualdad-global-por-la-ia-1845\/#primaryimage"},"image":{"@id":"https:\/\/www.eldiario.net\/portal\/2026\/09\/02\/expertos-en-el-foro-economico-advierten-sobre-la-desigualdad-global-por-la-ia-1845\/#primaryimage"},"thumbnailUrl":"https:\/\/www.eldiario.net\/portal\/wp-content\/uploads\/2026\/09\/foro-1-02.09.26-copia.webp","datePublished":"2026-09-02T22:45:11+00:00","breadcrumb":{"@id":"https:\/\/www.eldiario.net\/portal\/2026\/09\/02\/expertos-en-el-foro-economico-advierten-sobre-la-desigualdad-global-por-la-ia-1845\/#breadcrumb"},"inLanguage":"es","potentialAction":[{"@type":"ReadAction","target":["https:\/\/www.eldiario.net\/portal\/2026\/09\/02\/expertos-en-el-foro-economico-advierten-sobre-la-desigualdad-global-por-la-ia-1845\/"]}]},{"@type":"ImageObject","inLanguage":"es","@id":"https:\/\/www.eldiario.net\/portal\/2026\/09\/02\/expertos-en-el-foro-economico-advierten-sobre-la-desigualdad-global-por-la-ia-1845\/#primaryimage","url":"https:\/\/www.eldiario.net\/portal\/wp-content\/uploads\/2026\/09\/foro-1-02.09.26-copia.webp","contentUrl":"https:\/\/www.eldiario.net\/portal\/wp-content\/uploads\/2026\/09\/foro-1-02.09.26-copia.webp","width":600,"height":523,"caption":"Globo aerost\u00e1tico con el lema \u201cA trav\u00e9s de la ilustraci\u00f3n hacia el bienestar\u201d, s\u00edmbolo del stand del Grupo VEB.RF en el Foro Econ\u00f3mico Oriental 2026, en Vladivostok."},{"@type":"BreadcrumbList","@id":"https:\/\/www.eldiario.net\/portal\/2026\/09\/02\/expertos-en-el-foro-economico-advierten-sobre-la-desigualdad-global-por-la-ia-1845\/#breadcrumb","itemListElement":[{"@type":"ListItem","position":1,"name":"Portada","item":"https:\/\/www.eldiario.net\/portal\/"},{"@type":"ListItem","position":2,"name":"Expertos en el Foro Econ\u00f3mico advierten sobre la desigualdad global por la IA (18:45)"}]},{"@type":"WebSite","@id":"https:\/\/www.eldiario.net\/portal\/#website","url":"https:\/\/www.eldiario.net\/portal\/","name":"El Diario - Decano de la prensa nacional","description":"El Diario - Decano de la prensa nacional","publisher":{"@id":"https:\/\/www.eldiario.net\/portal\/#organization"},"potentialAction":[{"@type":"SearchAction","target":{"@type":"EntryPoint","urlTemplate":"https:\/\/www.eldiario.net\/portal\/?s={search_term_string}"},"query-input":{"@type":"PropertyValueSpecification","valueRequired":true,"valueName":"search_term_string"}}],"inLanguage":"es"},{"@type":"Organization","@id":"https:\/\/www.eldiario.net\/portal\/#organization","name":"El Diario - Decano de la prensa nacional","url":"https:\/\/www.eldiario.net\/portal\/","logo":{"@type":"ImageObject","inLanguage":"es","@id":"https:\/\/www.eldiario.net\/portal\/#\/schema\/logo\/image\/","url":"https:\/\/www.eldiario.net\/portal\/wp-content\/uploads\/2023\/07\/logo_ED.jpg","contentUrl":"https:\/\/www.eldiario.net\/portal\/wp-content\/uploads\/2023\/07\/logo_ED.jpg","width":272,"height":52,"caption":"El Diario - Decano de la prensa nacional"},"image":{"@id":"https:\/\/www.eldiario.net\/portal\/#\/schema\/logo\/image\/"},"sameAs":["https:\/\/www.facebook.com\/eldiario.bolivia\/","https:\/\/x.com\/eldiario_net"]},{"@type":"Person","@id":"https:\/\/www.eldiario.net\/portal\/#\/schema\/person\/ba370d92d160f4d3574381f6d9b78fab","name":"Viviana Monrroy","image":{"@type":"ImageObject","inLanguage":"es","@id":"https:\/\/secure.gravatar.com\/avatar\/dfd1611ed5600959a0e5a9754503b6c05d1dcf190010998e0363aee2ad98afca?s=96&d=mm&r=g","url":"https:\/\/secure.gravatar.com\/avatar\/dfd1611ed5600959a0e5a9754503b6c05d1dcf190010998e0363aee2ad98afca?s=96&d=mm&r=g","contentUrl":"https:\/\/secure.gravatar.com\/avatar\/dfd1611ed5600959a0e5a9754503b6c05d1dcf190010998e0363aee2ad98afca?s=96&d=mm&r=g","caption":"Viviana Monrroy"},"sameAs":["http:\/\/www.eldiario.net"],"url":"https:\/\/www.eldiario.net\/portal\/author\/vivianamonrroy\/"}]}},"_links":{"self":[{"href":"https:\/\/www.eldiario.net\/portal\/wp-json\/wp\/v2\/posts\/427154","targetHints":{"allow":["GET"]}}],"collection":[{"href":"https:\/\/www.eldiario.net\/portal\/wp-json\/wp\/v2\/posts"}],"about":[{"href":"https:\/\/www.eldiario.net\/portal\/wp-json\/wp\/v2\/types\/post"}],"author":[{"embeddable":true,"href":"https:\/\/www.eldiario.net\/portal\/wp-json\/wp\/v2\/users\/7"}],"replies":[{"embeddable":true,"href":"https:\/\/www.eldiario.net\/portal\/wp-json\/wp\/v2\/comments?post=427154"}],"version-history":[{"count":1,"href":"https:\/\/www.eldiario.net\/portal\/wp-json\/wp\/v2\/posts\/427154\/revisions"}],"predecessor-version":[{"id":427156,"href":"https:\/\/www.eldiario.net\/portal\/wp-json\/wp\/v2\/posts\/427154\/revisions\/427156"}],"wp:featuredmedia":[{"embeddable":true,"href":"https:\/\/www.eldiario.net\/portal\/wp-json\/wp\/v2\/media\/427155"}],"wp:attachment":[{"href":"https:\/\/www.eldiario.net\/portal\/wp-json\/wp\/v2\/media?parent=427154"}],"wp:term":[{"taxonomy":"category","embeddable":true,"href":"https:\/\/www.eldiario.net\/portal\/wp-json\/wp\/v2\/categories?post=427154"},{"taxonomy":"post_tag","embeddable":true,"href":"https:\/\/www.eldiario.net\/portal\/wp-json\/wp\/v2\/tags?post=427154"}],"curies":[{"name":"wp","href":"https:\/\/api.w.org\/{rel}","templated":true}]}}