{"id":427150,"date":"2026-09-02T18:31:31","date_gmt":"2026-09-02T22:31:31","guid":{"rendered":"https:\/\/www.eldiario.net\/portal\/?p=427150"},"modified":"2026-09-02T18:31:31","modified_gmt":"2026-09-02T22:31:31","slug":"eeuu-pide-aislar-a-nicaragua-luego-de-reforma-constitucional-1831","status":"publish","type":"post","link":"https:\/\/www.eldiario.net\/portal\/2026\/09\/02\/eeuu-pide-aislar-a-nicaragua-luego-de-reforma-constitucional-1831\/","title":{"rendered":"EEUU pide aislar a Nicaragua luego de reforma constitucional (18:31)"},"content":{"rendered":"<p>Estados Unidos inst\u00f3 a sus aliados a romper lazos diplom\u00e1ticos y econ\u00f3micos con el gobierno de Nicaragua, despu\u00e9s de la aprobaci\u00f3n en primera legislatura de una reforma constitucional en la Asamblea Nacional.<\/p>\n<p>La enmienda aprobada por el oficialismo proh\u00edbe la participaci\u00f3n de partidos de oposici\u00f3n en comicios futuros y extiende el mandato de Daniel Ortega y Rosario Murillo de seis a siete a\u00f1os.<\/p>\n<p>El secretario de Estado estadounidense, Marco Rubio, solicit\u00f3 poner fin a las operaciones habituales con el r\u00e9gimen nicarag\u00fcense, sum\u00e1ndose a las cr\u00edticas de diversos pa\u00edses de la regi\u00f3n ante el deterioro democr\u00e1tico.<\/p>\n<p>La reforma, que prev\u00e9 ser ratificada en enero de 2027, tambi\u00e9n extiende los per\u00edodos de altos mandos policiales y militares en el pa\u00eds centroamericano. (Agencias)<\/p>\n","protected":false},"excerpt":{"rendered":"<p>Estados Unidos inst\u00f3 a sus aliados a romper lazos diplom\u00e1ticos y econ\u00f3micos con el gobierno de Nicaragua, despu\u00e9s de la aprobaci\u00f3n en primera legislatura de una reforma constitucional en la Asamblea Nacional. La enmienda aprobada por el oficialismo proh\u00edbe la participaci\u00f3n de partidos de oposici\u00f3n en comicios futuros y extiende el mandato de Daniel Ortega [&hellip;]<\/p>\n","protected":false},"author":7,"featured_media":427151,"comment_status":"closed","ping_status":"open","sticky":false,"template":"","format":"standard","meta":{"_acf_changed":false,"footnotes":""},"categories":[51],"tags":[],"class_list":["post-427150","post","type-post","status-publish","format-standard","has-post-thumbnail","category-ultima-hora"],"acf":{"antetitulo":""},"yoast_head":"<!-- This site is optimized with the Yoast SEO plugin v28.4 - https:\/\/yoast.com\/product\/yoast-seo-wordpress\/ -->\n<title>EEUU pide aislar a Nicaragua luego de reforma constitucional (18:31) - El Diario - Bolivia<\/title>\n<meta name=\"robots\" content=\"index, follow, max-snippet:-1, max-image-preview:large, max-video-preview:-1\" \/>\n<link rel=\"canonical\" href=\"https:\/\/www.eldiario.net\/portal\/2026\/09\/02\/eeuu-pide-aislar-a-nicaragua-luego-de-reforma-constitucional-1831\/\" \/>\n<meta property=\"og:locale\" content=\"es_ES\" \/>\n<meta property=\"og:type\" content=\"article\" \/>\n<meta property=\"og:title\" content=\"EEUU pide aislar a Nicaragua luego de reforma constitucional (18:31) - El Diario - Bolivia\" \/>\n<meta property=\"og:description\" content=\"Estados Unidos inst\u00f3 a sus aliados a romper lazos diplom\u00e1ticos y econ\u00f3micos con el gobierno de Nicaragua, despu\u00e9s de la aprobaci\u00f3n en primera legislatura de una reforma constitucional en la Asamblea Nacional. La enmienda aprobada por el oficialismo proh\u00edbe la participaci\u00f3n de partidos de oposici\u00f3n en comicios futuros y extiende el mandato de Daniel Ortega [&hellip;]\" \/>\n<meta property=\"og:url\" content=\"https:\/\/www.eldiario.net\/portal\/2026\/09\/02\/eeuu-pide-aislar-a-nicaragua-luego-de-reforma-constitucional-1831\/\" \/>\n<meta property=\"og:site_name\" content=\"El Diario - Bolivia\" \/>\n<meta property=\"article:publisher\" content=\"https:\/\/www.facebook.com\/eldiario.bolivia\/\" \/>\n<meta property=\"article:published_time\" content=\"2026-09-02T22:31:31+00:00\" \/>\n<meta property=\"og:image\" content=\"https:\/\/www.eldiario.net\/portal\/wp-content\/uploads\/2026\/09\/ortega-02.09.26-copia.webp\" \/>\n\t<meta property=\"og:image:width\" content=\"600\" \/>\n\t<meta property=\"og:image:height\" content=\"355\" \/>\n\t<meta property=\"og:image:type\" content=\"image\/webp\" \/>\n<meta name=\"author\" content=\"Viviana Monrroy\" \/>\n<meta name=\"twitter:card\" content=\"summary_large_image\" \/>\n<meta name=\"twitter:creator\" content=\"@eldiario_net\" \/>\n<meta name=\"twitter:site\" content=\"@eldiario_net\" \/>\n<meta name=\"twitter:label1\" content=\"Escrito por\" \/>\n\t<meta name=\"twitter:data1\" content=\"Viviana Monrroy\" \/>\n\t<meta name=\"twitter:label2\" content=\"Tiempo de lectura\" \/>\n\t<meta name=\"twitter:data2\" content=\"1 minuto\" \/>\n<script type=\"application\/ld+json\" class=\"yoast-schema-graph\">{\"@context\":\"https:\\\/\\\/schema.org\",\"@graph\":[{\"@type\":\"Article\",\"@id\":\"https:\\\/\\\/www.eldiario.net\\\/portal\\\/2026\\\/09\\\/02\\\/eeuu-pide-aislar-a-nicaragua-luego-de-reforma-constitucional-1831\\\/#article\",\"isPartOf\":{\"@id\":\"https:\\\/\\\/www.eldiario.net\\\/portal\\\/2026\\\/09\\\/02\\\/eeuu-pide-aislar-a-nicaragua-luego-de-reforma-constitucional-1831\\\/\"},\"author\":{\"name\":\"Viviana Monrroy\",\"@id\":\"https:\\\/\\\/www.eldiario.net\\\/portal\\\/#\\\/schema\\\/person\\\/ba370d92d160f4d3574381f6d9b78fab\"},\"headline\":\"EEUU pide aislar a Nicaragua luego de reforma constitucional (18:31)\",\"datePublished\":\"2026-09-02T22:31:31+00:00\",\"mainEntityOfPage\":{\"@id\":\"https:\\\/\\\/www.eldiario.net\\\/portal\\\/2026\\\/09\\\/02\\\/eeuu-pide-aislar-a-nicaragua-luego-de-reforma-constitucional-1831\\\/\"},\"wordCount\":146,\"publisher\":{\"@id\":\"https:\\\/\\\/www.eldiario.net\\\/portal\\\/#organization\"},\"image\":{\"@id\":\"https:\\\/\\\/www.eldiario.net\\\/portal\\\/2026\\\/09\\\/02\\\/eeuu-pide-aislar-a-nicaragua-luego-de-reforma-constitucional-1831\\\/#primaryimage\"},\"thumbnailUrl\":\"https:\\\/\\\/www.eldiario.net\\\/portal\\\/wp-content\\\/uploads\\\/2026\\\/09\\\/ortega-02.09.26-copia.webp\",\"articleSection\":[\"\u00daltima Hora\"],\"inLanguage\":\"es\"},{\"@type\":\"WebPage\",\"@id\":\"https:\\\/\\\/www.eldiario.net\\\/portal\\\/2026\\\/09\\\/02\\\/eeuu-pide-aislar-a-nicaragua-luego-de-reforma-constitucional-1831\\\/\",\"url\":\"https:\\\/\\\/www.eldiario.net\\\/portal\\\/2026\\\/09\\\/02\\\/eeuu-pide-aislar-a-nicaragua-luego-de-reforma-constitucional-1831\\\/\",\"name\":\"EEUU pide aislar a Nicaragua luego de reforma constitucional (18:31) - El Diario - Bolivia\",\"isPartOf\":{\"@id\":\"https:\\\/\\\/www.eldiario.net\\\/portal\\\/#website\"},\"primaryImageOfPage\":{\"@id\":\"https:\\\/\\\/www.eldiario.net\\\/portal\\\/2026\\\/09\\\/02\\\/eeuu-pide-aislar-a-nicaragua-luego-de-reforma-constitucional-1831\\\/#primaryimage\"},\"image\":{\"@id\":\"https:\\\/\\\/www.eldiario.net\\\/portal\\\/2026\\\/09\\\/02\\\/eeuu-pide-aislar-a-nicaragua-luego-de-reforma-constitucional-1831\\\/#primaryimage\"},\"thumbnailUrl\":\"https:\\\/\\\/www.eldiario.net\\\/portal\\\/wp-content\\\/uploads\\\/2026\\\/09\\\/ortega-02.09.26-copia.webp\",\"datePublished\":\"2026-09-02T22:31:31+00:00\",\"breadcrumb\":{\"@id\":\"https:\\\/\\\/www.eldiario.net\\\/portal\\\/2026\\\/09\\\/02\\\/eeuu-pide-aislar-a-nicaragua-luego-de-reforma-constitucional-1831\\\/#breadcrumb\"},\"inLanguage\":\"es\",\"potentialAction\":[{\"@type\":\"ReadAction\",\"target\":[\"https:\\\/\\\/www.eldiario.net\\\/portal\\\/2026\\\/09\\\/02\\\/eeuu-pide-aislar-a-nicaragua-luego-de-reforma-constitucional-1831\\\/\"]}]},{\"@type\":\"ImageObject\",\"inLanguage\":\"es\",\"@id\":\"https:\\\/\\\/www.eldiario.net\\\/portal\\\/2026\\\/09\\\/02\\\/eeuu-pide-aislar-a-nicaragua-luego-de-reforma-constitucional-1831\\\/#primaryimage\",\"url\":\"https:\\\/\\\/www.eldiario.net\\\/portal\\\/wp-content\\\/uploads\\\/2026\\\/09\\\/ortega-02.09.26-copia.webp\",\"contentUrl\":\"https:\\\/\\\/www.eldiario.net\\\/portal\\\/wp-content\\\/uploads\\\/2026\\\/09\\\/ortega-02.09.26-copia.webp\",\"width\":600,\"height\":355,\"caption\":\"Daniel Ortega y Rosario Murillo, presidente de Nicaragua y su esposa\"},{\"@type\":\"BreadcrumbList\",\"@id\":\"https:\\\/\\\/www.eldiario.net\\\/portal\\\/2026\\\/09\\\/02\\\/eeuu-pide-aislar-a-nicaragua-luego-de-reforma-constitucional-1831\\\/#breadcrumb\",\"itemListElement\":[{\"@type\":\"ListItem\",\"position\":1,\"name\":\"Portada\",\"item\":\"https:\\\/\\\/www.eldiario.net\\\/portal\\\/\"},{\"@type\":\"ListItem\",\"position\":2,\"name\":\"EEUU pide aislar a Nicaragua luego de reforma constitucional (18:31)\"}]},{\"@type\":\"WebSite\",\"@id\":\"https:\\\/\\\/www.eldiario.net\\\/portal\\\/#website\",\"url\":\"https:\\\/\\\/www.eldiario.net\\\/portal\\\/\",\"name\":\"El Diario - Decano de la prensa nacional\",\"description\":\"El Diario - Decano de la prensa nacional\",\"publisher\":{\"@id\":\"https:\\\/\\\/www.eldiario.net\\\/portal\\\/#organization\"},\"potentialAction\":[{\"@type\":\"SearchAction\",\"target\":{\"@type\":\"EntryPoint\",\"urlTemplate\":\"https:\\\/\\\/www.eldiario.net\\\/portal\\\/?s={search_term_string}\"},\"query-input\":{\"@type\":\"PropertyValueSpecification\",\"valueRequired\":true,\"valueName\":\"search_term_string\"}}],\"inLanguage\":\"es\"},{\"@type\":\"Organization\",\"@id\":\"https:\\\/\\\/www.eldiario.net\\\/portal\\\/#organization\",\"name\":\"El Diario - Decano de la prensa nacional\",\"url\":\"https:\\\/\\\/www.eldiario.net\\\/portal\\\/\",\"logo\":{\"@type\":\"ImageObject\",\"inLanguage\":\"es\",\"@id\":\"https:\\\/\\\/www.eldiario.net\\\/portal\\\/#\\\/schema\\\/logo\\\/image\\\/\",\"url\":\"https:\\\/\\\/www.eldiario.net\\\/portal\\\/wp-content\\\/uploads\\\/2023\\\/07\\\/logo_ED.jpg\",\"contentUrl\":\"https:\\\/\\\/www.eldiario.net\\\/portal\\\/wp-content\\\/uploads\\\/2023\\\/07\\\/logo_ED.jpg\",\"width\":272,\"height\":52,\"caption\":\"El Diario - Decano de la prensa nacional\"},\"image\":{\"@id\":\"https:\\\/\\\/www.eldiario.net\\\/portal\\\/#\\\/schema\\\/logo\\\/image\\\/\"},\"sameAs\":[\"https:\\\/\\\/www.facebook.com\\\/eldiario.bolivia\\\/\",\"https:\\\/\\\/x.com\\\/eldiario_net\"]},{\"@type\":\"Person\",\"@id\":\"https:\\\/\\\/www.eldiario.net\\\/portal\\\/#\\\/schema\\\/person\\\/ba370d92d160f4d3574381f6d9b78fab\",\"name\":\"Viviana Monrroy\",\"image\":{\"@type\":\"ImageObject\",\"inLanguage\":\"es\",\"@id\":\"https:\\\/\\\/secure.gravatar.com\\\/avatar\\\/dfd1611ed5600959a0e5a9754503b6c05d1dcf190010998e0363aee2ad98afca?s=96&d=mm&r=g\",\"url\":\"https:\\\/\\\/secure.gravatar.com\\\/avatar\\\/dfd1611ed5600959a0e5a9754503b6c05d1dcf190010998e0363aee2ad98afca?s=96&d=mm&r=g\",\"contentUrl\":\"https:\\\/\\\/secure.gravatar.com\\\/avatar\\\/dfd1611ed5600959a0e5a9754503b6c05d1dcf190010998e0363aee2ad98afca?s=96&d=mm&r=g\",\"caption\":\"Viviana Monrroy\"},\"sameAs\":[\"http:\\\/\\\/www.eldiario.net\"],\"url\":\"https:\\\/\\\/www.eldiario.net\\\/portal\\\/author\\\/vivianamonrroy\\\/\"}]}<\/script>\n<!-- \/ Yoast SEO plugin. -->","yoast_head_json":{"title":"EEUU pide aislar a Nicaragua luego de reforma constitucional (18:31) - El Diario - Bolivia","robots":{"index":"index","follow":"follow","max-snippet":"max-snippet:-1","max-image-preview":"max-image-preview:large","max-video-preview":"max-video-preview:-1"},"canonical":"https:\/\/www.eldiario.net\/portal\/2026\/09\/02\/eeuu-pide-aislar-a-nicaragua-luego-de-reforma-constitucional-1831\/","og_locale":"es_ES","og_type":"article","og_title":"EEUU pide aislar a Nicaragua luego de reforma constitucional (18:31) - El Diario - Bolivia","og_description":"Estados Unidos inst\u00f3 a sus aliados a romper lazos diplom\u00e1ticos y econ\u00f3micos con el gobierno de Nicaragua, despu\u00e9s de la aprobaci\u00f3n en primera legislatura de una reforma constitucional en la Asamblea Nacional. La enmienda aprobada por el oficialismo proh\u00edbe la participaci\u00f3n de partidos de oposici\u00f3n en comicios futuros y extiende el mandato de Daniel Ortega [&hellip;]","og_url":"https:\/\/www.eldiario.net\/portal\/2026\/09\/02\/eeuu-pide-aislar-a-nicaragua-luego-de-reforma-constitucional-1831\/","og_site_name":"El Diario - Bolivia","article_publisher":"https:\/\/www.facebook.com\/eldiario.bolivia\/","article_published_time":"2026-09-02T22:31:31+00:00","og_image":[{"width":600,"height":355,"url":"https:\/\/www.eldiario.net\/portal\/wp-content\/uploads\/2026\/09\/ortega-02.09.26-copia.webp","type":"image\/webp"}],"author":"Viviana Monrroy","twitter_card":"summary_large_image","twitter_creator":"@eldiario_net","twitter_site":"@eldiario_net","twitter_misc":{"Escrito por":"Viviana Monrroy","Tiempo de lectura":"1 minuto"},"schema":{"@context":"https:\/\/schema.org","@graph":[{"@type":"Article","@id":"https:\/\/www.eldiario.net\/portal\/2026\/09\/02\/eeuu-pide-aislar-a-nicaragua-luego-de-reforma-constitucional-1831\/#article","isPartOf":{"@id":"https:\/\/www.eldiario.net\/portal\/2026\/09\/02\/eeuu-pide-aislar-a-nicaragua-luego-de-reforma-constitucional-1831\/"},"author":{"name":"Viviana Monrroy","@id":"https:\/\/www.eldiario.net\/portal\/#\/schema\/person\/ba370d92d160f4d3574381f6d9b78fab"},"headline":"EEUU pide aislar a Nicaragua luego de reforma constitucional (18:31)","datePublished":"2026-09-02T22:31:31+00:00","mainEntityOfPage":{"@id":"https:\/\/www.eldiario.net\/portal\/2026\/09\/02\/eeuu-pide-aislar-a-nicaragua-luego-de-reforma-constitucional-1831\/"},"wordCount":146,"publisher":{"@id":"https:\/\/www.eldiario.net\/portal\/#organization"},"image":{"@id":"https:\/\/www.eldiario.net\/portal\/2026\/09\/02\/eeuu-pide-aislar-a-nicaragua-luego-de-reforma-constitucional-1831\/#primaryimage"},"thumbnailUrl":"https:\/\/www.eldiario.net\/portal\/wp-content\/uploads\/2026\/09\/ortega-02.09.26-copia.webp","articleSection":["\u00daltima Hora"],"inLanguage":"es"},{"@type":"WebPage","@id":"https:\/\/www.eldiario.net\/portal\/2026\/09\/02\/eeuu-pide-aislar-a-nicaragua-luego-de-reforma-constitucional-1831\/","url":"https:\/\/www.eldiario.net\/portal\/2026\/09\/02\/eeuu-pide-aislar-a-nicaragua-luego-de-reforma-constitucional-1831\/","name":"EEUU pide aislar a Nicaragua luego de reforma constitucional (18:31) - El Diario - Bolivia","isPartOf":{"@id":"https:\/\/www.eldiario.net\/portal\/#website"},"primaryImageOfPage":{"@id":"https:\/\/www.eldiario.net\/portal\/2026\/09\/02\/eeuu-pide-aislar-a-nicaragua-luego-de-reforma-constitucional-1831\/#primaryimage"},"image":{"@id":"https:\/\/www.eldiario.net\/portal\/2026\/09\/02\/eeuu-pide-aislar-a-nicaragua-luego-de-reforma-constitucional-1831\/#primaryimage"},"thumbnailUrl":"https:\/\/www.eldiario.net\/portal\/wp-content\/uploads\/2026\/09\/ortega-02.09.26-copia.webp","datePublished":"2026-09-02T22:31:31+00:00","breadcrumb":{"@id":"https:\/\/www.eldiario.net\/portal\/2026\/09\/02\/eeuu-pide-aislar-a-nicaragua-luego-de-reforma-constitucional-1831\/#breadcrumb"},"inLanguage":"es","potentialAction":[{"@type":"ReadAction","target":["https:\/\/www.eldiario.net\/portal\/2026\/09\/02\/eeuu-pide-aislar-a-nicaragua-luego-de-reforma-constitucional-1831\/"]}]},{"@type":"ImageObject","inLanguage":"es","@id":"https:\/\/www.eldiario.net\/portal\/2026\/09\/02\/eeuu-pide-aislar-a-nicaragua-luego-de-reforma-constitucional-1831\/#primaryimage","url":"https:\/\/www.eldiario.net\/portal\/wp-content\/uploads\/2026\/09\/ortega-02.09.26-copia.webp","contentUrl":"https:\/\/www.eldiario.net\/portal\/wp-content\/uploads\/2026\/09\/ortega-02.09.26-copia.webp","width":600,"height":355,"caption":"Daniel Ortega y Rosario Murillo, presidente de Nicaragua y su esposa"},{"@type":"BreadcrumbList","@id":"https:\/\/www.eldiario.net\/portal\/2026\/09\/02\/eeuu-pide-aislar-a-nicaragua-luego-de-reforma-constitucional-1831\/#breadcrumb","itemListElement":[{"@type":"ListItem","position":1,"name":"Portada","item":"https:\/\/www.eldiario.net\/portal\/"},{"@type":"ListItem","position":2,"name":"EEUU pide aislar a Nicaragua luego de reforma constitucional (18:31)"}]},{"@type":"WebSite","@id":"https:\/\/www.eldiario.net\/portal\/#website","url":"https:\/\/www.eldiario.net\/portal\/","name":"El Diario - Decano de la prensa nacional","description":"El Diario - Decano de la prensa nacional","publisher":{"@id":"https:\/\/www.eldiario.net\/portal\/#organization"},"potentialAction":[{"@type":"SearchAction","target":{"@type":"EntryPoint","urlTemplate":"https:\/\/www.eldiario.net\/portal\/?s={search_term_string}"},"query-input":{"@type":"PropertyValueSpecification","valueRequired":true,"valueName":"search_term_string"}}],"inLanguage":"es"},{"@type":"Organization","@id":"https:\/\/www.eldiario.net\/portal\/#organization","name":"El Diario - Decano de la prensa nacional","url":"https:\/\/www.eldiario.net\/portal\/","logo":{"@type":"ImageObject","inLanguage":"es","@id":"https:\/\/www.eldiario.net\/portal\/#\/schema\/logo\/image\/","url":"https:\/\/www.eldiario.net\/portal\/wp-content\/uploads\/2023\/07\/logo_ED.jpg","contentUrl":"https:\/\/www.eldiario.net\/portal\/wp-content\/uploads\/2023\/07\/logo_ED.jpg","width":272,"height":52,"caption":"El Diario - Decano de la prensa nacional"},"image":{"@id":"https:\/\/www.eldiario.net\/portal\/#\/schema\/logo\/image\/"},"sameAs":["https:\/\/www.facebook.com\/eldiario.bolivia\/","https:\/\/x.com\/eldiario_net"]},{"@type":"Person","@id":"https:\/\/www.eldiario.net\/portal\/#\/schema\/person\/ba370d92d160f4d3574381f6d9b78fab","name":"Viviana Monrroy","image":{"@type":"ImageObject","inLanguage":"es","@id":"https:\/\/secure.gravatar.com\/avatar\/dfd1611ed5600959a0e5a9754503b6c05d1dcf190010998e0363aee2ad98afca?s=96&d=mm&r=g","url":"https:\/\/secure.gravatar.com\/avatar\/dfd1611ed5600959a0e5a9754503b6c05d1dcf190010998e0363aee2ad98afca?s=96&d=mm&r=g","contentUrl":"https:\/\/secure.gravatar.com\/avatar\/dfd1611ed5600959a0e5a9754503b6c05d1dcf190010998e0363aee2ad98afca?s=96&d=mm&r=g","caption":"Viviana Monrroy"},"sameAs":["http:\/\/www.eldiario.net"],"url":"https:\/\/www.eldiario.net\/portal\/author\/vivianamonrroy\/"}]}},"_links":{"self":[{"href":"https:\/\/www.eldiario.net\/portal\/wp-json\/wp\/v2\/posts\/427150","targetHints":{"allow":["GET"]}}],"collection":[{"href":"https:\/\/www.eldiario.net\/portal\/wp-json\/wp\/v2\/posts"}],"about":[{"href":"https:\/\/www.eldiario.net\/portal\/wp-json\/wp\/v2\/types\/post"}],"author":[{"embeddable":true,"href":"https:\/\/www.eldiario.net\/portal\/wp-json\/wp\/v2\/users\/7"}],"replies":[{"embeddable":true,"href":"https:\/\/www.eldiario.net\/portal\/wp-json\/wp\/v2\/comments?post=427150"}],"version-history":[{"count":1,"href":"https:\/\/www.eldiario.net\/portal\/wp-json\/wp\/v2\/posts\/427150\/revisions"}],"predecessor-version":[{"id":427152,"href":"https:\/\/www.eldiario.net\/portal\/wp-json\/wp\/v2\/posts\/427150\/revisions\/427152"}],"wp:featuredmedia":[{"embeddable":true,"href":"https:\/\/www.eldiario.net\/portal\/wp-json\/wp\/v2\/media\/427151"}],"wp:attachment":[{"href":"https:\/\/www.eldiario.net\/portal\/wp-json\/wp\/v2\/media?parent=427150"}],"wp:term":[{"taxonomy":"category","embeddable":true,"href":"https:\/\/www.eldiario.net\/portal\/wp-json\/wp\/v2\/categories?post=427150"},{"taxonomy":"post_tag","embeddable":true,"href":"https:\/\/www.eldiario.net\/portal\/wp-json\/wp\/v2\/tags?post=427150"}],"curies":[{"name":"wp","href":"https:\/\/api.w.org\/{rel}","templated":true}]}}