{"id":427036,"date":"2026-09-02T09:27:14","date_gmt":"2026-09-02T13:27:14","guid":{"rendered":"https:\/\/www.eldiario.net\/portal\/?p=427036"},"modified":"2026-09-02T09:27:14","modified_gmt":"2026-09-02T13:27:14","slug":"gobierno-interviene-ypfb-para-fiscalizar-la-cadena-de-combustibles-0927","status":"publish","type":"post","link":"https:\/\/www.eldiario.net\/portal\/2026\/09\/02\/gobierno-interviene-ypfb-para-fiscalizar-la-cadena-de-combustibles-0927\/","title":{"rendered":"Gobierno interviene YPFB para fiscalizar la cadena de combustibles (09:27)"},"content":{"rendered":"<p>El Gobierno dispuso la intervenci\u00f3n temporal de Yacimientos Petrol\u00edferos Fiscales Bolivianos (YPFB) por hasta 180 d\u00edas, mediante el Decreto Supremo 5697, promulgado el 1 de septiembre.<\/p>\n<p>La medida busca revisar y controlar la cadena de importaci\u00f3n, distribuci\u00f3n y comercializaci\u00f3n de combustibles, ante las deficiencias detectadas en estas operaciones.<\/p>\n<p>Para realizar la fiscalizaci\u00f3n se conform\u00f3 una Comisi\u00f3n de Intervenci\u00f3n Estatal Extraordinaria, integrada por representantes de los ministerios de Econom\u00eda, Producci\u00f3n, Hidrocarburos y Obras P\u00fablicas, adem\u00e1s del Viceministerio de Transparencia.<\/p>\n<p>La comisi\u00f3n tendr\u00e1 acceso a informaci\u00f3n administrativa, t\u00e9cnica, financiera y operativa de YPFB, con \u00e9nfasis en la comercializaci\u00f3n, log\u00edstica y trazabilidad de los combustibles.<\/p>\n<p>El personal de la estatal deber\u00e1 entregar la documentaci\u00f3n solicitada. Si se detectan irregularidades, la comisi\u00f3n podr\u00e1 recomendar auditor\u00edas y remitir los casos con posibles responsabilidades a la Contralor\u00eda, el Ministerio P\u00fablico y la Procuradur\u00eda.<\/p>\n<p>Tambi\u00e9n podr\u00e1 sugerir la remoci\u00f3n de funcionarios, ejecutivos o personal operativo que est\u00e9n involucrados en posibles irregularidades.<\/p>\n<p>El decreto aclara que la intervenci\u00f3n no cambia la naturaleza jur\u00eddica ni la estructura institucional de YPFB y que no demandar\u00e1 recursos adicionales del Tesoro General de la Naci\u00f3n.<\/p>\n<p>El plazo podr\u00e1 ampliarse por otros 90 d\u00edas de manera excepcional o concluir antes si se superan las causas que motivaron la intervenci\u00f3n.<\/p>\n<p>&nbsp;<\/p>\n","protected":false},"excerpt":{"rendered":"<p>El Gobierno dispuso la intervenci\u00f3n temporal de Yacimientos Petrol\u00edferos Fiscales Bolivianos (YPFB) por hasta 180 d\u00edas, mediante el Decreto Supremo 5697, promulgado el 1 de septiembre. La medida busca revisar y controlar la cadena de importaci\u00f3n, distribuci\u00f3n y comercializaci\u00f3n de combustibles, ante las deficiencias detectadas en estas operaciones. Para realizar la fiscalizaci\u00f3n se conform\u00f3 una [&hellip;]<\/p>\n","protected":false},"author":7,"featured_media":427037,"comment_status":"closed","ping_status":"open","sticky":false,"template":"","format":"standard","meta":{"_acf_changed":false,"footnotes":""},"categories":[51],"tags":[],"class_list":["post-427036","post","type-post","status-publish","format-standard","has-post-thumbnail","category-ultima-hora"],"acf":{"antetitulo":""},"yoast_head":"<!-- This site is optimized with the Yoast SEO plugin v28.4 - https:\/\/yoast.com\/product\/yoast-seo-wordpress\/ -->\n<title>Gobierno interviene YPFB para fiscalizar la cadena de combustibles (09:27) - El Diario - Bolivia<\/title>\n<meta name=\"robots\" content=\"index, follow, max-snippet:-1, max-image-preview:large, max-video-preview:-1\" \/>\n<link rel=\"canonical\" href=\"https:\/\/www.eldiario.net\/portal\/2026\/09\/02\/gobierno-interviene-ypfb-para-fiscalizar-la-cadena-de-combustibles-0927\/\" \/>\n<meta property=\"og:locale\" content=\"es_ES\" \/>\n<meta property=\"og:type\" content=\"article\" \/>\n<meta property=\"og:title\" content=\"Gobierno interviene YPFB para fiscalizar la cadena de combustibles (09:27) - El Diario - Bolivia\" \/>\n<meta property=\"og:description\" content=\"El Gobierno dispuso la intervenci\u00f3n temporal de Yacimientos Petrol\u00edferos Fiscales Bolivianos (YPFB) por hasta 180 d\u00edas, mediante el Decreto Supremo 5697, promulgado el 1 de septiembre. La medida busca revisar y controlar la cadena de importaci\u00f3n, distribuci\u00f3n y comercializaci\u00f3n de combustibles, ante las deficiencias detectadas en estas operaciones. Para realizar la fiscalizaci\u00f3n se conform\u00f3 una [&hellip;]\" \/>\n<meta property=\"og:url\" content=\"https:\/\/www.eldiario.net\/portal\/2026\/09\/02\/gobierno-interviene-ypfb-para-fiscalizar-la-cadena-de-combustibles-0927\/\" \/>\n<meta property=\"og:site_name\" content=\"El Diario - Bolivia\" \/>\n<meta property=\"article:publisher\" content=\"https:\/\/www.facebook.com\/eldiario.bolivia\/\" \/>\n<meta property=\"article:published_time\" content=\"2026-09-02T13:27:14+00:00\" \/>\n<meta property=\"og:image\" content=\"https:\/\/www.eldiario.net\/portal\/wp-content\/uploads\/2026\/09\/ypfb-02.09.26-copia.webp\" \/>\n\t<meta property=\"og:image:width\" content=\"321\" \/>\n\t<meta property=\"og:image:height\" content=\"550\" \/>\n\t<meta property=\"og:image:type\" content=\"image\/webp\" \/>\n<meta name=\"author\" content=\"Viviana Monrroy\" \/>\n<meta name=\"twitter:card\" content=\"summary_large_image\" \/>\n<meta name=\"twitter:creator\" content=\"@eldiario_net\" \/>\n<meta name=\"twitter:site\" content=\"@eldiario_net\" \/>\n<meta name=\"twitter:label1\" content=\"Escrito por\" \/>\n\t<meta name=\"twitter:data1\" content=\"Viviana Monrroy\" \/>\n\t<meta name=\"twitter:label2\" content=\"Tiempo de lectura\" \/>\n\t<meta name=\"twitter:data2\" content=\"2 minutos\" \/>\n<script type=\"application\/ld+json\" class=\"yoast-schema-graph\">{\"@context\":\"https:\\\/\\\/schema.org\",\"@graph\":[{\"@type\":\"Article\",\"@id\":\"https:\\\/\\\/www.eldiario.net\\\/portal\\\/2026\\\/09\\\/02\\\/gobierno-interviene-ypfb-para-fiscalizar-la-cadena-de-combustibles-0927\\\/#article\",\"isPartOf\":{\"@id\":\"https:\\\/\\\/www.eldiario.net\\\/portal\\\/2026\\\/09\\\/02\\\/gobierno-interviene-ypfb-para-fiscalizar-la-cadena-de-combustibles-0927\\\/\"},\"author\":{\"name\":\"Viviana Monrroy\",\"@id\":\"https:\\\/\\\/www.eldiario.net\\\/portal\\\/#\\\/schema\\\/person\\\/ba370d92d160f4d3574381f6d9b78fab\"},\"headline\":\"Gobierno interviene YPFB para fiscalizar la cadena de combustibles (09:27)\",\"datePublished\":\"2026-09-02T13:27:14+00:00\",\"mainEntityOfPage\":{\"@id\":\"https:\\\/\\\/www.eldiario.net\\\/portal\\\/2026\\\/09\\\/02\\\/gobierno-interviene-ypfb-para-fiscalizar-la-cadena-de-combustibles-0927\\\/\"},\"wordCount\":244,\"publisher\":{\"@id\":\"https:\\\/\\\/www.eldiario.net\\\/portal\\\/#organization\"},\"image\":{\"@id\":\"https:\\\/\\\/www.eldiario.net\\\/portal\\\/2026\\\/09\\\/02\\\/gobierno-interviene-ypfb-para-fiscalizar-la-cadena-de-combustibles-0927\\\/#primaryimage\"},\"thumbnailUrl\":\"https:\\\/\\\/www.eldiario.net\\\/portal\\\/wp-content\\\/uploads\\\/2026\\\/09\\\/ypfb-02.09.26-copia.webp\",\"articleSection\":[\"\u00daltima Hora\"],\"inLanguage\":\"es\"},{\"@type\":\"WebPage\",\"@id\":\"https:\\\/\\\/www.eldiario.net\\\/portal\\\/2026\\\/09\\\/02\\\/gobierno-interviene-ypfb-para-fiscalizar-la-cadena-de-combustibles-0927\\\/\",\"url\":\"https:\\\/\\\/www.eldiario.net\\\/portal\\\/2026\\\/09\\\/02\\\/gobierno-interviene-ypfb-para-fiscalizar-la-cadena-de-combustibles-0927\\\/\",\"name\":\"Gobierno interviene YPFB para fiscalizar la cadena de combustibles (09:27) - El Diario - Bolivia\",\"isPartOf\":{\"@id\":\"https:\\\/\\\/www.eldiario.net\\\/portal\\\/#website\"},\"primaryImageOfPage\":{\"@id\":\"https:\\\/\\\/www.eldiario.net\\\/portal\\\/2026\\\/09\\\/02\\\/gobierno-interviene-ypfb-para-fiscalizar-la-cadena-de-combustibles-0927\\\/#primaryimage\"},\"image\":{\"@id\":\"https:\\\/\\\/www.eldiario.net\\\/portal\\\/2026\\\/09\\\/02\\\/gobierno-interviene-ypfb-para-fiscalizar-la-cadena-de-combustibles-0927\\\/#primaryimage\"},\"thumbnailUrl\":\"https:\\\/\\\/www.eldiario.net\\\/portal\\\/wp-content\\\/uploads\\\/2026\\\/09\\\/ypfb-02.09.26-copia.webp\",\"datePublished\":\"2026-09-02T13:27:14+00:00\",\"breadcrumb\":{\"@id\":\"https:\\\/\\\/www.eldiario.net\\\/portal\\\/2026\\\/09\\\/02\\\/gobierno-interviene-ypfb-para-fiscalizar-la-cadena-de-combustibles-0927\\\/#breadcrumb\"},\"inLanguage\":\"es\",\"potentialAction\":[{\"@type\":\"ReadAction\",\"target\":[\"https:\\\/\\\/www.eldiario.net\\\/portal\\\/2026\\\/09\\\/02\\\/gobierno-interviene-ypfb-para-fiscalizar-la-cadena-de-combustibles-0927\\\/\"]}]},{\"@type\":\"ImageObject\",\"inLanguage\":\"es\",\"@id\":\"https:\\\/\\\/www.eldiario.net\\\/portal\\\/2026\\\/09\\\/02\\\/gobierno-interviene-ypfb-para-fiscalizar-la-cadena-de-combustibles-0927\\\/#primaryimage\",\"url\":\"https:\\\/\\\/www.eldiario.net\\\/portal\\\/wp-content\\\/uploads\\\/2026\\\/09\\\/ypfb-02.09.26-copia.webp\",\"contentUrl\":\"https:\\\/\\\/www.eldiario.net\\\/portal\\\/wp-content\\\/uploads\\\/2026\\\/09\\\/ypfb-02.09.26-copia.webp\",\"width\":321,\"height\":550,\"caption\":\"Foto: YPFB\"},{\"@type\":\"BreadcrumbList\",\"@id\":\"https:\\\/\\\/www.eldiario.net\\\/portal\\\/2026\\\/09\\\/02\\\/gobierno-interviene-ypfb-para-fiscalizar-la-cadena-de-combustibles-0927\\\/#breadcrumb\",\"itemListElement\":[{\"@type\":\"ListItem\",\"position\":1,\"name\":\"Portada\",\"item\":\"https:\\\/\\\/www.eldiario.net\\\/portal\\\/\"},{\"@type\":\"ListItem\",\"position\":2,\"name\":\"Gobierno interviene YPFB para fiscalizar la cadena de combustibles (09:27)\"}]},{\"@type\":\"WebSite\",\"@id\":\"https:\\\/\\\/www.eldiario.net\\\/portal\\\/#website\",\"url\":\"https:\\\/\\\/www.eldiario.net\\\/portal\\\/\",\"name\":\"El Diario - Decano de la prensa nacional\",\"description\":\"El Diario - Decano de la prensa nacional\",\"publisher\":{\"@id\":\"https:\\\/\\\/www.eldiario.net\\\/portal\\\/#organization\"},\"potentialAction\":[{\"@type\":\"SearchAction\",\"target\":{\"@type\":\"EntryPoint\",\"urlTemplate\":\"https:\\\/\\\/www.eldiario.net\\\/portal\\\/?s={search_term_string}\"},\"query-input\":{\"@type\":\"PropertyValueSpecification\",\"valueRequired\":true,\"valueName\":\"search_term_string\"}}],\"inLanguage\":\"es\"},{\"@type\":\"Organization\",\"@id\":\"https:\\\/\\\/www.eldiario.net\\\/portal\\\/#organization\",\"name\":\"El Diario - Decano de la prensa nacional\",\"url\":\"https:\\\/\\\/www.eldiario.net\\\/portal\\\/\",\"logo\":{\"@type\":\"ImageObject\",\"inLanguage\":\"es\",\"@id\":\"https:\\\/\\\/www.eldiario.net\\\/portal\\\/#\\\/schema\\\/logo\\\/image\\\/\",\"url\":\"https:\\\/\\\/www.eldiario.net\\\/portal\\\/wp-content\\\/uploads\\\/2023\\\/07\\\/logo_ED.jpg\",\"contentUrl\":\"https:\\\/\\\/www.eldiario.net\\\/portal\\\/wp-content\\\/uploads\\\/2023\\\/07\\\/logo_ED.jpg\",\"width\":272,\"height\":52,\"caption\":\"El Diario - Decano de la prensa nacional\"},\"image\":{\"@id\":\"https:\\\/\\\/www.eldiario.net\\\/portal\\\/#\\\/schema\\\/logo\\\/image\\\/\"},\"sameAs\":[\"https:\\\/\\\/www.facebook.com\\\/eldiario.bolivia\\\/\",\"https:\\\/\\\/x.com\\\/eldiario_net\"]},{\"@type\":\"Person\",\"@id\":\"https:\\\/\\\/www.eldiario.net\\\/portal\\\/#\\\/schema\\\/person\\\/ba370d92d160f4d3574381f6d9b78fab\",\"name\":\"Viviana Monrroy\",\"image\":{\"@type\":\"ImageObject\",\"inLanguage\":\"es\",\"@id\":\"https:\\\/\\\/secure.gravatar.com\\\/avatar\\\/dfd1611ed5600959a0e5a9754503b6c05d1dcf190010998e0363aee2ad98afca?s=96&d=mm&r=g\",\"url\":\"https:\\\/\\\/secure.gravatar.com\\\/avatar\\\/dfd1611ed5600959a0e5a9754503b6c05d1dcf190010998e0363aee2ad98afca?s=96&d=mm&r=g\",\"contentUrl\":\"https:\\\/\\\/secure.gravatar.com\\\/avatar\\\/dfd1611ed5600959a0e5a9754503b6c05d1dcf190010998e0363aee2ad98afca?s=96&d=mm&r=g\",\"caption\":\"Viviana Monrroy\"},\"sameAs\":[\"http:\\\/\\\/www.eldiario.net\"],\"url\":\"https:\\\/\\\/www.eldiario.net\\\/portal\\\/author\\\/vivianamonrroy\\\/\"}]}<\/script>\n<!-- \/ Yoast SEO plugin. -->","yoast_head_json":{"title":"Gobierno interviene YPFB para fiscalizar la cadena de combustibles (09:27) - El Diario - Bolivia","robots":{"index":"index","follow":"follow","max-snippet":"max-snippet:-1","max-image-preview":"max-image-preview:large","max-video-preview":"max-video-preview:-1"},"canonical":"https:\/\/www.eldiario.net\/portal\/2026\/09\/02\/gobierno-interviene-ypfb-para-fiscalizar-la-cadena-de-combustibles-0927\/","og_locale":"es_ES","og_type":"article","og_title":"Gobierno interviene YPFB para fiscalizar la cadena de combustibles (09:27) - El Diario - Bolivia","og_description":"El Gobierno dispuso la intervenci\u00f3n temporal de Yacimientos Petrol\u00edferos Fiscales Bolivianos (YPFB) por hasta 180 d\u00edas, mediante el Decreto Supremo 5697, promulgado el 1 de septiembre. La medida busca revisar y controlar la cadena de importaci\u00f3n, distribuci\u00f3n y comercializaci\u00f3n de combustibles, ante las deficiencias detectadas en estas operaciones. Para realizar la fiscalizaci\u00f3n se conform\u00f3 una [&hellip;]","og_url":"https:\/\/www.eldiario.net\/portal\/2026\/09\/02\/gobierno-interviene-ypfb-para-fiscalizar-la-cadena-de-combustibles-0927\/","og_site_name":"El Diario - Bolivia","article_publisher":"https:\/\/www.facebook.com\/eldiario.bolivia\/","article_published_time":"2026-09-02T13:27:14+00:00","og_image":[{"width":321,"height":550,"url":"https:\/\/www.eldiario.net\/portal\/wp-content\/uploads\/2026\/09\/ypfb-02.09.26-copia.webp","type":"image\/webp"}],"author":"Viviana Monrroy","twitter_card":"summary_large_image","twitter_creator":"@eldiario_net","twitter_site":"@eldiario_net","twitter_misc":{"Escrito por":"Viviana Monrroy","Tiempo de lectura":"2 minutos"},"schema":{"@context":"https:\/\/schema.org","@graph":[{"@type":"Article","@id":"https:\/\/www.eldiario.net\/portal\/2026\/09\/02\/gobierno-interviene-ypfb-para-fiscalizar-la-cadena-de-combustibles-0927\/#article","isPartOf":{"@id":"https:\/\/www.eldiario.net\/portal\/2026\/09\/02\/gobierno-interviene-ypfb-para-fiscalizar-la-cadena-de-combustibles-0927\/"},"author":{"name":"Viviana Monrroy","@id":"https:\/\/www.eldiario.net\/portal\/#\/schema\/person\/ba370d92d160f4d3574381f6d9b78fab"},"headline":"Gobierno interviene YPFB para fiscalizar la cadena de combustibles (09:27)","datePublished":"2026-09-02T13:27:14+00:00","mainEntityOfPage":{"@id":"https:\/\/www.eldiario.net\/portal\/2026\/09\/02\/gobierno-interviene-ypfb-para-fiscalizar-la-cadena-de-combustibles-0927\/"},"wordCount":244,"publisher":{"@id":"https:\/\/www.eldiario.net\/portal\/#organization"},"image":{"@id":"https:\/\/www.eldiario.net\/portal\/2026\/09\/02\/gobierno-interviene-ypfb-para-fiscalizar-la-cadena-de-combustibles-0927\/#primaryimage"},"thumbnailUrl":"https:\/\/www.eldiario.net\/portal\/wp-content\/uploads\/2026\/09\/ypfb-02.09.26-copia.webp","articleSection":["\u00daltima Hora"],"inLanguage":"es"},{"@type":"WebPage","@id":"https:\/\/www.eldiario.net\/portal\/2026\/09\/02\/gobierno-interviene-ypfb-para-fiscalizar-la-cadena-de-combustibles-0927\/","url":"https:\/\/www.eldiario.net\/portal\/2026\/09\/02\/gobierno-interviene-ypfb-para-fiscalizar-la-cadena-de-combustibles-0927\/","name":"Gobierno interviene YPFB para fiscalizar la cadena de combustibles (09:27) - El Diario - Bolivia","isPartOf":{"@id":"https:\/\/www.eldiario.net\/portal\/#website"},"primaryImageOfPage":{"@id":"https:\/\/www.eldiario.net\/portal\/2026\/09\/02\/gobierno-interviene-ypfb-para-fiscalizar-la-cadena-de-combustibles-0927\/#primaryimage"},"image":{"@id":"https:\/\/www.eldiario.net\/portal\/2026\/09\/02\/gobierno-interviene-ypfb-para-fiscalizar-la-cadena-de-combustibles-0927\/#primaryimage"},"thumbnailUrl":"https:\/\/www.eldiario.net\/portal\/wp-content\/uploads\/2026\/09\/ypfb-02.09.26-copia.webp","datePublished":"2026-09-02T13:27:14+00:00","breadcrumb":{"@id":"https:\/\/www.eldiario.net\/portal\/2026\/09\/02\/gobierno-interviene-ypfb-para-fiscalizar-la-cadena-de-combustibles-0927\/#breadcrumb"},"inLanguage":"es","potentialAction":[{"@type":"ReadAction","target":["https:\/\/www.eldiario.net\/portal\/2026\/09\/02\/gobierno-interviene-ypfb-para-fiscalizar-la-cadena-de-combustibles-0927\/"]}]},{"@type":"ImageObject","inLanguage":"es","@id":"https:\/\/www.eldiario.net\/portal\/2026\/09\/02\/gobierno-interviene-ypfb-para-fiscalizar-la-cadena-de-combustibles-0927\/#primaryimage","url":"https:\/\/www.eldiario.net\/portal\/wp-content\/uploads\/2026\/09\/ypfb-02.09.26-copia.webp","contentUrl":"https:\/\/www.eldiario.net\/portal\/wp-content\/uploads\/2026\/09\/ypfb-02.09.26-copia.webp","width":321,"height":550,"caption":"Foto: YPFB"},{"@type":"BreadcrumbList","@id":"https:\/\/www.eldiario.net\/portal\/2026\/09\/02\/gobierno-interviene-ypfb-para-fiscalizar-la-cadena-de-combustibles-0927\/#breadcrumb","itemListElement":[{"@type":"ListItem","position":1,"name":"Portada","item":"https:\/\/www.eldiario.net\/portal\/"},{"@type":"ListItem","position":2,"name":"Gobierno interviene YPFB para fiscalizar la cadena de combustibles (09:27)"}]},{"@type":"WebSite","@id":"https:\/\/www.eldiario.net\/portal\/#website","url":"https:\/\/www.eldiario.net\/portal\/","name":"El Diario - Decano de la prensa nacional","description":"El Diario - Decano de la prensa nacional","publisher":{"@id":"https:\/\/www.eldiario.net\/portal\/#organization"},"potentialAction":[{"@type":"SearchAction","target":{"@type":"EntryPoint","urlTemplate":"https:\/\/www.eldiario.net\/portal\/?s={search_term_string}"},"query-input":{"@type":"PropertyValueSpecification","valueRequired":true,"valueName":"search_term_string"}}],"inLanguage":"es"},{"@type":"Organization","@id":"https:\/\/www.eldiario.net\/portal\/#organization","name":"El Diario - Decano de la prensa nacional","url":"https:\/\/www.eldiario.net\/portal\/","logo":{"@type":"ImageObject","inLanguage":"es","@id":"https:\/\/www.eldiario.net\/portal\/#\/schema\/logo\/image\/","url":"https:\/\/www.eldiario.net\/portal\/wp-content\/uploads\/2023\/07\/logo_ED.jpg","contentUrl":"https:\/\/www.eldiario.net\/portal\/wp-content\/uploads\/2023\/07\/logo_ED.jpg","width":272,"height":52,"caption":"El Diario - Decano de la prensa nacional"},"image":{"@id":"https:\/\/www.eldiario.net\/portal\/#\/schema\/logo\/image\/"},"sameAs":["https:\/\/www.facebook.com\/eldiario.bolivia\/","https:\/\/x.com\/eldiario_net"]},{"@type":"Person","@id":"https:\/\/www.eldiario.net\/portal\/#\/schema\/person\/ba370d92d160f4d3574381f6d9b78fab","name":"Viviana Monrroy","image":{"@type":"ImageObject","inLanguage":"es","@id":"https:\/\/secure.gravatar.com\/avatar\/dfd1611ed5600959a0e5a9754503b6c05d1dcf190010998e0363aee2ad98afca?s=96&d=mm&r=g","url":"https:\/\/secure.gravatar.com\/avatar\/dfd1611ed5600959a0e5a9754503b6c05d1dcf190010998e0363aee2ad98afca?s=96&d=mm&r=g","contentUrl":"https:\/\/secure.gravatar.com\/avatar\/dfd1611ed5600959a0e5a9754503b6c05d1dcf190010998e0363aee2ad98afca?s=96&d=mm&r=g","caption":"Viviana Monrroy"},"sameAs":["http:\/\/www.eldiario.net"],"url":"https:\/\/www.eldiario.net\/portal\/author\/vivianamonrroy\/"}]}},"_links":{"self":[{"href":"https:\/\/www.eldiario.net\/portal\/wp-json\/wp\/v2\/posts\/427036","targetHints":{"allow":["GET"]}}],"collection":[{"href":"https:\/\/www.eldiario.net\/portal\/wp-json\/wp\/v2\/posts"}],"about":[{"href":"https:\/\/www.eldiario.net\/portal\/wp-json\/wp\/v2\/types\/post"}],"author":[{"embeddable":true,"href":"https:\/\/www.eldiario.net\/portal\/wp-json\/wp\/v2\/users\/7"}],"replies":[{"embeddable":true,"href":"https:\/\/www.eldiario.net\/portal\/wp-json\/wp\/v2\/comments?post=427036"}],"version-history":[{"count":1,"href":"https:\/\/www.eldiario.net\/portal\/wp-json\/wp\/v2\/posts\/427036\/revisions"}],"predecessor-version":[{"id":427038,"href":"https:\/\/www.eldiario.net\/portal\/wp-json\/wp\/v2\/posts\/427036\/revisions\/427038"}],"wp:featuredmedia":[{"embeddable":true,"href":"https:\/\/www.eldiario.net\/portal\/wp-json\/wp\/v2\/media\/427037"}],"wp:attachment":[{"href":"https:\/\/www.eldiario.net\/portal\/wp-json\/wp\/v2\/media?parent=427036"}],"wp:term":[{"taxonomy":"category","embeddable":true,"href":"https:\/\/www.eldiario.net\/portal\/wp-json\/wp\/v2\/categories?post=427036"},{"taxonomy":"post_tag","embeddable":true,"href":"https:\/\/www.eldiario.net\/portal\/wp-json\/wp\/v2\/tags?post=427036"}],"curies":[{"name":"wp","href":"https:\/\/api.w.org\/{rel}","templated":true}]}}