{"id":427032,"date":"2026-09-02T09:12:41","date_gmt":"2026-09-02T13:12:41","guid":{"rendered":"https:\/\/www.eldiario.net\/portal\/?p=427032"},"modified":"2026-09-02T09:13:39","modified_gmt":"2026-09-02T13:13:39","slug":"gobierno-aun-no-paga-deuda-de-us-300-millones-0912","status":"publish","type":"post","link":"https:\/\/www.eldiario.net\/portal\/2026\/09\/02\/gobierno-aun-no-paga-deuda-de-us-300-millones-0912\/","title":{"rendered":"Gobierno a\u00fan no paga deuda de $US 300 millones (09:12)"},"content":{"rendered":"<p>Pese al insistente requerimiento, el gobierno a\u00fan no paga la deuda de 300 millones de d\u00f3lares a las petroleras que brindan servicios en el pa\u00eds, lo que se constituye una se\u00f1al negativa para captar nuevas inversiones en el rubro hidrocarbur\u00edfero.<\/p>\n<p>El Director Ejecutivo de la C\u00e1mara Boliviana de Hidrocarburos y Energ\u00eda, Iver Von Borries,\u00a0 asegura que las empresas afiliadas a su sector est\u00e1n dispuestas a seguir apoyando el gobierno en procura de salir de la crisis energ\u00e9tica; pero que esperan el cumplimiento de compromisos anteriores.<\/p>\n<p><iframe loading=\"lazy\" title=\"Gobierno a\u00fan no paga deuda de $US 300 millones\" width=\"696\" height=\"392\" src=\"https:\/\/www.youtube.com\/embed\/257ib8VUmhw?feature=oembed\" frameborder=\"0\" allow=\"accelerometer; autoplay; clipboard-write; encrypted-media; gyroscope; picture-in-picture; web-share\" referrerpolicy=\"strict-origin-when-cross-origin\" allowfullscreen><\/iframe><\/p>\n","protected":false},"excerpt":{"rendered":"<p>Pese al insistente requerimiento, el gobierno a\u00fan no paga la deuda de 300 millones de d\u00f3lares a las petroleras que brindan servicios en el pa\u00eds, lo que se constituye una se\u00f1al negativa para captar nuevas inversiones en el rubro hidrocarbur\u00edfero. El Director Ejecutivo de la C\u00e1mara Boliviana de Hidrocarburos y Energ\u00eda, Iver Von Borries,\u00a0 asegura [&hellip;]<\/p>\n","protected":false},"author":6,"featured_media":427033,"comment_status":"closed","ping_status":"open","sticky":false,"template":"","format":"video","meta":{"_acf_changed":false,"footnotes":""},"categories":[51],"tags":[],"class_list":["post-427032","post","type-post","status-publish","format-video","has-post-thumbnail","category-ultima-hora","post_format-post-format-video"],"acf":{"antetitulo":""},"yoast_head":"<!-- This site is optimized with the Yoast SEO plugin v28.4 - https:\/\/yoast.com\/product\/yoast-seo-wordpress\/ -->\n<title>Gobierno a\u00fan no paga deuda de $US 300 millones (09:12) - El Diario - Bolivia<\/title>\n<meta name=\"robots\" content=\"index, follow, max-snippet:-1, max-image-preview:large, max-video-preview:-1\" \/>\n<link rel=\"canonical\" href=\"https:\/\/www.eldiario.net\/portal\/2026\/09\/02\/gobierno-aun-no-paga-deuda-de-us-300-millones-0912\/\" \/>\n<meta property=\"og:locale\" content=\"es_ES\" \/>\n<meta property=\"og:type\" content=\"article\" \/>\n<meta property=\"og:title\" content=\"Gobierno a\u00fan no paga deuda de $US 300 millones (09:12) - El Diario - Bolivia\" \/>\n<meta property=\"og:description\" content=\"Pese al insistente requerimiento, el gobierno a\u00fan no paga la deuda de 300 millones de d\u00f3lares a las petroleras que brindan servicios en el pa\u00eds, lo que se constituye una se\u00f1al negativa para captar nuevas inversiones en el rubro hidrocarbur\u00edfero. El Director Ejecutivo de la C\u00e1mara Boliviana de Hidrocarburos y Energ\u00eda, Iver Von Borries,\u00a0 asegura [&hellip;]\" \/>\n<meta property=\"og:url\" content=\"https:\/\/www.eldiario.net\/portal\/2026\/09\/02\/gobierno-aun-no-paga-deuda-de-us-300-millones-0912\/\" \/>\n<meta property=\"og:site_name\" content=\"El Diario - Bolivia\" \/>\n<meta property=\"article:publisher\" content=\"https:\/\/www.facebook.com\/eldiario.bolivia\/\" \/>\n<meta property=\"article:published_time\" content=\"2026-09-02T13:12:41+00:00\" \/>\n<meta property=\"article:modified_time\" content=\"2026-09-02T13:13:39+00:00\" \/>\n<meta property=\"og:image\" content=\"https:\/\/www.eldiario.net\/portal\/wp-content\/uploads\/2026\/09\/WhatsApp-Image-2026-09-01-at-10.08.46-AM-e1788354294748.jpeg\" \/>\n\t<meta property=\"og:image:width\" content=\"400\" \/>\n\t<meta property=\"og:image:height\" content=\"211\" \/>\n\t<meta property=\"og:image:type\" content=\"image\/jpeg\" \/>\n<meta name=\"author\" content=\"Mariana Garnica\" \/>\n<meta name=\"twitter:card\" content=\"summary_large_image\" \/>\n<meta name=\"twitter:creator\" content=\"@eldiario_net\" \/>\n<meta name=\"twitter:site\" content=\"@eldiario_net\" \/>\n<meta name=\"twitter:label1\" content=\"Escrito por\" \/>\n\t<meta name=\"twitter:data1\" content=\"Mariana Garnica\" \/>\n\t<meta name=\"twitter:label2\" content=\"Tiempo de lectura\" \/>\n\t<meta name=\"twitter:data2\" content=\"1 minuto\" \/>\n<script type=\"application\/ld+json\" class=\"yoast-schema-graph\">{\"@context\":\"https:\\\/\\\/schema.org\",\"@graph\":[{\"@type\":\"Article\",\"@id\":\"https:\\\/\\\/www.eldiario.net\\\/portal\\\/2026\\\/09\\\/02\\\/gobierno-aun-no-paga-deuda-de-us-300-millones-0912\\\/#article\",\"isPartOf\":{\"@id\":\"https:\\\/\\\/www.eldiario.net\\\/portal\\\/2026\\\/09\\\/02\\\/gobierno-aun-no-paga-deuda-de-us-300-millones-0912\\\/\"},\"author\":{\"name\":\"Mariana Garnica\",\"@id\":\"https:\\\/\\\/www.eldiario.net\\\/portal\\\/#\\\/schema\\\/person\\\/3d6bd38bc7922cd9f6b692b3bfe47692\"},\"headline\":\"Gobierno a\u00fan no paga deuda de $US 300 millones (09:12)\",\"datePublished\":\"2026-09-02T13:12:41+00:00\",\"dateModified\":\"2026-09-02T13:13:39+00:00\",\"mainEntityOfPage\":{\"@id\":\"https:\\\/\\\/www.eldiario.net\\\/portal\\\/2026\\\/09\\\/02\\\/gobierno-aun-no-paga-deuda-de-us-300-millones-0912\\\/\"},\"wordCount\":109,\"publisher\":{\"@id\":\"https:\\\/\\\/www.eldiario.net\\\/portal\\\/#organization\"},\"image\":{\"@id\":\"https:\\\/\\\/www.eldiario.net\\\/portal\\\/2026\\\/09\\\/02\\\/gobierno-aun-no-paga-deuda-de-us-300-millones-0912\\\/#primaryimage\"},\"thumbnailUrl\":\"https:\\\/\\\/www.eldiario.net\\\/portal\\\/wp-content\\\/uploads\\\/2026\\\/09\\\/WhatsApp-Image-2026-09-01-at-10.08.46-AM-e1788354294748.jpeg\",\"articleSection\":[\"\u00daltima Hora\"],\"inLanguage\":\"es\"},{\"@type\":\"WebPage\",\"@id\":\"https:\\\/\\\/www.eldiario.net\\\/portal\\\/2026\\\/09\\\/02\\\/gobierno-aun-no-paga-deuda-de-us-300-millones-0912\\\/\",\"url\":\"https:\\\/\\\/www.eldiario.net\\\/portal\\\/2026\\\/09\\\/02\\\/gobierno-aun-no-paga-deuda-de-us-300-millones-0912\\\/\",\"name\":\"Gobierno a\u00fan no paga deuda de $US 300 millones (09:12) - El Diario - Bolivia\",\"isPartOf\":{\"@id\":\"https:\\\/\\\/www.eldiario.net\\\/portal\\\/#website\"},\"primaryImageOfPage\":{\"@id\":\"https:\\\/\\\/www.eldiario.net\\\/portal\\\/2026\\\/09\\\/02\\\/gobierno-aun-no-paga-deuda-de-us-300-millones-0912\\\/#primaryimage\"},\"image\":{\"@id\":\"https:\\\/\\\/www.eldiario.net\\\/portal\\\/2026\\\/09\\\/02\\\/gobierno-aun-no-paga-deuda-de-us-300-millones-0912\\\/#primaryimage\"},\"thumbnailUrl\":\"https:\\\/\\\/www.eldiario.net\\\/portal\\\/wp-content\\\/uploads\\\/2026\\\/09\\\/WhatsApp-Image-2026-09-01-at-10.08.46-AM-e1788354294748.jpeg\",\"datePublished\":\"2026-09-02T13:12:41+00:00\",\"dateModified\":\"2026-09-02T13:13:39+00:00\",\"breadcrumb\":{\"@id\":\"https:\\\/\\\/www.eldiario.net\\\/portal\\\/2026\\\/09\\\/02\\\/gobierno-aun-no-paga-deuda-de-us-300-millones-0912\\\/#breadcrumb\"},\"inLanguage\":\"es\",\"potentialAction\":[{\"@type\":\"ReadAction\",\"target\":[\"https:\\\/\\\/www.eldiario.net\\\/portal\\\/2026\\\/09\\\/02\\\/gobierno-aun-no-paga-deuda-de-us-300-millones-0912\\\/\"]}]},{\"@type\":\"ImageObject\",\"inLanguage\":\"es\",\"@id\":\"https:\\\/\\\/www.eldiario.net\\\/portal\\\/2026\\\/09\\\/02\\\/gobierno-aun-no-paga-deuda-de-us-300-millones-0912\\\/#primaryimage\",\"url\":\"https:\\\/\\\/www.eldiario.net\\\/portal\\\/wp-content\\\/uploads\\\/2026\\\/09\\\/WhatsApp-Image-2026-09-01-at-10.08.46-AM-e1788354294748.jpeg\",\"contentUrl\":\"https:\\\/\\\/www.eldiario.net\\\/portal\\\/wp-content\\\/uploads\\\/2026\\\/09\\\/WhatsApp-Image-2026-09-01-at-10.08.46-AM-e1788354294748.jpeg\",\"width\":400,\"height\":211},{\"@type\":\"BreadcrumbList\",\"@id\":\"https:\\\/\\\/www.eldiario.net\\\/portal\\\/2026\\\/09\\\/02\\\/gobierno-aun-no-paga-deuda-de-us-300-millones-0912\\\/#breadcrumb\",\"itemListElement\":[{\"@type\":\"ListItem\",\"position\":1,\"name\":\"Portada\",\"item\":\"https:\\\/\\\/www.eldiario.net\\\/portal\\\/\"},{\"@type\":\"ListItem\",\"position\":2,\"name\":\"Gobierno a\u00fan no paga deuda de $US 300 millones (09:12)\"}]},{\"@type\":\"WebSite\",\"@id\":\"https:\\\/\\\/www.eldiario.net\\\/portal\\\/#website\",\"url\":\"https:\\\/\\\/www.eldiario.net\\\/portal\\\/\",\"name\":\"El Diario - Decano de la prensa nacional\",\"description\":\"El Diario - Decano de la prensa nacional\",\"publisher\":{\"@id\":\"https:\\\/\\\/www.eldiario.net\\\/portal\\\/#organization\"},\"potentialAction\":[{\"@type\":\"SearchAction\",\"target\":{\"@type\":\"EntryPoint\",\"urlTemplate\":\"https:\\\/\\\/www.eldiario.net\\\/portal\\\/?s={search_term_string}\"},\"query-input\":{\"@type\":\"PropertyValueSpecification\",\"valueRequired\":true,\"valueName\":\"search_term_string\"}}],\"inLanguage\":\"es\"},{\"@type\":\"Organization\",\"@id\":\"https:\\\/\\\/www.eldiario.net\\\/portal\\\/#organization\",\"name\":\"El Diario - Decano de la prensa nacional\",\"url\":\"https:\\\/\\\/www.eldiario.net\\\/portal\\\/\",\"logo\":{\"@type\":\"ImageObject\",\"inLanguage\":\"es\",\"@id\":\"https:\\\/\\\/www.eldiario.net\\\/portal\\\/#\\\/schema\\\/logo\\\/image\\\/\",\"url\":\"https:\\\/\\\/www.eldiario.net\\\/portal\\\/wp-content\\\/uploads\\\/2023\\\/07\\\/logo_ED.jpg\",\"contentUrl\":\"https:\\\/\\\/www.eldiario.net\\\/portal\\\/wp-content\\\/uploads\\\/2023\\\/07\\\/logo_ED.jpg\",\"width\":272,\"height\":52,\"caption\":\"El Diario - Decano de la prensa nacional\"},\"image\":{\"@id\":\"https:\\\/\\\/www.eldiario.net\\\/portal\\\/#\\\/schema\\\/logo\\\/image\\\/\"},\"sameAs\":[\"https:\\\/\\\/www.facebook.com\\\/eldiario.bolivia\\\/\",\"https:\\\/\\\/x.com\\\/eldiario_net\"]},{\"@type\":\"Person\",\"@id\":\"https:\\\/\\\/www.eldiario.net\\\/portal\\\/#\\\/schema\\\/person\\\/3d6bd38bc7922cd9f6b692b3bfe47692\",\"name\":\"Mariana Garnica\",\"image\":{\"@type\":\"ImageObject\",\"inLanguage\":\"es\",\"@id\":\"https:\\\/\\\/secure.gravatar.com\\\/avatar\\\/41ff8773a042930478027d27070a9bf5dfb25b1f36d7245a4372dea1f9f295bf?s=96&d=mm&r=g\",\"url\":\"https:\\\/\\\/secure.gravatar.com\\\/avatar\\\/41ff8773a042930478027d27070a9bf5dfb25b1f36d7245a4372dea1f9f295bf?s=96&d=mm&r=g\",\"contentUrl\":\"https:\\\/\\\/secure.gravatar.com\\\/avatar\\\/41ff8773a042930478027d27070a9bf5dfb25b1f36d7245a4372dea1f9f295bf?s=96&d=mm&r=g\",\"caption\":\"Mariana Garnica\"},\"url\":\"https:\\\/\\\/www.eldiario.net\\\/portal\\\/author\\\/manzanita\\\/\"}]}<\/script>\n<!-- \/ Yoast SEO plugin. -->","yoast_head_json":{"title":"Gobierno a\u00fan no paga deuda de $US 300 millones (09:12) - El Diario - Bolivia","robots":{"index":"index","follow":"follow","max-snippet":"max-snippet:-1","max-image-preview":"max-image-preview:large","max-video-preview":"max-video-preview:-1"},"canonical":"https:\/\/www.eldiario.net\/portal\/2026\/09\/02\/gobierno-aun-no-paga-deuda-de-us-300-millones-0912\/","og_locale":"es_ES","og_type":"article","og_title":"Gobierno a\u00fan no paga deuda de $US 300 millones (09:12) - El Diario - Bolivia","og_description":"Pese al insistente requerimiento, el gobierno a\u00fan no paga la deuda de 300 millones de d\u00f3lares a las petroleras que brindan servicios en el pa\u00eds, lo que se constituye una se\u00f1al negativa para captar nuevas inversiones en el rubro hidrocarbur\u00edfero. El Director Ejecutivo de la C\u00e1mara Boliviana de Hidrocarburos y Energ\u00eda, Iver Von Borries,\u00a0 asegura [&hellip;]","og_url":"https:\/\/www.eldiario.net\/portal\/2026\/09\/02\/gobierno-aun-no-paga-deuda-de-us-300-millones-0912\/","og_site_name":"El Diario - Bolivia","article_publisher":"https:\/\/www.facebook.com\/eldiario.bolivia\/","article_published_time":"2026-09-02T13:12:41+00:00","article_modified_time":"2026-09-02T13:13:39+00:00","og_image":[{"width":400,"height":211,"url":"https:\/\/www.eldiario.net\/portal\/wp-content\/uploads\/2026\/09\/WhatsApp-Image-2026-09-01-at-10.08.46-AM-e1788354294748.jpeg","type":"image\/jpeg"}],"author":"Mariana Garnica","twitter_card":"summary_large_image","twitter_creator":"@eldiario_net","twitter_site":"@eldiario_net","twitter_misc":{"Escrito por":"Mariana Garnica","Tiempo de lectura":"1 minuto"},"schema":{"@context":"https:\/\/schema.org","@graph":[{"@type":"Article","@id":"https:\/\/www.eldiario.net\/portal\/2026\/09\/02\/gobierno-aun-no-paga-deuda-de-us-300-millones-0912\/#article","isPartOf":{"@id":"https:\/\/www.eldiario.net\/portal\/2026\/09\/02\/gobierno-aun-no-paga-deuda-de-us-300-millones-0912\/"},"author":{"name":"Mariana Garnica","@id":"https:\/\/www.eldiario.net\/portal\/#\/schema\/person\/3d6bd38bc7922cd9f6b692b3bfe47692"},"headline":"Gobierno a\u00fan no paga deuda de $US 300 millones (09:12)","datePublished":"2026-09-02T13:12:41+00:00","dateModified":"2026-09-02T13:13:39+00:00","mainEntityOfPage":{"@id":"https:\/\/www.eldiario.net\/portal\/2026\/09\/02\/gobierno-aun-no-paga-deuda-de-us-300-millones-0912\/"},"wordCount":109,"publisher":{"@id":"https:\/\/www.eldiario.net\/portal\/#organization"},"image":{"@id":"https:\/\/www.eldiario.net\/portal\/2026\/09\/02\/gobierno-aun-no-paga-deuda-de-us-300-millones-0912\/#primaryimage"},"thumbnailUrl":"https:\/\/www.eldiario.net\/portal\/wp-content\/uploads\/2026\/09\/WhatsApp-Image-2026-09-01-at-10.08.46-AM-e1788354294748.jpeg","articleSection":["\u00daltima Hora"],"inLanguage":"es"},{"@type":"WebPage","@id":"https:\/\/www.eldiario.net\/portal\/2026\/09\/02\/gobierno-aun-no-paga-deuda-de-us-300-millones-0912\/","url":"https:\/\/www.eldiario.net\/portal\/2026\/09\/02\/gobierno-aun-no-paga-deuda-de-us-300-millones-0912\/","name":"Gobierno a\u00fan no paga deuda de $US 300 millones (09:12) - El Diario - Bolivia","isPartOf":{"@id":"https:\/\/www.eldiario.net\/portal\/#website"},"primaryImageOfPage":{"@id":"https:\/\/www.eldiario.net\/portal\/2026\/09\/02\/gobierno-aun-no-paga-deuda-de-us-300-millones-0912\/#primaryimage"},"image":{"@id":"https:\/\/www.eldiario.net\/portal\/2026\/09\/02\/gobierno-aun-no-paga-deuda-de-us-300-millones-0912\/#primaryimage"},"thumbnailUrl":"https:\/\/www.eldiario.net\/portal\/wp-content\/uploads\/2026\/09\/WhatsApp-Image-2026-09-01-at-10.08.46-AM-e1788354294748.jpeg","datePublished":"2026-09-02T13:12:41+00:00","dateModified":"2026-09-02T13:13:39+00:00","breadcrumb":{"@id":"https:\/\/www.eldiario.net\/portal\/2026\/09\/02\/gobierno-aun-no-paga-deuda-de-us-300-millones-0912\/#breadcrumb"},"inLanguage":"es","potentialAction":[{"@type":"ReadAction","target":["https:\/\/www.eldiario.net\/portal\/2026\/09\/02\/gobierno-aun-no-paga-deuda-de-us-300-millones-0912\/"]}]},{"@type":"ImageObject","inLanguage":"es","@id":"https:\/\/www.eldiario.net\/portal\/2026\/09\/02\/gobierno-aun-no-paga-deuda-de-us-300-millones-0912\/#primaryimage","url":"https:\/\/www.eldiario.net\/portal\/wp-content\/uploads\/2026\/09\/WhatsApp-Image-2026-09-01-at-10.08.46-AM-e1788354294748.jpeg","contentUrl":"https:\/\/www.eldiario.net\/portal\/wp-content\/uploads\/2026\/09\/WhatsApp-Image-2026-09-01-at-10.08.46-AM-e1788354294748.jpeg","width":400,"height":211},{"@type":"BreadcrumbList","@id":"https:\/\/www.eldiario.net\/portal\/2026\/09\/02\/gobierno-aun-no-paga-deuda-de-us-300-millones-0912\/#breadcrumb","itemListElement":[{"@type":"ListItem","position":1,"name":"Portada","item":"https:\/\/www.eldiario.net\/portal\/"},{"@type":"ListItem","position":2,"name":"Gobierno a\u00fan no paga deuda de $US 300 millones (09:12)"}]},{"@type":"WebSite","@id":"https:\/\/www.eldiario.net\/portal\/#website","url":"https:\/\/www.eldiario.net\/portal\/","name":"El Diario - Decano de la prensa nacional","description":"El Diario - Decano de la prensa nacional","publisher":{"@id":"https:\/\/www.eldiario.net\/portal\/#organization"},"potentialAction":[{"@type":"SearchAction","target":{"@type":"EntryPoint","urlTemplate":"https:\/\/www.eldiario.net\/portal\/?s={search_term_string}"},"query-input":{"@type":"PropertyValueSpecification","valueRequired":true,"valueName":"search_term_string"}}],"inLanguage":"es"},{"@type":"Organization","@id":"https:\/\/www.eldiario.net\/portal\/#organization","name":"El Diario - Decano de la prensa nacional","url":"https:\/\/www.eldiario.net\/portal\/","logo":{"@type":"ImageObject","inLanguage":"es","@id":"https:\/\/www.eldiario.net\/portal\/#\/schema\/logo\/image\/","url":"https:\/\/www.eldiario.net\/portal\/wp-content\/uploads\/2023\/07\/logo_ED.jpg","contentUrl":"https:\/\/www.eldiario.net\/portal\/wp-content\/uploads\/2023\/07\/logo_ED.jpg","width":272,"height":52,"caption":"El Diario - Decano de la prensa nacional"},"image":{"@id":"https:\/\/www.eldiario.net\/portal\/#\/schema\/logo\/image\/"},"sameAs":["https:\/\/www.facebook.com\/eldiario.bolivia\/","https:\/\/x.com\/eldiario_net"]},{"@type":"Person","@id":"https:\/\/www.eldiario.net\/portal\/#\/schema\/person\/3d6bd38bc7922cd9f6b692b3bfe47692","name":"Mariana Garnica","image":{"@type":"ImageObject","inLanguage":"es","@id":"https:\/\/secure.gravatar.com\/avatar\/41ff8773a042930478027d27070a9bf5dfb25b1f36d7245a4372dea1f9f295bf?s=96&d=mm&r=g","url":"https:\/\/secure.gravatar.com\/avatar\/41ff8773a042930478027d27070a9bf5dfb25b1f36d7245a4372dea1f9f295bf?s=96&d=mm&r=g","contentUrl":"https:\/\/secure.gravatar.com\/avatar\/41ff8773a042930478027d27070a9bf5dfb25b1f36d7245a4372dea1f9f295bf?s=96&d=mm&r=g","caption":"Mariana Garnica"},"url":"https:\/\/www.eldiario.net\/portal\/author\/manzanita\/"}]}},"_links":{"self":[{"href":"https:\/\/www.eldiario.net\/portal\/wp-json\/wp\/v2\/posts\/427032","targetHints":{"allow":["GET"]}}],"collection":[{"href":"https:\/\/www.eldiario.net\/portal\/wp-json\/wp\/v2\/posts"}],"about":[{"href":"https:\/\/www.eldiario.net\/portal\/wp-json\/wp\/v2\/types\/post"}],"author":[{"embeddable":true,"href":"https:\/\/www.eldiario.net\/portal\/wp-json\/wp\/v2\/users\/6"}],"replies":[{"embeddable":true,"href":"https:\/\/www.eldiario.net\/portal\/wp-json\/wp\/v2\/comments?post=427032"}],"version-history":[{"count":1,"href":"https:\/\/www.eldiario.net\/portal\/wp-json\/wp\/v2\/posts\/427032\/revisions"}],"predecessor-version":[{"id":427034,"href":"https:\/\/www.eldiario.net\/portal\/wp-json\/wp\/v2\/posts\/427032\/revisions\/427034"}],"wp:featuredmedia":[{"embeddable":true,"href":"https:\/\/www.eldiario.net\/portal\/wp-json\/wp\/v2\/media\/427033"}],"wp:attachment":[{"href":"https:\/\/www.eldiario.net\/portal\/wp-json\/wp\/v2\/media?parent=427032"}],"wp:term":[{"taxonomy":"category","embeddable":true,"href":"https:\/\/www.eldiario.net\/portal\/wp-json\/wp\/v2\/categories?post=427032"},{"taxonomy":"post_tag","embeddable":true,"href":"https:\/\/www.eldiario.net\/portal\/wp-json\/wp\/v2\/tags?post=427032"}],"curies":[{"name":"wp","href":"https:\/\/api.w.org\/{rel}","templated":true}]}}