{"id":427029,"date":"2026-09-02T07:03:40","date_gmt":"2026-09-02T11:03:40","guid":{"rendered":"https:\/\/www.eldiario.net\/portal\/?p=427029"},"modified":"2026-09-02T07:03:40","modified_gmt":"2026-09-02T11:03:40","slug":"crisis-por-diesel-provoca-protestas-en-dos-regiones","status":"publish","type":"post","link":"https:\/\/www.eldiario.net\/portal\/2026\/09\/02\/crisis-por-diesel-provoca-protestas-en-dos-regiones\/","title":{"rendered":"Crisis por di\u00e9sel provoca  protestas en dos regiones"},"content":{"rendered":"<p>Sectores empresariales, productivos y del transporte de Cochabamba otorgaron al Gobierno nacional cinco d\u00edas h\u00e1biles para presentar una respuesta formal, t\u00e9cnica y documentada a sus demandas frente a la crisis de combustibles. En Santa Cruz, transportistas y productores del Norte Integrado se movilizaron ayer en Montero contra la escasez de di\u00e9sel, el precio de Bs 18 por litro y el Decreto Supremo 5676.<br \/>\nEn Cochabamba, los sectores emitieron el denominado \u201cMandato Productivo de Cochabamba\u201d, documento en el que sostienen que la falta de combustibles, el incremento de costos, la ausencia de previsibilidad y la aplicaci\u00f3n de medidas sin suficiente evaluaci\u00f3n ni concertaci\u00f3n llevaron al aparato productivo departamental a una \u201csituaci\u00f3n l\u00edmite\u201d.<br \/>\n\u201cCochabamba ha propuesto. Ahora el Estado tiene cinco d\u00edas para responder. No pedimos m\u00e1s anuncios. Exigimos resultados\u201d, se\u00f1ala el documento.<br \/>\nEl mandato contiene cinco demandas. La primera plantea la modificaci\u00f3n inmediata del Decreto Supremo (DS) 5676 y la participaci\u00f3n de los sectores directamente afectados en su reglamentaci\u00f3n.<br \/>\nSeg\u00fan el documento, la aplicaci\u00f3n de la norma increment\u00f3 los costos y profundiz\u00f3 las distorsiones de precios de combustibles, sin solucionar el problema de abastecimiento.<br \/>\nLa segunda demanda exige garantizar combustible para los nueve departamentos mediante una programaci\u00f3n nacional acompa\u00f1ada de informaci\u00f3n p\u00fablica diaria sobre vol\u00famenes programados, despachos efectivos, trazabilidad, cobertura e inventarios por departamento.<br \/>\nLos sectores plantean que las medidas destinadas a resolver problemas de abastecimiento en una regi\u00f3n sean aplicadas de manera equitativa a nivel nacional.<br \/>\nComo tercer punto, demandan incrementar la utilizaci\u00f3n efectiva de la Refiner\u00eda Gualberto Villarroel y facilitar la importaci\u00f3n de petr\u00f3leo crudo compatible para su procesamiento en Bolivia.<br \/>\nAsimismo, proponen implementar un Netback Nacional de Refinaci\u00f3n, mecanismo que permitir\u00eda comparar, con informaci\u00f3n p\u00fablica, cu\u00e1ndo resulta m\u00e1s conveniente importar combustibles terminados y cu\u00e1ndo es m\u00e1s eficiente adquirir petr\u00f3leo crudo para procesarlo en el pa\u00eds.<br \/>\nEl planteamiento sostiene que cada barril que resulte t\u00e9cnica y econ\u00f3micamente m\u00e1s eficiente procesar en Bolivia, deber\u00eda ser refinado dentro del territorio nacional.<br \/>\nLa cuarta demanda est\u00e1 relacionada con los compromisos asumidos por Bolivia con el Fondo Monetario Internacional (FMI) y otras operaciones de financiamiento externo.<br \/>\nLos sectores exigen que se hagan p\u00fablicos los requisitos, compromisos, acciones previas, metas y condiciones asumidas por el Estado boliviano. Tambi\u00e9n solicitan que la Asamblea Legislativa Plurinacional (ALP) reciba oportunamente la documentaci\u00f3n necesaria para analizar, dentro de sus atribuciones, las operaciones que correspondan.<br \/>\n\u201cBolivia necesita anticipaci\u00f3n y previsibilidad, no decisiones econ\u00f3micas conocidas cuando ya deben ser ejecutadas\u201d, indica el pedido.<br \/>\nEl quinto punto plantea la creaci\u00f3n de una Mesa Nacional de Seguridad Energ\u00e9tica con participaci\u00f3n del Gobierno nacional, Yacimientos Petrol\u00edferos Fiscales Bolivianos (YPFB) y representantes de los sectores empresariales, productivos y del transporte.<br \/>\nLa instancia tendr\u00eda como objetivo trabajar y hacer seguimiento a soluciones vinculadas con el abastecimiento, los precios, la refinaci\u00f3n, las importaciones y la log\u00edstica de combustibles.<br \/>\nA partir de la entrega oficial del mandato, los sectores otorgaron cinco d\u00edas h\u00e1biles al Ejecutivo para presentar una respuesta formal, t\u00e9cnica, documentada y acompa\u00f1ada de plazos concretos de ejecuci\u00f3n.<br \/>\nSi al concluir ese per\u00edodo no reciben una respuesta considerada satisfactoria, anunciaron la convocatoria inmediata a una Asamblea Productiva Ampliada para evaluar los resultados y definir una segunda fase de acciones.<\/p>\n<p>PROTESTAS EN<br \/>\nMONTERO<br \/>\nEn Santa Cruz, transportistas del Norte Integrado se movilizaron ayer en Montero para protestar por la escasez de di\u00e9sel y el precio de Bs 18 por litro.<br \/>\nLos afectados denunciaron largas filas en las estaciones de servicio. Asimismo, exigieron la abrogaci\u00f3n del Decreto Supremo 5676 y reclamaron trabajos de mantenimiento en las carreteras del Norte Integrado.<br \/>\n\u201cEl motivo es el \u2018dieselazo\u2019, nos han subido a Bs 18 por litro. Eso no solo afecta al transportista, sino al arrocero, ca\u00f1ero, agricultores, comerciantes; todo va a subir a base de eso\u201d, manifest\u00f3 uno de los transportistas durante la movilizaci\u00f3n.<br \/>\nLos dirigentes tambi\u00e9n denunciaron el mal estado de las carreteras y advirtieron sobre los riesgos para las personas que transitan por esas v\u00edas. (Cochabamba\/Santa Cruz, agencias)<\/p>\n","protected":false},"excerpt":{"rendered":"<p>Sectores empresariales, productivos y del transporte de Cochabamba otorgaron al Gobierno nacional cinco d\u00edas h\u00e1biles para presentar una respuesta formal, t\u00e9cnica y documentada a sus demandas frente a la crisis de combustibles. En Santa Cruz, transportistas y productores del Norte Integrado se movilizaron ayer en Montero contra la escasez de di\u00e9sel, el precio de Bs [&hellip;]<\/p>\n","protected":false},"author":1,"featured_media":427030,"comment_status":"closed","ping_status":"open","sticky":false,"template":"","format":"standard","meta":{"_acf_changed":false,"footnotes":""},"categories":[12],"tags":[],"class_list":["post-427029","post","type-post","status-publish","format-standard","has-post-thumbnail","category-nacional"],"acf":{"antetitulo":""},"yoast_head":"<!-- This site is optimized with the Yoast SEO plugin v28.4 - https:\/\/yoast.com\/product\/yoast-seo-wordpress\/ -->\n<title>Crisis por di\u00e9sel provoca protestas en dos regiones - El Diario - Bolivia<\/title>\n<meta name=\"robots\" content=\"index, follow, max-snippet:-1, max-image-preview:large, max-video-preview:-1\" \/>\n<link rel=\"canonical\" href=\"https:\/\/www.eldiario.net\/portal\/2026\/09\/02\/crisis-por-diesel-provoca-protestas-en-dos-regiones\/\" \/>\n<meta property=\"og:locale\" content=\"es_ES\" \/>\n<meta property=\"og:type\" content=\"article\" \/>\n<meta property=\"og:title\" content=\"Crisis por di\u00e9sel provoca protestas en dos regiones - El Diario - Bolivia\" \/>\n<meta property=\"og:description\" content=\"Sectores empresariales, productivos y del transporte de Cochabamba otorgaron al Gobierno nacional cinco d\u00edas h\u00e1biles para presentar una respuesta formal, t\u00e9cnica y documentada a sus demandas frente a la crisis de combustibles. En Santa Cruz, transportistas y productores del Norte Integrado se movilizaron ayer en Montero contra la escasez de di\u00e9sel, el precio de Bs [&hellip;]\" \/>\n<meta property=\"og:url\" content=\"https:\/\/www.eldiario.net\/portal\/2026\/09\/02\/crisis-por-diesel-provoca-protestas-en-dos-regiones\/\" \/>\n<meta property=\"og:site_name\" content=\"El Diario - Bolivia\" \/>\n<meta property=\"article:publisher\" content=\"https:\/\/www.facebook.com\/eldiario.bolivia\/\" \/>\n<meta property=\"article:published_time\" content=\"2026-09-02T11:03:40+00:00\" \/>\n<meta property=\"og:image\" content=\"https:\/\/www.eldiario.net\/portal\/wp-content\/uploads\/2026\/09\/10-NAL-COLOR.webp\" \/>\n\t<meta property=\"og:image:width\" content=\"800\" \/>\n\t<meta property=\"og:image:height\" content=\"450\" \/>\n\t<meta property=\"og:image:type\" content=\"image\/webp\" \/>\n<meta name=\"author\" content=\"Jeanette\" \/>\n<meta name=\"twitter:card\" content=\"summary_large_image\" \/>\n<meta name=\"twitter:creator\" content=\"@eldiario_net\" \/>\n<meta name=\"twitter:site\" content=\"@eldiario_net\" \/>\n<meta name=\"twitter:label1\" content=\"Escrito por\" \/>\n\t<meta name=\"twitter:data1\" content=\"Jeanette\" \/>\n\t<meta name=\"twitter:label2\" content=\"Tiempo de lectura\" \/>\n\t<meta name=\"twitter:data2\" content=\"4 minutos\" \/>\n<script type=\"application\/ld+json\" class=\"yoast-schema-graph\">{\"@context\":\"https:\\\/\\\/schema.org\",\"@graph\":[{\"@type\":\"Article\",\"@id\":\"https:\\\/\\\/www.eldiario.net\\\/portal\\\/2026\\\/09\\\/02\\\/crisis-por-diesel-provoca-protestas-en-dos-regiones\\\/#article\",\"isPartOf\":{\"@id\":\"https:\\\/\\\/www.eldiario.net\\\/portal\\\/2026\\\/09\\\/02\\\/crisis-por-diesel-provoca-protestas-en-dos-regiones\\\/\"},\"author\":{\"name\":\"Jeanette\",\"@id\":\"https:\\\/\\\/www.eldiario.net\\\/portal\\\/#\\\/schema\\\/person\\\/f46445640444750d7d753ccd04ae01b7\"},\"headline\":\"Crisis por di\u00e9sel provoca protestas en dos regiones\",\"datePublished\":\"2026-09-02T11:03:40+00:00\",\"mainEntityOfPage\":{\"@id\":\"https:\\\/\\\/www.eldiario.net\\\/portal\\\/2026\\\/09\\\/02\\\/crisis-por-diesel-provoca-protestas-en-dos-regiones\\\/\"},\"wordCount\":718,\"publisher\":{\"@id\":\"https:\\\/\\\/www.eldiario.net\\\/portal\\\/#organization\"},\"image\":{\"@id\":\"https:\\\/\\\/www.eldiario.net\\\/portal\\\/2026\\\/09\\\/02\\\/crisis-por-diesel-provoca-protestas-en-dos-regiones\\\/#primaryimage\"},\"thumbnailUrl\":\"https:\\\/\\\/www.eldiario.net\\\/portal\\\/wp-content\\\/uploads\\\/2026\\\/09\\\/10-NAL-COLOR.webp\",\"articleSection\":[\"Nacional\"],\"inLanguage\":\"es\"},{\"@type\":\"WebPage\",\"@id\":\"https:\\\/\\\/www.eldiario.net\\\/portal\\\/2026\\\/09\\\/02\\\/crisis-por-diesel-provoca-protestas-en-dos-regiones\\\/\",\"url\":\"https:\\\/\\\/www.eldiario.net\\\/portal\\\/2026\\\/09\\\/02\\\/crisis-por-diesel-provoca-protestas-en-dos-regiones\\\/\",\"name\":\"Crisis por di\u00e9sel provoca protestas en dos regiones - El Diario - Bolivia\",\"isPartOf\":{\"@id\":\"https:\\\/\\\/www.eldiario.net\\\/portal\\\/#website\"},\"primaryImageOfPage\":{\"@id\":\"https:\\\/\\\/www.eldiario.net\\\/portal\\\/2026\\\/09\\\/02\\\/crisis-por-diesel-provoca-protestas-en-dos-regiones\\\/#primaryimage\"},\"image\":{\"@id\":\"https:\\\/\\\/www.eldiario.net\\\/portal\\\/2026\\\/09\\\/02\\\/crisis-por-diesel-provoca-protestas-en-dos-regiones\\\/#primaryimage\"},\"thumbnailUrl\":\"https:\\\/\\\/www.eldiario.net\\\/portal\\\/wp-content\\\/uploads\\\/2026\\\/09\\\/10-NAL-COLOR.webp\",\"datePublished\":\"2026-09-02T11:03:40+00:00\",\"breadcrumb\":{\"@id\":\"https:\\\/\\\/www.eldiario.net\\\/portal\\\/2026\\\/09\\\/02\\\/crisis-por-diesel-provoca-protestas-en-dos-regiones\\\/#breadcrumb\"},\"inLanguage\":\"es\",\"potentialAction\":[{\"@type\":\"ReadAction\",\"target\":[\"https:\\\/\\\/www.eldiario.net\\\/portal\\\/2026\\\/09\\\/02\\\/crisis-por-diesel-provoca-protestas-en-dos-regiones\\\/\"]}]},{\"@type\":\"ImageObject\",\"inLanguage\":\"es\",\"@id\":\"https:\\\/\\\/www.eldiario.net\\\/portal\\\/2026\\\/09\\\/02\\\/crisis-por-diesel-provoca-protestas-en-dos-regiones\\\/#primaryimage\",\"url\":\"https:\\\/\\\/www.eldiario.net\\\/portal\\\/wp-content\\\/uploads\\\/2026\\\/09\\\/10-NAL-COLOR.webp\",\"contentUrl\":\"https:\\\/\\\/www.eldiario.net\\\/portal\\\/wp-content\\\/uploads\\\/2026\\\/09\\\/10-NAL-COLOR.webp\",\"width\":800,\"height\":450,\"caption\":\"MARCHA DE TRANSPORTISTAS REALIZADA AYER EN MONTERO.\"},{\"@type\":\"BreadcrumbList\",\"@id\":\"https:\\\/\\\/www.eldiario.net\\\/portal\\\/2026\\\/09\\\/02\\\/crisis-por-diesel-provoca-protestas-en-dos-regiones\\\/#breadcrumb\",\"itemListElement\":[{\"@type\":\"ListItem\",\"position\":1,\"name\":\"Portada\",\"item\":\"https:\\\/\\\/www.eldiario.net\\\/portal\\\/\"},{\"@type\":\"ListItem\",\"position\":2,\"name\":\"Crisis por di\u00e9sel provoca protestas en dos regiones\"}]},{\"@type\":\"WebSite\",\"@id\":\"https:\\\/\\\/www.eldiario.net\\\/portal\\\/#website\",\"url\":\"https:\\\/\\\/www.eldiario.net\\\/portal\\\/\",\"name\":\"El Diario - Decano de la prensa nacional\",\"description\":\"El Diario - Decano de la prensa nacional\",\"publisher\":{\"@id\":\"https:\\\/\\\/www.eldiario.net\\\/portal\\\/#organization\"},\"potentialAction\":[{\"@type\":\"SearchAction\",\"target\":{\"@type\":\"EntryPoint\",\"urlTemplate\":\"https:\\\/\\\/www.eldiario.net\\\/portal\\\/?s={search_term_string}\"},\"query-input\":{\"@type\":\"PropertyValueSpecification\",\"valueRequired\":true,\"valueName\":\"search_term_string\"}}],\"inLanguage\":\"es\"},{\"@type\":\"Organization\",\"@id\":\"https:\\\/\\\/www.eldiario.net\\\/portal\\\/#organization\",\"name\":\"El Diario - Decano de la prensa nacional\",\"url\":\"https:\\\/\\\/www.eldiario.net\\\/portal\\\/\",\"logo\":{\"@type\":\"ImageObject\",\"inLanguage\":\"es\",\"@id\":\"https:\\\/\\\/www.eldiario.net\\\/portal\\\/#\\\/schema\\\/logo\\\/image\\\/\",\"url\":\"https:\\\/\\\/www.eldiario.net\\\/portal\\\/wp-content\\\/uploads\\\/2023\\\/07\\\/logo_ED.jpg\",\"contentUrl\":\"https:\\\/\\\/www.eldiario.net\\\/portal\\\/wp-content\\\/uploads\\\/2023\\\/07\\\/logo_ED.jpg\",\"width\":272,\"height\":52,\"caption\":\"El Diario - Decano de la prensa nacional\"},\"image\":{\"@id\":\"https:\\\/\\\/www.eldiario.net\\\/portal\\\/#\\\/schema\\\/logo\\\/image\\\/\"},\"sameAs\":[\"https:\\\/\\\/www.facebook.com\\\/eldiario.bolivia\\\/\",\"https:\\\/\\\/x.com\\\/eldiario_net\"]},{\"@type\":\"Person\",\"@id\":\"https:\\\/\\\/www.eldiario.net\\\/portal\\\/#\\\/schema\\\/person\\\/f46445640444750d7d753ccd04ae01b7\",\"name\":\"Jeanette\",\"image\":{\"@type\":\"ImageObject\",\"inLanguage\":\"es\",\"@id\":\"https:\\\/\\\/secure.gravatar.com\\\/avatar\\\/3ea2118a5f7dad2b7138b1187a6b7ee55f160b9968b66013c3a3ef39dd7e5798?s=96&d=mm&r=g\",\"url\":\"https:\\\/\\\/secure.gravatar.com\\\/avatar\\\/3ea2118a5f7dad2b7138b1187a6b7ee55f160b9968b66013c3a3ef39dd7e5798?s=96&d=mm&r=g\",\"contentUrl\":\"https:\\\/\\\/secure.gravatar.com\\\/avatar\\\/3ea2118a5f7dad2b7138b1187a6b7ee55f160b9968b66013c3a3ef39dd7e5798?s=96&d=mm&r=g\",\"caption\":\"Jeanette\"},\"sameAs\":[\"https:\\\/\\\/www.eldiario.net\\\/portal\"],\"url\":\"https:\\\/\\\/www.eldiario.net\\\/portal\\\/author\\\/jeanette\\\/\"}]}<\/script>\n<!-- \/ Yoast SEO plugin. -->","yoast_head_json":{"title":"Crisis por di\u00e9sel provoca protestas en dos regiones - El Diario - Bolivia","robots":{"index":"index","follow":"follow","max-snippet":"max-snippet:-1","max-image-preview":"max-image-preview:large","max-video-preview":"max-video-preview:-1"},"canonical":"https:\/\/www.eldiario.net\/portal\/2026\/09\/02\/crisis-por-diesel-provoca-protestas-en-dos-regiones\/","og_locale":"es_ES","og_type":"article","og_title":"Crisis por di\u00e9sel provoca protestas en dos regiones - El Diario - Bolivia","og_description":"Sectores empresariales, productivos y del transporte de Cochabamba otorgaron al Gobierno nacional cinco d\u00edas h\u00e1biles para presentar una respuesta formal, t\u00e9cnica y documentada a sus demandas frente a la crisis de combustibles. En Santa Cruz, transportistas y productores del Norte Integrado se movilizaron ayer en Montero contra la escasez de di\u00e9sel, el precio de Bs [&hellip;]","og_url":"https:\/\/www.eldiario.net\/portal\/2026\/09\/02\/crisis-por-diesel-provoca-protestas-en-dos-regiones\/","og_site_name":"El Diario - Bolivia","article_publisher":"https:\/\/www.facebook.com\/eldiario.bolivia\/","article_published_time":"2026-09-02T11:03:40+00:00","og_image":[{"width":800,"height":450,"url":"https:\/\/www.eldiario.net\/portal\/wp-content\/uploads\/2026\/09\/10-NAL-COLOR.webp","type":"image\/webp"}],"author":"Jeanette","twitter_card":"summary_large_image","twitter_creator":"@eldiario_net","twitter_site":"@eldiario_net","twitter_misc":{"Escrito por":"Jeanette","Tiempo de lectura":"4 minutos"},"schema":{"@context":"https:\/\/schema.org","@graph":[{"@type":"Article","@id":"https:\/\/www.eldiario.net\/portal\/2026\/09\/02\/crisis-por-diesel-provoca-protestas-en-dos-regiones\/#article","isPartOf":{"@id":"https:\/\/www.eldiario.net\/portal\/2026\/09\/02\/crisis-por-diesel-provoca-protestas-en-dos-regiones\/"},"author":{"name":"Jeanette","@id":"https:\/\/www.eldiario.net\/portal\/#\/schema\/person\/f46445640444750d7d753ccd04ae01b7"},"headline":"Crisis por di\u00e9sel provoca protestas en dos regiones","datePublished":"2026-09-02T11:03:40+00:00","mainEntityOfPage":{"@id":"https:\/\/www.eldiario.net\/portal\/2026\/09\/02\/crisis-por-diesel-provoca-protestas-en-dos-regiones\/"},"wordCount":718,"publisher":{"@id":"https:\/\/www.eldiario.net\/portal\/#organization"},"image":{"@id":"https:\/\/www.eldiario.net\/portal\/2026\/09\/02\/crisis-por-diesel-provoca-protestas-en-dos-regiones\/#primaryimage"},"thumbnailUrl":"https:\/\/www.eldiario.net\/portal\/wp-content\/uploads\/2026\/09\/10-NAL-COLOR.webp","articleSection":["Nacional"],"inLanguage":"es"},{"@type":"WebPage","@id":"https:\/\/www.eldiario.net\/portal\/2026\/09\/02\/crisis-por-diesel-provoca-protestas-en-dos-regiones\/","url":"https:\/\/www.eldiario.net\/portal\/2026\/09\/02\/crisis-por-diesel-provoca-protestas-en-dos-regiones\/","name":"Crisis por di\u00e9sel provoca protestas en dos regiones - El Diario - Bolivia","isPartOf":{"@id":"https:\/\/www.eldiario.net\/portal\/#website"},"primaryImageOfPage":{"@id":"https:\/\/www.eldiario.net\/portal\/2026\/09\/02\/crisis-por-diesel-provoca-protestas-en-dos-regiones\/#primaryimage"},"image":{"@id":"https:\/\/www.eldiario.net\/portal\/2026\/09\/02\/crisis-por-diesel-provoca-protestas-en-dos-regiones\/#primaryimage"},"thumbnailUrl":"https:\/\/www.eldiario.net\/portal\/wp-content\/uploads\/2026\/09\/10-NAL-COLOR.webp","datePublished":"2026-09-02T11:03:40+00:00","breadcrumb":{"@id":"https:\/\/www.eldiario.net\/portal\/2026\/09\/02\/crisis-por-diesel-provoca-protestas-en-dos-regiones\/#breadcrumb"},"inLanguage":"es","potentialAction":[{"@type":"ReadAction","target":["https:\/\/www.eldiario.net\/portal\/2026\/09\/02\/crisis-por-diesel-provoca-protestas-en-dos-regiones\/"]}]},{"@type":"ImageObject","inLanguage":"es","@id":"https:\/\/www.eldiario.net\/portal\/2026\/09\/02\/crisis-por-diesel-provoca-protestas-en-dos-regiones\/#primaryimage","url":"https:\/\/www.eldiario.net\/portal\/wp-content\/uploads\/2026\/09\/10-NAL-COLOR.webp","contentUrl":"https:\/\/www.eldiario.net\/portal\/wp-content\/uploads\/2026\/09\/10-NAL-COLOR.webp","width":800,"height":450,"caption":"MARCHA DE TRANSPORTISTAS REALIZADA AYER EN MONTERO."},{"@type":"BreadcrumbList","@id":"https:\/\/www.eldiario.net\/portal\/2026\/09\/02\/crisis-por-diesel-provoca-protestas-en-dos-regiones\/#breadcrumb","itemListElement":[{"@type":"ListItem","position":1,"name":"Portada","item":"https:\/\/www.eldiario.net\/portal\/"},{"@type":"ListItem","position":2,"name":"Crisis por di\u00e9sel provoca protestas en dos regiones"}]},{"@type":"WebSite","@id":"https:\/\/www.eldiario.net\/portal\/#website","url":"https:\/\/www.eldiario.net\/portal\/","name":"El Diario - Decano de la prensa nacional","description":"El Diario - Decano de la prensa nacional","publisher":{"@id":"https:\/\/www.eldiario.net\/portal\/#organization"},"potentialAction":[{"@type":"SearchAction","target":{"@type":"EntryPoint","urlTemplate":"https:\/\/www.eldiario.net\/portal\/?s={search_term_string}"},"query-input":{"@type":"PropertyValueSpecification","valueRequired":true,"valueName":"search_term_string"}}],"inLanguage":"es"},{"@type":"Organization","@id":"https:\/\/www.eldiario.net\/portal\/#organization","name":"El Diario - Decano de la prensa nacional","url":"https:\/\/www.eldiario.net\/portal\/","logo":{"@type":"ImageObject","inLanguage":"es","@id":"https:\/\/www.eldiario.net\/portal\/#\/schema\/logo\/image\/","url":"https:\/\/www.eldiario.net\/portal\/wp-content\/uploads\/2023\/07\/logo_ED.jpg","contentUrl":"https:\/\/www.eldiario.net\/portal\/wp-content\/uploads\/2023\/07\/logo_ED.jpg","width":272,"height":52,"caption":"El Diario - Decano de la prensa nacional"},"image":{"@id":"https:\/\/www.eldiario.net\/portal\/#\/schema\/logo\/image\/"},"sameAs":["https:\/\/www.facebook.com\/eldiario.bolivia\/","https:\/\/x.com\/eldiario_net"]},{"@type":"Person","@id":"https:\/\/www.eldiario.net\/portal\/#\/schema\/person\/f46445640444750d7d753ccd04ae01b7","name":"Jeanette","image":{"@type":"ImageObject","inLanguage":"es","@id":"https:\/\/secure.gravatar.com\/avatar\/3ea2118a5f7dad2b7138b1187a6b7ee55f160b9968b66013c3a3ef39dd7e5798?s=96&d=mm&r=g","url":"https:\/\/secure.gravatar.com\/avatar\/3ea2118a5f7dad2b7138b1187a6b7ee55f160b9968b66013c3a3ef39dd7e5798?s=96&d=mm&r=g","contentUrl":"https:\/\/secure.gravatar.com\/avatar\/3ea2118a5f7dad2b7138b1187a6b7ee55f160b9968b66013c3a3ef39dd7e5798?s=96&d=mm&r=g","caption":"Jeanette"},"sameAs":["https:\/\/www.eldiario.net\/portal"],"url":"https:\/\/www.eldiario.net\/portal\/author\/jeanette\/"}]}},"_links":{"self":[{"href":"https:\/\/www.eldiario.net\/portal\/wp-json\/wp\/v2\/posts\/427029","targetHints":{"allow":["GET"]}}],"collection":[{"href":"https:\/\/www.eldiario.net\/portal\/wp-json\/wp\/v2\/posts"}],"about":[{"href":"https:\/\/www.eldiario.net\/portal\/wp-json\/wp\/v2\/types\/post"}],"author":[{"embeddable":true,"href":"https:\/\/www.eldiario.net\/portal\/wp-json\/wp\/v2\/users\/1"}],"replies":[{"embeddable":true,"href":"https:\/\/www.eldiario.net\/portal\/wp-json\/wp\/v2\/comments?post=427029"}],"version-history":[{"count":1,"href":"https:\/\/www.eldiario.net\/portal\/wp-json\/wp\/v2\/posts\/427029\/revisions"}],"predecessor-version":[{"id":427031,"href":"https:\/\/www.eldiario.net\/portal\/wp-json\/wp\/v2\/posts\/427029\/revisions\/427031"}],"wp:featuredmedia":[{"embeddable":true,"href":"https:\/\/www.eldiario.net\/portal\/wp-json\/wp\/v2\/media\/427030"}],"wp:attachment":[{"href":"https:\/\/www.eldiario.net\/portal\/wp-json\/wp\/v2\/media?parent=427029"}],"wp:term":[{"taxonomy":"category","embeddable":true,"href":"https:\/\/www.eldiario.net\/portal\/wp-json\/wp\/v2\/categories?post=427029"},{"taxonomy":"post_tag","embeddable":true,"href":"https:\/\/www.eldiario.net\/portal\/wp-json\/wp\/v2\/tags?post=427029"}],"curies":[{"name":"wp","href":"https:\/\/api.w.org\/{rel}","templated":true}]}}