{"id":427023,"date":"2026-09-02T07:02:30","date_gmt":"2026-09-02T11:02:30","guid":{"rendered":"https:\/\/www.eldiario.net\/portal\/?p=427023"},"modified":"2026-09-02T07:02:30","modified_gmt":"2026-09-02T11:02:30","slug":"pando-este-mes-celebra-88-anos-de-creacion-2","status":"publish","type":"post","link":"https:\/\/www.eldiario.net\/portal\/2026\/09\/02\/pando-este-mes-celebra-88-anos-de-creacion-2\/","title":{"rendered":"Pando este mes celebra  88 a\u00f1os de creaci\u00f3n"},"content":{"rendered":"<p>Septiembre marca el mes aniversario de Pando, el departamento m\u00e1s joven de Bolivia, que este 24 de septiembre conmemorar\u00e1 88 a\u00f1os de su creaci\u00f3n, una fecha ligada a la presencia boliviana en la Amazon\u00eda y a la defensa de la soberan\u00eda nacional.<br \/>\nPando fue creado el 24 de septiembre de 1938, durante el gobierno del presidente Germ\u00e1n Busch, sobre el territorio que entonces era conocido como Territorio Nacional de Colonias. Su creaci\u00f3n respondi\u00f3 a objetivos geopol\u00edticos orientados a fortalecer la organizaci\u00f3n estatal en una regi\u00f3n estrat\u00e9gica de la Amazon\u00eda.<br \/>\nEl departamento lleva el nombre del expresidente Jos\u00e9 Manuel Pando, figura vinculada a la exploraci\u00f3n de la Amazon\u00eda boliviana y a la defensa del territorio nacional durante los conflictos del Acre. La historia de esta regi\u00f3n tambi\u00e9n est\u00e1 marcada por el auge de la goma, actividad que impuls\u00f3 la ocupaci\u00f3n y la econom\u00eda del norte del pa\u00eds entre finales del siglo XIX y comienzos del XX.<br \/>\nCon Cobija como capital, Pando conserva una identidad estrechamente vinculada con la Amazon\u00eda, sus r\u00edos, bosques y comunidades. Est\u00e1 conformado por cinco provincias y 15 municipios, mientras que su ubicaci\u00f3n fronteriza con Brasil y Per\u00fa le otorga una importancia estrat\u00e9gica para el comercio y la integraci\u00f3n regional.<br \/>\nLa casta\u00f1a es uno de los principales pilares de su econom\u00eda, junto con las actividades agropecuarias, forestales, mineras y comerciales. El aprovechamiento de frutos amaz\u00f3nicos tambi\u00e9n forma parte de la actividad productiva y busca generar valor a partir de los recursos naturales del departamento.<br \/>\nEl crecimiento poblacional refleja las transformaciones de la regi\u00f3n. Seg\u00fan datos oficiales del Censo 2024, Pando alcanz\u00f3 130.761 habitantes, frente a los 110.436 registrados en 2012, lo que representa un incremento de alrededor del 18,4% en 12 a\u00f1os.<br \/>\nLa gastronom\u00eda tambi\u00e9n expresa su identidad amaz\u00f3nica. Entre sus preparaciones figuran el locro de gallina criolla, el majadito de charque y el masaco de yuca o pl\u00e1tano, adem\u00e1s de platos elaborados con pescados de la regi\u00f3n y productos como la casta\u00f1a.<br \/>\nDurante septiembre, la efem\u00e9ride suele incluir actos c\u00edvicos, desfiles, ferias productivas y gastron\u00f3micas, actividades culturales y presentaciones art\u00edsticas, adem\u00e1s de los homenajes oficiales organizados por instituciones y autoridades.<br \/>\nA 88 a\u00f1os de su creaci\u00f3n, Pando mantiene el car\u00e1cter estrat\u00e9gico que marc\u00f3 su nacimiento como departamento y hoy afronta el desaf\u00edo de impulsar su desarrollo preservando los recursos naturales que sostienen gran parte de su econom\u00eda. El denominado \u201cBenjam\u00edn de Bolivia\u201d llega as\u00ed a un nuevo aniversario con una poblaci\u00f3n en crecimiento y una identidad construida entre la historia, la defensa territorial y la riqueza de la Amazon\u00eda. (Cobija, agencias)<\/p>\n","protected":false},"excerpt":{"rendered":"<p>Septiembre marca el mes aniversario de Pando, el departamento m\u00e1s joven de Bolivia, que este 24 de septiembre conmemorar\u00e1 88 a\u00f1os de su creaci\u00f3n, una fecha ligada a la presencia boliviana en la Amazon\u00eda y a la defensa de la soberan\u00eda nacional. Pando fue creado el 24 de septiembre de 1938, durante el gobierno del [&hellip;]<\/p>\n","protected":false},"author":1,"featured_media":427024,"comment_status":"closed","ping_status":"open","sticky":false,"template":"","format":"standard","meta":{"_acf_changed":false,"footnotes":""},"categories":[12],"tags":[],"class_list":["post-427023","post","type-post","status-publish","format-standard","has-post-thumbnail","category-nacional"],"acf":{"antetitulo":""},"yoast_head":"<!-- This site is optimized with the Yoast SEO plugin v28.4 - https:\/\/yoast.com\/product\/yoast-seo-wordpress\/ -->\n<title>Pando este mes celebra 88 a\u00f1os de creaci\u00f3n - El Diario - Bolivia<\/title>\n<meta name=\"robots\" content=\"index, follow, max-snippet:-1, max-image-preview:large, max-video-preview:-1\" \/>\n<link rel=\"canonical\" href=\"https:\/\/www.eldiario.net\/portal\/2026\/09\/02\/pando-este-mes-celebra-88-anos-de-creacion-2\/\" \/>\n<meta property=\"og:locale\" content=\"es_ES\" \/>\n<meta property=\"og:type\" content=\"article\" \/>\n<meta property=\"og:title\" content=\"Pando este mes celebra 88 a\u00f1os de creaci\u00f3n - El Diario - Bolivia\" \/>\n<meta property=\"og:description\" content=\"Septiembre marca el mes aniversario de Pando, el departamento m\u00e1s joven de Bolivia, que este 24 de septiembre conmemorar\u00e1 88 a\u00f1os de su creaci\u00f3n, una fecha ligada a la presencia boliviana en la Amazon\u00eda y a la defensa de la soberan\u00eda nacional. Pando fue creado el 24 de septiembre de 1938, durante el gobierno del [&hellip;]\" \/>\n<meta property=\"og:url\" content=\"https:\/\/www.eldiario.net\/portal\/2026\/09\/02\/pando-este-mes-celebra-88-anos-de-creacion-2\/\" \/>\n<meta property=\"og:site_name\" content=\"El Diario - Bolivia\" \/>\n<meta property=\"article:publisher\" content=\"https:\/\/www.facebook.com\/eldiario.bolivia\/\" \/>\n<meta property=\"article:published_time\" content=\"2026-09-02T11:02:30+00:00\" \/>\n<meta property=\"og:image\" content=\"https:\/\/www.eldiario.net\/portal\/wp-content\/uploads\/2026\/09\/12-NAL-COLOR-.webp\" \/>\n\t<meta property=\"og:image:width\" content=\"800\" \/>\n\t<meta property=\"og:image:height\" content=\"450\" \/>\n\t<meta property=\"og:image:type\" content=\"image\/webp\" \/>\n<meta name=\"author\" content=\"Jeanette\" \/>\n<meta name=\"twitter:card\" content=\"summary_large_image\" \/>\n<meta name=\"twitter:creator\" content=\"@eldiario_net\" \/>\n<meta name=\"twitter:site\" content=\"@eldiario_net\" \/>\n<meta name=\"twitter:label1\" content=\"Escrito por\" \/>\n\t<meta name=\"twitter:data1\" content=\"Jeanette\" \/>\n\t<meta name=\"twitter:label2\" content=\"Tiempo de lectura\" \/>\n\t<meta name=\"twitter:data2\" content=\"3 minutos\" \/>\n<script type=\"application\/ld+json\" class=\"yoast-schema-graph\">{\"@context\":\"https:\\\/\\\/schema.org\",\"@graph\":[{\"@type\":\"Article\",\"@id\":\"https:\\\/\\\/www.eldiario.net\\\/portal\\\/2026\\\/09\\\/02\\\/pando-este-mes-celebra-88-anos-de-creacion-2\\\/#article\",\"isPartOf\":{\"@id\":\"https:\\\/\\\/www.eldiario.net\\\/portal\\\/2026\\\/09\\\/02\\\/pando-este-mes-celebra-88-anos-de-creacion-2\\\/\"},\"author\":{\"name\":\"Jeanette\",\"@id\":\"https:\\\/\\\/www.eldiario.net\\\/portal\\\/#\\\/schema\\\/person\\\/f46445640444750d7d753ccd04ae01b7\"},\"headline\":\"Pando este mes celebra 88 a\u00f1os de creaci\u00f3n\",\"datePublished\":\"2026-09-02T11:02:30+00:00\",\"mainEntityOfPage\":{\"@id\":\"https:\\\/\\\/www.eldiario.net\\\/portal\\\/2026\\\/09\\\/02\\\/pando-este-mes-celebra-88-anos-de-creacion-2\\\/\"},\"wordCount\":473,\"publisher\":{\"@id\":\"https:\\\/\\\/www.eldiario.net\\\/portal\\\/#organization\"},\"image\":{\"@id\":\"https:\\\/\\\/www.eldiario.net\\\/portal\\\/2026\\\/09\\\/02\\\/pando-este-mes-celebra-88-anos-de-creacion-2\\\/#primaryimage\"},\"thumbnailUrl\":\"https:\\\/\\\/www.eldiario.net\\\/portal\\\/wp-content\\\/uploads\\\/2026\\\/09\\\/12-NAL-COLOR-.webp\",\"articleSection\":[\"Nacional\"],\"inLanguage\":\"es\"},{\"@type\":\"WebPage\",\"@id\":\"https:\\\/\\\/www.eldiario.net\\\/portal\\\/2026\\\/09\\\/02\\\/pando-este-mes-celebra-88-anos-de-creacion-2\\\/\",\"url\":\"https:\\\/\\\/www.eldiario.net\\\/portal\\\/2026\\\/09\\\/02\\\/pando-este-mes-celebra-88-anos-de-creacion-2\\\/\",\"name\":\"Pando este mes celebra 88 a\u00f1os de creaci\u00f3n - El Diario - Bolivia\",\"isPartOf\":{\"@id\":\"https:\\\/\\\/www.eldiario.net\\\/portal\\\/#website\"},\"primaryImageOfPage\":{\"@id\":\"https:\\\/\\\/www.eldiario.net\\\/portal\\\/2026\\\/09\\\/02\\\/pando-este-mes-celebra-88-anos-de-creacion-2\\\/#primaryimage\"},\"image\":{\"@id\":\"https:\\\/\\\/www.eldiario.net\\\/portal\\\/2026\\\/09\\\/02\\\/pando-este-mes-celebra-88-anos-de-creacion-2\\\/#primaryimage\"},\"thumbnailUrl\":\"https:\\\/\\\/www.eldiario.net\\\/portal\\\/wp-content\\\/uploads\\\/2026\\\/09\\\/12-NAL-COLOR-.webp\",\"datePublished\":\"2026-09-02T11:02:30+00:00\",\"breadcrumb\":{\"@id\":\"https:\\\/\\\/www.eldiario.net\\\/portal\\\/2026\\\/09\\\/02\\\/pando-este-mes-celebra-88-anos-de-creacion-2\\\/#breadcrumb\"},\"inLanguage\":\"es\",\"potentialAction\":[{\"@type\":\"ReadAction\",\"target\":[\"https:\\\/\\\/www.eldiario.net\\\/portal\\\/2026\\\/09\\\/02\\\/pando-este-mes-celebra-88-anos-de-creacion-2\\\/\"]}]},{\"@type\":\"ImageObject\",\"inLanguage\":\"es\",\"@id\":\"https:\\\/\\\/www.eldiario.net\\\/portal\\\/2026\\\/09\\\/02\\\/pando-este-mes-celebra-88-anos-de-creacion-2\\\/#primaryimage\",\"url\":\"https:\\\/\\\/www.eldiario.net\\\/portal\\\/wp-content\\\/uploads\\\/2026\\\/09\\\/12-NAL-COLOR-.webp\",\"contentUrl\":\"https:\\\/\\\/www.eldiario.net\\\/portal\\\/wp-content\\\/uploads\\\/2026\\\/09\\\/12-NAL-COLOR-.webp\",\"width\":800,\"height\":450,\"caption\":\"Vista panor\u00e1mica de Cobija.\"},{\"@type\":\"BreadcrumbList\",\"@id\":\"https:\\\/\\\/www.eldiario.net\\\/portal\\\/2026\\\/09\\\/02\\\/pando-este-mes-celebra-88-anos-de-creacion-2\\\/#breadcrumb\",\"itemListElement\":[{\"@type\":\"ListItem\",\"position\":1,\"name\":\"Portada\",\"item\":\"https:\\\/\\\/www.eldiario.net\\\/portal\\\/\"},{\"@type\":\"ListItem\",\"position\":2,\"name\":\"Pando este mes celebra 88 a\u00f1os de creaci\u00f3n\"}]},{\"@type\":\"WebSite\",\"@id\":\"https:\\\/\\\/www.eldiario.net\\\/portal\\\/#website\",\"url\":\"https:\\\/\\\/www.eldiario.net\\\/portal\\\/\",\"name\":\"El Diario - Decano de la prensa nacional\",\"description\":\"El Diario - Decano de la prensa nacional\",\"publisher\":{\"@id\":\"https:\\\/\\\/www.eldiario.net\\\/portal\\\/#organization\"},\"potentialAction\":[{\"@type\":\"SearchAction\",\"target\":{\"@type\":\"EntryPoint\",\"urlTemplate\":\"https:\\\/\\\/www.eldiario.net\\\/portal\\\/?s={search_term_string}\"},\"query-input\":{\"@type\":\"PropertyValueSpecification\",\"valueRequired\":true,\"valueName\":\"search_term_string\"}}],\"inLanguage\":\"es\"},{\"@type\":\"Organization\",\"@id\":\"https:\\\/\\\/www.eldiario.net\\\/portal\\\/#organization\",\"name\":\"El Diario - Decano de la prensa nacional\",\"url\":\"https:\\\/\\\/www.eldiario.net\\\/portal\\\/\",\"logo\":{\"@type\":\"ImageObject\",\"inLanguage\":\"es\",\"@id\":\"https:\\\/\\\/www.eldiario.net\\\/portal\\\/#\\\/schema\\\/logo\\\/image\\\/\",\"url\":\"https:\\\/\\\/www.eldiario.net\\\/portal\\\/wp-content\\\/uploads\\\/2023\\\/07\\\/logo_ED.jpg\",\"contentUrl\":\"https:\\\/\\\/www.eldiario.net\\\/portal\\\/wp-content\\\/uploads\\\/2023\\\/07\\\/logo_ED.jpg\",\"width\":272,\"height\":52,\"caption\":\"El Diario - Decano de la prensa nacional\"},\"image\":{\"@id\":\"https:\\\/\\\/www.eldiario.net\\\/portal\\\/#\\\/schema\\\/logo\\\/image\\\/\"},\"sameAs\":[\"https:\\\/\\\/www.facebook.com\\\/eldiario.bolivia\\\/\",\"https:\\\/\\\/x.com\\\/eldiario_net\"]},{\"@type\":\"Person\",\"@id\":\"https:\\\/\\\/www.eldiario.net\\\/portal\\\/#\\\/schema\\\/person\\\/f46445640444750d7d753ccd04ae01b7\",\"name\":\"Jeanette\",\"image\":{\"@type\":\"ImageObject\",\"inLanguage\":\"es\",\"@id\":\"https:\\\/\\\/secure.gravatar.com\\\/avatar\\\/3ea2118a5f7dad2b7138b1187a6b7ee55f160b9968b66013c3a3ef39dd7e5798?s=96&d=mm&r=g\",\"url\":\"https:\\\/\\\/secure.gravatar.com\\\/avatar\\\/3ea2118a5f7dad2b7138b1187a6b7ee55f160b9968b66013c3a3ef39dd7e5798?s=96&d=mm&r=g\",\"contentUrl\":\"https:\\\/\\\/secure.gravatar.com\\\/avatar\\\/3ea2118a5f7dad2b7138b1187a6b7ee55f160b9968b66013c3a3ef39dd7e5798?s=96&d=mm&r=g\",\"caption\":\"Jeanette\"},\"sameAs\":[\"https:\\\/\\\/www.eldiario.net\\\/portal\"],\"url\":\"https:\\\/\\\/www.eldiario.net\\\/portal\\\/author\\\/jeanette\\\/\"}]}<\/script>\n<!-- \/ Yoast SEO plugin. -->","yoast_head_json":{"title":"Pando este mes celebra 88 a\u00f1os de creaci\u00f3n - El Diario - Bolivia","robots":{"index":"index","follow":"follow","max-snippet":"max-snippet:-1","max-image-preview":"max-image-preview:large","max-video-preview":"max-video-preview:-1"},"canonical":"https:\/\/www.eldiario.net\/portal\/2026\/09\/02\/pando-este-mes-celebra-88-anos-de-creacion-2\/","og_locale":"es_ES","og_type":"article","og_title":"Pando este mes celebra 88 a\u00f1os de creaci\u00f3n - El Diario - Bolivia","og_description":"Septiembre marca el mes aniversario de Pando, el departamento m\u00e1s joven de Bolivia, que este 24 de septiembre conmemorar\u00e1 88 a\u00f1os de su creaci\u00f3n, una fecha ligada a la presencia boliviana en la Amazon\u00eda y a la defensa de la soberan\u00eda nacional. Pando fue creado el 24 de septiembre de 1938, durante el gobierno del [&hellip;]","og_url":"https:\/\/www.eldiario.net\/portal\/2026\/09\/02\/pando-este-mes-celebra-88-anos-de-creacion-2\/","og_site_name":"El Diario - Bolivia","article_publisher":"https:\/\/www.facebook.com\/eldiario.bolivia\/","article_published_time":"2026-09-02T11:02:30+00:00","og_image":[{"width":800,"height":450,"url":"https:\/\/www.eldiario.net\/portal\/wp-content\/uploads\/2026\/09\/12-NAL-COLOR-.webp","type":"image\/webp"}],"author":"Jeanette","twitter_card":"summary_large_image","twitter_creator":"@eldiario_net","twitter_site":"@eldiario_net","twitter_misc":{"Escrito por":"Jeanette","Tiempo de lectura":"3 minutos"},"schema":{"@context":"https:\/\/schema.org","@graph":[{"@type":"Article","@id":"https:\/\/www.eldiario.net\/portal\/2026\/09\/02\/pando-este-mes-celebra-88-anos-de-creacion-2\/#article","isPartOf":{"@id":"https:\/\/www.eldiario.net\/portal\/2026\/09\/02\/pando-este-mes-celebra-88-anos-de-creacion-2\/"},"author":{"name":"Jeanette","@id":"https:\/\/www.eldiario.net\/portal\/#\/schema\/person\/f46445640444750d7d753ccd04ae01b7"},"headline":"Pando este mes celebra 88 a\u00f1os de creaci\u00f3n","datePublished":"2026-09-02T11:02:30+00:00","mainEntityOfPage":{"@id":"https:\/\/www.eldiario.net\/portal\/2026\/09\/02\/pando-este-mes-celebra-88-anos-de-creacion-2\/"},"wordCount":473,"publisher":{"@id":"https:\/\/www.eldiario.net\/portal\/#organization"},"image":{"@id":"https:\/\/www.eldiario.net\/portal\/2026\/09\/02\/pando-este-mes-celebra-88-anos-de-creacion-2\/#primaryimage"},"thumbnailUrl":"https:\/\/www.eldiario.net\/portal\/wp-content\/uploads\/2026\/09\/12-NAL-COLOR-.webp","articleSection":["Nacional"],"inLanguage":"es"},{"@type":"WebPage","@id":"https:\/\/www.eldiario.net\/portal\/2026\/09\/02\/pando-este-mes-celebra-88-anos-de-creacion-2\/","url":"https:\/\/www.eldiario.net\/portal\/2026\/09\/02\/pando-este-mes-celebra-88-anos-de-creacion-2\/","name":"Pando este mes celebra 88 a\u00f1os de creaci\u00f3n - El Diario - Bolivia","isPartOf":{"@id":"https:\/\/www.eldiario.net\/portal\/#website"},"primaryImageOfPage":{"@id":"https:\/\/www.eldiario.net\/portal\/2026\/09\/02\/pando-este-mes-celebra-88-anos-de-creacion-2\/#primaryimage"},"image":{"@id":"https:\/\/www.eldiario.net\/portal\/2026\/09\/02\/pando-este-mes-celebra-88-anos-de-creacion-2\/#primaryimage"},"thumbnailUrl":"https:\/\/www.eldiario.net\/portal\/wp-content\/uploads\/2026\/09\/12-NAL-COLOR-.webp","datePublished":"2026-09-02T11:02:30+00:00","breadcrumb":{"@id":"https:\/\/www.eldiario.net\/portal\/2026\/09\/02\/pando-este-mes-celebra-88-anos-de-creacion-2\/#breadcrumb"},"inLanguage":"es","potentialAction":[{"@type":"ReadAction","target":["https:\/\/www.eldiario.net\/portal\/2026\/09\/02\/pando-este-mes-celebra-88-anos-de-creacion-2\/"]}]},{"@type":"ImageObject","inLanguage":"es","@id":"https:\/\/www.eldiario.net\/portal\/2026\/09\/02\/pando-este-mes-celebra-88-anos-de-creacion-2\/#primaryimage","url":"https:\/\/www.eldiario.net\/portal\/wp-content\/uploads\/2026\/09\/12-NAL-COLOR-.webp","contentUrl":"https:\/\/www.eldiario.net\/portal\/wp-content\/uploads\/2026\/09\/12-NAL-COLOR-.webp","width":800,"height":450,"caption":"Vista panor\u00e1mica de Cobija."},{"@type":"BreadcrumbList","@id":"https:\/\/www.eldiario.net\/portal\/2026\/09\/02\/pando-este-mes-celebra-88-anos-de-creacion-2\/#breadcrumb","itemListElement":[{"@type":"ListItem","position":1,"name":"Portada","item":"https:\/\/www.eldiario.net\/portal\/"},{"@type":"ListItem","position":2,"name":"Pando este mes celebra 88 a\u00f1os de creaci\u00f3n"}]},{"@type":"WebSite","@id":"https:\/\/www.eldiario.net\/portal\/#website","url":"https:\/\/www.eldiario.net\/portal\/","name":"El Diario - Decano de la prensa nacional","description":"El Diario - Decano de la prensa nacional","publisher":{"@id":"https:\/\/www.eldiario.net\/portal\/#organization"},"potentialAction":[{"@type":"SearchAction","target":{"@type":"EntryPoint","urlTemplate":"https:\/\/www.eldiario.net\/portal\/?s={search_term_string}"},"query-input":{"@type":"PropertyValueSpecification","valueRequired":true,"valueName":"search_term_string"}}],"inLanguage":"es"},{"@type":"Organization","@id":"https:\/\/www.eldiario.net\/portal\/#organization","name":"El Diario - Decano de la prensa nacional","url":"https:\/\/www.eldiario.net\/portal\/","logo":{"@type":"ImageObject","inLanguage":"es","@id":"https:\/\/www.eldiario.net\/portal\/#\/schema\/logo\/image\/","url":"https:\/\/www.eldiario.net\/portal\/wp-content\/uploads\/2023\/07\/logo_ED.jpg","contentUrl":"https:\/\/www.eldiario.net\/portal\/wp-content\/uploads\/2023\/07\/logo_ED.jpg","width":272,"height":52,"caption":"El Diario - Decano de la prensa nacional"},"image":{"@id":"https:\/\/www.eldiario.net\/portal\/#\/schema\/logo\/image\/"},"sameAs":["https:\/\/www.facebook.com\/eldiario.bolivia\/","https:\/\/x.com\/eldiario_net"]},{"@type":"Person","@id":"https:\/\/www.eldiario.net\/portal\/#\/schema\/person\/f46445640444750d7d753ccd04ae01b7","name":"Jeanette","image":{"@type":"ImageObject","inLanguage":"es","@id":"https:\/\/secure.gravatar.com\/avatar\/3ea2118a5f7dad2b7138b1187a6b7ee55f160b9968b66013c3a3ef39dd7e5798?s=96&d=mm&r=g","url":"https:\/\/secure.gravatar.com\/avatar\/3ea2118a5f7dad2b7138b1187a6b7ee55f160b9968b66013c3a3ef39dd7e5798?s=96&d=mm&r=g","contentUrl":"https:\/\/secure.gravatar.com\/avatar\/3ea2118a5f7dad2b7138b1187a6b7ee55f160b9968b66013c3a3ef39dd7e5798?s=96&d=mm&r=g","caption":"Jeanette"},"sameAs":["https:\/\/www.eldiario.net\/portal"],"url":"https:\/\/www.eldiario.net\/portal\/author\/jeanette\/"}]}},"_links":{"self":[{"href":"https:\/\/www.eldiario.net\/portal\/wp-json\/wp\/v2\/posts\/427023","targetHints":{"allow":["GET"]}}],"collection":[{"href":"https:\/\/www.eldiario.net\/portal\/wp-json\/wp\/v2\/posts"}],"about":[{"href":"https:\/\/www.eldiario.net\/portal\/wp-json\/wp\/v2\/types\/post"}],"author":[{"embeddable":true,"href":"https:\/\/www.eldiario.net\/portal\/wp-json\/wp\/v2\/users\/1"}],"replies":[{"embeddable":true,"href":"https:\/\/www.eldiario.net\/portal\/wp-json\/wp\/v2\/comments?post=427023"}],"version-history":[{"count":1,"href":"https:\/\/www.eldiario.net\/portal\/wp-json\/wp\/v2\/posts\/427023\/revisions"}],"predecessor-version":[{"id":427025,"href":"https:\/\/www.eldiario.net\/portal\/wp-json\/wp\/v2\/posts\/427023\/revisions\/427025"}],"wp:featuredmedia":[{"embeddable":true,"href":"https:\/\/www.eldiario.net\/portal\/wp-json\/wp\/v2\/media\/427024"}],"wp:attachment":[{"href":"https:\/\/www.eldiario.net\/portal\/wp-json\/wp\/v2\/media?parent=427023"}],"wp:term":[{"taxonomy":"category","embeddable":true,"href":"https:\/\/www.eldiario.net\/portal\/wp-json\/wp\/v2\/categories?post=427023"},{"taxonomy":"post_tag","embeddable":true,"href":"https:\/\/www.eldiario.net\/portal\/wp-json\/wp\/v2\/tags?post=427023"}],"curies":[{"name":"wp","href":"https:\/\/api.w.org\/{rel}","templated":true}]}}