{"id":427017,"date":"2026-09-02T07:00:51","date_gmt":"2026-09-02T11:00:51","guid":{"rendered":"https:\/\/www.eldiario.net\/portal\/?p=427017"},"modified":"2026-09-02T07:00:51","modified_gmt":"2026-09-02T11:00:51","slug":"cuando-el-poder-pierde-la-palabra","status":"publish","type":"post","link":"https:\/\/www.eldiario.net\/portal\/2026\/09\/02\/cuando-el-poder-pierde-la-palabra\/","title":{"rendered":"Cuando el poder pierde la palabra"},"content":{"rendered":"<p>Una mentira puede salvar a un gobierno. Pero cada mentira consume algo que el poder necesita para gobernar: credibilidad. Cuando los ciudadanos dejan de creerle incluso cuando dice la verdad, el problema deja de ser moral o pol\u00edtico: la mentira comienza a erosionar las instituciones del Estado.<br \/>\nHannah Arendt comprendi\u00f3 tempranamente este peligro. La pol\u00edtica siempre convivi\u00f3 con la mentira. El problema cambia cuando ya no se falsea un hecho: se fabrica una realidad. Sin hechos compartidos, las opiniones dejan de confrontarse sobre un mundo com\u00fan. Y cuando desaparece ese suelo factual, la deliberaci\u00f3n pol\u00edtica se degrada. Para Arendt, sin verdad factual puede haber propaganda, pero dif\u00edcilmente una pol\u00edtica con fundamento.<br \/>\nLa consecuencia institucional es profunda. Un gobierno necesita que ciudadanos, empresarios, funcionarios y opositores atribuyan valor a su palabra. Cuando informa sobre reservas, d\u00e9ficit, combustibles, inversiones, acuerdos o reformas, la credibilidad funciona como infraestructura invisible del Estado. Sin ella, cada anuncio genera dudas y cada explicaci\u00f3n exige pruebas. Gobernar no es solo decidir: es lograr que la palabra p\u00fablica todav\u00eda merezca ser cre\u00edda.<br \/>\nTimur Kuran permite entender un segundo mecanismo. En Private Truths, Public Lies estudi\u00f3 la \u201cfalsificaci\u00f3n de preferencias\u201d: personas que expresan p\u00fablicamente algo distinto de lo que realmente piensan porque hacerlo resulta pol\u00edtica o socialmente conveniente. Esa falsificaci\u00f3n distorsiona decisiones colectivas y contamina el conocimiento disponible. Trasladada al gobierno, puede producir algo peor que fragilidad: un poder desinformado sobre s\u00ed mismo, un gestor sin br\u00fajula, atrapado en el presente y sin horizonte estrat\u00e9gico para conducir el futuro.<br \/>\nTrasladado al poder, el mecanismo resulta perverso. Un ministro calla para proteger al presidente. Otro repite una versi\u00f3n que sabe falsa o incompleta. El funcionario aprende qu\u00e9 informaci\u00f3n debe elevar y cu\u00e1l ocultar. Las instituciones terminan produciendo informaci\u00f3n funcional al relato. As\u00ed se cierra el c\u00edrculo institucional vicioso de la mentira. Primero el poder enga\u00f1a a los ciudadanos. Despu\u00e9s, sus propias instituciones enga\u00f1an al poder.<br \/>\nBolivia conoce ese riesgo. El 21F dej\u00f3 una herida institucional precisamente porque una mayor\u00eda rechaz\u00f3 otra postulaci\u00f3n de Evo Morales y posteriormente el poder encontr\u00f3 otra v\u00eda para habilitarla. El problema trascendi\u00f3 a Morales: qued\u00f3 instalada la percepci\u00f3n de que incluso una decisi\u00f3n ciudadana pod\u00eda reinterpretarse cuando contrariaba al poder.<br \/>\nY hoy aparece Cerimedo. M\u00e1s all\u00e1 de las responsabilidades que deber\u00e1n ser investigadas, las contradicciones sobre su relaci\u00f3n con Rodrigo Paz plantean nuevamente el problema esencial: \u00bfqu\u00e9 puede creer el ciudadano? \u00bfQui\u00e9n era Cerimedo? \u00bfQu\u00e9 influencia ten\u00eda? \u00bfA qui\u00e9n representaba? \u00bfQui\u00e9n lo financiaba? \u00bfPor qu\u00e9 alguien cercano al poder parece alejarse s\u00fabitamente cuando esa cercan\u00eda comienza a costar?<br \/>\nRichard Rose y Bernhard Wessels aportan aqu\u00ed evidencia particularmente inc\u00f3moda. Su investigaci\u00f3n sobre mala conducta de los pol\u00edticos muestra que comportamientos que vulneran las normas esperadas reducen la confianza pol\u00edtica. El da\u00f1o, por tanto, no queda encerrado en la reputaci\u00f3n individual del pol\u00edtico. Alcanza la relaci\u00f3n entre representantes y representados.<br \/>\nEse es el verdadero costo institucional. Cada mentira y cada contradicci\u00f3n que la protege consumen un activo colectivo: la presunci\u00f3n de credibilidad. Cuando desaparece, cada anuncio exige pruebas, cada explicaci\u00f3n parece coartada y cada silencio alimenta sospechas. El gobierno puede conservar legalmente sus competencias y, sin embargo, perder algo indispensable para ejercerlas: autoridad cre\u00edble.<br \/>\nEntonces aparece tambi\u00e9n el costo econ\u00f3mico. Un pa\u00eds con decisiones dif\u00edciles pendientes necesita credibilidad para corregir desequilibrios, atraer inversi\u00f3n, negociar sacrificios y construir expectativas. Si nadie cree en las cifras ni en las explicaciones, aumenta la incertidumbre y disminuye la capacidad de coordinar decisiones.<br \/>\nArendt, Kuran, Rose y Wessels convergen as\u00ed en una advertencia formidable: la mentira pol\u00edtica no destruye solamente la verdad; destruye las condiciones institucionales que permiten gobernar.<br \/>\nPor eso la pregunta que deja el caso Cerimedo no es \u00fanicamente qui\u00e9n minti\u00f3. Es mucho m\u00e1s grave: \u00bfcu\u00e1nta credibilidad puede perder un Gobierno antes de comenzar a perder capacidad para gobernar. Porque un gobierno puede conservar el Palacio, los ministros y todas sus atribuciones constitucionales. Pero cuando los ciudadanos dejan de creer en su palabra, puede conservar formalmente el poder mientras pierde pol\u00edticamente la capacidad de ejercerlo.<br \/>\nUn poder sin credibilidad puede seguir administrando el Estado y mandando sobre su c\u00edrculo inmediato. Lo que pierde progresivamente es algo mucho mayor: la capacidad de gobernar una sociedad.<\/p>\n<p>El autor es economista PhD, consultor internacional.<\/p>\n","protected":false},"excerpt":{"rendered":"<p>Una mentira puede salvar a un gobierno. Pero cada mentira consume algo que el poder necesita para gobernar: credibilidad. Cuando los ciudadanos dejan de creerle incluso cuando dice la verdad, el problema deja de ser moral o pol\u00edtico: la mentira comienza a erosionar las instituciones del Estado. Hannah Arendt comprendi\u00f3 tempranamente este peligro. La pol\u00edtica [&hellip;]<\/p>\n","protected":false},"author":1,"featured_media":172767,"comment_status":"closed","ping_status":"open","sticky":false,"template":"","format":"standard","meta":{"_acf_changed":false,"footnotes":""},"categories":[9],"tags":[],"class_list":["post-427017","post","type-post","status-publish","format-standard","has-post-thumbnail","category-opinion"],"acf":{"antetitulo":""},"yoast_head":"<!-- This site is optimized with the Yoast SEO plugin v28.4 - https:\/\/yoast.com\/product\/yoast-seo-wordpress\/ -->\n<title>Cuando el poder pierde la palabra - El Diario - Bolivia<\/title>\n<meta name=\"robots\" content=\"index, follow, max-snippet:-1, max-image-preview:large, max-video-preview:-1\" \/>\n<link rel=\"canonical\" href=\"https:\/\/www.eldiario.net\/portal\/2026\/09\/02\/cuando-el-poder-pierde-la-palabra\/\" \/>\n<meta property=\"og:locale\" content=\"es_ES\" \/>\n<meta property=\"og:type\" content=\"article\" \/>\n<meta property=\"og:title\" content=\"Cuando el poder pierde la palabra - El Diario - Bolivia\" \/>\n<meta property=\"og:description\" content=\"Una mentira puede salvar a un gobierno. Pero cada mentira consume algo que el poder necesita para gobernar: credibilidad. Cuando los ciudadanos dejan de creerle incluso cuando dice la verdad, el problema deja de ser moral o pol\u00edtico: la mentira comienza a erosionar las instituciones del Estado. Hannah Arendt comprendi\u00f3 tempranamente este peligro. La pol\u00edtica [&hellip;]\" \/>\n<meta property=\"og:url\" content=\"https:\/\/www.eldiario.net\/portal\/2026\/09\/02\/cuando-el-poder-pierde-la-palabra\/\" \/>\n<meta property=\"og:site_name\" content=\"El Diario - Bolivia\" \/>\n<meta property=\"article:publisher\" content=\"https:\/\/www.facebook.com\/eldiario.bolivia\/\" \/>\n<meta property=\"article:published_time\" content=\"2026-09-02T11:00:51+00:00\" \/>\n<meta property=\"og:image\" content=\"https:\/\/www.eldiario.net\/portal\/wp-content\/uploads\/2023\/08\/Carlos-Jahnsen-Gutierrez.jpg\" \/>\n\t<meta property=\"og:image:width\" content=\"1200\" \/>\n\t<meta property=\"og:image:height\" content=\"628\" \/>\n\t<meta property=\"og:image:type\" content=\"image\/jpeg\" \/>\n<meta name=\"author\" content=\"Jeanette\" \/>\n<meta name=\"twitter:card\" content=\"summary_large_image\" \/>\n<meta name=\"twitter:creator\" content=\"@eldiario_net\" \/>\n<meta name=\"twitter:site\" content=\"@eldiario_net\" \/>\n<meta name=\"twitter:label1\" content=\"Escrito por\" \/>\n\t<meta name=\"twitter:data1\" content=\"Jeanette\" \/>\n\t<meta name=\"twitter:label2\" content=\"Tiempo de lectura\" \/>\n\t<meta name=\"twitter:data2\" content=\"4 minutos\" \/>\n<script type=\"application\/ld+json\" class=\"yoast-schema-graph\">{\"@context\":\"https:\\\/\\\/schema.org\",\"@graph\":[{\"@type\":\"Article\",\"@id\":\"https:\\\/\\\/www.eldiario.net\\\/portal\\\/2026\\\/09\\\/02\\\/cuando-el-poder-pierde-la-palabra\\\/#article\",\"isPartOf\":{\"@id\":\"https:\\\/\\\/www.eldiario.net\\\/portal\\\/2026\\\/09\\\/02\\\/cuando-el-poder-pierde-la-palabra\\\/\"},\"author\":{\"name\":\"Jeanette\",\"@id\":\"https:\\\/\\\/www.eldiario.net\\\/portal\\\/#\\\/schema\\\/person\\\/f46445640444750d7d753ccd04ae01b7\"},\"headline\":\"Cuando el poder pierde la palabra\",\"datePublished\":\"2026-09-02T11:00:51+00:00\",\"mainEntityOfPage\":{\"@id\":\"https:\\\/\\\/www.eldiario.net\\\/portal\\\/2026\\\/09\\\/02\\\/cuando-el-poder-pierde-la-palabra\\\/\"},\"wordCount\":771,\"publisher\":{\"@id\":\"https:\\\/\\\/www.eldiario.net\\\/portal\\\/#organization\"},\"image\":{\"@id\":\"https:\\\/\\\/www.eldiario.net\\\/portal\\\/2026\\\/09\\\/02\\\/cuando-el-poder-pierde-la-palabra\\\/#primaryimage\"},\"thumbnailUrl\":\"https:\\\/\\\/www.eldiario.net\\\/portal\\\/wp-content\\\/uploads\\\/2023\\\/08\\\/Carlos-Jahnsen-Gutierrez.jpg\",\"articleSection\":[\"Opini\u00f3n\"],\"inLanguage\":\"es\"},{\"@type\":\"WebPage\",\"@id\":\"https:\\\/\\\/www.eldiario.net\\\/portal\\\/2026\\\/09\\\/02\\\/cuando-el-poder-pierde-la-palabra\\\/\",\"url\":\"https:\\\/\\\/www.eldiario.net\\\/portal\\\/2026\\\/09\\\/02\\\/cuando-el-poder-pierde-la-palabra\\\/\",\"name\":\"Cuando el poder pierde la palabra - El Diario - Bolivia\",\"isPartOf\":{\"@id\":\"https:\\\/\\\/www.eldiario.net\\\/portal\\\/#website\"},\"primaryImageOfPage\":{\"@id\":\"https:\\\/\\\/www.eldiario.net\\\/portal\\\/2026\\\/09\\\/02\\\/cuando-el-poder-pierde-la-palabra\\\/#primaryimage\"},\"image\":{\"@id\":\"https:\\\/\\\/www.eldiario.net\\\/portal\\\/2026\\\/09\\\/02\\\/cuando-el-poder-pierde-la-palabra\\\/#primaryimage\"},\"thumbnailUrl\":\"https:\\\/\\\/www.eldiario.net\\\/portal\\\/wp-content\\\/uploads\\\/2023\\\/08\\\/Carlos-Jahnsen-Gutierrez.jpg\",\"datePublished\":\"2026-09-02T11:00:51+00:00\",\"breadcrumb\":{\"@id\":\"https:\\\/\\\/www.eldiario.net\\\/portal\\\/2026\\\/09\\\/02\\\/cuando-el-poder-pierde-la-palabra\\\/#breadcrumb\"},\"inLanguage\":\"es\",\"potentialAction\":[{\"@type\":\"ReadAction\",\"target\":[\"https:\\\/\\\/www.eldiario.net\\\/portal\\\/2026\\\/09\\\/02\\\/cuando-el-poder-pierde-la-palabra\\\/\"]}]},{\"@type\":\"ImageObject\",\"inLanguage\":\"es\",\"@id\":\"https:\\\/\\\/www.eldiario.net\\\/portal\\\/2026\\\/09\\\/02\\\/cuando-el-poder-pierde-la-palabra\\\/#primaryimage\",\"url\":\"https:\\\/\\\/www.eldiario.net\\\/portal\\\/wp-content\\\/uploads\\\/2023\\\/08\\\/Carlos-Jahnsen-Gutierrez.jpg\",\"contentUrl\":\"https:\\\/\\\/www.eldiario.net\\\/portal\\\/wp-content\\\/uploads\\\/2023\\\/08\\\/Carlos-Jahnsen-Gutierrez.jpg\",\"width\":1200,\"height\":628,\"caption\":\"Carlos Jahnsen Guti\u00e9rrez\"},{\"@type\":\"BreadcrumbList\",\"@id\":\"https:\\\/\\\/www.eldiario.net\\\/portal\\\/2026\\\/09\\\/02\\\/cuando-el-poder-pierde-la-palabra\\\/#breadcrumb\",\"itemListElement\":[{\"@type\":\"ListItem\",\"position\":1,\"name\":\"Portada\",\"item\":\"https:\\\/\\\/www.eldiario.net\\\/portal\\\/\"},{\"@type\":\"ListItem\",\"position\":2,\"name\":\"Cuando el poder pierde la palabra\"}]},{\"@type\":\"WebSite\",\"@id\":\"https:\\\/\\\/www.eldiario.net\\\/portal\\\/#website\",\"url\":\"https:\\\/\\\/www.eldiario.net\\\/portal\\\/\",\"name\":\"El Diario - Decano de la prensa nacional\",\"description\":\"El Diario - Decano de la prensa nacional\",\"publisher\":{\"@id\":\"https:\\\/\\\/www.eldiario.net\\\/portal\\\/#organization\"},\"potentialAction\":[{\"@type\":\"SearchAction\",\"target\":{\"@type\":\"EntryPoint\",\"urlTemplate\":\"https:\\\/\\\/www.eldiario.net\\\/portal\\\/?s={search_term_string}\"},\"query-input\":{\"@type\":\"PropertyValueSpecification\",\"valueRequired\":true,\"valueName\":\"search_term_string\"}}],\"inLanguage\":\"es\"},{\"@type\":\"Organization\",\"@id\":\"https:\\\/\\\/www.eldiario.net\\\/portal\\\/#organization\",\"name\":\"El Diario - Decano de la prensa nacional\",\"url\":\"https:\\\/\\\/www.eldiario.net\\\/portal\\\/\",\"logo\":{\"@type\":\"ImageObject\",\"inLanguage\":\"es\",\"@id\":\"https:\\\/\\\/www.eldiario.net\\\/portal\\\/#\\\/schema\\\/logo\\\/image\\\/\",\"url\":\"https:\\\/\\\/www.eldiario.net\\\/portal\\\/wp-content\\\/uploads\\\/2023\\\/07\\\/logo_ED.jpg\",\"contentUrl\":\"https:\\\/\\\/www.eldiario.net\\\/portal\\\/wp-content\\\/uploads\\\/2023\\\/07\\\/logo_ED.jpg\",\"width\":272,\"height\":52,\"caption\":\"El Diario - Decano de la prensa nacional\"},\"image\":{\"@id\":\"https:\\\/\\\/www.eldiario.net\\\/portal\\\/#\\\/schema\\\/logo\\\/image\\\/\"},\"sameAs\":[\"https:\\\/\\\/www.facebook.com\\\/eldiario.bolivia\\\/\",\"https:\\\/\\\/x.com\\\/eldiario_net\"]},{\"@type\":\"Person\",\"@id\":\"https:\\\/\\\/www.eldiario.net\\\/portal\\\/#\\\/schema\\\/person\\\/f46445640444750d7d753ccd04ae01b7\",\"name\":\"Jeanette\",\"image\":{\"@type\":\"ImageObject\",\"inLanguage\":\"es\",\"@id\":\"https:\\\/\\\/secure.gravatar.com\\\/avatar\\\/3ea2118a5f7dad2b7138b1187a6b7ee55f160b9968b66013c3a3ef39dd7e5798?s=96&d=mm&r=g\",\"url\":\"https:\\\/\\\/secure.gravatar.com\\\/avatar\\\/3ea2118a5f7dad2b7138b1187a6b7ee55f160b9968b66013c3a3ef39dd7e5798?s=96&d=mm&r=g\",\"contentUrl\":\"https:\\\/\\\/secure.gravatar.com\\\/avatar\\\/3ea2118a5f7dad2b7138b1187a6b7ee55f160b9968b66013c3a3ef39dd7e5798?s=96&d=mm&r=g\",\"caption\":\"Jeanette\"},\"sameAs\":[\"https:\\\/\\\/www.eldiario.net\\\/portal\"],\"url\":\"https:\\\/\\\/www.eldiario.net\\\/portal\\\/author\\\/jeanette\\\/\"}]}<\/script>\n<!-- \/ Yoast SEO plugin. -->","yoast_head_json":{"title":"Cuando el poder pierde la palabra - El Diario - Bolivia","robots":{"index":"index","follow":"follow","max-snippet":"max-snippet:-1","max-image-preview":"max-image-preview:large","max-video-preview":"max-video-preview:-1"},"canonical":"https:\/\/www.eldiario.net\/portal\/2026\/09\/02\/cuando-el-poder-pierde-la-palabra\/","og_locale":"es_ES","og_type":"article","og_title":"Cuando el poder pierde la palabra - El Diario - Bolivia","og_description":"Una mentira puede salvar a un gobierno. Pero cada mentira consume algo que el poder necesita para gobernar: credibilidad. Cuando los ciudadanos dejan de creerle incluso cuando dice la verdad, el problema deja de ser moral o pol\u00edtico: la mentira comienza a erosionar las instituciones del Estado. Hannah Arendt comprendi\u00f3 tempranamente este peligro. La pol\u00edtica [&hellip;]","og_url":"https:\/\/www.eldiario.net\/portal\/2026\/09\/02\/cuando-el-poder-pierde-la-palabra\/","og_site_name":"El Diario - Bolivia","article_publisher":"https:\/\/www.facebook.com\/eldiario.bolivia\/","article_published_time":"2026-09-02T11:00:51+00:00","og_image":[{"width":1200,"height":628,"url":"https:\/\/www.eldiario.net\/portal\/wp-content\/uploads\/2023\/08\/Carlos-Jahnsen-Gutierrez.jpg","type":"image\/jpeg"}],"author":"Jeanette","twitter_card":"summary_large_image","twitter_creator":"@eldiario_net","twitter_site":"@eldiario_net","twitter_misc":{"Escrito por":"Jeanette","Tiempo de lectura":"4 minutos"},"schema":{"@context":"https:\/\/schema.org","@graph":[{"@type":"Article","@id":"https:\/\/www.eldiario.net\/portal\/2026\/09\/02\/cuando-el-poder-pierde-la-palabra\/#article","isPartOf":{"@id":"https:\/\/www.eldiario.net\/portal\/2026\/09\/02\/cuando-el-poder-pierde-la-palabra\/"},"author":{"name":"Jeanette","@id":"https:\/\/www.eldiario.net\/portal\/#\/schema\/person\/f46445640444750d7d753ccd04ae01b7"},"headline":"Cuando el poder pierde la palabra","datePublished":"2026-09-02T11:00:51+00:00","mainEntityOfPage":{"@id":"https:\/\/www.eldiario.net\/portal\/2026\/09\/02\/cuando-el-poder-pierde-la-palabra\/"},"wordCount":771,"publisher":{"@id":"https:\/\/www.eldiario.net\/portal\/#organization"},"image":{"@id":"https:\/\/www.eldiario.net\/portal\/2026\/09\/02\/cuando-el-poder-pierde-la-palabra\/#primaryimage"},"thumbnailUrl":"https:\/\/www.eldiario.net\/portal\/wp-content\/uploads\/2023\/08\/Carlos-Jahnsen-Gutierrez.jpg","articleSection":["Opini\u00f3n"],"inLanguage":"es"},{"@type":"WebPage","@id":"https:\/\/www.eldiario.net\/portal\/2026\/09\/02\/cuando-el-poder-pierde-la-palabra\/","url":"https:\/\/www.eldiario.net\/portal\/2026\/09\/02\/cuando-el-poder-pierde-la-palabra\/","name":"Cuando el poder pierde la palabra - El Diario - Bolivia","isPartOf":{"@id":"https:\/\/www.eldiario.net\/portal\/#website"},"primaryImageOfPage":{"@id":"https:\/\/www.eldiario.net\/portal\/2026\/09\/02\/cuando-el-poder-pierde-la-palabra\/#primaryimage"},"image":{"@id":"https:\/\/www.eldiario.net\/portal\/2026\/09\/02\/cuando-el-poder-pierde-la-palabra\/#primaryimage"},"thumbnailUrl":"https:\/\/www.eldiario.net\/portal\/wp-content\/uploads\/2023\/08\/Carlos-Jahnsen-Gutierrez.jpg","datePublished":"2026-09-02T11:00:51+00:00","breadcrumb":{"@id":"https:\/\/www.eldiario.net\/portal\/2026\/09\/02\/cuando-el-poder-pierde-la-palabra\/#breadcrumb"},"inLanguage":"es","potentialAction":[{"@type":"ReadAction","target":["https:\/\/www.eldiario.net\/portal\/2026\/09\/02\/cuando-el-poder-pierde-la-palabra\/"]}]},{"@type":"ImageObject","inLanguage":"es","@id":"https:\/\/www.eldiario.net\/portal\/2026\/09\/02\/cuando-el-poder-pierde-la-palabra\/#primaryimage","url":"https:\/\/www.eldiario.net\/portal\/wp-content\/uploads\/2023\/08\/Carlos-Jahnsen-Gutierrez.jpg","contentUrl":"https:\/\/www.eldiario.net\/portal\/wp-content\/uploads\/2023\/08\/Carlos-Jahnsen-Gutierrez.jpg","width":1200,"height":628,"caption":"Carlos Jahnsen Guti\u00e9rrez"},{"@type":"BreadcrumbList","@id":"https:\/\/www.eldiario.net\/portal\/2026\/09\/02\/cuando-el-poder-pierde-la-palabra\/#breadcrumb","itemListElement":[{"@type":"ListItem","position":1,"name":"Portada","item":"https:\/\/www.eldiario.net\/portal\/"},{"@type":"ListItem","position":2,"name":"Cuando el poder pierde la palabra"}]},{"@type":"WebSite","@id":"https:\/\/www.eldiario.net\/portal\/#website","url":"https:\/\/www.eldiario.net\/portal\/","name":"El Diario - Decano de la prensa nacional","description":"El Diario - Decano de la prensa nacional","publisher":{"@id":"https:\/\/www.eldiario.net\/portal\/#organization"},"potentialAction":[{"@type":"SearchAction","target":{"@type":"EntryPoint","urlTemplate":"https:\/\/www.eldiario.net\/portal\/?s={search_term_string}"},"query-input":{"@type":"PropertyValueSpecification","valueRequired":true,"valueName":"search_term_string"}}],"inLanguage":"es"},{"@type":"Organization","@id":"https:\/\/www.eldiario.net\/portal\/#organization","name":"El Diario - Decano de la prensa nacional","url":"https:\/\/www.eldiario.net\/portal\/","logo":{"@type":"ImageObject","inLanguage":"es","@id":"https:\/\/www.eldiario.net\/portal\/#\/schema\/logo\/image\/","url":"https:\/\/www.eldiario.net\/portal\/wp-content\/uploads\/2023\/07\/logo_ED.jpg","contentUrl":"https:\/\/www.eldiario.net\/portal\/wp-content\/uploads\/2023\/07\/logo_ED.jpg","width":272,"height":52,"caption":"El Diario - Decano de la prensa nacional"},"image":{"@id":"https:\/\/www.eldiario.net\/portal\/#\/schema\/logo\/image\/"},"sameAs":["https:\/\/www.facebook.com\/eldiario.bolivia\/","https:\/\/x.com\/eldiario_net"]},{"@type":"Person","@id":"https:\/\/www.eldiario.net\/portal\/#\/schema\/person\/f46445640444750d7d753ccd04ae01b7","name":"Jeanette","image":{"@type":"ImageObject","inLanguage":"es","@id":"https:\/\/secure.gravatar.com\/avatar\/3ea2118a5f7dad2b7138b1187a6b7ee55f160b9968b66013c3a3ef39dd7e5798?s=96&d=mm&r=g","url":"https:\/\/secure.gravatar.com\/avatar\/3ea2118a5f7dad2b7138b1187a6b7ee55f160b9968b66013c3a3ef39dd7e5798?s=96&d=mm&r=g","contentUrl":"https:\/\/secure.gravatar.com\/avatar\/3ea2118a5f7dad2b7138b1187a6b7ee55f160b9968b66013c3a3ef39dd7e5798?s=96&d=mm&r=g","caption":"Jeanette"},"sameAs":["https:\/\/www.eldiario.net\/portal"],"url":"https:\/\/www.eldiario.net\/portal\/author\/jeanette\/"}]}},"_links":{"self":[{"href":"https:\/\/www.eldiario.net\/portal\/wp-json\/wp\/v2\/posts\/427017","targetHints":{"allow":["GET"]}}],"collection":[{"href":"https:\/\/www.eldiario.net\/portal\/wp-json\/wp\/v2\/posts"}],"about":[{"href":"https:\/\/www.eldiario.net\/portal\/wp-json\/wp\/v2\/types\/post"}],"author":[{"embeddable":true,"href":"https:\/\/www.eldiario.net\/portal\/wp-json\/wp\/v2\/users\/1"}],"replies":[{"embeddable":true,"href":"https:\/\/www.eldiario.net\/portal\/wp-json\/wp\/v2\/comments?post=427017"}],"version-history":[{"count":1,"href":"https:\/\/www.eldiario.net\/portal\/wp-json\/wp\/v2\/posts\/427017\/revisions"}],"predecessor-version":[{"id":427018,"href":"https:\/\/www.eldiario.net\/portal\/wp-json\/wp\/v2\/posts\/427017\/revisions\/427018"}],"wp:featuredmedia":[{"embeddable":true,"href":"https:\/\/www.eldiario.net\/portal\/wp-json\/wp\/v2\/media\/172767"}],"wp:attachment":[{"href":"https:\/\/www.eldiario.net\/portal\/wp-json\/wp\/v2\/media?parent=427017"}],"wp:term":[{"taxonomy":"category","embeddable":true,"href":"https:\/\/www.eldiario.net\/portal\/wp-json\/wp\/v2\/categories?post=427017"},{"taxonomy":"post_tag","embeddable":true,"href":"https:\/\/www.eldiario.net\/portal\/wp-json\/wp\/v2\/tags?post=427017"}],"curies":[{"name":"wp","href":"https:\/\/api.w.org\/{rel}","templated":true}]}}