{"id":427015,"date":"2026-09-02T06:59:55","date_gmt":"2026-09-02T10:59:55","guid":{"rendered":"https:\/\/www.eldiario.net\/portal\/?p=427015"},"modified":"2026-09-02T06:59:55","modified_gmt":"2026-09-02T10:59:55","slug":"apenas-balbuceando-sobre-el-transfugio","status":"publish","type":"post","link":"https:\/\/www.eldiario.net\/portal\/2026\/09\/02\/apenas-balbuceando-sobre-el-transfugio\/","title":{"rendered":"Apenas balbuceando sobre el transfugio"},"content":{"rendered":"<p>Realmente parece que estamos sumidos en verdaderos vericuetos insondables cuando actos clar\u00edsimos de transfugio tratan de ser disfrazados por aut\u00e9nticos macumberos leguyelescos.<br \/>\nEl transfugio es \u201cel acto en el que una persona abandona un partido, grupo u organizaci\u00f3n, pas\u00e1ndose a otro bando contrario o rival, apart\u00e1ndose del criterio fijado por el partido o alianza pol\u00edtica que lo present\u00f3 a las correspondientes elecciones\u201d.<br \/>\nEl transfugismo es primero un acto \u201cinmoral\u201d y \u201cno \u00e9tico\u201d que luego debiera ser medido jur\u00eddicamente. Aqu\u00ed primeramente est\u00e1 en juego el honor, la decencia, la integridad, la verg\u00fcenza de la persona, valores que espera el ciudadano sean cumplidos para no ser enga\u00f1ado en las elecciones.<br \/>\nMuchos de los que se dedican a la pol\u00edtica en forma exclusiva han encontrado en el transfugio su modus vivendi, con la peque\u00f1a molestia de que cada cinco a\u00f1os deban someterse a un embarazoso proceso eleccionario, en el que se juegan sus porotos.<br \/>\nSi alguien quiere atornillarse en la politiquer\u00eda, tiene que buscar una \u201cagrupaci\u00f3n\u201d partidaria con esperanzas de sobrevivir, as\u00ed el transfugio es una de las coartadas m\u00e1s socorridas para permanecer de pol\u00edtico eterno, brincando de partido en partido. Pero no solo el viejo politiquero puede acudir al transfugio, el politiquero novato o imberbe tambi\u00e9n recurre a este vicio, aunque sea tarado o tartamudo.<br \/>\nEn casos de conveniencia se arguye que un individuo abandona el partido o la coalici\u00f3n que lo llev\u00f3 a un curul por no responder a las \u00f3rdenes del jefe de la organizaci\u00f3n pol\u00edtica. Si existieran normas jur\u00eddico-penales para verificar esta situaci\u00f3n, se esclarecer\u00eda el asunto, pero en Bolivia no existen dichas reglas.<br \/>\nEn otros pa\u00edses existen acuerdos interpartidarios para evitar actos vergonzosos de transfuguismo, comprometi\u00e9ndose a \u201crechazar y no admitir en su grupo pol\u00edtico a alguien integrado en la candidatura de otra formaci\u00f3n\u201d.<br \/>\nPero ni estos simples \u201cacuerdos\u201d existen en Bolivia, haciendo falta normas compulsivas que castiguen este \u2018cohecho\u2019\u2026 el transfugio es un acto de tr\u00e1fico y estafa que no hiere solamente al partido traicionado sino al ciudadano que en su inocencia va a votar a favor de alguien sin saber que es un vil traficante de la conciencia ciudadana. Por ah\u00ed empieza el \u201cmal gobierno\u201d.<br \/>\nAsimismo deber\u00eda establecerse, como en el Derecho Civil, la invalidez de los correspondientes actos y decisiones ejecutivas, parlamentarias, de gobernaci\u00f3n departamental y municipal adoptadas con el concurso del tr\u00e1nsfuga.<br \/>\nEn Bolivia existe un \u201csistema legal\u201d creado espec\u00edficamente para eliminar a los verdaderos y aut\u00e9nticos partidos pol\u00edticos con fidedignos militantes, fielmente aferrados a su \u201ccarta de principios\u201d, \u201cestatuto org\u00e1nico\u201d, \u201cnormas de conducta interna\u201d, \u201creglamento de derechos y obligaciones de la militancia\u201d, \u201creglamento de procesos internos\u201d, \u201cnormas para alianzas\u201d y otros.<br \/>\nLo que hoy est\u00e1 impuesto jur\u00eddicamente es la validaci\u00f3n de cualquier agrupaci\u00f3n, incluso la de pandillas carnavalescas, para poner fin de una vez por todas al verdadero partido pol\u00edtico serio, poseedor de todos los instrumentos v\u00e1lidos arriba se\u00f1alados.<br \/>\nEl actual sistema legal electoral est\u00e1 dise\u00f1ado para que estos grup\u00fasculos del enga\u00f1o, con graves anomal\u00edas como el transfugio, puedan llegar a gobernar, cavando la sepultura del pa\u00eds, tal como se ve en los \u00faltimos repugnantes actos pol\u00edticos estallados, en los que el crimen est\u00e1 en primera l\u00ednea.<\/p>\n<p>El autor es jurista.<\/p>\n","protected":false},"excerpt":{"rendered":"<p>Realmente parece que estamos sumidos en verdaderos vericuetos insondables cuando actos clar\u00edsimos de transfugio tratan de ser disfrazados por aut\u00e9nticos macumberos leguyelescos. El transfugio es \u201cel acto en el que una persona abandona un partido, grupo u organizaci\u00f3n, pas\u00e1ndose a otro bando contrario o rival, apart\u00e1ndose del criterio fijado por el partido o alianza pol\u00edtica [&hellip;]<\/p>\n","protected":false},"author":1,"featured_media":408902,"comment_status":"closed","ping_status":"open","sticky":false,"template":"","format":"standard","meta":{"_acf_changed":false,"footnotes":""},"categories":[9],"tags":[],"class_list":["post-427015","post","type-post","status-publish","format-standard","has-post-thumbnail","category-opinion"],"acf":{"antetitulo":""},"yoast_head":"<!-- This site is optimized with the Yoast SEO plugin v28.4 - https:\/\/yoast.com\/product\/yoast-seo-wordpress\/ -->\n<title>Apenas balbuceando sobre el transfugio - El Diario - Bolivia<\/title>\n<meta name=\"robots\" content=\"index, follow, max-snippet:-1, max-image-preview:large, max-video-preview:-1\" \/>\n<link rel=\"canonical\" href=\"https:\/\/www.eldiario.net\/portal\/2026\/09\/02\/apenas-balbuceando-sobre-el-transfugio\/\" \/>\n<meta property=\"og:locale\" content=\"es_ES\" \/>\n<meta property=\"og:type\" content=\"article\" \/>\n<meta property=\"og:title\" content=\"Apenas balbuceando sobre el transfugio - El Diario - Bolivia\" \/>\n<meta property=\"og:description\" content=\"Realmente parece que estamos sumidos en verdaderos vericuetos insondables cuando actos clar\u00edsimos de transfugio tratan de ser disfrazados por aut\u00e9nticos macumberos leguyelescos. El transfugio es \u201cel acto en el que una persona abandona un partido, grupo u organizaci\u00f3n, pas\u00e1ndose a otro bando contrario o rival, apart\u00e1ndose del criterio fijado por el partido o alianza pol\u00edtica [&hellip;]\" \/>\n<meta property=\"og:url\" content=\"https:\/\/www.eldiario.net\/portal\/2026\/09\/02\/apenas-balbuceando-sobre-el-transfugio\/\" \/>\n<meta property=\"og:site_name\" content=\"El Diario - Bolivia\" \/>\n<meta property=\"article:publisher\" content=\"https:\/\/www.facebook.com\/eldiario.bolivia\/\" \/>\n<meta property=\"article:published_time\" content=\"2026-09-02T10:59:55+00:00\" \/>\n<meta property=\"og:image\" content=\"https:\/\/www.eldiario.net\/portal\/wp-content\/uploads\/2026\/07\/Gonzalo-Penaranda-Taida.webp\" \/>\n\t<meta property=\"og:image:width\" content=\"1200\" \/>\n\t<meta property=\"og:image:height\" content=\"628\" \/>\n\t<meta property=\"og:image:type\" content=\"image\/webp\" \/>\n<meta name=\"author\" content=\"Jeanette\" \/>\n<meta name=\"twitter:card\" content=\"summary_large_image\" \/>\n<meta name=\"twitter:creator\" content=\"@eldiario_net\" \/>\n<meta name=\"twitter:site\" content=\"@eldiario_net\" \/>\n<meta name=\"twitter:label1\" content=\"Escrito por\" \/>\n\t<meta name=\"twitter:data1\" content=\"Jeanette\" \/>\n\t<meta name=\"twitter:label2\" content=\"Tiempo de lectura\" \/>\n\t<meta name=\"twitter:data2\" content=\"3 minutos\" \/>\n<script type=\"application\/ld+json\" class=\"yoast-schema-graph\">{\"@context\":\"https:\\\/\\\/schema.org\",\"@graph\":[{\"@type\":\"Article\",\"@id\":\"https:\\\/\\\/www.eldiario.net\\\/portal\\\/2026\\\/09\\\/02\\\/apenas-balbuceando-sobre-el-transfugio\\\/#article\",\"isPartOf\":{\"@id\":\"https:\\\/\\\/www.eldiario.net\\\/portal\\\/2026\\\/09\\\/02\\\/apenas-balbuceando-sobre-el-transfugio\\\/\"},\"author\":{\"name\":\"Jeanette\",\"@id\":\"https:\\\/\\\/www.eldiario.net\\\/portal\\\/#\\\/schema\\\/person\\\/f46445640444750d7d753ccd04ae01b7\"},\"headline\":\"Apenas balbuceando sobre el transfugio\",\"datePublished\":\"2026-09-02T10:59:55+00:00\",\"mainEntityOfPage\":{\"@id\":\"https:\\\/\\\/www.eldiario.net\\\/portal\\\/2026\\\/09\\\/02\\\/apenas-balbuceando-sobre-el-transfugio\\\/\"},\"wordCount\":581,\"publisher\":{\"@id\":\"https:\\\/\\\/www.eldiario.net\\\/portal\\\/#organization\"},\"image\":{\"@id\":\"https:\\\/\\\/www.eldiario.net\\\/portal\\\/2026\\\/09\\\/02\\\/apenas-balbuceando-sobre-el-transfugio\\\/#primaryimage\"},\"thumbnailUrl\":\"https:\\\/\\\/www.eldiario.net\\\/portal\\\/wp-content\\\/uploads\\\/2026\\\/07\\\/Gonzalo-Penaranda-Taida.webp\",\"articleSection\":[\"Opini\u00f3n\"],\"inLanguage\":\"es\"},{\"@type\":\"WebPage\",\"@id\":\"https:\\\/\\\/www.eldiario.net\\\/portal\\\/2026\\\/09\\\/02\\\/apenas-balbuceando-sobre-el-transfugio\\\/\",\"url\":\"https:\\\/\\\/www.eldiario.net\\\/portal\\\/2026\\\/09\\\/02\\\/apenas-balbuceando-sobre-el-transfugio\\\/\",\"name\":\"Apenas balbuceando sobre el transfugio - El Diario - Bolivia\",\"isPartOf\":{\"@id\":\"https:\\\/\\\/www.eldiario.net\\\/portal\\\/#website\"},\"primaryImageOfPage\":{\"@id\":\"https:\\\/\\\/www.eldiario.net\\\/portal\\\/2026\\\/09\\\/02\\\/apenas-balbuceando-sobre-el-transfugio\\\/#primaryimage\"},\"image\":{\"@id\":\"https:\\\/\\\/www.eldiario.net\\\/portal\\\/2026\\\/09\\\/02\\\/apenas-balbuceando-sobre-el-transfugio\\\/#primaryimage\"},\"thumbnailUrl\":\"https:\\\/\\\/www.eldiario.net\\\/portal\\\/wp-content\\\/uploads\\\/2026\\\/07\\\/Gonzalo-Penaranda-Taida.webp\",\"datePublished\":\"2026-09-02T10:59:55+00:00\",\"breadcrumb\":{\"@id\":\"https:\\\/\\\/www.eldiario.net\\\/portal\\\/2026\\\/09\\\/02\\\/apenas-balbuceando-sobre-el-transfugio\\\/#breadcrumb\"},\"inLanguage\":\"es\",\"potentialAction\":[{\"@type\":\"ReadAction\",\"target\":[\"https:\\\/\\\/www.eldiario.net\\\/portal\\\/2026\\\/09\\\/02\\\/apenas-balbuceando-sobre-el-transfugio\\\/\"]}]},{\"@type\":\"ImageObject\",\"inLanguage\":\"es\",\"@id\":\"https:\\\/\\\/www.eldiario.net\\\/portal\\\/2026\\\/09\\\/02\\\/apenas-balbuceando-sobre-el-transfugio\\\/#primaryimage\",\"url\":\"https:\\\/\\\/www.eldiario.net\\\/portal\\\/wp-content\\\/uploads\\\/2026\\\/07\\\/Gonzalo-Penaranda-Taida.webp\",\"contentUrl\":\"https:\\\/\\\/www.eldiario.net\\\/portal\\\/wp-content\\\/uploads\\\/2026\\\/07\\\/Gonzalo-Penaranda-Taida.webp\",\"width\":1200,\"height\":628,\"caption\":\"Gonzalo Pe\u00f1aranda Taida\"},{\"@type\":\"BreadcrumbList\",\"@id\":\"https:\\\/\\\/www.eldiario.net\\\/portal\\\/2026\\\/09\\\/02\\\/apenas-balbuceando-sobre-el-transfugio\\\/#breadcrumb\",\"itemListElement\":[{\"@type\":\"ListItem\",\"position\":1,\"name\":\"Portada\",\"item\":\"https:\\\/\\\/www.eldiario.net\\\/portal\\\/\"},{\"@type\":\"ListItem\",\"position\":2,\"name\":\"Apenas balbuceando sobre el transfugio\"}]},{\"@type\":\"WebSite\",\"@id\":\"https:\\\/\\\/www.eldiario.net\\\/portal\\\/#website\",\"url\":\"https:\\\/\\\/www.eldiario.net\\\/portal\\\/\",\"name\":\"El Diario - Decano de la prensa nacional\",\"description\":\"El Diario - Decano de la prensa nacional\",\"publisher\":{\"@id\":\"https:\\\/\\\/www.eldiario.net\\\/portal\\\/#organization\"},\"potentialAction\":[{\"@type\":\"SearchAction\",\"target\":{\"@type\":\"EntryPoint\",\"urlTemplate\":\"https:\\\/\\\/www.eldiario.net\\\/portal\\\/?s={search_term_string}\"},\"query-input\":{\"@type\":\"PropertyValueSpecification\",\"valueRequired\":true,\"valueName\":\"search_term_string\"}}],\"inLanguage\":\"es\"},{\"@type\":\"Organization\",\"@id\":\"https:\\\/\\\/www.eldiario.net\\\/portal\\\/#organization\",\"name\":\"El Diario - Decano de la prensa nacional\",\"url\":\"https:\\\/\\\/www.eldiario.net\\\/portal\\\/\",\"logo\":{\"@type\":\"ImageObject\",\"inLanguage\":\"es\",\"@id\":\"https:\\\/\\\/www.eldiario.net\\\/portal\\\/#\\\/schema\\\/logo\\\/image\\\/\",\"url\":\"https:\\\/\\\/www.eldiario.net\\\/portal\\\/wp-content\\\/uploads\\\/2023\\\/07\\\/logo_ED.jpg\",\"contentUrl\":\"https:\\\/\\\/www.eldiario.net\\\/portal\\\/wp-content\\\/uploads\\\/2023\\\/07\\\/logo_ED.jpg\",\"width\":272,\"height\":52,\"caption\":\"El Diario - Decano de la prensa nacional\"},\"image\":{\"@id\":\"https:\\\/\\\/www.eldiario.net\\\/portal\\\/#\\\/schema\\\/logo\\\/image\\\/\"},\"sameAs\":[\"https:\\\/\\\/www.facebook.com\\\/eldiario.bolivia\\\/\",\"https:\\\/\\\/x.com\\\/eldiario_net\"]},{\"@type\":\"Person\",\"@id\":\"https:\\\/\\\/www.eldiario.net\\\/portal\\\/#\\\/schema\\\/person\\\/f46445640444750d7d753ccd04ae01b7\",\"name\":\"Jeanette\",\"image\":{\"@type\":\"ImageObject\",\"inLanguage\":\"es\",\"@id\":\"https:\\\/\\\/secure.gravatar.com\\\/avatar\\\/3ea2118a5f7dad2b7138b1187a6b7ee55f160b9968b66013c3a3ef39dd7e5798?s=96&d=mm&r=g\",\"url\":\"https:\\\/\\\/secure.gravatar.com\\\/avatar\\\/3ea2118a5f7dad2b7138b1187a6b7ee55f160b9968b66013c3a3ef39dd7e5798?s=96&d=mm&r=g\",\"contentUrl\":\"https:\\\/\\\/secure.gravatar.com\\\/avatar\\\/3ea2118a5f7dad2b7138b1187a6b7ee55f160b9968b66013c3a3ef39dd7e5798?s=96&d=mm&r=g\",\"caption\":\"Jeanette\"},\"sameAs\":[\"https:\\\/\\\/www.eldiario.net\\\/portal\"],\"url\":\"https:\\\/\\\/www.eldiario.net\\\/portal\\\/author\\\/jeanette\\\/\"}]}<\/script>\n<!-- \/ Yoast SEO plugin. -->","yoast_head_json":{"title":"Apenas balbuceando sobre el transfugio - El Diario - Bolivia","robots":{"index":"index","follow":"follow","max-snippet":"max-snippet:-1","max-image-preview":"max-image-preview:large","max-video-preview":"max-video-preview:-1"},"canonical":"https:\/\/www.eldiario.net\/portal\/2026\/09\/02\/apenas-balbuceando-sobre-el-transfugio\/","og_locale":"es_ES","og_type":"article","og_title":"Apenas balbuceando sobre el transfugio - El Diario - Bolivia","og_description":"Realmente parece que estamos sumidos en verdaderos vericuetos insondables cuando actos clar\u00edsimos de transfugio tratan de ser disfrazados por aut\u00e9nticos macumberos leguyelescos. El transfugio es \u201cel acto en el que una persona abandona un partido, grupo u organizaci\u00f3n, pas\u00e1ndose a otro bando contrario o rival, apart\u00e1ndose del criterio fijado por el partido o alianza pol\u00edtica [&hellip;]","og_url":"https:\/\/www.eldiario.net\/portal\/2026\/09\/02\/apenas-balbuceando-sobre-el-transfugio\/","og_site_name":"El Diario - Bolivia","article_publisher":"https:\/\/www.facebook.com\/eldiario.bolivia\/","article_published_time":"2026-09-02T10:59:55+00:00","og_image":[{"width":1200,"height":628,"url":"https:\/\/www.eldiario.net\/portal\/wp-content\/uploads\/2026\/07\/Gonzalo-Penaranda-Taida.webp","type":"image\/webp"}],"author":"Jeanette","twitter_card":"summary_large_image","twitter_creator":"@eldiario_net","twitter_site":"@eldiario_net","twitter_misc":{"Escrito por":"Jeanette","Tiempo de lectura":"3 minutos"},"schema":{"@context":"https:\/\/schema.org","@graph":[{"@type":"Article","@id":"https:\/\/www.eldiario.net\/portal\/2026\/09\/02\/apenas-balbuceando-sobre-el-transfugio\/#article","isPartOf":{"@id":"https:\/\/www.eldiario.net\/portal\/2026\/09\/02\/apenas-balbuceando-sobre-el-transfugio\/"},"author":{"name":"Jeanette","@id":"https:\/\/www.eldiario.net\/portal\/#\/schema\/person\/f46445640444750d7d753ccd04ae01b7"},"headline":"Apenas balbuceando sobre el transfugio","datePublished":"2026-09-02T10:59:55+00:00","mainEntityOfPage":{"@id":"https:\/\/www.eldiario.net\/portal\/2026\/09\/02\/apenas-balbuceando-sobre-el-transfugio\/"},"wordCount":581,"publisher":{"@id":"https:\/\/www.eldiario.net\/portal\/#organization"},"image":{"@id":"https:\/\/www.eldiario.net\/portal\/2026\/09\/02\/apenas-balbuceando-sobre-el-transfugio\/#primaryimage"},"thumbnailUrl":"https:\/\/www.eldiario.net\/portal\/wp-content\/uploads\/2026\/07\/Gonzalo-Penaranda-Taida.webp","articleSection":["Opini\u00f3n"],"inLanguage":"es"},{"@type":"WebPage","@id":"https:\/\/www.eldiario.net\/portal\/2026\/09\/02\/apenas-balbuceando-sobre-el-transfugio\/","url":"https:\/\/www.eldiario.net\/portal\/2026\/09\/02\/apenas-balbuceando-sobre-el-transfugio\/","name":"Apenas balbuceando sobre el transfugio - El Diario - Bolivia","isPartOf":{"@id":"https:\/\/www.eldiario.net\/portal\/#website"},"primaryImageOfPage":{"@id":"https:\/\/www.eldiario.net\/portal\/2026\/09\/02\/apenas-balbuceando-sobre-el-transfugio\/#primaryimage"},"image":{"@id":"https:\/\/www.eldiario.net\/portal\/2026\/09\/02\/apenas-balbuceando-sobre-el-transfugio\/#primaryimage"},"thumbnailUrl":"https:\/\/www.eldiario.net\/portal\/wp-content\/uploads\/2026\/07\/Gonzalo-Penaranda-Taida.webp","datePublished":"2026-09-02T10:59:55+00:00","breadcrumb":{"@id":"https:\/\/www.eldiario.net\/portal\/2026\/09\/02\/apenas-balbuceando-sobre-el-transfugio\/#breadcrumb"},"inLanguage":"es","potentialAction":[{"@type":"ReadAction","target":["https:\/\/www.eldiario.net\/portal\/2026\/09\/02\/apenas-balbuceando-sobre-el-transfugio\/"]}]},{"@type":"ImageObject","inLanguage":"es","@id":"https:\/\/www.eldiario.net\/portal\/2026\/09\/02\/apenas-balbuceando-sobre-el-transfugio\/#primaryimage","url":"https:\/\/www.eldiario.net\/portal\/wp-content\/uploads\/2026\/07\/Gonzalo-Penaranda-Taida.webp","contentUrl":"https:\/\/www.eldiario.net\/portal\/wp-content\/uploads\/2026\/07\/Gonzalo-Penaranda-Taida.webp","width":1200,"height":628,"caption":"Gonzalo Pe\u00f1aranda Taida"},{"@type":"BreadcrumbList","@id":"https:\/\/www.eldiario.net\/portal\/2026\/09\/02\/apenas-balbuceando-sobre-el-transfugio\/#breadcrumb","itemListElement":[{"@type":"ListItem","position":1,"name":"Portada","item":"https:\/\/www.eldiario.net\/portal\/"},{"@type":"ListItem","position":2,"name":"Apenas balbuceando sobre el transfugio"}]},{"@type":"WebSite","@id":"https:\/\/www.eldiario.net\/portal\/#website","url":"https:\/\/www.eldiario.net\/portal\/","name":"El Diario - Decano de la prensa nacional","description":"El Diario - Decano de la prensa nacional","publisher":{"@id":"https:\/\/www.eldiario.net\/portal\/#organization"},"potentialAction":[{"@type":"SearchAction","target":{"@type":"EntryPoint","urlTemplate":"https:\/\/www.eldiario.net\/portal\/?s={search_term_string}"},"query-input":{"@type":"PropertyValueSpecification","valueRequired":true,"valueName":"search_term_string"}}],"inLanguage":"es"},{"@type":"Organization","@id":"https:\/\/www.eldiario.net\/portal\/#organization","name":"El Diario - Decano de la prensa nacional","url":"https:\/\/www.eldiario.net\/portal\/","logo":{"@type":"ImageObject","inLanguage":"es","@id":"https:\/\/www.eldiario.net\/portal\/#\/schema\/logo\/image\/","url":"https:\/\/www.eldiario.net\/portal\/wp-content\/uploads\/2023\/07\/logo_ED.jpg","contentUrl":"https:\/\/www.eldiario.net\/portal\/wp-content\/uploads\/2023\/07\/logo_ED.jpg","width":272,"height":52,"caption":"El Diario - Decano de la prensa nacional"},"image":{"@id":"https:\/\/www.eldiario.net\/portal\/#\/schema\/logo\/image\/"},"sameAs":["https:\/\/www.facebook.com\/eldiario.bolivia\/","https:\/\/x.com\/eldiario_net"]},{"@type":"Person","@id":"https:\/\/www.eldiario.net\/portal\/#\/schema\/person\/f46445640444750d7d753ccd04ae01b7","name":"Jeanette","image":{"@type":"ImageObject","inLanguage":"es","@id":"https:\/\/secure.gravatar.com\/avatar\/3ea2118a5f7dad2b7138b1187a6b7ee55f160b9968b66013c3a3ef39dd7e5798?s=96&d=mm&r=g","url":"https:\/\/secure.gravatar.com\/avatar\/3ea2118a5f7dad2b7138b1187a6b7ee55f160b9968b66013c3a3ef39dd7e5798?s=96&d=mm&r=g","contentUrl":"https:\/\/secure.gravatar.com\/avatar\/3ea2118a5f7dad2b7138b1187a6b7ee55f160b9968b66013c3a3ef39dd7e5798?s=96&d=mm&r=g","caption":"Jeanette"},"sameAs":["https:\/\/www.eldiario.net\/portal"],"url":"https:\/\/www.eldiario.net\/portal\/author\/jeanette\/"}]}},"_links":{"self":[{"href":"https:\/\/www.eldiario.net\/portal\/wp-json\/wp\/v2\/posts\/427015","targetHints":{"allow":["GET"]}}],"collection":[{"href":"https:\/\/www.eldiario.net\/portal\/wp-json\/wp\/v2\/posts"}],"about":[{"href":"https:\/\/www.eldiario.net\/portal\/wp-json\/wp\/v2\/types\/post"}],"author":[{"embeddable":true,"href":"https:\/\/www.eldiario.net\/portal\/wp-json\/wp\/v2\/users\/1"}],"replies":[{"embeddable":true,"href":"https:\/\/www.eldiario.net\/portal\/wp-json\/wp\/v2\/comments?post=427015"}],"version-history":[{"count":1,"href":"https:\/\/www.eldiario.net\/portal\/wp-json\/wp\/v2\/posts\/427015\/revisions"}],"predecessor-version":[{"id":427016,"href":"https:\/\/www.eldiario.net\/portal\/wp-json\/wp\/v2\/posts\/427015\/revisions\/427016"}],"wp:featuredmedia":[{"embeddable":true,"href":"https:\/\/www.eldiario.net\/portal\/wp-json\/wp\/v2\/media\/408902"}],"wp:attachment":[{"href":"https:\/\/www.eldiario.net\/portal\/wp-json\/wp\/v2\/media?parent=427015"}],"wp:term":[{"taxonomy":"category","embeddable":true,"href":"https:\/\/www.eldiario.net\/portal\/wp-json\/wp\/v2\/categories?post=427015"},{"taxonomy":"post_tag","embeddable":true,"href":"https:\/\/www.eldiario.net\/portal\/wp-json\/wp\/v2\/tags?post=427015"}],"curies":[{"name":"wp","href":"https:\/\/api.w.org\/{rel}","templated":true}]}}