{"id":427013,"date":"2026-09-02T06:59:25","date_gmt":"2026-09-02T10:59:25","guid":{"rendered":"https:\/\/www.eldiario.net\/portal\/?p=427013"},"modified":"2026-09-02T06:59:25","modified_gmt":"2026-09-02T10:59:25","slug":"reginald-barber-un-heroe-olvidado","status":"publish","type":"post","link":"https:\/\/www.eldiario.net\/portal\/2026\/09\/02\/reginald-barber-un-heroe-olvidado\/","title":{"rendered":"Reginald Barber, un h\u00e9roe olvidado"},"content":{"rendered":"<p>Una de las principales investigaciones sobre la presencia inglesa en Bolivia fue realizada por el eximio periodista y diplom\u00e1tico Alan W. Shave, en su obra \u2018Los Brit\u00e1nicos en Bolivia\u2019 (in\u00e9dita). Sin embargo, en esta ocasi\u00f3n queremos rescatar del olvido a un personaje que por su participaci\u00f3n humanitaria durante la Revoluci\u00f3n Federal, fue declarado h\u00e9roe de aquella gesta.<br \/>\nAl mencionar el apellido Barber y la poblaci\u00f3n de Corocoro, resulta inevitable recordar a la casa comercial J. K. Child y C\u00eda., vinculada a la intensa actividad econ\u00f3mica y minera que caracteriz\u00f3 a esta importante regi\u00f3n a fines del Siglo XIX e inicios del XX.<br \/>\nEntre los miembros de esta familia destac\u00f3 Lionel Barber, quien fue fundador del \u2018Club Ciclista de Corocoro\u2019, constituido en septiembre de 1897 y ocup\u00f3 el cargo de secretario en su primera directiva. M\u00e1s adelante, public\u00f3 el estudio titulado \u201cBolivian Copper-Corocoro\u201d, difundido en el N\u00ba 3 de la revista \u2018Bolivia\u2019, correspondiente a enero de 1927, publicaci\u00f3n vinculada al Consulado General de Bolivia en Nueva York.<br \/>\nOtro miembro de esta familia fue Reginald Barber. Aunque no contamos con mayores datos biogr\u00e1ficos sobre su trayectoria, su nombre qued\u00f3 vinculado a los acontecimientos de la Revoluci\u00f3n Federal y particularmente, a los sucesos ocurridos en Corocoro. En circunstancias en que el Ej\u00e9rcito Unitario se hab\u00eda asentado en este importante centro minero, el 22 de enero de 1899 estall\u00f3 la rebeli\u00f3n ind\u00edgena, que culmin\u00f3 con el aniquilamiento de dichas fuerzas y la posterior toma de la poblaci\u00f3n por los ind\u00edgenas y peones de los establecimientos mineros.<br \/>\nEn medio de estos acontecimientos, Reginald tuvo una destacada participaci\u00f3n humanitaria. Al respecto, la prensa de la \u00e9poca detall\u00f3: \u201c&#8230;durante siete d\u00edas sufri\u00f3 el pueblo las m\u00e1s tir\u00e1nicas imposiciones de una indiada desbordada, en medio de las mayores angustias. En aquellas terribles horas, Barber fue el salvador de todo un pueblo, que lo proclam\u00f3 Subprefecto de la Provincia. Amenazada su vida por los indios y los mineros y no pocos unitarios, pas\u00f3 durante 15 d\u00edas velando sin reposo por la seguridad de vidas y propiedades, hasta que cay\u00f3 enfermo con una fiebre tifoidea que le puso al borde del sepulcro y tuvo duraci\u00f3n de muchos meses\u201d (El Comercio de Bolivia, La Paz, 21 de octubre de 1899).<br \/>\nPosteriormente, como reconocimiento por su actuaci\u00f3n, recibi\u00f3 una medalla de oro otorgada por los vecinos de Corocoro. As\u00ed, Reginald Barber qued\u00f3 ligado a uno de los episodios m\u00e1s convulsos de la Revoluci\u00f3n Federal y pese al paso del tiempo, su nombre merece ser rescatado del olvido como el de un hombre que en medio de aquellas jornadas de violencia, arriesg\u00f3 su propia vida para proteger la de otros.<\/p>\n","protected":false},"excerpt":{"rendered":"<p>Una de las principales investigaciones sobre la presencia inglesa en Bolivia fue realizada por el eximio periodista y diplom\u00e1tico Alan W. Shave, en su obra \u2018Los Brit\u00e1nicos en Bolivia\u2019 (in\u00e9dita). Sin embargo, en esta ocasi\u00f3n queremos rescatar del olvido a un personaje que por su participaci\u00f3n humanitaria durante la Revoluci\u00f3n Federal, fue declarado h\u00e9roe de [&hellip;]<\/p>\n","protected":false},"author":1,"featured_media":259492,"comment_status":"closed","ping_status":"open","sticky":false,"template":"","format":"standard","meta":{"_acf_changed":false,"footnotes":""},"categories":[9],"tags":[],"class_list":["post-427013","post","type-post","status-publish","format-standard","has-post-thumbnail","category-opinion"],"acf":{"antetitulo":""},"yoast_head":"<!-- This site is optimized with the Yoast SEO plugin v28.4 - https:\/\/yoast.com\/product\/yoast-seo-wordpress\/ -->\n<title>Reginald Barber, un h\u00e9roe olvidado - El Diario - Bolivia<\/title>\n<meta name=\"robots\" content=\"index, follow, max-snippet:-1, max-image-preview:large, max-video-preview:-1\" \/>\n<link rel=\"canonical\" href=\"https:\/\/www.eldiario.net\/portal\/2026\/09\/02\/reginald-barber-un-heroe-olvidado\/\" \/>\n<meta property=\"og:locale\" content=\"es_ES\" \/>\n<meta property=\"og:type\" content=\"article\" \/>\n<meta property=\"og:title\" content=\"Reginald Barber, un h\u00e9roe olvidado - El Diario - Bolivia\" \/>\n<meta property=\"og:description\" content=\"Una de las principales investigaciones sobre la presencia inglesa en Bolivia fue realizada por el eximio periodista y diplom\u00e1tico Alan W. Shave, en su obra \u2018Los Brit\u00e1nicos en Bolivia\u2019 (in\u00e9dita). Sin embargo, en esta ocasi\u00f3n queremos rescatar del olvido a un personaje que por su participaci\u00f3n humanitaria durante la Revoluci\u00f3n Federal, fue declarado h\u00e9roe de [&hellip;]\" \/>\n<meta property=\"og:url\" content=\"https:\/\/www.eldiario.net\/portal\/2026\/09\/02\/reginald-barber-un-heroe-olvidado\/\" \/>\n<meta property=\"og:site_name\" content=\"El Diario - Bolivia\" \/>\n<meta property=\"article:publisher\" content=\"https:\/\/www.facebook.com\/eldiario.bolivia\/\" \/>\n<meta property=\"article:published_time\" content=\"2026-09-02T10:59:25+00:00\" \/>\n<meta property=\"og:image\" content=\"https:\/\/www.eldiario.net\/portal\/wp-content\/uploads\/2024\/11\/Jose-Pradel-B.jpg\" \/>\n\t<meta property=\"og:image:width\" content=\"1200\" \/>\n\t<meta property=\"og:image:height\" content=\"628\" \/>\n\t<meta property=\"og:image:type\" content=\"image\/jpeg\" \/>\n<meta name=\"author\" content=\"Jeanette\" \/>\n<meta name=\"twitter:card\" content=\"summary_large_image\" \/>\n<meta name=\"twitter:creator\" content=\"@eldiario_net\" \/>\n<meta name=\"twitter:site\" content=\"@eldiario_net\" \/>\n<meta name=\"twitter:label1\" content=\"Escrito por\" \/>\n\t<meta name=\"twitter:data1\" content=\"Jeanette\" \/>\n\t<meta name=\"twitter:label2\" content=\"Tiempo de lectura\" \/>\n\t<meta name=\"twitter:data2\" content=\"3 minutos\" \/>\n<script type=\"application\/ld+json\" class=\"yoast-schema-graph\">{\"@context\":\"https:\\\/\\\/schema.org\",\"@graph\":[{\"@type\":\"Article\",\"@id\":\"https:\\\/\\\/www.eldiario.net\\\/portal\\\/2026\\\/09\\\/02\\\/reginald-barber-un-heroe-olvidado\\\/#article\",\"isPartOf\":{\"@id\":\"https:\\\/\\\/www.eldiario.net\\\/portal\\\/2026\\\/09\\\/02\\\/reginald-barber-un-heroe-olvidado\\\/\"},\"author\":{\"name\":\"Jeanette\",\"@id\":\"https:\\\/\\\/www.eldiario.net\\\/portal\\\/#\\\/schema\\\/person\\\/f46445640444750d7d753ccd04ae01b7\"},\"headline\":\"Reginald Barber, un h\u00e9roe olvidado\",\"datePublished\":\"2026-09-02T10:59:25+00:00\",\"mainEntityOfPage\":{\"@id\":\"https:\\\/\\\/www.eldiario.net\\\/portal\\\/2026\\\/09\\\/02\\\/reginald-barber-un-heroe-olvidado\\\/\"},\"wordCount\":465,\"publisher\":{\"@id\":\"https:\\\/\\\/www.eldiario.net\\\/portal\\\/#organization\"},\"image\":{\"@id\":\"https:\\\/\\\/www.eldiario.net\\\/portal\\\/2026\\\/09\\\/02\\\/reginald-barber-un-heroe-olvidado\\\/#primaryimage\"},\"thumbnailUrl\":\"https:\\\/\\\/www.eldiario.net\\\/portal\\\/wp-content\\\/uploads\\\/2024\\\/11\\\/Jose-Pradel-B.jpg\",\"articleSection\":[\"Opini\u00f3n\"],\"inLanguage\":\"es\"},{\"@type\":\"WebPage\",\"@id\":\"https:\\\/\\\/www.eldiario.net\\\/portal\\\/2026\\\/09\\\/02\\\/reginald-barber-un-heroe-olvidado\\\/\",\"url\":\"https:\\\/\\\/www.eldiario.net\\\/portal\\\/2026\\\/09\\\/02\\\/reginald-barber-un-heroe-olvidado\\\/\",\"name\":\"Reginald Barber, un h\u00e9roe olvidado - El Diario - Bolivia\",\"isPartOf\":{\"@id\":\"https:\\\/\\\/www.eldiario.net\\\/portal\\\/#website\"},\"primaryImageOfPage\":{\"@id\":\"https:\\\/\\\/www.eldiario.net\\\/portal\\\/2026\\\/09\\\/02\\\/reginald-barber-un-heroe-olvidado\\\/#primaryimage\"},\"image\":{\"@id\":\"https:\\\/\\\/www.eldiario.net\\\/portal\\\/2026\\\/09\\\/02\\\/reginald-barber-un-heroe-olvidado\\\/#primaryimage\"},\"thumbnailUrl\":\"https:\\\/\\\/www.eldiario.net\\\/portal\\\/wp-content\\\/uploads\\\/2024\\\/11\\\/Jose-Pradel-B.jpg\",\"datePublished\":\"2026-09-02T10:59:25+00:00\",\"breadcrumb\":{\"@id\":\"https:\\\/\\\/www.eldiario.net\\\/portal\\\/2026\\\/09\\\/02\\\/reginald-barber-un-heroe-olvidado\\\/#breadcrumb\"},\"inLanguage\":\"es\",\"potentialAction\":[{\"@type\":\"ReadAction\",\"target\":[\"https:\\\/\\\/www.eldiario.net\\\/portal\\\/2026\\\/09\\\/02\\\/reginald-barber-un-heroe-olvidado\\\/\"]}]},{\"@type\":\"ImageObject\",\"inLanguage\":\"es\",\"@id\":\"https:\\\/\\\/www.eldiario.net\\\/portal\\\/2026\\\/09\\\/02\\\/reginald-barber-un-heroe-olvidado\\\/#primaryimage\",\"url\":\"https:\\\/\\\/www.eldiario.net\\\/portal\\\/wp-content\\\/uploads\\\/2024\\\/11\\\/Jose-Pradel-B.jpg\",\"contentUrl\":\"https:\\\/\\\/www.eldiario.net\\\/portal\\\/wp-content\\\/uploads\\\/2024\\\/11\\\/Jose-Pradel-B.jpg\",\"width\":1200,\"height\":628},{\"@type\":\"BreadcrumbList\",\"@id\":\"https:\\\/\\\/www.eldiario.net\\\/portal\\\/2026\\\/09\\\/02\\\/reginald-barber-un-heroe-olvidado\\\/#breadcrumb\",\"itemListElement\":[{\"@type\":\"ListItem\",\"position\":1,\"name\":\"Portada\",\"item\":\"https:\\\/\\\/www.eldiario.net\\\/portal\\\/\"},{\"@type\":\"ListItem\",\"position\":2,\"name\":\"Reginald Barber, un h\u00e9roe olvidado\"}]},{\"@type\":\"WebSite\",\"@id\":\"https:\\\/\\\/www.eldiario.net\\\/portal\\\/#website\",\"url\":\"https:\\\/\\\/www.eldiario.net\\\/portal\\\/\",\"name\":\"El Diario - Decano de la prensa nacional\",\"description\":\"El Diario - Decano de la prensa nacional\",\"publisher\":{\"@id\":\"https:\\\/\\\/www.eldiario.net\\\/portal\\\/#organization\"},\"potentialAction\":[{\"@type\":\"SearchAction\",\"target\":{\"@type\":\"EntryPoint\",\"urlTemplate\":\"https:\\\/\\\/www.eldiario.net\\\/portal\\\/?s={search_term_string}\"},\"query-input\":{\"@type\":\"PropertyValueSpecification\",\"valueRequired\":true,\"valueName\":\"search_term_string\"}}],\"inLanguage\":\"es\"},{\"@type\":\"Organization\",\"@id\":\"https:\\\/\\\/www.eldiario.net\\\/portal\\\/#organization\",\"name\":\"El Diario - Decano de la prensa nacional\",\"url\":\"https:\\\/\\\/www.eldiario.net\\\/portal\\\/\",\"logo\":{\"@type\":\"ImageObject\",\"inLanguage\":\"es\",\"@id\":\"https:\\\/\\\/www.eldiario.net\\\/portal\\\/#\\\/schema\\\/logo\\\/image\\\/\",\"url\":\"https:\\\/\\\/www.eldiario.net\\\/portal\\\/wp-content\\\/uploads\\\/2023\\\/07\\\/logo_ED.jpg\",\"contentUrl\":\"https:\\\/\\\/www.eldiario.net\\\/portal\\\/wp-content\\\/uploads\\\/2023\\\/07\\\/logo_ED.jpg\",\"width\":272,\"height\":52,\"caption\":\"El Diario - Decano de la prensa nacional\"},\"image\":{\"@id\":\"https:\\\/\\\/www.eldiario.net\\\/portal\\\/#\\\/schema\\\/logo\\\/image\\\/\"},\"sameAs\":[\"https:\\\/\\\/www.facebook.com\\\/eldiario.bolivia\\\/\",\"https:\\\/\\\/x.com\\\/eldiario_net\"]},{\"@type\":\"Person\",\"@id\":\"https:\\\/\\\/www.eldiario.net\\\/portal\\\/#\\\/schema\\\/person\\\/f46445640444750d7d753ccd04ae01b7\",\"name\":\"Jeanette\",\"image\":{\"@type\":\"ImageObject\",\"inLanguage\":\"es\",\"@id\":\"https:\\\/\\\/secure.gravatar.com\\\/avatar\\\/3ea2118a5f7dad2b7138b1187a6b7ee55f160b9968b66013c3a3ef39dd7e5798?s=96&d=mm&r=g\",\"url\":\"https:\\\/\\\/secure.gravatar.com\\\/avatar\\\/3ea2118a5f7dad2b7138b1187a6b7ee55f160b9968b66013c3a3ef39dd7e5798?s=96&d=mm&r=g\",\"contentUrl\":\"https:\\\/\\\/secure.gravatar.com\\\/avatar\\\/3ea2118a5f7dad2b7138b1187a6b7ee55f160b9968b66013c3a3ef39dd7e5798?s=96&d=mm&r=g\",\"caption\":\"Jeanette\"},\"sameAs\":[\"https:\\\/\\\/www.eldiario.net\\\/portal\"],\"url\":\"https:\\\/\\\/www.eldiario.net\\\/portal\\\/author\\\/jeanette\\\/\"}]}<\/script>\n<!-- \/ Yoast SEO plugin. -->","yoast_head_json":{"title":"Reginald Barber, un h\u00e9roe olvidado - El Diario - Bolivia","robots":{"index":"index","follow":"follow","max-snippet":"max-snippet:-1","max-image-preview":"max-image-preview:large","max-video-preview":"max-video-preview:-1"},"canonical":"https:\/\/www.eldiario.net\/portal\/2026\/09\/02\/reginald-barber-un-heroe-olvidado\/","og_locale":"es_ES","og_type":"article","og_title":"Reginald Barber, un h\u00e9roe olvidado - El Diario - Bolivia","og_description":"Una de las principales investigaciones sobre la presencia inglesa en Bolivia fue realizada por el eximio periodista y diplom\u00e1tico Alan W. Shave, en su obra \u2018Los Brit\u00e1nicos en Bolivia\u2019 (in\u00e9dita). Sin embargo, en esta ocasi\u00f3n queremos rescatar del olvido a un personaje que por su participaci\u00f3n humanitaria durante la Revoluci\u00f3n Federal, fue declarado h\u00e9roe de [&hellip;]","og_url":"https:\/\/www.eldiario.net\/portal\/2026\/09\/02\/reginald-barber-un-heroe-olvidado\/","og_site_name":"El Diario - Bolivia","article_publisher":"https:\/\/www.facebook.com\/eldiario.bolivia\/","article_published_time":"2026-09-02T10:59:25+00:00","og_image":[{"width":1200,"height":628,"url":"https:\/\/www.eldiario.net\/portal\/wp-content\/uploads\/2024\/11\/Jose-Pradel-B.jpg","type":"image\/jpeg"}],"author":"Jeanette","twitter_card":"summary_large_image","twitter_creator":"@eldiario_net","twitter_site":"@eldiario_net","twitter_misc":{"Escrito por":"Jeanette","Tiempo de lectura":"3 minutos"},"schema":{"@context":"https:\/\/schema.org","@graph":[{"@type":"Article","@id":"https:\/\/www.eldiario.net\/portal\/2026\/09\/02\/reginald-barber-un-heroe-olvidado\/#article","isPartOf":{"@id":"https:\/\/www.eldiario.net\/portal\/2026\/09\/02\/reginald-barber-un-heroe-olvidado\/"},"author":{"name":"Jeanette","@id":"https:\/\/www.eldiario.net\/portal\/#\/schema\/person\/f46445640444750d7d753ccd04ae01b7"},"headline":"Reginald Barber, un h\u00e9roe olvidado","datePublished":"2026-09-02T10:59:25+00:00","mainEntityOfPage":{"@id":"https:\/\/www.eldiario.net\/portal\/2026\/09\/02\/reginald-barber-un-heroe-olvidado\/"},"wordCount":465,"publisher":{"@id":"https:\/\/www.eldiario.net\/portal\/#organization"},"image":{"@id":"https:\/\/www.eldiario.net\/portal\/2026\/09\/02\/reginald-barber-un-heroe-olvidado\/#primaryimage"},"thumbnailUrl":"https:\/\/www.eldiario.net\/portal\/wp-content\/uploads\/2024\/11\/Jose-Pradel-B.jpg","articleSection":["Opini\u00f3n"],"inLanguage":"es"},{"@type":"WebPage","@id":"https:\/\/www.eldiario.net\/portal\/2026\/09\/02\/reginald-barber-un-heroe-olvidado\/","url":"https:\/\/www.eldiario.net\/portal\/2026\/09\/02\/reginald-barber-un-heroe-olvidado\/","name":"Reginald Barber, un h\u00e9roe olvidado - El Diario - Bolivia","isPartOf":{"@id":"https:\/\/www.eldiario.net\/portal\/#website"},"primaryImageOfPage":{"@id":"https:\/\/www.eldiario.net\/portal\/2026\/09\/02\/reginald-barber-un-heroe-olvidado\/#primaryimage"},"image":{"@id":"https:\/\/www.eldiario.net\/portal\/2026\/09\/02\/reginald-barber-un-heroe-olvidado\/#primaryimage"},"thumbnailUrl":"https:\/\/www.eldiario.net\/portal\/wp-content\/uploads\/2024\/11\/Jose-Pradel-B.jpg","datePublished":"2026-09-02T10:59:25+00:00","breadcrumb":{"@id":"https:\/\/www.eldiario.net\/portal\/2026\/09\/02\/reginald-barber-un-heroe-olvidado\/#breadcrumb"},"inLanguage":"es","potentialAction":[{"@type":"ReadAction","target":["https:\/\/www.eldiario.net\/portal\/2026\/09\/02\/reginald-barber-un-heroe-olvidado\/"]}]},{"@type":"ImageObject","inLanguage":"es","@id":"https:\/\/www.eldiario.net\/portal\/2026\/09\/02\/reginald-barber-un-heroe-olvidado\/#primaryimage","url":"https:\/\/www.eldiario.net\/portal\/wp-content\/uploads\/2024\/11\/Jose-Pradel-B.jpg","contentUrl":"https:\/\/www.eldiario.net\/portal\/wp-content\/uploads\/2024\/11\/Jose-Pradel-B.jpg","width":1200,"height":628},{"@type":"BreadcrumbList","@id":"https:\/\/www.eldiario.net\/portal\/2026\/09\/02\/reginald-barber-un-heroe-olvidado\/#breadcrumb","itemListElement":[{"@type":"ListItem","position":1,"name":"Portada","item":"https:\/\/www.eldiario.net\/portal\/"},{"@type":"ListItem","position":2,"name":"Reginald Barber, un h\u00e9roe olvidado"}]},{"@type":"WebSite","@id":"https:\/\/www.eldiario.net\/portal\/#website","url":"https:\/\/www.eldiario.net\/portal\/","name":"El Diario - Decano de la prensa nacional","description":"El Diario - Decano de la prensa nacional","publisher":{"@id":"https:\/\/www.eldiario.net\/portal\/#organization"},"potentialAction":[{"@type":"SearchAction","target":{"@type":"EntryPoint","urlTemplate":"https:\/\/www.eldiario.net\/portal\/?s={search_term_string}"},"query-input":{"@type":"PropertyValueSpecification","valueRequired":true,"valueName":"search_term_string"}}],"inLanguage":"es"},{"@type":"Organization","@id":"https:\/\/www.eldiario.net\/portal\/#organization","name":"El Diario - Decano de la prensa nacional","url":"https:\/\/www.eldiario.net\/portal\/","logo":{"@type":"ImageObject","inLanguage":"es","@id":"https:\/\/www.eldiario.net\/portal\/#\/schema\/logo\/image\/","url":"https:\/\/www.eldiario.net\/portal\/wp-content\/uploads\/2023\/07\/logo_ED.jpg","contentUrl":"https:\/\/www.eldiario.net\/portal\/wp-content\/uploads\/2023\/07\/logo_ED.jpg","width":272,"height":52,"caption":"El Diario - Decano de la prensa nacional"},"image":{"@id":"https:\/\/www.eldiario.net\/portal\/#\/schema\/logo\/image\/"},"sameAs":["https:\/\/www.facebook.com\/eldiario.bolivia\/","https:\/\/x.com\/eldiario_net"]},{"@type":"Person","@id":"https:\/\/www.eldiario.net\/portal\/#\/schema\/person\/f46445640444750d7d753ccd04ae01b7","name":"Jeanette","image":{"@type":"ImageObject","inLanguage":"es","@id":"https:\/\/secure.gravatar.com\/avatar\/3ea2118a5f7dad2b7138b1187a6b7ee55f160b9968b66013c3a3ef39dd7e5798?s=96&d=mm&r=g","url":"https:\/\/secure.gravatar.com\/avatar\/3ea2118a5f7dad2b7138b1187a6b7ee55f160b9968b66013c3a3ef39dd7e5798?s=96&d=mm&r=g","contentUrl":"https:\/\/secure.gravatar.com\/avatar\/3ea2118a5f7dad2b7138b1187a6b7ee55f160b9968b66013c3a3ef39dd7e5798?s=96&d=mm&r=g","caption":"Jeanette"},"sameAs":["https:\/\/www.eldiario.net\/portal"],"url":"https:\/\/www.eldiario.net\/portal\/author\/jeanette\/"}]}},"_links":{"self":[{"href":"https:\/\/www.eldiario.net\/portal\/wp-json\/wp\/v2\/posts\/427013","targetHints":{"allow":["GET"]}}],"collection":[{"href":"https:\/\/www.eldiario.net\/portal\/wp-json\/wp\/v2\/posts"}],"about":[{"href":"https:\/\/www.eldiario.net\/portal\/wp-json\/wp\/v2\/types\/post"}],"author":[{"embeddable":true,"href":"https:\/\/www.eldiario.net\/portal\/wp-json\/wp\/v2\/users\/1"}],"replies":[{"embeddable":true,"href":"https:\/\/www.eldiario.net\/portal\/wp-json\/wp\/v2\/comments?post=427013"}],"version-history":[{"count":1,"href":"https:\/\/www.eldiario.net\/portal\/wp-json\/wp\/v2\/posts\/427013\/revisions"}],"predecessor-version":[{"id":427014,"href":"https:\/\/www.eldiario.net\/portal\/wp-json\/wp\/v2\/posts\/427013\/revisions\/427014"}],"wp:featuredmedia":[{"embeddable":true,"href":"https:\/\/www.eldiario.net\/portal\/wp-json\/wp\/v2\/media\/259492"}],"wp:attachment":[{"href":"https:\/\/www.eldiario.net\/portal\/wp-json\/wp\/v2\/media?parent=427013"}],"wp:term":[{"taxonomy":"category","embeddable":true,"href":"https:\/\/www.eldiario.net\/portal\/wp-json\/wp\/v2\/categories?post=427013"},{"taxonomy":"post_tag","embeddable":true,"href":"https:\/\/www.eldiario.net\/portal\/wp-json\/wp\/v2\/tags?post=427013"}],"curies":[{"name":"wp","href":"https:\/\/api.w.org\/{rel}","templated":true}]}}