{"id":427010,"date":"2026-09-02T06:58:43","date_gmt":"2026-09-02T10:58:43","guid":{"rendered":"https:\/\/www.eldiario.net\/portal\/?p=427010"},"modified":"2026-09-02T06:58:43","modified_gmt":"2026-09-02T10:58:43","slug":"bcb-aplica-politica-contractiva-para-controlar-la-inflacion","status":"publish","type":"post","link":"https:\/\/www.eldiario.net\/portal\/2026\/09\/02\/bcb-aplica-politica-contractiva-para-controlar-la-inflacion\/","title":{"rendered":"BCB aplica pol\u00edtica contractiva  para controlar la inflaci\u00f3n"},"content":{"rendered":"<p>El Banco Central de Bolivia (BCB) aplica una pol\u00edtica monetaria contractiva con el objetivo de contener la inflaci\u00f3n y evitar que alcance los dos d\u00edgitos. El presidente de la entidad, David Espinoza, se\u00f1al\u00f3 que entre las principales medidas se encuentran el retiro de liquidez de la econom\u00eda y la reducci\u00f3n de la emisi\u00f3n monetaria.<br \/>\nEl BCB tiene su meta clara con la inflaci\u00f3n, de que esta no vuelva a registrar dos d\u00edgitos. \u201cLa inflaci\u00f3n ha sido, es y siempre ser\u00e1 un fen\u00f3meno monetario; hay que cuidar la expansi\u00f3n del dinero\u201d, se\u00f1ala la entidad emisora.<br \/>\nLa ganancia de las Reservas Internacionales Netas (RIN) genera presiones a la Base Monetaria y si estos recursos salen del Sistema Financiero, la emisi\u00f3n se expande, por ello el Banco Central de Bolivia tiene como mandato \u201cprocurar la estabilidad del poder adquisitivo interno de la moneda nacional\u201d.<br \/>\nEn ese sentido, el BCB garantiza al Sistema Financiero, Empresas y Hogares el cumplimiento de las metas establecidas en el Programa Monetario.<br \/>\n\u201cA la fecha se observa un ligero sobregiro en la Base Monetaria (Ancla Nominal). El Banco Central de Bolivia garantiza que todo desequilibrio monetario ser\u00e1 neutralizado en el corto plazo, con la aplicaci\u00f3n de medidas complementarias al encaje legal y Operaciones de Mercado Abierto\u201d, asegur\u00f3 el presidente del Banco Central.<br \/>\nCa\u00edda<br \/>\nEl pasado lunes, el Colegio de Ingenieros Comerciales de Oruro, en alianza con la Fundaci\u00f3n Inesad, organizaron el evento denominado \u201cBolivia en Perspectiva: Coyuntura Econ\u00f3mica y Escenarios Futuros\u201d, en la que el exministro de Econom\u00eda, Luis Carlos Jemio y la directora de Inesad, Beatriz Muriel, expusieron la situaci\u00f3n econ\u00f3mica y social del pa\u00eds.<br \/>\nJemio indic\u00f3 que, en 2026, la tasa de inflaci\u00f3n tendi\u00f3 a caer por la apreciaci\u00f3n cambiaria y la ca\u00edda en la emisi\u00f3n monetaria y se\u00f1al\u00f3 que Bolivia es el pa\u00eds con el mayor nivel de circulante con relaci\u00f3n al Producto Interno Bruto (PIB).<br \/>\nLa medida contractiva frenar\u00e1 la inflaci\u00f3n, pero tambi\u00e9n la actividad econ\u00f3mica. Esto quiere decir que la recesi\u00f3n continuar\u00e1, y el BCB ya proyect\u00f3 que la econom\u00eda boliviana registrar\u00e1 una cifra de -3,6% en 2026.<br \/>\nRecordemos que el Fondo Monetario Internacional (FMI) estim\u00f3 un crecimiento para 2026 -3,3%, mientras el Banco Mundial de -3,2%, pero la Comisi\u00f3n Econ\u00f3mica para Am\u00e9rica Latina y el Caribe (Cepal) es la m\u00e1s optimista con una estimaci\u00f3n de crecimiento de 0,5%.<br \/>\nJemio dijo que, si no se hubiera registrado el bloqueo de 53 d\u00edas, Bolivia hubiera podido alcanzar la proyecci\u00f3n de la Cepal, ahora es inminente que la econom\u00eda registrar\u00e1 una cifra negativa.<br \/>\nInflaci\u00f3n<br \/>\nLa pasada gesti\u00f3n, el pa\u00eds cerr\u00f3 con una inflaci\u00f3n de m\u00e1s de 20%, y hasta junio de la presente gesti\u00f3n la cifra alcanz\u00f3 a m\u00e1s de 4%.<br \/>\nPara el economista y docente de la Universidad T\u00e9cnica de Oruro (UTO), Ernesto Bernal, explica que la situaci\u00f3n de los combustibles podr\u00eda provocar una inflaci\u00f3n en dos d\u00edgitos.<br \/>\nEmpleo<br \/>\nMientras Muriel abord\u00f3 la recesi\u00f3n desde el punto de vista del empleo. Detall\u00f3 que la recesi\u00f3n comenz\u00f3 a partir de 2015, que registr\u00f3 tasas de crecimiento laborales negativas, que refleja la baja productividad e inversiones.<br \/>\nFrenar la inflaci\u00f3n no s\u00f3lo implica que los productos no incrementen su valor, sino tambi\u00e9n ralentiza la econom\u00eda, es decir la actividad, as\u00ed como la producci\u00f3n.<br \/>\nBCB<br \/>\nEl expositor inform\u00f3 que, en el primer semestre de 2026, el BCB aplic\u00f3 una pol\u00edtica monetaria restrictiva, al bajar el cr\u00e9dito p\u00fablico y la base monetaria.<br \/>\nLa base monetaria sobrepasaba los 150 mil millones de bolivianos y el circulante 91 mil millones. Hasta finales de diciembre, el BCB espera bajar la base monetaria a 135 mil millones. Es decir, continuar con su pol\u00edtica contractiva.<br \/>\nEl presidente del BCB explic\u00f3 que la entidad tiene varios instrumentos para cumplir su misi\u00f3n de controlar la inflaci\u00f3n.<br \/>\nEntretanto, Jemio sostuvo que la aplicaci\u00f3n de una pol\u00edtica monetaria contractiva se traduce en una menor actividad econ\u00f3mica.<br \/>\nLa reducci\u00f3n de la inflaci\u00f3n implicar\u00e1 una tasa de crecimiento negativa y la aplicaci\u00f3n de una pol\u00edtica contractiva puede agravar la situaci\u00f3n actual del pa\u00eds.<br \/>\nPero nuevamente, los economistas apuntan a una reducci\u00f3n del d\u00e9ficit fiscal, que deber\u00eda ser una de las primeras acciones de la pol\u00edtica gubernamental, para que en el futuro deje de ser financiado con deuda externa.<\/p>\n","protected":false},"excerpt":{"rendered":"<p>El Banco Central de Bolivia (BCB) aplica una pol\u00edtica monetaria contractiva con el objetivo de contener la inflaci\u00f3n y evitar que alcance los dos d\u00edgitos. El presidente de la entidad, David Espinoza, se\u00f1al\u00f3 que entre las principales medidas se encuentran el retiro de liquidez de la econom\u00eda y la reducci\u00f3n de la emisi\u00f3n monetaria. El [&hellip;]<\/p>\n","protected":false},"author":1,"featured_media":427011,"comment_status":"closed","ping_status":"open","sticky":false,"template":"","format":"standard","meta":{"_acf_changed":false,"footnotes":""},"categories":[7],"tags":[],"class_list":["post-427010","post","type-post","status-publish","format-standard","has-post-thumbnail","category-economia"],"acf":{"antetitulo":""},"yoast_head":"<!-- This site is optimized with the Yoast SEO plugin v28.4 - https:\/\/yoast.com\/product\/yoast-seo-wordpress\/ -->\n<title>BCB aplica pol\u00edtica contractiva para controlar la inflaci\u00f3n - El Diario - Bolivia<\/title>\n<meta name=\"robots\" content=\"index, follow, max-snippet:-1, max-image-preview:large, max-video-preview:-1\" \/>\n<link rel=\"canonical\" href=\"https:\/\/www.eldiario.net\/portal\/2026\/09\/02\/bcb-aplica-politica-contractiva-para-controlar-la-inflacion\/\" \/>\n<meta property=\"og:locale\" content=\"es_ES\" \/>\n<meta property=\"og:type\" content=\"article\" \/>\n<meta property=\"og:title\" content=\"BCB aplica pol\u00edtica contractiva para controlar la inflaci\u00f3n - El Diario - Bolivia\" \/>\n<meta property=\"og:description\" content=\"El Banco Central de Bolivia (BCB) aplica una pol\u00edtica monetaria contractiva con el objetivo de contener la inflaci\u00f3n y evitar que alcance los dos d\u00edgitos. El presidente de la entidad, David Espinoza, se\u00f1al\u00f3 que entre las principales medidas se encuentran el retiro de liquidez de la econom\u00eda y la reducci\u00f3n de la emisi\u00f3n monetaria. El [&hellip;]\" \/>\n<meta property=\"og:url\" content=\"https:\/\/www.eldiario.net\/portal\/2026\/09\/02\/bcb-aplica-politica-contractiva-para-controlar-la-inflacion\/\" \/>\n<meta property=\"og:site_name\" content=\"El Diario - Bolivia\" \/>\n<meta property=\"article:publisher\" content=\"https:\/\/www.facebook.com\/eldiario.bolivia\/\" \/>\n<meta property=\"article:published_time\" content=\"2026-09-02T10:58:43+00:00\" \/>\n<meta property=\"og:image\" content=\"https:\/\/www.eldiario.net\/portal\/wp-content\/uploads\/2026\/09\/bcb-20.webp\" \/>\n\t<meta property=\"og:image:width\" content=\"1280\" \/>\n\t<meta property=\"og:image:height\" content=\"984\" \/>\n\t<meta property=\"og:image:type\" content=\"image\/webp\" \/>\n<meta name=\"author\" content=\"Jeanette\" \/>\n<meta name=\"twitter:card\" content=\"summary_large_image\" \/>\n<meta name=\"twitter:creator\" content=\"@eldiario_net\" \/>\n<meta name=\"twitter:site\" content=\"@eldiario_net\" \/>\n<meta name=\"twitter:label1\" content=\"Escrito por\" \/>\n\t<meta name=\"twitter:data1\" content=\"Jeanette\" \/>\n\t<meta name=\"twitter:label2\" content=\"Tiempo de lectura\" \/>\n\t<meta name=\"twitter:data2\" content=\"4 minutos\" \/>\n<script type=\"application\/ld+json\" class=\"yoast-schema-graph\">{\"@context\":\"https:\\\/\\\/schema.org\",\"@graph\":[{\"@type\":\"Article\",\"@id\":\"https:\\\/\\\/www.eldiario.net\\\/portal\\\/2026\\\/09\\\/02\\\/bcb-aplica-politica-contractiva-para-controlar-la-inflacion\\\/#article\",\"isPartOf\":{\"@id\":\"https:\\\/\\\/www.eldiario.net\\\/portal\\\/2026\\\/09\\\/02\\\/bcb-aplica-politica-contractiva-para-controlar-la-inflacion\\\/\"},\"author\":{\"name\":\"Jeanette\",\"@id\":\"https:\\\/\\\/www.eldiario.net\\\/portal\\\/#\\\/schema\\\/person\\\/f46445640444750d7d753ccd04ae01b7\"},\"headline\":\"BCB aplica pol\u00edtica contractiva para controlar la inflaci\u00f3n\",\"datePublished\":\"2026-09-02T10:58:43+00:00\",\"mainEntityOfPage\":{\"@id\":\"https:\\\/\\\/www.eldiario.net\\\/portal\\\/2026\\\/09\\\/02\\\/bcb-aplica-politica-contractiva-para-controlar-la-inflacion\\\/\"},\"wordCount\":775,\"publisher\":{\"@id\":\"https:\\\/\\\/www.eldiario.net\\\/portal\\\/#organization\"},\"image\":{\"@id\":\"https:\\\/\\\/www.eldiario.net\\\/portal\\\/2026\\\/09\\\/02\\\/bcb-aplica-politica-contractiva-para-controlar-la-inflacion\\\/#primaryimage\"},\"thumbnailUrl\":\"https:\\\/\\\/www.eldiario.net\\\/portal\\\/wp-content\\\/uploads\\\/2026\\\/09\\\/bcb-20.webp\",\"articleSection\":[\"Econom\u00eda\"],\"inLanguage\":\"es\"},{\"@type\":\"WebPage\",\"@id\":\"https:\\\/\\\/www.eldiario.net\\\/portal\\\/2026\\\/09\\\/02\\\/bcb-aplica-politica-contractiva-para-controlar-la-inflacion\\\/\",\"url\":\"https:\\\/\\\/www.eldiario.net\\\/portal\\\/2026\\\/09\\\/02\\\/bcb-aplica-politica-contractiva-para-controlar-la-inflacion\\\/\",\"name\":\"BCB aplica pol\u00edtica contractiva para controlar la inflaci\u00f3n - El Diario - Bolivia\",\"isPartOf\":{\"@id\":\"https:\\\/\\\/www.eldiario.net\\\/portal\\\/#website\"},\"primaryImageOfPage\":{\"@id\":\"https:\\\/\\\/www.eldiario.net\\\/portal\\\/2026\\\/09\\\/02\\\/bcb-aplica-politica-contractiva-para-controlar-la-inflacion\\\/#primaryimage\"},\"image\":{\"@id\":\"https:\\\/\\\/www.eldiario.net\\\/portal\\\/2026\\\/09\\\/02\\\/bcb-aplica-politica-contractiva-para-controlar-la-inflacion\\\/#primaryimage\"},\"thumbnailUrl\":\"https:\\\/\\\/www.eldiario.net\\\/portal\\\/wp-content\\\/uploads\\\/2026\\\/09\\\/bcb-20.webp\",\"datePublished\":\"2026-09-02T10:58:43+00:00\",\"breadcrumb\":{\"@id\":\"https:\\\/\\\/www.eldiario.net\\\/portal\\\/2026\\\/09\\\/02\\\/bcb-aplica-politica-contractiva-para-controlar-la-inflacion\\\/#breadcrumb\"},\"inLanguage\":\"es\",\"potentialAction\":[{\"@type\":\"ReadAction\",\"target\":[\"https:\\\/\\\/www.eldiario.net\\\/portal\\\/2026\\\/09\\\/02\\\/bcb-aplica-politica-contractiva-para-controlar-la-inflacion\\\/\"]}]},{\"@type\":\"ImageObject\",\"inLanguage\":\"es\",\"@id\":\"https:\\\/\\\/www.eldiario.net\\\/portal\\\/2026\\\/09\\\/02\\\/bcb-aplica-politica-contractiva-para-controlar-la-inflacion\\\/#primaryimage\",\"url\":\"https:\\\/\\\/www.eldiario.net\\\/portal\\\/wp-content\\\/uploads\\\/2026\\\/09\\\/bcb-20.webp\",\"contentUrl\":\"https:\\\/\\\/www.eldiario.net\\\/portal\\\/wp-content\\\/uploads\\\/2026\\\/09\\\/bcb-20.webp\",\"width\":1280,\"height\":984,\"caption\":\"El Presidente del BCB, David Espinoza.\"},{\"@type\":\"BreadcrumbList\",\"@id\":\"https:\\\/\\\/www.eldiario.net\\\/portal\\\/2026\\\/09\\\/02\\\/bcb-aplica-politica-contractiva-para-controlar-la-inflacion\\\/#breadcrumb\",\"itemListElement\":[{\"@type\":\"ListItem\",\"position\":1,\"name\":\"Portada\",\"item\":\"https:\\\/\\\/www.eldiario.net\\\/portal\\\/\"},{\"@type\":\"ListItem\",\"position\":2,\"name\":\"BCB aplica pol\u00edtica contractiva para controlar la inflaci\u00f3n\"}]},{\"@type\":\"WebSite\",\"@id\":\"https:\\\/\\\/www.eldiario.net\\\/portal\\\/#website\",\"url\":\"https:\\\/\\\/www.eldiario.net\\\/portal\\\/\",\"name\":\"El Diario - Decano de la prensa nacional\",\"description\":\"El Diario - Decano de la prensa nacional\",\"publisher\":{\"@id\":\"https:\\\/\\\/www.eldiario.net\\\/portal\\\/#organization\"},\"potentialAction\":[{\"@type\":\"SearchAction\",\"target\":{\"@type\":\"EntryPoint\",\"urlTemplate\":\"https:\\\/\\\/www.eldiario.net\\\/portal\\\/?s={search_term_string}\"},\"query-input\":{\"@type\":\"PropertyValueSpecification\",\"valueRequired\":true,\"valueName\":\"search_term_string\"}}],\"inLanguage\":\"es\"},{\"@type\":\"Organization\",\"@id\":\"https:\\\/\\\/www.eldiario.net\\\/portal\\\/#organization\",\"name\":\"El Diario - Decano de la prensa nacional\",\"url\":\"https:\\\/\\\/www.eldiario.net\\\/portal\\\/\",\"logo\":{\"@type\":\"ImageObject\",\"inLanguage\":\"es\",\"@id\":\"https:\\\/\\\/www.eldiario.net\\\/portal\\\/#\\\/schema\\\/logo\\\/image\\\/\",\"url\":\"https:\\\/\\\/www.eldiario.net\\\/portal\\\/wp-content\\\/uploads\\\/2023\\\/07\\\/logo_ED.jpg\",\"contentUrl\":\"https:\\\/\\\/www.eldiario.net\\\/portal\\\/wp-content\\\/uploads\\\/2023\\\/07\\\/logo_ED.jpg\",\"width\":272,\"height\":52,\"caption\":\"El Diario - Decano de la prensa nacional\"},\"image\":{\"@id\":\"https:\\\/\\\/www.eldiario.net\\\/portal\\\/#\\\/schema\\\/logo\\\/image\\\/\"},\"sameAs\":[\"https:\\\/\\\/www.facebook.com\\\/eldiario.bolivia\\\/\",\"https:\\\/\\\/x.com\\\/eldiario_net\"]},{\"@type\":\"Person\",\"@id\":\"https:\\\/\\\/www.eldiario.net\\\/portal\\\/#\\\/schema\\\/person\\\/f46445640444750d7d753ccd04ae01b7\",\"name\":\"Jeanette\",\"image\":{\"@type\":\"ImageObject\",\"inLanguage\":\"es\",\"@id\":\"https:\\\/\\\/secure.gravatar.com\\\/avatar\\\/3ea2118a5f7dad2b7138b1187a6b7ee55f160b9968b66013c3a3ef39dd7e5798?s=96&d=mm&r=g\",\"url\":\"https:\\\/\\\/secure.gravatar.com\\\/avatar\\\/3ea2118a5f7dad2b7138b1187a6b7ee55f160b9968b66013c3a3ef39dd7e5798?s=96&d=mm&r=g\",\"contentUrl\":\"https:\\\/\\\/secure.gravatar.com\\\/avatar\\\/3ea2118a5f7dad2b7138b1187a6b7ee55f160b9968b66013c3a3ef39dd7e5798?s=96&d=mm&r=g\",\"caption\":\"Jeanette\"},\"sameAs\":[\"https:\\\/\\\/www.eldiario.net\\\/portal\"],\"url\":\"https:\\\/\\\/www.eldiario.net\\\/portal\\\/author\\\/jeanette\\\/\"}]}<\/script>\n<!-- \/ Yoast SEO plugin. -->","yoast_head_json":{"title":"BCB aplica pol\u00edtica contractiva para controlar la inflaci\u00f3n - El Diario - Bolivia","robots":{"index":"index","follow":"follow","max-snippet":"max-snippet:-1","max-image-preview":"max-image-preview:large","max-video-preview":"max-video-preview:-1"},"canonical":"https:\/\/www.eldiario.net\/portal\/2026\/09\/02\/bcb-aplica-politica-contractiva-para-controlar-la-inflacion\/","og_locale":"es_ES","og_type":"article","og_title":"BCB aplica pol\u00edtica contractiva para controlar la inflaci\u00f3n - El Diario - Bolivia","og_description":"El Banco Central de Bolivia (BCB) aplica una pol\u00edtica monetaria contractiva con el objetivo de contener la inflaci\u00f3n y evitar que alcance los dos d\u00edgitos. El presidente de la entidad, David Espinoza, se\u00f1al\u00f3 que entre las principales medidas se encuentran el retiro de liquidez de la econom\u00eda y la reducci\u00f3n de la emisi\u00f3n monetaria. El [&hellip;]","og_url":"https:\/\/www.eldiario.net\/portal\/2026\/09\/02\/bcb-aplica-politica-contractiva-para-controlar-la-inflacion\/","og_site_name":"El Diario - Bolivia","article_publisher":"https:\/\/www.facebook.com\/eldiario.bolivia\/","article_published_time":"2026-09-02T10:58:43+00:00","og_image":[{"width":1280,"height":984,"url":"https:\/\/www.eldiario.net\/portal\/wp-content\/uploads\/2026\/09\/bcb-20.webp","type":"image\/webp"}],"author":"Jeanette","twitter_card":"summary_large_image","twitter_creator":"@eldiario_net","twitter_site":"@eldiario_net","twitter_misc":{"Escrito por":"Jeanette","Tiempo de lectura":"4 minutos"},"schema":{"@context":"https:\/\/schema.org","@graph":[{"@type":"Article","@id":"https:\/\/www.eldiario.net\/portal\/2026\/09\/02\/bcb-aplica-politica-contractiva-para-controlar-la-inflacion\/#article","isPartOf":{"@id":"https:\/\/www.eldiario.net\/portal\/2026\/09\/02\/bcb-aplica-politica-contractiva-para-controlar-la-inflacion\/"},"author":{"name":"Jeanette","@id":"https:\/\/www.eldiario.net\/portal\/#\/schema\/person\/f46445640444750d7d753ccd04ae01b7"},"headline":"BCB aplica pol\u00edtica contractiva para controlar la inflaci\u00f3n","datePublished":"2026-09-02T10:58:43+00:00","mainEntityOfPage":{"@id":"https:\/\/www.eldiario.net\/portal\/2026\/09\/02\/bcb-aplica-politica-contractiva-para-controlar-la-inflacion\/"},"wordCount":775,"publisher":{"@id":"https:\/\/www.eldiario.net\/portal\/#organization"},"image":{"@id":"https:\/\/www.eldiario.net\/portal\/2026\/09\/02\/bcb-aplica-politica-contractiva-para-controlar-la-inflacion\/#primaryimage"},"thumbnailUrl":"https:\/\/www.eldiario.net\/portal\/wp-content\/uploads\/2026\/09\/bcb-20.webp","articleSection":["Econom\u00eda"],"inLanguage":"es"},{"@type":"WebPage","@id":"https:\/\/www.eldiario.net\/portal\/2026\/09\/02\/bcb-aplica-politica-contractiva-para-controlar-la-inflacion\/","url":"https:\/\/www.eldiario.net\/portal\/2026\/09\/02\/bcb-aplica-politica-contractiva-para-controlar-la-inflacion\/","name":"BCB aplica pol\u00edtica contractiva para controlar la inflaci\u00f3n - El Diario - Bolivia","isPartOf":{"@id":"https:\/\/www.eldiario.net\/portal\/#website"},"primaryImageOfPage":{"@id":"https:\/\/www.eldiario.net\/portal\/2026\/09\/02\/bcb-aplica-politica-contractiva-para-controlar-la-inflacion\/#primaryimage"},"image":{"@id":"https:\/\/www.eldiario.net\/portal\/2026\/09\/02\/bcb-aplica-politica-contractiva-para-controlar-la-inflacion\/#primaryimage"},"thumbnailUrl":"https:\/\/www.eldiario.net\/portal\/wp-content\/uploads\/2026\/09\/bcb-20.webp","datePublished":"2026-09-02T10:58:43+00:00","breadcrumb":{"@id":"https:\/\/www.eldiario.net\/portal\/2026\/09\/02\/bcb-aplica-politica-contractiva-para-controlar-la-inflacion\/#breadcrumb"},"inLanguage":"es","potentialAction":[{"@type":"ReadAction","target":["https:\/\/www.eldiario.net\/portal\/2026\/09\/02\/bcb-aplica-politica-contractiva-para-controlar-la-inflacion\/"]}]},{"@type":"ImageObject","inLanguage":"es","@id":"https:\/\/www.eldiario.net\/portal\/2026\/09\/02\/bcb-aplica-politica-contractiva-para-controlar-la-inflacion\/#primaryimage","url":"https:\/\/www.eldiario.net\/portal\/wp-content\/uploads\/2026\/09\/bcb-20.webp","contentUrl":"https:\/\/www.eldiario.net\/portal\/wp-content\/uploads\/2026\/09\/bcb-20.webp","width":1280,"height":984,"caption":"El Presidente del BCB, David Espinoza."},{"@type":"BreadcrumbList","@id":"https:\/\/www.eldiario.net\/portal\/2026\/09\/02\/bcb-aplica-politica-contractiva-para-controlar-la-inflacion\/#breadcrumb","itemListElement":[{"@type":"ListItem","position":1,"name":"Portada","item":"https:\/\/www.eldiario.net\/portal\/"},{"@type":"ListItem","position":2,"name":"BCB aplica pol\u00edtica contractiva para controlar la inflaci\u00f3n"}]},{"@type":"WebSite","@id":"https:\/\/www.eldiario.net\/portal\/#website","url":"https:\/\/www.eldiario.net\/portal\/","name":"El Diario - Decano de la prensa nacional","description":"El Diario - Decano de la prensa nacional","publisher":{"@id":"https:\/\/www.eldiario.net\/portal\/#organization"},"potentialAction":[{"@type":"SearchAction","target":{"@type":"EntryPoint","urlTemplate":"https:\/\/www.eldiario.net\/portal\/?s={search_term_string}"},"query-input":{"@type":"PropertyValueSpecification","valueRequired":true,"valueName":"search_term_string"}}],"inLanguage":"es"},{"@type":"Organization","@id":"https:\/\/www.eldiario.net\/portal\/#organization","name":"El Diario - Decano de la prensa nacional","url":"https:\/\/www.eldiario.net\/portal\/","logo":{"@type":"ImageObject","inLanguage":"es","@id":"https:\/\/www.eldiario.net\/portal\/#\/schema\/logo\/image\/","url":"https:\/\/www.eldiario.net\/portal\/wp-content\/uploads\/2023\/07\/logo_ED.jpg","contentUrl":"https:\/\/www.eldiario.net\/portal\/wp-content\/uploads\/2023\/07\/logo_ED.jpg","width":272,"height":52,"caption":"El Diario - Decano de la prensa nacional"},"image":{"@id":"https:\/\/www.eldiario.net\/portal\/#\/schema\/logo\/image\/"},"sameAs":["https:\/\/www.facebook.com\/eldiario.bolivia\/","https:\/\/x.com\/eldiario_net"]},{"@type":"Person","@id":"https:\/\/www.eldiario.net\/portal\/#\/schema\/person\/f46445640444750d7d753ccd04ae01b7","name":"Jeanette","image":{"@type":"ImageObject","inLanguage":"es","@id":"https:\/\/secure.gravatar.com\/avatar\/3ea2118a5f7dad2b7138b1187a6b7ee55f160b9968b66013c3a3ef39dd7e5798?s=96&d=mm&r=g","url":"https:\/\/secure.gravatar.com\/avatar\/3ea2118a5f7dad2b7138b1187a6b7ee55f160b9968b66013c3a3ef39dd7e5798?s=96&d=mm&r=g","contentUrl":"https:\/\/secure.gravatar.com\/avatar\/3ea2118a5f7dad2b7138b1187a6b7ee55f160b9968b66013c3a3ef39dd7e5798?s=96&d=mm&r=g","caption":"Jeanette"},"sameAs":["https:\/\/www.eldiario.net\/portal"],"url":"https:\/\/www.eldiario.net\/portal\/author\/jeanette\/"}]}},"_links":{"self":[{"href":"https:\/\/www.eldiario.net\/portal\/wp-json\/wp\/v2\/posts\/427010","targetHints":{"allow":["GET"]}}],"collection":[{"href":"https:\/\/www.eldiario.net\/portal\/wp-json\/wp\/v2\/posts"}],"about":[{"href":"https:\/\/www.eldiario.net\/portal\/wp-json\/wp\/v2\/types\/post"}],"author":[{"embeddable":true,"href":"https:\/\/www.eldiario.net\/portal\/wp-json\/wp\/v2\/users\/1"}],"replies":[{"embeddable":true,"href":"https:\/\/www.eldiario.net\/portal\/wp-json\/wp\/v2\/comments?post=427010"}],"version-history":[{"count":1,"href":"https:\/\/www.eldiario.net\/portal\/wp-json\/wp\/v2\/posts\/427010\/revisions"}],"predecessor-version":[{"id":427012,"href":"https:\/\/www.eldiario.net\/portal\/wp-json\/wp\/v2\/posts\/427010\/revisions\/427012"}],"wp:featuredmedia":[{"embeddable":true,"href":"https:\/\/www.eldiario.net\/portal\/wp-json\/wp\/v2\/media\/427011"}],"wp:attachment":[{"href":"https:\/\/www.eldiario.net\/portal\/wp-json\/wp\/v2\/media?parent=427010"}],"wp:term":[{"taxonomy":"category","embeddable":true,"href":"https:\/\/www.eldiario.net\/portal\/wp-json\/wp\/v2\/categories?post=427010"},{"taxonomy":"post_tag","embeddable":true,"href":"https:\/\/www.eldiario.net\/portal\/wp-json\/wp\/v2\/tags?post=427010"}],"curies":[{"name":"wp","href":"https:\/\/api.w.org\/{rel}","templated":true}]}}