{"id":427004,"date":"2026-09-02T06:54:46","date_gmt":"2026-09-02T10:54:46","guid":{"rendered":"https:\/\/www.eldiario.net\/portal\/?p=427004"},"modified":"2026-09-02T06:54:46","modified_gmt":"2026-09-02T10:54:46","slug":"mineros-definen-ruta-hacia-un-nuevo-codigo-minero","status":"publish","type":"post","link":"https:\/\/www.eldiario.net\/portal\/2026\/09\/02\/mineros-definen-ruta-hacia-un-nuevo-codigo-minero\/","title":{"rendered":"Mineros definen ruta hacia un nuevo C\u00f3digo Minero"},"content":{"rendered":"<p>El Ministerio de Miner\u00eda y Metalurgia reuni\u00f3 a l\u00edderes y representantes del sector minero para establecer las bases de la Mesa T\u00e9cnica encargada de redactar el Anteproyecto de C\u00f3digo Minero, dando inicio a una nueva etapa de trabajo orientada a transformar los consensos y propuestas del sector en una norma moderna y viable.<br \/>\nEl encuentro permiti\u00f3 definir criterios para la conformaci\u00f3n de la Mesa T\u00e9cnica y las condiciones necesarias para avanzar hacia una construcci\u00f3n normativa ordenada, participativa y efectiva, a partir de los antecedentes, propuestas y aportes recogidos durante las etapas previas de di\u00e1logo y sistematizaci\u00f3n.<br \/>\n\u201cEstamos avanzando sobre un proceso que ya tiene una base de di\u00e1logo y trabajo conjunto. Ahora corresponde dar un paso m\u00e1s y transformar ese esfuerzo en una propuesta normativa concreta. Queremos un C\u00f3digo Minero que responda a las necesidades actuales del sector, genere seguridad jur\u00eddica y establezca reglas claras para acompa\u00f1ar el desarrollo de la miner\u00eda boliviana\u201d, afirm\u00f3 el ministro de Miner\u00eda y Metalurgia, Marco Antonio Calder\u00f3n de la Barca Quintanilla.<br \/>\nLa propuesta apunta a contar con un C\u00f3digo Minero moderno, eficiente y perdurable, que incorpore reglas claras, seguridad jur\u00eddica, procedimientos \u00e1giles y digitales, una nueva estructura institucional, contratos diferenciados, protecci\u00f3n ambiental y mecanismos orientados al desarrollo econ\u00f3mico y productivo de las regiones.<br \/>\nEl proceso contempla avanzar desde los insumos ya generados hacia la formulaci\u00f3n de una propuesta normativa viable. En esta nueva etapa, los representantes t\u00e9cnicos de los distintos actores del sector tendr\u00e1n un papel central en la formulaci\u00f3n, an\u00e1lisis y revisi\u00f3n de los textos que integrar\u00e1n el Anteproyecto de C\u00f3digo Minero.<br \/>\nUno de los principales acuerdos establece que la etapa de redacci\u00f3n del Anteproyecto de C\u00f3digo Minero comenzar\u00e1 el 9 de septiembre de 2026, con la participaci\u00f3n de representantes t\u00e9cnicos formalmente designados por los distintos actores del sector.<br \/>\nLa Mesa T\u00e9cnica estar\u00e1 conformada por representantes con experiencia en materia minera, conocimiento del marco normativo vigente y capacidad t\u00e9cnica para formular y revisar propuestas, adem\u00e1s de representar formalmente a sus respectivos sectores.<br \/>\nDe esta manera, el Encuentro de L\u00edderes del Sector Minero consolida una nueva fase del proceso de reforma del C\u00f3digo Minero y establece una hoja de ruta para pasar de los acuerdos y aportes sectoriales a la construcci\u00f3n de una propuesta normativa concreta.<br \/>\nEl desaf\u00edo es construir, de manera participativa, un marco jur\u00eddico que responda a las necesidades actuales y futuras de la miner\u00eda boliviana, con reglas claras, seguridad jur\u00eddica, eficiencia institucional y visi\u00f3n de futuro, se\u00f1ala el Ministerio de Miner\u00eda.<\/p>\n","protected":false},"excerpt":{"rendered":"<p>El Ministerio de Miner\u00eda y Metalurgia reuni\u00f3 a l\u00edderes y representantes del sector minero para establecer las bases de la Mesa T\u00e9cnica encargada de redactar el Anteproyecto de C\u00f3digo Minero, dando inicio a una nueva etapa de trabajo orientada a transformar los consensos y propuestas del sector en una norma moderna y viable. El encuentro [&hellip;]<\/p>\n","protected":false},"author":1,"featured_media":427005,"comment_status":"closed","ping_status":"open","sticky":false,"template":"","format":"standard","meta":{"_acf_changed":false,"footnotes":""},"categories":[7],"tags":[],"class_list":["post-427004","post","type-post","status-publish","format-standard","has-post-thumbnail","category-economia"],"acf":{"antetitulo":""},"yoast_head":"<!-- This site is optimized with the Yoast SEO plugin v28.4 - https:\/\/yoast.com\/product\/yoast-seo-wordpress\/ -->\n<title>Mineros definen ruta hacia un nuevo C\u00f3digo Minero - El Diario - Bolivia<\/title>\n<meta name=\"robots\" content=\"index, follow, max-snippet:-1, max-image-preview:large, max-video-preview:-1\" \/>\n<link rel=\"canonical\" href=\"https:\/\/www.eldiario.net\/portal\/2026\/09\/02\/mineros-definen-ruta-hacia-un-nuevo-codigo-minero\/\" \/>\n<meta property=\"og:locale\" content=\"es_ES\" \/>\n<meta property=\"og:type\" content=\"article\" \/>\n<meta property=\"og:title\" content=\"Mineros definen ruta hacia un nuevo C\u00f3digo Minero - El Diario - Bolivia\" \/>\n<meta property=\"og:description\" content=\"El Ministerio de Miner\u00eda y Metalurgia reuni\u00f3 a l\u00edderes y representantes del sector minero para establecer las bases de la Mesa T\u00e9cnica encargada de redactar el Anteproyecto de C\u00f3digo Minero, dando inicio a una nueva etapa de trabajo orientada a transformar los consensos y propuestas del sector en una norma moderna y viable. El encuentro [&hellip;]\" \/>\n<meta property=\"og:url\" content=\"https:\/\/www.eldiario.net\/portal\/2026\/09\/02\/mineros-definen-ruta-hacia-un-nuevo-codigo-minero\/\" \/>\n<meta property=\"og:site_name\" content=\"El Diario - Bolivia\" \/>\n<meta property=\"article:publisher\" content=\"https:\/\/www.facebook.com\/eldiario.bolivia\/\" \/>\n<meta property=\"article:published_time\" content=\"2026-09-02T10:54:46+00:00\" \/>\n<meta property=\"og:image\" content=\"https:\/\/www.eldiario.net\/portal\/wp-content\/uploads\/2026\/09\/min.webp\" \/>\n\t<meta property=\"og:image:width\" content=\"1638\" \/>\n\t<meta property=\"og:image:height\" content=\"1092\" \/>\n\t<meta property=\"og:image:type\" content=\"image\/webp\" \/>\n<meta name=\"author\" content=\"Jeanette\" \/>\n<meta name=\"twitter:card\" content=\"summary_large_image\" \/>\n<meta name=\"twitter:creator\" content=\"@eldiario_net\" \/>\n<meta name=\"twitter:site\" content=\"@eldiario_net\" \/>\n<meta name=\"twitter:label1\" content=\"Escrito por\" \/>\n\t<meta name=\"twitter:data1\" content=\"Jeanette\" \/>\n\t<meta name=\"twitter:label2\" content=\"Tiempo de lectura\" \/>\n\t<meta name=\"twitter:data2\" content=\"3 minutos\" \/>\n<script type=\"application\/ld+json\" class=\"yoast-schema-graph\">{\"@context\":\"https:\\\/\\\/schema.org\",\"@graph\":[{\"@type\":\"Article\",\"@id\":\"https:\\\/\\\/www.eldiario.net\\\/portal\\\/2026\\\/09\\\/02\\\/mineros-definen-ruta-hacia-un-nuevo-codigo-minero\\\/#article\",\"isPartOf\":{\"@id\":\"https:\\\/\\\/www.eldiario.net\\\/portal\\\/2026\\\/09\\\/02\\\/mineros-definen-ruta-hacia-un-nuevo-codigo-minero\\\/\"},\"author\":{\"name\":\"Jeanette\",\"@id\":\"https:\\\/\\\/www.eldiario.net\\\/portal\\\/#\\\/schema\\\/person\\\/f46445640444750d7d753ccd04ae01b7\"},\"headline\":\"Mineros definen ruta hacia un nuevo C\u00f3digo Minero\",\"datePublished\":\"2026-09-02T10:54:46+00:00\",\"mainEntityOfPage\":{\"@id\":\"https:\\\/\\\/www.eldiario.net\\\/portal\\\/2026\\\/09\\\/02\\\/mineros-definen-ruta-hacia-un-nuevo-codigo-minero\\\/\"},\"wordCount\":463,\"publisher\":{\"@id\":\"https:\\\/\\\/www.eldiario.net\\\/portal\\\/#organization\"},\"image\":{\"@id\":\"https:\\\/\\\/www.eldiario.net\\\/portal\\\/2026\\\/09\\\/02\\\/mineros-definen-ruta-hacia-un-nuevo-codigo-minero\\\/#primaryimage\"},\"thumbnailUrl\":\"https:\\\/\\\/www.eldiario.net\\\/portal\\\/wp-content\\\/uploads\\\/2026\\\/09\\\/min.webp\",\"articleSection\":[\"Econom\u00eda\"],\"inLanguage\":\"es\"},{\"@type\":\"WebPage\",\"@id\":\"https:\\\/\\\/www.eldiario.net\\\/portal\\\/2026\\\/09\\\/02\\\/mineros-definen-ruta-hacia-un-nuevo-codigo-minero\\\/\",\"url\":\"https:\\\/\\\/www.eldiario.net\\\/portal\\\/2026\\\/09\\\/02\\\/mineros-definen-ruta-hacia-un-nuevo-codigo-minero\\\/\",\"name\":\"Mineros definen ruta hacia un nuevo C\u00f3digo Minero - El Diario - Bolivia\",\"isPartOf\":{\"@id\":\"https:\\\/\\\/www.eldiario.net\\\/portal\\\/#website\"},\"primaryImageOfPage\":{\"@id\":\"https:\\\/\\\/www.eldiario.net\\\/portal\\\/2026\\\/09\\\/02\\\/mineros-definen-ruta-hacia-un-nuevo-codigo-minero\\\/#primaryimage\"},\"image\":{\"@id\":\"https:\\\/\\\/www.eldiario.net\\\/portal\\\/2026\\\/09\\\/02\\\/mineros-definen-ruta-hacia-un-nuevo-codigo-minero\\\/#primaryimage\"},\"thumbnailUrl\":\"https:\\\/\\\/www.eldiario.net\\\/portal\\\/wp-content\\\/uploads\\\/2026\\\/09\\\/min.webp\",\"datePublished\":\"2026-09-02T10:54:46+00:00\",\"breadcrumb\":{\"@id\":\"https:\\\/\\\/www.eldiario.net\\\/portal\\\/2026\\\/09\\\/02\\\/mineros-definen-ruta-hacia-un-nuevo-codigo-minero\\\/#breadcrumb\"},\"inLanguage\":\"es\",\"potentialAction\":[{\"@type\":\"ReadAction\",\"target\":[\"https:\\\/\\\/www.eldiario.net\\\/portal\\\/2026\\\/09\\\/02\\\/mineros-definen-ruta-hacia-un-nuevo-codigo-minero\\\/\"]}]},{\"@type\":\"ImageObject\",\"inLanguage\":\"es\",\"@id\":\"https:\\\/\\\/www.eldiario.net\\\/portal\\\/2026\\\/09\\\/02\\\/mineros-definen-ruta-hacia-un-nuevo-codigo-minero\\\/#primaryimage\",\"url\":\"https:\\\/\\\/www.eldiario.net\\\/portal\\\/wp-content\\\/uploads\\\/2026\\\/09\\\/min.webp\",\"contentUrl\":\"https:\\\/\\\/www.eldiario.net\\\/portal\\\/wp-content\\\/uploads\\\/2026\\\/09\\\/min.webp\",\"width\":1638,\"height\":1092,\"caption\":\"Reuni\u00f3n de l\u00edderes del sector minero.\"},{\"@type\":\"BreadcrumbList\",\"@id\":\"https:\\\/\\\/www.eldiario.net\\\/portal\\\/2026\\\/09\\\/02\\\/mineros-definen-ruta-hacia-un-nuevo-codigo-minero\\\/#breadcrumb\",\"itemListElement\":[{\"@type\":\"ListItem\",\"position\":1,\"name\":\"Portada\",\"item\":\"https:\\\/\\\/www.eldiario.net\\\/portal\\\/\"},{\"@type\":\"ListItem\",\"position\":2,\"name\":\"Mineros definen ruta hacia un nuevo C\u00f3digo Minero\"}]},{\"@type\":\"WebSite\",\"@id\":\"https:\\\/\\\/www.eldiario.net\\\/portal\\\/#website\",\"url\":\"https:\\\/\\\/www.eldiario.net\\\/portal\\\/\",\"name\":\"El Diario - Decano de la prensa nacional\",\"description\":\"El Diario - Decano de la prensa nacional\",\"publisher\":{\"@id\":\"https:\\\/\\\/www.eldiario.net\\\/portal\\\/#organization\"},\"potentialAction\":[{\"@type\":\"SearchAction\",\"target\":{\"@type\":\"EntryPoint\",\"urlTemplate\":\"https:\\\/\\\/www.eldiario.net\\\/portal\\\/?s={search_term_string}\"},\"query-input\":{\"@type\":\"PropertyValueSpecification\",\"valueRequired\":true,\"valueName\":\"search_term_string\"}}],\"inLanguage\":\"es\"},{\"@type\":\"Organization\",\"@id\":\"https:\\\/\\\/www.eldiario.net\\\/portal\\\/#organization\",\"name\":\"El Diario - Decano de la prensa nacional\",\"url\":\"https:\\\/\\\/www.eldiario.net\\\/portal\\\/\",\"logo\":{\"@type\":\"ImageObject\",\"inLanguage\":\"es\",\"@id\":\"https:\\\/\\\/www.eldiario.net\\\/portal\\\/#\\\/schema\\\/logo\\\/image\\\/\",\"url\":\"https:\\\/\\\/www.eldiario.net\\\/portal\\\/wp-content\\\/uploads\\\/2023\\\/07\\\/logo_ED.jpg\",\"contentUrl\":\"https:\\\/\\\/www.eldiario.net\\\/portal\\\/wp-content\\\/uploads\\\/2023\\\/07\\\/logo_ED.jpg\",\"width\":272,\"height\":52,\"caption\":\"El Diario - Decano de la prensa nacional\"},\"image\":{\"@id\":\"https:\\\/\\\/www.eldiario.net\\\/portal\\\/#\\\/schema\\\/logo\\\/image\\\/\"},\"sameAs\":[\"https:\\\/\\\/www.facebook.com\\\/eldiario.bolivia\\\/\",\"https:\\\/\\\/x.com\\\/eldiario_net\"]},{\"@type\":\"Person\",\"@id\":\"https:\\\/\\\/www.eldiario.net\\\/portal\\\/#\\\/schema\\\/person\\\/f46445640444750d7d753ccd04ae01b7\",\"name\":\"Jeanette\",\"image\":{\"@type\":\"ImageObject\",\"inLanguage\":\"es\",\"@id\":\"https:\\\/\\\/secure.gravatar.com\\\/avatar\\\/3ea2118a5f7dad2b7138b1187a6b7ee55f160b9968b66013c3a3ef39dd7e5798?s=96&d=mm&r=g\",\"url\":\"https:\\\/\\\/secure.gravatar.com\\\/avatar\\\/3ea2118a5f7dad2b7138b1187a6b7ee55f160b9968b66013c3a3ef39dd7e5798?s=96&d=mm&r=g\",\"contentUrl\":\"https:\\\/\\\/secure.gravatar.com\\\/avatar\\\/3ea2118a5f7dad2b7138b1187a6b7ee55f160b9968b66013c3a3ef39dd7e5798?s=96&d=mm&r=g\",\"caption\":\"Jeanette\"},\"sameAs\":[\"https:\\\/\\\/www.eldiario.net\\\/portal\"],\"url\":\"https:\\\/\\\/www.eldiario.net\\\/portal\\\/author\\\/jeanette\\\/\"}]}<\/script>\n<!-- \/ Yoast SEO plugin. -->","yoast_head_json":{"title":"Mineros definen ruta hacia un nuevo C\u00f3digo Minero - El Diario - Bolivia","robots":{"index":"index","follow":"follow","max-snippet":"max-snippet:-1","max-image-preview":"max-image-preview:large","max-video-preview":"max-video-preview:-1"},"canonical":"https:\/\/www.eldiario.net\/portal\/2026\/09\/02\/mineros-definen-ruta-hacia-un-nuevo-codigo-minero\/","og_locale":"es_ES","og_type":"article","og_title":"Mineros definen ruta hacia un nuevo C\u00f3digo Minero - El Diario - Bolivia","og_description":"El Ministerio de Miner\u00eda y Metalurgia reuni\u00f3 a l\u00edderes y representantes del sector minero para establecer las bases de la Mesa T\u00e9cnica encargada de redactar el Anteproyecto de C\u00f3digo Minero, dando inicio a una nueva etapa de trabajo orientada a transformar los consensos y propuestas del sector en una norma moderna y viable. El encuentro [&hellip;]","og_url":"https:\/\/www.eldiario.net\/portal\/2026\/09\/02\/mineros-definen-ruta-hacia-un-nuevo-codigo-minero\/","og_site_name":"El Diario - Bolivia","article_publisher":"https:\/\/www.facebook.com\/eldiario.bolivia\/","article_published_time":"2026-09-02T10:54:46+00:00","og_image":[{"width":1638,"height":1092,"url":"https:\/\/www.eldiario.net\/portal\/wp-content\/uploads\/2026\/09\/min.webp","type":"image\/webp"}],"author":"Jeanette","twitter_card":"summary_large_image","twitter_creator":"@eldiario_net","twitter_site":"@eldiario_net","twitter_misc":{"Escrito por":"Jeanette","Tiempo de lectura":"3 minutos"},"schema":{"@context":"https:\/\/schema.org","@graph":[{"@type":"Article","@id":"https:\/\/www.eldiario.net\/portal\/2026\/09\/02\/mineros-definen-ruta-hacia-un-nuevo-codigo-minero\/#article","isPartOf":{"@id":"https:\/\/www.eldiario.net\/portal\/2026\/09\/02\/mineros-definen-ruta-hacia-un-nuevo-codigo-minero\/"},"author":{"name":"Jeanette","@id":"https:\/\/www.eldiario.net\/portal\/#\/schema\/person\/f46445640444750d7d753ccd04ae01b7"},"headline":"Mineros definen ruta hacia un nuevo C\u00f3digo Minero","datePublished":"2026-09-02T10:54:46+00:00","mainEntityOfPage":{"@id":"https:\/\/www.eldiario.net\/portal\/2026\/09\/02\/mineros-definen-ruta-hacia-un-nuevo-codigo-minero\/"},"wordCount":463,"publisher":{"@id":"https:\/\/www.eldiario.net\/portal\/#organization"},"image":{"@id":"https:\/\/www.eldiario.net\/portal\/2026\/09\/02\/mineros-definen-ruta-hacia-un-nuevo-codigo-minero\/#primaryimage"},"thumbnailUrl":"https:\/\/www.eldiario.net\/portal\/wp-content\/uploads\/2026\/09\/min.webp","articleSection":["Econom\u00eda"],"inLanguage":"es"},{"@type":"WebPage","@id":"https:\/\/www.eldiario.net\/portal\/2026\/09\/02\/mineros-definen-ruta-hacia-un-nuevo-codigo-minero\/","url":"https:\/\/www.eldiario.net\/portal\/2026\/09\/02\/mineros-definen-ruta-hacia-un-nuevo-codigo-minero\/","name":"Mineros definen ruta hacia un nuevo C\u00f3digo Minero - El Diario - Bolivia","isPartOf":{"@id":"https:\/\/www.eldiario.net\/portal\/#website"},"primaryImageOfPage":{"@id":"https:\/\/www.eldiario.net\/portal\/2026\/09\/02\/mineros-definen-ruta-hacia-un-nuevo-codigo-minero\/#primaryimage"},"image":{"@id":"https:\/\/www.eldiario.net\/portal\/2026\/09\/02\/mineros-definen-ruta-hacia-un-nuevo-codigo-minero\/#primaryimage"},"thumbnailUrl":"https:\/\/www.eldiario.net\/portal\/wp-content\/uploads\/2026\/09\/min.webp","datePublished":"2026-09-02T10:54:46+00:00","breadcrumb":{"@id":"https:\/\/www.eldiario.net\/portal\/2026\/09\/02\/mineros-definen-ruta-hacia-un-nuevo-codigo-minero\/#breadcrumb"},"inLanguage":"es","potentialAction":[{"@type":"ReadAction","target":["https:\/\/www.eldiario.net\/portal\/2026\/09\/02\/mineros-definen-ruta-hacia-un-nuevo-codigo-minero\/"]}]},{"@type":"ImageObject","inLanguage":"es","@id":"https:\/\/www.eldiario.net\/portal\/2026\/09\/02\/mineros-definen-ruta-hacia-un-nuevo-codigo-minero\/#primaryimage","url":"https:\/\/www.eldiario.net\/portal\/wp-content\/uploads\/2026\/09\/min.webp","contentUrl":"https:\/\/www.eldiario.net\/portal\/wp-content\/uploads\/2026\/09\/min.webp","width":1638,"height":1092,"caption":"Reuni\u00f3n de l\u00edderes del sector minero."},{"@type":"BreadcrumbList","@id":"https:\/\/www.eldiario.net\/portal\/2026\/09\/02\/mineros-definen-ruta-hacia-un-nuevo-codigo-minero\/#breadcrumb","itemListElement":[{"@type":"ListItem","position":1,"name":"Portada","item":"https:\/\/www.eldiario.net\/portal\/"},{"@type":"ListItem","position":2,"name":"Mineros definen ruta hacia un nuevo C\u00f3digo Minero"}]},{"@type":"WebSite","@id":"https:\/\/www.eldiario.net\/portal\/#website","url":"https:\/\/www.eldiario.net\/portal\/","name":"El Diario - Decano de la prensa nacional","description":"El Diario - Decano de la prensa nacional","publisher":{"@id":"https:\/\/www.eldiario.net\/portal\/#organization"},"potentialAction":[{"@type":"SearchAction","target":{"@type":"EntryPoint","urlTemplate":"https:\/\/www.eldiario.net\/portal\/?s={search_term_string}"},"query-input":{"@type":"PropertyValueSpecification","valueRequired":true,"valueName":"search_term_string"}}],"inLanguage":"es"},{"@type":"Organization","@id":"https:\/\/www.eldiario.net\/portal\/#organization","name":"El Diario - Decano de la prensa nacional","url":"https:\/\/www.eldiario.net\/portal\/","logo":{"@type":"ImageObject","inLanguage":"es","@id":"https:\/\/www.eldiario.net\/portal\/#\/schema\/logo\/image\/","url":"https:\/\/www.eldiario.net\/portal\/wp-content\/uploads\/2023\/07\/logo_ED.jpg","contentUrl":"https:\/\/www.eldiario.net\/portal\/wp-content\/uploads\/2023\/07\/logo_ED.jpg","width":272,"height":52,"caption":"El Diario - Decano de la prensa nacional"},"image":{"@id":"https:\/\/www.eldiario.net\/portal\/#\/schema\/logo\/image\/"},"sameAs":["https:\/\/www.facebook.com\/eldiario.bolivia\/","https:\/\/x.com\/eldiario_net"]},{"@type":"Person","@id":"https:\/\/www.eldiario.net\/portal\/#\/schema\/person\/f46445640444750d7d753ccd04ae01b7","name":"Jeanette","image":{"@type":"ImageObject","inLanguage":"es","@id":"https:\/\/secure.gravatar.com\/avatar\/3ea2118a5f7dad2b7138b1187a6b7ee55f160b9968b66013c3a3ef39dd7e5798?s=96&d=mm&r=g","url":"https:\/\/secure.gravatar.com\/avatar\/3ea2118a5f7dad2b7138b1187a6b7ee55f160b9968b66013c3a3ef39dd7e5798?s=96&d=mm&r=g","contentUrl":"https:\/\/secure.gravatar.com\/avatar\/3ea2118a5f7dad2b7138b1187a6b7ee55f160b9968b66013c3a3ef39dd7e5798?s=96&d=mm&r=g","caption":"Jeanette"},"sameAs":["https:\/\/www.eldiario.net\/portal"],"url":"https:\/\/www.eldiario.net\/portal\/author\/jeanette\/"}]}},"_links":{"self":[{"href":"https:\/\/www.eldiario.net\/portal\/wp-json\/wp\/v2\/posts\/427004","targetHints":{"allow":["GET"]}}],"collection":[{"href":"https:\/\/www.eldiario.net\/portal\/wp-json\/wp\/v2\/posts"}],"about":[{"href":"https:\/\/www.eldiario.net\/portal\/wp-json\/wp\/v2\/types\/post"}],"author":[{"embeddable":true,"href":"https:\/\/www.eldiario.net\/portal\/wp-json\/wp\/v2\/users\/1"}],"replies":[{"embeddable":true,"href":"https:\/\/www.eldiario.net\/portal\/wp-json\/wp\/v2\/comments?post=427004"}],"version-history":[{"count":1,"href":"https:\/\/www.eldiario.net\/portal\/wp-json\/wp\/v2\/posts\/427004\/revisions"}],"predecessor-version":[{"id":427006,"href":"https:\/\/www.eldiario.net\/portal\/wp-json\/wp\/v2\/posts\/427004\/revisions\/427006"}],"wp:featuredmedia":[{"embeddable":true,"href":"https:\/\/www.eldiario.net\/portal\/wp-json\/wp\/v2\/media\/427005"}],"wp:attachment":[{"href":"https:\/\/www.eldiario.net\/portal\/wp-json\/wp\/v2\/media?parent=427004"}],"wp:term":[{"taxonomy":"category","embeddable":true,"href":"https:\/\/www.eldiario.net\/portal\/wp-json\/wp\/v2\/categories?post=427004"},{"taxonomy":"post_tag","embeddable":true,"href":"https:\/\/www.eldiario.net\/portal\/wp-json\/wp\/v2\/tags?post=427004"}],"curies":[{"name":"wp","href":"https:\/\/api.w.org\/{rel}","templated":true}]}}