{"id":427002,"date":"2026-09-02T06:54:15","date_gmt":"2026-09-02T10:54:15","guid":{"rendered":"https:\/\/www.eldiario.net\/portal\/?p=427002"},"modified":"2026-09-02T06:54:15","modified_gmt":"2026-09-02T10:54:15","slug":"precios-de-combustibles-mantienen-tendencia-al-alza","status":"publish","type":"post","link":"https:\/\/www.eldiario.net\/portal\/2026\/09\/02\/precios-de-combustibles-mantienen-tendencia-al-alza\/","title":{"rendered":"Precios de combustibles  mantienen tendencia al alza"},"content":{"rendered":"<p>El mercado de combustibles en Bolivia cerr\u00f3 agosto con una tendencia al alza en los precios, impulsada por el mayor costo de importaci\u00f3n y las elevadas cotizaciones internacionales del petr\u00f3leo, seg\u00fan reportes de Yacimientos Petrol\u00edferos Fiscales Bolivianos (YPFB) y del Viceministerio de Industrializaci\u00f3n, Comercializaci\u00f3n, Transporte y Almacenaje de Hidrocarburos.<br \/>\nLos reportes oficiales muestran que los productos que el pa\u00eds compra en el exterior se cotizan hoy por encima de sus promedios mensuales, consolidando una racha alcista que comenz\u00f3 en el segundo trimestre del a\u00f1o.<br \/>\nEl mercado de los combustibles registr\u00f3 una marcada tendencia al alza en el cierre de agosto de 2026, con el di\u00e9sel ULSD (Di\u00e9sel ultrabajo contenido de azufre), liderando los incrementos al cotizarse en 1.121,15 d\u00f3lares estadounidenses por metro c\u00fabico (USD\/m\u00b3) el pasado 28 de agosto.<br \/>\nAsimismo, resalta que esa cifra se sit\u00faa significativamente por encima de su promedio mensual de 1.098,09 USD\/m\u00b3, consolidando la racha alcista que el indicador viene mostrando desde el segundo trimestre del a\u00f1o.<br \/>\nUn comportamiento similar se observ\u00f3 en la Gasolina 87, que alcanz\u00f3 los 878,44 USD\/m\u00b3 en la \u00faltima jornada de cotizaci\u00f3n del mes, superando el promedio mensual de 832,55 USD\/m\u00b3. Por su parte, el crudo de referencia Nymex WTI (referencia al contrato de futuros de petr\u00f3leo crudo m\u00e1s negociado del mundo) cerr\u00f3 la jornada en 83,40 d\u00f3lares estadounidenses por barril (USD\/Bbl), un valor ligeramente superior a la media registrada a lo largo de agosto, que se ubic\u00f3 en 82,11 USD\/Bbl.<br \/>\nA ese escenario de encarecimiento de los productos energ\u00e9ticos, se suma la presi\u00f3n de los costos log\u00edsticos.<br \/>\nEl indicador del Flete Mar\u00edtimo entre Houston y Chile cerr\u00f3 el 28 de agosto en 66,48 USD\/m\u00b3, por encima del promedio mensual de 64,32 USD\/m\u00b3, lo que sugiere un incremento en los costos de internaci\u00f3n de combustibles para la regi\u00f3n.<br \/>\nEvoluci\u00f3n<br \/>\na largo plazo<br \/>\nSe establece que la evoluci\u00f3n a largo plazo en 2026 estar\u00e1 marcada por la volatilidad. Al analizar el comportamiento hist\u00f3rico reciente, se evidencia un quiebre de tendencia a partir de marzo de 2026: referencia al contrato de futuros de petr\u00f3leo crudo m\u00e1s negociado del mundo.<br \/>\nEn el caso del Di\u00e9sel ULSD, tras tocar un piso de 548,88 USD\/m\u00b3 en diciembre de 2025, el precio se dispar\u00f3 en marzo de 2026 hasta los 986,82 USD\/m\u00b3. A pesar de un leve respiro en junio (879,15 USD\/m\u00b3), el indicador retom\u00f3 su escalada en julio y agosto hasta los niveles actuales.<br \/>\nMientras que la Gasolina 87, experiment\u00f3 su nivel m\u00e1s bajo en diciembre de 2025 con 460,91 USD\/m\u00b3. El pico m\u00e1s alto del periodo analizado se registr\u00f3 en mayo de 2026, alcanzando los 901,49 USD\/m\u00b3, antes de estabilizarse en torno a los 828 USD\/m\u00b3 en el promedio del \u00faltimo mes.<br \/>\nEn el caso del Petr\u00f3leo WTI, se mostr\u00f3 una gran estabilidad en el segundo semestre de 2025, promediando cerca de los 60 USD por barril. Sin embargo, la cotizaci\u00f3n salt\u00f3 con fuerza en el primer trimestre de 2026, alcanzando un techo de 98,58 USD\/Bbl en mayo antes de ceder hacia la zona de los 82 USD actual, de acuerdo con el reporte oficial.<\/p>\n","protected":false},"excerpt":{"rendered":"<p>El mercado de combustibles en Bolivia cerr\u00f3 agosto con una tendencia al alza en los precios, impulsada por el mayor costo de importaci\u00f3n y las elevadas cotizaciones internacionales del petr\u00f3leo, seg\u00fan reportes de Yacimientos Petrol\u00edferos Fiscales Bolivianos (YPFB) y del Viceministerio de Industrializaci\u00f3n, Comercializaci\u00f3n, Transporte y Almacenaje de Hidrocarburos. Los reportes oficiales muestran que los [&hellip;]<\/p>\n","protected":false},"author":1,"featured_media":194689,"comment_status":"closed","ping_status":"open","sticky":false,"template":"","format":"standard","meta":{"_acf_changed":false,"footnotes":""},"categories":[7],"tags":[],"class_list":["post-427002","post","type-post","status-publish","format-standard","has-post-thumbnail","category-economia"],"acf":{"antetitulo":"En el mercado internacional"},"yoast_head":"<!-- This site is optimized with the Yoast SEO plugin v28.4 - https:\/\/yoast.com\/product\/yoast-seo-wordpress\/ -->\n<title>Precios de combustibles mantienen tendencia al alza - El Diario - Bolivia<\/title>\n<meta name=\"robots\" content=\"index, follow, max-snippet:-1, max-image-preview:large, max-video-preview:-1\" \/>\n<link rel=\"canonical\" href=\"https:\/\/www.eldiario.net\/portal\/2026\/09\/02\/precios-de-combustibles-mantienen-tendencia-al-alza\/\" \/>\n<meta property=\"og:locale\" content=\"es_ES\" \/>\n<meta property=\"og:type\" content=\"article\" \/>\n<meta property=\"og:title\" content=\"Precios de combustibles mantienen tendencia al alza - El Diario - Bolivia\" \/>\n<meta property=\"og:description\" content=\"El mercado de combustibles en Bolivia cerr\u00f3 agosto con una tendencia al alza en los precios, impulsada por el mayor costo de importaci\u00f3n y las elevadas cotizaciones internacionales del petr\u00f3leo, seg\u00fan reportes de Yacimientos Petrol\u00edferos Fiscales Bolivianos (YPFB) y del Viceministerio de Industrializaci\u00f3n, Comercializaci\u00f3n, Transporte y Almacenaje de Hidrocarburos. Los reportes oficiales muestran que los [&hellip;]\" \/>\n<meta property=\"og:url\" content=\"https:\/\/www.eldiario.net\/portal\/2026\/09\/02\/precios-de-combustibles-mantienen-tendencia-al-alza\/\" \/>\n<meta property=\"og:site_name\" content=\"El Diario - Bolivia\" \/>\n<meta property=\"article:publisher\" content=\"https:\/\/www.facebook.com\/eldiario.bolivia\/\" \/>\n<meta property=\"article:published_time\" content=\"2026-09-02T10:54:15+00:00\" \/>\n<meta property=\"og:image\" content=\"https:\/\/www.eldiario.net\/portal\/wp-content\/uploads\/2023\/12\/Economia.jpg\" \/>\n\t<meta property=\"og:image:width\" content=\"800\" \/>\n\t<meta property=\"og:image:height\" content=\"500\" \/>\n\t<meta property=\"og:image:type\" content=\"image\/jpeg\" \/>\n<meta name=\"author\" content=\"Jeanette\" \/>\n<meta name=\"twitter:card\" content=\"summary_large_image\" \/>\n<meta name=\"twitter:creator\" content=\"@eldiario_net\" \/>\n<meta name=\"twitter:site\" content=\"@eldiario_net\" \/>\n<meta name=\"twitter:label1\" content=\"Escrito por\" \/>\n\t<meta name=\"twitter:data1\" content=\"Jeanette\" \/>\n\t<meta name=\"twitter:label2\" content=\"Tiempo de lectura\" \/>\n\t<meta name=\"twitter:data2\" content=\"3 minutos\" \/>\n<script type=\"application\/ld+json\" class=\"yoast-schema-graph\">{\"@context\":\"https:\\\/\\\/schema.org\",\"@graph\":[{\"@type\":\"Article\",\"@id\":\"https:\\\/\\\/www.eldiario.net\\\/portal\\\/2026\\\/09\\\/02\\\/precios-de-combustibles-mantienen-tendencia-al-alza\\\/#article\",\"isPartOf\":{\"@id\":\"https:\\\/\\\/www.eldiario.net\\\/portal\\\/2026\\\/09\\\/02\\\/precios-de-combustibles-mantienen-tendencia-al-alza\\\/\"},\"author\":{\"name\":\"Jeanette\",\"@id\":\"https:\\\/\\\/www.eldiario.net\\\/portal\\\/#\\\/schema\\\/person\\\/f46445640444750d7d753ccd04ae01b7\"},\"headline\":\"Precios de combustibles mantienen tendencia al alza\",\"datePublished\":\"2026-09-02T10:54:15+00:00\",\"mainEntityOfPage\":{\"@id\":\"https:\\\/\\\/www.eldiario.net\\\/portal\\\/2026\\\/09\\\/02\\\/precios-de-combustibles-mantienen-tendencia-al-alza\\\/\"},\"wordCount\":536,\"publisher\":{\"@id\":\"https:\\\/\\\/www.eldiario.net\\\/portal\\\/#organization\"},\"image\":{\"@id\":\"https:\\\/\\\/www.eldiario.net\\\/portal\\\/2026\\\/09\\\/02\\\/precios-de-combustibles-mantienen-tendencia-al-alza\\\/#primaryimage\"},\"thumbnailUrl\":\"https:\\\/\\\/www.eldiario.net\\\/portal\\\/wp-content\\\/uploads\\\/2023\\\/12\\\/Economia.jpg\",\"articleSection\":[\"Econom\u00eda\"],\"inLanguage\":\"es\"},{\"@type\":\"WebPage\",\"@id\":\"https:\\\/\\\/www.eldiario.net\\\/portal\\\/2026\\\/09\\\/02\\\/precios-de-combustibles-mantienen-tendencia-al-alza\\\/\",\"url\":\"https:\\\/\\\/www.eldiario.net\\\/portal\\\/2026\\\/09\\\/02\\\/precios-de-combustibles-mantienen-tendencia-al-alza\\\/\",\"name\":\"Precios de combustibles mantienen tendencia al alza - El Diario - Bolivia\",\"isPartOf\":{\"@id\":\"https:\\\/\\\/www.eldiario.net\\\/portal\\\/#website\"},\"primaryImageOfPage\":{\"@id\":\"https:\\\/\\\/www.eldiario.net\\\/portal\\\/2026\\\/09\\\/02\\\/precios-de-combustibles-mantienen-tendencia-al-alza\\\/#primaryimage\"},\"image\":{\"@id\":\"https:\\\/\\\/www.eldiario.net\\\/portal\\\/2026\\\/09\\\/02\\\/precios-de-combustibles-mantienen-tendencia-al-alza\\\/#primaryimage\"},\"thumbnailUrl\":\"https:\\\/\\\/www.eldiario.net\\\/portal\\\/wp-content\\\/uploads\\\/2023\\\/12\\\/Economia.jpg\",\"datePublished\":\"2026-09-02T10:54:15+00:00\",\"breadcrumb\":{\"@id\":\"https:\\\/\\\/www.eldiario.net\\\/portal\\\/2026\\\/09\\\/02\\\/precios-de-combustibles-mantienen-tendencia-al-alza\\\/#breadcrumb\"},\"inLanguage\":\"es\",\"potentialAction\":[{\"@type\":\"ReadAction\",\"target\":[\"https:\\\/\\\/www.eldiario.net\\\/portal\\\/2026\\\/09\\\/02\\\/precios-de-combustibles-mantienen-tendencia-al-alza\\\/\"]}]},{\"@type\":\"ImageObject\",\"inLanguage\":\"es\",\"@id\":\"https:\\\/\\\/www.eldiario.net\\\/portal\\\/2026\\\/09\\\/02\\\/precios-de-combustibles-mantienen-tendencia-al-alza\\\/#primaryimage\",\"url\":\"https:\\\/\\\/www.eldiario.net\\\/portal\\\/wp-content\\\/uploads\\\/2023\\\/12\\\/Economia.jpg\",\"contentUrl\":\"https:\\\/\\\/www.eldiario.net\\\/portal\\\/wp-content\\\/uploads\\\/2023\\\/12\\\/Economia.jpg\",\"width\":800,\"height\":500},{\"@type\":\"BreadcrumbList\",\"@id\":\"https:\\\/\\\/www.eldiario.net\\\/portal\\\/2026\\\/09\\\/02\\\/precios-de-combustibles-mantienen-tendencia-al-alza\\\/#breadcrumb\",\"itemListElement\":[{\"@type\":\"ListItem\",\"position\":1,\"name\":\"Portada\",\"item\":\"https:\\\/\\\/www.eldiario.net\\\/portal\\\/\"},{\"@type\":\"ListItem\",\"position\":2,\"name\":\"Precios de combustibles mantienen tendencia al alza\"}]},{\"@type\":\"WebSite\",\"@id\":\"https:\\\/\\\/www.eldiario.net\\\/portal\\\/#website\",\"url\":\"https:\\\/\\\/www.eldiario.net\\\/portal\\\/\",\"name\":\"El Diario - Decano de la prensa nacional\",\"description\":\"El Diario - Decano de la prensa nacional\",\"publisher\":{\"@id\":\"https:\\\/\\\/www.eldiario.net\\\/portal\\\/#organization\"},\"potentialAction\":[{\"@type\":\"SearchAction\",\"target\":{\"@type\":\"EntryPoint\",\"urlTemplate\":\"https:\\\/\\\/www.eldiario.net\\\/portal\\\/?s={search_term_string}\"},\"query-input\":{\"@type\":\"PropertyValueSpecification\",\"valueRequired\":true,\"valueName\":\"search_term_string\"}}],\"inLanguage\":\"es\"},{\"@type\":\"Organization\",\"@id\":\"https:\\\/\\\/www.eldiario.net\\\/portal\\\/#organization\",\"name\":\"El Diario - Decano de la prensa nacional\",\"url\":\"https:\\\/\\\/www.eldiario.net\\\/portal\\\/\",\"logo\":{\"@type\":\"ImageObject\",\"inLanguage\":\"es\",\"@id\":\"https:\\\/\\\/www.eldiario.net\\\/portal\\\/#\\\/schema\\\/logo\\\/image\\\/\",\"url\":\"https:\\\/\\\/www.eldiario.net\\\/portal\\\/wp-content\\\/uploads\\\/2023\\\/07\\\/logo_ED.jpg\",\"contentUrl\":\"https:\\\/\\\/www.eldiario.net\\\/portal\\\/wp-content\\\/uploads\\\/2023\\\/07\\\/logo_ED.jpg\",\"width\":272,\"height\":52,\"caption\":\"El Diario - Decano de la prensa nacional\"},\"image\":{\"@id\":\"https:\\\/\\\/www.eldiario.net\\\/portal\\\/#\\\/schema\\\/logo\\\/image\\\/\"},\"sameAs\":[\"https:\\\/\\\/www.facebook.com\\\/eldiario.bolivia\\\/\",\"https:\\\/\\\/x.com\\\/eldiario_net\"]},{\"@type\":\"Person\",\"@id\":\"https:\\\/\\\/www.eldiario.net\\\/portal\\\/#\\\/schema\\\/person\\\/f46445640444750d7d753ccd04ae01b7\",\"name\":\"Jeanette\",\"image\":{\"@type\":\"ImageObject\",\"inLanguage\":\"es\",\"@id\":\"https:\\\/\\\/secure.gravatar.com\\\/avatar\\\/3ea2118a5f7dad2b7138b1187a6b7ee55f160b9968b66013c3a3ef39dd7e5798?s=96&d=mm&r=g\",\"url\":\"https:\\\/\\\/secure.gravatar.com\\\/avatar\\\/3ea2118a5f7dad2b7138b1187a6b7ee55f160b9968b66013c3a3ef39dd7e5798?s=96&d=mm&r=g\",\"contentUrl\":\"https:\\\/\\\/secure.gravatar.com\\\/avatar\\\/3ea2118a5f7dad2b7138b1187a6b7ee55f160b9968b66013c3a3ef39dd7e5798?s=96&d=mm&r=g\",\"caption\":\"Jeanette\"},\"sameAs\":[\"https:\\\/\\\/www.eldiario.net\\\/portal\"],\"url\":\"https:\\\/\\\/www.eldiario.net\\\/portal\\\/author\\\/jeanette\\\/\"}]}<\/script>\n<!-- \/ Yoast SEO plugin. -->","yoast_head_json":{"title":"Precios de combustibles mantienen tendencia al alza - El Diario - Bolivia","robots":{"index":"index","follow":"follow","max-snippet":"max-snippet:-1","max-image-preview":"max-image-preview:large","max-video-preview":"max-video-preview:-1"},"canonical":"https:\/\/www.eldiario.net\/portal\/2026\/09\/02\/precios-de-combustibles-mantienen-tendencia-al-alza\/","og_locale":"es_ES","og_type":"article","og_title":"Precios de combustibles mantienen tendencia al alza - El Diario - Bolivia","og_description":"El mercado de combustibles en Bolivia cerr\u00f3 agosto con una tendencia al alza en los precios, impulsada por el mayor costo de importaci\u00f3n y las elevadas cotizaciones internacionales del petr\u00f3leo, seg\u00fan reportes de Yacimientos Petrol\u00edferos Fiscales Bolivianos (YPFB) y del Viceministerio de Industrializaci\u00f3n, Comercializaci\u00f3n, Transporte y Almacenaje de Hidrocarburos. Los reportes oficiales muestran que los [&hellip;]","og_url":"https:\/\/www.eldiario.net\/portal\/2026\/09\/02\/precios-de-combustibles-mantienen-tendencia-al-alza\/","og_site_name":"El Diario - Bolivia","article_publisher":"https:\/\/www.facebook.com\/eldiario.bolivia\/","article_published_time":"2026-09-02T10:54:15+00:00","og_image":[{"width":800,"height":500,"url":"https:\/\/www.eldiario.net\/portal\/wp-content\/uploads\/2023\/12\/Economia.jpg","type":"image\/jpeg"}],"author":"Jeanette","twitter_card":"summary_large_image","twitter_creator":"@eldiario_net","twitter_site":"@eldiario_net","twitter_misc":{"Escrito por":"Jeanette","Tiempo de lectura":"3 minutos"},"schema":{"@context":"https:\/\/schema.org","@graph":[{"@type":"Article","@id":"https:\/\/www.eldiario.net\/portal\/2026\/09\/02\/precios-de-combustibles-mantienen-tendencia-al-alza\/#article","isPartOf":{"@id":"https:\/\/www.eldiario.net\/portal\/2026\/09\/02\/precios-de-combustibles-mantienen-tendencia-al-alza\/"},"author":{"name":"Jeanette","@id":"https:\/\/www.eldiario.net\/portal\/#\/schema\/person\/f46445640444750d7d753ccd04ae01b7"},"headline":"Precios de combustibles mantienen tendencia al alza","datePublished":"2026-09-02T10:54:15+00:00","mainEntityOfPage":{"@id":"https:\/\/www.eldiario.net\/portal\/2026\/09\/02\/precios-de-combustibles-mantienen-tendencia-al-alza\/"},"wordCount":536,"publisher":{"@id":"https:\/\/www.eldiario.net\/portal\/#organization"},"image":{"@id":"https:\/\/www.eldiario.net\/portal\/2026\/09\/02\/precios-de-combustibles-mantienen-tendencia-al-alza\/#primaryimage"},"thumbnailUrl":"https:\/\/www.eldiario.net\/portal\/wp-content\/uploads\/2023\/12\/Economia.jpg","articleSection":["Econom\u00eda"],"inLanguage":"es"},{"@type":"WebPage","@id":"https:\/\/www.eldiario.net\/portal\/2026\/09\/02\/precios-de-combustibles-mantienen-tendencia-al-alza\/","url":"https:\/\/www.eldiario.net\/portal\/2026\/09\/02\/precios-de-combustibles-mantienen-tendencia-al-alza\/","name":"Precios de combustibles mantienen tendencia al alza - El Diario - Bolivia","isPartOf":{"@id":"https:\/\/www.eldiario.net\/portal\/#website"},"primaryImageOfPage":{"@id":"https:\/\/www.eldiario.net\/portal\/2026\/09\/02\/precios-de-combustibles-mantienen-tendencia-al-alza\/#primaryimage"},"image":{"@id":"https:\/\/www.eldiario.net\/portal\/2026\/09\/02\/precios-de-combustibles-mantienen-tendencia-al-alza\/#primaryimage"},"thumbnailUrl":"https:\/\/www.eldiario.net\/portal\/wp-content\/uploads\/2023\/12\/Economia.jpg","datePublished":"2026-09-02T10:54:15+00:00","breadcrumb":{"@id":"https:\/\/www.eldiario.net\/portal\/2026\/09\/02\/precios-de-combustibles-mantienen-tendencia-al-alza\/#breadcrumb"},"inLanguage":"es","potentialAction":[{"@type":"ReadAction","target":["https:\/\/www.eldiario.net\/portal\/2026\/09\/02\/precios-de-combustibles-mantienen-tendencia-al-alza\/"]}]},{"@type":"ImageObject","inLanguage":"es","@id":"https:\/\/www.eldiario.net\/portal\/2026\/09\/02\/precios-de-combustibles-mantienen-tendencia-al-alza\/#primaryimage","url":"https:\/\/www.eldiario.net\/portal\/wp-content\/uploads\/2023\/12\/Economia.jpg","contentUrl":"https:\/\/www.eldiario.net\/portal\/wp-content\/uploads\/2023\/12\/Economia.jpg","width":800,"height":500},{"@type":"BreadcrumbList","@id":"https:\/\/www.eldiario.net\/portal\/2026\/09\/02\/precios-de-combustibles-mantienen-tendencia-al-alza\/#breadcrumb","itemListElement":[{"@type":"ListItem","position":1,"name":"Portada","item":"https:\/\/www.eldiario.net\/portal\/"},{"@type":"ListItem","position":2,"name":"Precios de combustibles mantienen tendencia al alza"}]},{"@type":"WebSite","@id":"https:\/\/www.eldiario.net\/portal\/#website","url":"https:\/\/www.eldiario.net\/portal\/","name":"El Diario - Decano de la prensa nacional","description":"El Diario - Decano de la prensa nacional","publisher":{"@id":"https:\/\/www.eldiario.net\/portal\/#organization"},"potentialAction":[{"@type":"SearchAction","target":{"@type":"EntryPoint","urlTemplate":"https:\/\/www.eldiario.net\/portal\/?s={search_term_string}"},"query-input":{"@type":"PropertyValueSpecification","valueRequired":true,"valueName":"search_term_string"}}],"inLanguage":"es"},{"@type":"Organization","@id":"https:\/\/www.eldiario.net\/portal\/#organization","name":"El Diario - Decano de la prensa nacional","url":"https:\/\/www.eldiario.net\/portal\/","logo":{"@type":"ImageObject","inLanguage":"es","@id":"https:\/\/www.eldiario.net\/portal\/#\/schema\/logo\/image\/","url":"https:\/\/www.eldiario.net\/portal\/wp-content\/uploads\/2023\/07\/logo_ED.jpg","contentUrl":"https:\/\/www.eldiario.net\/portal\/wp-content\/uploads\/2023\/07\/logo_ED.jpg","width":272,"height":52,"caption":"El Diario - Decano de la prensa nacional"},"image":{"@id":"https:\/\/www.eldiario.net\/portal\/#\/schema\/logo\/image\/"},"sameAs":["https:\/\/www.facebook.com\/eldiario.bolivia\/","https:\/\/x.com\/eldiario_net"]},{"@type":"Person","@id":"https:\/\/www.eldiario.net\/portal\/#\/schema\/person\/f46445640444750d7d753ccd04ae01b7","name":"Jeanette","image":{"@type":"ImageObject","inLanguage":"es","@id":"https:\/\/secure.gravatar.com\/avatar\/3ea2118a5f7dad2b7138b1187a6b7ee55f160b9968b66013c3a3ef39dd7e5798?s=96&d=mm&r=g","url":"https:\/\/secure.gravatar.com\/avatar\/3ea2118a5f7dad2b7138b1187a6b7ee55f160b9968b66013c3a3ef39dd7e5798?s=96&d=mm&r=g","contentUrl":"https:\/\/secure.gravatar.com\/avatar\/3ea2118a5f7dad2b7138b1187a6b7ee55f160b9968b66013c3a3ef39dd7e5798?s=96&d=mm&r=g","caption":"Jeanette"},"sameAs":["https:\/\/www.eldiario.net\/portal"],"url":"https:\/\/www.eldiario.net\/portal\/author\/jeanette\/"}]}},"_links":{"self":[{"href":"https:\/\/www.eldiario.net\/portal\/wp-json\/wp\/v2\/posts\/427002","targetHints":{"allow":["GET"]}}],"collection":[{"href":"https:\/\/www.eldiario.net\/portal\/wp-json\/wp\/v2\/posts"}],"about":[{"href":"https:\/\/www.eldiario.net\/portal\/wp-json\/wp\/v2\/types\/post"}],"author":[{"embeddable":true,"href":"https:\/\/www.eldiario.net\/portal\/wp-json\/wp\/v2\/users\/1"}],"replies":[{"embeddable":true,"href":"https:\/\/www.eldiario.net\/portal\/wp-json\/wp\/v2\/comments?post=427002"}],"version-history":[{"count":1,"href":"https:\/\/www.eldiario.net\/portal\/wp-json\/wp\/v2\/posts\/427002\/revisions"}],"predecessor-version":[{"id":427003,"href":"https:\/\/www.eldiario.net\/portal\/wp-json\/wp\/v2\/posts\/427002\/revisions\/427003"}],"wp:featuredmedia":[{"embeddable":true,"href":"https:\/\/www.eldiario.net\/portal\/wp-json\/wp\/v2\/media\/194689"}],"wp:attachment":[{"href":"https:\/\/www.eldiario.net\/portal\/wp-json\/wp\/v2\/media?parent=427002"}],"wp:term":[{"taxonomy":"category","embeddable":true,"href":"https:\/\/www.eldiario.net\/portal\/wp-json\/wp\/v2\/categories?post=427002"},{"taxonomy":"post_tag","embeddable":true,"href":"https:\/\/www.eldiario.net\/portal\/wp-json\/wp\/v2\/tags?post=427002"}],"curies":[{"name":"wp","href":"https:\/\/api.w.org\/{rel}","templated":true}]}}