{"id":427000,"date":"2026-09-02T06:53:14","date_gmt":"2026-09-02T10:53:14","guid":{"rendered":"https:\/\/www.eldiario.net\/portal\/?p=427000"},"modified":"2026-09-02T06:53:14","modified_gmt":"2026-09-02T10:53:14","slug":"suben-a-mas-de-us-1-000-mm-las-divisas-en-reservas-del-banco-central","status":"publish","type":"post","link":"https:\/\/www.eldiario.net\/portal\/2026\/09\/02\/suben-a-mas-de-us-1-000-mm-las-divisas-en-reservas-del-banco-central\/","title":{"rendered":"Suben a m\u00e1s de $us 1.000 MM las divisas en reservas del Banco Central"},"content":{"rendered":"<p>Las Reservas Internacionales Netas (RIN) superaron los 4.000 millones de d\u00f3lares y las divisas l\u00edquidas superan los 1.000 millones, mientras que el oro mantiene el liderazgo y en menor porcentaje ocupan los derechos especiales de giro, entre otros.<br \/>\nDe acuerdo a informaci\u00f3n de la entidad, cuenta actualmente con 1.134 millones de d\u00f3lares, lo que permite al BCB frenar cualquier shock que exista en el mercado cambiario y sea neutralizado.<br \/>\nEl Banco Central de Bolivia (BCB) informa que las RIN alcanzan los 4.282 millones de d\u00f3lares, tiene m\u00e1s de 1.100 millones de libre disponibilidad; es decir d\u00f3lares, y 3.200 millones en oro.<br \/>\nLos economistas, en su momento, indicaron que el BCB requiere de al menos 3.000 millones de d\u00f3lares para estabilizar el tipo de cambio, y el cr\u00e9dito del Fondo Monetario Internacional (FMI) cumple en parte esta funci\u00f3n.<br \/>\nTambi\u00e9n el BCB plantea convertir el oro en divisas para sostener de mejor manera las intervenciones, es decir apoyar la pol\u00edtica cambiaria.<br \/>\nTipo de cambio<br \/>\nCon respecto al tipo de cambio, el presidente del BCB, David Espinoza, dijo que el mercado debe encargarse de regular el precio, sin intervenciones, pero abri\u00f3 la posibilidad de que se ingrese en este terreno si los shocks son abruptos.<br \/>\nRecordemos que el pa\u00eds ingreso en un r\u00e9gimen cambiario flexible a partir del 29 de junio, y desde esta fecha la moneda estadounidense no dej\u00f3 de modificar su valor.<br \/>\nEl Banco Central de Bolivia (BCB), en cumplimiento de su mandato constitucional de procurar la estabilidad del poder adquisitivo interno de la moneda nacional, establecido en la Ley N\u00ba 1670 de 31 de octubre de 1995, inform\u00f3 sobre las acciones que viene implementando para preservar el normal funcionamiento del mercado cambiario.<br \/>\nEl BCB recuper\u00f3 pr\u00e1cticamente la totalidad del oro pignorado. De las 6,6 toneladas de oro pignoradas a noviembre de 2025, resta cancelar \u00fanicamente 1,2 toneladas, cuya cancelaci\u00f3n est\u00e1 prevista para este mismo a\u00f1o conforme al cronograma establecido.<br \/>\nLa entidad eval\u00faa dejar de comprar oro en el mercado interno, porque ya tiene los recursos para pagar la \u00faltima operaci\u00f3n de pignoraci\u00f3n de oro. Esta medida, que se halla en evaluaci\u00f3n por el Directorio del BCB, dar\u00eda paso a una mayor disponibilidad de d\u00f3lares para el sistema financiero. Desde 2023, el BCB retiro del sistema financiero 4.552 millones de d\u00f3lares por la compra de oro, recursos que, de no haber sido utilizados para el pago de obligaciones externas del sector fiscal, habr\u00edan representado una inyecci\u00f3n de d\u00f3lares al sistema financiero, se\u00f1ala la entidad.<br \/>\nDe materializarse esa pol\u00edtica se permitir\u00eda una mayor disponibilidad de d\u00f3lares proveniente de la exportaci\u00f3n de oro, los cuales ingresar\u00edan al sistema financiero. Esta mayor disponibilidad de divisas contribuir\u00e1 a robustecer la oferta de d\u00f3lares en el mercado y se estima que permitir\u00e1 canalizar aproximadamente entre 150 millones y 250 millones de d\u00f3lares mensuales adicionales al mercado.<\/p>\n","protected":false},"excerpt":{"rendered":"<p>Las Reservas Internacionales Netas (RIN) superaron los 4.000 millones de d\u00f3lares y las divisas l\u00edquidas superan los 1.000 millones, mientras que el oro mantiene el liderazgo y en menor porcentaje ocupan los derechos especiales de giro, entre otros. De acuerdo a informaci\u00f3n de la entidad, cuenta actualmente con 1.134 millones de d\u00f3lares, lo que permite [&hellip;]<\/p>\n","protected":false},"author":1,"featured_media":194689,"comment_status":"closed","ping_status":"open","sticky":false,"template":"","format":"standard","meta":{"_acf_changed":false,"footnotes":""},"categories":[7],"tags":[],"class_list":["post-427000","post","type-post","status-publish","format-standard","has-post-thumbnail","category-economia"],"acf":{"antetitulo":""},"yoast_head":"<!-- This site is optimized with the Yoast SEO plugin v28.4 - https:\/\/yoast.com\/product\/yoast-seo-wordpress\/ -->\n<title>Suben a m\u00e1s de $us 1.000 MM las divisas en reservas del Banco Central - El Diario - Bolivia<\/title>\n<meta name=\"robots\" content=\"index, follow, max-snippet:-1, max-image-preview:large, max-video-preview:-1\" \/>\n<link rel=\"canonical\" href=\"https:\/\/www.eldiario.net\/portal\/2026\/09\/02\/suben-a-mas-de-us-1-000-mm-las-divisas-en-reservas-del-banco-central\/\" \/>\n<meta property=\"og:locale\" content=\"es_ES\" \/>\n<meta property=\"og:type\" content=\"article\" \/>\n<meta property=\"og:title\" content=\"Suben a m\u00e1s de $us 1.000 MM las divisas en reservas del Banco Central - El Diario - Bolivia\" \/>\n<meta property=\"og:description\" content=\"Las Reservas Internacionales Netas (RIN) superaron los 4.000 millones de d\u00f3lares y las divisas l\u00edquidas superan los 1.000 millones, mientras que el oro mantiene el liderazgo y en menor porcentaje ocupan los derechos especiales de giro, entre otros. De acuerdo a informaci\u00f3n de la entidad, cuenta actualmente con 1.134 millones de d\u00f3lares, lo que permite [&hellip;]\" \/>\n<meta property=\"og:url\" content=\"https:\/\/www.eldiario.net\/portal\/2026\/09\/02\/suben-a-mas-de-us-1-000-mm-las-divisas-en-reservas-del-banco-central\/\" \/>\n<meta property=\"og:site_name\" content=\"El Diario - Bolivia\" \/>\n<meta property=\"article:publisher\" content=\"https:\/\/www.facebook.com\/eldiario.bolivia\/\" \/>\n<meta property=\"article:published_time\" content=\"2026-09-02T10:53:14+00:00\" \/>\n<meta property=\"og:image\" content=\"https:\/\/www.eldiario.net\/portal\/wp-content\/uploads\/2023\/12\/Economia.jpg\" \/>\n\t<meta property=\"og:image:width\" content=\"800\" \/>\n\t<meta property=\"og:image:height\" content=\"500\" \/>\n\t<meta property=\"og:image:type\" content=\"image\/jpeg\" \/>\n<meta name=\"author\" content=\"Jeanette\" \/>\n<meta name=\"twitter:card\" content=\"summary_large_image\" \/>\n<meta name=\"twitter:creator\" content=\"@eldiario_net\" \/>\n<meta name=\"twitter:site\" content=\"@eldiario_net\" \/>\n<meta name=\"twitter:label1\" content=\"Escrito por\" \/>\n\t<meta name=\"twitter:data1\" content=\"Jeanette\" \/>\n\t<meta name=\"twitter:label2\" content=\"Tiempo de lectura\" \/>\n\t<meta name=\"twitter:data2\" content=\"3 minutos\" \/>\n<script type=\"application\/ld+json\" class=\"yoast-schema-graph\">{\"@context\":\"https:\\\/\\\/schema.org\",\"@graph\":[{\"@type\":\"Article\",\"@id\":\"https:\\\/\\\/www.eldiario.net\\\/portal\\\/2026\\\/09\\\/02\\\/suben-a-mas-de-us-1-000-mm-las-divisas-en-reservas-del-banco-central\\\/#article\",\"isPartOf\":{\"@id\":\"https:\\\/\\\/www.eldiario.net\\\/portal\\\/2026\\\/09\\\/02\\\/suben-a-mas-de-us-1-000-mm-las-divisas-en-reservas-del-banco-central\\\/\"},\"author\":{\"name\":\"Jeanette\",\"@id\":\"https:\\\/\\\/www.eldiario.net\\\/portal\\\/#\\\/schema\\\/person\\\/f46445640444750d7d753ccd04ae01b7\"},\"headline\":\"Suben a m\u00e1s de $us 1.000 MM las divisas en reservas del Banco Central\",\"datePublished\":\"2026-09-02T10:53:14+00:00\",\"mainEntityOfPage\":{\"@id\":\"https:\\\/\\\/www.eldiario.net\\\/portal\\\/2026\\\/09\\\/02\\\/suben-a-mas-de-us-1-000-mm-las-divisas-en-reservas-del-banco-central\\\/\"},\"wordCount\":501,\"publisher\":{\"@id\":\"https:\\\/\\\/www.eldiario.net\\\/portal\\\/#organization\"},\"image\":{\"@id\":\"https:\\\/\\\/www.eldiario.net\\\/portal\\\/2026\\\/09\\\/02\\\/suben-a-mas-de-us-1-000-mm-las-divisas-en-reservas-del-banco-central\\\/#primaryimage\"},\"thumbnailUrl\":\"https:\\\/\\\/www.eldiario.net\\\/portal\\\/wp-content\\\/uploads\\\/2023\\\/12\\\/Economia.jpg\",\"articleSection\":[\"Econom\u00eda\"],\"inLanguage\":\"es\"},{\"@type\":\"WebPage\",\"@id\":\"https:\\\/\\\/www.eldiario.net\\\/portal\\\/2026\\\/09\\\/02\\\/suben-a-mas-de-us-1-000-mm-las-divisas-en-reservas-del-banco-central\\\/\",\"url\":\"https:\\\/\\\/www.eldiario.net\\\/portal\\\/2026\\\/09\\\/02\\\/suben-a-mas-de-us-1-000-mm-las-divisas-en-reservas-del-banco-central\\\/\",\"name\":\"Suben a m\u00e1s de $us 1.000 MM las divisas en reservas del Banco Central - El Diario - Bolivia\",\"isPartOf\":{\"@id\":\"https:\\\/\\\/www.eldiario.net\\\/portal\\\/#website\"},\"primaryImageOfPage\":{\"@id\":\"https:\\\/\\\/www.eldiario.net\\\/portal\\\/2026\\\/09\\\/02\\\/suben-a-mas-de-us-1-000-mm-las-divisas-en-reservas-del-banco-central\\\/#primaryimage\"},\"image\":{\"@id\":\"https:\\\/\\\/www.eldiario.net\\\/portal\\\/2026\\\/09\\\/02\\\/suben-a-mas-de-us-1-000-mm-las-divisas-en-reservas-del-banco-central\\\/#primaryimage\"},\"thumbnailUrl\":\"https:\\\/\\\/www.eldiario.net\\\/portal\\\/wp-content\\\/uploads\\\/2023\\\/12\\\/Economia.jpg\",\"datePublished\":\"2026-09-02T10:53:14+00:00\",\"breadcrumb\":{\"@id\":\"https:\\\/\\\/www.eldiario.net\\\/portal\\\/2026\\\/09\\\/02\\\/suben-a-mas-de-us-1-000-mm-las-divisas-en-reservas-del-banco-central\\\/#breadcrumb\"},\"inLanguage\":\"es\",\"potentialAction\":[{\"@type\":\"ReadAction\",\"target\":[\"https:\\\/\\\/www.eldiario.net\\\/portal\\\/2026\\\/09\\\/02\\\/suben-a-mas-de-us-1-000-mm-las-divisas-en-reservas-del-banco-central\\\/\"]}]},{\"@type\":\"ImageObject\",\"inLanguage\":\"es\",\"@id\":\"https:\\\/\\\/www.eldiario.net\\\/portal\\\/2026\\\/09\\\/02\\\/suben-a-mas-de-us-1-000-mm-las-divisas-en-reservas-del-banco-central\\\/#primaryimage\",\"url\":\"https:\\\/\\\/www.eldiario.net\\\/portal\\\/wp-content\\\/uploads\\\/2023\\\/12\\\/Economia.jpg\",\"contentUrl\":\"https:\\\/\\\/www.eldiario.net\\\/portal\\\/wp-content\\\/uploads\\\/2023\\\/12\\\/Economia.jpg\",\"width\":800,\"height\":500},{\"@type\":\"BreadcrumbList\",\"@id\":\"https:\\\/\\\/www.eldiario.net\\\/portal\\\/2026\\\/09\\\/02\\\/suben-a-mas-de-us-1-000-mm-las-divisas-en-reservas-del-banco-central\\\/#breadcrumb\",\"itemListElement\":[{\"@type\":\"ListItem\",\"position\":1,\"name\":\"Portada\",\"item\":\"https:\\\/\\\/www.eldiario.net\\\/portal\\\/\"},{\"@type\":\"ListItem\",\"position\":2,\"name\":\"Suben a m\u00e1s de $us 1.000 MM las divisas en reservas del Banco Central\"}]},{\"@type\":\"WebSite\",\"@id\":\"https:\\\/\\\/www.eldiario.net\\\/portal\\\/#website\",\"url\":\"https:\\\/\\\/www.eldiario.net\\\/portal\\\/\",\"name\":\"El Diario - Decano de la prensa nacional\",\"description\":\"El Diario - Decano de la prensa nacional\",\"publisher\":{\"@id\":\"https:\\\/\\\/www.eldiario.net\\\/portal\\\/#organization\"},\"potentialAction\":[{\"@type\":\"SearchAction\",\"target\":{\"@type\":\"EntryPoint\",\"urlTemplate\":\"https:\\\/\\\/www.eldiario.net\\\/portal\\\/?s={search_term_string}\"},\"query-input\":{\"@type\":\"PropertyValueSpecification\",\"valueRequired\":true,\"valueName\":\"search_term_string\"}}],\"inLanguage\":\"es\"},{\"@type\":\"Organization\",\"@id\":\"https:\\\/\\\/www.eldiario.net\\\/portal\\\/#organization\",\"name\":\"El Diario - Decano de la prensa nacional\",\"url\":\"https:\\\/\\\/www.eldiario.net\\\/portal\\\/\",\"logo\":{\"@type\":\"ImageObject\",\"inLanguage\":\"es\",\"@id\":\"https:\\\/\\\/www.eldiario.net\\\/portal\\\/#\\\/schema\\\/logo\\\/image\\\/\",\"url\":\"https:\\\/\\\/www.eldiario.net\\\/portal\\\/wp-content\\\/uploads\\\/2023\\\/07\\\/logo_ED.jpg\",\"contentUrl\":\"https:\\\/\\\/www.eldiario.net\\\/portal\\\/wp-content\\\/uploads\\\/2023\\\/07\\\/logo_ED.jpg\",\"width\":272,\"height\":52,\"caption\":\"El Diario - Decano de la prensa nacional\"},\"image\":{\"@id\":\"https:\\\/\\\/www.eldiario.net\\\/portal\\\/#\\\/schema\\\/logo\\\/image\\\/\"},\"sameAs\":[\"https:\\\/\\\/www.facebook.com\\\/eldiario.bolivia\\\/\",\"https:\\\/\\\/x.com\\\/eldiario_net\"]},{\"@type\":\"Person\",\"@id\":\"https:\\\/\\\/www.eldiario.net\\\/portal\\\/#\\\/schema\\\/person\\\/f46445640444750d7d753ccd04ae01b7\",\"name\":\"Jeanette\",\"image\":{\"@type\":\"ImageObject\",\"inLanguage\":\"es\",\"@id\":\"https:\\\/\\\/secure.gravatar.com\\\/avatar\\\/3ea2118a5f7dad2b7138b1187a6b7ee55f160b9968b66013c3a3ef39dd7e5798?s=96&d=mm&r=g\",\"url\":\"https:\\\/\\\/secure.gravatar.com\\\/avatar\\\/3ea2118a5f7dad2b7138b1187a6b7ee55f160b9968b66013c3a3ef39dd7e5798?s=96&d=mm&r=g\",\"contentUrl\":\"https:\\\/\\\/secure.gravatar.com\\\/avatar\\\/3ea2118a5f7dad2b7138b1187a6b7ee55f160b9968b66013c3a3ef39dd7e5798?s=96&d=mm&r=g\",\"caption\":\"Jeanette\"},\"sameAs\":[\"https:\\\/\\\/www.eldiario.net\\\/portal\"],\"url\":\"https:\\\/\\\/www.eldiario.net\\\/portal\\\/author\\\/jeanette\\\/\"}]}<\/script>\n<!-- \/ Yoast SEO plugin. -->","yoast_head_json":{"title":"Suben a m\u00e1s de $us 1.000 MM las divisas en reservas del Banco Central - El Diario - Bolivia","robots":{"index":"index","follow":"follow","max-snippet":"max-snippet:-1","max-image-preview":"max-image-preview:large","max-video-preview":"max-video-preview:-1"},"canonical":"https:\/\/www.eldiario.net\/portal\/2026\/09\/02\/suben-a-mas-de-us-1-000-mm-las-divisas-en-reservas-del-banco-central\/","og_locale":"es_ES","og_type":"article","og_title":"Suben a m\u00e1s de $us 1.000 MM las divisas en reservas del Banco Central - El Diario - Bolivia","og_description":"Las Reservas Internacionales Netas (RIN) superaron los 4.000 millones de d\u00f3lares y las divisas l\u00edquidas superan los 1.000 millones, mientras que el oro mantiene el liderazgo y en menor porcentaje ocupan los derechos especiales de giro, entre otros. De acuerdo a informaci\u00f3n de la entidad, cuenta actualmente con 1.134 millones de d\u00f3lares, lo que permite [&hellip;]","og_url":"https:\/\/www.eldiario.net\/portal\/2026\/09\/02\/suben-a-mas-de-us-1-000-mm-las-divisas-en-reservas-del-banco-central\/","og_site_name":"El Diario - Bolivia","article_publisher":"https:\/\/www.facebook.com\/eldiario.bolivia\/","article_published_time":"2026-09-02T10:53:14+00:00","og_image":[{"width":800,"height":500,"url":"https:\/\/www.eldiario.net\/portal\/wp-content\/uploads\/2023\/12\/Economia.jpg","type":"image\/jpeg"}],"author":"Jeanette","twitter_card":"summary_large_image","twitter_creator":"@eldiario_net","twitter_site":"@eldiario_net","twitter_misc":{"Escrito por":"Jeanette","Tiempo de lectura":"3 minutos"},"schema":{"@context":"https:\/\/schema.org","@graph":[{"@type":"Article","@id":"https:\/\/www.eldiario.net\/portal\/2026\/09\/02\/suben-a-mas-de-us-1-000-mm-las-divisas-en-reservas-del-banco-central\/#article","isPartOf":{"@id":"https:\/\/www.eldiario.net\/portal\/2026\/09\/02\/suben-a-mas-de-us-1-000-mm-las-divisas-en-reservas-del-banco-central\/"},"author":{"name":"Jeanette","@id":"https:\/\/www.eldiario.net\/portal\/#\/schema\/person\/f46445640444750d7d753ccd04ae01b7"},"headline":"Suben a m\u00e1s de $us 1.000 MM las divisas en reservas del Banco Central","datePublished":"2026-09-02T10:53:14+00:00","mainEntityOfPage":{"@id":"https:\/\/www.eldiario.net\/portal\/2026\/09\/02\/suben-a-mas-de-us-1-000-mm-las-divisas-en-reservas-del-banco-central\/"},"wordCount":501,"publisher":{"@id":"https:\/\/www.eldiario.net\/portal\/#organization"},"image":{"@id":"https:\/\/www.eldiario.net\/portal\/2026\/09\/02\/suben-a-mas-de-us-1-000-mm-las-divisas-en-reservas-del-banco-central\/#primaryimage"},"thumbnailUrl":"https:\/\/www.eldiario.net\/portal\/wp-content\/uploads\/2023\/12\/Economia.jpg","articleSection":["Econom\u00eda"],"inLanguage":"es"},{"@type":"WebPage","@id":"https:\/\/www.eldiario.net\/portal\/2026\/09\/02\/suben-a-mas-de-us-1-000-mm-las-divisas-en-reservas-del-banco-central\/","url":"https:\/\/www.eldiario.net\/portal\/2026\/09\/02\/suben-a-mas-de-us-1-000-mm-las-divisas-en-reservas-del-banco-central\/","name":"Suben a m\u00e1s de $us 1.000 MM las divisas en reservas del Banco Central - El Diario - Bolivia","isPartOf":{"@id":"https:\/\/www.eldiario.net\/portal\/#website"},"primaryImageOfPage":{"@id":"https:\/\/www.eldiario.net\/portal\/2026\/09\/02\/suben-a-mas-de-us-1-000-mm-las-divisas-en-reservas-del-banco-central\/#primaryimage"},"image":{"@id":"https:\/\/www.eldiario.net\/portal\/2026\/09\/02\/suben-a-mas-de-us-1-000-mm-las-divisas-en-reservas-del-banco-central\/#primaryimage"},"thumbnailUrl":"https:\/\/www.eldiario.net\/portal\/wp-content\/uploads\/2023\/12\/Economia.jpg","datePublished":"2026-09-02T10:53:14+00:00","breadcrumb":{"@id":"https:\/\/www.eldiario.net\/portal\/2026\/09\/02\/suben-a-mas-de-us-1-000-mm-las-divisas-en-reservas-del-banco-central\/#breadcrumb"},"inLanguage":"es","potentialAction":[{"@type":"ReadAction","target":["https:\/\/www.eldiario.net\/portal\/2026\/09\/02\/suben-a-mas-de-us-1-000-mm-las-divisas-en-reservas-del-banco-central\/"]}]},{"@type":"ImageObject","inLanguage":"es","@id":"https:\/\/www.eldiario.net\/portal\/2026\/09\/02\/suben-a-mas-de-us-1-000-mm-las-divisas-en-reservas-del-banco-central\/#primaryimage","url":"https:\/\/www.eldiario.net\/portal\/wp-content\/uploads\/2023\/12\/Economia.jpg","contentUrl":"https:\/\/www.eldiario.net\/portal\/wp-content\/uploads\/2023\/12\/Economia.jpg","width":800,"height":500},{"@type":"BreadcrumbList","@id":"https:\/\/www.eldiario.net\/portal\/2026\/09\/02\/suben-a-mas-de-us-1-000-mm-las-divisas-en-reservas-del-banco-central\/#breadcrumb","itemListElement":[{"@type":"ListItem","position":1,"name":"Portada","item":"https:\/\/www.eldiario.net\/portal\/"},{"@type":"ListItem","position":2,"name":"Suben a m\u00e1s de $us 1.000 MM las divisas en reservas del Banco Central"}]},{"@type":"WebSite","@id":"https:\/\/www.eldiario.net\/portal\/#website","url":"https:\/\/www.eldiario.net\/portal\/","name":"El Diario - Decano de la prensa nacional","description":"El Diario - Decano de la prensa nacional","publisher":{"@id":"https:\/\/www.eldiario.net\/portal\/#organization"},"potentialAction":[{"@type":"SearchAction","target":{"@type":"EntryPoint","urlTemplate":"https:\/\/www.eldiario.net\/portal\/?s={search_term_string}"},"query-input":{"@type":"PropertyValueSpecification","valueRequired":true,"valueName":"search_term_string"}}],"inLanguage":"es"},{"@type":"Organization","@id":"https:\/\/www.eldiario.net\/portal\/#organization","name":"El Diario - Decano de la prensa nacional","url":"https:\/\/www.eldiario.net\/portal\/","logo":{"@type":"ImageObject","inLanguage":"es","@id":"https:\/\/www.eldiario.net\/portal\/#\/schema\/logo\/image\/","url":"https:\/\/www.eldiario.net\/portal\/wp-content\/uploads\/2023\/07\/logo_ED.jpg","contentUrl":"https:\/\/www.eldiario.net\/portal\/wp-content\/uploads\/2023\/07\/logo_ED.jpg","width":272,"height":52,"caption":"El Diario - Decano de la prensa nacional"},"image":{"@id":"https:\/\/www.eldiario.net\/portal\/#\/schema\/logo\/image\/"},"sameAs":["https:\/\/www.facebook.com\/eldiario.bolivia\/","https:\/\/x.com\/eldiario_net"]},{"@type":"Person","@id":"https:\/\/www.eldiario.net\/portal\/#\/schema\/person\/f46445640444750d7d753ccd04ae01b7","name":"Jeanette","image":{"@type":"ImageObject","inLanguage":"es","@id":"https:\/\/secure.gravatar.com\/avatar\/3ea2118a5f7dad2b7138b1187a6b7ee55f160b9968b66013c3a3ef39dd7e5798?s=96&d=mm&r=g","url":"https:\/\/secure.gravatar.com\/avatar\/3ea2118a5f7dad2b7138b1187a6b7ee55f160b9968b66013c3a3ef39dd7e5798?s=96&d=mm&r=g","contentUrl":"https:\/\/secure.gravatar.com\/avatar\/3ea2118a5f7dad2b7138b1187a6b7ee55f160b9968b66013c3a3ef39dd7e5798?s=96&d=mm&r=g","caption":"Jeanette"},"sameAs":["https:\/\/www.eldiario.net\/portal"],"url":"https:\/\/www.eldiario.net\/portal\/author\/jeanette\/"}]}},"_links":{"self":[{"href":"https:\/\/www.eldiario.net\/portal\/wp-json\/wp\/v2\/posts\/427000","targetHints":{"allow":["GET"]}}],"collection":[{"href":"https:\/\/www.eldiario.net\/portal\/wp-json\/wp\/v2\/posts"}],"about":[{"href":"https:\/\/www.eldiario.net\/portal\/wp-json\/wp\/v2\/types\/post"}],"author":[{"embeddable":true,"href":"https:\/\/www.eldiario.net\/portal\/wp-json\/wp\/v2\/users\/1"}],"replies":[{"embeddable":true,"href":"https:\/\/www.eldiario.net\/portal\/wp-json\/wp\/v2\/comments?post=427000"}],"version-history":[{"count":1,"href":"https:\/\/www.eldiario.net\/portal\/wp-json\/wp\/v2\/posts\/427000\/revisions"}],"predecessor-version":[{"id":427001,"href":"https:\/\/www.eldiario.net\/portal\/wp-json\/wp\/v2\/posts\/427000\/revisions\/427001"}],"wp:featuredmedia":[{"embeddable":true,"href":"https:\/\/www.eldiario.net\/portal\/wp-json\/wp\/v2\/media\/194689"}],"wp:attachment":[{"href":"https:\/\/www.eldiario.net\/portal\/wp-json\/wp\/v2\/media?parent=427000"}],"wp:term":[{"taxonomy":"category","embeddable":true,"href":"https:\/\/www.eldiario.net\/portal\/wp-json\/wp\/v2\/categories?post=427000"},{"taxonomy":"post_tag","embeddable":true,"href":"https:\/\/www.eldiario.net\/portal\/wp-json\/wp\/v2\/tags?post=427000"}],"curies":[{"name":"wp","href":"https:\/\/api.w.org\/{rel}","templated":true}]}}