{"id":426998,"date":"2026-09-02T06:52:47","date_gmt":"2026-09-02T10:52:47","guid":{"rendered":"https:\/\/www.eldiario.net\/portal\/?p=426998"},"modified":"2026-09-02T06:52:47","modified_gmt":"2026-09-02T10:52:47","slug":"bolivia-necesita-un-pacto-economico","status":"publish","type":"post","link":"https:\/\/www.eldiario.net\/portal\/2026\/09\/02\/bolivia-necesita-un-pacto-economico\/","title":{"rendered":"Bolivia necesita un pacto econ\u00f3mico"},"content":{"rendered":"<p>La crisis econ\u00f3mica que atraviesa Bolivia ya no se soluciona con nuevas pol\u00edticas p\u00fablicas ni con medidas coyunturales. La explosiva combinaci\u00f3n de problemas fiscales, monetarios, energ\u00e9ticos y productivos, sumada a la incapacidad del Estado para implementar medidas de ajuste estructural sin consenso social ni acuerdo pol\u00edtico evidencian que Bolivia necesita construir un pacto econ\u00f3mico que redefina las reglas, responsabilidades y l\u00edmites que deben ordenar la relaci\u00f3n entre el Estado, las empresas y los ciudadanos.<br \/>\nNos referimos a un acuerdo b\u00e1sico sobre el marco de derechos, obligaciones, ordenamiento y expectativas, que organicen la relaci\u00f3n entre el Estado, el sector productivo y la sociedad respecto de la propiedad privada, la explotaci\u00f3n de recursos naturales, la inversi\u00f3n, el trabajo, los impuestos, el comercio, la informalidad, la redistribuci\u00f3n de la riqueza, entre otros.<br \/>\nUn pacto nos permitir\u00eda superar la falsa disyuntiva entre Estado o mercado, implementar pol\u00edticas p\u00fablicas que trasciendan gobiernos y gestiones, y definir conjuntamente un modelo de desarrollo que busque el equilibrio entre un Estado que funcione, un mercado que pueda desarrollarse y una ciudadan\u00eda que asuma con claridad sus derechos y deberes.<br \/>\nEl punto de partida debieran ser las obligaciones de cada actor de la econom\u00eda. El rol del Estado ser\u00e1 establecer reglas claras, garantizar seguridad jur\u00eddica, administrar los recursos p\u00fablicos, regular cuando corresponda y prestar servicios de calidad. Al empresariado le corresponder\u00e1 invertir, producir, generar empleo y contribuir al financiamiento del Estado. Por su parte, el ciudadano deber\u00e1 ejercer su derecho a la libertad econ\u00f3mica, aportar con impuestos, impulsar el ahorro, trabajar en actividades l\u00edcitas, cumplir las normas y vigilar la transparencia y eficiencia del gasto p\u00fablico.<br \/>\nEl primer objetivo debiera ser superar la desconfianza mutua, lo que solo se logra con la reciprocidad en derechos y obligaciones, el equilibrio entre las demandas y el aporte de cada uno, y la legitimidad de las pretensiones, a partir del principio de que no hay contrato sostenible si solamente una parte cumple.<br \/>\nUn nuevo contrato econ\u00f3mico tambi\u00e9n exige responsabilidad. Del Estado, responsabilidad fiscal. De las empresas, responsabilidad productiva, laboral, tributaria y ambiental. Y de la sociedad, comprensi\u00f3n de que los derechos y las demandas deben ser compatibles con las posibilidades reales de la econom\u00eda. No habr\u00e1 recuperaci\u00f3n sostenible si cada sector pretende trasladar sus costos al resto de la sociedad.<br \/>\nAdicionalmente, hace falta reconocer que Bolivia no puede resolver indefinidamente sus desequilibrios distribuyendo una riqueza que no est\u00e1 generando. Una sociedad puede tener derechos y expectativas econ\u00f3micas, pero si no tiene una econom\u00eda capaz de producir los recursos para sostenerlos, esas pretensiones ser\u00e1n solo declarativas.<br \/>\nLos derechos econ\u00f3micos precisan de una base productiva. No hay empleo sin empresas que contraten; no hay salarios suficientes sin productividad; no hay impuestos sin actividad econ\u00f3mica; no hay gasto p\u00fablico sostenible sin ingresos; no hay inversi\u00f3n sin ahorro o financiamiento; no hay exportaciones sin producci\u00f3n competitiva; y no hay derechos sociales sin una econom\u00eda que genere riqueza.<br \/>\nBolivia necesita reconstruir su contrato econ\u00f3mico, redefiniendo las reglas para que Estado, empresas y ciudadanos vuelvan a encontrar una relaci\u00f3n de derechos y obligaciones. Ya no basta con que el Estado prometa protecci\u00f3n, subsidios, empleo o redistribuci\u00f3n, que el sector privado reclame seguridad jur\u00eddica o que los ciudadanos pidan m\u00e1s beneficios. El desaf\u00edo es crear las condiciones para generar prosperidad produciendo y no repartiendo la escasez.<br \/>\nSi no entendemos que el problema va m\u00e1s all\u00e1 de cambiar leyes o achicar el Estado; que los cr\u00e9ditos internacionales o la eliminaci\u00f3n de las subvenciones son medidas para enfrentar s\u00edntomas sin curar la enfermedad; y que el destino de la transici\u00f3n pasa por un nuevo pacto econ\u00f3mico, seguiremos caminando en c\u00edrculos cada vez m\u00e1s estrechos que nos retornar\u00e1n irremediablemente a la pobreza, el subdesarrollo y el atraso de los \u00faltimos 200 a\u00f1os.<\/p>\n<p>El autor es Industrial y ex Presidente de la Confederaci\u00f3n de Empresarios Privados de Bolivia.<\/p>\n","protected":false},"excerpt":{"rendered":"<p>La crisis econ\u00f3mica que atraviesa Bolivia ya no se soluciona con nuevas pol\u00edticas p\u00fablicas ni con medidas coyunturales. La explosiva combinaci\u00f3n de problemas fiscales, monetarios, energ\u00e9ticos y productivos, sumada a la incapacidad del Estado para implementar medidas de ajuste estructural sin consenso social ni acuerdo pol\u00edtico evidencian que Bolivia necesita construir un pacto econ\u00f3mico que [&hellip;]<\/p>\n","protected":false},"author":1,"featured_media":188324,"comment_status":"closed","ping_status":"open","sticky":false,"template":"","format":"standard","meta":{"_acf_changed":false,"footnotes":""},"categories":[9],"tags":[],"class_list":["post-426998","post","type-post","status-publish","format-standard","has-post-thumbnail","category-opinion"],"acf":{"antetitulo":""},"yoast_head":"<!-- This site is optimized with the Yoast SEO plugin v28.4 - https:\/\/yoast.com\/product\/yoast-seo-wordpress\/ -->\n<title>Bolivia necesita un pacto econ\u00f3mico - El Diario - Bolivia<\/title>\n<meta name=\"robots\" content=\"index, follow, max-snippet:-1, max-image-preview:large, max-video-preview:-1\" \/>\n<link rel=\"canonical\" href=\"https:\/\/www.eldiario.net\/portal\/2026\/09\/02\/bolivia-necesita-un-pacto-economico\/\" \/>\n<meta property=\"og:locale\" content=\"es_ES\" \/>\n<meta property=\"og:type\" content=\"article\" \/>\n<meta property=\"og:title\" content=\"Bolivia necesita un pacto econ\u00f3mico - El Diario - Bolivia\" \/>\n<meta property=\"og:description\" content=\"La crisis econ\u00f3mica que atraviesa Bolivia ya no se soluciona con nuevas pol\u00edticas p\u00fablicas ni con medidas coyunturales. La explosiva combinaci\u00f3n de problemas fiscales, monetarios, energ\u00e9ticos y productivos, sumada a la incapacidad del Estado para implementar medidas de ajuste estructural sin consenso social ni acuerdo pol\u00edtico evidencian que Bolivia necesita construir un pacto econ\u00f3mico que [&hellip;]\" \/>\n<meta property=\"og:url\" content=\"https:\/\/www.eldiario.net\/portal\/2026\/09\/02\/bolivia-necesita-un-pacto-economico\/\" \/>\n<meta property=\"og:site_name\" content=\"El Diario - Bolivia\" \/>\n<meta property=\"article:publisher\" content=\"https:\/\/www.facebook.com\/eldiario.bolivia\/\" \/>\n<meta property=\"article:published_time\" content=\"2026-09-02T10:52:47+00:00\" \/>\n<meta property=\"og:image\" content=\"https:\/\/www.eldiario.net\/portal\/wp-content\/uploads\/2023\/11\/Ronald-Nostas-Ardaya.jpg\" \/>\n\t<meta property=\"og:image:width\" content=\"1200\" \/>\n\t<meta property=\"og:image:height\" content=\"628\" \/>\n\t<meta property=\"og:image:type\" content=\"image\/jpeg\" \/>\n<meta name=\"author\" content=\"Jeanette\" \/>\n<meta name=\"twitter:card\" content=\"summary_large_image\" \/>\n<meta name=\"twitter:creator\" content=\"@eldiario_net\" \/>\n<meta name=\"twitter:site\" content=\"@eldiario_net\" \/>\n<meta name=\"twitter:label1\" content=\"Escrito por\" \/>\n\t<meta name=\"twitter:data1\" content=\"Jeanette\" \/>\n\t<meta name=\"twitter:label2\" content=\"Tiempo de lectura\" \/>\n\t<meta name=\"twitter:data2\" content=\"4 minutos\" \/>\n<script type=\"application\/ld+json\" class=\"yoast-schema-graph\">{\"@context\":\"https:\\\/\\\/schema.org\",\"@graph\":[{\"@type\":\"Article\",\"@id\":\"https:\\\/\\\/www.eldiario.net\\\/portal\\\/2026\\\/09\\\/02\\\/bolivia-necesita-un-pacto-economico\\\/#article\",\"isPartOf\":{\"@id\":\"https:\\\/\\\/www.eldiario.net\\\/portal\\\/2026\\\/09\\\/02\\\/bolivia-necesita-un-pacto-economico\\\/\"},\"author\":{\"name\":\"Jeanette\",\"@id\":\"https:\\\/\\\/www.eldiario.net\\\/portal\\\/#\\\/schema\\\/person\\\/f46445640444750d7d753ccd04ae01b7\"},\"headline\":\"Bolivia necesita un pacto econ\u00f3mico\",\"datePublished\":\"2026-09-02T10:52:47+00:00\",\"mainEntityOfPage\":{\"@id\":\"https:\\\/\\\/www.eldiario.net\\\/portal\\\/2026\\\/09\\\/02\\\/bolivia-necesita-un-pacto-economico\\\/\"},\"wordCount\":696,\"publisher\":{\"@id\":\"https:\\\/\\\/www.eldiario.net\\\/portal\\\/#organization\"},\"image\":{\"@id\":\"https:\\\/\\\/www.eldiario.net\\\/portal\\\/2026\\\/09\\\/02\\\/bolivia-necesita-un-pacto-economico\\\/#primaryimage\"},\"thumbnailUrl\":\"https:\\\/\\\/www.eldiario.net\\\/portal\\\/wp-content\\\/uploads\\\/2023\\\/11\\\/Ronald-Nostas-Ardaya.jpg\",\"articleSection\":[\"Opini\u00f3n\"],\"inLanguage\":\"es\"},{\"@type\":\"WebPage\",\"@id\":\"https:\\\/\\\/www.eldiario.net\\\/portal\\\/2026\\\/09\\\/02\\\/bolivia-necesita-un-pacto-economico\\\/\",\"url\":\"https:\\\/\\\/www.eldiario.net\\\/portal\\\/2026\\\/09\\\/02\\\/bolivia-necesita-un-pacto-economico\\\/\",\"name\":\"Bolivia necesita un pacto econ\u00f3mico - El Diario - Bolivia\",\"isPartOf\":{\"@id\":\"https:\\\/\\\/www.eldiario.net\\\/portal\\\/#website\"},\"primaryImageOfPage\":{\"@id\":\"https:\\\/\\\/www.eldiario.net\\\/portal\\\/2026\\\/09\\\/02\\\/bolivia-necesita-un-pacto-economico\\\/#primaryimage\"},\"image\":{\"@id\":\"https:\\\/\\\/www.eldiario.net\\\/portal\\\/2026\\\/09\\\/02\\\/bolivia-necesita-un-pacto-economico\\\/#primaryimage\"},\"thumbnailUrl\":\"https:\\\/\\\/www.eldiario.net\\\/portal\\\/wp-content\\\/uploads\\\/2023\\\/11\\\/Ronald-Nostas-Ardaya.jpg\",\"datePublished\":\"2026-09-02T10:52:47+00:00\",\"breadcrumb\":{\"@id\":\"https:\\\/\\\/www.eldiario.net\\\/portal\\\/2026\\\/09\\\/02\\\/bolivia-necesita-un-pacto-economico\\\/#breadcrumb\"},\"inLanguage\":\"es\",\"potentialAction\":[{\"@type\":\"ReadAction\",\"target\":[\"https:\\\/\\\/www.eldiario.net\\\/portal\\\/2026\\\/09\\\/02\\\/bolivia-necesita-un-pacto-economico\\\/\"]}]},{\"@type\":\"ImageObject\",\"inLanguage\":\"es\",\"@id\":\"https:\\\/\\\/www.eldiario.net\\\/portal\\\/2026\\\/09\\\/02\\\/bolivia-necesita-un-pacto-economico\\\/#primaryimage\",\"url\":\"https:\\\/\\\/www.eldiario.net\\\/portal\\\/wp-content\\\/uploads\\\/2023\\\/11\\\/Ronald-Nostas-Ardaya.jpg\",\"contentUrl\":\"https:\\\/\\\/www.eldiario.net\\\/portal\\\/wp-content\\\/uploads\\\/2023\\\/11\\\/Ronald-Nostas-Ardaya.jpg\",\"width\":1200,\"height\":628,\"caption\":\"Ronald Nostas Ardaya\"},{\"@type\":\"BreadcrumbList\",\"@id\":\"https:\\\/\\\/www.eldiario.net\\\/portal\\\/2026\\\/09\\\/02\\\/bolivia-necesita-un-pacto-economico\\\/#breadcrumb\",\"itemListElement\":[{\"@type\":\"ListItem\",\"position\":1,\"name\":\"Portada\",\"item\":\"https:\\\/\\\/www.eldiario.net\\\/portal\\\/\"},{\"@type\":\"ListItem\",\"position\":2,\"name\":\"Bolivia necesita un pacto econ\u00f3mico\"}]},{\"@type\":\"WebSite\",\"@id\":\"https:\\\/\\\/www.eldiario.net\\\/portal\\\/#website\",\"url\":\"https:\\\/\\\/www.eldiario.net\\\/portal\\\/\",\"name\":\"El Diario - Decano de la prensa nacional\",\"description\":\"El Diario - Decano de la prensa nacional\",\"publisher\":{\"@id\":\"https:\\\/\\\/www.eldiario.net\\\/portal\\\/#organization\"},\"potentialAction\":[{\"@type\":\"SearchAction\",\"target\":{\"@type\":\"EntryPoint\",\"urlTemplate\":\"https:\\\/\\\/www.eldiario.net\\\/portal\\\/?s={search_term_string}\"},\"query-input\":{\"@type\":\"PropertyValueSpecification\",\"valueRequired\":true,\"valueName\":\"search_term_string\"}}],\"inLanguage\":\"es\"},{\"@type\":\"Organization\",\"@id\":\"https:\\\/\\\/www.eldiario.net\\\/portal\\\/#organization\",\"name\":\"El Diario - Decano de la prensa nacional\",\"url\":\"https:\\\/\\\/www.eldiario.net\\\/portal\\\/\",\"logo\":{\"@type\":\"ImageObject\",\"inLanguage\":\"es\",\"@id\":\"https:\\\/\\\/www.eldiario.net\\\/portal\\\/#\\\/schema\\\/logo\\\/image\\\/\",\"url\":\"https:\\\/\\\/www.eldiario.net\\\/portal\\\/wp-content\\\/uploads\\\/2023\\\/07\\\/logo_ED.jpg\",\"contentUrl\":\"https:\\\/\\\/www.eldiario.net\\\/portal\\\/wp-content\\\/uploads\\\/2023\\\/07\\\/logo_ED.jpg\",\"width\":272,\"height\":52,\"caption\":\"El Diario - Decano de la prensa nacional\"},\"image\":{\"@id\":\"https:\\\/\\\/www.eldiario.net\\\/portal\\\/#\\\/schema\\\/logo\\\/image\\\/\"},\"sameAs\":[\"https:\\\/\\\/www.facebook.com\\\/eldiario.bolivia\\\/\",\"https:\\\/\\\/x.com\\\/eldiario_net\"]},{\"@type\":\"Person\",\"@id\":\"https:\\\/\\\/www.eldiario.net\\\/portal\\\/#\\\/schema\\\/person\\\/f46445640444750d7d753ccd04ae01b7\",\"name\":\"Jeanette\",\"image\":{\"@type\":\"ImageObject\",\"inLanguage\":\"es\",\"@id\":\"https:\\\/\\\/secure.gravatar.com\\\/avatar\\\/3ea2118a5f7dad2b7138b1187a6b7ee55f160b9968b66013c3a3ef39dd7e5798?s=96&d=mm&r=g\",\"url\":\"https:\\\/\\\/secure.gravatar.com\\\/avatar\\\/3ea2118a5f7dad2b7138b1187a6b7ee55f160b9968b66013c3a3ef39dd7e5798?s=96&d=mm&r=g\",\"contentUrl\":\"https:\\\/\\\/secure.gravatar.com\\\/avatar\\\/3ea2118a5f7dad2b7138b1187a6b7ee55f160b9968b66013c3a3ef39dd7e5798?s=96&d=mm&r=g\",\"caption\":\"Jeanette\"},\"sameAs\":[\"https:\\\/\\\/www.eldiario.net\\\/portal\"],\"url\":\"https:\\\/\\\/www.eldiario.net\\\/portal\\\/author\\\/jeanette\\\/\"}]}<\/script>\n<!-- \/ Yoast SEO plugin. -->","yoast_head_json":{"title":"Bolivia necesita un pacto econ\u00f3mico - El Diario - Bolivia","robots":{"index":"index","follow":"follow","max-snippet":"max-snippet:-1","max-image-preview":"max-image-preview:large","max-video-preview":"max-video-preview:-1"},"canonical":"https:\/\/www.eldiario.net\/portal\/2026\/09\/02\/bolivia-necesita-un-pacto-economico\/","og_locale":"es_ES","og_type":"article","og_title":"Bolivia necesita un pacto econ\u00f3mico - El Diario - Bolivia","og_description":"La crisis econ\u00f3mica que atraviesa Bolivia ya no se soluciona con nuevas pol\u00edticas p\u00fablicas ni con medidas coyunturales. La explosiva combinaci\u00f3n de problemas fiscales, monetarios, energ\u00e9ticos y productivos, sumada a la incapacidad del Estado para implementar medidas de ajuste estructural sin consenso social ni acuerdo pol\u00edtico evidencian que Bolivia necesita construir un pacto econ\u00f3mico que [&hellip;]","og_url":"https:\/\/www.eldiario.net\/portal\/2026\/09\/02\/bolivia-necesita-un-pacto-economico\/","og_site_name":"El Diario - Bolivia","article_publisher":"https:\/\/www.facebook.com\/eldiario.bolivia\/","article_published_time":"2026-09-02T10:52:47+00:00","og_image":[{"width":1200,"height":628,"url":"https:\/\/www.eldiario.net\/portal\/wp-content\/uploads\/2023\/11\/Ronald-Nostas-Ardaya.jpg","type":"image\/jpeg"}],"author":"Jeanette","twitter_card":"summary_large_image","twitter_creator":"@eldiario_net","twitter_site":"@eldiario_net","twitter_misc":{"Escrito por":"Jeanette","Tiempo de lectura":"4 minutos"},"schema":{"@context":"https:\/\/schema.org","@graph":[{"@type":"Article","@id":"https:\/\/www.eldiario.net\/portal\/2026\/09\/02\/bolivia-necesita-un-pacto-economico\/#article","isPartOf":{"@id":"https:\/\/www.eldiario.net\/portal\/2026\/09\/02\/bolivia-necesita-un-pacto-economico\/"},"author":{"name":"Jeanette","@id":"https:\/\/www.eldiario.net\/portal\/#\/schema\/person\/f46445640444750d7d753ccd04ae01b7"},"headline":"Bolivia necesita un pacto econ\u00f3mico","datePublished":"2026-09-02T10:52:47+00:00","mainEntityOfPage":{"@id":"https:\/\/www.eldiario.net\/portal\/2026\/09\/02\/bolivia-necesita-un-pacto-economico\/"},"wordCount":696,"publisher":{"@id":"https:\/\/www.eldiario.net\/portal\/#organization"},"image":{"@id":"https:\/\/www.eldiario.net\/portal\/2026\/09\/02\/bolivia-necesita-un-pacto-economico\/#primaryimage"},"thumbnailUrl":"https:\/\/www.eldiario.net\/portal\/wp-content\/uploads\/2023\/11\/Ronald-Nostas-Ardaya.jpg","articleSection":["Opini\u00f3n"],"inLanguage":"es"},{"@type":"WebPage","@id":"https:\/\/www.eldiario.net\/portal\/2026\/09\/02\/bolivia-necesita-un-pacto-economico\/","url":"https:\/\/www.eldiario.net\/portal\/2026\/09\/02\/bolivia-necesita-un-pacto-economico\/","name":"Bolivia necesita un pacto econ\u00f3mico - El Diario - Bolivia","isPartOf":{"@id":"https:\/\/www.eldiario.net\/portal\/#website"},"primaryImageOfPage":{"@id":"https:\/\/www.eldiario.net\/portal\/2026\/09\/02\/bolivia-necesita-un-pacto-economico\/#primaryimage"},"image":{"@id":"https:\/\/www.eldiario.net\/portal\/2026\/09\/02\/bolivia-necesita-un-pacto-economico\/#primaryimage"},"thumbnailUrl":"https:\/\/www.eldiario.net\/portal\/wp-content\/uploads\/2023\/11\/Ronald-Nostas-Ardaya.jpg","datePublished":"2026-09-02T10:52:47+00:00","breadcrumb":{"@id":"https:\/\/www.eldiario.net\/portal\/2026\/09\/02\/bolivia-necesita-un-pacto-economico\/#breadcrumb"},"inLanguage":"es","potentialAction":[{"@type":"ReadAction","target":["https:\/\/www.eldiario.net\/portal\/2026\/09\/02\/bolivia-necesita-un-pacto-economico\/"]}]},{"@type":"ImageObject","inLanguage":"es","@id":"https:\/\/www.eldiario.net\/portal\/2026\/09\/02\/bolivia-necesita-un-pacto-economico\/#primaryimage","url":"https:\/\/www.eldiario.net\/portal\/wp-content\/uploads\/2023\/11\/Ronald-Nostas-Ardaya.jpg","contentUrl":"https:\/\/www.eldiario.net\/portal\/wp-content\/uploads\/2023\/11\/Ronald-Nostas-Ardaya.jpg","width":1200,"height":628,"caption":"Ronald Nostas Ardaya"},{"@type":"BreadcrumbList","@id":"https:\/\/www.eldiario.net\/portal\/2026\/09\/02\/bolivia-necesita-un-pacto-economico\/#breadcrumb","itemListElement":[{"@type":"ListItem","position":1,"name":"Portada","item":"https:\/\/www.eldiario.net\/portal\/"},{"@type":"ListItem","position":2,"name":"Bolivia necesita un pacto econ\u00f3mico"}]},{"@type":"WebSite","@id":"https:\/\/www.eldiario.net\/portal\/#website","url":"https:\/\/www.eldiario.net\/portal\/","name":"El Diario - Decano de la prensa nacional","description":"El Diario - Decano de la prensa nacional","publisher":{"@id":"https:\/\/www.eldiario.net\/portal\/#organization"},"potentialAction":[{"@type":"SearchAction","target":{"@type":"EntryPoint","urlTemplate":"https:\/\/www.eldiario.net\/portal\/?s={search_term_string}"},"query-input":{"@type":"PropertyValueSpecification","valueRequired":true,"valueName":"search_term_string"}}],"inLanguage":"es"},{"@type":"Organization","@id":"https:\/\/www.eldiario.net\/portal\/#organization","name":"El Diario - Decano de la prensa nacional","url":"https:\/\/www.eldiario.net\/portal\/","logo":{"@type":"ImageObject","inLanguage":"es","@id":"https:\/\/www.eldiario.net\/portal\/#\/schema\/logo\/image\/","url":"https:\/\/www.eldiario.net\/portal\/wp-content\/uploads\/2023\/07\/logo_ED.jpg","contentUrl":"https:\/\/www.eldiario.net\/portal\/wp-content\/uploads\/2023\/07\/logo_ED.jpg","width":272,"height":52,"caption":"El Diario - Decano de la prensa nacional"},"image":{"@id":"https:\/\/www.eldiario.net\/portal\/#\/schema\/logo\/image\/"},"sameAs":["https:\/\/www.facebook.com\/eldiario.bolivia\/","https:\/\/x.com\/eldiario_net"]},{"@type":"Person","@id":"https:\/\/www.eldiario.net\/portal\/#\/schema\/person\/f46445640444750d7d753ccd04ae01b7","name":"Jeanette","image":{"@type":"ImageObject","inLanguage":"es","@id":"https:\/\/secure.gravatar.com\/avatar\/3ea2118a5f7dad2b7138b1187a6b7ee55f160b9968b66013c3a3ef39dd7e5798?s=96&d=mm&r=g","url":"https:\/\/secure.gravatar.com\/avatar\/3ea2118a5f7dad2b7138b1187a6b7ee55f160b9968b66013c3a3ef39dd7e5798?s=96&d=mm&r=g","contentUrl":"https:\/\/secure.gravatar.com\/avatar\/3ea2118a5f7dad2b7138b1187a6b7ee55f160b9968b66013c3a3ef39dd7e5798?s=96&d=mm&r=g","caption":"Jeanette"},"sameAs":["https:\/\/www.eldiario.net\/portal"],"url":"https:\/\/www.eldiario.net\/portal\/author\/jeanette\/"}]}},"_links":{"self":[{"href":"https:\/\/www.eldiario.net\/portal\/wp-json\/wp\/v2\/posts\/426998","targetHints":{"allow":["GET"]}}],"collection":[{"href":"https:\/\/www.eldiario.net\/portal\/wp-json\/wp\/v2\/posts"}],"about":[{"href":"https:\/\/www.eldiario.net\/portal\/wp-json\/wp\/v2\/types\/post"}],"author":[{"embeddable":true,"href":"https:\/\/www.eldiario.net\/portal\/wp-json\/wp\/v2\/users\/1"}],"replies":[{"embeddable":true,"href":"https:\/\/www.eldiario.net\/portal\/wp-json\/wp\/v2\/comments?post=426998"}],"version-history":[{"count":1,"href":"https:\/\/www.eldiario.net\/portal\/wp-json\/wp\/v2\/posts\/426998\/revisions"}],"predecessor-version":[{"id":426999,"href":"https:\/\/www.eldiario.net\/portal\/wp-json\/wp\/v2\/posts\/426998\/revisions\/426999"}],"wp:featuredmedia":[{"embeddable":true,"href":"https:\/\/www.eldiario.net\/portal\/wp-json\/wp\/v2\/media\/188324"}],"wp:attachment":[{"href":"https:\/\/www.eldiario.net\/portal\/wp-json\/wp\/v2\/media?parent=426998"}],"wp:term":[{"taxonomy":"category","embeddable":true,"href":"https:\/\/www.eldiario.net\/portal\/wp-json\/wp\/v2\/categories?post=426998"},{"taxonomy":"post_tag","embeddable":true,"href":"https:\/\/www.eldiario.net\/portal\/wp-json\/wp\/v2\/tags?post=426998"}],"curies":[{"name":"wp","href":"https:\/\/api.w.org\/{rel}","templated":true}]}}