{"id":426996,"date":"2026-09-02T06:52:15","date_gmt":"2026-09-02T10:52:15","guid":{"rendered":"https:\/\/www.eldiario.net\/portal\/?p=426996"},"modified":"2026-09-02T06:52:15","modified_gmt":"2026-09-02T10:52:15","slug":"renta-de-3-300-bs-para-todos","status":"publish","type":"post","link":"https:\/\/www.eldiario.net\/portal\/2026\/09\/02\/renta-de-3-300-bs-para-todos\/","title":{"rendered":"Renta de 3.300 Bs para todos"},"content":{"rendered":"<p>Un revolucionario proyecto de Nueva Ley de Pensiones fue presentado por el experto en seguridad social, Lic. Jaime Pe\u00f1a Cano y su equipo multidisciplinario, en busca de que todos los jubilados tengan una vivencia digna. Que puedan afrontar el futuro con la seguridad de que sus necesidades b\u00e1sicas podr\u00e1n ser cubiertas con una renta de 3.300 Bs mensuales. Monto \u201cque saldr\u00e1 del propio dinero de los trabajadores que actualmente administra la Gestora, y que alcanza a m\u00e1s de 29 mil millones de d\u00f3lares\u201d, seg\u00fan explic\u00f3 el proyectista, a tiempo de ense\u00f1ar una copia del proyecto que se hizo llegar al Congreso Nacional.<br \/>\n\u201cAs\u00ed acabaremos con la injusticia de esas rentas m\u00edseras de hasta 500 o 600 bolivianos al mes, que hacen que los rentistas mueran de hambre hoy, sobre todo por la p\u00e9sima situaci\u00f3n econ\u00f3mica que enfrenta la naci\u00f3n, por los malos manejos de los gobiernos que en los hechos dilapidaron los fuertes ingresos que recib\u00eda el Estado por la venta de gas y otros recursos minerales, adem\u00e1s de exportaciones en general\u201d, afirm\u00f3 Pe\u00f1a Cano. A\u00f1adi\u00f3 que persiste en su lucha por lograr se instaure en Bolivia la justicia social, para poner fin a las desigualdades odiosas, ya que, dijo, no puede ser que solo dos sectores tengan su jubilaci\u00f3n del 100 por ciento, dejando a los dem\u00e1s librados a su suerte.<br \/>\n\u201cA partir de este proyecto presentado nadie recibir\u00e1 una pensi\u00f3n miserable, todos sin discriminaci\u00f3n podr\u00e1n jubilarse con el m\u00ednimo nacional de 3.300 bolivianos. Esto significa que habr\u00e1 equidad y de ese modo el trabajador boliviano tendr\u00e1 la certidumbre de que podr\u00e1 enfrentar una vida cada vez m\u00e1s complicada, sin mayores temores, puesto que sus necesidad b\u00e1sicas estar\u00e1n cubiertas. Y con su propio dinero, que hoy lamentablemente nada m\u00e1s beneficia a sectores privilegiados, como la banca, la gran empresa privada, agroindustriales, entre otros, que reciben pr\u00e9stamos millonarios de los recursos de los trabajadores nacionales\u201d, fundament\u00f3. Dio una lista de empresas que desde hace a\u00f1os reciben tales pr\u00e9stamos, mientras el trabajador, jubilado o en actividad, no puede recibir ni siquiera unos mil d\u00f3lares para un emprendimiento que le permita lograr algunos ingresos extras para una mejor subsistencia.<br \/>\nEsto no es una fantas\u00eda, puesto que est\u00e1 demostrado con estudios matem\u00e1tico actuariales que hemos realizado. Adem\u00e1s no significa que se tomar\u00e1 recursos del Estado, sino que saldr\u00e1 de nuestro propio dinero que hoy est\u00e1 beneficiando en sumo grado \u00fanicamente a grandes sectores empresariales y al propio Estado, el que se mueve con estos ingentes recursos que no son suyos, enfatiz\u00f3.<br \/>\nLa novedad que proporciona Jaime Pe\u00f1a Cano es alentadora para el sector laboral que, as\u00ed, podr\u00e1 ver con mejores perspectivas la instauraci\u00f3n de un pa\u00eds con un gobierno que posibilite una mejor vida para los bolivianos. Y se tenga un horizonte inmediato de pa\u00eds en progreso, haciendo que sus habitantes puedan transcurrir sus d\u00edas en tranquilidad y con la certeza de que por fin habr\u00e1 llegado ese gran d\u00eda tan anhelado.<\/p>\n<p>www.facebook.com\/dafoheradio<\/p>\n","protected":false},"excerpt":{"rendered":"<p>Un revolucionario proyecto de Nueva Ley de Pensiones fue presentado por el experto en seguridad social, Lic. Jaime Pe\u00f1a Cano y su equipo multidisciplinario, en busca de que todos los jubilados tengan una vivencia digna. Que puedan afrontar el futuro con la seguridad de que sus necesidades b\u00e1sicas podr\u00e1n ser cubiertas con una renta de [&hellip;]<\/p>\n","protected":false},"author":1,"featured_media":158961,"comment_status":"closed","ping_status":"open","sticky":false,"template":"","format":"standard","meta":{"_acf_changed":false,"footnotes":""},"categories":[9],"tags":[],"class_list":["post-426996","post","type-post","status-publish","format-standard","has-post-thumbnail","category-opinion"],"acf":{"antetitulo":""},"yoast_head":"<!-- This site is optimized with the Yoast SEO plugin v28.4 - https:\/\/yoast.com\/product\/yoast-seo-wordpress\/ -->\n<title>Renta de 3.300 Bs para todos - El Diario - Bolivia<\/title>\n<meta name=\"robots\" content=\"index, follow, max-snippet:-1, max-image-preview:large, max-video-preview:-1\" \/>\n<link rel=\"canonical\" href=\"https:\/\/www.eldiario.net\/portal\/2026\/09\/02\/renta-de-3-300-bs-para-todos\/\" \/>\n<meta property=\"og:locale\" content=\"es_ES\" \/>\n<meta property=\"og:type\" content=\"article\" \/>\n<meta property=\"og:title\" content=\"Renta de 3.300 Bs para todos - El Diario - Bolivia\" \/>\n<meta property=\"og:description\" content=\"Un revolucionario proyecto de Nueva Ley de Pensiones fue presentado por el experto en seguridad social, Lic. Jaime Pe\u00f1a Cano y su equipo multidisciplinario, en busca de que todos los jubilados tengan una vivencia digna. Que puedan afrontar el futuro con la seguridad de que sus necesidades b\u00e1sicas podr\u00e1n ser cubiertas con una renta de [&hellip;]\" \/>\n<meta property=\"og:url\" content=\"https:\/\/www.eldiario.net\/portal\/2026\/09\/02\/renta-de-3-300-bs-para-todos\/\" \/>\n<meta property=\"og:site_name\" content=\"El Diario - Bolivia\" \/>\n<meta property=\"article:publisher\" content=\"https:\/\/www.facebook.com\/eldiario.bolivia\/\" \/>\n<meta property=\"article:published_time\" content=\"2026-09-02T10:52:15+00:00\" \/>\n<meta property=\"og:image\" content=\"https:\/\/www.eldiario.net\/portal\/wp-content\/uploads\/2023\/06\/David-Foronda-H.jpg\" \/>\n\t<meta property=\"og:image:width\" content=\"1200\" \/>\n\t<meta property=\"og:image:height\" content=\"628\" \/>\n\t<meta property=\"og:image:type\" content=\"image\/jpeg\" \/>\n<meta name=\"author\" content=\"Jeanette\" \/>\n<meta name=\"twitter:card\" content=\"summary_large_image\" \/>\n<meta name=\"twitter:creator\" content=\"@eldiario_net\" \/>\n<meta name=\"twitter:site\" content=\"@eldiario_net\" \/>\n<meta name=\"twitter:label1\" content=\"Escrito por\" \/>\n\t<meta name=\"twitter:data1\" content=\"Jeanette\" \/>\n\t<meta name=\"twitter:label2\" content=\"Tiempo de lectura\" \/>\n\t<meta name=\"twitter:data2\" content=\"3 minutos\" \/>\n<script type=\"application\/ld+json\" class=\"yoast-schema-graph\">{\"@context\":\"https:\\\/\\\/schema.org\",\"@graph\":[{\"@type\":\"Article\",\"@id\":\"https:\\\/\\\/www.eldiario.net\\\/portal\\\/2026\\\/09\\\/02\\\/renta-de-3-300-bs-para-todos\\\/#article\",\"isPartOf\":{\"@id\":\"https:\\\/\\\/www.eldiario.net\\\/portal\\\/2026\\\/09\\\/02\\\/renta-de-3-300-bs-para-todos\\\/\"},\"author\":{\"name\":\"Jeanette\",\"@id\":\"https:\\\/\\\/www.eldiario.net\\\/portal\\\/#\\\/schema\\\/person\\\/f46445640444750d7d753ccd04ae01b7\"},\"headline\":\"Renta de 3.300 Bs para todos\",\"datePublished\":\"2026-09-02T10:52:15+00:00\",\"mainEntityOfPage\":{\"@id\":\"https:\\\/\\\/www.eldiario.net\\\/portal\\\/2026\\\/09\\\/02\\\/renta-de-3-300-bs-para-todos\\\/\"},\"wordCount\":531,\"publisher\":{\"@id\":\"https:\\\/\\\/www.eldiario.net\\\/portal\\\/#organization\"},\"image\":{\"@id\":\"https:\\\/\\\/www.eldiario.net\\\/portal\\\/2026\\\/09\\\/02\\\/renta-de-3-300-bs-para-todos\\\/#primaryimage\"},\"thumbnailUrl\":\"https:\\\/\\\/www.eldiario.net\\\/portal\\\/wp-content\\\/uploads\\\/2023\\\/06\\\/David-Foronda-H.jpg\",\"articleSection\":[\"Opini\u00f3n\"],\"inLanguage\":\"es\"},{\"@type\":\"WebPage\",\"@id\":\"https:\\\/\\\/www.eldiario.net\\\/portal\\\/2026\\\/09\\\/02\\\/renta-de-3-300-bs-para-todos\\\/\",\"url\":\"https:\\\/\\\/www.eldiario.net\\\/portal\\\/2026\\\/09\\\/02\\\/renta-de-3-300-bs-para-todos\\\/\",\"name\":\"Renta de 3.300 Bs para todos - El Diario - Bolivia\",\"isPartOf\":{\"@id\":\"https:\\\/\\\/www.eldiario.net\\\/portal\\\/#website\"},\"primaryImageOfPage\":{\"@id\":\"https:\\\/\\\/www.eldiario.net\\\/portal\\\/2026\\\/09\\\/02\\\/renta-de-3-300-bs-para-todos\\\/#primaryimage\"},\"image\":{\"@id\":\"https:\\\/\\\/www.eldiario.net\\\/portal\\\/2026\\\/09\\\/02\\\/renta-de-3-300-bs-para-todos\\\/#primaryimage\"},\"thumbnailUrl\":\"https:\\\/\\\/www.eldiario.net\\\/portal\\\/wp-content\\\/uploads\\\/2023\\\/06\\\/David-Foronda-H.jpg\",\"datePublished\":\"2026-09-02T10:52:15+00:00\",\"breadcrumb\":{\"@id\":\"https:\\\/\\\/www.eldiario.net\\\/portal\\\/2026\\\/09\\\/02\\\/renta-de-3-300-bs-para-todos\\\/#breadcrumb\"},\"inLanguage\":\"es\",\"potentialAction\":[{\"@type\":\"ReadAction\",\"target\":[\"https:\\\/\\\/www.eldiario.net\\\/portal\\\/2026\\\/09\\\/02\\\/renta-de-3-300-bs-para-todos\\\/\"]}]},{\"@type\":\"ImageObject\",\"inLanguage\":\"es\",\"@id\":\"https:\\\/\\\/www.eldiario.net\\\/portal\\\/2026\\\/09\\\/02\\\/renta-de-3-300-bs-para-todos\\\/#primaryimage\",\"url\":\"https:\\\/\\\/www.eldiario.net\\\/portal\\\/wp-content\\\/uploads\\\/2023\\\/06\\\/David-Foronda-H.jpg\",\"contentUrl\":\"https:\\\/\\\/www.eldiario.net\\\/portal\\\/wp-content\\\/uploads\\\/2023\\\/06\\\/David-Foronda-H.jpg\",\"width\":1200,\"height\":628,\"caption\":\"David Foronda H.\"},{\"@type\":\"BreadcrumbList\",\"@id\":\"https:\\\/\\\/www.eldiario.net\\\/portal\\\/2026\\\/09\\\/02\\\/renta-de-3-300-bs-para-todos\\\/#breadcrumb\",\"itemListElement\":[{\"@type\":\"ListItem\",\"position\":1,\"name\":\"Portada\",\"item\":\"https:\\\/\\\/www.eldiario.net\\\/portal\\\/\"},{\"@type\":\"ListItem\",\"position\":2,\"name\":\"Renta de 3.300 Bs para todos\"}]},{\"@type\":\"WebSite\",\"@id\":\"https:\\\/\\\/www.eldiario.net\\\/portal\\\/#website\",\"url\":\"https:\\\/\\\/www.eldiario.net\\\/portal\\\/\",\"name\":\"El Diario - Decano de la prensa nacional\",\"description\":\"El Diario - Decano de la prensa nacional\",\"publisher\":{\"@id\":\"https:\\\/\\\/www.eldiario.net\\\/portal\\\/#organization\"},\"potentialAction\":[{\"@type\":\"SearchAction\",\"target\":{\"@type\":\"EntryPoint\",\"urlTemplate\":\"https:\\\/\\\/www.eldiario.net\\\/portal\\\/?s={search_term_string}\"},\"query-input\":{\"@type\":\"PropertyValueSpecification\",\"valueRequired\":true,\"valueName\":\"search_term_string\"}}],\"inLanguage\":\"es\"},{\"@type\":\"Organization\",\"@id\":\"https:\\\/\\\/www.eldiario.net\\\/portal\\\/#organization\",\"name\":\"El Diario - Decano de la prensa nacional\",\"url\":\"https:\\\/\\\/www.eldiario.net\\\/portal\\\/\",\"logo\":{\"@type\":\"ImageObject\",\"inLanguage\":\"es\",\"@id\":\"https:\\\/\\\/www.eldiario.net\\\/portal\\\/#\\\/schema\\\/logo\\\/image\\\/\",\"url\":\"https:\\\/\\\/www.eldiario.net\\\/portal\\\/wp-content\\\/uploads\\\/2023\\\/07\\\/logo_ED.jpg\",\"contentUrl\":\"https:\\\/\\\/www.eldiario.net\\\/portal\\\/wp-content\\\/uploads\\\/2023\\\/07\\\/logo_ED.jpg\",\"width\":272,\"height\":52,\"caption\":\"El Diario - Decano de la prensa nacional\"},\"image\":{\"@id\":\"https:\\\/\\\/www.eldiario.net\\\/portal\\\/#\\\/schema\\\/logo\\\/image\\\/\"},\"sameAs\":[\"https:\\\/\\\/www.facebook.com\\\/eldiario.bolivia\\\/\",\"https:\\\/\\\/x.com\\\/eldiario_net\"]},{\"@type\":\"Person\",\"@id\":\"https:\\\/\\\/www.eldiario.net\\\/portal\\\/#\\\/schema\\\/person\\\/f46445640444750d7d753ccd04ae01b7\",\"name\":\"Jeanette\",\"image\":{\"@type\":\"ImageObject\",\"inLanguage\":\"es\",\"@id\":\"https:\\\/\\\/secure.gravatar.com\\\/avatar\\\/3ea2118a5f7dad2b7138b1187a6b7ee55f160b9968b66013c3a3ef39dd7e5798?s=96&d=mm&r=g\",\"url\":\"https:\\\/\\\/secure.gravatar.com\\\/avatar\\\/3ea2118a5f7dad2b7138b1187a6b7ee55f160b9968b66013c3a3ef39dd7e5798?s=96&d=mm&r=g\",\"contentUrl\":\"https:\\\/\\\/secure.gravatar.com\\\/avatar\\\/3ea2118a5f7dad2b7138b1187a6b7ee55f160b9968b66013c3a3ef39dd7e5798?s=96&d=mm&r=g\",\"caption\":\"Jeanette\"},\"sameAs\":[\"https:\\\/\\\/www.eldiario.net\\\/portal\"],\"url\":\"https:\\\/\\\/www.eldiario.net\\\/portal\\\/author\\\/jeanette\\\/\"}]}<\/script>\n<!-- \/ Yoast SEO plugin. -->","yoast_head_json":{"title":"Renta de 3.300 Bs para todos - El Diario - Bolivia","robots":{"index":"index","follow":"follow","max-snippet":"max-snippet:-1","max-image-preview":"max-image-preview:large","max-video-preview":"max-video-preview:-1"},"canonical":"https:\/\/www.eldiario.net\/portal\/2026\/09\/02\/renta-de-3-300-bs-para-todos\/","og_locale":"es_ES","og_type":"article","og_title":"Renta de 3.300 Bs para todos - El Diario - Bolivia","og_description":"Un revolucionario proyecto de Nueva Ley de Pensiones fue presentado por el experto en seguridad social, Lic. Jaime Pe\u00f1a Cano y su equipo multidisciplinario, en busca de que todos los jubilados tengan una vivencia digna. Que puedan afrontar el futuro con la seguridad de que sus necesidades b\u00e1sicas podr\u00e1n ser cubiertas con una renta de [&hellip;]","og_url":"https:\/\/www.eldiario.net\/portal\/2026\/09\/02\/renta-de-3-300-bs-para-todos\/","og_site_name":"El Diario - Bolivia","article_publisher":"https:\/\/www.facebook.com\/eldiario.bolivia\/","article_published_time":"2026-09-02T10:52:15+00:00","og_image":[{"width":1200,"height":628,"url":"https:\/\/www.eldiario.net\/portal\/wp-content\/uploads\/2023\/06\/David-Foronda-H.jpg","type":"image\/jpeg"}],"author":"Jeanette","twitter_card":"summary_large_image","twitter_creator":"@eldiario_net","twitter_site":"@eldiario_net","twitter_misc":{"Escrito por":"Jeanette","Tiempo de lectura":"3 minutos"},"schema":{"@context":"https:\/\/schema.org","@graph":[{"@type":"Article","@id":"https:\/\/www.eldiario.net\/portal\/2026\/09\/02\/renta-de-3-300-bs-para-todos\/#article","isPartOf":{"@id":"https:\/\/www.eldiario.net\/portal\/2026\/09\/02\/renta-de-3-300-bs-para-todos\/"},"author":{"name":"Jeanette","@id":"https:\/\/www.eldiario.net\/portal\/#\/schema\/person\/f46445640444750d7d753ccd04ae01b7"},"headline":"Renta de 3.300 Bs para todos","datePublished":"2026-09-02T10:52:15+00:00","mainEntityOfPage":{"@id":"https:\/\/www.eldiario.net\/portal\/2026\/09\/02\/renta-de-3-300-bs-para-todos\/"},"wordCount":531,"publisher":{"@id":"https:\/\/www.eldiario.net\/portal\/#organization"},"image":{"@id":"https:\/\/www.eldiario.net\/portal\/2026\/09\/02\/renta-de-3-300-bs-para-todos\/#primaryimage"},"thumbnailUrl":"https:\/\/www.eldiario.net\/portal\/wp-content\/uploads\/2023\/06\/David-Foronda-H.jpg","articleSection":["Opini\u00f3n"],"inLanguage":"es"},{"@type":"WebPage","@id":"https:\/\/www.eldiario.net\/portal\/2026\/09\/02\/renta-de-3-300-bs-para-todos\/","url":"https:\/\/www.eldiario.net\/portal\/2026\/09\/02\/renta-de-3-300-bs-para-todos\/","name":"Renta de 3.300 Bs para todos - El Diario - Bolivia","isPartOf":{"@id":"https:\/\/www.eldiario.net\/portal\/#website"},"primaryImageOfPage":{"@id":"https:\/\/www.eldiario.net\/portal\/2026\/09\/02\/renta-de-3-300-bs-para-todos\/#primaryimage"},"image":{"@id":"https:\/\/www.eldiario.net\/portal\/2026\/09\/02\/renta-de-3-300-bs-para-todos\/#primaryimage"},"thumbnailUrl":"https:\/\/www.eldiario.net\/portal\/wp-content\/uploads\/2023\/06\/David-Foronda-H.jpg","datePublished":"2026-09-02T10:52:15+00:00","breadcrumb":{"@id":"https:\/\/www.eldiario.net\/portal\/2026\/09\/02\/renta-de-3-300-bs-para-todos\/#breadcrumb"},"inLanguage":"es","potentialAction":[{"@type":"ReadAction","target":["https:\/\/www.eldiario.net\/portal\/2026\/09\/02\/renta-de-3-300-bs-para-todos\/"]}]},{"@type":"ImageObject","inLanguage":"es","@id":"https:\/\/www.eldiario.net\/portal\/2026\/09\/02\/renta-de-3-300-bs-para-todos\/#primaryimage","url":"https:\/\/www.eldiario.net\/portal\/wp-content\/uploads\/2023\/06\/David-Foronda-H.jpg","contentUrl":"https:\/\/www.eldiario.net\/portal\/wp-content\/uploads\/2023\/06\/David-Foronda-H.jpg","width":1200,"height":628,"caption":"David Foronda H."},{"@type":"BreadcrumbList","@id":"https:\/\/www.eldiario.net\/portal\/2026\/09\/02\/renta-de-3-300-bs-para-todos\/#breadcrumb","itemListElement":[{"@type":"ListItem","position":1,"name":"Portada","item":"https:\/\/www.eldiario.net\/portal\/"},{"@type":"ListItem","position":2,"name":"Renta de 3.300 Bs para todos"}]},{"@type":"WebSite","@id":"https:\/\/www.eldiario.net\/portal\/#website","url":"https:\/\/www.eldiario.net\/portal\/","name":"El Diario - Decano de la prensa nacional","description":"El Diario - Decano de la prensa nacional","publisher":{"@id":"https:\/\/www.eldiario.net\/portal\/#organization"},"potentialAction":[{"@type":"SearchAction","target":{"@type":"EntryPoint","urlTemplate":"https:\/\/www.eldiario.net\/portal\/?s={search_term_string}"},"query-input":{"@type":"PropertyValueSpecification","valueRequired":true,"valueName":"search_term_string"}}],"inLanguage":"es"},{"@type":"Organization","@id":"https:\/\/www.eldiario.net\/portal\/#organization","name":"El Diario - Decano de la prensa nacional","url":"https:\/\/www.eldiario.net\/portal\/","logo":{"@type":"ImageObject","inLanguage":"es","@id":"https:\/\/www.eldiario.net\/portal\/#\/schema\/logo\/image\/","url":"https:\/\/www.eldiario.net\/portal\/wp-content\/uploads\/2023\/07\/logo_ED.jpg","contentUrl":"https:\/\/www.eldiario.net\/portal\/wp-content\/uploads\/2023\/07\/logo_ED.jpg","width":272,"height":52,"caption":"El Diario - Decano de la prensa nacional"},"image":{"@id":"https:\/\/www.eldiario.net\/portal\/#\/schema\/logo\/image\/"},"sameAs":["https:\/\/www.facebook.com\/eldiario.bolivia\/","https:\/\/x.com\/eldiario_net"]},{"@type":"Person","@id":"https:\/\/www.eldiario.net\/portal\/#\/schema\/person\/f46445640444750d7d753ccd04ae01b7","name":"Jeanette","image":{"@type":"ImageObject","inLanguage":"es","@id":"https:\/\/secure.gravatar.com\/avatar\/3ea2118a5f7dad2b7138b1187a6b7ee55f160b9968b66013c3a3ef39dd7e5798?s=96&d=mm&r=g","url":"https:\/\/secure.gravatar.com\/avatar\/3ea2118a5f7dad2b7138b1187a6b7ee55f160b9968b66013c3a3ef39dd7e5798?s=96&d=mm&r=g","contentUrl":"https:\/\/secure.gravatar.com\/avatar\/3ea2118a5f7dad2b7138b1187a6b7ee55f160b9968b66013c3a3ef39dd7e5798?s=96&d=mm&r=g","caption":"Jeanette"},"sameAs":["https:\/\/www.eldiario.net\/portal"],"url":"https:\/\/www.eldiario.net\/portal\/author\/jeanette\/"}]}},"_links":{"self":[{"href":"https:\/\/www.eldiario.net\/portal\/wp-json\/wp\/v2\/posts\/426996","targetHints":{"allow":["GET"]}}],"collection":[{"href":"https:\/\/www.eldiario.net\/portal\/wp-json\/wp\/v2\/posts"}],"about":[{"href":"https:\/\/www.eldiario.net\/portal\/wp-json\/wp\/v2\/types\/post"}],"author":[{"embeddable":true,"href":"https:\/\/www.eldiario.net\/portal\/wp-json\/wp\/v2\/users\/1"}],"replies":[{"embeddable":true,"href":"https:\/\/www.eldiario.net\/portal\/wp-json\/wp\/v2\/comments?post=426996"}],"version-history":[{"count":1,"href":"https:\/\/www.eldiario.net\/portal\/wp-json\/wp\/v2\/posts\/426996\/revisions"}],"predecessor-version":[{"id":426997,"href":"https:\/\/www.eldiario.net\/portal\/wp-json\/wp\/v2\/posts\/426996\/revisions\/426997"}],"wp:featuredmedia":[{"embeddable":true,"href":"https:\/\/www.eldiario.net\/portal\/wp-json\/wp\/v2\/media\/158961"}],"wp:attachment":[{"href":"https:\/\/www.eldiario.net\/portal\/wp-json\/wp\/v2\/media?parent=426996"}],"wp:term":[{"taxonomy":"category","embeddable":true,"href":"https:\/\/www.eldiario.net\/portal\/wp-json\/wp\/v2\/categories?post=426996"},{"taxonomy":"post_tag","embeddable":true,"href":"https:\/\/www.eldiario.net\/portal\/wp-json\/wp\/v2\/tags?post=426996"}],"curies":[{"name":"wp","href":"https:\/\/api.w.org\/{rel}","templated":true}]}}