{"id":426989,"date":"2026-09-02T06:50:26","date_gmt":"2026-09-02T10:50:26","guid":{"rendered":"https:\/\/www.eldiario.net\/portal\/?p=426989"},"modified":"2026-09-02T06:50:26","modified_gmt":"2026-09-02T10:50:26","slug":"el-timon-a-la-deriva-y-la-economia-del-parche","status":"publish","type":"post","link":"https:\/\/www.eldiario.net\/portal\/2026\/09\/02\/el-timon-a-la-deriva-y-la-economia-del-parche\/","title":{"rendered":"El tim\u00f3n a la deriva y la econom\u00eda del parche"},"content":{"rendered":"<p><em>Bolivia transita por una preocupante falta de direcci\u00f3n econ\u00f3mica y pol\u00edtica. El Gobierno actual parece haber renunciado a la planificaci\u00f3n estrat\u00e9gica, navegando a la deriva institucional mientras los problemas estructurales asfixian a la poblaci\u00f3n. En lugar de ofrecer certidumbre, divisas o soluciones reales a la crisis sist\u00e9mica, el Ejecutivo se dedica a improvisar paliativos de corto plazo que solo demuestran la ausencia absoluta de un plan de vuelo serio para el pa\u00eds.<\/em><br \/>\n<em>Hasta ahora no se ha presentado un plan pa\u00eds o cosa parecida y el gabinete ministerial parece endeble y gelatinoso. Los ministros no han mostrado capacidad pol\u00edtica ni habilidad de negociaci\u00f3n. Adem\u00e1s, muchos de ellos brillan por su inoperancia o su irrelevancia, como el actual Ministro de Relaciones Exteriores, que tiene experiencia en derechos humanos, pero no en geopol\u00edtica, relaciones internacionales o diplomacia.<\/em><br \/>\n<em>El ejemplo m\u00e1s flagrante y desconcertante de la improvisaci\u00f3n con la que se est\u00e1 manejando el pa\u00eds ocurri\u00f3 recientemente, cuando el mandatario exhort\u00f3 p\u00fablicamente a los alcaldes del pa\u00eds a evaluar una r\u00e1pida nacionalizaci\u00f3n o legalizaci\u00f3n de los veh\u00edculos indocumentados, popularmente conocidos como \u201cautos chutos\u201d. Bajo el endeble argumento de que esta medida \u201char\u00e1 entrar platita\u201d a las arcas municipales, se pretende maquillar la iliquidez estatal institucionalizando el contrabando. Resulta ins\u00f3lito y alarmante que la m\u00e1xima autoridad del Estado proponga la regularizaci\u00f3n del comercio ilegal como su gran estrategia para reactivar la econom\u00eda nacional.<\/em><br \/>\n<em>Esta propuesta no solo vulnera el Estado de derecho y premia la ilegalidad, sino que representa un atentado directo contra la golpeada matriz energ\u00e9tica del pa\u00eds. Introducir formalmente cientos de miles de veh\u00edculos \u201cchutos\u201d al parque automotor legal generar\u00e1 un desabastecimiento de combustible a\u00fan m\u00e1s severo. Si el Estado hoy es incapaz de garantizar di\u00e9sel y gasolina para los sectores productivos y el transporte organizado, inyectar una masa masiva de nuevos consumidores de carburantes subvencionados terminar\u00e1 por reventar los surtidores de todo el territorio nacional.<\/em><br \/>\n<em>Gobernar un pa\u00eds demanda responsabilidad, visi\u00f3n de futuro y respeto a la ley. Pretender salvar las finanzas p\u00fablicas legalizando el contrabando es la confesi\u00f3n abierta de un Gobierno agotado, carente de ideas y sobrepasado por la realidad. Bolivia no necesita complicidad con lo informal, sino un rumbo econ\u00f3mico claro que devuelva la estabilidad a los hogares bolivianos. <\/em><br \/>\n<em>De no atender los principales problemas del pa\u00eds, y adem\u00e1s de manera muy seria y estructural, el gobierno podr\u00eda enfrentar nuevas manifestaciones y marchas en los siguientes d\u00edas o semanas; los llamados \u201csectores populares\u201d, muchos de ellos dominados por la COB o corporaciones afines al MAS, est\u00e1n frot\u00e1ndose las manos para comenzar nuevamente a bloquear el ya flagelado pa\u00eds. Los peor de ese eventual escenario es que el principal afectado siempre es el boliviano que trabaja, es pac\u00edfico y tributa.<\/em><\/p>\n","protected":false},"excerpt":{"rendered":"<p>Bolivia transita por una preocupante falta de direcci\u00f3n econ\u00f3mica y pol\u00edtica. El Gobierno actual parece haber renunciado a la planificaci\u00f3n estrat\u00e9gica, navegando a la deriva institucional mientras los problemas estructurales asfixian a la poblaci\u00f3n. En lugar de ofrecer certidumbre, divisas o soluciones reales a la crisis sist\u00e9mica, el Ejecutivo se dedica a improvisar paliativos de [&hellip;]<\/p>\n","protected":false},"author":1,"featured_media":194776,"comment_status":"closed","ping_status":"open","sticky":false,"template":"","format":"standard","meta":{"_acf_changed":false,"footnotes":""},"categories":[4],"tags":[],"class_list":["post-426989","post","type-post","status-publish","format-standard","has-post-thumbnail","category-editorial"],"acf":{"antetitulo":""},"yoast_head":"<!-- This site is optimized with the Yoast SEO plugin v28.4 - https:\/\/yoast.com\/product\/yoast-seo-wordpress\/ -->\n<title>El tim\u00f3n a la deriva y la econom\u00eda del parche - El Diario - Bolivia<\/title>\n<meta name=\"robots\" content=\"index, follow, max-snippet:-1, max-image-preview:large, max-video-preview:-1\" \/>\n<link rel=\"canonical\" href=\"https:\/\/www.eldiario.net\/portal\/2026\/09\/02\/el-timon-a-la-deriva-y-la-economia-del-parche\/\" \/>\n<meta property=\"og:locale\" content=\"es_ES\" \/>\n<meta property=\"og:type\" content=\"article\" \/>\n<meta property=\"og:title\" content=\"El tim\u00f3n a la deriva y la econom\u00eda del parche - El Diario - Bolivia\" \/>\n<meta property=\"og:description\" content=\"Bolivia transita por una preocupante falta de direcci\u00f3n econ\u00f3mica y pol\u00edtica. El Gobierno actual parece haber renunciado a la planificaci\u00f3n estrat\u00e9gica, navegando a la deriva institucional mientras los problemas estructurales asfixian a la poblaci\u00f3n. En lugar de ofrecer certidumbre, divisas o soluciones reales a la crisis sist\u00e9mica, el Ejecutivo se dedica a improvisar paliativos de [&hellip;]\" \/>\n<meta property=\"og:url\" content=\"https:\/\/www.eldiario.net\/portal\/2026\/09\/02\/el-timon-a-la-deriva-y-la-economia-del-parche\/\" \/>\n<meta property=\"og:site_name\" content=\"El Diario - Bolivia\" \/>\n<meta property=\"article:publisher\" content=\"https:\/\/www.facebook.com\/eldiario.bolivia\/\" \/>\n<meta property=\"article:published_time\" content=\"2026-09-02T10:50:26+00:00\" \/>\n<meta property=\"og:image\" content=\"https:\/\/www.eldiario.net\/portal\/wp-content\/uploads\/2023\/12\/Editorial.jpg\" \/>\n\t<meta property=\"og:image:width\" content=\"800\" \/>\n\t<meta property=\"og:image:height\" content=\"500\" \/>\n\t<meta property=\"og:image:type\" content=\"image\/jpeg\" \/>\n<meta name=\"author\" content=\"Jeanette\" \/>\n<meta name=\"twitter:card\" content=\"summary_large_image\" \/>\n<meta name=\"twitter:creator\" content=\"@eldiario_net\" \/>\n<meta name=\"twitter:site\" content=\"@eldiario_net\" \/>\n<meta name=\"twitter:label1\" content=\"Escrito por\" \/>\n\t<meta name=\"twitter:data1\" content=\"Jeanette\" \/>\n\t<meta name=\"twitter:label2\" content=\"Tiempo de lectura\" \/>\n\t<meta name=\"twitter:data2\" content=\"3 minutos\" \/>\n<script type=\"application\/ld+json\" class=\"yoast-schema-graph\">{\"@context\":\"https:\\\/\\\/schema.org\",\"@graph\":[{\"@type\":\"Article\",\"@id\":\"https:\\\/\\\/www.eldiario.net\\\/portal\\\/2026\\\/09\\\/02\\\/el-timon-a-la-deriva-y-la-economia-del-parche\\\/#article\",\"isPartOf\":{\"@id\":\"https:\\\/\\\/www.eldiario.net\\\/portal\\\/2026\\\/09\\\/02\\\/el-timon-a-la-deriva-y-la-economia-del-parche\\\/\"},\"author\":{\"name\":\"Jeanette\",\"@id\":\"https:\\\/\\\/www.eldiario.net\\\/portal\\\/#\\\/schema\\\/person\\\/f46445640444750d7d753ccd04ae01b7\"},\"headline\":\"El tim\u00f3n a la deriva y la econom\u00eda del parche\",\"datePublished\":\"2026-09-02T10:50:26+00:00\",\"mainEntityOfPage\":{\"@id\":\"https:\\\/\\\/www.eldiario.net\\\/portal\\\/2026\\\/09\\\/02\\\/el-timon-a-la-deriva-y-la-economia-del-parche\\\/\"},\"wordCount\":508,\"publisher\":{\"@id\":\"https:\\\/\\\/www.eldiario.net\\\/portal\\\/#organization\"},\"image\":{\"@id\":\"https:\\\/\\\/www.eldiario.net\\\/portal\\\/2026\\\/09\\\/02\\\/el-timon-a-la-deriva-y-la-economia-del-parche\\\/#primaryimage\"},\"thumbnailUrl\":\"https:\\\/\\\/www.eldiario.net\\\/portal\\\/wp-content\\\/uploads\\\/2023\\\/12\\\/Editorial.jpg\",\"articleSection\":[\"Editorial\"],\"inLanguage\":\"es\"},{\"@type\":\"WebPage\",\"@id\":\"https:\\\/\\\/www.eldiario.net\\\/portal\\\/2026\\\/09\\\/02\\\/el-timon-a-la-deriva-y-la-economia-del-parche\\\/\",\"url\":\"https:\\\/\\\/www.eldiario.net\\\/portal\\\/2026\\\/09\\\/02\\\/el-timon-a-la-deriva-y-la-economia-del-parche\\\/\",\"name\":\"El tim\u00f3n a la deriva y la econom\u00eda del parche - El Diario - Bolivia\",\"isPartOf\":{\"@id\":\"https:\\\/\\\/www.eldiario.net\\\/portal\\\/#website\"},\"primaryImageOfPage\":{\"@id\":\"https:\\\/\\\/www.eldiario.net\\\/portal\\\/2026\\\/09\\\/02\\\/el-timon-a-la-deriva-y-la-economia-del-parche\\\/#primaryimage\"},\"image\":{\"@id\":\"https:\\\/\\\/www.eldiario.net\\\/portal\\\/2026\\\/09\\\/02\\\/el-timon-a-la-deriva-y-la-economia-del-parche\\\/#primaryimage\"},\"thumbnailUrl\":\"https:\\\/\\\/www.eldiario.net\\\/portal\\\/wp-content\\\/uploads\\\/2023\\\/12\\\/Editorial.jpg\",\"datePublished\":\"2026-09-02T10:50:26+00:00\",\"breadcrumb\":{\"@id\":\"https:\\\/\\\/www.eldiario.net\\\/portal\\\/2026\\\/09\\\/02\\\/el-timon-a-la-deriva-y-la-economia-del-parche\\\/#breadcrumb\"},\"inLanguage\":\"es\",\"potentialAction\":[{\"@type\":\"ReadAction\",\"target\":[\"https:\\\/\\\/www.eldiario.net\\\/portal\\\/2026\\\/09\\\/02\\\/el-timon-a-la-deriva-y-la-economia-del-parche\\\/\"]}]},{\"@type\":\"ImageObject\",\"inLanguage\":\"es\",\"@id\":\"https:\\\/\\\/www.eldiario.net\\\/portal\\\/2026\\\/09\\\/02\\\/el-timon-a-la-deriva-y-la-economia-del-parche\\\/#primaryimage\",\"url\":\"https:\\\/\\\/www.eldiario.net\\\/portal\\\/wp-content\\\/uploads\\\/2023\\\/12\\\/Editorial.jpg\",\"contentUrl\":\"https:\\\/\\\/www.eldiario.net\\\/portal\\\/wp-content\\\/uploads\\\/2023\\\/12\\\/Editorial.jpg\",\"width\":800,\"height\":500},{\"@type\":\"BreadcrumbList\",\"@id\":\"https:\\\/\\\/www.eldiario.net\\\/portal\\\/2026\\\/09\\\/02\\\/el-timon-a-la-deriva-y-la-economia-del-parche\\\/#breadcrumb\",\"itemListElement\":[{\"@type\":\"ListItem\",\"position\":1,\"name\":\"Portada\",\"item\":\"https:\\\/\\\/www.eldiario.net\\\/portal\\\/\"},{\"@type\":\"ListItem\",\"position\":2,\"name\":\"El tim\u00f3n a la deriva y la econom\u00eda del parche\"}]},{\"@type\":\"WebSite\",\"@id\":\"https:\\\/\\\/www.eldiario.net\\\/portal\\\/#website\",\"url\":\"https:\\\/\\\/www.eldiario.net\\\/portal\\\/\",\"name\":\"El Diario - Decano de la prensa nacional\",\"description\":\"El Diario - Decano de la prensa nacional\",\"publisher\":{\"@id\":\"https:\\\/\\\/www.eldiario.net\\\/portal\\\/#organization\"},\"potentialAction\":[{\"@type\":\"SearchAction\",\"target\":{\"@type\":\"EntryPoint\",\"urlTemplate\":\"https:\\\/\\\/www.eldiario.net\\\/portal\\\/?s={search_term_string}\"},\"query-input\":{\"@type\":\"PropertyValueSpecification\",\"valueRequired\":true,\"valueName\":\"search_term_string\"}}],\"inLanguage\":\"es\"},{\"@type\":\"Organization\",\"@id\":\"https:\\\/\\\/www.eldiario.net\\\/portal\\\/#organization\",\"name\":\"El Diario - Decano de la prensa nacional\",\"url\":\"https:\\\/\\\/www.eldiario.net\\\/portal\\\/\",\"logo\":{\"@type\":\"ImageObject\",\"inLanguage\":\"es\",\"@id\":\"https:\\\/\\\/www.eldiario.net\\\/portal\\\/#\\\/schema\\\/logo\\\/image\\\/\",\"url\":\"https:\\\/\\\/www.eldiario.net\\\/portal\\\/wp-content\\\/uploads\\\/2023\\\/07\\\/logo_ED.jpg\",\"contentUrl\":\"https:\\\/\\\/www.eldiario.net\\\/portal\\\/wp-content\\\/uploads\\\/2023\\\/07\\\/logo_ED.jpg\",\"width\":272,\"height\":52,\"caption\":\"El Diario - Decano de la prensa nacional\"},\"image\":{\"@id\":\"https:\\\/\\\/www.eldiario.net\\\/portal\\\/#\\\/schema\\\/logo\\\/image\\\/\"},\"sameAs\":[\"https:\\\/\\\/www.facebook.com\\\/eldiario.bolivia\\\/\",\"https:\\\/\\\/x.com\\\/eldiario_net\"]},{\"@type\":\"Person\",\"@id\":\"https:\\\/\\\/www.eldiario.net\\\/portal\\\/#\\\/schema\\\/person\\\/f46445640444750d7d753ccd04ae01b7\",\"name\":\"Jeanette\",\"image\":{\"@type\":\"ImageObject\",\"inLanguage\":\"es\",\"@id\":\"https:\\\/\\\/secure.gravatar.com\\\/avatar\\\/3ea2118a5f7dad2b7138b1187a6b7ee55f160b9968b66013c3a3ef39dd7e5798?s=96&d=mm&r=g\",\"url\":\"https:\\\/\\\/secure.gravatar.com\\\/avatar\\\/3ea2118a5f7dad2b7138b1187a6b7ee55f160b9968b66013c3a3ef39dd7e5798?s=96&d=mm&r=g\",\"contentUrl\":\"https:\\\/\\\/secure.gravatar.com\\\/avatar\\\/3ea2118a5f7dad2b7138b1187a6b7ee55f160b9968b66013c3a3ef39dd7e5798?s=96&d=mm&r=g\",\"caption\":\"Jeanette\"},\"sameAs\":[\"https:\\\/\\\/www.eldiario.net\\\/portal\"],\"url\":\"https:\\\/\\\/www.eldiario.net\\\/portal\\\/author\\\/jeanette\\\/\"}]}<\/script>\n<!-- \/ Yoast SEO plugin. -->","yoast_head_json":{"title":"El tim\u00f3n a la deriva y la econom\u00eda del parche - El Diario - Bolivia","robots":{"index":"index","follow":"follow","max-snippet":"max-snippet:-1","max-image-preview":"max-image-preview:large","max-video-preview":"max-video-preview:-1"},"canonical":"https:\/\/www.eldiario.net\/portal\/2026\/09\/02\/el-timon-a-la-deriva-y-la-economia-del-parche\/","og_locale":"es_ES","og_type":"article","og_title":"El tim\u00f3n a la deriva y la econom\u00eda del parche - El Diario - Bolivia","og_description":"Bolivia transita por una preocupante falta de direcci\u00f3n econ\u00f3mica y pol\u00edtica. El Gobierno actual parece haber renunciado a la planificaci\u00f3n estrat\u00e9gica, navegando a la deriva institucional mientras los problemas estructurales asfixian a la poblaci\u00f3n. En lugar de ofrecer certidumbre, divisas o soluciones reales a la crisis sist\u00e9mica, el Ejecutivo se dedica a improvisar paliativos de [&hellip;]","og_url":"https:\/\/www.eldiario.net\/portal\/2026\/09\/02\/el-timon-a-la-deriva-y-la-economia-del-parche\/","og_site_name":"El Diario - Bolivia","article_publisher":"https:\/\/www.facebook.com\/eldiario.bolivia\/","article_published_time":"2026-09-02T10:50:26+00:00","og_image":[{"width":800,"height":500,"url":"https:\/\/www.eldiario.net\/portal\/wp-content\/uploads\/2023\/12\/Editorial.jpg","type":"image\/jpeg"}],"author":"Jeanette","twitter_card":"summary_large_image","twitter_creator":"@eldiario_net","twitter_site":"@eldiario_net","twitter_misc":{"Escrito por":"Jeanette","Tiempo de lectura":"3 minutos"},"schema":{"@context":"https:\/\/schema.org","@graph":[{"@type":"Article","@id":"https:\/\/www.eldiario.net\/portal\/2026\/09\/02\/el-timon-a-la-deriva-y-la-economia-del-parche\/#article","isPartOf":{"@id":"https:\/\/www.eldiario.net\/portal\/2026\/09\/02\/el-timon-a-la-deriva-y-la-economia-del-parche\/"},"author":{"name":"Jeanette","@id":"https:\/\/www.eldiario.net\/portal\/#\/schema\/person\/f46445640444750d7d753ccd04ae01b7"},"headline":"El tim\u00f3n a la deriva y la econom\u00eda del parche","datePublished":"2026-09-02T10:50:26+00:00","mainEntityOfPage":{"@id":"https:\/\/www.eldiario.net\/portal\/2026\/09\/02\/el-timon-a-la-deriva-y-la-economia-del-parche\/"},"wordCount":508,"publisher":{"@id":"https:\/\/www.eldiario.net\/portal\/#organization"},"image":{"@id":"https:\/\/www.eldiario.net\/portal\/2026\/09\/02\/el-timon-a-la-deriva-y-la-economia-del-parche\/#primaryimage"},"thumbnailUrl":"https:\/\/www.eldiario.net\/portal\/wp-content\/uploads\/2023\/12\/Editorial.jpg","articleSection":["Editorial"],"inLanguage":"es"},{"@type":"WebPage","@id":"https:\/\/www.eldiario.net\/portal\/2026\/09\/02\/el-timon-a-la-deriva-y-la-economia-del-parche\/","url":"https:\/\/www.eldiario.net\/portal\/2026\/09\/02\/el-timon-a-la-deriva-y-la-economia-del-parche\/","name":"El tim\u00f3n a la deriva y la econom\u00eda del parche - El Diario - Bolivia","isPartOf":{"@id":"https:\/\/www.eldiario.net\/portal\/#website"},"primaryImageOfPage":{"@id":"https:\/\/www.eldiario.net\/portal\/2026\/09\/02\/el-timon-a-la-deriva-y-la-economia-del-parche\/#primaryimage"},"image":{"@id":"https:\/\/www.eldiario.net\/portal\/2026\/09\/02\/el-timon-a-la-deriva-y-la-economia-del-parche\/#primaryimage"},"thumbnailUrl":"https:\/\/www.eldiario.net\/portal\/wp-content\/uploads\/2023\/12\/Editorial.jpg","datePublished":"2026-09-02T10:50:26+00:00","breadcrumb":{"@id":"https:\/\/www.eldiario.net\/portal\/2026\/09\/02\/el-timon-a-la-deriva-y-la-economia-del-parche\/#breadcrumb"},"inLanguage":"es","potentialAction":[{"@type":"ReadAction","target":["https:\/\/www.eldiario.net\/portal\/2026\/09\/02\/el-timon-a-la-deriva-y-la-economia-del-parche\/"]}]},{"@type":"ImageObject","inLanguage":"es","@id":"https:\/\/www.eldiario.net\/portal\/2026\/09\/02\/el-timon-a-la-deriva-y-la-economia-del-parche\/#primaryimage","url":"https:\/\/www.eldiario.net\/portal\/wp-content\/uploads\/2023\/12\/Editorial.jpg","contentUrl":"https:\/\/www.eldiario.net\/portal\/wp-content\/uploads\/2023\/12\/Editorial.jpg","width":800,"height":500},{"@type":"BreadcrumbList","@id":"https:\/\/www.eldiario.net\/portal\/2026\/09\/02\/el-timon-a-la-deriva-y-la-economia-del-parche\/#breadcrumb","itemListElement":[{"@type":"ListItem","position":1,"name":"Portada","item":"https:\/\/www.eldiario.net\/portal\/"},{"@type":"ListItem","position":2,"name":"El tim\u00f3n a la deriva y la econom\u00eda del parche"}]},{"@type":"WebSite","@id":"https:\/\/www.eldiario.net\/portal\/#website","url":"https:\/\/www.eldiario.net\/portal\/","name":"El Diario - Decano de la prensa nacional","description":"El Diario - Decano de la prensa nacional","publisher":{"@id":"https:\/\/www.eldiario.net\/portal\/#organization"},"potentialAction":[{"@type":"SearchAction","target":{"@type":"EntryPoint","urlTemplate":"https:\/\/www.eldiario.net\/portal\/?s={search_term_string}"},"query-input":{"@type":"PropertyValueSpecification","valueRequired":true,"valueName":"search_term_string"}}],"inLanguage":"es"},{"@type":"Organization","@id":"https:\/\/www.eldiario.net\/portal\/#organization","name":"El Diario - Decano de la prensa nacional","url":"https:\/\/www.eldiario.net\/portal\/","logo":{"@type":"ImageObject","inLanguage":"es","@id":"https:\/\/www.eldiario.net\/portal\/#\/schema\/logo\/image\/","url":"https:\/\/www.eldiario.net\/portal\/wp-content\/uploads\/2023\/07\/logo_ED.jpg","contentUrl":"https:\/\/www.eldiario.net\/portal\/wp-content\/uploads\/2023\/07\/logo_ED.jpg","width":272,"height":52,"caption":"El Diario - Decano de la prensa nacional"},"image":{"@id":"https:\/\/www.eldiario.net\/portal\/#\/schema\/logo\/image\/"},"sameAs":["https:\/\/www.facebook.com\/eldiario.bolivia\/","https:\/\/x.com\/eldiario_net"]},{"@type":"Person","@id":"https:\/\/www.eldiario.net\/portal\/#\/schema\/person\/f46445640444750d7d753ccd04ae01b7","name":"Jeanette","image":{"@type":"ImageObject","inLanguage":"es","@id":"https:\/\/secure.gravatar.com\/avatar\/3ea2118a5f7dad2b7138b1187a6b7ee55f160b9968b66013c3a3ef39dd7e5798?s=96&d=mm&r=g","url":"https:\/\/secure.gravatar.com\/avatar\/3ea2118a5f7dad2b7138b1187a6b7ee55f160b9968b66013c3a3ef39dd7e5798?s=96&d=mm&r=g","contentUrl":"https:\/\/secure.gravatar.com\/avatar\/3ea2118a5f7dad2b7138b1187a6b7ee55f160b9968b66013c3a3ef39dd7e5798?s=96&d=mm&r=g","caption":"Jeanette"},"sameAs":["https:\/\/www.eldiario.net\/portal"],"url":"https:\/\/www.eldiario.net\/portal\/author\/jeanette\/"}]}},"_links":{"self":[{"href":"https:\/\/www.eldiario.net\/portal\/wp-json\/wp\/v2\/posts\/426989","targetHints":{"allow":["GET"]}}],"collection":[{"href":"https:\/\/www.eldiario.net\/portal\/wp-json\/wp\/v2\/posts"}],"about":[{"href":"https:\/\/www.eldiario.net\/portal\/wp-json\/wp\/v2\/types\/post"}],"author":[{"embeddable":true,"href":"https:\/\/www.eldiario.net\/portal\/wp-json\/wp\/v2\/users\/1"}],"replies":[{"embeddable":true,"href":"https:\/\/www.eldiario.net\/portal\/wp-json\/wp\/v2\/comments?post=426989"}],"version-history":[{"count":1,"href":"https:\/\/www.eldiario.net\/portal\/wp-json\/wp\/v2\/posts\/426989\/revisions"}],"predecessor-version":[{"id":426990,"href":"https:\/\/www.eldiario.net\/portal\/wp-json\/wp\/v2\/posts\/426989\/revisions\/426990"}],"wp:featuredmedia":[{"embeddable":true,"href":"https:\/\/www.eldiario.net\/portal\/wp-json\/wp\/v2\/media\/194776"}],"wp:attachment":[{"href":"https:\/\/www.eldiario.net\/portal\/wp-json\/wp\/v2\/media?parent=426989"}],"wp:term":[{"taxonomy":"category","embeddable":true,"href":"https:\/\/www.eldiario.net\/portal\/wp-json\/wp\/v2\/categories?post=426989"},{"taxonomy":"post_tag","embeddable":true,"href":"https:\/\/www.eldiario.net\/portal\/wp-json\/wp\/v2\/tags?post=426989"}],"curies":[{"name":"wp","href":"https:\/\/api.w.org\/{rel}","templated":true}]}}