{"id":426987,"date":"2026-09-02T06:49:10","date_gmt":"2026-09-02T10:49:10","guid":{"rendered":"https:\/\/www.eldiario.net\/portal\/?p=426987"},"modified":"2026-09-02T06:49:10","modified_gmt":"2026-09-02T10:49:10","slug":"horoscopo-wm-832","status":"publish","type":"post","link":"https:\/\/www.eldiario.net\/portal\/2026\/09\/02\/horoscopo-wm-832\/","title":{"rendered":"Hor\u00f3scopo WM"},"content":{"rendered":"<p>A nuestros lectores: Betty B. Mercado, sobrina y colaboradora del fallecido astr\u00f3logo Walter Mercado, contin\u00faa su legado escribiendo el hor\u00f3scopo del d\u00eda.<br \/>\nAries\u200b<br \/>\n(20 de marzo &#8211; 18 de abril)<br \/>\nCambios positivos te arropan. Atrasos y obst\u00e1culos relacionados con tu mundo profesional acaban, se desvanecen. Ir\u00e1s ahora por caminos seguros, limpios de toda piedra u obst\u00e1culo. Tendr\u00e1s \u00e9xito en lo que est\u00e9 relacionado con el extranjero, as\u00ed como tambi\u00e9n experimentar\u00e1s una gran paz dentro de tu hogar. N\u00fameros de suerte: 16, 20, 22.<br \/>\nTauro\u200b<br \/>\n(19 de abril &#8211; 19 de mayo)<br \/>\nAsumir\u00e1s el mando tanto en tu trabajo como en tu hogar. Ser\u00e1s ahora m\u00e1s selectivo con tus amistades y no le confiar\u00e1s tus intimidades o asuntos personales a nadie. Hoy estar\u00e1s saturado de trabajo, pero tus energ\u00edas no te fallar\u00e1n para que puedas cumplir exitosamente con cualquier tarea, no importa lo dif\u00edcil que esta se presente. N\u00fameros de suerte: 26, 10, 4.<br \/>\nG\u00e9minis\u200b<br \/>\n(20 de mayo &#8211; 19 de junio)<br \/>\nDeja a un lado los sue\u00f1os y las fantas\u00edas. Se impone ahora en tu vida buscar lo real y lo aut\u00e9ntico que es lo que conviene. No te destruyas por quien no quiere ni desea cambiar. Tu vida \u00edntima se sacude para que analices la importancia que esta tiene. Cumple contigo primero para que luego puedas complacer a los dem\u00e1s. N\u00fameros de suerte: 7, 10, 15.<br \/>\nC\u00e1ncer\u200b<br \/>\n(20 de junio &#8211; 21 de julio)<br \/>\nNo sigas en nombre del amor a quien no te valoriza ni te corresponde como te mereces. Es momento de comenzar a realizar cambios en tu filosof\u00eda de vida. Sirve de ejemplo a los que est\u00e1n a tu lado y haz exactamente aquello que t\u00fa tanto predicas y aconsejas a otros. No seas sombra de nadie y brilla con luz propia. N\u00fameros de suerte: 41, 13, 2.<br \/>\nLeo\u200b<br \/>\n(22 de julio &#8211; 21 de agosto)<br \/>\nLo que siembres ahora te dar\u00e1 muy buenos frutos en el futuro as\u00ed que no desatiendas tu futuro econ\u00f3mico, vigila de cerca tus finanzas y acepta con una sonrisa en tus labios los retos o los cambios que se presente ante ti. Ad\u00e1ptate a lo que venga, leoncito(a). S\u00e1cale provecho a tu buen sentido del humor y cultiva nuevas amistades. N\u00fameros de suerte: 15, 40, 21.<br \/>\nVirgo\u200b<br \/>\n(22 de agosto &#8211; 21 de sept.)<br \/>\nCombate esa tendencia a creer que todo lo puedes y todo lo sabes. Acaba con la fantas\u00eda y pl\u00e1ntate en la realidad del aqu\u00ed y el ahora. Las decisiones que tomes en el d\u00eda de hoy jugar\u00e1n un papel importante en tu vida. Basta ya de ser tan obstinado(a), Virgo. Lo que vayas a hacer hoy hazlo con el coraz\u00f3n y sin mayores apuros. N\u00fameros de suerte: 2, 19, 45.<br \/>\nLibra\u200b<br \/>\n(22 de sept. &#8211; 22 de oct.)<br \/>\nCuida de tu relaci\u00f3n sentimental, Libra. Las inseguridades que proyectas junto a los celos son la combinaci\u00f3n perfecta para destruir el amor. Pon mayor empe\u00f1o en despertar la pasi\u00f3n en la relaci\u00f3n. Es momento de enfrentar y buscar soluciones a los problemas que puedas tener con tu pareja. La buena comunicaci\u00f3n ser\u00e1 la que garantice la estabilidad. N\u00fameros de suerte: 19, 6, 31.<br \/>\nEscorpio\u200b<br \/>\n(23 de oct. &#8211; 20 de nov.)<br \/>\nLo ver\u00e1s todo de colores y canalizar\u00e1s tus inquietudes en nuevos proyectos, estudios o trabajo. No bajes la guardia pensando que algo no puede ser posible ya que si te lo propones todo es posible para ti. Haz espacio en tu coraz\u00f3n para una persona que muy pronto llegar\u00e1 a tu vida llen\u00e1ndote de nuevas emociones y esperanzas. N\u00fameros de suerte: 18, 34, 28.<br \/>\nSagitario\u200b<br \/>\n(21 de nov. &#8211; 20 de dic.)<br \/>\nCu\u00eddate de todo aquello que amenace tu vida. Ten mucho cuidado por d\u00f3nde andas y con qui\u00e9n andas. No te dejes manipular por la ambici\u00f3n de otras personas y presta mayor atenci\u00f3n a lo que t\u00fa piensas es lo correcto. No invites hoy al peligro tomando riesgos innecesarios en cuanto a tu seguridad personal se refiere. N\u00fameros de suerte: 33, 5, 11.<br \/>\nCapricornio\u200b<br \/>\n(21 de dic. &#8211; 18 de ene.)<br \/>\nToma la iniciativa en lo relacionado al dinero, negocios o nuevos proyectos. Tus facultades mentales unidas a tu fuerza espiritual te fortalecen y te llevan al \u00e9xito y la felicidad. Lo que sue\u00f1es ahora ser\u00e1 un vaticinio para ti, Capricornio. Mu\u00e9strate menos exigente y m\u00e1s cooperador con tu familia y tus buenas amistades. N\u00fameros de suerte: 28, 14, 3.<br \/>\nAcuario\u200b<br \/>\n(19 de ene. &#8211; 17 de feb.)<br \/>\nSales de lo perjudicial y de lo rutinario. Aprovecha toda oportunidad de trabajo que te ofrezcan (aunque sea a tiempo parcial) para dar un paso m\u00e1s hacia adelante, independizarte y lograr aquello que te fue negado. Dinero por medio de herencias o regalos llega a tus manos, aseg\u00farate de hacer buen uso de este. Poseer\u00e1s mayor vitalidad y mejor salud. N\u00fameros de suerte: 5, 21, 52.<br \/>\nPiscis\u200b<br \/>\n(18 de feb. &#8211; 19 de marzo)<br \/>\nLa confusi\u00f3n y la incertidumbre de d\u00edas pasados se alejan de ti. Pon en orden tu vida y emprende algo nuevo, bien sea un proyecto o esa idea que tienes en mente. Ret\u00edrate de todo lo que pueda causar tensi\u00f3n y la paz se har\u00e1 en tu vida. Aquellos que de alguna manera te hicieron da\u00f1o se acercan a ti para ahora pedirte perd\u00f3n. N\u00fameros de suerte: 45, 19, 6.<\/p>\n","protected":false},"excerpt":{"rendered":"<p>A nuestros lectores: Betty B. Mercado, sobrina y colaboradora del fallecido astr\u00f3logo Walter Mercado, contin\u00faa su legado escribiendo el hor\u00f3scopo del d\u00eda. Aries\u200b (20 de marzo &#8211; 18 de abril) Cambios positivos te arropan. Atrasos y obst\u00e1culos relacionados con tu mundo profesional acaban, se desvanecen. Ir\u00e1s ahora por caminos seguros, limpios de toda piedra u [&hellip;]<\/p>\n","protected":false},"author":1,"featured_media":172535,"comment_status":"closed","ping_status":"open","sticky":false,"template":"","format":"standard","meta":{"_acf_changed":false,"footnotes":""},"categories":[8],"tags":[],"class_list":["post-426987","post","type-post","status-publish","format-standard","has-post-thumbnail","category-cultural"],"acf":{"antetitulo":""},"yoast_head":"<!-- This site is optimized with the Yoast SEO plugin v28.4 - https:\/\/yoast.com\/product\/yoast-seo-wordpress\/ -->\n<title>Hor\u00f3scopo WM - El Diario - Bolivia<\/title>\n<meta name=\"robots\" content=\"index, follow, max-snippet:-1, max-image-preview:large, max-video-preview:-1\" \/>\n<link rel=\"canonical\" href=\"https:\/\/www.eldiario.net\/portal\/2026\/09\/02\/horoscopo-wm-832\/\" \/>\n<meta property=\"og:locale\" content=\"es_ES\" \/>\n<meta property=\"og:type\" content=\"article\" \/>\n<meta property=\"og:title\" content=\"Hor\u00f3scopo WM - El Diario - Bolivia\" \/>\n<meta property=\"og:description\" content=\"A nuestros lectores: Betty B. Mercado, sobrina y colaboradora del fallecido astr\u00f3logo Walter Mercado, contin\u00faa su legado escribiendo el hor\u00f3scopo del d\u00eda. Aries\u200b (20 de marzo &#8211; 18 de abril) Cambios positivos te arropan. Atrasos y obst\u00e1culos relacionados con tu mundo profesional acaban, se desvanecen. Ir\u00e1s ahora por caminos seguros, limpios de toda piedra u [&hellip;]\" \/>\n<meta property=\"og:url\" content=\"https:\/\/www.eldiario.net\/portal\/2026\/09\/02\/horoscopo-wm-832\/\" \/>\n<meta property=\"og:site_name\" content=\"El Diario - Bolivia\" \/>\n<meta property=\"article:publisher\" content=\"https:\/\/www.facebook.com\/eldiario.bolivia\/\" \/>\n<meta property=\"article:published_time\" content=\"2026-09-02T10:49:10+00:00\" \/>\n<meta property=\"og:image\" content=\"https:\/\/www.eldiario.net\/portal\/wp-content\/uploads\/2023\/08\/VIRGO.jpg\" \/>\n\t<meta property=\"og:image:width\" content=\"1200\" \/>\n\t<meta property=\"og:image:height\" content=\"675\" \/>\n\t<meta property=\"og:image:type\" content=\"image\/jpeg\" \/>\n<meta name=\"author\" content=\"Jeanette\" \/>\n<meta name=\"twitter:card\" content=\"summary_large_image\" \/>\n<meta name=\"twitter:creator\" content=\"@eldiario_net\" \/>\n<meta name=\"twitter:site\" content=\"@eldiario_net\" \/>\n<meta name=\"twitter:label1\" content=\"Escrito por\" \/>\n\t<meta name=\"twitter:data1\" content=\"Jeanette\" \/>\n\t<meta name=\"twitter:label2\" content=\"Tiempo de lectura\" \/>\n\t<meta name=\"twitter:data2\" content=\"5 minutos\" \/>\n<script type=\"application\/ld+json\" class=\"yoast-schema-graph\">{\"@context\":\"https:\\\/\\\/schema.org\",\"@graph\":[{\"@type\":\"Article\",\"@id\":\"https:\\\/\\\/www.eldiario.net\\\/portal\\\/2026\\\/09\\\/02\\\/horoscopo-wm-832\\\/#article\",\"isPartOf\":{\"@id\":\"https:\\\/\\\/www.eldiario.net\\\/portal\\\/2026\\\/09\\\/02\\\/horoscopo-wm-832\\\/\"},\"author\":{\"name\":\"Jeanette\",\"@id\":\"https:\\\/\\\/www.eldiario.net\\\/portal\\\/#\\\/schema\\\/person\\\/f46445640444750d7d753ccd04ae01b7\"},\"headline\":\"Hor\u00f3scopo WM\",\"datePublished\":\"2026-09-02T10:49:10+00:00\",\"mainEntityOfPage\":{\"@id\":\"https:\\\/\\\/www.eldiario.net\\\/portal\\\/2026\\\/09\\\/02\\\/horoscopo-wm-832\\\/\"},\"wordCount\":904,\"publisher\":{\"@id\":\"https:\\\/\\\/www.eldiario.net\\\/portal\\\/#organization\"},\"image\":{\"@id\":\"https:\\\/\\\/www.eldiario.net\\\/portal\\\/2026\\\/09\\\/02\\\/horoscopo-wm-832\\\/#primaryimage\"},\"thumbnailUrl\":\"https:\\\/\\\/www.eldiario.net\\\/portal\\\/wp-content\\\/uploads\\\/2023\\\/08\\\/VIRGO.jpg\",\"articleSection\":[\"Cultural\"],\"inLanguage\":\"es\"},{\"@type\":\"WebPage\",\"@id\":\"https:\\\/\\\/www.eldiario.net\\\/portal\\\/2026\\\/09\\\/02\\\/horoscopo-wm-832\\\/\",\"url\":\"https:\\\/\\\/www.eldiario.net\\\/portal\\\/2026\\\/09\\\/02\\\/horoscopo-wm-832\\\/\",\"name\":\"Hor\u00f3scopo WM - El Diario - Bolivia\",\"isPartOf\":{\"@id\":\"https:\\\/\\\/www.eldiario.net\\\/portal\\\/#website\"},\"primaryImageOfPage\":{\"@id\":\"https:\\\/\\\/www.eldiario.net\\\/portal\\\/2026\\\/09\\\/02\\\/horoscopo-wm-832\\\/#primaryimage\"},\"image\":{\"@id\":\"https:\\\/\\\/www.eldiario.net\\\/portal\\\/2026\\\/09\\\/02\\\/horoscopo-wm-832\\\/#primaryimage\"},\"thumbnailUrl\":\"https:\\\/\\\/www.eldiario.net\\\/portal\\\/wp-content\\\/uploads\\\/2023\\\/08\\\/VIRGO.jpg\",\"datePublished\":\"2026-09-02T10:49:10+00:00\",\"breadcrumb\":{\"@id\":\"https:\\\/\\\/www.eldiario.net\\\/portal\\\/2026\\\/09\\\/02\\\/horoscopo-wm-832\\\/#breadcrumb\"},\"inLanguage\":\"es\",\"potentialAction\":[{\"@type\":\"ReadAction\",\"target\":[\"https:\\\/\\\/www.eldiario.net\\\/portal\\\/2026\\\/09\\\/02\\\/horoscopo-wm-832\\\/\"]}]},{\"@type\":\"ImageObject\",\"inLanguage\":\"es\",\"@id\":\"https:\\\/\\\/www.eldiario.net\\\/portal\\\/2026\\\/09\\\/02\\\/horoscopo-wm-832\\\/#primaryimage\",\"url\":\"https:\\\/\\\/www.eldiario.net\\\/portal\\\/wp-content\\\/uploads\\\/2023\\\/08\\\/VIRGO.jpg\",\"contentUrl\":\"https:\\\/\\\/www.eldiario.net\\\/portal\\\/wp-content\\\/uploads\\\/2023\\\/08\\\/VIRGO.jpg\",\"width\":1200,\"height\":675},{\"@type\":\"BreadcrumbList\",\"@id\":\"https:\\\/\\\/www.eldiario.net\\\/portal\\\/2026\\\/09\\\/02\\\/horoscopo-wm-832\\\/#breadcrumb\",\"itemListElement\":[{\"@type\":\"ListItem\",\"position\":1,\"name\":\"Portada\",\"item\":\"https:\\\/\\\/www.eldiario.net\\\/portal\\\/\"},{\"@type\":\"ListItem\",\"position\":2,\"name\":\"Hor\u00f3scopo WM\"}]},{\"@type\":\"WebSite\",\"@id\":\"https:\\\/\\\/www.eldiario.net\\\/portal\\\/#website\",\"url\":\"https:\\\/\\\/www.eldiario.net\\\/portal\\\/\",\"name\":\"El Diario - Decano de la prensa nacional\",\"description\":\"El Diario - Decano de la prensa nacional\",\"publisher\":{\"@id\":\"https:\\\/\\\/www.eldiario.net\\\/portal\\\/#organization\"},\"potentialAction\":[{\"@type\":\"SearchAction\",\"target\":{\"@type\":\"EntryPoint\",\"urlTemplate\":\"https:\\\/\\\/www.eldiario.net\\\/portal\\\/?s={search_term_string}\"},\"query-input\":{\"@type\":\"PropertyValueSpecification\",\"valueRequired\":true,\"valueName\":\"search_term_string\"}}],\"inLanguage\":\"es\"},{\"@type\":\"Organization\",\"@id\":\"https:\\\/\\\/www.eldiario.net\\\/portal\\\/#organization\",\"name\":\"El Diario - Decano de la prensa nacional\",\"url\":\"https:\\\/\\\/www.eldiario.net\\\/portal\\\/\",\"logo\":{\"@type\":\"ImageObject\",\"inLanguage\":\"es\",\"@id\":\"https:\\\/\\\/www.eldiario.net\\\/portal\\\/#\\\/schema\\\/logo\\\/image\\\/\",\"url\":\"https:\\\/\\\/www.eldiario.net\\\/portal\\\/wp-content\\\/uploads\\\/2023\\\/07\\\/logo_ED.jpg\",\"contentUrl\":\"https:\\\/\\\/www.eldiario.net\\\/portal\\\/wp-content\\\/uploads\\\/2023\\\/07\\\/logo_ED.jpg\",\"width\":272,\"height\":52,\"caption\":\"El Diario - Decano de la prensa nacional\"},\"image\":{\"@id\":\"https:\\\/\\\/www.eldiario.net\\\/portal\\\/#\\\/schema\\\/logo\\\/image\\\/\"},\"sameAs\":[\"https:\\\/\\\/www.facebook.com\\\/eldiario.bolivia\\\/\",\"https:\\\/\\\/x.com\\\/eldiario_net\"]},{\"@type\":\"Person\",\"@id\":\"https:\\\/\\\/www.eldiario.net\\\/portal\\\/#\\\/schema\\\/person\\\/f46445640444750d7d753ccd04ae01b7\",\"name\":\"Jeanette\",\"image\":{\"@type\":\"ImageObject\",\"inLanguage\":\"es\",\"@id\":\"https:\\\/\\\/secure.gravatar.com\\\/avatar\\\/3ea2118a5f7dad2b7138b1187a6b7ee55f160b9968b66013c3a3ef39dd7e5798?s=96&d=mm&r=g\",\"url\":\"https:\\\/\\\/secure.gravatar.com\\\/avatar\\\/3ea2118a5f7dad2b7138b1187a6b7ee55f160b9968b66013c3a3ef39dd7e5798?s=96&d=mm&r=g\",\"contentUrl\":\"https:\\\/\\\/secure.gravatar.com\\\/avatar\\\/3ea2118a5f7dad2b7138b1187a6b7ee55f160b9968b66013c3a3ef39dd7e5798?s=96&d=mm&r=g\",\"caption\":\"Jeanette\"},\"sameAs\":[\"https:\\\/\\\/www.eldiario.net\\\/portal\"],\"url\":\"https:\\\/\\\/www.eldiario.net\\\/portal\\\/author\\\/jeanette\\\/\"}]}<\/script>\n<!-- \/ Yoast SEO plugin. -->","yoast_head_json":{"title":"Hor\u00f3scopo WM - El Diario - Bolivia","robots":{"index":"index","follow":"follow","max-snippet":"max-snippet:-1","max-image-preview":"max-image-preview:large","max-video-preview":"max-video-preview:-1"},"canonical":"https:\/\/www.eldiario.net\/portal\/2026\/09\/02\/horoscopo-wm-832\/","og_locale":"es_ES","og_type":"article","og_title":"Hor\u00f3scopo WM - El Diario - Bolivia","og_description":"A nuestros lectores: Betty B. Mercado, sobrina y colaboradora del fallecido astr\u00f3logo Walter Mercado, contin\u00faa su legado escribiendo el hor\u00f3scopo del d\u00eda. Aries\u200b (20 de marzo &#8211; 18 de abril) Cambios positivos te arropan. Atrasos y obst\u00e1culos relacionados con tu mundo profesional acaban, se desvanecen. Ir\u00e1s ahora por caminos seguros, limpios de toda piedra u [&hellip;]","og_url":"https:\/\/www.eldiario.net\/portal\/2026\/09\/02\/horoscopo-wm-832\/","og_site_name":"El Diario - Bolivia","article_publisher":"https:\/\/www.facebook.com\/eldiario.bolivia\/","article_published_time":"2026-09-02T10:49:10+00:00","og_image":[{"width":1200,"height":675,"url":"https:\/\/www.eldiario.net\/portal\/wp-content\/uploads\/2023\/08\/VIRGO.jpg","type":"image\/jpeg"}],"author":"Jeanette","twitter_card":"summary_large_image","twitter_creator":"@eldiario_net","twitter_site":"@eldiario_net","twitter_misc":{"Escrito por":"Jeanette","Tiempo de lectura":"5 minutos"},"schema":{"@context":"https:\/\/schema.org","@graph":[{"@type":"Article","@id":"https:\/\/www.eldiario.net\/portal\/2026\/09\/02\/horoscopo-wm-832\/#article","isPartOf":{"@id":"https:\/\/www.eldiario.net\/portal\/2026\/09\/02\/horoscopo-wm-832\/"},"author":{"name":"Jeanette","@id":"https:\/\/www.eldiario.net\/portal\/#\/schema\/person\/f46445640444750d7d753ccd04ae01b7"},"headline":"Hor\u00f3scopo WM","datePublished":"2026-09-02T10:49:10+00:00","mainEntityOfPage":{"@id":"https:\/\/www.eldiario.net\/portal\/2026\/09\/02\/horoscopo-wm-832\/"},"wordCount":904,"publisher":{"@id":"https:\/\/www.eldiario.net\/portal\/#organization"},"image":{"@id":"https:\/\/www.eldiario.net\/portal\/2026\/09\/02\/horoscopo-wm-832\/#primaryimage"},"thumbnailUrl":"https:\/\/www.eldiario.net\/portal\/wp-content\/uploads\/2023\/08\/VIRGO.jpg","articleSection":["Cultural"],"inLanguage":"es"},{"@type":"WebPage","@id":"https:\/\/www.eldiario.net\/portal\/2026\/09\/02\/horoscopo-wm-832\/","url":"https:\/\/www.eldiario.net\/portal\/2026\/09\/02\/horoscopo-wm-832\/","name":"Hor\u00f3scopo WM - El Diario - Bolivia","isPartOf":{"@id":"https:\/\/www.eldiario.net\/portal\/#website"},"primaryImageOfPage":{"@id":"https:\/\/www.eldiario.net\/portal\/2026\/09\/02\/horoscopo-wm-832\/#primaryimage"},"image":{"@id":"https:\/\/www.eldiario.net\/portal\/2026\/09\/02\/horoscopo-wm-832\/#primaryimage"},"thumbnailUrl":"https:\/\/www.eldiario.net\/portal\/wp-content\/uploads\/2023\/08\/VIRGO.jpg","datePublished":"2026-09-02T10:49:10+00:00","breadcrumb":{"@id":"https:\/\/www.eldiario.net\/portal\/2026\/09\/02\/horoscopo-wm-832\/#breadcrumb"},"inLanguage":"es","potentialAction":[{"@type":"ReadAction","target":["https:\/\/www.eldiario.net\/portal\/2026\/09\/02\/horoscopo-wm-832\/"]}]},{"@type":"ImageObject","inLanguage":"es","@id":"https:\/\/www.eldiario.net\/portal\/2026\/09\/02\/horoscopo-wm-832\/#primaryimage","url":"https:\/\/www.eldiario.net\/portal\/wp-content\/uploads\/2023\/08\/VIRGO.jpg","contentUrl":"https:\/\/www.eldiario.net\/portal\/wp-content\/uploads\/2023\/08\/VIRGO.jpg","width":1200,"height":675},{"@type":"BreadcrumbList","@id":"https:\/\/www.eldiario.net\/portal\/2026\/09\/02\/horoscopo-wm-832\/#breadcrumb","itemListElement":[{"@type":"ListItem","position":1,"name":"Portada","item":"https:\/\/www.eldiario.net\/portal\/"},{"@type":"ListItem","position":2,"name":"Hor\u00f3scopo WM"}]},{"@type":"WebSite","@id":"https:\/\/www.eldiario.net\/portal\/#website","url":"https:\/\/www.eldiario.net\/portal\/","name":"El Diario - Decano de la prensa nacional","description":"El Diario - Decano de la prensa nacional","publisher":{"@id":"https:\/\/www.eldiario.net\/portal\/#organization"},"potentialAction":[{"@type":"SearchAction","target":{"@type":"EntryPoint","urlTemplate":"https:\/\/www.eldiario.net\/portal\/?s={search_term_string}"},"query-input":{"@type":"PropertyValueSpecification","valueRequired":true,"valueName":"search_term_string"}}],"inLanguage":"es"},{"@type":"Organization","@id":"https:\/\/www.eldiario.net\/portal\/#organization","name":"El Diario - Decano de la prensa nacional","url":"https:\/\/www.eldiario.net\/portal\/","logo":{"@type":"ImageObject","inLanguage":"es","@id":"https:\/\/www.eldiario.net\/portal\/#\/schema\/logo\/image\/","url":"https:\/\/www.eldiario.net\/portal\/wp-content\/uploads\/2023\/07\/logo_ED.jpg","contentUrl":"https:\/\/www.eldiario.net\/portal\/wp-content\/uploads\/2023\/07\/logo_ED.jpg","width":272,"height":52,"caption":"El Diario - Decano de la prensa nacional"},"image":{"@id":"https:\/\/www.eldiario.net\/portal\/#\/schema\/logo\/image\/"},"sameAs":["https:\/\/www.facebook.com\/eldiario.bolivia\/","https:\/\/x.com\/eldiario_net"]},{"@type":"Person","@id":"https:\/\/www.eldiario.net\/portal\/#\/schema\/person\/f46445640444750d7d753ccd04ae01b7","name":"Jeanette","image":{"@type":"ImageObject","inLanguage":"es","@id":"https:\/\/secure.gravatar.com\/avatar\/3ea2118a5f7dad2b7138b1187a6b7ee55f160b9968b66013c3a3ef39dd7e5798?s=96&d=mm&r=g","url":"https:\/\/secure.gravatar.com\/avatar\/3ea2118a5f7dad2b7138b1187a6b7ee55f160b9968b66013c3a3ef39dd7e5798?s=96&d=mm&r=g","contentUrl":"https:\/\/secure.gravatar.com\/avatar\/3ea2118a5f7dad2b7138b1187a6b7ee55f160b9968b66013c3a3ef39dd7e5798?s=96&d=mm&r=g","caption":"Jeanette"},"sameAs":["https:\/\/www.eldiario.net\/portal"],"url":"https:\/\/www.eldiario.net\/portal\/author\/jeanette\/"}]}},"_links":{"self":[{"href":"https:\/\/www.eldiario.net\/portal\/wp-json\/wp\/v2\/posts\/426987","targetHints":{"allow":["GET"]}}],"collection":[{"href":"https:\/\/www.eldiario.net\/portal\/wp-json\/wp\/v2\/posts"}],"about":[{"href":"https:\/\/www.eldiario.net\/portal\/wp-json\/wp\/v2\/types\/post"}],"author":[{"embeddable":true,"href":"https:\/\/www.eldiario.net\/portal\/wp-json\/wp\/v2\/users\/1"}],"replies":[{"embeddable":true,"href":"https:\/\/www.eldiario.net\/portal\/wp-json\/wp\/v2\/comments?post=426987"}],"version-history":[{"count":1,"href":"https:\/\/www.eldiario.net\/portal\/wp-json\/wp\/v2\/posts\/426987\/revisions"}],"predecessor-version":[{"id":426988,"href":"https:\/\/www.eldiario.net\/portal\/wp-json\/wp\/v2\/posts\/426987\/revisions\/426988"}],"wp:featuredmedia":[{"embeddable":true,"href":"https:\/\/www.eldiario.net\/portal\/wp-json\/wp\/v2\/media\/172535"}],"wp:attachment":[{"href":"https:\/\/www.eldiario.net\/portal\/wp-json\/wp\/v2\/media?parent=426987"}],"wp:term":[{"taxonomy":"category","embeddable":true,"href":"https:\/\/www.eldiario.net\/portal\/wp-json\/wp\/v2\/categories?post=426987"},{"taxonomy":"post_tag","embeddable":true,"href":"https:\/\/www.eldiario.net\/portal\/wp-json\/wp\/v2\/tags?post=426987"}],"curies":[{"name":"wp","href":"https:\/\/api.w.org\/{rel}","templated":true}]}}