{"id":426984,"date":"2026-09-02T06:46:59","date_gmt":"2026-09-02T10:46:59","guid":{"rendered":"https:\/\/www.eldiario.net\/portal\/?p=426984"},"modified":"2026-09-02T06:46:59","modified_gmt":"2026-09-02T10:46:59","slug":"destacan-apertura-del-gobierno-para-dialogar-con-lideres-politicos-2","status":"publish","type":"post","link":"https:\/\/www.eldiario.net\/portal\/2026\/09\/02\/destacan-apertura-del-gobierno-para-dialogar-con-lideres-politicos-2\/","title":{"rendered":"Destacan apertura del Gobierno  para dialogar con l\u00edderes pol\u00edticos"},"content":{"rendered":"<p>Afirmando que es momento de concertar y promover actos enfocados en sacar al pa\u00eds de la crisis a trav\u00e9s de ajustes normativos, legisladores de distintas fuerzas pol\u00edticas destacaron los anuncios del presidente Rodrigo Paz respecto a acercarse a l\u00edderes pol\u00edticos para generar espacios de di\u00e1logo que garanticen la aprobaci\u00f3n de leyes econ\u00f3micas estructurales y reformas en el texto constitucional en instancias de la Asamblea Legislativa Plurinacional (ALP).<br \/>\nEn criterio del legislador representante del departamento de Tarija, Ruddy Pantale\u00f3n, la situaci\u00f3n del pa\u00eds obliga a que autoridades, parlamentarios y l\u00edderes pol\u00edticos extremen esfuerzos para alcanzar acuerdos que permitan superar una situaci\u00f3n econ\u00f3mica delicada a nivel nacional.<br \/>\n\u201cEs necesario poder encontrar consensos a nivel nacional con diferentes actores pol\u00edticos con representaci\u00f3n en la Asamblea Legislativa Plurinacional, tanto en Diputados como en Senadores\u201d, dijo Pantale\u00f3n, calificando la decisi\u00f3n del gobierno como positiva e importante para garantizar la aprobaci\u00f3n de aquellas leyes que requiere Bolivia para recuperarse y superar un momento dif\u00edcil.<br \/>\nAsimismo, pidi\u00f3 que los encuentros para consolidar acuerdos pol\u00edticos se realicen a la brevedad posible, tomando en cuenta las necesidades de la ciudadan\u00eda en una coyuntura complicada por la crisis econ\u00f3mica generada tras veinte a\u00f1os de un modelo fallido implementado por el Movimiento al Socialismo (MAS).<br \/>\n\u201cTenemos esperanza en que estas acciones sean positivas, el pa\u00eds est\u00e1 esperando respuestas claras del gobierno, lo que se quiere es que este nuevo acuerdo por Bolivia se pueda dar lo antes posible\u201d, a\u00f1adi\u00f3.<br \/>\nEn la misma l\u00ednea, el diputado Diego Bra\u00f1ez, de APB-S\u00famate, resalt\u00f3 que el presidente haya reconsiderado su posici\u00f3n respecto a la coordinaci\u00f3n con organizaciones y l\u00edderes pol\u00edticos, despu\u00e9s de haber anunciado que se buscar\u00eda directamente el respaldo de cada parlamentario para la aprobaci\u00f3n de leyes.<br \/>\n\u201cVemos con buenos ojos que se puedan reunir y que estas acciones puedan llevar a que nosotros podamos tener una Asamblea m\u00e1s fortalecida y un \u00d3rgano Ejecutivo que empiece a accionar\u201d, manifest\u00f3 Bra\u00f1ez, se\u00f1alando que uno de los primeros temas a ser abordados debe ser la ampliaci\u00f3n del estado de excepci\u00f3n vigente.<br \/>\nSobre las caracter\u00edsticas de los pr\u00f3ximos acercamientos entre el Ejecutivo y l\u00edderes pol\u00edticos para lograr acuerdos, el diputado cochabambino pidi\u00f3 no interpretar esta coordinaci\u00f3n como una especie de respaldo a la actual administraci\u00f3n, sino el compromiso de la clase pol\u00edtica para trabajar por Bolivia, evitando que posturas ideol\u00f3gicas radicales retornen al poder.<br \/>\n\u201cLo que se busca no es estar a favor de un gobierno, sino fortalecer la democracia en este pa\u00eds y evitar que algunas l\u00edneas pol\u00edticas recalcitrantes vuelvan a querer gobernar\u201d, explic\u00f3.<br \/>\nEl lunes, el presidente Rodrigo Paz afirm\u00f3 que tomar\u00e1 contacto con jefes pol\u00edticos, entre ellos, Jorge Quiroga de la organizaci\u00f3n Libre, para generar un espacio de di\u00e1logo que garantice la aprobaci\u00f3n en la Asamblea Legislativa Plurinacional de leyes econ\u00f3micas estructurales que permitan superar la crisis, pero tambi\u00e9n las v\u00edas que reformen la Constituci\u00f3n Pol\u00edtica del Estado.<br \/>\n\u201cVoy a tomar contacto, llamarlo al se\u00f1or Quiroga para poder generar ese espacio de reformas para la Constituci\u00f3n. A su vez tambi\u00e9n, entiendo que est\u00e1n con la misma disposici\u00f3n para temas de leyes, y escuch\u00e9 al se\u00f1or Samuel Doria Medina hablar sobre el tema de ley de hidrocarburos y otras leyes\u201d, sostuvo el presidente.<br \/>\nEl primer mandatario asegur\u00f3 que tomar\u00e1 esa iniciativa de contactar a los jefes de los partidos pol\u00edticos de Libre y Unidad porque expresaron su voluntad de sumar esfuerzos para pronto poder contar con una nueva ley de hidrocarburos, as\u00ed como otras normativas que el Gobierno Nacional espera sean tratadas por el Legislativo, como la Ley de Inversiones.<br \/>\nDe igual forma, refiri\u00f3 que urge la aprobaci\u00f3n de la ley que valide un convenio con el Fondo Monetario Internacional (FMI) sobre un cr\u00e9dito de 1.900 millones de d\u00f3lares, pero que abrir\u00e1 en realidad todo un paquete de financiamiento con otros organismos, completando un monto de 4.500 millones de d\u00f3lares, dineros que dar\u00e1n solvencia a las reservas internacionales del pa\u00eds y financiar\u00e1n programas de desarrollo econ\u00f3mico con impacto social.<br \/>\n\u201cLa Ley del Fondo Monetario va a abrirnos un paquete de recursos que son para hospitales, colegios, que son para infraestructuras del pa\u00eds, m\u00e1s dos leyes para protecci\u00f3n social\u201d, detall\u00f3 el presidente en declaraciones a la prensa.<br \/>\nAyer, el expresidente y l\u00edder de Libre, Jorge Quiroga, plante\u00f3 abrir conversaciones con todos los actores pol\u00edticos con representaci\u00f3n parlamentaria, incluido el vicepresidente Edmand Lara, para construir una propuesta de reforma parcial de la Constituci\u00f3n Pol\u00edtica del Estado que permita, entre otros objetivos, modificar el marco econ\u00f3mico y facilitar la llegada de inversi\u00f3n extranjera.<br \/>\nQuiroga asever\u00f3 que las 111 modificaciones constitucionales planteadas anteriormente por Libre no son una propuesta cerrada y que est\u00e1 dispuesto a discutirlas, modificarlas o incorporar nuevos planteamientos con otros sectores.<br \/>\nLa exautoridad se\u00f1al\u00f3 que, para aprobar una reforma parcial se requieren dos tercios de la Asamblea Legislativa y estim\u00f3 que existe una base parlamentaria suficiente para alcanzar los votos necesarios, aunque admiti\u00f3 la necesidad de conversar con otras fuerzas pol\u00edticas.<\/p>\n","protected":false},"excerpt":{"rendered":"<p>Afirmando que es momento de concertar y promover actos enfocados en sacar al pa\u00eds de la crisis a trav\u00e9s de ajustes normativos, legisladores de distintas fuerzas pol\u00edticas destacaron los anuncios del presidente Rodrigo Paz respecto a acercarse a l\u00edderes pol\u00edticos para generar espacios de di\u00e1logo que garanticen la aprobaci\u00f3n de leyes econ\u00f3micas estructurales y reformas [&hellip;]<\/p>\n","protected":false},"author":1,"featured_media":426985,"comment_status":"closed","ping_status":"open","sticky":false,"template":"","format":"standard","meta":{"_acf_changed":false,"footnotes":""},"categories":[14],"tags":[],"class_list":["post-426984","post","type-post","status-publish","format-standard","has-post-thumbnail","category-politica"],"acf":{"antetitulo":"En beneficio del pa\u00eds"},"yoast_head":"<!-- This site is optimized with the Yoast SEO plugin v28.4 - https:\/\/yoast.com\/product\/yoast-seo-wordpress\/ -->\n<title>Destacan apertura del Gobierno para dialogar con l\u00edderes pol\u00edticos - El Diario - Bolivia<\/title>\n<meta name=\"robots\" content=\"index, follow, max-snippet:-1, max-image-preview:large, max-video-preview:-1\" \/>\n<link rel=\"canonical\" href=\"https:\/\/www.eldiario.net\/portal\/2026\/09\/02\/destacan-apertura-del-gobierno-para-dialogar-con-lideres-politicos-2\/\" \/>\n<meta property=\"og:locale\" content=\"es_ES\" \/>\n<meta property=\"og:type\" content=\"article\" \/>\n<meta property=\"og:title\" content=\"Destacan apertura del Gobierno para dialogar con l\u00edderes pol\u00edticos - El Diario - Bolivia\" \/>\n<meta property=\"og:description\" content=\"Afirmando que es momento de concertar y promover actos enfocados en sacar al pa\u00eds de la crisis a trav\u00e9s de ajustes normativos, legisladores de distintas fuerzas pol\u00edticas destacaron los anuncios del presidente Rodrigo Paz respecto a acercarse a l\u00edderes pol\u00edticos para generar espacios de di\u00e1logo que garanticen la aprobaci\u00f3n de leyes econ\u00f3micas estructurales y reformas [&hellip;]\" \/>\n<meta property=\"og:url\" content=\"https:\/\/www.eldiario.net\/portal\/2026\/09\/02\/destacan-apertura-del-gobierno-para-dialogar-con-lideres-politicos-2\/\" \/>\n<meta property=\"og:site_name\" content=\"El Diario - Bolivia\" \/>\n<meta property=\"article:publisher\" content=\"https:\/\/www.facebook.com\/eldiario.bolivia\/\" \/>\n<meta property=\"article:published_time\" content=\"2026-09-02T10:46:59+00:00\" \/>\n<meta property=\"og:image\" content=\"https:\/\/www.eldiario.net\/portal\/wp-content\/uploads\/2026\/09\/40-POL.webp\" \/>\n\t<meta property=\"og:image:width\" content=\"1600\" \/>\n\t<meta property=\"og:image:height\" content=\"1066\" \/>\n\t<meta property=\"og:image:type\" content=\"image\/webp\" \/>\n<meta name=\"author\" content=\"Jeanette\" \/>\n<meta name=\"twitter:card\" content=\"summary_large_image\" \/>\n<meta name=\"twitter:creator\" content=\"@eldiario_net\" \/>\n<meta name=\"twitter:site\" content=\"@eldiario_net\" \/>\n<meta name=\"twitter:label1\" content=\"Escrito por\" \/>\n\t<meta name=\"twitter:data1\" content=\"Jeanette\" \/>\n\t<meta name=\"twitter:label2\" content=\"Tiempo de lectura\" \/>\n\t<meta name=\"twitter:data2\" content=\"4 minutos\" \/>\n<script type=\"application\/ld+json\" class=\"yoast-schema-graph\">{\"@context\":\"https:\\\/\\\/schema.org\",\"@graph\":[{\"@type\":\"Article\",\"@id\":\"https:\\\/\\\/www.eldiario.net\\\/portal\\\/2026\\\/09\\\/02\\\/destacan-apertura-del-gobierno-para-dialogar-con-lideres-politicos-2\\\/#article\",\"isPartOf\":{\"@id\":\"https:\\\/\\\/www.eldiario.net\\\/portal\\\/2026\\\/09\\\/02\\\/destacan-apertura-del-gobierno-para-dialogar-con-lideres-politicos-2\\\/\"},\"author\":{\"name\":\"Jeanette\",\"@id\":\"https:\\\/\\\/www.eldiario.net\\\/portal\\\/#\\\/schema\\\/person\\\/f46445640444750d7d753ccd04ae01b7\"},\"headline\":\"Destacan apertura del Gobierno para dialogar con l\u00edderes pol\u00edticos\",\"datePublished\":\"2026-09-02T10:46:59+00:00\",\"mainEntityOfPage\":{\"@id\":\"https:\\\/\\\/www.eldiario.net\\\/portal\\\/2026\\\/09\\\/02\\\/destacan-apertura-del-gobierno-para-dialogar-con-lideres-politicos-2\\\/\"},\"wordCount\":912,\"publisher\":{\"@id\":\"https:\\\/\\\/www.eldiario.net\\\/portal\\\/#organization\"},\"image\":{\"@id\":\"https:\\\/\\\/www.eldiario.net\\\/portal\\\/2026\\\/09\\\/02\\\/destacan-apertura-del-gobierno-para-dialogar-con-lideres-politicos-2\\\/#primaryimage\"},\"thumbnailUrl\":\"https:\\\/\\\/www.eldiario.net\\\/portal\\\/wp-content\\\/uploads\\\/2026\\\/09\\\/40-POL.webp\",\"articleSection\":[\"Pol\u00edtica\"],\"inLanguage\":\"es\"},{\"@type\":\"WebPage\",\"@id\":\"https:\\\/\\\/www.eldiario.net\\\/portal\\\/2026\\\/09\\\/02\\\/destacan-apertura-del-gobierno-para-dialogar-con-lideres-politicos-2\\\/\",\"url\":\"https:\\\/\\\/www.eldiario.net\\\/portal\\\/2026\\\/09\\\/02\\\/destacan-apertura-del-gobierno-para-dialogar-con-lideres-politicos-2\\\/\",\"name\":\"Destacan apertura del Gobierno para dialogar con l\u00edderes pol\u00edticos - El Diario - Bolivia\",\"isPartOf\":{\"@id\":\"https:\\\/\\\/www.eldiario.net\\\/portal\\\/#website\"},\"primaryImageOfPage\":{\"@id\":\"https:\\\/\\\/www.eldiario.net\\\/portal\\\/2026\\\/09\\\/02\\\/destacan-apertura-del-gobierno-para-dialogar-con-lideres-politicos-2\\\/#primaryimage\"},\"image\":{\"@id\":\"https:\\\/\\\/www.eldiario.net\\\/portal\\\/2026\\\/09\\\/02\\\/destacan-apertura-del-gobierno-para-dialogar-con-lideres-politicos-2\\\/#primaryimage\"},\"thumbnailUrl\":\"https:\\\/\\\/www.eldiario.net\\\/portal\\\/wp-content\\\/uploads\\\/2026\\\/09\\\/40-POL.webp\",\"datePublished\":\"2026-09-02T10:46:59+00:00\",\"breadcrumb\":{\"@id\":\"https:\\\/\\\/www.eldiario.net\\\/portal\\\/2026\\\/09\\\/02\\\/destacan-apertura-del-gobierno-para-dialogar-con-lideres-politicos-2\\\/#breadcrumb\"},\"inLanguage\":\"es\",\"potentialAction\":[{\"@type\":\"ReadAction\",\"target\":[\"https:\\\/\\\/www.eldiario.net\\\/portal\\\/2026\\\/09\\\/02\\\/destacan-apertura-del-gobierno-para-dialogar-con-lideres-politicos-2\\\/\"]}]},{\"@type\":\"ImageObject\",\"inLanguage\":\"es\",\"@id\":\"https:\\\/\\\/www.eldiario.net\\\/portal\\\/2026\\\/09\\\/02\\\/destacan-apertura-del-gobierno-para-dialogar-con-lideres-politicos-2\\\/#primaryimage\",\"url\":\"https:\\\/\\\/www.eldiario.net\\\/portal\\\/wp-content\\\/uploads\\\/2026\\\/09\\\/40-POL.webp\",\"contentUrl\":\"https:\\\/\\\/www.eldiario.net\\\/portal\\\/wp-content\\\/uploads\\\/2026\\\/09\\\/40-POL.webp\",\"width\":1600,\"height\":1066,\"caption\":\"Diputado Ruddy Pantale\u00f3n (PDC)\"},{\"@type\":\"BreadcrumbList\",\"@id\":\"https:\\\/\\\/www.eldiario.net\\\/portal\\\/2026\\\/09\\\/02\\\/destacan-apertura-del-gobierno-para-dialogar-con-lideres-politicos-2\\\/#breadcrumb\",\"itemListElement\":[{\"@type\":\"ListItem\",\"position\":1,\"name\":\"Portada\",\"item\":\"https:\\\/\\\/www.eldiario.net\\\/portal\\\/\"},{\"@type\":\"ListItem\",\"position\":2,\"name\":\"Destacan apertura del Gobierno para dialogar con l\u00edderes pol\u00edticos\"}]},{\"@type\":\"WebSite\",\"@id\":\"https:\\\/\\\/www.eldiario.net\\\/portal\\\/#website\",\"url\":\"https:\\\/\\\/www.eldiario.net\\\/portal\\\/\",\"name\":\"El Diario - Decano de la prensa nacional\",\"description\":\"El Diario - Decano de la prensa nacional\",\"publisher\":{\"@id\":\"https:\\\/\\\/www.eldiario.net\\\/portal\\\/#organization\"},\"potentialAction\":[{\"@type\":\"SearchAction\",\"target\":{\"@type\":\"EntryPoint\",\"urlTemplate\":\"https:\\\/\\\/www.eldiario.net\\\/portal\\\/?s={search_term_string}\"},\"query-input\":{\"@type\":\"PropertyValueSpecification\",\"valueRequired\":true,\"valueName\":\"search_term_string\"}}],\"inLanguage\":\"es\"},{\"@type\":\"Organization\",\"@id\":\"https:\\\/\\\/www.eldiario.net\\\/portal\\\/#organization\",\"name\":\"El Diario - Decano de la prensa nacional\",\"url\":\"https:\\\/\\\/www.eldiario.net\\\/portal\\\/\",\"logo\":{\"@type\":\"ImageObject\",\"inLanguage\":\"es\",\"@id\":\"https:\\\/\\\/www.eldiario.net\\\/portal\\\/#\\\/schema\\\/logo\\\/image\\\/\",\"url\":\"https:\\\/\\\/www.eldiario.net\\\/portal\\\/wp-content\\\/uploads\\\/2023\\\/07\\\/logo_ED.jpg\",\"contentUrl\":\"https:\\\/\\\/www.eldiario.net\\\/portal\\\/wp-content\\\/uploads\\\/2023\\\/07\\\/logo_ED.jpg\",\"width\":272,\"height\":52,\"caption\":\"El Diario - Decano de la prensa nacional\"},\"image\":{\"@id\":\"https:\\\/\\\/www.eldiario.net\\\/portal\\\/#\\\/schema\\\/logo\\\/image\\\/\"},\"sameAs\":[\"https:\\\/\\\/www.facebook.com\\\/eldiario.bolivia\\\/\",\"https:\\\/\\\/x.com\\\/eldiario_net\"]},{\"@type\":\"Person\",\"@id\":\"https:\\\/\\\/www.eldiario.net\\\/portal\\\/#\\\/schema\\\/person\\\/f46445640444750d7d753ccd04ae01b7\",\"name\":\"Jeanette\",\"image\":{\"@type\":\"ImageObject\",\"inLanguage\":\"es\",\"@id\":\"https:\\\/\\\/secure.gravatar.com\\\/avatar\\\/3ea2118a5f7dad2b7138b1187a6b7ee55f160b9968b66013c3a3ef39dd7e5798?s=96&d=mm&r=g\",\"url\":\"https:\\\/\\\/secure.gravatar.com\\\/avatar\\\/3ea2118a5f7dad2b7138b1187a6b7ee55f160b9968b66013c3a3ef39dd7e5798?s=96&d=mm&r=g\",\"contentUrl\":\"https:\\\/\\\/secure.gravatar.com\\\/avatar\\\/3ea2118a5f7dad2b7138b1187a6b7ee55f160b9968b66013c3a3ef39dd7e5798?s=96&d=mm&r=g\",\"caption\":\"Jeanette\"},\"sameAs\":[\"https:\\\/\\\/www.eldiario.net\\\/portal\"],\"url\":\"https:\\\/\\\/www.eldiario.net\\\/portal\\\/author\\\/jeanette\\\/\"}]}<\/script>\n<!-- \/ Yoast SEO plugin. -->","yoast_head_json":{"title":"Destacan apertura del Gobierno para dialogar con l\u00edderes pol\u00edticos - El Diario - Bolivia","robots":{"index":"index","follow":"follow","max-snippet":"max-snippet:-1","max-image-preview":"max-image-preview:large","max-video-preview":"max-video-preview:-1"},"canonical":"https:\/\/www.eldiario.net\/portal\/2026\/09\/02\/destacan-apertura-del-gobierno-para-dialogar-con-lideres-politicos-2\/","og_locale":"es_ES","og_type":"article","og_title":"Destacan apertura del Gobierno para dialogar con l\u00edderes pol\u00edticos - El Diario - Bolivia","og_description":"Afirmando que es momento de concertar y promover actos enfocados en sacar al pa\u00eds de la crisis a trav\u00e9s de ajustes normativos, legisladores de distintas fuerzas pol\u00edticas destacaron los anuncios del presidente Rodrigo Paz respecto a acercarse a l\u00edderes pol\u00edticos para generar espacios de di\u00e1logo que garanticen la aprobaci\u00f3n de leyes econ\u00f3micas estructurales y reformas [&hellip;]","og_url":"https:\/\/www.eldiario.net\/portal\/2026\/09\/02\/destacan-apertura-del-gobierno-para-dialogar-con-lideres-politicos-2\/","og_site_name":"El Diario - Bolivia","article_publisher":"https:\/\/www.facebook.com\/eldiario.bolivia\/","article_published_time":"2026-09-02T10:46:59+00:00","og_image":[{"width":1600,"height":1066,"url":"https:\/\/www.eldiario.net\/portal\/wp-content\/uploads\/2026\/09\/40-POL.webp","type":"image\/webp"}],"author":"Jeanette","twitter_card":"summary_large_image","twitter_creator":"@eldiario_net","twitter_site":"@eldiario_net","twitter_misc":{"Escrito por":"Jeanette","Tiempo de lectura":"4 minutos"},"schema":{"@context":"https:\/\/schema.org","@graph":[{"@type":"Article","@id":"https:\/\/www.eldiario.net\/portal\/2026\/09\/02\/destacan-apertura-del-gobierno-para-dialogar-con-lideres-politicos-2\/#article","isPartOf":{"@id":"https:\/\/www.eldiario.net\/portal\/2026\/09\/02\/destacan-apertura-del-gobierno-para-dialogar-con-lideres-politicos-2\/"},"author":{"name":"Jeanette","@id":"https:\/\/www.eldiario.net\/portal\/#\/schema\/person\/f46445640444750d7d753ccd04ae01b7"},"headline":"Destacan apertura del Gobierno para dialogar con l\u00edderes pol\u00edticos","datePublished":"2026-09-02T10:46:59+00:00","mainEntityOfPage":{"@id":"https:\/\/www.eldiario.net\/portal\/2026\/09\/02\/destacan-apertura-del-gobierno-para-dialogar-con-lideres-politicos-2\/"},"wordCount":912,"publisher":{"@id":"https:\/\/www.eldiario.net\/portal\/#organization"},"image":{"@id":"https:\/\/www.eldiario.net\/portal\/2026\/09\/02\/destacan-apertura-del-gobierno-para-dialogar-con-lideres-politicos-2\/#primaryimage"},"thumbnailUrl":"https:\/\/www.eldiario.net\/portal\/wp-content\/uploads\/2026\/09\/40-POL.webp","articleSection":["Pol\u00edtica"],"inLanguage":"es"},{"@type":"WebPage","@id":"https:\/\/www.eldiario.net\/portal\/2026\/09\/02\/destacan-apertura-del-gobierno-para-dialogar-con-lideres-politicos-2\/","url":"https:\/\/www.eldiario.net\/portal\/2026\/09\/02\/destacan-apertura-del-gobierno-para-dialogar-con-lideres-politicos-2\/","name":"Destacan apertura del Gobierno para dialogar con l\u00edderes pol\u00edticos - El Diario - Bolivia","isPartOf":{"@id":"https:\/\/www.eldiario.net\/portal\/#website"},"primaryImageOfPage":{"@id":"https:\/\/www.eldiario.net\/portal\/2026\/09\/02\/destacan-apertura-del-gobierno-para-dialogar-con-lideres-politicos-2\/#primaryimage"},"image":{"@id":"https:\/\/www.eldiario.net\/portal\/2026\/09\/02\/destacan-apertura-del-gobierno-para-dialogar-con-lideres-politicos-2\/#primaryimage"},"thumbnailUrl":"https:\/\/www.eldiario.net\/portal\/wp-content\/uploads\/2026\/09\/40-POL.webp","datePublished":"2026-09-02T10:46:59+00:00","breadcrumb":{"@id":"https:\/\/www.eldiario.net\/portal\/2026\/09\/02\/destacan-apertura-del-gobierno-para-dialogar-con-lideres-politicos-2\/#breadcrumb"},"inLanguage":"es","potentialAction":[{"@type":"ReadAction","target":["https:\/\/www.eldiario.net\/portal\/2026\/09\/02\/destacan-apertura-del-gobierno-para-dialogar-con-lideres-politicos-2\/"]}]},{"@type":"ImageObject","inLanguage":"es","@id":"https:\/\/www.eldiario.net\/portal\/2026\/09\/02\/destacan-apertura-del-gobierno-para-dialogar-con-lideres-politicos-2\/#primaryimage","url":"https:\/\/www.eldiario.net\/portal\/wp-content\/uploads\/2026\/09\/40-POL.webp","contentUrl":"https:\/\/www.eldiario.net\/portal\/wp-content\/uploads\/2026\/09\/40-POL.webp","width":1600,"height":1066,"caption":"Diputado Ruddy Pantale\u00f3n (PDC)"},{"@type":"BreadcrumbList","@id":"https:\/\/www.eldiario.net\/portal\/2026\/09\/02\/destacan-apertura-del-gobierno-para-dialogar-con-lideres-politicos-2\/#breadcrumb","itemListElement":[{"@type":"ListItem","position":1,"name":"Portada","item":"https:\/\/www.eldiario.net\/portal\/"},{"@type":"ListItem","position":2,"name":"Destacan apertura del Gobierno para dialogar con l\u00edderes pol\u00edticos"}]},{"@type":"WebSite","@id":"https:\/\/www.eldiario.net\/portal\/#website","url":"https:\/\/www.eldiario.net\/portal\/","name":"El Diario - Decano de la prensa nacional","description":"El Diario - Decano de la prensa nacional","publisher":{"@id":"https:\/\/www.eldiario.net\/portal\/#organization"},"potentialAction":[{"@type":"SearchAction","target":{"@type":"EntryPoint","urlTemplate":"https:\/\/www.eldiario.net\/portal\/?s={search_term_string}"},"query-input":{"@type":"PropertyValueSpecification","valueRequired":true,"valueName":"search_term_string"}}],"inLanguage":"es"},{"@type":"Organization","@id":"https:\/\/www.eldiario.net\/portal\/#organization","name":"El Diario - Decano de la prensa nacional","url":"https:\/\/www.eldiario.net\/portal\/","logo":{"@type":"ImageObject","inLanguage":"es","@id":"https:\/\/www.eldiario.net\/portal\/#\/schema\/logo\/image\/","url":"https:\/\/www.eldiario.net\/portal\/wp-content\/uploads\/2023\/07\/logo_ED.jpg","contentUrl":"https:\/\/www.eldiario.net\/portal\/wp-content\/uploads\/2023\/07\/logo_ED.jpg","width":272,"height":52,"caption":"El Diario - Decano de la prensa nacional"},"image":{"@id":"https:\/\/www.eldiario.net\/portal\/#\/schema\/logo\/image\/"},"sameAs":["https:\/\/www.facebook.com\/eldiario.bolivia\/","https:\/\/x.com\/eldiario_net"]},{"@type":"Person","@id":"https:\/\/www.eldiario.net\/portal\/#\/schema\/person\/f46445640444750d7d753ccd04ae01b7","name":"Jeanette","image":{"@type":"ImageObject","inLanguage":"es","@id":"https:\/\/secure.gravatar.com\/avatar\/3ea2118a5f7dad2b7138b1187a6b7ee55f160b9968b66013c3a3ef39dd7e5798?s=96&d=mm&r=g","url":"https:\/\/secure.gravatar.com\/avatar\/3ea2118a5f7dad2b7138b1187a6b7ee55f160b9968b66013c3a3ef39dd7e5798?s=96&d=mm&r=g","contentUrl":"https:\/\/secure.gravatar.com\/avatar\/3ea2118a5f7dad2b7138b1187a6b7ee55f160b9968b66013c3a3ef39dd7e5798?s=96&d=mm&r=g","caption":"Jeanette"},"sameAs":["https:\/\/www.eldiario.net\/portal"],"url":"https:\/\/www.eldiario.net\/portal\/author\/jeanette\/"}]}},"_links":{"self":[{"href":"https:\/\/www.eldiario.net\/portal\/wp-json\/wp\/v2\/posts\/426984","targetHints":{"allow":["GET"]}}],"collection":[{"href":"https:\/\/www.eldiario.net\/portal\/wp-json\/wp\/v2\/posts"}],"about":[{"href":"https:\/\/www.eldiario.net\/portal\/wp-json\/wp\/v2\/types\/post"}],"author":[{"embeddable":true,"href":"https:\/\/www.eldiario.net\/portal\/wp-json\/wp\/v2\/users\/1"}],"replies":[{"embeddable":true,"href":"https:\/\/www.eldiario.net\/portal\/wp-json\/wp\/v2\/comments?post=426984"}],"version-history":[{"count":1,"href":"https:\/\/www.eldiario.net\/portal\/wp-json\/wp\/v2\/posts\/426984\/revisions"}],"predecessor-version":[{"id":426986,"href":"https:\/\/www.eldiario.net\/portal\/wp-json\/wp\/v2\/posts\/426984\/revisions\/426986"}],"wp:featuredmedia":[{"embeddable":true,"href":"https:\/\/www.eldiario.net\/portal\/wp-json\/wp\/v2\/media\/426985"}],"wp:attachment":[{"href":"https:\/\/www.eldiario.net\/portal\/wp-json\/wp\/v2\/media?parent=426984"}],"wp:term":[{"taxonomy":"category","embeddable":true,"href":"https:\/\/www.eldiario.net\/portal\/wp-json\/wp\/v2\/categories?post=426984"},{"taxonomy":"post_tag","embeddable":true,"href":"https:\/\/www.eldiario.net\/portal\/wp-json\/wp\/v2\/tags?post=426984"}],"curies":[{"name":"wp","href":"https:\/\/api.w.org\/{rel}","templated":true}]}}