{"id":426981,"date":"2026-09-02T06:46:19","date_gmt":"2026-09-02T10:46:19","guid":{"rendered":"https:\/\/www.eldiario.net\/portal\/?p=426981"},"modified":"2026-09-02T06:46:19","modified_gmt":"2026-09-02T10:46:19","slug":"afirman-que-lara-no-esta-a-la-altura-de-las-circunstancias","status":"publish","type":"post","link":"https:\/\/www.eldiario.net\/portal\/2026\/09\/02\/afirman-que-lara-no-esta-a-la-altura-de-las-circunstancias\/","title":{"rendered":"Afirman que Lara no est\u00e1 a  la altura de las circunstancias"},"content":{"rendered":"<p>Cuestionando las innecesarias pol\u00e9micas generadas por el vicepresidente del Estado, Edmand Lara, a trav\u00e9s de denuncias, la diputada por el Partido Dem\u00f3crata Cristiano (PDC), Catherine Pinto, afirm\u00f3 que la segunda autoridad del Estado boliviano no est\u00e1 a la altura de las circunstancias y las necesidades del pa\u00eds.<br \/>\nEn conferencia de prensa, Pinto se refiri\u00f3 a los audios hechos p\u00fablicos por Lara, con la finalidad de relacionar a la primera dama en supuestas conversaciones con el asesor Fernando Cerimedo, acci\u00f3n que calific\u00f3 como uno m\u00e1s de los intentos del vicepresidente para desacreditar al gobierno del presidente Rodrigo Paz.<br \/>\n\u201cEl vicepresidente se ha acostumbrado a presentar un mont\u00f3n de denuncias y despu\u00e9s las deja en el limbo. Es lamentable que no est\u00e9 a la altura de las circunstancias y la situaci\u00f3n. Creo que \u00e9l espera que el pa\u00eds arda para tener la oportunidad de ser presidente, tristemente hay gente que se pone de su lado en su intento de hacer da\u00f1o\u201d, expres\u00f3 la asamble\u00edsta pace\u00f1a.<br \/>\nSeg\u00fan la legisladora oficialista, a los constantes e injustificados ataques de Lara hacia el gobierno, debe sumarse su deficiente conducci\u00f3n de la Asamblea Legislativa Plurinacional, como los dos mejores ejemplos para observar la falta de capacidad demostrada por la segunda autoridad del Estado boliviano en casi un a\u00f1o de gesti\u00f3n, esto sin hacer referencia a problemas y esc\u00e1ndalos de car\u00e1cter personal.<br \/>\n\u201cEs muy lamentable que no haya sabido proponer, solamente nos ha tra\u00eddo a interpelaciones absurdas, a la fecha no hay una sola ley que haya avanzado desde su vicepresidencia, a esto hay que agregar que no sabe dirigir las sesiones de la Asamblea\u201d, a\u00f1adi\u00f3 Pinto.<br \/>\nEl lunes, el vicepresidente Edmand Lara present\u00f3 un supuesto audio de una conversaci\u00f3n que atribuy\u00f3 a Mar\u00eda Elena Urquidi, esposa del presidente Rodrigo Paz, y Fernando Cerimedo. Seg\u00fan la autoridad, la grabaci\u00f3n revelar\u00eda la influencia del asesor argentino en decisiones del Gobierno, por lo que adem\u00e1s advirti\u00f3 la presentaci\u00f3n de una denuncia.<br \/>\nLara anunci\u00f3 que entregar\u00e1 la grabaci\u00f3n al Ministerio P\u00fablico para que se realice una pericia y se determine si las voces corresponden a Urquidi y Cerimedo. Tambi\u00e9n afirm\u00f3 que el material sugiere que la salida de Sokol estar\u00eda relacionada con una investigaci\u00f3n que involucraba a Miguel Rockholt Monta\u00f1o, identificado en el audio como \u201cMiguelito\u201d.<br \/>\nTras el anuncio del vicepresidente, la operadora pol\u00edtica Nadia Beller puso en duda la autenticidad de la grabaci\u00f3n y asever\u00f3 que ninguna de las voces corresponde a Cerimedo o Urquidi.<br \/>\nBeller aclar\u00f3 que no es perito y que corresponde a una investigaci\u00f3n especializada establecer la autenticidad del audio, pero advirti\u00f3 que podr\u00eda tratarse de una \u201ctrampa\u201d para desacreditar futuras grabaciones aut\u00e9nticas.<\/p>\n","protected":false},"excerpt":{"rendered":"<p>Cuestionando las innecesarias pol\u00e9micas generadas por el vicepresidente del Estado, Edmand Lara, a trav\u00e9s de denuncias, la diputada por el Partido Dem\u00f3crata Cristiano (PDC), Catherine Pinto, afirm\u00f3 que la segunda autoridad del Estado boliviano no est\u00e1 a la altura de las circunstancias y las necesidades del pa\u00eds. En conferencia de prensa, Pinto se refiri\u00f3 a [&hellip;]<\/p>\n","protected":false},"author":1,"featured_media":426982,"comment_status":"closed","ping_status":"open","sticky":false,"template":"","format":"standard","meta":{"_acf_changed":false,"footnotes":""},"categories":[14],"tags":[],"class_list":["post-426981","post","type-post","status-publish","format-standard","has-post-thumbnail","category-politica"],"acf":{"antetitulo":"Ni de las necesidades"},"yoast_head":"<!-- This site is optimized with the Yoast SEO plugin v28.4 - https:\/\/yoast.com\/product\/yoast-seo-wordpress\/ -->\n<title>Afirman que Lara no est\u00e1 a la altura de las circunstancias - El Diario - Bolivia<\/title>\n<meta name=\"robots\" content=\"index, follow, max-snippet:-1, max-image-preview:large, max-video-preview:-1\" \/>\n<link rel=\"canonical\" href=\"https:\/\/www.eldiario.net\/portal\/2026\/09\/02\/afirman-que-lara-no-esta-a-la-altura-de-las-circunstancias\/\" \/>\n<meta property=\"og:locale\" content=\"es_ES\" \/>\n<meta property=\"og:type\" content=\"article\" \/>\n<meta property=\"og:title\" content=\"Afirman que Lara no est\u00e1 a la altura de las circunstancias - El Diario - Bolivia\" \/>\n<meta property=\"og:description\" content=\"Cuestionando las innecesarias pol\u00e9micas generadas por el vicepresidente del Estado, Edmand Lara, a trav\u00e9s de denuncias, la diputada por el Partido Dem\u00f3crata Cristiano (PDC), Catherine Pinto, afirm\u00f3 que la segunda autoridad del Estado boliviano no est\u00e1 a la altura de las circunstancias y las necesidades del pa\u00eds. En conferencia de prensa, Pinto se refiri\u00f3 a [&hellip;]\" \/>\n<meta property=\"og:url\" content=\"https:\/\/www.eldiario.net\/portal\/2026\/09\/02\/afirman-que-lara-no-esta-a-la-altura-de-las-circunstancias\/\" \/>\n<meta property=\"og:site_name\" content=\"El Diario - Bolivia\" \/>\n<meta property=\"article:publisher\" content=\"https:\/\/www.facebook.com\/eldiario.bolivia\/\" \/>\n<meta property=\"article:published_time\" content=\"2026-09-02T10:46:19+00:00\" \/>\n<meta property=\"og:image\" content=\"https:\/\/www.eldiario.net\/portal\/wp-content\/uploads\/2026\/09\/41-POL.webp\" \/>\n\t<meta property=\"og:image:width\" content=\"1600\" \/>\n\t<meta property=\"og:image:height\" content=\"1066\" \/>\n\t<meta property=\"og:image:type\" content=\"image\/webp\" \/>\n<meta name=\"author\" content=\"Jeanette\" \/>\n<meta name=\"twitter:card\" content=\"summary_large_image\" \/>\n<meta name=\"twitter:creator\" content=\"@eldiario_net\" \/>\n<meta name=\"twitter:site\" content=\"@eldiario_net\" \/>\n<meta name=\"twitter:label1\" content=\"Escrito por\" \/>\n\t<meta name=\"twitter:data1\" content=\"Jeanette\" \/>\n\t<meta name=\"twitter:label2\" content=\"Tiempo de lectura\" \/>\n\t<meta name=\"twitter:data2\" content=\"3 minutos\" \/>\n<script type=\"application\/ld+json\" class=\"yoast-schema-graph\">{\"@context\":\"https:\\\/\\\/schema.org\",\"@graph\":[{\"@type\":\"Article\",\"@id\":\"https:\\\/\\\/www.eldiario.net\\\/portal\\\/2026\\\/09\\\/02\\\/afirman-que-lara-no-esta-a-la-altura-de-las-circunstancias\\\/#article\",\"isPartOf\":{\"@id\":\"https:\\\/\\\/www.eldiario.net\\\/portal\\\/2026\\\/09\\\/02\\\/afirman-que-lara-no-esta-a-la-altura-de-las-circunstancias\\\/\"},\"author\":{\"name\":\"Jeanette\",\"@id\":\"https:\\\/\\\/www.eldiario.net\\\/portal\\\/#\\\/schema\\\/person\\\/f46445640444750d7d753ccd04ae01b7\"},\"headline\":\"Afirman que Lara no est\u00e1 a la altura de las circunstancias\",\"datePublished\":\"2026-09-02T10:46:19+00:00\",\"mainEntityOfPage\":{\"@id\":\"https:\\\/\\\/www.eldiario.net\\\/portal\\\/2026\\\/09\\\/02\\\/afirman-que-lara-no-esta-a-la-altura-de-las-circunstancias\\\/\"},\"wordCount\":487,\"publisher\":{\"@id\":\"https:\\\/\\\/www.eldiario.net\\\/portal\\\/#organization\"},\"image\":{\"@id\":\"https:\\\/\\\/www.eldiario.net\\\/portal\\\/2026\\\/09\\\/02\\\/afirman-que-lara-no-esta-a-la-altura-de-las-circunstancias\\\/#primaryimage\"},\"thumbnailUrl\":\"https:\\\/\\\/www.eldiario.net\\\/portal\\\/wp-content\\\/uploads\\\/2026\\\/09\\\/41-POL.webp\",\"articleSection\":[\"Pol\u00edtica\"],\"inLanguage\":\"es\"},{\"@type\":\"WebPage\",\"@id\":\"https:\\\/\\\/www.eldiario.net\\\/portal\\\/2026\\\/09\\\/02\\\/afirman-que-lara-no-esta-a-la-altura-de-las-circunstancias\\\/\",\"url\":\"https:\\\/\\\/www.eldiario.net\\\/portal\\\/2026\\\/09\\\/02\\\/afirman-que-lara-no-esta-a-la-altura-de-las-circunstancias\\\/\",\"name\":\"Afirman que Lara no est\u00e1 a la altura de las circunstancias - El Diario - Bolivia\",\"isPartOf\":{\"@id\":\"https:\\\/\\\/www.eldiario.net\\\/portal\\\/#website\"},\"primaryImageOfPage\":{\"@id\":\"https:\\\/\\\/www.eldiario.net\\\/portal\\\/2026\\\/09\\\/02\\\/afirman-que-lara-no-esta-a-la-altura-de-las-circunstancias\\\/#primaryimage\"},\"image\":{\"@id\":\"https:\\\/\\\/www.eldiario.net\\\/portal\\\/2026\\\/09\\\/02\\\/afirman-que-lara-no-esta-a-la-altura-de-las-circunstancias\\\/#primaryimage\"},\"thumbnailUrl\":\"https:\\\/\\\/www.eldiario.net\\\/portal\\\/wp-content\\\/uploads\\\/2026\\\/09\\\/41-POL.webp\",\"datePublished\":\"2026-09-02T10:46:19+00:00\",\"breadcrumb\":{\"@id\":\"https:\\\/\\\/www.eldiario.net\\\/portal\\\/2026\\\/09\\\/02\\\/afirman-que-lara-no-esta-a-la-altura-de-las-circunstancias\\\/#breadcrumb\"},\"inLanguage\":\"es\",\"potentialAction\":[{\"@type\":\"ReadAction\",\"target\":[\"https:\\\/\\\/www.eldiario.net\\\/portal\\\/2026\\\/09\\\/02\\\/afirman-que-lara-no-esta-a-la-altura-de-las-circunstancias\\\/\"]}]},{\"@type\":\"ImageObject\",\"inLanguage\":\"es\",\"@id\":\"https:\\\/\\\/www.eldiario.net\\\/portal\\\/2026\\\/09\\\/02\\\/afirman-que-lara-no-esta-a-la-altura-de-las-circunstancias\\\/#primaryimage\",\"url\":\"https:\\\/\\\/www.eldiario.net\\\/portal\\\/wp-content\\\/uploads\\\/2026\\\/09\\\/41-POL.webp\",\"contentUrl\":\"https:\\\/\\\/www.eldiario.net\\\/portal\\\/wp-content\\\/uploads\\\/2026\\\/09\\\/41-POL.webp\",\"width\":1600,\"height\":1066,\"caption\":\"Diputada Catherine Pinto (PDC)\"},{\"@type\":\"BreadcrumbList\",\"@id\":\"https:\\\/\\\/www.eldiario.net\\\/portal\\\/2026\\\/09\\\/02\\\/afirman-que-lara-no-esta-a-la-altura-de-las-circunstancias\\\/#breadcrumb\",\"itemListElement\":[{\"@type\":\"ListItem\",\"position\":1,\"name\":\"Portada\",\"item\":\"https:\\\/\\\/www.eldiario.net\\\/portal\\\/\"},{\"@type\":\"ListItem\",\"position\":2,\"name\":\"Afirman que Lara no est\u00e1 a la altura de las circunstancias\"}]},{\"@type\":\"WebSite\",\"@id\":\"https:\\\/\\\/www.eldiario.net\\\/portal\\\/#website\",\"url\":\"https:\\\/\\\/www.eldiario.net\\\/portal\\\/\",\"name\":\"El Diario - Decano de la prensa nacional\",\"description\":\"El Diario - Decano de la prensa nacional\",\"publisher\":{\"@id\":\"https:\\\/\\\/www.eldiario.net\\\/portal\\\/#organization\"},\"potentialAction\":[{\"@type\":\"SearchAction\",\"target\":{\"@type\":\"EntryPoint\",\"urlTemplate\":\"https:\\\/\\\/www.eldiario.net\\\/portal\\\/?s={search_term_string}\"},\"query-input\":{\"@type\":\"PropertyValueSpecification\",\"valueRequired\":true,\"valueName\":\"search_term_string\"}}],\"inLanguage\":\"es\"},{\"@type\":\"Organization\",\"@id\":\"https:\\\/\\\/www.eldiario.net\\\/portal\\\/#organization\",\"name\":\"El Diario - Decano de la prensa nacional\",\"url\":\"https:\\\/\\\/www.eldiario.net\\\/portal\\\/\",\"logo\":{\"@type\":\"ImageObject\",\"inLanguage\":\"es\",\"@id\":\"https:\\\/\\\/www.eldiario.net\\\/portal\\\/#\\\/schema\\\/logo\\\/image\\\/\",\"url\":\"https:\\\/\\\/www.eldiario.net\\\/portal\\\/wp-content\\\/uploads\\\/2023\\\/07\\\/logo_ED.jpg\",\"contentUrl\":\"https:\\\/\\\/www.eldiario.net\\\/portal\\\/wp-content\\\/uploads\\\/2023\\\/07\\\/logo_ED.jpg\",\"width\":272,\"height\":52,\"caption\":\"El Diario - Decano de la prensa nacional\"},\"image\":{\"@id\":\"https:\\\/\\\/www.eldiario.net\\\/portal\\\/#\\\/schema\\\/logo\\\/image\\\/\"},\"sameAs\":[\"https:\\\/\\\/www.facebook.com\\\/eldiario.bolivia\\\/\",\"https:\\\/\\\/x.com\\\/eldiario_net\"]},{\"@type\":\"Person\",\"@id\":\"https:\\\/\\\/www.eldiario.net\\\/portal\\\/#\\\/schema\\\/person\\\/f46445640444750d7d753ccd04ae01b7\",\"name\":\"Jeanette\",\"image\":{\"@type\":\"ImageObject\",\"inLanguage\":\"es\",\"@id\":\"https:\\\/\\\/secure.gravatar.com\\\/avatar\\\/3ea2118a5f7dad2b7138b1187a6b7ee55f160b9968b66013c3a3ef39dd7e5798?s=96&d=mm&r=g\",\"url\":\"https:\\\/\\\/secure.gravatar.com\\\/avatar\\\/3ea2118a5f7dad2b7138b1187a6b7ee55f160b9968b66013c3a3ef39dd7e5798?s=96&d=mm&r=g\",\"contentUrl\":\"https:\\\/\\\/secure.gravatar.com\\\/avatar\\\/3ea2118a5f7dad2b7138b1187a6b7ee55f160b9968b66013c3a3ef39dd7e5798?s=96&d=mm&r=g\",\"caption\":\"Jeanette\"},\"sameAs\":[\"https:\\\/\\\/www.eldiario.net\\\/portal\"],\"url\":\"https:\\\/\\\/www.eldiario.net\\\/portal\\\/author\\\/jeanette\\\/\"}]}<\/script>\n<!-- \/ Yoast SEO plugin. -->","yoast_head_json":{"title":"Afirman que Lara no est\u00e1 a la altura de las circunstancias - El Diario - Bolivia","robots":{"index":"index","follow":"follow","max-snippet":"max-snippet:-1","max-image-preview":"max-image-preview:large","max-video-preview":"max-video-preview:-1"},"canonical":"https:\/\/www.eldiario.net\/portal\/2026\/09\/02\/afirman-que-lara-no-esta-a-la-altura-de-las-circunstancias\/","og_locale":"es_ES","og_type":"article","og_title":"Afirman que Lara no est\u00e1 a la altura de las circunstancias - El Diario - Bolivia","og_description":"Cuestionando las innecesarias pol\u00e9micas generadas por el vicepresidente del Estado, Edmand Lara, a trav\u00e9s de denuncias, la diputada por el Partido Dem\u00f3crata Cristiano (PDC), Catherine Pinto, afirm\u00f3 que la segunda autoridad del Estado boliviano no est\u00e1 a la altura de las circunstancias y las necesidades del pa\u00eds. En conferencia de prensa, Pinto se refiri\u00f3 a [&hellip;]","og_url":"https:\/\/www.eldiario.net\/portal\/2026\/09\/02\/afirman-que-lara-no-esta-a-la-altura-de-las-circunstancias\/","og_site_name":"El Diario - Bolivia","article_publisher":"https:\/\/www.facebook.com\/eldiario.bolivia\/","article_published_time":"2026-09-02T10:46:19+00:00","og_image":[{"width":1600,"height":1066,"url":"https:\/\/www.eldiario.net\/portal\/wp-content\/uploads\/2026\/09\/41-POL.webp","type":"image\/webp"}],"author":"Jeanette","twitter_card":"summary_large_image","twitter_creator":"@eldiario_net","twitter_site":"@eldiario_net","twitter_misc":{"Escrito por":"Jeanette","Tiempo de lectura":"3 minutos"},"schema":{"@context":"https:\/\/schema.org","@graph":[{"@type":"Article","@id":"https:\/\/www.eldiario.net\/portal\/2026\/09\/02\/afirman-que-lara-no-esta-a-la-altura-de-las-circunstancias\/#article","isPartOf":{"@id":"https:\/\/www.eldiario.net\/portal\/2026\/09\/02\/afirman-que-lara-no-esta-a-la-altura-de-las-circunstancias\/"},"author":{"name":"Jeanette","@id":"https:\/\/www.eldiario.net\/portal\/#\/schema\/person\/f46445640444750d7d753ccd04ae01b7"},"headline":"Afirman que Lara no est\u00e1 a la altura de las circunstancias","datePublished":"2026-09-02T10:46:19+00:00","mainEntityOfPage":{"@id":"https:\/\/www.eldiario.net\/portal\/2026\/09\/02\/afirman-que-lara-no-esta-a-la-altura-de-las-circunstancias\/"},"wordCount":487,"publisher":{"@id":"https:\/\/www.eldiario.net\/portal\/#organization"},"image":{"@id":"https:\/\/www.eldiario.net\/portal\/2026\/09\/02\/afirman-que-lara-no-esta-a-la-altura-de-las-circunstancias\/#primaryimage"},"thumbnailUrl":"https:\/\/www.eldiario.net\/portal\/wp-content\/uploads\/2026\/09\/41-POL.webp","articleSection":["Pol\u00edtica"],"inLanguage":"es"},{"@type":"WebPage","@id":"https:\/\/www.eldiario.net\/portal\/2026\/09\/02\/afirman-que-lara-no-esta-a-la-altura-de-las-circunstancias\/","url":"https:\/\/www.eldiario.net\/portal\/2026\/09\/02\/afirman-que-lara-no-esta-a-la-altura-de-las-circunstancias\/","name":"Afirman que Lara no est\u00e1 a la altura de las circunstancias - El Diario - Bolivia","isPartOf":{"@id":"https:\/\/www.eldiario.net\/portal\/#website"},"primaryImageOfPage":{"@id":"https:\/\/www.eldiario.net\/portal\/2026\/09\/02\/afirman-que-lara-no-esta-a-la-altura-de-las-circunstancias\/#primaryimage"},"image":{"@id":"https:\/\/www.eldiario.net\/portal\/2026\/09\/02\/afirman-que-lara-no-esta-a-la-altura-de-las-circunstancias\/#primaryimage"},"thumbnailUrl":"https:\/\/www.eldiario.net\/portal\/wp-content\/uploads\/2026\/09\/41-POL.webp","datePublished":"2026-09-02T10:46:19+00:00","breadcrumb":{"@id":"https:\/\/www.eldiario.net\/portal\/2026\/09\/02\/afirman-que-lara-no-esta-a-la-altura-de-las-circunstancias\/#breadcrumb"},"inLanguage":"es","potentialAction":[{"@type":"ReadAction","target":["https:\/\/www.eldiario.net\/portal\/2026\/09\/02\/afirman-que-lara-no-esta-a-la-altura-de-las-circunstancias\/"]}]},{"@type":"ImageObject","inLanguage":"es","@id":"https:\/\/www.eldiario.net\/portal\/2026\/09\/02\/afirman-que-lara-no-esta-a-la-altura-de-las-circunstancias\/#primaryimage","url":"https:\/\/www.eldiario.net\/portal\/wp-content\/uploads\/2026\/09\/41-POL.webp","contentUrl":"https:\/\/www.eldiario.net\/portal\/wp-content\/uploads\/2026\/09\/41-POL.webp","width":1600,"height":1066,"caption":"Diputada Catherine Pinto (PDC)"},{"@type":"BreadcrumbList","@id":"https:\/\/www.eldiario.net\/portal\/2026\/09\/02\/afirman-que-lara-no-esta-a-la-altura-de-las-circunstancias\/#breadcrumb","itemListElement":[{"@type":"ListItem","position":1,"name":"Portada","item":"https:\/\/www.eldiario.net\/portal\/"},{"@type":"ListItem","position":2,"name":"Afirman que Lara no est\u00e1 a la altura de las circunstancias"}]},{"@type":"WebSite","@id":"https:\/\/www.eldiario.net\/portal\/#website","url":"https:\/\/www.eldiario.net\/portal\/","name":"El Diario - Decano de la prensa nacional","description":"El Diario - Decano de la prensa nacional","publisher":{"@id":"https:\/\/www.eldiario.net\/portal\/#organization"},"potentialAction":[{"@type":"SearchAction","target":{"@type":"EntryPoint","urlTemplate":"https:\/\/www.eldiario.net\/portal\/?s={search_term_string}"},"query-input":{"@type":"PropertyValueSpecification","valueRequired":true,"valueName":"search_term_string"}}],"inLanguage":"es"},{"@type":"Organization","@id":"https:\/\/www.eldiario.net\/portal\/#organization","name":"El Diario - Decano de la prensa nacional","url":"https:\/\/www.eldiario.net\/portal\/","logo":{"@type":"ImageObject","inLanguage":"es","@id":"https:\/\/www.eldiario.net\/portal\/#\/schema\/logo\/image\/","url":"https:\/\/www.eldiario.net\/portal\/wp-content\/uploads\/2023\/07\/logo_ED.jpg","contentUrl":"https:\/\/www.eldiario.net\/portal\/wp-content\/uploads\/2023\/07\/logo_ED.jpg","width":272,"height":52,"caption":"El Diario - Decano de la prensa nacional"},"image":{"@id":"https:\/\/www.eldiario.net\/portal\/#\/schema\/logo\/image\/"},"sameAs":["https:\/\/www.facebook.com\/eldiario.bolivia\/","https:\/\/x.com\/eldiario_net"]},{"@type":"Person","@id":"https:\/\/www.eldiario.net\/portal\/#\/schema\/person\/f46445640444750d7d753ccd04ae01b7","name":"Jeanette","image":{"@type":"ImageObject","inLanguage":"es","@id":"https:\/\/secure.gravatar.com\/avatar\/3ea2118a5f7dad2b7138b1187a6b7ee55f160b9968b66013c3a3ef39dd7e5798?s=96&d=mm&r=g","url":"https:\/\/secure.gravatar.com\/avatar\/3ea2118a5f7dad2b7138b1187a6b7ee55f160b9968b66013c3a3ef39dd7e5798?s=96&d=mm&r=g","contentUrl":"https:\/\/secure.gravatar.com\/avatar\/3ea2118a5f7dad2b7138b1187a6b7ee55f160b9968b66013c3a3ef39dd7e5798?s=96&d=mm&r=g","caption":"Jeanette"},"sameAs":["https:\/\/www.eldiario.net\/portal"],"url":"https:\/\/www.eldiario.net\/portal\/author\/jeanette\/"}]}},"_links":{"self":[{"href":"https:\/\/www.eldiario.net\/portal\/wp-json\/wp\/v2\/posts\/426981","targetHints":{"allow":["GET"]}}],"collection":[{"href":"https:\/\/www.eldiario.net\/portal\/wp-json\/wp\/v2\/posts"}],"about":[{"href":"https:\/\/www.eldiario.net\/portal\/wp-json\/wp\/v2\/types\/post"}],"author":[{"embeddable":true,"href":"https:\/\/www.eldiario.net\/portal\/wp-json\/wp\/v2\/users\/1"}],"replies":[{"embeddable":true,"href":"https:\/\/www.eldiario.net\/portal\/wp-json\/wp\/v2\/comments?post=426981"}],"version-history":[{"count":1,"href":"https:\/\/www.eldiario.net\/portal\/wp-json\/wp\/v2\/posts\/426981\/revisions"}],"predecessor-version":[{"id":426983,"href":"https:\/\/www.eldiario.net\/portal\/wp-json\/wp\/v2\/posts\/426981\/revisions\/426983"}],"wp:featuredmedia":[{"embeddable":true,"href":"https:\/\/www.eldiario.net\/portal\/wp-json\/wp\/v2\/media\/426982"}],"wp:attachment":[{"href":"https:\/\/www.eldiario.net\/portal\/wp-json\/wp\/v2\/media?parent=426981"}],"wp:term":[{"taxonomy":"category","embeddable":true,"href":"https:\/\/www.eldiario.net\/portal\/wp-json\/wp\/v2\/categories?post=426981"},{"taxonomy":"post_tag","embeddable":true,"href":"https:\/\/www.eldiario.net\/portal\/wp-json\/wp\/v2\/tags?post=426981"}],"curies":[{"name":"wp","href":"https:\/\/api.w.org\/{rel}","templated":true}]}}